{"id":172419,"date":"2011-11-30T11:44:00","date_gmt":"2011-11-30T11:44:00","guid":{"rendered":"https:\/\/www.webdo.tn\/fr\/blog\/le-doyen-de-la-faculte-de-manouba-agresse-suite-a-un-communique\/172419\/"},"modified":"2011-11-30T11:44:00","modified_gmt":"2011-11-30T11:44:00","slug":"le-doyen-de-la-faculte-de-manouba-agresse-suite-a-un-communique","status":"publish","type":"post","link":"https:\/\/www.webdo.tn\/fr\/actualite\/national\/le-doyen-de-la-faculte-de-manouba-agresse-suite-a-un-communique\/172419\/","title":{"rendered":"Le Doyen de la Facult\u00e9 de Manouba agress\u00e9 suite \u00e0 un communiqu\u00e9 !"},"content":{"rendered":"<p>Alors qu&rsquo;il expliquait aux \u00e9tudiants le contenu du communiqu\u00e9 publi\u00e9 par le conseil scientifique de la Facult\u00e9 de Manouba, le doyen Habib Kozdoghli aurait \u00e9t\u00e9, d\u2019apr\u00e8s lui, pouss\u00e9 et jet\u00e9 \u00e0 terre par plusieurs participants du sit-in, qui dure depuis lundi. De leur c\u00f4t\u00e9, les agresseurs ont affirm\u00e9 que le Doyen serait tomb\u00e9 tout seul. <\/p>\n<p>Ce communiqu\u00e9 intervenait apr\u00e8s les revendications du port du niqab et de l\u2019am\u00e9nagement d\u2019une salle de pri\u00e8re au sein de la facult\u00e9, pr\u00e9cisant que le voile int\u00e9grale \u00e9tait interdit, mais que la demande d\u2019un espace de recueillement religieux \u00e9tait l\u00e9gitime.<\/p>\n<p>Intervenant sur Mosa\u00efque FM, M. Kozdoghli a, par ailleurs, d\u00e9clar\u00e9 que le minist\u00e8re de l&rsquo;Enseignement Sup\u00e9rieur et la pr\u00e9sidence de la facult\u00e9 ont \u00e9t\u00e9 inform\u00e9s, par ses soins, de l&rsquo;\u00e9tat actuel de la situation. Il a sollicit\u00e9 la Garde nationale protection, et ce, pour parer \u00e0 toute \u00e9ventualit\u00e9 de d\u00e9bordements futurs, mais lui a demand\u00e9 de ne pas intervenir au sein de la facult\u00e9.<\/p>\n","protected":false},"excerpt":{"rendered":"<p>Le Doyen de la Facult\u00e9 de Manouba agress\u00e9 suite \u00e0 un communiqu\u00e9 !<\/p>\n","protected":false},"author":3222,"featured_media":333904,"comment_status":"open","ping_status":"closed","sticky":false,"template":"","format":"standard","meta":{"footnotes":""},"categories":[44],"tags":[2600],"class_list":["post-172419","post","type-post","status-publish","format-standard","has-post-thumbnail","hentry","category-national","tag-guerre"],"yoast_head":"<!-- This site is optimized with the Yoast SEO Premium plugin v27.5 (Yoast SEO v27.5) - https:\/\/yoast.com\/product\/yoast-seo-premium-wordpress\/ -->\n<title>Le Doyen de la Facult\u00e9 de Manouba agress\u00e9 suite \u00e0 un communiqu\u00e9 !<\/title>\n<meta name=\"description\" content=\"Le Doyen de la Facult\u00e9 de Manouba agress\u00e9 suite \u00e0 un communiqu\u00e9 !\" \/>\n<link rel=\"canonical\" href=\"https:\/\/www.webdo.tn\/fr\/actualite\/national-45\/le-doyen-de-la-faculte-de-manouba-agresse-suite-a-un-communique\/172419\/\" \/>\n<meta property=\"og:locale\" content=\"fr_FR\" \/>\n<meta property=\"og:type\" content=\"article\" \/>\n<meta property=\"og:title\" content=\"Le Doyen de la Facult\u00e9 de Manouba agress\u00e9 suite \u00e0 un communiqu\u00e9 !\" \/>\n<meta property=\"og:description\" content=\"Le Doyen de la Facult\u00e9 de Manouba agress\u00e9 suite \u00e0 un communiqu\u00e9 !\" \/>\n<meta property=\"og:url\" content=\"https:\/\/www.webdo.tn\/fr\/actualite\/national-45\/le-doyen-de-la-faculte-de-manouba-agresse-suite-a-un-communique\/172419\/\" \/>\n<meta property=\"og:site_name\" content=\"webdo\" \/>\n<meta property=\"article:publisher\" content=\"https:\/\/www.facebook.com\/webdotn\" \/>\n<meta property=\"article:published_time\" content=\"2011-11-30T11:44:00+00:00\" \/>\n<meta property=\"og:image\" content=\"https:\/\/www.webdo.tn\/fr\/wp-content\/uploads\/2011\/11\/Habib-Kazdaghli-photo-amit4u.net_.jpg\" \/>\n\t<meta property=\"og:image:width\" content=\"195\" \/>\n\t<meta property=\"og:image:height\" content=\"274\" \/>\n\t<meta property=\"og:image:type\" content=\"image\/jpeg\" \/>\n<meta name=\"author\" content=\"webdo.tn\" \/>\n<meta name=\"twitter:card\" content=\"summary_large_image\" \/>\n<meta name=\"twitter:creator\" content=\"@webdo_tn\" \/>\n<meta name=\"twitter:site\" content=\"@webdo_tn\" \/>\n<meta name=\"twitter:label1\" content=\"\u00c9crit par\" \/>\n\t<meta name=\"twitter:data1\" content=\"webdo.tn\" \/>\n\t<meta name=\"twitter:label2\" content=\"Dur\u00e9e de lecture estim\u00e9e\" \/>\n\t<meta name=\"twitter:data2\" content=\"1 minute\" \/>\n<script type=\"application\/ld+json\" class=\"yoast-schema-graph\">{\"@context\":\"https:\\\/\\\/schema.org\",\"@graph\":[{\"@type\":\"NewsArticle\",\"@id\":\"https:\\\/\\\/www.webdo.tn\\\/fr\\\/actualite\\\/national-45\\\/le-doyen-de-la-faculte-de-manouba-agresse-suite-a-un-communique\\\/172419\\\/#article\",\"isPartOf\":{\"@id\":\"https:\\\/\\\/www.webdo.tn\\\/fr\\\/actualite\\\/national-45\\\/le-doyen-de-la-faculte-de-manouba-agresse-suite-a-un-communique\\\/172419\\\/\"},\"author\":{\"name\":\"webdo.tn\",\"@id\":\"https:\\\/\\\/www.webdo.tn\\\/fr\\\/#\\\/schema\\\/person\\\/9a9c6118d687c117df8ef3cc36a4d175\"},\"headline\":\"Le Doyen de la Facult\u00e9 de Manouba agress\u00e9 suite \u00e0 un communiqu\u00e9 !\",\"datePublished\":\"2011-11-30T11:44:00+00:00\",\"mainEntityOfPage\":{\"@id\":\"https:\\\/\\\/www.webdo.tn\\\/fr\\\/actualite\\\/national-45\\\/le-doyen-de-la-faculte-de-manouba-agresse-suite-a-un-communique\\\/172419\\\/\"},\"wordCount\":190,\"commentCount\":0,\"publisher\":{\"@id\":\"https:\\\/\\\/www.webdo.tn\\\/fr\\\/#organization\"},\"image\":{\"@id\":\"https:\\\/\\\/www.webdo.tn\\\/fr\\\/actualite\\\/national-45\\\/le-doyen-de-la-faculte-de-manouba-agresse-suite-a-un-communique\\\/172419\\\/#primaryimage\"},\"thumbnailUrl\":\"https:\\\/\\\/www.webdo.tn\\\/fr\\\/wp-content\\\/uploads\\\/2011\\\/11\\\/Habib-Kazdaghli-photo-amit4u.net_.jpg\",\"keywords\":[\"guerre\"],\"articleSection\":[\"National\"],\"inLanguage\":\"fr-FR\"},{\"@type\":\"WebPage\",\"@id\":\"https:\\\/\\\/www.webdo.tn\\\/fr\\\/actualite\\\/national-45\\\/le-doyen-de-la-faculte-de-manouba-agresse-suite-a-un-communique\\\/172419\\\/\",\"url\":\"https:\\\/\\\/www.webdo.tn\\\/fr\\\/actualite\\\/national-45\\\/le-doyen-de-la-faculte-de-manouba-agresse-suite-a-un-communique\\\/172419\\\/\",\"name\":\"Le Doyen de la Facult\u00e9 de Manouba agress\u00e9 suite \u00e0 un communiqu\u00e9 !\",\"isPartOf\":{\"@id\":\"https:\\\/\\\/www.webdo.tn\\\/fr\\\/#website\"},\"primaryImageOfPage\":{\"@id\":\"https:\\\/\\\/www.webdo.tn\\\/fr\\\/actualite\\\/national-45\\\/le-doyen-de-la-faculte-de-manouba-agresse-suite-a-un-communique\\\/172419\\\/#primaryimage\"},\"image\":{\"@id\":\"https:\\\/\\\/www.webdo.tn\\\/fr\\\/actualite\\\/national-45\\\/le-doyen-de-la-faculte-de-manouba-agresse-suite-a-un-communique\\\/172419\\\/#primaryimage\"},\"thumbnailUrl\":\"https:\\\/\\\/www.webdo.tn\\\/fr\\\/wp-content\\\/uploads\\\/2011\\\/11\\\/Habib-Kazdaghli-photo-amit4u.net_.jpg\",\"datePublished\":\"2011-11-30T11:44:00+00:00\",\"description\":\"Le Doyen de la Facult\u00e9 de Manouba agress\u00e9 suite \u00e0 un communiqu\u00e9 !\",\"breadcrumb\":{\"@id\":\"https:\\\/\\\/www.webdo.tn\\\/fr\\\/actualite\\\/national-45\\\/le-doyen-de-la-faculte-de-manouba-agresse-suite-a-un-communique\\\/172419\\\/#breadcrumb\"},\"inLanguage\":\"fr-FR\",\"potentialAction\":[{\"@type\":\"ReadAction\",\"target\":[\"https:\\\/\\\/www.webdo.tn\\\/fr\\\/actualite\\\/national-45\\\/le-doyen-de-la-faculte-de-manouba-agresse-suite-a-un-communique\\\/172419\\\/\"]}]},{\"@type\":\"ImageObject\",\"inLanguage\":\"fr-FR\",\"@id\":\"https:\\\/\\\/www.webdo.tn\\\/fr\\\/actualite\\\/national-45\\\/le-doyen-de-la-faculte-de-manouba-agresse-suite-a-un-communique\\\/172419\\\/#primaryimage\",\"url\":\"https:\\\/\\\/www.webdo.tn\\\/fr\\\/wp-content\\\/uploads\\\/2011\\\/11\\\/Habib-Kazdaghli-photo-amit4u.net_.jpg\",\"contentUrl\":\"https:\\\/\\\/www.webdo.tn\\\/fr\\\/wp-content\\\/uploads\\\/2011\\\/11\\\/Habib-Kazdaghli-photo-amit4u.net_.jpg\",\"width\":195,\"height\":274,\"caption\":\"Le Doyen de la Facult\u00e9 de Manouba agress\u00e9 suite \u00e0 un communiqu\u00e9 !\"},{\"@type\":\"BreadcrumbList\",\"@id\":\"https:\\\/\\\/www.webdo.tn\\\/fr\\\/actualite\\\/national-45\\\/le-doyen-de-la-faculte-de-manouba-agresse-suite-a-un-communique\\\/172419\\\/#breadcrumb\",\"itemListElement\":[{\"@type\":\"ListItem\",\"position\":1,\"name\":\"Accueil\",\"item\":\"https:\\\/\\\/www.webdo.tn\\\/fr\\\/\"},{\"@type\":\"ListItem\",\"position\":2,\"name\":\"Le Doyen de la Facult\u00e9 de Manouba agress\u00e9 suite \u00e0 un communiqu\u00e9 !\"}]},{\"@type\":\"WebSite\",\"@id\":\"https:\\\/\\\/www.webdo.tn\\\/fr\\\/#website\",\"url\":\"https:\\\/\\\/www.webdo.tn\\\/fr\\\/\",\"name\":\"webdo\",\"description\":\"Tunisie - News en Tunisie et \u00e0 l&#039;international sur Webdo.tn\",\"publisher\":{\"@id\":\"https:\\\/\\\/www.webdo.tn\\\/fr\\\/#organization\"},\"potentialAction\":[{\"@type\":\"SearchAction\",\"target\":{\"@type\":\"EntryPoint\",\"urlTemplate\":\"https:\\\/\\\/www.webdo.tn\\\/fr\\\/?s={search_term_string}\"},\"query-input\":{\"@type\":\"PropertyValueSpecification\",\"valueRequired\":true,\"valueName\":\"search_term_string\"}}],\"inLanguage\":\"fr-FR\"},{\"@type\":\"Organization\",\"@id\":\"https:\\\/\\\/www.webdo.tn\\\/fr\\\/#organization\",\"name\":\"Webdo\",\"alternateName\":\"Webdo.tn\",\"url\":\"https:\\\/\\\/www.webdo.tn\\\/fr\\\/\",\"logo\":{\"@type\":\"ImageObject\",\"inLanguage\":\"fr-FR\",\"@id\":\"https:\\\/\\\/www.webdo.tn\\\/fr\\\/#\\\/schema\\\/logo\\\/image\\\/\",\"url\":\"https:\\\/\\\/www.webdo.tn\\\/fr\\\/wp-content\\\/uploads\\\/2025\\\/06\\\/Webdo-Tunisie_168377.jpg\",\"contentUrl\":\"https:\\\/\\\/www.webdo.tn\\\/fr\\\/wp-content\\\/uploads\\\/2025\\\/06\\\/Webdo-Tunisie_168377.jpg\",\"width\":301,\"height\":301,\"caption\":\"Webdo\"},\"image\":{\"@id\":\"https:\\\/\\\/www.webdo.tn\\\/fr\\\/#\\\/schema\\\/logo\\\/image\\\/\"},\"sameAs\":[\"https:\\\/\\\/www.facebook.com\\\/webdotn\",\"https:\\\/\\\/x.com\\\/webdo_tn\"],\"description\":\"Webdo est un m\u00e9dia num\u00e9rique tunisien fond\u00e9 en 2010, sp\u00e9cialis\u00e9 dans l\u2019actualit\u00e9 nationale et internationale, l\u2019\u00e9conomie, la soci\u00e9t\u00e9 et les analyses politiques. Le site s\u2019adresse \u00e0 un large public francophone et couvre l\u2019information tunisienne en temps r\u00e9el.\",\"email\":\"redac@webdo.tn\",\"legalName\":\"YNJ SARL\",\"foundingDate\":\"2010-09-06\",\"numberOfEmployees\":{\"@type\":\"QuantitativeValue\",\"minValue\":\"11\",\"maxValue\":\"50\"}},{\"@type\":\"Person\",\"@id\":\"https:\\\/\\\/www.webdo.tn\\\/fr\\\/#\\\/schema\\\/person\\\/9a9c6118d687c117df8ef3cc36a4d175\",\"name\":\"webdo.tn\",\"image\":{\"@type\":\"ImageObject\",\"inLanguage\":\"fr-FR\",\"@id\":\"https:\\\/\\\/secure.gravatar.com\\\/avatar\\\/7ce1f28c0c3bbac99ff550b85ef8e44a6950c6ee24514fb6a5489e51d06f0298?s=96&d=mm&r=g\",\"url\":\"https:\\\/\\\/secure.gravatar.com\\\/avatar\\\/7ce1f28c0c3bbac99ff550b85ef8e44a6950c6ee24514fb6a5489e51d06f0298?s=96&d=mm&r=g\",\"contentUrl\":\"https:\\\/\\\/secure.gravatar.com\\\/avatar\\\/7ce1f28c0c3bbac99ff550b85ef8e44a6950c6ee24514fb6a5489e51d06f0298?s=96&d=mm&r=g\",\"caption\":\"webdo.tn\"},\"url\":\"https:\\\/\\\/www.webdo.tn\\\/fr\\\/actualite\\\/author\\\/webdotn\\\/\"}]}<\/script>\n<!-- \/ Yoast SEO Premium plugin. -->","yoast_head_json":{"title":"Le Doyen de la Facult\u00e9 de Manouba agress\u00e9 suite \u00e0 un communiqu\u00e9 !","description":"Le Doyen de la Facult\u00e9 de Manouba agress\u00e9 suite \u00e0 un communiqu\u00e9 !","canonical":"https:\/\/www.webdo.tn\/fr\/actualite\/national-45\/le-doyen-de-la-faculte-de-manouba-agresse-suite-a-un-communique\/172419\/","og_locale":"fr_FR","og_type":"article","og_title":"Le Doyen de la Facult\u00e9 de Manouba agress\u00e9 suite \u00e0 un communiqu\u00e9 !","og_description":"Le Doyen de la Facult\u00e9 de Manouba agress\u00e9 suite \u00e0 un communiqu\u00e9 !","og_url":"https:\/\/www.webdo.tn\/fr\/actualite\/national-45\/le-doyen-de-la-faculte-de-manouba-agresse-suite-a-un-communique\/172419\/","og_site_name":"webdo","article_publisher":"https:\/\/www.facebook.com\/webdotn","article_published_time":"2011-11-30T11:44:00+00:00","og_image":[{"width":195,"height":274,"url":"https:\/\/www.webdo.tn\/fr\/wp-content\/uploads\/2011\/11\/Habib-Kazdaghli-photo-amit4u.net_.jpg","type":"image\/jpeg"}],"author":"webdo.tn","twitter_card":"summary_large_image","twitter_creator":"@webdo_tn","twitter_site":"@webdo_tn","twitter_misc":{"\u00c9crit par":"webdo.tn","Dur\u00e9e de lecture estim\u00e9e":"1 minute"},"schema":{"@context":"https:\/\/schema.org","@graph":[{"@type":"NewsArticle","@id":"https:\/\/www.webdo.tn\/fr\/actualite\/national-45\/le-doyen-de-la-faculte-de-manouba-agresse-suite-a-un-communique\/172419\/#article","isPartOf":{"@id":"https:\/\/www.webdo.tn\/fr\/actualite\/national-45\/le-doyen-de-la-faculte-de-manouba-agresse-suite-a-un-communique\/172419\/"},"author":{"name":"webdo.tn","@id":"https:\/\/www.webdo.tn\/fr\/#\/schema\/person\/9a9c6118d687c117df8ef3cc36a4d175"},"headline":"Le Doyen de la Facult\u00e9 de Manouba agress\u00e9 suite \u00e0 un communiqu\u00e9 !","datePublished":"2011-11-30T11:44:00+00:00","mainEntityOfPage":{"@id":"https:\/\/www.webdo.tn\/fr\/actualite\/national-45\/le-doyen-de-la-faculte-de-manouba-agresse-suite-a-un-communique\/172419\/"},"wordCount":190,"commentCount":0,"publisher":{"@id":"https:\/\/www.webdo.tn\/fr\/#organization"},"image":{"@id":"https:\/\/www.webdo.tn\/fr\/actualite\/national-45\/le-doyen-de-la-faculte-de-manouba-agresse-suite-a-un-communique\/172419\/#primaryimage"},"thumbnailUrl":"https:\/\/www.webdo.tn\/fr\/wp-content\/uploads\/2011\/11\/Habib-Kazdaghli-photo-amit4u.net_.jpg","keywords":["guerre"],"articleSection":["National"],"inLanguage":"fr-FR"},{"@type":"WebPage","@id":"https:\/\/www.webdo.tn\/fr\/actualite\/national-45\/le-doyen-de-la-faculte-de-manouba-agresse-suite-a-un-communique\/172419\/","url":"https:\/\/www.webdo.tn\/fr\/actualite\/national-45\/le-doyen-de-la-faculte-de-manouba-agresse-suite-a-un-communique\/172419\/","name":"Le Doyen de la Facult\u00e9 de Manouba agress\u00e9 suite \u00e0 un communiqu\u00e9 !","isPartOf":{"@id":"https:\/\/www.webdo.tn\/fr\/#website"},"primaryImageOfPage":{"@id":"https:\/\/www.webdo.tn\/fr\/actualite\/national-45\/le-doyen-de-la-faculte-de-manouba-agresse-suite-a-un-communique\/172419\/#primaryimage"},"image":{"@id":"https:\/\/www.webdo.tn\/fr\/actualite\/national-45\/le-doyen-de-la-faculte-de-manouba-agresse-suite-a-un-communique\/172419\/#primaryimage"},"thumbnailUrl":"https:\/\/www.webdo.tn\/fr\/wp-content\/uploads\/2011\/11\/Habib-Kazdaghli-photo-amit4u.net_.jpg","datePublished":"2011-11-30T11:44:00+00:00","description":"Le Doyen de la Facult\u00e9 de Manouba agress\u00e9 suite \u00e0 un communiqu\u00e9 !","breadcrumb":{"@id":"https:\/\/www.webdo.tn\/fr\/actualite\/national-45\/le-doyen-de-la-faculte-de-manouba-agresse-suite-a-un-communique\/172419\/#breadcrumb"},"inLanguage":"fr-FR","potentialAction":[{"@type":"ReadAction","target":["https:\/\/www.webdo.tn\/fr\/actualite\/national-45\/le-doyen-de-la-faculte-de-manouba-agresse-suite-a-un-communique\/172419\/"]}]},{"@type":"ImageObject","inLanguage":"fr-FR","@id":"https:\/\/www.webdo.tn\/fr\/actualite\/national-45\/le-doyen-de-la-faculte-de-manouba-agresse-suite-a-un-communique\/172419\/#primaryimage","url":"https:\/\/www.webdo.tn\/fr\/wp-content\/uploads\/2011\/11\/Habib-Kazdaghli-photo-amit4u.net_.jpg","contentUrl":"https:\/\/www.webdo.tn\/fr\/wp-content\/uploads\/2011\/11\/Habib-Kazdaghli-photo-amit4u.net_.jpg","width":195,"height":274,"caption":"Le Doyen de la Facult\u00e9 de Manouba agress\u00e9 suite \u00e0 un communiqu\u00e9 !"},{"@type":"BreadcrumbList","@id":"https:\/\/www.webdo.tn\/fr\/actualite\/national-45\/le-doyen-de-la-faculte-de-manouba-agresse-suite-a-un-communique\/172419\/#breadcrumb","itemListElement":[{"@type":"ListItem","position":1,"name":"Accueil","item":"https:\/\/www.webdo.tn\/fr\/"},{"@type":"ListItem","position":2,"name":"Le Doyen de la Facult\u00e9 de Manouba agress\u00e9 suite \u00e0 un communiqu\u00e9 !"}]},{"@type":"WebSite","@id":"https:\/\/www.webdo.tn\/fr\/#website","url":"https:\/\/www.webdo.tn\/fr\/","name":"webdo","description":"Tunisie - News en Tunisie et \u00e0 l&#039;international sur Webdo.tn","publisher":{"@id":"https:\/\/www.webdo.tn\/fr\/#organization"},"potentialAction":[{"@type":"SearchAction","target":{"@type":"EntryPoint","urlTemplate":"https:\/\/www.webdo.tn\/fr\/?s={search_term_string}"},"query-input":{"@type":"PropertyValueSpecification","valueRequired":true,"valueName":"search_term_string"}}],"inLanguage":"fr-FR"},{"@type":"Organization","@id":"https:\/\/www.webdo.tn\/fr\/#organization","name":"Webdo","alternateName":"Webdo.tn","url":"https:\/\/www.webdo.tn\/fr\/","logo":{"@type":"ImageObject","inLanguage":"fr-FR","@id":"https:\/\/www.webdo.tn\/fr\/#\/schema\/logo\/image\/","url":"https:\/\/www.webdo.tn\/fr\/wp-content\/uploads\/2025\/06\/Webdo-Tunisie_168377.jpg","contentUrl":"https:\/\/www.webdo.tn\/fr\/wp-content\/uploads\/2025\/06\/Webdo-Tunisie_168377.jpg","width":301,"height":301,"caption":"Webdo"},"image":{"@id":"https:\/\/www.webdo.tn\/fr\/#\/schema\/logo\/image\/"},"sameAs":["https:\/\/www.facebook.com\/webdotn","https:\/\/x.com\/webdo_tn"],"description":"Webdo est un m\u00e9dia num\u00e9rique tunisien fond\u00e9 en 2010, sp\u00e9cialis\u00e9 dans l\u2019actualit\u00e9 nationale et internationale, l\u2019\u00e9conomie, la soci\u00e9t\u00e9 et les analyses politiques. Le site s\u2019adresse \u00e0 un large public francophone et couvre l\u2019information tunisienne en temps r\u00e9el.","email":"redac@webdo.tn","legalName":"YNJ SARL","foundingDate":"2010-09-06","numberOfEmployees":{"@type":"QuantitativeValue","minValue":"11","maxValue":"50"}},{"@type":"Person","@id":"https:\/\/www.webdo.tn\/fr\/#\/schema\/person\/9a9c6118d687c117df8ef3cc36a4d175","name":"webdo.tn","image":{"@type":"ImageObject","inLanguage":"fr-FR","@id":"https:\/\/secure.gravatar.com\/avatar\/7ce1f28c0c3bbac99ff550b85ef8e44a6950c6ee24514fb6a5489e51d06f0298?s=96&d=mm&r=g","url":"https:\/\/secure.gravatar.com\/avatar\/7ce1f28c0c3bbac99ff550b85ef8e44a6950c6ee24514fb6a5489e51d06f0298?s=96&d=mm&r=g","contentUrl":"https:\/\/secure.gravatar.com\/avatar\/7ce1f28c0c3bbac99ff550b85ef8e44a6950c6ee24514fb6a5489e51d06f0298?s=96&d=mm&r=g","caption":"webdo.tn"},"url":"https:\/\/www.webdo.tn\/fr\/actualite\/author\/webdotn\/"}]}},"_links":{"self":[{"href":"https:\/\/www.webdo.tn\/fr\/wp-json\/wp\/v2\/posts\/172419","targetHints":{"allow":["GET"]}}],"collection":[{"href":"https:\/\/www.webdo.tn\/fr\/wp-json\/wp\/v2\/posts"}],"about":[{"href":"https:\/\/www.webdo.tn\/fr\/wp-json\/wp\/v2\/types\/post"}],"author":[{"embeddable":true,"href":"https:\/\/www.webdo.tn\/fr\/wp-json\/wp\/v2\/users\/3222"}],"replies":[{"embeddable":true,"href":"https:\/\/www.webdo.tn\/fr\/wp-json\/wp\/v2\/comments?post=172419"}],"version-history":[{"count":0,"href":"https:\/\/www.webdo.tn\/fr\/wp-json\/wp\/v2\/posts\/172419\/revisions"}],"wp:featuredmedia":[{"embeddable":true,"href":"https:\/\/www.webdo.tn\/fr\/wp-json\/wp\/v2\/media\/333904"}],"wp:attachment":[{"href":"https:\/\/www.webdo.tn\/fr\/wp-json\/wp\/v2\/media?parent=172419"}],"wp:term":[{"taxonomy":"category","embeddable":true,"href":"https:\/\/www.webdo.tn\/fr\/wp-json\/wp\/v2\/categories?post=172419"},{"taxonomy":"post_tag","embeddable":true,"href":"https:\/\/www.webdo.tn\/fr\/wp-json\/wp\/v2\/tags?post=172419"}],"curies":[{"name":"wp","href":"https:\/\/api.w.org\/{rel}","templated":true}]}}