{"id":172410,"date":"2011-12-02T17:46:00","date_gmt":"2011-12-02T17:46:00","guid":{"rendered":"https:\/\/www.webdo.tn\/fr\/blog\/elles-n-etaient-qu-une-dizaine-de-niqabistes\/172410\/"},"modified":"2011-12-02T17:46:00","modified_gmt":"2011-12-02T17:46:00","slug":"elles-n-etaient-qu-une-dizaine-de-niqabistes","status":"publish","type":"post","link":"https:\/\/www.webdo.tn\/fr\/actualite\/national\/elles-n-etaient-qu-une-dizaine-de-niqabistes\/172410\/","title":{"rendered":"Elles n\u2019\u00e9taient qu\u2019une dizaine de \u00abNiqabistes\u00bb !"},"content":{"rendered":"<p>Aujourd\u2019hui, apr\u00e8s la pri\u00e8re du vendredi, et plus pr\u00e9cis\u00e9ment \u00e0 14h, les passants se trouvant au centre-ville de Tunis ont eu la surprise de voir un nombre consid\u00e9rable de flics : BOP, d\u2019intervention, en civil, et leurs attirails soit des 4X4 et autres v\u00e9hicules, pr\u00eats \u00e0 donner l\u2019assaut sur\u2026 dix femmes portant le niqab et escort\u00e9es par deux salafistes, qui seraient venus de la mosqu\u00e9e El Fatah, au Passage.<\/p>\n<p>Ce cort\u00e8ge, insolite il faut l\u2019avouer, apr\u00e8s \u00eatre pass\u00e9 par des art\u00e8res comme l\u2019avenue de Paris et la rue Mokhtar Attia, a pris l\u2019avenue Habib Thameur puis la rue de Rome en direction du Passage.<\/p>\n<p>Le premier groupe (les Niqabistes) avan\u00e7ait dans un silence absolu en brandissant des pancartes o\u00f9 \u00e9taient inscrits en arabe les mots \u00abYa doa\u00e2t el houria, niqabi houriyati\u00bb (\u00abVous qui appelez \u00e0 la libert\u00e9, mon niqab est ma libert\u00e9\u00bb.<\/p>\n<p>D\u2019autre part, il y a trois jours, un appel \u00e0 manifester demain samedi 3 d\u00e9cembre, devant le si\u00e8ge de l\u2019Assembl\u00e9e constituante au Bardo, a \u00e9t\u00e9 lanc\u00e9 pour soutenir Ennahdha. Cet apr\u00e8s-midi, Ennahdha a pr\u00e9cis\u00e9 dans un communiqu\u00e9 publi\u00e9 sur son site qu&rsquo;il n&rsquo;est pas l\u2019auteur de cet appel et demande \u00e0 ses partisans de ne pas descendre manifester.<\/p>\n<p>Ennahdha ou tout autre mouvement ont int\u00e9r\u00eat \u00e0 calmer l\u2019ardeur de leurs sympathisants, car au rythme o\u00f9 vont les choses, une manif est une poudri\u00e8re en attente d\u2019\u00e9tincelle.<\/p>\n","protected":false},"excerpt":{"rendered":"<p>Elles n\u2019\u00e9taient qu\u2019une dizaine de \u00abNiqabistes\u00bb !<\/p>\n","protected":false},"author":3222,"featured_media":374588,"comment_status":"open","ping_status":"closed","sticky":false,"template":"","format":"standard","meta":{"footnotes":""},"categories":[44],"tags":[2600],"class_list":["post-172410","post","type-post","status-publish","format-standard","has-post-thumbnail","hentry","category-national","tag-guerre"],"yoast_head":"<!-- This site is optimized with the Yoast SEO Premium plugin v27.5 (Yoast SEO v27.5) - https:\/\/yoast.com\/product\/yoast-seo-premium-wordpress\/ -->\n<title>Elles n\u2019\u00e9taient qu\u2019une dizaine de \u00abNiqabistes\u00bb !<\/title>\n<meta name=\"description\" content=\"Elles n\u2019\u00e9taient qu\u2019une dizaine de \u00abNiqabistes\u00bb !\" \/>\n<link rel=\"canonical\" href=\"https:\/\/www.webdo.tn\/fr\/actualite\/national-45\/elles-n-etaient-qu-une-dizaine-de-niqabistes\/172410\/\" \/>\n<meta property=\"og:locale\" content=\"fr_FR\" \/>\n<meta property=\"og:type\" content=\"article\" \/>\n<meta property=\"og:title\" content=\"Elles n\u2019\u00e9taient qu\u2019une dizaine de \u00abNiqabistes\u00bb !\" \/>\n<meta property=\"og:description\" content=\"Elles n\u2019\u00e9taient qu\u2019une dizaine de \u00abNiqabistes\u00bb !\" \/>\n<meta property=\"og:url\" content=\"https:\/\/www.webdo.tn\/fr\/actualite\/national-45\/elles-n-etaient-qu-une-dizaine-de-niqabistes\/172410\/\" \/>\n<meta property=\"og:site_name\" content=\"webdo\" \/>\n<meta property=\"article:publisher\" content=\"https:\/\/www.facebook.com\/webdotn\" \/>\n<meta property=\"article:published_time\" content=\"2011-12-02T17:46:00+00:00\" \/>\n<meta name=\"author\" content=\"webdo.tn\" \/>\n<meta name=\"twitter:card\" content=\"summary_large_image\" \/>\n<meta name=\"twitter:creator\" content=\"@webdo_tn\" \/>\n<meta name=\"twitter:site\" content=\"@webdo_tn\" \/>\n<meta name=\"twitter:label1\" content=\"\u00c9crit par\" \/>\n\t<meta name=\"twitter:data1\" content=\"webdo.tn\" \/>\n\t<meta name=\"twitter:label2\" content=\"Dur\u00e9e de lecture estim\u00e9e\" \/>\n\t<meta name=\"twitter:data2\" content=\"1 minute\" \/>\n<script type=\"application\/ld+json\" class=\"yoast-schema-graph\">{\"@context\":\"https:\\\/\\\/schema.org\",\"@graph\":[{\"@type\":\"NewsArticle\",\"@id\":\"https:\\\/\\\/www.webdo.tn\\\/fr\\\/actualite\\\/national-45\\\/elles-n-etaient-qu-une-dizaine-de-niqabistes\\\/172410\\\/#article\",\"isPartOf\":{\"@id\":\"https:\\\/\\\/www.webdo.tn\\\/fr\\\/actualite\\\/national-45\\\/elles-n-etaient-qu-une-dizaine-de-niqabistes\\\/172410\\\/\"},\"author\":{\"name\":\"webdo.tn\",\"@id\":\"https:\\\/\\\/www.webdo.tn\\\/fr\\\/#\\\/schema\\\/person\\\/9a9c6118d687c117df8ef3cc36a4d175\"},\"headline\":\"Elles n\u2019\u00e9taient qu\u2019une dizaine de \u00abNiqabistes\u00bb !\",\"datePublished\":\"2011-12-02T17:46:00+00:00\",\"mainEntityOfPage\":{\"@id\":\"https:\\\/\\\/www.webdo.tn\\\/fr\\\/actualite\\\/national-45\\\/elles-n-etaient-qu-une-dizaine-de-niqabistes\\\/172410\\\/\"},\"wordCount\":263,\"commentCount\":0,\"publisher\":{\"@id\":\"https:\\\/\\\/www.webdo.tn\\\/fr\\\/#organization\"},\"image\":{\"@id\":\"https:\\\/\\\/www.webdo.tn\\\/fr\\\/actualite\\\/national-45\\\/elles-n-etaient-qu-une-dizaine-de-niqabistes\\\/172410\\\/#primaryimage\"},\"thumbnailUrl\":\"https:\\\/\\\/www.webdo.tn\\\/fr\\\/wp-content\\\/uploads\\\/2025\\\/06\\\/Manifestation-pour-le-port-du-niqab-Tunis-place-de-la-Republique-2-decembre-2011_172410.jpg\",\"keywords\":[\"guerre\"],\"articleSection\":[\"National\"],\"inLanguage\":\"fr-FR\"},{\"@type\":\"WebPage\",\"@id\":\"https:\\\/\\\/www.webdo.tn\\\/fr\\\/actualite\\\/national-45\\\/elles-n-etaient-qu-une-dizaine-de-niqabistes\\\/172410\\\/\",\"url\":\"https:\\\/\\\/www.webdo.tn\\\/fr\\\/actualite\\\/national-45\\\/elles-n-etaient-qu-une-dizaine-de-niqabistes\\\/172410\\\/\",\"name\":\"Elles n\u2019\u00e9taient qu\u2019une dizaine de \u00abNiqabistes\u00bb !\",\"isPartOf\":{\"@id\":\"https:\\\/\\\/www.webdo.tn\\\/fr\\\/#website\"},\"primaryImageOfPage\":{\"@id\":\"https:\\\/\\\/www.webdo.tn\\\/fr\\\/actualite\\\/national-45\\\/elles-n-etaient-qu-une-dizaine-de-niqabistes\\\/172410\\\/#primaryimage\"},\"image\":{\"@id\":\"https:\\\/\\\/www.webdo.tn\\\/fr\\\/actualite\\\/national-45\\\/elles-n-etaient-qu-une-dizaine-de-niqabistes\\\/172410\\\/#primaryimage\"},\"thumbnailUrl\":\"https:\\\/\\\/www.webdo.tn\\\/fr\\\/wp-content\\\/uploads\\\/2025\\\/06\\\/Manifestation-pour-le-port-du-niqab-Tunis-place-de-la-Republique-2-decembre-2011_172410.jpg\",\"datePublished\":\"2011-12-02T17:46:00+00:00\",\"description\":\"Elles n\u2019\u00e9taient qu\u2019une dizaine de \u00abNiqabistes\u00bb !\",\"breadcrumb\":{\"@id\":\"https:\\\/\\\/www.webdo.tn\\\/fr\\\/actualite\\\/national-45\\\/elles-n-etaient-qu-une-dizaine-de-niqabistes\\\/172410\\\/#breadcrumb\"},\"inLanguage\":\"fr-FR\",\"potentialAction\":[{\"@type\":\"ReadAction\",\"target\":[\"https:\\\/\\\/www.webdo.tn\\\/fr\\\/actualite\\\/national-45\\\/elles-n-etaient-qu-une-dizaine-de-niqabistes\\\/172410\\\/\"]}]},{\"@type\":\"ImageObject\",\"inLanguage\":\"fr-FR\",\"@id\":\"https:\\\/\\\/www.webdo.tn\\\/fr\\\/actualite\\\/national-45\\\/elles-n-etaient-qu-une-dizaine-de-niqabistes\\\/172410\\\/#primaryimage\",\"url\":\"https:\\\/\\\/www.webdo.tn\\\/fr\\\/wp-content\\\/uploads\\\/2025\\\/06\\\/Manifestation-pour-le-port-du-niqab-Tunis-place-de-la-Republique-2-decembre-2011_172410.jpg\",\"contentUrl\":\"https:\\\/\\\/www.webdo.tn\\\/fr\\\/wp-content\\\/uploads\\\/2025\\\/06\\\/Manifestation-pour-le-port-du-niqab-Tunis-place-de-la-Republique-2-decembre-2011_172410.jpg\",\"width\":584,\"height\":351,\"caption\":\"Elles n\u2019\u00e9taient qu\u2019une dizaine de \u00abNiqabistes\u00bb !\"},{\"@type\":\"BreadcrumbList\",\"@id\":\"https:\\\/\\\/www.webdo.tn\\\/fr\\\/actualite\\\/national-45\\\/elles-n-etaient-qu-une-dizaine-de-niqabistes\\\/172410\\\/#breadcrumb\",\"itemListElement\":[{\"@type\":\"ListItem\",\"position\":1,\"name\":\"Accueil\",\"item\":\"https:\\\/\\\/www.webdo.tn\\\/fr\\\/\"},{\"@type\":\"ListItem\",\"position\":2,\"name\":\"Elles n\u2019\u00e9taient qu\u2019une dizaine de \u00abNiqabistes\u00bb !\"}]},{\"@type\":\"WebSite\",\"@id\":\"https:\\\/\\\/www.webdo.tn\\\/fr\\\/#website\",\"url\":\"https:\\\/\\\/www.webdo.tn\\\/fr\\\/\",\"name\":\"webdo\",\"description\":\"Tunisie - News en Tunisie et \u00e0 l&#039;international sur Webdo.tn\",\"publisher\":{\"@id\":\"https:\\\/\\\/www.webdo.tn\\\/fr\\\/#organization\"},\"potentialAction\":[{\"@type\":\"SearchAction\",\"target\":{\"@type\":\"EntryPoint\",\"urlTemplate\":\"https:\\\/\\\/www.webdo.tn\\\/fr\\\/?s={search_term_string}\"},\"query-input\":{\"@type\":\"PropertyValueSpecification\",\"valueRequired\":true,\"valueName\":\"search_term_string\"}}],\"inLanguage\":\"fr-FR\"},{\"@type\":\"Organization\",\"@id\":\"https:\\\/\\\/www.webdo.tn\\\/fr\\\/#organization\",\"name\":\"Webdo\",\"alternateName\":\"Webdo.tn\",\"url\":\"https:\\\/\\\/www.webdo.tn\\\/fr\\\/\",\"logo\":{\"@type\":\"ImageObject\",\"inLanguage\":\"fr-FR\",\"@id\":\"https:\\\/\\\/www.webdo.tn\\\/fr\\\/#\\\/schema\\\/logo\\\/image\\\/\",\"url\":\"https:\\\/\\\/www.webdo.tn\\\/fr\\\/wp-content\\\/uploads\\\/2025\\\/06\\\/Webdo-Tunisie_168377.jpg\",\"contentUrl\":\"https:\\\/\\\/www.webdo.tn\\\/fr\\\/wp-content\\\/uploads\\\/2025\\\/06\\\/Webdo-Tunisie_168377.jpg\",\"width\":301,\"height\":301,\"caption\":\"Webdo\"},\"image\":{\"@id\":\"https:\\\/\\\/www.webdo.tn\\\/fr\\\/#\\\/schema\\\/logo\\\/image\\\/\"},\"sameAs\":[\"https:\\\/\\\/www.facebook.com\\\/webdotn\",\"https:\\\/\\\/x.com\\\/webdo_tn\"],\"description\":\"Webdo est un m\u00e9dia num\u00e9rique tunisien fond\u00e9 en 2010, sp\u00e9cialis\u00e9 dans l\u2019actualit\u00e9 nationale et internationale, l\u2019\u00e9conomie, la soci\u00e9t\u00e9 et les analyses politiques. Le site s\u2019adresse \u00e0 un large public francophone et couvre l\u2019information tunisienne en temps r\u00e9el.\",\"email\":\"redac@webdo.tn\",\"legalName\":\"YNJ SARL\",\"foundingDate\":\"2010-09-06\",\"numberOfEmployees\":{\"@type\":\"QuantitativeValue\",\"minValue\":\"11\",\"maxValue\":\"50\"}},{\"@type\":\"Person\",\"@id\":\"https:\\\/\\\/www.webdo.tn\\\/fr\\\/#\\\/schema\\\/person\\\/9a9c6118d687c117df8ef3cc36a4d175\",\"name\":\"webdo.tn\",\"image\":{\"@type\":\"ImageObject\",\"inLanguage\":\"fr-FR\",\"@id\":\"https:\\\/\\\/secure.gravatar.com\\\/avatar\\\/7ce1f28c0c3bbac99ff550b85ef8e44a6950c6ee24514fb6a5489e51d06f0298?s=96&d=mm&r=g\",\"url\":\"https:\\\/\\\/secure.gravatar.com\\\/avatar\\\/7ce1f28c0c3bbac99ff550b85ef8e44a6950c6ee24514fb6a5489e51d06f0298?s=96&d=mm&r=g\",\"contentUrl\":\"https:\\\/\\\/secure.gravatar.com\\\/avatar\\\/7ce1f28c0c3bbac99ff550b85ef8e44a6950c6ee24514fb6a5489e51d06f0298?s=96&d=mm&r=g\",\"caption\":\"webdo.tn\"},\"url\":\"https:\\\/\\\/www.webdo.tn\\\/fr\\\/actualite\\\/author\\\/webdotn\\\/\"}]}<\/script>\n<!-- \/ Yoast SEO Premium plugin. -->","yoast_head_json":{"title":"Elles n\u2019\u00e9taient qu\u2019une dizaine de \u00abNiqabistes\u00bb !","description":"Elles n\u2019\u00e9taient qu\u2019une dizaine de \u00abNiqabistes\u00bb !","canonical":"https:\/\/www.webdo.tn\/fr\/actualite\/national-45\/elles-n-etaient-qu-une-dizaine-de-niqabistes\/172410\/","og_locale":"fr_FR","og_type":"article","og_title":"Elles n\u2019\u00e9taient qu\u2019une dizaine de \u00abNiqabistes\u00bb !","og_description":"Elles n\u2019\u00e9taient qu\u2019une dizaine de \u00abNiqabistes\u00bb !","og_url":"https:\/\/www.webdo.tn\/fr\/actualite\/national-45\/elles-n-etaient-qu-une-dizaine-de-niqabistes\/172410\/","og_site_name":"webdo","article_publisher":"https:\/\/www.facebook.com\/webdotn","article_published_time":"2011-12-02T17:46:00+00:00","author":"webdo.tn","twitter_card":"summary_large_image","twitter_creator":"@webdo_tn","twitter_site":"@webdo_tn","twitter_misc":{"\u00c9crit par":"webdo.tn","Dur\u00e9e de lecture estim\u00e9e":"1 minute"},"schema":{"@context":"https:\/\/schema.org","@graph":[{"@type":"NewsArticle","@id":"https:\/\/www.webdo.tn\/fr\/actualite\/national-45\/elles-n-etaient-qu-une-dizaine-de-niqabistes\/172410\/#article","isPartOf":{"@id":"https:\/\/www.webdo.tn\/fr\/actualite\/national-45\/elles-n-etaient-qu-une-dizaine-de-niqabistes\/172410\/"},"author":{"name":"webdo.tn","@id":"https:\/\/www.webdo.tn\/fr\/#\/schema\/person\/9a9c6118d687c117df8ef3cc36a4d175"},"headline":"Elles n\u2019\u00e9taient qu\u2019une dizaine de \u00abNiqabistes\u00bb !","datePublished":"2011-12-02T17:46:00+00:00","mainEntityOfPage":{"@id":"https:\/\/www.webdo.tn\/fr\/actualite\/national-45\/elles-n-etaient-qu-une-dizaine-de-niqabistes\/172410\/"},"wordCount":263,"commentCount":0,"publisher":{"@id":"https:\/\/www.webdo.tn\/fr\/#organization"},"image":{"@id":"https:\/\/www.webdo.tn\/fr\/actualite\/national-45\/elles-n-etaient-qu-une-dizaine-de-niqabistes\/172410\/#primaryimage"},"thumbnailUrl":"https:\/\/www.webdo.tn\/fr\/wp-content\/uploads\/2025\/06\/Manifestation-pour-le-port-du-niqab-Tunis-place-de-la-Republique-2-decembre-2011_172410.jpg","keywords":["guerre"],"articleSection":["National"],"inLanguage":"fr-FR"},{"@type":"WebPage","@id":"https:\/\/www.webdo.tn\/fr\/actualite\/national-45\/elles-n-etaient-qu-une-dizaine-de-niqabistes\/172410\/","url":"https:\/\/www.webdo.tn\/fr\/actualite\/national-45\/elles-n-etaient-qu-une-dizaine-de-niqabistes\/172410\/","name":"Elles n\u2019\u00e9taient qu\u2019une dizaine de \u00abNiqabistes\u00bb !","isPartOf":{"@id":"https:\/\/www.webdo.tn\/fr\/#website"},"primaryImageOfPage":{"@id":"https:\/\/www.webdo.tn\/fr\/actualite\/national-45\/elles-n-etaient-qu-une-dizaine-de-niqabistes\/172410\/#primaryimage"},"image":{"@id":"https:\/\/www.webdo.tn\/fr\/actualite\/national-45\/elles-n-etaient-qu-une-dizaine-de-niqabistes\/172410\/#primaryimage"},"thumbnailUrl":"https:\/\/www.webdo.tn\/fr\/wp-content\/uploads\/2025\/06\/Manifestation-pour-le-port-du-niqab-Tunis-place-de-la-Republique-2-decembre-2011_172410.jpg","datePublished":"2011-12-02T17:46:00+00:00","description":"Elles n\u2019\u00e9taient qu\u2019une dizaine de \u00abNiqabistes\u00bb !","breadcrumb":{"@id":"https:\/\/www.webdo.tn\/fr\/actualite\/national-45\/elles-n-etaient-qu-une-dizaine-de-niqabistes\/172410\/#breadcrumb"},"inLanguage":"fr-FR","potentialAction":[{"@type":"ReadAction","target":["https:\/\/www.webdo.tn\/fr\/actualite\/national-45\/elles-n-etaient-qu-une-dizaine-de-niqabistes\/172410\/"]}]},{"@type":"ImageObject","inLanguage":"fr-FR","@id":"https:\/\/www.webdo.tn\/fr\/actualite\/national-45\/elles-n-etaient-qu-une-dizaine-de-niqabistes\/172410\/#primaryimage","url":"https:\/\/www.webdo.tn\/fr\/wp-content\/uploads\/2025\/06\/Manifestation-pour-le-port-du-niqab-Tunis-place-de-la-Republique-2-decembre-2011_172410.jpg","contentUrl":"https:\/\/www.webdo.tn\/fr\/wp-content\/uploads\/2025\/06\/Manifestation-pour-le-port-du-niqab-Tunis-place-de-la-Republique-2-decembre-2011_172410.jpg","width":584,"height":351,"caption":"Elles n\u2019\u00e9taient qu\u2019une dizaine de \u00abNiqabistes\u00bb !"},{"@type":"BreadcrumbList","@id":"https:\/\/www.webdo.tn\/fr\/actualite\/national-45\/elles-n-etaient-qu-une-dizaine-de-niqabistes\/172410\/#breadcrumb","itemListElement":[{"@type":"ListItem","position":1,"name":"Accueil","item":"https:\/\/www.webdo.tn\/fr\/"},{"@type":"ListItem","position":2,"name":"Elles n\u2019\u00e9taient qu\u2019une dizaine de \u00abNiqabistes\u00bb !"}]},{"@type":"WebSite","@id":"https:\/\/www.webdo.tn\/fr\/#website","url":"https:\/\/www.webdo.tn\/fr\/","name":"webdo","description":"Tunisie - News en Tunisie et \u00e0 l&#039;international sur Webdo.tn","publisher":{"@id":"https:\/\/www.webdo.tn\/fr\/#organization"},"potentialAction":[{"@type":"SearchAction","target":{"@type":"EntryPoint","urlTemplate":"https:\/\/www.webdo.tn\/fr\/?s={search_term_string}"},"query-input":{"@type":"PropertyValueSpecification","valueRequired":true,"valueName":"search_term_string"}}],"inLanguage":"fr-FR"},{"@type":"Organization","@id":"https:\/\/www.webdo.tn\/fr\/#organization","name":"Webdo","alternateName":"Webdo.tn","url":"https:\/\/www.webdo.tn\/fr\/","logo":{"@type":"ImageObject","inLanguage":"fr-FR","@id":"https:\/\/www.webdo.tn\/fr\/#\/schema\/logo\/image\/","url":"https:\/\/www.webdo.tn\/fr\/wp-content\/uploads\/2025\/06\/Webdo-Tunisie_168377.jpg","contentUrl":"https:\/\/www.webdo.tn\/fr\/wp-content\/uploads\/2025\/06\/Webdo-Tunisie_168377.jpg","width":301,"height":301,"caption":"Webdo"},"image":{"@id":"https:\/\/www.webdo.tn\/fr\/#\/schema\/logo\/image\/"},"sameAs":["https:\/\/www.facebook.com\/webdotn","https:\/\/x.com\/webdo_tn"],"description":"Webdo est un m\u00e9dia num\u00e9rique tunisien fond\u00e9 en 2010, sp\u00e9cialis\u00e9 dans l\u2019actualit\u00e9 nationale et internationale, l\u2019\u00e9conomie, la soci\u00e9t\u00e9 et les analyses politiques. Le site s\u2019adresse \u00e0 un large public francophone et couvre l\u2019information tunisienne en temps r\u00e9el.","email":"redac@webdo.tn","legalName":"YNJ SARL","foundingDate":"2010-09-06","numberOfEmployees":{"@type":"QuantitativeValue","minValue":"11","maxValue":"50"}},{"@type":"Person","@id":"https:\/\/www.webdo.tn\/fr\/#\/schema\/person\/9a9c6118d687c117df8ef3cc36a4d175","name":"webdo.tn","image":{"@type":"ImageObject","inLanguage":"fr-FR","@id":"https:\/\/secure.gravatar.com\/avatar\/7ce1f28c0c3bbac99ff550b85ef8e44a6950c6ee24514fb6a5489e51d06f0298?s=96&d=mm&r=g","url":"https:\/\/secure.gravatar.com\/avatar\/7ce1f28c0c3bbac99ff550b85ef8e44a6950c6ee24514fb6a5489e51d06f0298?s=96&d=mm&r=g","contentUrl":"https:\/\/secure.gravatar.com\/avatar\/7ce1f28c0c3bbac99ff550b85ef8e44a6950c6ee24514fb6a5489e51d06f0298?s=96&d=mm&r=g","caption":"webdo.tn"},"url":"https:\/\/www.webdo.tn\/fr\/actualite\/author\/webdotn\/"}]}},"_links":{"self":[{"href":"https:\/\/www.webdo.tn\/fr\/wp-json\/wp\/v2\/posts\/172410","targetHints":{"allow":["GET"]}}],"collection":[{"href":"https:\/\/www.webdo.tn\/fr\/wp-json\/wp\/v2\/posts"}],"about":[{"href":"https:\/\/www.webdo.tn\/fr\/wp-json\/wp\/v2\/types\/post"}],"author":[{"embeddable":true,"href":"https:\/\/www.webdo.tn\/fr\/wp-json\/wp\/v2\/users\/3222"}],"replies":[{"embeddable":true,"href":"https:\/\/www.webdo.tn\/fr\/wp-json\/wp\/v2\/comments?post=172410"}],"version-history":[{"count":0,"href":"https:\/\/www.webdo.tn\/fr\/wp-json\/wp\/v2\/posts\/172410\/revisions"}],"wp:featuredmedia":[{"embeddable":true,"href":"https:\/\/www.webdo.tn\/fr\/wp-json\/wp\/v2\/media\/374588"}],"wp:attachment":[{"href":"https:\/\/www.webdo.tn\/fr\/wp-json\/wp\/v2\/media?parent=172410"}],"wp:term":[{"taxonomy":"category","embeddable":true,"href":"https:\/\/www.webdo.tn\/fr\/wp-json\/wp\/v2\/categories?post=172410"},{"taxonomy":"post_tag","embeddable":true,"href":"https:\/\/www.webdo.tn\/fr\/wp-json\/wp\/v2\/tags?post=172410"}],"curies":[{"name":"wp","href":"https:\/\/api.w.org\/{rel}","templated":true}]}}