{"id":172407,"date":"2011-12-04T16:09:00","date_gmt":"2011-12-04T16:09:00","guid":{"rendered":"https:\/\/www.webdo.tn\/fr\/blog\/bardo-1-du-mardi-au-samedi\/172407\/"},"modified":"2011-12-04T16:09:00","modified_gmt":"2011-12-04T16:09:00","slug":"bardo-1-du-mardi-au-samedi","status":"publish","type":"post","link":"https:\/\/www.webdo.tn\/fr\/actualite\/national\/bardo-1-du-mardi-au-samedi\/172407\/","title":{"rendered":"Bardo 1 : du mardi au samedi"},"content":{"rendered":"<p>Pour ceux qui se sentent un peu d\u00e9pass\u00e9, voici un petit r\u00e9cap :<\/p>\n<p>Mardi (28\/11\/11) suite au live tweet et aux informations qui ont \u00ab filtr\u00e9 \u00bb du brouillon de r\u00e8glement interne propos\u00e9 par la Tro\u00efka, un appel a \u00e9t\u00e9 lanc\u00e9, le soir, \u00e0 une manifestation devant le si\u00e8ge de l\u2019Assembl\u00e9e Constituante. Un appel sign\u00e9 certes par des forces politiques n\u2019ayant pas eu un grand succ\u00e8s, soutenus par d\u2019autres associations et m\u00eames des mouvements \u00e0 l\u2019instar du mouvement 24 octobre qui se proclame initiateur du sit-in.<\/p>\n<p>Mercredi, la manifestation a eu lieu. \u00c9v\u00e8nement qui a co\u00efncid\u00e9 (un hasard ?) avec l\u2019arriv\u00e9e des indign\u00e9s du bassin minier de Gafsa. Des tentes ont \u00e9t\u00e9 install\u00e9es, le sit-in se voulant similaire \u00e0 son a\u00een\u00e9e et tant historique Kasba &#8230;<\/p>\n<p>Jeudi, un tournant sans doute : les appels des UGET et UGTT de certaines facult\u00e9s et \u00e9coles \u00e0 sortir en masse pour manifester contre l\u2019agression du doyen de La Manouba. Manifestation qui a vu appara\u00eetre beaucoup de slogans anti niqab et d\u2019autres ridiculisant le porte-parole officiel (d\u00e9sign\u00e9 aussi comme le nouveau Bsaiess par beaucoup) d\u2019un parti islamiste ayant eu la majorit\u00e9 \u00e0 la Constituante (si tu ne comprends pas mes dires, passe ton chemin). Le mouvement \u00e9tant devenu beaucoup plus populaire suite \u00e0 la grande m\u00e9diatisation de la manifestation anti obscurantisme, beaucoup de nouvelles tentes ont \u00e9t\u00e9 install\u00e9es pour soutenir le mouvement baptis\u00e9 d\u00e9sormais Bardo 1 (to be continued ?).<br \/>\nLe soir m\u00eame le sit-in se fait attaquer : jets de projectiles, tentes arrach\u00e9es et vivres pill\u00e9es. Attaque revendiqu\u00e9e par \u00ab des citoyens du voisinage qui ont \u00e9t\u00e9 g\u00ean\u00e9 \u00bb selon la vid\u00e9o \u00e9dit\u00e9e sur FB\u2026 Vid\u00e9o aussi parlant de \u00ab sitineurs de la vodka \u00bb. Ce qui est \u00e9trange c\u2019est que quelques-uns de ces \u00ab citoyens libres \u00bb, traitant les sitineurs d\u2019ivrognes, \u00e9taient compl\u00e8tement bourr\u00e9s et accusaient les autres d\u2019\u00eatre des m\u00e9cr\u00e9ants (zazar i3adhem 3ala mreguzi).<\/p>\n<p>Vendredi, jour saint, le sit-in continue \u00e0 attirer des curieux et des sympathisants. Mais un peu plus tard, en apr\u00e8s-midi, des sympathisants islamistes sont venus faire \u00e9couter leurs voix soutenant le niqab et appelant \u00e0 libert\u00e9 de leurs \u00ab s\u0153urs \u00bb et leurs droits \u00e0 l\u2019\u00e9ducation. Une fois arriv\u00e9 sur place, le mouvement s\u2019\u00e9toffe. Deux camps se forment et on remarque d\u00e9plorablement de nouveaux jets de projectiles. Le calme revient la nuit. Les sitineurs du mouvement Bardo1 se r\u00e9organisent et de nouvelles tentes sont install\u00e9es.<\/p>\n<p>Samedi, appel relay\u00e9 par les pages Facebook pour mener une contre-manifestation et discr\u00e9diter le mouvement Bardo1. Un appel \u00e0 soutenir la majorit\u00e9, revendiqu\u00e9 par des pages pro-nahdhaoui que le mouvement lui-m\u00eame rejette et appel via un communiqu\u00e9 officiel de ne pas y participer.<br \/>\nDivis\u00e9es en deux avec les grillages afin de laisser la route libre et ne pas entraver la circulation automobile, les deux \u00ab masses \u00bb sont s\u00e9par\u00e9es. La police et le \u00ab conseil de protection de la r\u00e9volution \u00bb essayant tant bien que mal d\u2019\u00e9viter tous d\u00e9rapages. Des provocations individuelles d\u2019un c\u00f4t\u00e9 comme de l\u2019autre. Quelques pancartes hors contexte et des chants de stade transform\u00e9s n\u2019ont servi qu\u2019\u00e0 rendre l\u2019ambiance plus \u00e9lectrique.<br \/>\nLe d\u00e9bat d\u00e9rive et prend une tournure \u00ab religieuse \u00bb, les pro-nahdha, \u00e9tant l\u00e0 surtout pour r\u00e9pondre \u00e0 la manifestation de jeudi sans conna\u00eetre pour autant les revendications officielles du sit-in. Rejoint par quelques jeunes et d\u2019autres \u00ab barbus \u00bb nous rappelant ceux de La Manouba, le mouvement pro-Nahdha s\u2019\u00e9largit et les provocations s\u2019intensifient d\u2019o\u00f9 la parution d\u2019un communiqu\u00e9 du mouvement Bardo1. Tard l\u2019apr\u00e8s-midi, les choses se pr\u00e9cipitent : des jets de projectiles et de pierre d\u2019un c\u00f4t\u00e9, et l\u2019appel \u00e0 la retenue de l\u2019autre, dont les sympathisants se r\u00e9fugient dans les tentes. Les tentatives de certains pro-islamistes pour contenir les protestataires sont vaines. La police charge avec des jets de lacrymog\u00e8nes pour disperser les deux foules et poursuivre certains jeunes \u00ab fouteurs de trouble \u00bb.<br \/>\nUn air de panique au Bardo, le calme revient un peu plus tard. Le soir est sans incident majeur. Les sitineurs du Bardo1 ayant pass\u00e9 la nuit l\u00e0-bas.<\/p>\n<p>Dimanche, Le Bardo se r\u00e9veille doucement : les sympathisants des deux c\u00f4t\u00e9s se regroupent \u00e0 nouveau. Le mouvement Ennahdha nie toute implication dans les incidents de la veille et condamne la violence pendant que le c\u00f4t\u00e9 oppos\u00e9 appelle l\u2019UGTT \u00e0 prendre ses responsabilit\u00e9s vis-\u00e0-vis du sit-in.<\/p>\n","protected":false},"excerpt":{"rendered":"<p>Bardo 1 : du mardi au samedi<\/p>\n","protected":false},"author":3222,"featured_media":374592,"comment_status":"open","ping_status":"closed","sticky":false,"template":"","format":"standard","meta":{"footnotes":""},"categories":[44],"tags":[2600],"class_list":["post-172407","post","type-post","status-publish","format-standard","has-post-thumbnail","hentry","category-national","tag-guerre"],"yoast_head":"<!-- This site is optimized with the Yoast SEO Premium plugin v27.5 (Yoast SEO v27.5) - https:\/\/yoast.com\/product\/yoast-seo-premium-wordpress\/ -->\n<title>Bardo 1 : du mardi au samedi<\/title>\n<meta name=\"description\" content=\"Bardo 1 : du mardi au samedi\" \/>\n<link rel=\"canonical\" href=\"https:\/\/www.webdo.tn\/fr\/actualite\/national-45\/bardo-1-du-mardi-au-samedi\/172407\/\" \/>\n<meta property=\"og:locale\" content=\"fr_FR\" \/>\n<meta property=\"og:type\" content=\"article\" \/>\n<meta property=\"og:title\" content=\"Bardo 1 : du mardi au samedi\" \/>\n<meta property=\"og:description\" content=\"Bardo 1 : du mardi au samedi\" \/>\n<meta property=\"og:url\" content=\"https:\/\/www.webdo.tn\/fr\/actualite\/national-45\/bardo-1-du-mardi-au-samedi\/172407\/\" \/>\n<meta property=\"og:site_name\" content=\"webdo\" \/>\n<meta property=\"article:publisher\" content=\"https:\/\/www.facebook.com\/webdotn\" \/>\n<meta property=\"article:published_time\" content=\"2011-12-04T16:09:00+00:00\" \/>\n<meta name=\"author\" content=\"webdo.tn\" \/>\n<meta name=\"twitter:card\" content=\"summary_large_image\" \/>\n<meta name=\"twitter:creator\" content=\"@webdo_tn\" \/>\n<meta name=\"twitter:site\" content=\"@webdo_tn\" \/>\n<meta name=\"twitter:label1\" content=\"\u00c9crit par\" \/>\n\t<meta name=\"twitter:data1\" content=\"webdo.tn\" \/>\n\t<meta name=\"twitter:label2\" content=\"Dur\u00e9e de lecture estim\u00e9e\" \/>\n\t<meta name=\"twitter:data2\" content=\"4 minutes\" \/>\n<script type=\"application\/ld+json\" class=\"yoast-schema-graph\">{\"@context\":\"https:\\\/\\\/schema.org\",\"@graph\":[{\"@type\":\"NewsArticle\",\"@id\":\"https:\\\/\\\/www.webdo.tn\\\/fr\\\/actualite\\\/national-45\\\/bardo-1-du-mardi-au-samedi\\\/172407\\\/#article\",\"isPartOf\":{\"@id\":\"https:\\\/\\\/www.webdo.tn\\\/fr\\\/actualite\\\/national-45\\\/bardo-1-du-mardi-au-samedi\\\/172407\\\/\"},\"author\":{\"name\":\"webdo.tn\",\"@id\":\"https:\\\/\\\/www.webdo.tn\\\/fr\\\/#\\\/schema\\\/person\\\/9a9c6118d687c117df8ef3cc36a4d175\"},\"headline\":\"Bardo 1 : du mardi au samedi\",\"datePublished\":\"2011-12-04T16:09:00+00:00\",\"mainEntityOfPage\":{\"@id\":\"https:\\\/\\\/www.webdo.tn\\\/fr\\\/actualite\\\/national-45\\\/bardo-1-du-mardi-au-samedi\\\/172407\\\/\"},\"wordCount\":764,\"commentCount\":0,\"publisher\":{\"@id\":\"https:\\\/\\\/www.webdo.tn\\\/fr\\\/#organization\"},\"image\":{\"@id\":\"https:\\\/\\\/www.webdo.tn\\\/fr\\\/actualite\\\/national-45\\\/bardo-1-du-mardi-au-samedi\\\/172407\\\/#primaryimage\"},\"thumbnailUrl\":\"https:\\\/\\\/www.webdo.tn\\\/fr\\\/wp-content\\\/uploads\\\/2025\\\/06\\\/Manifestation-Bardo-1-decembre-2011-photo-AFP_172407.jpg\",\"keywords\":[\"guerre\"],\"articleSection\":[\"National\"],\"inLanguage\":\"fr-FR\"},{\"@type\":\"WebPage\",\"@id\":\"https:\\\/\\\/www.webdo.tn\\\/fr\\\/actualite\\\/national-45\\\/bardo-1-du-mardi-au-samedi\\\/172407\\\/\",\"url\":\"https:\\\/\\\/www.webdo.tn\\\/fr\\\/actualite\\\/national-45\\\/bardo-1-du-mardi-au-samedi\\\/172407\\\/\",\"name\":\"Bardo 1 : du mardi au samedi\",\"isPartOf\":{\"@id\":\"https:\\\/\\\/www.webdo.tn\\\/fr\\\/#website\"},\"primaryImageOfPage\":{\"@id\":\"https:\\\/\\\/www.webdo.tn\\\/fr\\\/actualite\\\/national-45\\\/bardo-1-du-mardi-au-samedi\\\/172407\\\/#primaryimage\"},\"image\":{\"@id\":\"https:\\\/\\\/www.webdo.tn\\\/fr\\\/actualite\\\/national-45\\\/bardo-1-du-mardi-au-samedi\\\/172407\\\/#primaryimage\"},\"thumbnailUrl\":\"https:\\\/\\\/www.webdo.tn\\\/fr\\\/wp-content\\\/uploads\\\/2025\\\/06\\\/Manifestation-Bardo-1-decembre-2011-photo-AFP_172407.jpg\",\"datePublished\":\"2011-12-04T16:09:00+00:00\",\"description\":\"Bardo 1 : du mardi au samedi\",\"breadcrumb\":{\"@id\":\"https:\\\/\\\/www.webdo.tn\\\/fr\\\/actualite\\\/national-45\\\/bardo-1-du-mardi-au-samedi\\\/172407\\\/#breadcrumb\"},\"inLanguage\":\"fr-FR\",\"potentialAction\":[{\"@type\":\"ReadAction\",\"target\":[\"https:\\\/\\\/www.webdo.tn\\\/fr\\\/actualite\\\/national-45\\\/bardo-1-du-mardi-au-samedi\\\/172407\\\/\"]}]},{\"@type\":\"ImageObject\",\"inLanguage\":\"fr-FR\",\"@id\":\"https:\\\/\\\/www.webdo.tn\\\/fr\\\/actualite\\\/national-45\\\/bardo-1-du-mardi-au-samedi\\\/172407\\\/#primaryimage\",\"url\":\"https:\\\/\\\/www.webdo.tn\\\/fr\\\/wp-content\\\/uploads\\\/2025\\\/06\\\/Manifestation-Bardo-1-decembre-2011-photo-AFP_172407.jpg\",\"contentUrl\":\"https:\\\/\\\/www.webdo.tn\\\/fr\\\/wp-content\\\/uploads\\\/2025\\\/06\\\/Manifestation-Bardo-1-decembre-2011-photo-AFP_172407.jpg\",\"width\":359,\"height\":239,\"caption\":\"Bardo 1 : du mardi au samedi\"},{\"@type\":\"BreadcrumbList\",\"@id\":\"https:\\\/\\\/www.webdo.tn\\\/fr\\\/actualite\\\/national-45\\\/bardo-1-du-mardi-au-samedi\\\/172407\\\/#breadcrumb\",\"itemListElement\":[{\"@type\":\"ListItem\",\"position\":1,\"name\":\"Accueil\",\"item\":\"https:\\\/\\\/www.webdo.tn\\\/fr\\\/\"},{\"@type\":\"ListItem\",\"position\":2,\"name\":\"Bardo 1 : du mardi au samedi\"}]},{\"@type\":\"WebSite\",\"@id\":\"https:\\\/\\\/www.webdo.tn\\\/fr\\\/#website\",\"url\":\"https:\\\/\\\/www.webdo.tn\\\/fr\\\/\",\"name\":\"webdo\",\"description\":\"Tunisie - News en Tunisie et \u00e0 l&#039;international sur Webdo.tn\",\"publisher\":{\"@id\":\"https:\\\/\\\/www.webdo.tn\\\/fr\\\/#organization\"},\"potentialAction\":[{\"@type\":\"SearchAction\",\"target\":{\"@type\":\"EntryPoint\",\"urlTemplate\":\"https:\\\/\\\/www.webdo.tn\\\/fr\\\/?s={search_term_string}\"},\"query-input\":{\"@type\":\"PropertyValueSpecification\",\"valueRequired\":true,\"valueName\":\"search_term_string\"}}],\"inLanguage\":\"fr-FR\"},{\"@type\":\"Organization\",\"@id\":\"https:\\\/\\\/www.webdo.tn\\\/fr\\\/#organization\",\"name\":\"Webdo\",\"alternateName\":\"Webdo.tn\",\"url\":\"https:\\\/\\\/www.webdo.tn\\\/fr\\\/\",\"logo\":{\"@type\":\"ImageObject\",\"inLanguage\":\"fr-FR\",\"@id\":\"https:\\\/\\\/www.webdo.tn\\\/fr\\\/#\\\/schema\\\/logo\\\/image\\\/\",\"url\":\"https:\\\/\\\/www.webdo.tn\\\/fr\\\/wp-content\\\/uploads\\\/2025\\\/06\\\/Webdo-Tunisie_168377.jpg\",\"contentUrl\":\"https:\\\/\\\/www.webdo.tn\\\/fr\\\/wp-content\\\/uploads\\\/2025\\\/06\\\/Webdo-Tunisie_168377.jpg\",\"width\":301,\"height\":301,\"caption\":\"Webdo\"},\"image\":{\"@id\":\"https:\\\/\\\/www.webdo.tn\\\/fr\\\/#\\\/schema\\\/logo\\\/image\\\/\"},\"sameAs\":[\"https:\\\/\\\/www.facebook.com\\\/webdotn\",\"https:\\\/\\\/x.com\\\/webdo_tn\"],\"description\":\"Webdo est un m\u00e9dia num\u00e9rique tunisien fond\u00e9 en 2010, sp\u00e9cialis\u00e9 dans l\u2019actualit\u00e9 nationale et internationale, l\u2019\u00e9conomie, la soci\u00e9t\u00e9 et les analyses politiques. Le site s\u2019adresse \u00e0 un large public francophone et couvre l\u2019information tunisienne en temps r\u00e9el.\",\"email\":\"redac@webdo.tn\",\"legalName\":\"YNJ SARL\",\"foundingDate\":\"2010-09-06\",\"numberOfEmployees\":{\"@type\":\"QuantitativeValue\",\"minValue\":\"11\",\"maxValue\":\"50\"}},{\"@type\":\"Person\",\"@id\":\"https:\\\/\\\/www.webdo.tn\\\/fr\\\/#\\\/schema\\\/person\\\/9a9c6118d687c117df8ef3cc36a4d175\",\"name\":\"webdo.tn\",\"image\":{\"@type\":\"ImageObject\",\"inLanguage\":\"fr-FR\",\"@id\":\"https:\\\/\\\/secure.gravatar.com\\\/avatar\\\/7ce1f28c0c3bbac99ff550b85ef8e44a6950c6ee24514fb6a5489e51d06f0298?s=96&d=mm&r=g\",\"url\":\"https:\\\/\\\/secure.gravatar.com\\\/avatar\\\/7ce1f28c0c3bbac99ff550b85ef8e44a6950c6ee24514fb6a5489e51d06f0298?s=96&d=mm&r=g\",\"contentUrl\":\"https:\\\/\\\/secure.gravatar.com\\\/avatar\\\/7ce1f28c0c3bbac99ff550b85ef8e44a6950c6ee24514fb6a5489e51d06f0298?s=96&d=mm&r=g\",\"caption\":\"webdo.tn\"},\"url\":\"https:\\\/\\\/www.webdo.tn\\\/fr\\\/actualite\\\/author\\\/webdotn\\\/\"}]}<\/script>\n<!-- \/ Yoast SEO Premium plugin. -->","yoast_head_json":{"title":"Bardo 1 : du mardi au samedi","description":"Bardo 1 : du mardi au samedi","canonical":"https:\/\/www.webdo.tn\/fr\/actualite\/national-45\/bardo-1-du-mardi-au-samedi\/172407\/","og_locale":"fr_FR","og_type":"article","og_title":"Bardo 1 : du mardi au samedi","og_description":"Bardo 1 : du mardi au samedi","og_url":"https:\/\/www.webdo.tn\/fr\/actualite\/national-45\/bardo-1-du-mardi-au-samedi\/172407\/","og_site_name":"webdo","article_publisher":"https:\/\/www.facebook.com\/webdotn","article_published_time":"2011-12-04T16:09:00+00:00","author":"webdo.tn","twitter_card":"summary_large_image","twitter_creator":"@webdo_tn","twitter_site":"@webdo_tn","twitter_misc":{"\u00c9crit par":"webdo.tn","Dur\u00e9e de lecture estim\u00e9e":"4 minutes"},"schema":{"@context":"https:\/\/schema.org","@graph":[{"@type":"NewsArticle","@id":"https:\/\/www.webdo.tn\/fr\/actualite\/national-45\/bardo-1-du-mardi-au-samedi\/172407\/#article","isPartOf":{"@id":"https:\/\/www.webdo.tn\/fr\/actualite\/national-45\/bardo-1-du-mardi-au-samedi\/172407\/"},"author":{"name":"webdo.tn","@id":"https:\/\/www.webdo.tn\/fr\/#\/schema\/person\/9a9c6118d687c117df8ef3cc36a4d175"},"headline":"Bardo 1 : du mardi au samedi","datePublished":"2011-12-04T16:09:00+00:00","mainEntityOfPage":{"@id":"https:\/\/www.webdo.tn\/fr\/actualite\/national-45\/bardo-1-du-mardi-au-samedi\/172407\/"},"wordCount":764,"commentCount":0,"publisher":{"@id":"https:\/\/www.webdo.tn\/fr\/#organization"},"image":{"@id":"https:\/\/www.webdo.tn\/fr\/actualite\/national-45\/bardo-1-du-mardi-au-samedi\/172407\/#primaryimage"},"thumbnailUrl":"https:\/\/www.webdo.tn\/fr\/wp-content\/uploads\/2025\/06\/Manifestation-Bardo-1-decembre-2011-photo-AFP_172407.jpg","keywords":["guerre"],"articleSection":["National"],"inLanguage":"fr-FR"},{"@type":"WebPage","@id":"https:\/\/www.webdo.tn\/fr\/actualite\/national-45\/bardo-1-du-mardi-au-samedi\/172407\/","url":"https:\/\/www.webdo.tn\/fr\/actualite\/national-45\/bardo-1-du-mardi-au-samedi\/172407\/","name":"Bardo 1 : du mardi au samedi","isPartOf":{"@id":"https:\/\/www.webdo.tn\/fr\/#website"},"primaryImageOfPage":{"@id":"https:\/\/www.webdo.tn\/fr\/actualite\/national-45\/bardo-1-du-mardi-au-samedi\/172407\/#primaryimage"},"image":{"@id":"https:\/\/www.webdo.tn\/fr\/actualite\/national-45\/bardo-1-du-mardi-au-samedi\/172407\/#primaryimage"},"thumbnailUrl":"https:\/\/www.webdo.tn\/fr\/wp-content\/uploads\/2025\/06\/Manifestation-Bardo-1-decembre-2011-photo-AFP_172407.jpg","datePublished":"2011-12-04T16:09:00+00:00","description":"Bardo 1 : du mardi au samedi","breadcrumb":{"@id":"https:\/\/www.webdo.tn\/fr\/actualite\/national-45\/bardo-1-du-mardi-au-samedi\/172407\/#breadcrumb"},"inLanguage":"fr-FR","potentialAction":[{"@type":"ReadAction","target":["https:\/\/www.webdo.tn\/fr\/actualite\/national-45\/bardo-1-du-mardi-au-samedi\/172407\/"]}]},{"@type":"ImageObject","inLanguage":"fr-FR","@id":"https:\/\/www.webdo.tn\/fr\/actualite\/national-45\/bardo-1-du-mardi-au-samedi\/172407\/#primaryimage","url":"https:\/\/www.webdo.tn\/fr\/wp-content\/uploads\/2025\/06\/Manifestation-Bardo-1-decembre-2011-photo-AFP_172407.jpg","contentUrl":"https:\/\/www.webdo.tn\/fr\/wp-content\/uploads\/2025\/06\/Manifestation-Bardo-1-decembre-2011-photo-AFP_172407.jpg","width":359,"height":239,"caption":"Bardo 1 : du mardi au samedi"},{"@type":"BreadcrumbList","@id":"https:\/\/www.webdo.tn\/fr\/actualite\/national-45\/bardo-1-du-mardi-au-samedi\/172407\/#breadcrumb","itemListElement":[{"@type":"ListItem","position":1,"name":"Accueil","item":"https:\/\/www.webdo.tn\/fr\/"},{"@type":"ListItem","position":2,"name":"Bardo 1 : du mardi au samedi"}]},{"@type":"WebSite","@id":"https:\/\/www.webdo.tn\/fr\/#website","url":"https:\/\/www.webdo.tn\/fr\/","name":"webdo","description":"Tunisie - News en Tunisie et \u00e0 l&#039;international sur Webdo.tn","publisher":{"@id":"https:\/\/www.webdo.tn\/fr\/#organization"},"potentialAction":[{"@type":"SearchAction","target":{"@type":"EntryPoint","urlTemplate":"https:\/\/www.webdo.tn\/fr\/?s={search_term_string}"},"query-input":{"@type":"PropertyValueSpecification","valueRequired":true,"valueName":"search_term_string"}}],"inLanguage":"fr-FR"},{"@type":"Organization","@id":"https:\/\/www.webdo.tn\/fr\/#organization","name":"Webdo","alternateName":"Webdo.tn","url":"https:\/\/www.webdo.tn\/fr\/","logo":{"@type":"ImageObject","inLanguage":"fr-FR","@id":"https:\/\/www.webdo.tn\/fr\/#\/schema\/logo\/image\/","url":"https:\/\/www.webdo.tn\/fr\/wp-content\/uploads\/2025\/06\/Webdo-Tunisie_168377.jpg","contentUrl":"https:\/\/www.webdo.tn\/fr\/wp-content\/uploads\/2025\/06\/Webdo-Tunisie_168377.jpg","width":301,"height":301,"caption":"Webdo"},"image":{"@id":"https:\/\/www.webdo.tn\/fr\/#\/schema\/logo\/image\/"},"sameAs":["https:\/\/www.facebook.com\/webdotn","https:\/\/x.com\/webdo_tn"],"description":"Webdo est un m\u00e9dia num\u00e9rique tunisien fond\u00e9 en 2010, sp\u00e9cialis\u00e9 dans l\u2019actualit\u00e9 nationale et internationale, l\u2019\u00e9conomie, la soci\u00e9t\u00e9 et les analyses politiques. Le site s\u2019adresse \u00e0 un large public francophone et couvre l\u2019information tunisienne en temps r\u00e9el.","email":"redac@webdo.tn","legalName":"YNJ SARL","foundingDate":"2010-09-06","numberOfEmployees":{"@type":"QuantitativeValue","minValue":"11","maxValue":"50"}},{"@type":"Person","@id":"https:\/\/www.webdo.tn\/fr\/#\/schema\/person\/9a9c6118d687c117df8ef3cc36a4d175","name":"webdo.tn","image":{"@type":"ImageObject","inLanguage":"fr-FR","@id":"https:\/\/secure.gravatar.com\/avatar\/7ce1f28c0c3bbac99ff550b85ef8e44a6950c6ee24514fb6a5489e51d06f0298?s=96&d=mm&r=g","url":"https:\/\/secure.gravatar.com\/avatar\/7ce1f28c0c3bbac99ff550b85ef8e44a6950c6ee24514fb6a5489e51d06f0298?s=96&d=mm&r=g","contentUrl":"https:\/\/secure.gravatar.com\/avatar\/7ce1f28c0c3bbac99ff550b85ef8e44a6950c6ee24514fb6a5489e51d06f0298?s=96&d=mm&r=g","caption":"webdo.tn"},"url":"https:\/\/www.webdo.tn\/fr\/actualite\/author\/webdotn\/"}]}},"_links":{"self":[{"href":"https:\/\/www.webdo.tn\/fr\/wp-json\/wp\/v2\/posts\/172407","targetHints":{"allow":["GET"]}}],"collection":[{"href":"https:\/\/www.webdo.tn\/fr\/wp-json\/wp\/v2\/posts"}],"about":[{"href":"https:\/\/www.webdo.tn\/fr\/wp-json\/wp\/v2\/types\/post"}],"author":[{"embeddable":true,"href":"https:\/\/www.webdo.tn\/fr\/wp-json\/wp\/v2\/users\/3222"}],"replies":[{"embeddable":true,"href":"https:\/\/www.webdo.tn\/fr\/wp-json\/wp\/v2\/comments?post=172407"}],"version-history":[{"count":0,"href":"https:\/\/www.webdo.tn\/fr\/wp-json\/wp\/v2\/posts\/172407\/revisions"}],"wp:featuredmedia":[{"embeddable":true,"href":"https:\/\/www.webdo.tn\/fr\/wp-json\/wp\/v2\/media\/374592"}],"wp:attachment":[{"href":"https:\/\/www.webdo.tn\/fr\/wp-json\/wp\/v2\/media?parent=172407"}],"wp:term":[{"taxonomy":"category","embeddable":true,"href":"https:\/\/www.webdo.tn\/fr\/wp-json\/wp\/v2\/categories?post=172407"},{"taxonomy":"post_tag","embeddable":true,"href":"https:\/\/www.webdo.tn\/fr\/wp-json\/wp\/v2\/tags?post=172407"}],"curies":[{"name":"wp","href":"https:\/\/api.w.org\/{rel}","templated":true}]}}