{"id":172395,"date":"2011-12-09T10:56:00","date_gmt":"2011-12-09T10:56:00","guid":{"rendered":"https:\/\/www.webdo.tn\/fr\/blog\/jalloul-ayed-nous-serons-tres-chanceux-si-le-deficit-ne-depasse-pas-les-6-du-pib\/172395\/"},"modified":"2025-06-04T19:04:07","modified_gmt":"2025-06-04T19:04:07","slug":"jalloul-ayed-nous-serons-tres-chanceux-si-le-deficit-ne-depasse-pas-les-6-du-pib","status":"publish","type":"post","link":"https:\/\/www.webdo.tn\/fr\/actualite\/national\/jalloul-ayed-nous-serons-tres-chanceux-si-le-deficit-ne-depasse-pas-les-6-du-pib\/172395\/","title":{"rendered":"Jalloul Ayed : \u00abNous serons tr\u00e8s chanceux si le d\u00e9ficit ne d\u00e9passe pas les 6 % du PIB\u00bb"},"content":{"rendered":"<p>Les jours se suivent et se ressemblent pour l&rsquo;\u00e9conomie tunisienne. Il y a une  semaine, la Banque centrale de Tunisie et l\u2019UTICA ont tir\u00e9 la sonnette d\u2019alarme. Juste avant, le minist\u00e8re des Finances a annonc\u00e9 la couleur pour l&rsquo;ann\u00e9e prochaine pr\u00e9voyant de ne pas d\u00e9passer les 6% de d\u00e9ficit budg\u00e9taire du PIB.<\/p>\n<p>Hier, le ministre des Finances, Jalloul Ayed, a d\u00e9clar\u00e9 qu&rsquo;il croyait de moins au moins en sa bonne \u00e9toile. \u00abCette ann\u00e9e, nous allons nous retrouver avec un d\u00e9ficit budg\u00e9taire de 4 % du PIB. L&rsquo;ann\u00e9e prochaine, nous serons tr\u00e8s chanceux si ce d\u00e9ficit ne d\u00e9passe pas les 6 %\u00bb, a d\u00e9clar\u00e9 Jalloul Ayed, lors d&rsquo;une conf\u00e9rence, rapporte l&rsquo;agence Reuters.<\/p>\n<p>\u00abNous ne voulons pas que le d\u00e9ficit budg\u00e9taire atteigne les 9, 8 ou 10 %, car si cela devait arriver, la Tunisie pourrait perdre sa note d\u2019&rsquo;investissement grade&rsquo;\u00bb, ajoute-t-il.<\/p>\n<p>Sur ce sujet, la m\u00eame source rappelle que la Tunisie poss\u00e8de la note &lsquo;investissement grade&rsquo; la plus basse et une appr\u00e9ciation n\u00e9gative de la part des trois grandes agences de notation. Rappelons qu&rsquo;au novembre 2011, l&rsquo;agence de notation financi\u00e8re am\u00e9ricaine Standard and Poor&rsquo;s (S&amp;P) a annonc\u00e9 qu&rsquo;elle conservait la note BBB- pour la Tunisie ; une note qualifi\u00e9e de &lsquo;qualit\u00e9 moyenne inf\u00e9rieure&rsquo;.<\/p>\n<p>M\u00eame si l&rsquo;\u00e9conomie tunisienne a progress\u00e9 de 1,5 % au troisi\u00e8me trimestre, la croissance globale en 2011 sera proche de z\u00e9ro et les pr\u00e9visions pr\u00e9disent, selon le gouvernement, un rebond de 4,5 % en 2012, termine Reuters.<\/p>\n","protected":false},"excerpt":{"rendered":"<p>Jalloul Ayed : \u00abNous serons tr\u00e8s chanceux si le d\u00e9ficit ne d\u00e9passe pas les 6 % du PIB\u00bb <\/p>\n","protected":false},"author":3222,"featured_media":333877,"comment_status":"open","ping_status":"closed","sticky":false,"template":"","format":"standard","meta":{"footnotes":""},"categories":[44],"tags":[],"class_list":["post-172395","post","type-post","status-publish","format-standard","has-post-thumbnail","hentry","category-national"],"yoast_head":"<!-- This site is optimized with the Yoast SEO Premium plugin v27.5 (Yoast SEO v27.5) - https:\/\/yoast.com\/product\/yoast-seo-premium-wordpress\/ -->\n<title>Jalloul Ayed : \u00abNous serons tr\u00e8s chanceux si le d\u00e9ficit ne d\u00e9passe pas les 6 % du PIB\u00bb<\/title>\n<meta name=\"description\" content=\"Jalloul Ayed : \u00abNous serons tr\u00e8s chanceux si le d\u00e9ficit ne d\u00e9passe pas les 6 % du PIB\u00bb\" \/>\n<link rel=\"canonical\" href=\"https:\/\/www.webdo.tn\/fr\/actualite\/national\/jalloul-ayed-nous-serons-tres-chanceux-si-le-deficit-ne-depasse-pas-les-6-du-pib\/172395\/\" \/>\n<meta property=\"og:locale\" content=\"fr_FR\" \/>\n<meta property=\"og:type\" content=\"article\" \/>\n<meta property=\"og:title\" content=\"Jalloul Ayed : \u00abNous serons tr\u00e8s chanceux si le d\u00e9ficit ne d\u00e9passe pas les 6 % du PIB\u00bb\" \/>\n<meta property=\"og:description\" content=\"Jalloul Ayed : \u00abNous serons tr\u00e8s chanceux si le d\u00e9ficit ne d\u00e9passe pas les 6 % du PIB\u00bb\" \/>\n<meta property=\"og:url\" content=\"https:\/\/www.webdo.tn\/fr\/actualite\/national\/jalloul-ayed-nous-serons-tres-chanceux-si-le-deficit-ne-depasse-pas-les-6-du-pib\/172395\/\" \/>\n<meta property=\"og:site_name\" content=\"webdo\" \/>\n<meta property=\"article:publisher\" content=\"https:\/\/www.facebook.com\/webdotn\" \/>\n<meta property=\"article:published_time\" content=\"2011-12-09T10:56:00+00:00\" \/>\n<meta property=\"article:modified_time\" content=\"2025-06-04T19:04:07+00:00\" \/>\n<meta property=\"og:image\" content=\"https:\/\/www.webdo.tn\/fr\/wp-content\/uploads\/2011\/12\/Jalloul-Ayed-photo-Reuters.jpg\" \/>\n\t<meta property=\"og:image:width\" content=\"285\" \/>\n\t<meta property=\"og:image:height\" content=\"195\" \/>\n\t<meta property=\"og:image:type\" content=\"image\/jpeg\" \/>\n<meta name=\"author\" content=\"webdo.tn\" \/>\n<meta name=\"twitter:card\" content=\"summary_large_image\" \/>\n<meta name=\"twitter:creator\" content=\"@webdo_tn\" \/>\n<meta name=\"twitter:site\" content=\"@webdo_tn\" \/>\n<meta name=\"twitter:label1\" content=\"\u00c9crit par\" \/>\n\t<meta name=\"twitter:data1\" content=\"webdo.tn\" \/>\n\t<meta name=\"twitter:label2\" content=\"Dur\u00e9e de lecture estim\u00e9e\" \/>\n\t<meta name=\"twitter:data2\" content=\"1 minute\" \/>\n<script type=\"application\/ld+json\" class=\"yoast-schema-graph\">{\"@context\":\"https:\\\/\\\/schema.org\",\"@graph\":[{\"@type\":\"NewsArticle\",\"@id\":\"https:\\\/\\\/www.webdo.tn\\\/fr\\\/actualite\\\/national\\\/jalloul-ayed-nous-serons-tres-chanceux-si-le-deficit-ne-depasse-pas-les-6-du-pib\\\/172395\\\/#article\",\"isPartOf\":{\"@id\":\"https:\\\/\\\/www.webdo.tn\\\/fr\\\/actualite\\\/national\\\/jalloul-ayed-nous-serons-tres-chanceux-si-le-deficit-ne-depasse-pas-les-6-du-pib\\\/172395\\\/\"},\"author\":{\"name\":\"webdo.tn\",\"@id\":\"https:\\\/\\\/www.webdo.tn\\\/fr\\\/#\\\/schema\\\/person\\\/9a9c6118d687c117df8ef3cc36a4d175\"},\"headline\":\"Jalloul Ayed : \u00abNous serons tr\u00e8s chanceux si le d\u00e9ficit ne d\u00e9passe pas les 6 % du PIB\u00bb\",\"datePublished\":\"2011-12-09T10:56:00+00:00\",\"dateModified\":\"2025-06-04T19:04:07+00:00\",\"mainEntityOfPage\":{\"@id\":\"https:\\\/\\\/www.webdo.tn\\\/fr\\\/actualite\\\/national\\\/jalloul-ayed-nous-serons-tres-chanceux-si-le-deficit-ne-depasse-pas-les-6-du-pib\\\/172395\\\/\"},\"wordCount\":287,\"commentCount\":0,\"publisher\":{\"@id\":\"https:\\\/\\\/www.webdo.tn\\\/fr\\\/#organization\"},\"image\":{\"@id\":\"https:\\\/\\\/www.webdo.tn\\\/fr\\\/actualite\\\/national\\\/jalloul-ayed-nous-serons-tres-chanceux-si-le-deficit-ne-depasse-pas-les-6-du-pib\\\/172395\\\/#primaryimage\"},\"thumbnailUrl\":\"https:\\\/\\\/www.webdo.tn\\\/fr\\\/wp-content\\\/uploads\\\/2011\\\/12\\\/Jalloul-Ayed-photo-Reuters.jpg\",\"articleSection\":[\"National\"],\"inLanguage\":\"fr-FR\"},{\"@type\":\"WebPage\",\"@id\":\"https:\\\/\\\/www.webdo.tn\\\/fr\\\/actualite\\\/national\\\/jalloul-ayed-nous-serons-tres-chanceux-si-le-deficit-ne-depasse-pas-les-6-du-pib\\\/172395\\\/\",\"url\":\"https:\\\/\\\/www.webdo.tn\\\/fr\\\/actualite\\\/national\\\/jalloul-ayed-nous-serons-tres-chanceux-si-le-deficit-ne-depasse-pas-les-6-du-pib\\\/172395\\\/\",\"name\":\"Jalloul Ayed : \u00abNous serons tr\u00e8s chanceux si le d\u00e9ficit ne d\u00e9passe pas les 6 % du PIB\u00bb\",\"isPartOf\":{\"@id\":\"https:\\\/\\\/www.webdo.tn\\\/fr\\\/#website\"},\"primaryImageOfPage\":{\"@id\":\"https:\\\/\\\/www.webdo.tn\\\/fr\\\/actualite\\\/national\\\/jalloul-ayed-nous-serons-tres-chanceux-si-le-deficit-ne-depasse-pas-les-6-du-pib\\\/172395\\\/#primaryimage\"},\"image\":{\"@id\":\"https:\\\/\\\/www.webdo.tn\\\/fr\\\/actualite\\\/national\\\/jalloul-ayed-nous-serons-tres-chanceux-si-le-deficit-ne-depasse-pas-les-6-du-pib\\\/172395\\\/#primaryimage\"},\"thumbnailUrl\":\"https:\\\/\\\/www.webdo.tn\\\/fr\\\/wp-content\\\/uploads\\\/2011\\\/12\\\/Jalloul-Ayed-photo-Reuters.jpg\",\"datePublished\":\"2011-12-09T10:56:00+00:00\",\"dateModified\":\"2025-06-04T19:04:07+00:00\",\"description\":\"Jalloul Ayed : \u00abNous serons tr\u00e8s chanceux si le d\u00e9ficit ne d\u00e9passe pas les 6 % du PIB\u00bb\",\"breadcrumb\":{\"@id\":\"https:\\\/\\\/www.webdo.tn\\\/fr\\\/actualite\\\/national\\\/jalloul-ayed-nous-serons-tres-chanceux-si-le-deficit-ne-depasse-pas-les-6-du-pib\\\/172395\\\/#breadcrumb\"},\"inLanguage\":\"fr-FR\",\"potentialAction\":[{\"@type\":\"ReadAction\",\"target\":[\"https:\\\/\\\/www.webdo.tn\\\/fr\\\/actualite\\\/national\\\/jalloul-ayed-nous-serons-tres-chanceux-si-le-deficit-ne-depasse-pas-les-6-du-pib\\\/172395\\\/\"]}]},{\"@type\":\"ImageObject\",\"inLanguage\":\"fr-FR\",\"@id\":\"https:\\\/\\\/www.webdo.tn\\\/fr\\\/actualite\\\/national\\\/jalloul-ayed-nous-serons-tres-chanceux-si-le-deficit-ne-depasse-pas-les-6-du-pib\\\/172395\\\/#primaryimage\",\"url\":\"https:\\\/\\\/www.webdo.tn\\\/fr\\\/wp-content\\\/uploads\\\/2011\\\/12\\\/Jalloul-Ayed-photo-Reuters.jpg\",\"contentUrl\":\"https:\\\/\\\/www.webdo.tn\\\/fr\\\/wp-content\\\/uploads\\\/2011\\\/12\\\/Jalloul-Ayed-photo-Reuters.jpg\",\"width\":285,\"height\":195,\"caption\":\"Jalloul Ayed : \u00abNous serons tr\u00e8s chanceux si le d\u00e9ficit ne d\u00e9passe pas les 6 % du PIB\u00bb\"},{\"@type\":\"BreadcrumbList\",\"@id\":\"https:\\\/\\\/www.webdo.tn\\\/fr\\\/actualite\\\/national\\\/jalloul-ayed-nous-serons-tres-chanceux-si-le-deficit-ne-depasse-pas-les-6-du-pib\\\/172395\\\/#breadcrumb\",\"itemListElement\":[{\"@type\":\"ListItem\",\"position\":1,\"name\":\"Accueil\",\"item\":\"https:\\\/\\\/www.webdo.tn\\\/fr\\\/\"},{\"@type\":\"ListItem\",\"position\":2,\"name\":\"Jalloul Ayed : \u00abNous serons tr\u00e8s chanceux si le d\u00e9ficit ne d\u00e9passe pas les 6 % du PIB\u00bb\"}]},{\"@type\":\"WebSite\",\"@id\":\"https:\\\/\\\/www.webdo.tn\\\/fr\\\/#website\",\"url\":\"https:\\\/\\\/www.webdo.tn\\\/fr\\\/\",\"name\":\"webdo\",\"description\":\"Tunisie - News en Tunisie et \u00e0 l&#039;international sur Webdo.tn\",\"publisher\":{\"@id\":\"https:\\\/\\\/www.webdo.tn\\\/fr\\\/#organization\"},\"potentialAction\":[{\"@type\":\"SearchAction\",\"target\":{\"@type\":\"EntryPoint\",\"urlTemplate\":\"https:\\\/\\\/www.webdo.tn\\\/fr\\\/?s={search_term_string}\"},\"query-input\":{\"@type\":\"PropertyValueSpecification\",\"valueRequired\":true,\"valueName\":\"search_term_string\"}}],\"inLanguage\":\"fr-FR\"},{\"@type\":\"Organization\",\"@id\":\"https:\\\/\\\/www.webdo.tn\\\/fr\\\/#organization\",\"name\":\"Webdo\",\"alternateName\":\"Webdo.tn\",\"url\":\"https:\\\/\\\/www.webdo.tn\\\/fr\\\/\",\"logo\":{\"@type\":\"ImageObject\",\"inLanguage\":\"fr-FR\",\"@id\":\"https:\\\/\\\/www.webdo.tn\\\/fr\\\/#\\\/schema\\\/logo\\\/image\\\/\",\"url\":\"https:\\\/\\\/www.webdo.tn\\\/fr\\\/wp-content\\\/uploads\\\/2025\\\/06\\\/Webdo-Tunisie_168377.jpg\",\"contentUrl\":\"https:\\\/\\\/www.webdo.tn\\\/fr\\\/wp-content\\\/uploads\\\/2025\\\/06\\\/Webdo-Tunisie_168377.jpg\",\"width\":301,\"height\":301,\"caption\":\"Webdo\"},\"image\":{\"@id\":\"https:\\\/\\\/www.webdo.tn\\\/fr\\\/#\\\/schema\\\/logo\\\/image\\\/\"},\"sameAs\":[\"https:\\\/\\\/www.facebook.com\\\/webdotn\",\"https:\\\/\\\/x.com\\\/webdo_tn\"],\"description\":\"Webdo est un m\u00e9dia num\u00e9rique tunisien fond\u00e9 en 2010, sp\u00e9cialis\u00e9 dans l\u2019actualit\u00e9 nationale et internationale, l\u2019\u00e9conomie, la soci\u00e9t\u00e9 et les analyses politiques. Le site s\u2019adresse \u00e0 un large public francophone et couvre l\u2019information tunisienne en temps r\u00e9el.\",\"email\":\"redac@webdo.tn\",\"legalName\":\"YNJ SARL\",\"foundingDate\":\"2010-09-06\",\"numberOfEmployees\":{\"@type\":\"QuantitativeValue\",\"minValue\":\"11\",\"maxValue\":\"50\"}},{\"@type\":\"Person\",\"@id\":\"https:\\\/\\\/www.webdo.tn\\\/fr\\\/#\\\/schema\\\/person\\\/9a9c6118d687c117df8ef3cc36a4d175\",\"name\":\"webdo.tn\",\"image\":{\"@type\":\"ImageObject\",\"inLanguage\":\"fr-FR\",\"@id\":\"https:\\\/\\\/secure.gravatar.com\\\/avatar\\\/7ce1f28c0c3bbac99ff550b85ef8e44a6950c6ee24514fb6a5489e51d06f0298?s=96&d=mm&r=g\",\"url\":\"https:\\\/\\\/secure.gravatar.com\\\/avatar\\\/7ce1f28c0c3bbac99ff550b85ef8e44a6950c6ee24514fb6a5489e51d06f0298?s=96&d=mm&r=g\",\"contentUrl\":\"https:\\\/\\\/secure.gravatar.com\\\/avatar\\\/7ce1f28c0c3bbac99ff550b85ef8e44a6950c6ee24514fb6a5489e51d06f0298?s=96&d=mm&r=g\",\"caption\":\"webdo.tn\"},\"url\":\"https:\\\/\\\/www.webdo.tn\\\/fr\\\/actualite\\\/author\\\/webdotn\\\/\"}]}<\/script>\n<!-- \/ Yoast SEO Premium plugin. -->","yoast_head_json":{"title":"Jalloul Ayed : \u00abNous serons tr\u00e8s chanceux si le d\u00e9ficit ne d\u00e9passe pas les 6 % du PIB\u00bb","description":"Jalloul Ayed : \u00abNous serons tr\u00e8s chanceux si le d\u00e9ficit ne d\u00e9passe pas les 6 % du PIB\u00bb","canonical":"https:\/\/www.webdo.tn\/fr\/actualite\/national\/jalloul-ayed-nous-serons-tres-chanceux-si-le-deficit-ne-depasse-pas-les-6-du-pib\/172395\/","og_locale":"fr_FR","og_type":"article","og_title":"Jalloul Ayed : \u00abNous serons tr\u00e8s chanceux si le d\u00e9ficit ne d\u00e9passe pas les 6 % du PIB\u00bb","og_description":"Jalloul Ayed : \u00abNous serons tr\u00e8s chanceux si le d\u00e9ficit ne d\u00e9passe pas les 6 % du PIB\u00bb","og_url":"https:\/\/www.webdo.tn\/fr\/actualite\/national\/jalloul-ayed-nous-serons-tres-chanceux-si-le-deficit-ne-depasse-pas-les-6-du-pib\/172395\/","og_site_name":"webdo","article_publisher":"https:\/\/www.facebook.com\/webdotn","article_published_time":"2011-12-09T10:56:00+00:00","article_modified_time":"2025-06-04T19:04:07+00:00","og_image":[{"width":285,"height":195,"url":"https:\/\/www.webdo.tn\/fr\/wp-content\/uploads\/2011\/12\/Jalloul-Ayed-photo-Reuters.jpg","type":"image\/jpeg"}],"author":"webdo.tn","twitter_card":"summary_large_image","twitter_creator":"@webdo_tn","twitter_site":"@webdo_tn","twitter_misc":{"\u00c9crit par":"webdo.tn","Dur\u00e9e de lecture estim\u00e9e":"1 minute"},"schema":{"@context":"https:\/\/schema.org","@graph":[{"@type":"NewsArticle","@id":"https:\/\/www.webdo.tn\/fr\/actualite\/national\/jalloul-ayed-nous-serons-tres-chanceux-si-le-deficit-ne-depasse-pas-les-6-du-pib\/172395\/#article","isPartOf":{"@id":"https:\/\/www.webdo.tn\/fr\/actualite\/national\/jalloul-ayed-nous-serons-tres-chanceux-si-le-deficit-ne-depasse-pas-les-6-du-pib\/172395\/"},"author":{"name":"webdo.tn","@id":"https:\/\/www.webdo.tn\/fr\/#\/schema\/person\/9a9c6118d687c117df8ef3cc36a4d175"},"headline":"Jalloul Ayed : \u00abNous serons tr\u00e8s chanceux si le d\u00e9ficit ne d\u00e9passe pas les 6 % du PIB\u00bb","datePublished":"2011-12-09T10:56:00+00:00","dateModified":"2025-06-04T19:04:07+00:00","mainEntityOfPage":{"@id":"https:\/\/www.webdo.tn\/fr\/actualite\/national\/jalloul-ayed-nous-serons-tres-chanceux-si-le-deficit-ne-depasse-pas-les-6-du-pib\/172395\/"},"wordCount":287,"commentCount":0,"publisher":{"@id":"https:\/\/www.webdo.tn\/fr\/#organization"},"image":{"@id":"https:\/\/www.webdo.tn\/fr\/actualite\/national\/jalloul-ayed-nous-serons-tres-chanceux-si-le-deficit-ne-depasse-pas-les-6-du-pib\/172395\/#primaryimage"},"thumbnailUrl":"https:\/\/www.webdo.tn\/fr\/wp-content\/uploads\/2011\/12\/Jalloul-Ayed-photo-Reuters.jpg","articleSection":["National"],"inLanguage":"fr-FR"},{"@type":"WebPage","@id":"https:\/\/www.webdo.tn\/fr\/actualite\/national\/jalloul-ayed-nous-serons-tres-chanceux-si-le-deficit-ne-depasse-pas-les-6-du-pib\/172395\/","url":"https:\/\/www.webdo.tn\/fr\/actualite\/national\/jalloul-ayed-nous-serons-tres-chanceux-si-le-deficit-ne-depasse-pas-les-6-du-pib\/172395\/","name":"Jalloul Ayed : \u00abNous serons tr\u00e8s chanceux si le d\u00e9ficit ne d\u00e9passe pas les 6 % du PIB\u00bb","isPartOf":{"@id":"https:\/\/www.webdo.tn\/fr\/#website"},"primaryImageOfPage":{"@id":"https:\/\/www.webdo.tn\/fr\/actualite\/national\/jalloul-ayed-nous-serons-tres-chanceux-si-le-deficit-ne-depasse-pas-les-6-du-pib\/172395\/#primaryimage"},"image":{"@id":"https:\/\/www.webdo.tn\/fr\/actualite\/national\/jalloul-ayed-nous-serons-tres-chanceux-si-le-deficit-ne-depasse-pas-les-6-du-pib\/172395\/#primaryimage"},"thumbnailUrl":"https:\/\/www.webdo.tn\/fr\/wp-content\/uploads\/2011\/12\/Jalloul-Ayed-photo-Reuters.jpg","datePublished":"2011-12-09T10:56:00+00:00","dateModified":"2025-06-04T19:04:07+00:00","description":"Jalloul Ayed : \u00abNous serons tr\u00e8s chanceux si le d\u00e9ficit ne d\u00e9passe pas les 6 % du PIB\u00bb","breadcrumb":{"@id":"https:\/\/www.webdo.tn\/fr\/actualite\/national\/jalloul-ayed-nous-serons-tres-chanceux-si-le-deficit-ne-depasse-pas-les-6-du-pib\/172395\/#breadcrumb"},"inLanguage":"fr-FR","potentialAction":[{"@type":"ReadAction","target":["https:\/\/www.webdo.tn\/fr\/actualite\/national\/jalloul-ayed-nous-serons-tres-chanceux-si-le-deficit-ne-depasse-pas-les-6-du-pib\/172395\/"]}]},{"@type":"ImageObject","inLanguage":"fr-FR","@id":"https:\/\/www.webdo.tn\/fr\/actualite\/national\/jalloul-ayed-nous-serons-tres-chanceux-si-le-deficit-ne-depasse-pas-les-6-du-pib\/172395\/#primaryimage","url":"https:\/\/www.webdo.tn\/fr\/wp-content\/uploads\/2011\/12\/Jalloul-Ayed-photo-Reuters.jpg","contentUrl":"https:\/\/www.webdo.tn\/fr\/wp-content\/uploads\/2011\/12\/Jalloul-Ayed-photo-Reuters.jpg","width":285,"height":195,"caption":"Jalloul Ayed : \u00abNous serons tr\u00e8s chanceux si le d\u00e9ficit ne d\u00e9passe pas les 6 % du PIB\u00bb"},{"@type":"BreadcrumbList","@id":"https:\/\/www.webdo.tn\/fr\/actualite\/national\/jalloul-ayed-nous-serons-tres-chanceux-si-le-deficit-ne-depasse-pas-les-6-du-pib\/172395\/#breadcrumb","itemListElement":[{"@type":"ListItem","position":1,"name":"Accueil","item":"https:\/\/www.webdo.tn\/fr\/"},{"@type":"ListItem","position":2,"name":"Jalloul Ayed : \u00abNous serons tr\u00e8s chanceux si le d\u00e9ficit ne d\u00e9passe pas les 6 % du PIB\u00bb"}]},{"@type":"WebSite","@id":"https:\/\/www.webdo.tn\/fr\/#website","url":"https:\/\/www.webdo.tn\/fr\/","name":"webdo","description":"Tunisie - News en Tunisie et \u00e0 l&#039;international sur Webdo.tn","publisher":{"@id":"https:\/\/www.webdo.tn\/fr\/#organization"},"potentialAction":[{"@type":"SearchAction","target":{"@type":"EntryPoint","urlTemplate":"https:\/\/www.webdo.tn\/fr\/?s={search_term_string}"},"query-input":{"@type":"PropertyValueSpecification","valueRequired":true,"valueName":"search_term_string"}}],"inLanguage":"fr-FR"},{"@type":"Organization","@id":"https:\/\/www.webdo.tn\/fr\/#organization","name":"Webdo","alternateName":"Webdo.tn","url":"https:\/\/www.webdo.tn\/fr\/","logo":{"@type":"ImageObject","inLanguage":"fr-FR","@id":"https:\/\/www.webdo.tn\/fr\/#\/schema\/logo\/image\/","url":"https:\/\/www.webdo.tn\/fr\/wp-content\/uploads\/2025\/06\/Webdo-Tunisie_168377.jpg","contentUrl":"https:\/\/www.webdo.tn\/fr\/wp-content\/uploads\/2025\/06\/Webdo-Tunisie_168377.jpg","width":301,"height":301,"caption":"Webdo"},"image":{"@id":"https:\/\/www.webdo.tn\/fr\/#\/schema\/logo\/image\/"},"sameAs":["https:\/\/www.facebook.com\/webdotn","https:\/\/x.com\/webdo_tn"],"description":"Webdo est un m\u00e9dia num\u00e9rique tunisien fond\u00e9 en 2010, sp\u00e9cialis\u00e9 dans l\u2019actualit\u00e9 nationale et internationale, l\u2019\u00e9conomie, la soci\u00e9t\u00e9 et les analyses politiques. Le site s\u2019adresse \u00e0 un large public francophone et couvre l\u2019information tunisienne en temps r\u00e9el.","email":"redac@webdo.tn","legalName":"YNJ SARL","foundingDate":"2010-09-06","numberOfEmployees":{"@type":"QuantitativeValue","minValue":"11","maxValue":"50"}},{"@type":"Person","@id":"https:\/\/www.webdo.tn\/fr\/#\/schema\/person\/9a9c6118d687c117df8ef3cc36a4d175","name":"webdo.tn","image":{"@type":"ImageObject","inLanguage":"fr-FR","@id":"https:\/\/secure.gravatar.com\/avatar\/7ce1f28c0c3bbac99ff550b85ef8e44a6950c6ee24514fb6a5489e51d06f0298?s=96&d=mm&r=g","url":"https:\/\/secure.gravatar.com\/avatar\/7ce1f28c0c3bbac99ff550b85ef8e44a6950c6ee24514fb6a5489e51d06f0298?s=96&d=mm&r=g","contentUrl":"https:\/\/secure.gravatar.com\/avatar\/7ce1f28c0c3bbac99ff550b85ef8e44a6950c6ee24514fb6a5489e51d06f0298?s=96&d=mm&r=g","caption":"webdo.tn"},"url":"https:\/\/www.webdo.tn\/fr\/actualite\/author\/webdotn\/"}]}},"_links":{"self":[{"href":"https:\/\/www.webdo.tn\/fr\/wp-json\/wp\/v2\/posts\/172395","targetHints":{"allow":["GET"]}}],"collection":[{"href":"https:\/\/www.webdo.tn\/fr\/wp-json\/wp\/v2\/posts"}],"about":[{"href":"https:\/\/www.webdo.tn\/fr\/wp-json\/wp\/v2\/types\/post"}],"author":[{"embeddable":true,"href":"https:\/\/www.webdo.tn\/fr\/wp-json\/wp\/v2\/users\/3222"}],"replies":[{"embeddable":true,"href":"https:\/\/www.webdo.tn\/fr\/wp-json\/wp\/v2\/comments?post=172395"}],"version-history":[{"count":0,"href":"https:\/\/www.webdo.tn\/fr\/wp-json\/wp\/v2\/posts\/172395\/revisions"}],"wp:featuredmedia":[{"embeddable":true,"href":"https:\/\/www.webdo.tn\/fr\/wp-json\/wp\/v2\/media\/333877"}],"wp:attachment":[{"href":"https:\/\/www.webdo.tn\/fr\/wp-json\/wp\/v2\/media?parent=172395"}],"wp:term":[{"taxonomy":"category","embeddable":true,"href":"https:\/\/www.webdo.tn\/fr\/wp-json\/wp\/v2\/categories?post=172395"},{"taxonomy":"post_tag","embeddable":true,"href":"https:\/\/www.webdo.tn\/fr\/wp-json\/wp\/v2\/tags?post=172395"}],"curies":[{"name":"wp","href":"https:\/\/api.w.org\/{rel}","templated":true}]}}