{"id":172394,"date":"2011-12-09T10:57:00","date_gmt":"2011-12-09T10:57:00","guid":{"rendered":"https:\/\/www.webdo.tn\/fr\/blog\/ghannouchi-aurait-rencontre-des-responsables-israeliens-a-washington\/172394\/"},"modified":"2011-12-09T10:57:00","modified_gmt":"2011-12-09T10:57:00","slug":"ghannouchi-aurait-rencontre-des-responsables-israeliens-a-washington","status":"publish","type":"post","link":"https:\/\/www.webdo.tn\/fr\/actualite\/national\/ghannouchi-aurait-rencontre-des-responsables-israeliens-a-washington\/172394\/","title":{"rendered":"Ghannouchi aurait rencontr\u00e9 des responsables isra\u00e9liens \u00e0 Washington"},"content":{"rendered":"<p>C&rsquo;est ce que vient de r\u00e9v\u00e9ler le tr\u00e8s s\u00e9rieux magazine hebdomadaire britannique \u00abThe Economist\u00bb. En effet, c&rsquo;est lors de son s\u00e9jour \u00e0 Washington que le leader du mouvement Ennahdha a \u00abrencontr\u00e9 discr\u00e8tement des Isra\u00e9liens\u00bb sur le sujet des Fr\u00e8res Musulmans \u00e9gyptiens, pr\u00e9cise la m\u00eame source.<\/p>\n<p>Un s\u00e9jour \u00e0 Washington inscrit sous couverture de l&rsquo;invitation du magazine Foreign Policy qui a choisi Ghannouchi pour figurer dans sa liste des cent meilleurs penseurs globaux 2011 (Top 100 Global Thinkers of 2011).<\/p>\n<p>Dans son article intitul\u00e9 \u00abIsrael and the Islamists: Oh no ! But let&rsquo;s talk, maybe\u00bb, le magazine d\u00e9voile l&rsquo;inqui\u00e9tude d&rsquo;Isra\u00ebl face \u00e0 la mont\u00e9e des islamistes dans la r\u00e9gion. Chose facile \u00e0 imaginer vu que, chez leur voisin, les Fr\u00e8res Musulmans sont sortis les grands vainqueurs du premier tour des l\u00e9gislatives \u00e9gyptiennes (cr\u00e9dit\u00e9s de 65 % des voix).<\/p>\n<p>Toutefois, selon The Economist, les Isra\u00e9liens veulent dialoguer avec les islamistes. Dans ce sens, Rached Ghannouchi, pr\u00e9sent\u00e9 comme un proche des Fr\u00e8res Musulmans, se serait voulu rassurant envers les Isra\u00e9liens, et ce, suite \u00e0 cette rencontre. Selon la m\u00eame source, la Constitution tunisienne n&rsquo;interdirait pas d&rsquo;autres contacts avec des Isra\u00e9liens. Toujours d\u2019apr\u00e8s \u00ab The Economist \u00bb le citant, l&rsquo;ambassadeur isra\u00e9lien en \u00c9gypte, le sortant Yitzhak Levanon, qui, vraisemblablement, aurait \u00e9t\u00e9 pr\u00e9sent \u00e0 cette rencontre, affirme que selon Ghannouchi \u00abla nouvelle politique de l&rsquo;islam est plus r\u00e9aliste\u00bb.<\/p>\n<p>Les intentions de Ghannouchi sur la relation avec Isra\u00ebl sont, toutefois, contradictoires, puisque face \u00e0 cette possible normalisation avec l\u2019Etat h\u00e9breu, rappelons que, dans une interview au journal le Monde, datant du 28 octobre 2011, \u00e0 la question \u00abLe bureau de liaison avec Isra\u00ebl, \u00e0 Tunis, restera-t-il ferm\u00e9 ?\u00bb, Ghannouchi a r\u00e9pondu : \u00abCe sera au gouvernement de d\u00e9cider. Mais nous sommes contre toute normalisation des relations avec Isra\u00ebl, car c&rsquo;est un \u00c9tat d&rsquo;occupation qui n&rsquo;a m\u00eame pas pu trouver un accord avec les plus mod\u00e9r\u00e9s de l&rsquo;OLP, ni Arafat, ni Abou Mazen\u00bb.<\/p>\n","protected":false},"excerpt":{"rendered":"<p>Ghannouchi aurait rencontr\u00e9 des responsables isra\u00e9liens \u00e0 Washington<\/p>\n","protected":false},"author":3222,"featured_media":333880,"comment_status":"open","ping_status":"closed","sticky":false,"template":"","format":"standard","meta":{"footnotes":""},"categories":[44],"tags":[2600],"class_list":["post-172394","post","type-post","status-publish","format-standard","has-post-thumbnail","hentry","category-national","tag-guerre"],"yoast_head":"<!-- This site is optimized with the Yoast SEO Premium plugin v27.5 (Yoast SEO v27.5) - https:\/\/yoast.com\/product\/yoast-seo-premium-wordpress\/ -->\n<title>Ghannouchi aurait rencontr\u00e9 des responsables isra\u00e9liens \u00e0 Washington<\/title>\n<meta name=\"description\" content=\"Ghannouchi aurait rencontr\u00e9 des responsables isra\u00e9liens \u00e0 Washington\" \/>\n<link rel=\"canonical\" href=\"https:\/\/www.webdo.tn\/fr\/actualite\/national-45\/ghannouchi-aurait-rencontre-des-responsables-israeliens-a-washington\/172394\/\" \/>\n<meta property=\"og:locale\" content=\"fr_FR\" \/>\n<meta property=\"og:type\" content=\"article\" \/>\n<meta property=\"og:title\" content=\"Ghannouchi aurait rencontr\u00e9 des responsables isra\u00e9liens \u00e0 Washington\" \/>\n<meta property=\"og:description\" content=\"Ghannouchi aurait rencontr\u00e9 des responsables isra\u00e9liens \u00e0 Washington\" \/>\n<meta property=\"og:url\" content=\"https:\/\/www.webdo.tn\/fr\/actualite\/national-45\/ghannouchi-aurait-rencontre-des-responsables-israeliens-a-washington\/172394\/\" \/>\n<meta property=\"og:site_name\" content=\"webdo\" \/>\n<meta property=\"article:publisher\" content=\"https:\/\/www.facebook.com\/webdotn\" \/>\n<meta property=\"article:published_time\" content=\"2011-12-09T10:57:00+00:00\" \/>\n<meta property=\"og:image\" content=\"https:\/\/www.webdo.tn\/fr\/wp-content\/uploads\/2011\/12\/Rached-Ghannouchi-photo-washingtonpost.com_.jpg\" \/>\n\t<meta property=\"og:image:width\" content=\"303\" \/>\n\t<meta property=\"og:image:height\" content=\"202\" \/>\n\t<meta property=\"og:image:type\" content=\"image\/jpeg\" \/>\n<meta name=\"author\" content=\"webdo.tn\" \/>\n<meta name=\"twitter:card\" content=\"summary_large_image\" \/>\n<meta name=\"twitter:creator\" content=\"@webdo_tn\" \/>\n<meta name=\"twitter:site\" content=\"@webdo_tn\" \/>\n<meta name=\"twitter:label1\" content=\"\u00c9crit par\" \/>\n\t<meta name=\"twitter:data1\" content=\"webdo.tn\" \/>\n\t<meta name=\"twitter:label2\" content=\"Dur\u00e9e de lecture estim\u00e9e\" \/>\n\t<meta name=\"twitter:data2\" content=\"2 minutes\" \/>\n<script type=\"application\/ld+json\" class=\"yoast-schema-graph\">{\"@context\":\"https:\\\/\\\/schema.org\",\"@graph\":[{\"@type\":\"NewsArticle\",\"@id\":\"https:\\\/\\\/www.webdo.tn\\\/fr\\\/actualite\\\/national-45\\\/ghannouchi-aurait-rencontre-des-responsables-israeliens-a-washington\\\/172394\\\/#article\",\"isPartOf\":{\"@id\":\"https:\\\/\\\/www.webdo.tn\\\/fr\\\/actualite\\\/national-45\\\/ghannouchi-aurait-rencontre-des-responsables-israeliens-a-washington\\\/172394\\\/\"},\"author\":{\"name\":\"webdo.tn\",\"@id\":\"https:\\\/\\\/www.webdo.tn\\\/fr\\\/#\\\/schema\\\/person\\\/9a9c6118d687c117df8ef3cc36a4d175\"},\"headline\":\"Ghannouchi aurait rencontr\u00e9 des responsables isra\u00e9liens \u00e0 Washington\",\"datePublished\":\"2011-12-09T10:57:00+00:00\",\"mainEntityOfPage\":{\"@id\":\"https:\\\/\\\/www.webdo.tn\\\/fr\\\/actualite\\\/national-45\\\/ghannouchi-aurait-rencontre-des-responsables-israeliens-a-washington\\\/172394\\\/\"},\"wordCount\":358,\"commentCount\":0,\"publisher\":{\"@id\":\"https:\\\/\\\/www.webdo.tn\\\/fr\\\/#organization\"},\"image\":{\"@id\":\"https:\\\/\\\/www.webdo.tn\\\/fr\\\/actualite\\\/national-45\\\/ghannouchi-aurait-rencontre-des-responsables-israeliens-a-washington\\\/172394\\\/#primaryimage\"},\"thumbnailUrl\":\"https:\\\/\\\/www.webdo.tn\\\/fr\\\/wp-content\\\/uploads\\\/2011\\\/12\\\/Rached-Ghannouchi-photo-washingtonpost.com_.jpg\",\"keywords\":[\"guerre\"],\"articleSection\":[\"National\"],\"inLanguage\":\"fr-FR\"},{\"@type\":\"WebPage\",\"@id\":\"https:\\\/\\\/www.webdo.tn\\\/fr\\\/actualite\\\/national-45\\\/ghannouchi-aurait-rencontre-des-responsables-israeliens-a-washington\\\/172394\\\/\",\"url\":\"https:\\\/\\\/www.webdo.tn\\\/fr\\\/actualite\\\/national-45\\\/ghannouchi-aurait-rencontre-des-responsables-israeliens-a-washington\\\/172394\\\/\",\"name\":\"Ghannouchi aurait rencontr\u00e9 des responsables isra\u00e9liens \u00e0 Washington\",\"isPartOf\":{\"@id\":\"https:\\\/\\\/www.webdo.tn\\\/fr\\\/#website\"},\"primaryImageOfPage\":{\"@id\":\"https:\\\/\\\/www.webdo.tn\\\/fr\\\/actualite\\\/national-45\\\/ghannouchi-aurait-rencontre-des-responsables-israeliens-a-washington\\\/172394\\\/#primaryimage\"},\"image\":{\"@id\":\"https:\\\/\\\/www.webdo.tn\\\/fr\\\/actualite\\\/national-45\\\/ghannouchi-aurait-rencontre-des-responsables-israeliens-a-washington\\\/172394\\\/#primaryimage\"},\"thumbnailUrl\":\"https:\\\/\\\/www.webdo.tn\\\/fr\\\/wp-content\\\/uploads\\\/2011\\\/12\\\/Rached-Ghannouchi-photo-washingtonpost.com_.jpg\",\"datePublished\":\"2011-12-09T10:57:00+00:00\",\"description\":\"Ghannouchi aurait rencontr\u00e9 des responsables isra\u00e9liens \u00e0 Washington\",\"breadcrumb\":{\"@id\":\"https:\\\/\\\/www.webdo.tn\\\/fr\\\/actualite\\\/national-45\\\/ghannouchi-aurait-rencontre-des-responsables-israeliens-a-washington\\\/172394\\\/#breadcrumb\"},\"inLanguage\":\"fr-FR\",\"potentialAction\":[{\"@type\":\"ReadAction\",\"target\":[\"https:\\\/\\\/www.webdo.tn\\\/fr\\\/actualite\\\/national-45\\\/ghannouchi-aurait-rencontre-des-responsables-israeliens-a-washington\\\/172394\\\/\"]}]},{\"@type\":\"ImageObject\",\"inLanguage\":\"fr-FR\",\"@id\":\"https:\\\/\\\/www.webdo.tn\\\/fr\\\/actualite\\\/national-45\\\/ghannouchi-aurait-rencontre-des-responsables-israeliens-a-washington\\\/172394\\\/#primaryimage\",\"url\":\"https:\\\/\\\/www.webdo.tn\\\/fr\\\/wp-content\\\/uploads\\\/2011\\\/12\\\/Rached-Ghannouchi-photo-washingtonpost.com_.jpg\",\"contentUrl\":\"https:\\\/\\\/www.webdo.tn\\\/fr\\\/wp-content\\\/uploads\\\/2011\\\/12\\\/Rached-Ghannouchi-photo-washingtonpost.com_.jpg\",\"width\":303,\"height\":202,\"caption\":\"Ghannouchi aurait rencontr\u00e9 des responsables isra\u00e9liens \u00e0 Washington\"},{\"@type\":\"BreadcrumbList\",\"@id\":\"https:\\\/\\\/www.webdo.tn\\\/fr\\\/actualite\\\/national-45\\\/ghannouchi-aurait-rencontre-des-responsables-israeliens-a-washington\\\/172394\\\/#breadcrumb\",\"itemListElement\":[{\"@type\":\"ListItem\",\"position\":1,\"name\":\"Accueil\",\"item\":\"https:\\\/\\\/www.webdo.tn\\\/fr\\\/\"},{\"@type\":\"ListItem\",\"position\":2,\"name\":\"Ghannouchi aurait rencontr\u00e9 des responsables isra\u00e9liens \u00e0 Washington\"}]},{\"@type\":\"WebSite\",\"@id\":\"https:\\\/\\\/www.webdo.tn\\\/fr\\\/#website\",\"url\":\"https:\\\/\\\/www.webdo.tn\\\/fr\\\/\",\"name\":\"webdo\",\"description\":\"Tunisie - News en Tunisie et \u00e0 l&#039;international sur Webdo.tn\",\"publisher\":{\"@id\":\"https:\\\/\\\/www.webdo.tn\\\/fr\\\/#organization\"},\"potentialAction\":[{\"@type\":\"SearchAction\",\"target\":{\"@type\":\"EntryPoint\",\"urlTemplate\":\"https:\\\/\\\/www.webdo.tn\\\/fr\\\/?s={search_term_string}\"},\"query-input\":{\"@type\":\"PropertyValueSpecification\",\"valueRequired\":true,\"valueName\":\"search_term_string\"}}],\"inLanguage\":\"fr-FR\"},{\"@type\":\"Organization\",\"@id\":\"https:\\\/\\\/www.webdo.tn\\\/fr\\\/#organization\",\"name\":\"Webdo\",\"alternateName\":\"Webdo.tn\",\"url\":\"https:\\\/\\\/www.webdo.tn\\\/fr\\\/\",\"logo\":{\"@type\":\"ImageObject\",\"inLanguage\":\"fr-FR\",\"@id\":\"https:\\\/\\\/www.webdo.tn\\\/fr\\\/#\\\/schema\\\/logo\\\/image\\\/\",\"url\":\"https:\\\/\\\/www.webdo.tn\\\/fr\\\/wp-content\\\/uploads\\\/2025\\\/06\\\/Webdo-Tunisie_168377.jpg\",\"contentUrl\":\"https:\\\/\\\/www.webdo.tn\\\/fr\\\/wp-content\\\/uploads\\\/2025\\\/06\\\/Webdo-Tunisie_168377.jpg\",\"width\":301,\"height\":301,\"caption\":\"Webdo\"},\"image\":{\"@id\":\"https:\\\/\\\/www.webdo.tn\\\/fr\\\/#\\\/schema\\\/logo\\\/image\\\/\"},\"sameAs\":[\"https:\\\/\\\/www.facebook.com\\\/webdotn\",\"https:\\\/\\\/x.com\\\/webdo_tn\"],\"description\":\"Webdo est un m\u00e9dia num\u00e9rique tunisien fond\u00e9 en 2010, sp\u00e9cialis\u00e9 dans l\u2019actualit\u00e9 nationale et internationale, l\u2019\u00e9conomie, la soci\u00e9t\u00e9 et les analyses politiques. Le site s\u2019adresse \u00e0 un large public francophone et couvre l\u2019information tunisienne en temps r\u00e9el.\",\"email\":\"redac@webdo.tn\",\"legalName\":\"YNJ SARL\",\"foundingDate\":\"2010-09-06\",\"numberOfEmployees\":{\"@type\":\"QuantitativeValue\",\"minValue\":\"11\",\"maxValue\":\"50\"}},{\"@type\":\"Person\",\"@id\":\"https:\\\/\\\/www.webdo.tn\\\/fr\\\/#\\\/schema\\\/person\\\/9a9c6118d687c117df8ef3cc36a4d175\",\"name\":\"webdo.tn\",\"image\":{\"@type\":\"ImageObject\",\"inLanguage\":\"fr-FR\",\"@id\":\"https:\\\/\\\/secure.gravatar.com\\\/avatar\\\/7ce1f28c0c3bbac99ff550b85ef8e44a6950c6ee24514fb6a5489e51d06f0298?s=96&d=mm&r=g\",\"url\":\"https:\\\/\\\/secure.gravatar.com\\\/avatar\\\/7ce1f28c0c3bbac99ff550b85ef8e44a6950c6ee24514fb6a5489e51d06f0298?s=96&d=mm&r=g\",\"contentUrl\":\"https:\\\/\\\/secure.gravatar.com\\\/avatar\\\/7ce1f28c0c3bbac99ff550b85ef8e44a6950c6ee24514fb6a5489e51d06f0298?s=96&d=mm&r=g\",\"caption\":\"webdo.tn\"},\"url\":\"https:\\\/\\\/www.webdo.tn\\\/fr\\\/actualite\\\/author\\\/webdotn\\\/\"}]}<\/script>\n<!-- \/ Yoast SEO Premium plugin. -->","yoast_head_json":{"title":"Ghannouchi aurait rencontr\u00e9 des responsables isra\u00e9liens \u00e0 Washington","description":"Ghannouchi aurait rencontr\u00e9 des responsables isra\u00e9liens \u00e0 Washington","canonical":"https:\/\/www.webdo.tn\/fr\/actualite\/national-45\/ghannouchi-aurait-rencontre-des-responsables-israeliens-a-washington\/172394\/","og_locale":"fr_FR","og_type":"article","og_title":"Ghannouchi aurait rencontr\u00e9 des responsables isra\u00e9liens \u00e0 Washington","og_description":"Ghannouchi aurait rencontr\u00e9 des responsables isra\u00e9liens \u00e0 Washington","og_url":"https:\/\/www.webdo.tn\/fr\/actualite\/national-45\/ghannouchi-aurait-rencontre-des-responsables-israeliens-a-washington\/172394\/","og_site_name":"webdo","article_publisher":"https:\/\/www.facebook.com\/webdotn","article_published_time":"2011-12-09T10:57:00+00:00","og_image":[{"width":303,"height":202,"url":"https:\/\/www.webdo.tn\/fr\/wp-content\/uploads\/2011\/12\/Rached-Ghannouchi-photo-washingtonpost.com_.jpg","type":"image\/jpeg"}],"author":"webdo.tn","twitter_card":"summary_large_image","twitter_creator":"@webdo_tn","twitter_site":"@webdo_tn","twitter_misc":{"\u00c9crit par":"webdo.tn","Dur\u00e9e de lecture estim\u00e9e":"2 minutes"},"schema":{"@context":"https:\/\/schema.org","@graph":[{"@type":"NewsArticle","@id":"https:\/\/www.webdo.tn\/fr\/actualite\/national-45\/ghannouchi-aurait-rencontre-des-responsables-israeliens-a-washington\/172394\/#article","isPartOf":{"@id":"https:\/\/www.webdo.tn\/fr\/actualite\/national-45\/ghannouchi-aurait-rencontre-des-responsables-israeliens-a-washington\/172394\/"},"author":{"name":"webdo.tn","@id":"https:\/\/www.webdo.tn\/fr\/#\/schema\/person\/9a9c6118d687c117df8ef3cc36a4d175"},"headline":"Ghannouchi aurait rencontr\u00e9 des responsables isra\u00e9liens \u00e0 Washington","datePublished":"2011-12-09T10:57:00+00:00","mainEntityOfPage":{"@id":"https:\/\/www.webdo.tn\/fr\/actualite\/national-45\/ghannouchi-aurait-rencontre-des-responsables-israeliens-a-washington\/172394\/"},"wordCount":358,"commentCount":0,"publisher":{"@id":"https:\/\/www.webdo.tn\/fr\/#organization"},"image":{"@id":"https:\/\/www.webdo.tn\/fr\/actualite\/national-45\/ghannouchi-aurait-rencontre-des-responsables-israeliens-a-washington\/172394\/#primaryimage"},"thumbnailUrl":"https:\/\/www.webdo.tn\/fr\/wp-content\/uploads\/2011\/12\/Rached-Ghannouchi-photo-washingtonpost.com_.jpg","keywords":["guerre"],"articleSection":["National"],"inLanguage":"fr-FR"},{"@type":"WebPage","@id":"https:\/\/www.webdo.tn\/fr\/actualite\/national-45\/ghannouchi-aurait-rencontre-des-responsables-israeliens-a-washington\/172394\/","url":"https:\/\/www.webdo.tn\/fr\/actualite\/national-45\/ghannouchi-aurait-rencontre-des-responsables-israeliens-a-washington\/172394\/","name":"Ghannouchi aurait rencontr\u00e9 des responsables isra\u00e9liens \u00e0 Washington","isPartOf":{"@id":"https:\/\/www.webdo.tn\/fr\/#website"},"primaryImageOfPage":{"@id":"https:\/\/www.webdo.tn\/fr\/actualite\/national-45\/ghannouchi-aurait-rencontre-des-responsables-israeliens-a-washington\/172394\/#primaryimage"},"image":{"@id":"https:\/\/www.webdo.tn\/fr\/actualite\/national-45\/ghannouchi-aurait-rencontre-des-responsables-israeliens-a-washington\/172394\/#primaryimage"},"thumbnailUrl":"https:\/\/www.webdo.tn\/fr\/wp-content\/uploads\/2011\/12\/Rached-Ghannouchi-photo-washingtonpost.com_.jpg","datePublished":"2011-12-09T10:57:00+00:00","description":"Ghannouchi aurait rencontr\u00e9 des responsables isra\u00e9liens \u00e0 Washington","breadcrumb":{"@id":"https:\/\/www.webdo.tn\/fr\/actualite\/national-45\/ghannouchi-aurait-rencontre-des-responsables-israeliens-a-washington\/172394\/#breadcrumb"},"inLanguage":"fr-FR","potentialAction":[{"@type":"ReadAction","target":["https:\/\/www.webdo.tn\/fr\/actualite\/national-45\/ghannouchi-aurait-rencontre-des-responsables-israeliens-a-washington\/172394\/"]}]},{"@type":"ImageObject","inLanguage":"fr-FR","@id":"https:\/\/www.webdo.tn\/fr\/actualite\/national-45\/ghannouchi-aurait-rencontre-des-responsables-israeliens-a-washington\/172394\/#primaryimage","url":"https:\/\/www.webdo.tn\/fr\/wp-content\/uploads\/2011\/12\/Rached-Ghannouchi-photo-washingtonpost.com_.jpg","contentUrl":"https:\/\/www.webdo.tn\/fr\/wp-content\/uploads\/2011\/12\/Rached-Ghannouchi-photo-washingtonpost.com_.jpg","width":303,"height":202,"caption":"Ghannouchi aurait rencontr\u00e9 des responsables isra\u00e9liens \u00e0 Washington"},{"@type":"BreadcrumbList","@id":"https:\/\/www.webdo.tn\/fr\/actualite\/national-45\/ghannouchi-aurait-rencontre-des-responsables-israeliens-a-washington\/172394\/#breadcrumb","itemListElement":[{"@type":"ListItem","position":1,"name":"Accueil","item":"https:\/\/www.webdo.tn\/fr\/"},{"@type":"ListItem","position":2,"name":"Ghannouchi aurait rencontr\u00e9 des responsables isra\u00e9liens \u00e0 Washington"}]},{"@type":"WebSite","@id":"https:\/\/www.webdo.tn\/fr\/#website","url":"https:\/\/www.webdo.tn\/fr\/","name":"webdo","description":"Tunisie - News en Tunisie et \u00e0 l&#039;international sur Webdo.tn","publisher":{"@id":"https:\/\/www.webdo.tn\/fr\/#organization"},"potentialAction":[{"@type":"SearchAction","target":{"@type":"EntryPoint","urlTemplate":"https:\/\/www.webdo.tn\/fr\/?s={search_term_string}"},"query-input":{"@type":"PropertyValueSpecification","valueRequired":true,"valueName":"search_term_string"}}],"inLanguage":"fr-FR"},{"@type":"Organization","@id":"https:\/\/www.webdo.tn\/fr\/#organization","name":"Webdo","alternateName":"Webdo.tn","url":"https:\/\/www.webdo.tn\/fr\/","logo":{"@type":"ImageObject","inLanguage":"fr-FR","@id":"https:\/\/www.webdo.tn\/fr\/#\/schema\/logo\/image\/","url":"https:\/\/www.webdo.tn\/fr\/wp-content\/uploads\/2025\/06\/Webdo-Tunisie_168377.jpg","contentUrl":"https:\/\/www.webdo.tn\/fr\/wp-content\/uploads\/2025\/06\/Webdo-Tunisie_168377.jpg","width":301,"height":301,"caption":"Webdo"},"image":{"@id":"https:\/\/www.webdo.tn\/fr\/#\/schema\/logo\/image\/"},"sameAs":["https:\/\/www.facebook.com\/webdotn","https:\/\/x.com\/webdo_tn"],"description":"Webdo est un m\u00e9dia num\u00e9rique tunisien fond\u00e9 en 2010, sp\u00e9cialis\u00e9 dans l\u2019actualit\u00e9 nationale et internationale, l\u2019\u00e9conomie, la soci\u00e9t\u00e9 et les analyses politiques. Le site s\u2019adresse \u00e0 un large public francophone et couvre l\u2019information tunisienne en temps r\u00e9el.","email":"redac@webdo.tn","legalName":"YNJ SARL","foundingDate":"2010-09-06","numberOfEmployees":{"@type":"QuantitativeValue","minValue":"11","maxValue":"50"}},{"@type":"Person","@id":"https:\/\/www.webdo.tn\/fr\/#\/schema\/person\/9a9c6118d687c117df8ef3cc36a4d175","name":"webdo.tn","image":{"@type":"ImageObject","inLanguage":"fr-FR","@id":"https:\/\/secure.gravatar.com\/avatar\/7ce1f28c0c3bbac99ff550b85ef8e44a6950c6ee24514fb6a5489e51d06f0298?s=96&d=mm&r=g","url":"https:\/\/secure.gravatar.com\/avatar\/7ce1f28c0c3bbac99ff550b85ef8e44a6950c6ee24514fb6a5489e51d06f0298?s=96&d=mm&r=g","contentUrl":"https:\/\/secure.gravatar.com\/avatar\/7ce1f28c0c3bbac99ff550b85ef8e44a6950c6ee24514fb6a5489e51d06f0298?s=96&d=mm&r=g","caption":"webdo.tn"},"url":"https:\/\/www.webdo.tn\/fr\/actualite\/author\/webdotn\/"}]}},"_links":{"self":[{"href":"https:\/\/www.webdo.tn\/fr\/wp-json\/wp\/v2\/posts\/172394","targetHints":{"allow":["GET"]}}],"collection":[{"href":"https:\/\/www.webdo.tn\/fr\/wp-json\/wp\/v2\/posts"}],"about":[{"href":"https:\/\/www.webdo.tn\/fr\/wp-json\/wp\/v2\/types\/post"}],"author":[{"embeddable":true,"href":"https:\/\/www.webdo.tn\/fr\/wp-json\/wp\/v2\/users\/3222"}],"replies":[{"embeddable":true,"href":"https:\/\/www.webdo.tn\/fr\/wp-json\/wp\/v2\/comments?post=172394"}],"version-history":[{"count":0,"href":"https:\/\/www.webdo.tn\/fr\/wp-json\/wp\/v2\/posts\/172394\/revisions"}],"wp:featuredmedia":[{"embeddable":true,"href":"https:\/\/www.webdo.tn\/fr\/wp-json\/wp\/v2\/media\/333880"}],"wp:attachment":[{"href":"https:\/\/www.webdo.tn\/fr\/wp-json\/wp\/v2\/media?parent=172394"}],"wp:term":[{"taxonomy":"category","embeddable":true,"href":"https:\/\/www.webdo.tn\/fr\/wp-json\/wp\/v2\/categories?post=172394"},{"taxonomy":"post_tag","embeddable":true,"href":"https:\/\/www.webdo.tn\/fr\/wp-json\/wp\/v2\/tags?post=172394"}],"curies":[{"name":"wp","href":"https:\/\/api.w.org\/{rel}","templated":true}]}}