{"id":172392,"date":"2011-12-10T14:24:00","date_gmt":"2011-12-10T14:24:00","guid":{"rendered":"https:\/\/www.webdo.tn\/fr\/blog\/l-affaire-du-niqab-jusqu-a-quand-va-durer-le-blocage\/172392\/"},"modified":"2011-12-10T14:24:00","modified_gmt":"2011-12-10T14:24:00","slug":"l-affaire-du-niqab-jusqu-a-quand-va-durer-le-blocage","status":"publish","type":"post","link":"https:\/\/www.webdo.tn\/fr\/actualite\/national\/l-affaire-du-niqab-jusqu-a-quand-va-durer-le-blocage\/172392\/","title":{"rendered":"L\u2019affaire du niqab : jusqu\u2019\u00e0 quand va durer le blocage ?"},"content":{"rendered":"<p>L\u2019occupation de la facult\u00e9 des Lettres, des Arts et des Humanit\u00e9s de La Manouba par des int\u00e9gristes \u00e9trangers \u00e0 la facult\u00e9 depuis le lundi 28 novembre, et l\u2019escalade de la violence que ces derniers ont d\u00e9clench\u00e9e ont contraint le doyen de la facult\u00e9 en accord avec le conseil scientifique \u00e0 fermer l\u2019\u00e9tablissement jusqu\u2019\u00e0 ce que le sit-in soit lev\u00e9 et que les personnes \u00e9trang\u00e8res \u00e0 cet espace \u00e9vacuent les locaux de l\u2019administration. C\u2019est la mort dans l\u2019\u00e2me que cette d\u00e9cision a \u00e9t\u00e9 prise suite \u00e0 l\u2019agression dont le doyen lui-m\u00eame et un enseignant ont fait l\u2019objet mardi 6 d\u00e9cembre.<\/p>\n<p>Sur demande du conseil scientifique, le doyen a eu recours \u00e0 la proc\u00e9dure classique qui consiste \u00e0 informer tour \u00e0 tour le pr\u00e9sident de l\u2019universit\u00e9 de La Manouba, le minist\u00e8re de l\u2019Enseignement sup\u00e9rieur et le minist\u00e8re de l\u2019Int\u00e9rieur. Il est frappant de noter l\u2019absence de r\u00e9action de ces autorit\u00e9s, quand bien m\u00eame le paysage politique se caract\u00e9riserait par la situation de transition qui ne fait, d\u2019ailleurs, que trop durer.<\/p>\n<p>Pendant ce temps, les enseignants de la facult\u00e9 se r\u00e9unissent quotidiennement depuis jeudi dernier avec leur doyen en dehors de leur \u00e9tablissement, pr\u00e9cis\u00e9ment dans les locaux du rectorat. Ce matin, c\u2019est \u00e0 une assembl\u00e9e g\u00e9n\u00e9rale que les professeurs ont \u00e9t\u00e9 invit\u00e9s. Contrairement \u00e0 ce qui se dit ici et l\u00e0, ces derniers ne ch\u00f4ment pas et continuent \u00e0 discuter de la situation d\u2019impasse afin de trouver une issue de sortie \u00e0 cette crise. Tous sont unanimes quant \u00e0 la volont\u00e9 de reprendre au plus vite les cours, chose qui ne peut se faire dans les conditions actuelles d\u2019ins\u00e9curit\u00e9 extr\u00eame, a voulu rappeler le doyen.<\/p>\n<p>Aux derni\u00e8res nouvelles, il semblerait que des repr\u00e9sentants du minist\u00e8re de l\u2019Int\u00e9rieur sont all\u00e9s hier vendredi, et non jeudi comme il a \u00e9t\u00e9 dit, \u00e0 la facult\u00e9 pour prendre contact avec les sit-inneurs. Les n\u00e9gociations ne semblent porter leur fruit, les contestataires campant toujours sur leur position. En revanche, le doyen a affirm\u00e9 dans la r\u00e9union d\u2019hier son accord quant \u00e0 la construction d\u2019un lieu de culte dans le domaine universitaire de La Manouba, et non \u00e0 l\u2019int\u00e9rieur de l\u2019enceinte de la facult\u00e9 des Lettres.<\/p>\n<p>A une semaine des vacances d\u2019hiver, cette situation de blocage ne saurait durer encore plus, d\u2019autant que la reprise co\u00efncidera avec les partiels de janvier. Les enseignants proposent le report des examens de janvier afin de rattraper le temps perdu, et pour que les \u00e9tudiants ne soient pas l\u00e9s\u00e9s. Mais la d\u00e9cision reste du ressort du conseil scientifique de l\u2019\u00e9tablissement.<\/p>\n","protected":false},"excerpt":{"rendered":"<p>L\u2019affaire du niqab : jusqu\u2019\u00e0 quand va durer le blocage ?<\/p>\n","protected":false},"author":3222,"featured_media":374582,"comment_status":"open","ping_status":"closed","sticky":false,"template":"","format":"standard","meta":{"footnotes":""},"categories":[44],"tags":[2600],"class_list":["post-172392","post","type-post","status-publish","format-standard","has-post-thumbnail","hentry","category-national","tag-guerre"],"yoast_head":"<!-- This site is optimized with the Yoast SEO Premium plugin v27.5 (Yoast SEO v27.5) - https:\/\/yoast.com\/product\/yoast-seo-premium-wordpress\/ -->\n<title>L\u2019affaire du niqab : jusqu\u2019\u00e0 quand va durer le blocage ?<\/title>\n<meta name=\"description\" content=\"L\u2019affaire du niqab : jusqu\u2019\u00e0 quand va durer le blocage ?\" \/>\n<link rel=\"canonical\" href=\"https:\/\/www.webdo.tn\/fr\/actualite\/national-45\/l-affaire-du-niqab-jusqu-a-quand-va-durer-le-blocage\/172392\/\" \/>\n<meta property=\"og:locale\" content=\"fr_FR\" \/>\n<meta property=\"og:type\" content=\"article\" \/>\n<meta property=\"og:title\" content=\"L\u2019affaire du niqab : jusqu\u2019\u00e0 quand va durer le blocage ?\" \/>\n<meta property=\"og:description\" content=\"L\u2019affaire du niqab : jusqu\u2019\u00e0 quand va durer le blocage ?\" \/>\n<meta property=\"og:url\" content=\"https:\/\/www.webdo.tn\/fr\/actualite\/national-45\/l-affaire-du-niqab-jusqu-a-quand-va-durer-le-blocage\/172392\/\" \/>\n<meta property=\"og:site_name\" content=\"webdo\" \/>\n<meta property=\"article:publisher\" content=\"https:\/\/www.facebook.com\/webdotn\" \/>\n<meta property=\"article:published_time\" content=\"2011-12-10T14:24:00+00:00\" \/>\n<meta name=\"author\" content=\"webdo.tn\" \/>\n<meta name=\"twitter:card\" content=\"summary_large_image\" \/>\n<meta name=\"twitter:creator\" content=\"@webdo_tn\" \/>\n<meta name=\"twitter:site\" content=\"@webdo_tn\" \/>\n<meta name=\"twitter:label1\" content=\"\u00c9crit par\" \/>\n\t<meta name=\"twitter:data1\" content=\"webdo.tn\" \/>\n\t<meta name=\"twitter:label2\" content=\"Dur\u00e9e de lecture estim\u00e9e\" \/>\n\t<meta name=\"twitter:data2\" content=\"2 minutes\" \/>\n<script type=\"application\/ld+json\" class=\"yoast-schema-graph\">{\"@context\":\"https:\\\/\\\/schema.org\",\"@graph\":[{\"@type\":\"NewsArticle\",\"@id\":\"https:\\\/\\\/www.webdo.tn\\\/fr\\\/actualite\\\/national-45\\\/l-affaire-du-niqab-jusqu-a-quand-va-durer-le-blocage\\\/172392\\\/#article\",\"isPartOf\":{\"@id\":\"https:\\\/\\\/www.webdo.tn\\\/fr\\\/actualite\\\/national-45\\\/l-affaire-du-niqab-jusqu-a-quand-va-durer-le-blocage\\\/172392\\\/\"},\"author\":{\"name\":\"webdo.tn\",\"@id\":\"https:\\\/\\\/www.webdo.tn\\\/fr\\\/#\\\/schema\\\/person\\\/9a9c6118d687c117df8ef3cc36a4d175\"},\"headline\":\"L\u2019affaire du niqab : jusqu\u2019\u00e0 quand va durer le blocage ?\",\"datePublished\":\"2011-12-10T14:24:00+00:00\",\"mainEntityOfPage\":{\"@id\":\"https:\\\/\\\/www.webdo.tn\\\/fr\\\/actualite\\\/national-45\\\/l-affaire-du-niqab-jusqu-a-quand-va-durer-le-blocage\\\/172392\\\/\"},\"wordCount\":474,\"commentCount\":0,\"publisher\":{\"@id\":\"https:\\\/\\\/www.webdo.tn\\\/fr\\\/#organization\"},\"image\":{\"@id\":\"https:\\\/\\\/www.webdo.tn\\\/fr\\\/actualite\\\/national-45\\\/l-affaire-du-niqab-jusqu-a-quand-va-durer-le-blocage\\\/172392\\\/#primaryimage\"},\"thumbnailUrl\":\"https:\\\/\\\/www.webdo.tn\\\/fr\\\/wp-content\\\/uploads\\\/2025\\\/06\\\/Faculte-des-lettres-des-arts-et-des-humanites-de-la-Manouba-photo-TAP1_172392.jpg\",\"keywords\":[\"guerre\"],\"articleSection\":[\"National\"],\"inLanguage\":\"fr-FR\"},{\"@type\":\"WebPage\",\"@id\":\"https:\\\/\\\/www.webdo.tn\\\/fr\\\/actualite\\\/national-45\\\/l-affaire-du-niqab-jusqu-a-quand-va-durer-le-blocage\\\/172392\\\/\",\"url\":\"https:\\\/\\\/www.webdo.tn\\\/fr\\\/actualite\\\/national-45\\\/l-affaire-du-niqab-jusqu-a-quand-va-durer-le-blocage\\\/172392\\\/\",\"name\":\"L\u2019affaire du niqab : jusqu\u2019\u00e0 quand va durer le blocage ?\",\"isPartOf\":{\"@id\":\"https:\\\/\\\/www.webdo.tn\\\/fr\\\/#website\"},\"primaryImageOfPage\":{\"@id\":\"https:\\\/\\\/www.webdo.tn\\\/fr\\\/actualite\\\/national-45\\\/l-affaire-du-niqab-jusqu-a-quand-va-durer-le-blocage\\\/172392\\\/#primaryimage\"},\"image\":{\"@id\":\"https:\\\/\\\/www.webdo.tn\\\/fr\\\/actualite\\\/national-45\\\/l-affaire-du-niqab-jusqu-a-quand-va-durer-le-blocage\\\/172392\\\/#primaryimage\"},\"thumbnailUrl\":\"https:\\\/\\\/www.webdo.tn\\\/fr\\\/wp-content\\\/uploads\\\/2025\\\/06\\\/Faculte-des-lettres-des-arts-et-des-humanites-de-la-Manouba-photo-TAP1_172392.jpg\",\"datePublished\":\"2011-12-10T14:24:00+00:00\",\"description\":\"L\u2019affaire du niqab : jusqu\u2019\u00e0 quand va durer le blocage ?\",\"breadcrumb\":{\"@id\":\"https:\\\/\\\/www.webdo.tn\\\/fr\\\/actualite\\\/national-45\\\/l-affaire-du-niqab-jusqu-a-quand-va-durer-le-blocage\\\/172392\\\/#breadcrumb\"},\"inLanguage\":\"fr-FR\",\"potentialAction\":[{\"@type\":\"ReadAction\",\"target\":[\"https:\\\/\\\/www.webdo.tn\\\/fr\\\/actualite\\\/national-45\\\/l-affaire-du-niqab-jusqu-a-quand-va-durer-le-blocage\\\/172392\\\/\"]}]},{\"@type\":\"ImageObject\",\"inLanguage\":\"fr-FR\",\"@id\":\"https:\\\/\\\/www.webdo.tn\\\/fr\\\/actualite\\\/national-45\\\/l-affaire-du-niqab-jusqu-a-quand-va-durer-le-blocage\\\/172392\\\/#primaryimage\",\"url\":\"https:\\\/\\\/www.webdo.tn\\\/fr\\\/wp-content\\\/uploads\\\/2025\\\/06\\\/Faculte-des-lettres-des-arts-et-des-humanites-de-la-Manouba-photo-TAP1_172392.jpg\",\"contentUrl\":\"https:\\\/\\\/www.webdo.tn\\\/fr\\\/wp-content\\\/uploads\\\/2025\\\/06\\\/Faculte-des-lettres-des-arts-et-des-humanites-de-la-Manouba-photo-TAP1_172392.jpg\",\"width\":334,\"height\":263,\"caption\":\"L\u2019affaire du niqab : jusqu\u2019\u00e0 quand va durer le blocage ?\"},{\"@type\":\"BreadcrumbList\",\"@id\":\"https:\\\/\\\/www.webdo.tn\\\/fr\\\/actualite\\\/national-45\\\/l-affaire-du-niqab-jusqu-a-quand-va-durer-le-blocage\\\/172392\\\/#breadcrumb\",\"itemListElement\":[{\"@type\":\"ListItem\",\"position\":1,\"name\":\"Accueil\",\"item\":\"https:\\\/\\\/www.webdo.tn\\\/fr\\\/\"},{\"@type\":\"ListItem\",\"position\":2,\"name\":\"L\u2019affaire du niqab : jusqu\u2019\u00e0 quand va durer le blocage ?\"}]},{\"@type\":\"WebSite\",\"@id\":\"https:\\\/\\\/www.webdo.tn\\\/fr\\\/#website\",\"url\":\"https:\\\/\\\/www.webdo.tn\\\/fr\\\/\",\"name\":\"webdo\",\"description\":\"Tunisie - News en Tunisie et \u00e0 l&#039;international sur Webdo.tn\",\"publisher\":{\"@id\":\"https:\\\/\\\/www.webdo.tn\\\/fr\\\/#organization\"},\"potentialAction\":[{\"@type\":\"SearchAction\",\"target\":{\"@type\":\"EntryPoint\",\"urlTemplate\":\"https:\\\/\\\/www.webdo.tn\\\/fr\\\/?s={search_term_string}\"},\"query-input\":{\"@type\":\"PropertyValueSpecification\",\"valueRequired\":true,\"valueName\":\"search_term_string\"}}],\"inLanguage\":\"fr-FR\"},{\"@type\":\"Organization\",\"@id\":\"https:\\\/\\\/www.webdo.tn\\\/fr\\\/#organization\",\"name\":\"Webdo\",\"alternateName\":\"Webdo.tn\",\"url\":\"https:\\\/\\\/www.webdo.tn\\\/fr\\\/\",\"logo\":{\"@type\":\"ImageObject\",\"inLanguage\":\"fr-FR\",\"@id\":\"https:\\\/\\\/www.webdo.tn\\\/fr\\\/#\\\/schema\\\/logo\\\/image\\\/\",\"url\":\"https:\\\/\\\/www.webdo.tn\\\/fr\\\/wp-content\\\/uploads\\\/2025\\\/06\\\/Webdo-Tunisie_168377.jpg\",\"contentUrl\":\"https:\\\/\\\/www.webdo.tn\\\/fr\\\/wp-content\\\/uploads\\\/2025\\\/06\\\/Webdo-Tunisie_168377.jpg\",\"width\":301,\"height\":301,\"caption\":\"Webdo\"},\"image\":{\"@id\":\"https:\\\/\\\/www.webdo.tn\\\/fr\\\/#\\\/schema\\\/logo\\\/image\\\/\"},\"sameAs\":[\"https:\\\/\\\/www.facebook.com\\\/webdotn\",\"https:\\\/\\\/x.com\\\/webdo_tn\"],\"description\":\"Webdo est un m\u00e9dia num\u00e9rique tunisien fond\u00e9 en 2010, sp\u00e9cialis\u00e9 dans l\u2019actualit\u00e9 nationale et internationale, l\u2019\u00e9conomie, la soci\u00e9t\u00e9 et les analyses politiques. Le site s\u2019adresse \u00e0 un large public francophone et couvre l\u2019information tunisienne en temps r\u00e9el.\",\"email\":\"redac@webdo.tn\",\"legalName\":\"YNJ SARL\",\"foundingDate\":\"2010-09-06\",\"numberOfEmployees\":{\"@type\":\"QuantitativeValue\",\"minValue\":\"11\",\"maxValue\":\"50\"}},{\"@type\":\"Person\",\"@id\":\"https:\\\/\\\/www.webdo.tn\\\/fr\\\/#\\\/schema\\\/person\\\/9a9c6118d687c117df8ef3cc36a4d175\",\"name\":\"webdo.tn\",\"image\":{\"@type\":\"ImageObject\",\"inLanguage\":\"fr-FR\",\"@id\":\"https:\\\/\\\/secure.gravatar.com\\\/avatar\\\/7ce1f28c0c3bbac99ff550b85ef8e44a6950c6ee24514fb6a5489e51d06f0298?s=96&d=mm&r=g\",\"url\":\"https:\\\/\\\/secure.gravatar.com\\\/avatar\\\/7ce1f28c0c3bbac99ff550b85ef8e44a6950c6ee24514fb6a5489e51d06f0298?s=96&d=mm&r=g\",\"contentUrl\":\"https:\\\/\\\/secure.gravatar.com\\\/avatar\\\/7ce1f28c0c3bbac99ff550b85ef8e44a6950c6ee24514fb6a5489e51d06f0298?s=96&d=mm&r=g\",\"caption\":\"webdo.tn\"},\"url\":\"https:\\\/\\\/www.webdo.tn\\\/fr\\\/actualite\\\/author\\\/webdotn\\\/\"}]}<\/script>\n<!-- \/ Yoast SEO Premium plugin. -->","yoast_head_json":{"title":"L\u2019affaire du niqab : jusqu\u2019\u00e0 quand va durer le blocage ?","description":"L\u2019affaire du niqab : jusqu\u2019\u00e0 quand va durer le blocage ?","canonical":"https:\/\/www.webdo.tn\/fr\/actualite\/national-45\/l-affaire-du-niqab-jusqu-a-quand-va-durer-le-blocage\/172392\/","og_locale":"fr_FR","og_type":"article","og_title":"L\u2019affaire du niqab : jusqu\u2019\u00e0 quand va durer le blocage ?","og_description":"L\u2019affaire du niqab : jusqu\u2019\u00e0 quand va durer le blocage ?","og_url":"https:\/\/www.webdo.tn\/fr\/actualite\/national-45\/l-affaire-du-niqab-jusqu-a-quand-va-durer-le-blocage\/172392\/","og_site_name":"webdo","article_publisher":"https:\/\/www.facebook.com\/webdotn","article_published_time":"2011-12-10T14:24:00+00:00","author":"webdo.tn","twitter_card":"summary_large_image","twitter_creator":"@webdo_tn","twitter_site":"@webdo_tn","twitter_misc":{"\u00c9crit par":"webdo.tn","Dur\u00e9e de lecture estim\u00e9e":"2 minutes"},"schema":{"@context":"https:\/\/schema.org","@graph":[{"@type":"NewsArticle","@id":"https:\/\/www.webdo.tn\/fr\/actualite\/national-45\/l-affaire-du-niqab-jusqu-a-quand-va-durer-le-blocage\/172392\/#article","isPartOf":{"@id":"https:\/\/www.webdo.tn\/fr\/actualite\/national-45\/l-affaire-du-niqab-jusqu-a-quand-va-durer-le-blocage\/172392\/"},"author":{"name":"webdo.tn","@id":"https:\/\/www.webdo.tn\/fr\/#\/schema\/person\/9a9c6118d687c117df8ef3cc36a4d175"},"headline":"L\u2019affaire du niqab : jusqu\u2019\u00e0 quand va durer le blocage ?","datePublished":"2011-12-10T14:24:00+00:00","mainEntityOfPage":{"@id":"https:\/\/www.webdo.tn\/fr\/actualite\/national-45\/l-affaire-du-niqab-jusqu-a-quand-va-durer-le-blocage\/172392\/"},"wordCount":474,"commentCount":0,"publisher":{"@id":"https:\/\/www.webdo.tn\/fr\/#organization"},"image":{"@id":"https:\/\/www.webdo.tn\/fr\/actualite\/national-45\/l-affaire-du-niqab-jusqu-a-quand-va-durer-le-blocage\/172392\/#primaryimage"},"thumbnailUrl":"https:\/\/www.webdo.tn\/fr\/wp-content\/uploads\/2025\/06\/Faculte-des-lettres-des-arts-et-des-humanites-de-la-Manouba-photo-TAP1_172392.jpg","keywords":["guerre"],"articleSection":["National"],"inLanguage":"fr-FR"},{"@type":"WebPage","@id":"https:\/\/www.webdo.tn\/fr\/actualite\/national-45\/l-affaire-du-niqab-jusqu-a-quand-va-durer-le-blocage\/172392\/","url":"https:\/\/www.webdo.tn\/fr\/actualite\/national-45\/l-affaire-du-niqab-jusqu-a-quand-va-durer-le-blocage\/172392\/","name":"L\u2019affaire du niqab : jusqu\u2019\u00e0 quand va durer le blocage ?","isPartOf":{"@id":"https:\/\/www.webdo.tn\/fr\/#website"},"primaryImageOfPage":{"@id":"https:\/\/www.webdo.tn\/fr\/actualite\/national-45\/l-affaire-du-niqab-jusqu-a-quand-va-durer-le-blocage\/172392\/#primaryimage"},"image":{"@id":"https:\/\/www.webdo.tn\/fr\/actualite\/national-45\/l-affaire-du-niqab-jusqu-a-quand-va-durer-le-blocage\/172392\/#primaryimage"},"thumbnailUrl":"https:\/\/www.webdo.tn\/fr\/wp-content\/uploads\/2025\/06\/Faculte-des-lettres-des-arts-et-des-humanites-de-la-Manouba-photo-TAP1_172392.jpg","datePublished":"2011-12-10T14:24:00+00:00","description":"L\u2019affaire du niqab : jusqu\u2019\u00e0 quand va durer le blocage ?","breadcrumb":{"@id":"https:\/\/www.webdo.tn\/fr\/actualite\/national-45\/l-affaire-du-niqab-jusqu-a-quand-va-durer-le-blocage\/172392\/#breadcrumb"},"inLanguage":"fr-FR","potentialAction":[{"@type":"ReadAction","target":["https:\/\/www.webdo.tn\/fr\/actualite\/national-45\/l-affaire-du-niqab-jusqu-a-quand-va-durer-le-blocage\/172392\/"]}]},{"@type":"ImageObject","inLanguage":"fr-FR","@id":"https:\/\/www.webdo.tn\/fr\/actualite\/national-45\/l-affaire-du-niqab-jusqu-a-quand-va-durer-le-blocage\/172392\/#primaryimage","url":"https:\/\/www.webdo.tn\/fr\/wp-content\/uploads\/2025\/06\/Faculte-des-lettres-des-arts-et-des-humanites-de-la-Manouba-photo-TAP1_172392.jpg","contentUrl":"https:\/\/www.webdo.tn\/fr\/wp-content\/uploads\/2025\/06\/Faculte-des-lettres-des-arts-et-des-humanites-de-la-Manouba-photo-TAP1_172392.jpg","width":334,"height":263,"caption":"L\u2019affaire du niqab : jusqu\u2019\u00e0 quand va durer le blocage ?"},{"@type":"BreadcrumbList","@id":"https:\/\/www.webdo.tn\/fr\/actualite\/national-45\/l-affaire-du-niqab-jusqu-a-quand-va-durer-le-blocage\/172392\/#breadcrumb","itemListElement":[{"@type":"ListItem","position":1,"name":"Accueil","item":"https:\/\/www.webdo.tn\/fr\/"},{"@type":"ListItem","position":2,"name":"L\u2019affaire du niqab : jusqu\u2019\u00e0 quand va durer le blocage ?"}]},{"@type":"WebSite","@id":"https:\/\/www.webdo.tn\/fr\/#website","url":"https:\/\/www.webdo.tn\/fr\/","name":"webdo","description":"Tunisie - News en Tunisie et \u00e0 l&#039;international sur Webdo.tn","publisher":{"@id":"https:\/\/www.webdo.tn\/fr\/#organization"},"potentialAction":[{"@type":"SearchAction","target":{"@type":"EntryPoint","urlTemplate":"https:\/\/www.webdo.tn\/fr\/?s={search_term_string}"},"query-input":{"@type":"PropertyValueSpecification","valueRequired":true,"valueName":"search_term_string"}}],"inLanguage":"fr-FR"},{"@type":"Organization","@id":"https:\/\/www.webdo.tn\/fr\/#organization","name":"Webdo","alternateName":"Webdo.tn","url":"https:\/\/www.webdo.tn\/fr\/","logo":{"@type":"ImageObject","inLanguage":"fr-FR","@id":"https:\/\/www.webdo.tn\/fr\/#\/schema\/logo\/image\/","url":"https:\/\/www.webdo.tn\/fr\/wp-content\/uploads\/2025\/06\/Webdo-Tunisie_168377.jpg","contentUrl":"https:\/\/www.webdo.tn\/fr\/wp-content\/uploads\/2025\/06\/Webdo-Tunisie_168377.jpg","width":301,"height":301,"caption":"Webdo"},"image":{"@id":"https:\/\/www.webdo.tn\/fr\/#\/schema\/logo\/image\/"},"sameAs":["https:\/\/www.facebook.com\/webdotn","https:\/\/x.com\/webdo_tn"],"description":"Webdo est un m\u00e9dia num\u00e9rique tunisien fond\u00e9 en 2010, sp\u00e9cialis\u00e9 dans l\u2019actualit\u00e9 nationale et internationale, l\u2019\u00e9conomie, la soci\u00e9t\u00e9 et les analyses politiques. Le site s\u2019adresse \u00e0 un large public francophone et couvre l\u2019information tunisienne en temps r\u00e9el.","email":"redac@webdo.tn","legalName":"YNJ SARL","foundingDate":"2010-09-06","numberOfEmployees":{"@type":"QuantitativeValue","minValue":"11","maxValue":"50"}},{"@type":"Person","@id":"https:\/\/www.webdo.tn\/fr\/#\/schema\/person\/9a9c6118d687c117df8ef3cc36a4d175","name":"webdo.tn","image":{"@type":"ImageObject","inLanguage":"fr-FR","@id":"https:\/\/secure.gravatar.com\/avatar\/7ce1f28c0c3bbac99ff550b85ef8e44a6950c6ee24514fb6a5489e51d06f0298?s=96&d=mm&r=g","url":"https:\/\/secure.gravatar.com\/avatar\/7ce1f28c0c3bbac99ff550b85ef8e44a6950c6ee24514fb6a5489e51d06f0298?s=96&d=mm&r=g","contentUrl":"https:\/\/secure.gravatar.com\/avatar\/7ce1f28c0c3bbac99ff550b85ef8e44a6950c6ee24514fb6a5489e51d06f0298?s=96&d=mm&r=g","caption":"webdo.tn"},"url":"https:\/\/www.webdo.tn\/fr\/actualite\/author\/webdotn\/"}]}},"_links":{"self":[{"href":"https:\/\/www.webdo.tn\/fr\/wp-json\/wp\/v2\/posts\/172392","targetHints":{"allow":["GET"]}}],"collection":[{"href":"https:\/\/www.webdo.tn\/fr\/wp-json\/wp\/v2\/posts"}],"about":[{"href":"https:\/\/www.webdo.tn\/fr\/wp-json\/wp\/v2\/types\/post"}],"author":[{"embeddable":true,"href":"https:\/\/www.webdo.tn\/fr\/wp-json\/wp\/v2\/users\/3222"}],"replies":[{"embeddable":true,"href":"https:\/\/www.webdo.tn\/fr\/wp-json\/wp\/v2\/comments?post=172392"}],"version-history":[{"count":0,"href":"https:\/\/www.webdo.tn\/fr\/wp-json\/wp\/v2\/posts\/172392\/revisions"}],"wp:featuredmedia":[{"embeddable":true,"href":"https:\/\/www.webdo.tn\/fr\/wp-json\/wp\/v2\/media\/374582"}],"wp:attachment":[{"href":"https:\/\/www.webdo.tn\/fr\/wp-json\/wp\/v2\/media?parent=172392"}],"wp:term":[{"taxonomy":"category","embeddable":true,"href":"https:\/\/www.webdo.tn\/fr\/wp-json\/wp\/v2\/categories?post=172392"},{"taxonomy":"post_tag","embeddable":true,"href":"https:\/\/www.webdo.tn\/fr\/wp-json\/wp\/v2\/tags?post=172392"}],"curies":[{"name":"wp","href":"https:\/\/api.w.org\/{rel}","templated":true}]}}