{"id":172386,"date":"2011-12-14T16:51:00","date_gmt":"2011-12-14T16:51:00","guid":{"rendered":"https:\/\/www.webdo.tn\/fr\/blog\/campus-del-manar-confrontation-entre-luget-et-lugte\/172386\/"},"modified":"2025-06-04T19:03:30","modified_gmt":"2025-06-04T19:03:30","slug":"campus-del-manar-confrontation-entre-luget-et-lugte","status":"publish","type":"post","link":"https:\/\/www.webdo.tn\/fr\/actualite\/national\/campus-del-manar-confrontation-entre-luget-et-lugte\/172386\/","title":{"rendered":"Campus d&rsquo;El Manar: confrontation entre l&rsquo;UGET et l&rsquo;UGTE"},"content":{"rendered":"<p>C&rsquo;\u00e9tait in\u00e9vitable, apr\u00e8s de multiples coups bas \u00e0 gauche et \u00e0 droite, la confrontation entre l&rsquo;Union G\u00e9n\u00e9rale des \u00c9tudiants Tunisiens (UGET) et l&rsquo;Union G\u00e9n\u00e9rale Tunisienne des \u00c9tudiants (UGTE).<br \/>\nSi les deux noms pr\u00eatent \u00e0 confusion, les deux organismes ont des \u00ab\u00a0tendances\u00a0\u00bb politiques compl\u00e8tement diff\u00e9rentes.<br \/>\nUGET est l&rsquo;organisme historique, qui peut vanter son militantisme m\u00eame sous l&rsquo;air de Ben Ali, un organisme qui a quelque peu une tendance gauchiste.<br \/>\nQuant \u00e0 l&rsquo;UGTE, c&rsquo;est un groupuscule qui a \u00e9t\u00e9 dissout apr\u00e8s la dissolution d\u2019Ennahdha pour son rattachement au mouvement.<br \/>\nLa rumeur va bon train depuis un moment et fut confirm\u00e9e le 17 novembre lors de la conf\u00e9rence de presse accord\u00e9e \u00e0 ce sujet: l&rsquo;UGTE s&rsquo;est restructur\u00e9 et veut reprendre son visa.<br \/>\nMalheureusement, ce matin au campus universitaire d&rsquo;El Manar, apr\u00e8s une manifestation organis\u00e9e par l&rsquo;UGTE, des heurts ont eu lieu entre les deux syndicats. Les t\u00e9moignages recueillis sur place nous confirment m\u00eame l&rsquo;usage d&rsquo;armes blanches. Heureusement, les affrontements se sont arr\u00eat\u00e9s sans incident majeur.<br \/>\nLes confrontations ont eu lieu, suite \u00e0 une campagne \u00ab\u00a0mensong\u00e8re\u00a0\u00bb, qui \u00ab\u00a0falsifie l&rsquo;histoire\u00a0\u00bb, men\u00e9e par l&rsquo;UGTE au campus, selon les \u00e9tudiants. Ces derniers refusent qu&rsquo;un organisme se pr\u00e9tendant syndicaliste, mais qui appartient au parti politique \u00ab\u00a0r\u00e9gnant\u00a0\u00bb revendique un pass\u00e9 glorieux de militantisme.<br \/>\nSelon l&rsquo;UGET, Ennahdha profite des \u00e9v\u00e8nements courants et de l&rsquo;ignorance de la plupart des \u00e9tudiants de l&rsquo;histoire politique estudiantine pour s&rsquo;infiltrer dans les facult\u00e9s et \u00e9tendre son emprise sur les \u00e9tudiants et plus particuli\u00e8rement ceux du campus.<br \/>\nPour rappel, les membres de l&rsquo;UGET ont souvent connu des pers\u00e9cutions et ont toujours r\u00e9sist\u00e9 \u00e0 la branche jeune du RCD et pr\u00e9tendent qu&rsquo;aujourd&rsquo;hui, ils doivent faire front \u00e0 un \u00ab\u00a0RCD Barbu\u00a0\u00bb.<br \/>\nLes sympathisants de l&rsquo;UGTE quant \u00e0 eux, revendiquent le droit \u00e0 la multiplicit\u00e9 des syndicats et accusent la plupart des UGETiens d&rsquo;\u00eatre des \u00ab\u00a0extr\u00e9mistes anti religion\u00a0\u00bb.<br \/>\nLa confrontation a \u00e9t\u00e9 violente, beaucoup de \u00ab\u00a0barbus\u00a0\u00bb \u00e9taient pr\u00e9sents du cot\u00e9 de l&rsquo;UGTE et beaucoup suspectent leur appartenance \u00ab\u00a0salafiste\u00a0\u00bb et les accusent de prendre la mosqu\u00e9e du campus pour quartier g\u00e9n\u00e9ral, accusant son imam d&rsquo;\u00eatre \u00ab\u00a0radical\u00a0\u00bb et incitant souvent \u00e0 la violence.<br \/>\nLes officiels de l&rsquo;UGET ont condamn\u00e9 la violence et ont appel\u00e9 \u00e0 la prudence. Ils ont affirm\u00e9 leur refus de \u00ab\u00a0politiser\u00a0\u00bb les repr\u00e9sentations estudiantines et de les transformer en \u00ab\u00a0centre de recrutement pour servir des int\u00e9r\u00eats politiques\u00a0\u00bb.<br \/>\nDes \u00e9tudiants ont, quant \u00e0 eux, affirm\u00e9 leur volont\u00e9 de ne pas politiser davantage la crise et de ne pas permettre d&rsquo;en faire \u00ab\u00a0un second cas Mannouba\u00a0\u00bb.<br \/>\nOn nous a signal\u00e9 \u00e9galement que des personnes externes au corps estudiantin ont pris part \u00e0 la \u00ab\u00a0bagarre g\u00e9n\u00e9rale\u00a0\u00bb.<\/p>\n","protected":false},"excerpt":{"rendered":"<p>Campus d&rsquo;El Manar: confrontation entre l&rsquo;UGET et l&rsquo;UGTE <\/p>\n","protected":false},"author":3222,"featured_media":374580,"comment_status":"open","ping_status":"closed","sticky":false,"template":"","format":"standard","meta":{"footnotes":""},"categories":[44],"tags":[],"class_list":["post-172386","post","type-post","status-publish","format-standard","has-post-thumbnail","hentry","category-national"],"yoast_head":"<!-- This site is optimized with the Yoast SEO Premium plugin v27.5 (Yoast SEO v27.5) - https:\/\/yoast.com\/product\/yoast-seo-premium-wordpress\/ -->\n<title>Campus d&#039;El Manar: confrontation entre l&#039;UGET et l&#039;UGTE<\/title>\n<meta name=\"description\" content=\"Campus d&#039;El Manar: confrontation entre l&#039;UGET et l&#039;UGTE\" \/>\n<link rel=\"canonical\" href=\"https:\/\/www.webdo.tn\/fr\/actualite\/national\/campus-del-manar-confrontation-entre-luget-et-lugte\/172386\/\" \/>\n<meta property=\"og:locale\" content=\"fr_FR\" \/>\n<meta property=\"og:type\" content=\"article\" \/>\n<meta property=\"og:title\" content=\"Campus d&#039;El Manar: confrontation entre l&#039;UGET et l&#039;UGTE\" \/>\n<meta property=\"og:description\" content=\"Campus d&#039;El Manar: confrontation entre l&#039;UGET et l&#039;UGTE\" \/>\n<meta property=\"og:url\" content=\"https:\/\/www.webdo.tn\/fr\/actualite\/national\/campus-del-manar-confrontation-entre-luget-et-lugte\/172386\/\" \/>\n<meta property=\"og:site_name\" content=\"webdo\" \/>\n<meta property=\"article:publisher\" content=\"https:\/\/www.facebook.com\/webdotn\" \/>\n<meta property=\"article:published_time\" content=\"2011-12-14T16:51:00+00:00\" \/>\n<meta property=\"article:modified_time\" content=\"2025-06-04T19:03:30+00:00\" \/>\n<meta name=\"author\" content=\"webdo.tn\" \/>\n<meta name=\"twitter:card\" content=\"summary_large_image\" \/>\n<meta name=\"twitter:creator\" content=\"@webdo_tn\" \/>\n<meta name=\"twitter:site\" content=\"@webdo_tn\" \/>\n<meta name=\"twitter:label1\" content=\"\u00c9crit par\" \/>\n\t<meta name=\"twitter:data1\" content=\"webdo.tn\" \/>\n\t<meta name=\"twitter:label2\" content=\"Dur\u00e9e de lecture estim\u00e9e\" \/>\n\t<meta name=\"twitter:data2\" content=\"2 minutes\" \/>\n<script type=\"application\/ld+json\" class=\"yoast-schema-graph\">{\"@context\":\"https:\\\/\\\/schema.org\",\"@graph\":[{\"@type\":\"NewsArticle\",\"@id\":\"https:\\\/\\\/www.webdo.tn\\\/fr\\\/actualite\\\/national\\\/campus-del-manar-confrontation-entre-luget-et-lugte\\\/172386\\\/#article\",\"isPartOf\":{\"@id\":\"https:\\\/\\\/www.webdo.tn\\\/fr\\\/actualite\\\/national\\\/campus-del-manar-confrontation-entre-luget-et-lugte\\\/172386\\\/\"},\"author\":{\"name\":\"webdo.tn\",\"@id\":\"https:\\\/\\\/www.webdo.tn\\\/fr\\\/#\\\/schema\\\/person\\\/9a9c6118d687c117df8ef3cc36a4d175\"},\"headline\":\"Campus d&rsquo;El Manar: confrontation entre l&rsquo;UGET et l&rsquo;UGTE\",\"datePublished\":\"2011-12-14T16:51:00+00:00\",\"dateModified\":\"2025-06-04T19:03:30+00:00\",\"mainEntityOfPage\":{\"@id\":\"https:\\\/\\\/www.webdo.tn\\\/fr\\\/actualite\\\/national\\\/campus-del-manar-confrontation-entre-luget-et-lugte\\\/172386\\\/\"},\"wordCount\":491,\"commentCount\":0,\"publisher\":{\"@id\":\"https:\\\/\\\/www.webdo.tn\\\/fr\\\/#organization\"},\"image\":{\"@id\":\"https:\\\/\\\/www.webdo.tn\\\/fr\\\/actualite\\\/national\\\/campus-del-manar-confrontation-entre-luget-et-lugte\\\/172386\\\/#primaryimage\"},\"thumbnailUrl\":\"https:\\\/\\\/www.webdo.tn\\\/fr\\\/wp-content\\\/uploads\\\/2025\\\/06\\\/Campus-Manar-le-14-12-2011-apres-la-confrontation-entre-lUGET-et-lUGTE-photo-@hellmi_172386.jpg\",\"articleSection\":[\"National\"],\"inLanguage\":\"fr-FR\"},{\"@type\":\"WebPage\",\"@id\":\"https:\\\/\\\/www.webdo.tn\\\/fr\\\/actualite\\\/national\\\/campus-del-manar-confrontation-entre-luget-et-lugte\\\/172386\\\/\",\"url\":\"https:\\\/\\\/www.webdo.tn\\\/fr\\\/actualite\\\/national\\\/campus-del-manar-confrontation-entre-luget-et-lugte\\\/172386\\\/\",\"name\":\"Campus d'El Manar: confrontation entre l'UGET et l'UGTE\",\"isPartOf\":{\"@id\":\"https:\\\/\\\/www.webdo.tn\\\/fr\\\/#website\"},\"primaryImageOfPage\":{\"@id\":\"https:\\\/\\\/www.webdo.tn\\\/fr\\\/actualite\\\/national\\\/campus-del-manar-confrontation-entre-luget-et-lugte\\\/172386\\\/#primaryimage\"},\"image\":{\"@id\":\"https:\\\/\\\/www.webdo.tn\\\/fr\\\/actualite\\\/national\\\/campus-del-manar-confrontation-entre-luget-et-lugte\\\/172386\\\/#primaryimage\"},\"thumbnailUrl\":\"https:\\\/\\\/www.webdo.tn\\\/fr\\\/wp-content\\\/uploads\\\/2025\\\/06\\\/Campus-Manar-le-14-12-2011-apres-la-confrontation-entre-lUGET-et-lUGTE-photo-@hellmi_172386.jpg\",\"datePublished\":\"2011-12-14T16:51:00+00:00\",\"dateModified\":\"2025-06-04T19:03:30+00:00\",\"description\":\"Campus d'El Manar: confrontation entre l'UGET et l'UGTE\",\"breadcrumb\":{\"@id\":\"https:\\\/\\\/www.webdo.tn\\\/fr\\\/actualite\\\/national\\\/campus-del-manar-confrontation-entre-luget-et-lugte\\\/172386\\\/#breadcrumb\"},\"inLanguage\":\"fr-FR\",\"potentialAction\":[{\"@type\":\"ReadAction\",\"target\":[\"https:\\\/\\\/www.webdo.tn\\\/fr\\\/actualite\\\/national\\\/campus-del-manar-confrontation-entre-luget-et-lugte\\\/172386\\\/\"]}]},{\"@type\":\"ImageObject\",\"inLanguage\":\"fr-FR\",\"@id\":\"https:\\\/\\\/www.webdo.tn\\\/fr\\\/actualite\\\/national\\\/campus-del-manar-confrontation-entre-luget-et-lugte\\\/172386\\\/#primaryimage\",\"url\":\"https:\\\/\\\/www.webdo.tn\\\/fr\\\/wp-content\\\/uploads\\\/2025\\\/06\\\/Campus-Manar-le-14-12-2011-apres-la-confrontation-entre-lUGET-et-lUGTE-photo-@hellmi_172386.jpg\",\"contentUrl\":\"https:\\\/\\\/www.webdo.tn\\\/fr\\\/wp-content\\\/uploads\\\/2025\\\/06\\\/Campus-Manar-le-14-12-2011-apres-la-confrontation-entre-lUGET-et-lUGTE-photo-@hellmi_172386.jpg\",\"width\":320,\"height\":240,\"caption\":\"Campus d'El Manar: confrontation entre l'UGET et l'UGTE\"},{\"@type\":\"BreadcrumbList\",\"@id\":\"https:\\\/\\\/www.webdo.tn\\\/fr\\\/actualite\\\/national\\\/campus-del-manar-confrontation-entre-luget-et-lugte\\\/172386\\\/#breadcrumb\",\"itemListElement\":[{\"@type\":\"ListItem\",\"position\":1,\"name\":\"Accueil\",\"item\":\"https:\\\/\\\/www.webdo.tn\\\/fr\\\/\"},{\"@type\":\"ListItem\",\"position\":2,\"name\":\"Campus d&rsquo;El Manar: confrontation entre l&rsquo;UGET et l&rsquo;UGTE\"}]},{\"@type\":\"WebSite\",\"@id\":\"https:\\\/\\\/www.webdo.tn\\\/fr\\\/#website\",\"url\":\"https:\\\/\\\/www.webdo.tn\\\/fr\\\/\",\"name\":\"webdo\",\"description\":\"Tunisie - News en Tunisie et \u00e0 l&#039;international sur Webdo.tn\",\"publisher\":{\"@id\":\"https:\\\/\\\/www.webdo.tn\\\/fr\\\/#organization\"},\"potentialAction\":[{\"@type\":\"SearchAction\",\"target\":{\"@type\":\"EntryPoint\",\"urlTemplate\":\"https:\\\/\\\/www.webdo.tn\\\/fr\\\/?s={search_term_string}\"},\"query-input\":{\"@type\":\"PropertyValueSpecification\",\"valueRequired\":true,\"valueName\":\"search_term_string\"}}],\"inLanguage\":\"fr-FR\"},{\"@type\":\"Organization\",\"@id\":\"https:\\\/\\\/www.webdo.tn\\\/fr\\\/#organization\",\"name\":\"Webdo\",\"alternateName\":\"Webdo.tn\",\"url\":\"https:\\\/\\\/www.webdo.tn\\\/fr\\\/\",\"logo\":{\"@type\":\"ImageObject\",\"inLanguage\":\"fr-FR\",\"@id\":\"https:\\\/\\\/www.webdo.tn\\\/fr\\\/#\\\/schema\\\/logo\\\/image\\\/\",\"url\":\"https:\\\/\\\/www.webdo.tn\\\/fr\\\/wp-content\\\/uploads\\\/2025\\\/06\\\/Webdo-Tunisie_168377.jpg\",\"contentUrl\":\"https:\\\/\\\/www.webdo.tn\\\/fr\\\/wp-content\\\/uploads\\\/2025\\\/06\\\/Webdo-Tunisie_168377.jpg\",\"width\":301,\"height\":301,\"caption\":\"Webdo\"},\"image\":{\"@id\":\"https:\\\/\\\/www.webdo.tn\\\/fr\\\/#\\\/schema\\\/logo\\\/image\\\/\"},\"sameAs\":[\"https:\\\/\\\/www.facebook.com\\\/webdotn\",\"https:\\\/\\\/x.com\\\/webdo_tn\"],\"description\":\"Webdo est un m\u00e9dia num\u00e9rique tunisien fond\u00e9 en 2010, sp\u00e9cialis\u00e9 dans l\u2019actualit\u00e9 nationale et internationale, l\u2019\u00e9conomie, la soci\u00e9t\u00e9 et les analyses politiques. Le site s\u2019adresse \u00e0 un large public francophone et couvre l\u2019information tunisienne en temps r\u00e9el.\",\"email\":\"redac@webdo.tn\",\"legalName\":\"YNJ SARL\",\"foundingDate\":\"2010-09-06\",\"numberOfEmployees\":{\"@type\":\"QuantitativeValue\",\"minValue\":\"11\",\"maxValue\":\"50\"}},{\"@type\":\"Person\",\"@id\":\"https:\\\/\\\/www.webdo.tn\\\/fr\\\/#\\\/schema\\\/person\\\/9a9c6118d687c117df8ef3cc36a4d175\",\"name\":\"webdo.tn\",\"image\":{\"@type\":\"ImageObject\",\"inLanguage\":\"fr-FR\",\"@id\":\"https:\\\/\\\/secure.gravatar.com\\\/avatar\\\/7ce1f28c0c3bbac99ff550b85ef8e44a6950c6ee24514fb6a5489e51d06f0298?s=96&d=mm&r=g\",\"url\":\"https:\\\/\\\/secure.gravatar.com\\\/avatar\\\/7ce1f28c0c3bbac99ff550b85ef8e44a6950c6ee24514fb6a5489e51d06f0298?s=96&d=mm&r=g\",\"contentUrl\":\"https:\\\/\\\/secure.gravatar.com\\\/avatar\\\/7ce1f28c0c3bbac99ff550b85ef8e44a6950c6ee24514fb6a5489e51d06f0298?s=96&d=mm&r=g\",\"caption\":\"webdo.tn\"},\"url\":\"https:\\\/\\\/www.webdo.tn\\\/fr\\\/actualite\\\/author\\\/webdotn\\\/\"}]}<\/script>\n<!-- \/ Yoast SEO Premium plugin. -->","yoast_head_json":{"title":"Campus d'El Manar: confrontation entre l'UGET et l'UGTE","description":"Campus d'El Manar: confrontation entre l'UGET et l'UGTE","canonical":"https:\/\/www.webdo.tn\/fr\/actualite\/national\/campus-del-manar-confrontation-entre-luget-et-lugte\/172386\/","og_locale":"fr_FR","og_type":"article","og_title":"Campus d'El Manar: confrontation entre l'UGET et l'UGTE","og_description":"Campus d'El Manar: confrontation entre l'UGET et l'UGTE","og_url":"https:\/\/www.webdo.tn\/fr\/actualite\/national\/campus-del-manar-confrontation-entre-luget-et-lugte\/172386\/","og_site_name":"webdo","article_publisher":"https:\/\/www.facebook.com\/webdotn","article_published_time":"2011-12-14T16:51:00+00:00","article_modified_time":"2025-06-04T19:03:30+00:00","author":"webdo.tn","twitter_card":"summary_large_image","twitter_creator":"@webdo_tn","twitter_site":"@webdo_tn","twitter_misc":{"\u00c9crit par":"webdo.tn","Dur\u00e9e de lecture estim\u00e9e":"2 minutes"},"schema":{"@context":"https:\/\/schema.org","@graph":[{"@type":"NewsArticle","@id":"https:\/\/www.webdo.tn\/fr\/actualite\/national\/campus-del-manar-confrontation-entre-luget-et-lugte\/172386\/#article","isPartOf":{"@id":"https:\/\/www.webdo.tn\/fr\/actualite\/national\/campus-del-manar-confrontation-entre-luget-et-lugte\/172386\/"},"author":{"name":"webdo.tn","@id":"https:\/\/www.webdo.tn\/fr\/#\/schema\/person\/9a9c6118d687c117df8ef3cc36a4d175"},"headline":"Campus d&rsquo;El Manar: confrontation entre l&rsquo;UGET et l&rsquo;UGTE","datePublished":"2011-12-14T16:51:00+00:00","dateModified":"2025-06-04T19:03:30+00:00","mainEntityOfPage":{"@id":"https:\/\/www.webdo.tn\/fr\/actualite\/national\/campus-del-manar-confrontation-entre-luget-et-lugte\/172386\/"},"wordCount":491,"commentCount":0,"publisher":{"@id":"https:\/\/www.webdo.tn\/fr\/#organization"},"image":{"@id":"https:\/\/www.webdo.tn\/fr\/actualite\/national\/campus-del-manar-confrontation-entre-luget-et-lugte\/172386\/#primaryimage"},"thumbnailUrl":"https:\/\/www.webdo.tn\/fr\/wp-content\/uploads\/2025\/06\/Campus-Manar-le-14-12-2011-apres-la-confrontation-entre-lUGET-et-lUGTE-photo-@hellmi_172386.jpg","articleSection":["National"],"inLanguage":"fr-FR"},{"@type":"WebPage","@id":"https:\/\/www.webdo.tn\/fr\/actualite\/national\/campus-del-manar-confrontation-entre-luget-et-lugte\/172386\/","url":"https:\/\/www.webdo.tn\/fr\/actualite\/national\/campus-del-manar-confrontation-entre-luget-et-lugte\/172386\/","name":"Campus d'El Manar: confrontation entre l'UGET et l'UGTE","isPartOf":{"@id":"https:\/\/www.webdo.tn\/fr\/#website"},"primaryImageOfPage":{"@id":"https:\/\/www.webdo.tn\/fr\/actualite\/national\/campus-del-manar-confrontation-entre-luget-et-lugte\/172386\/#primaryimage"},"image":{"@id":"https:\/\/www.webdo.tn\/fr\/actualite\/national\/campus-del-manar-confrontation-entre-luget-et-lugte\/172386\/#primaryimage"},"thumbnailUrl":"https:\/\/www.webdo.tn\/fr\/wp-content\/uploads\/2025\/06\/Campus-Manar-le-14-12-2011-apres-la-confrontation-entre-lUGET-et-lUGTE-photo-@hellmi_172386.jpg","datePublished":"2011-12-14T16:51:00+00:00","dateModified":"2025-06-04T19:03:30+00:00","description":"Campus d'El Manar: confrontation entre l'UGET et l'UGTE","breadcrumb":{"@id":"https:\/\/www.webdo.tn\/fr\/actualite\/national\/campus-del-manar-confrontation-entre-luget-et-lugte\/172386\/#breadcrumb"},"inLanguage":"fr-FR","potentialAction":[{"@type":"ReadAction","target":["https:\/\/www.webdo.tn\/fr\/actualite\/national\/campus-del-manar-confrontation-entre-luget-et-lugte\/172386\/"]}]},{"@type":"ImageObject","inLanguage":"fr-FR","@id":"https:\/\/www.webdo.tn\/fr\/actualite\/national\/campus-del-manar-confrontation-entre-luget-et-lugte\/172386\/#primaryimage","url":"https:\/\/www.webdo.tn\/fr\/wp-content\/uploads\/2025\/06\/Campus-Manar-le-14-12-2011-apres-la-confrontation-entre-lUGET-et-lUGTE-photo-@hellmi_172386.jpg","contentUrl":"https:\/\/www.webdo.tn\/fr\/wp-content\/uploads\/2025\/06\/Campus-Manar-le-14-12-2011-apres-la-confrontation-entre-lUGET-et-lUGTE-photo-@hellmi_172386.jpg","width":320,"height":240,"caption":"Campus d'El Manar: confrontation entre l'UGET et l'UGTE"},{"@type":"BreadcrumbList","@id":"https:\/\/www.webdo.tn\/fr\/actualite\/national\/campus-del-manar-confrontation-entre-luget-et-lugte\/172386\/#breadcrumb","itemListElement":[{"@type":"ListItem","position":1,"name":"Accueil","item":"https:\/\/www.webdo.tn\/fr\/"},{"@type":"ListItem","position":2,"name":"Campus d&rsquo;El Manar: confrontation entre l&rsquo;UGET et l&rsquo;UGTE"}]},{"@type":"WebSite","@id":"https:\/\/www.webdo.tn\/fr\/#website","url":"https:\/\/www.webdo.tn\/fr\/","name":"webdo","description":"Tunisie - News en Tunisie et \u00e0 l&#039;international sur Webdo.tn","publisher":{"@id":"https:\/\/www.webdo.tn\/fr\/#organization"},"potentialAction":[{"@type":"SearchAction","target":{"@type":"EntryPoint","urlTemplate":"https:\/\/www.webdo.tn\/fr\/?s={search_term_string}"},"query-input":{"@type":"PropertyValueSpecification","valueRequired":true,"valueName":"search_term_string"}}],"inLanguage":"fr-FR"},{"@type":"Organization","@id":"https:\/\/www.webdo.tn\/fr\/#organization","name":"Webdo","alternateName":"Webdo.tn","url":"https:\/\/www.webdo.tn\/fr\/","logo":{"@type":"ImageObject","inLanguage":"fr-FR","@id":"https:\/\/www.webdo.tn\/fr\/#\/schema\/logo\/image\/","url":"https:\/\/www.webdo.tn\/fr\/wp-content\/uploads\/2025\/06\/Webdo-Tunisie_168377.jpg","contentUrl":"https:\/\/www.webdo.tn\/fr\/wp-content\/uploads\/2025\/06\/Webdo-Tunisie_168377.jpg","width":301,"height":301,"caption":"Webdo"},"image":{"@id":"https:\/\/www.webdo.tn\/fr\/#\/schema\/logo\/image\/"},"sameAs":["https:\/\/www.facebook.com\/webdotn","https:\/\/x.com\/webdo_tn"],"description":"Webdo est un m\u00e9dia num\u00e9rique tunisien fond\u00e9 en 2010, sp\u00e9cialis\u00e9 dans l\u2019actualit\u00e9 nationale et internationale, l\u2019\u00e9conomie, la soci\u00e9t\u00e9 et les analyses politiques. Le site s\u2019adresse \u00e0 un large public francophone et couvre l\u2019information tunisienne en temps r\u00e9el.","email":"redac@webdo.tn","legalName":"YNJ SARL","foundingDate":"2010-09-06","numberOfEmployees":{"@type":"QuantitativeValue","minValue":"11","maxValue":"50"}},{"@type":"Person","@id":"https:\/\/www.webdo.tn\/fr\/#\/schema\/person\/9a9c6118d687c117df8ef3cc36a4d175","name":"webdo.tn","image":{"@type":"ImageObject","inLanguage":"fr-FR","@id":"https:\/\/secure.gravatar.com\/avatar\/7ce1f28c0c3bbac99ff550b85ef8e44a6950c6ee24514fb6a5489e51d06f0298?s=96&d=mm&r=g","url":"https:\/\/secure.gravatar.com\/avatar\/7ce1f28c0c3bbac99ff550b85ef8e44a6950c6ee24514fb6a5489e51d06f0298?s=96&d=mm&r=g","contentUrl":"https:\/\/secure.gravatar.com\/avatar\/7ce1f28c0c3bbac99ff550b85ef8e44a6950c6ee24514fb6a5489e51d06f0298?s=96&d=mm&r=g","caption":"webdo.tn"},"url":"https:\/\/www.webdo.tn\/fr\/actualite\/author\/webdotn\/"}]}},"_links":{"self":[{"href":"https:\/\/www.webdo.tn\/fr\/wp-json\/wp\/v2\/posts\/172386","targetHints":{"allow":["GET"]}}],"collection":[{"href":"https:\/\/www.webdo.tn\/fr\/wp-json\/wp\/v2\/posts"}],"about":[{"href":"https:\/\/www.webdo.tn\/fr\/wp-json\/wp\/v2\/types\/post"}],"author":[{"embeddable":true,"href":"https:\/\/www.webdo.tn\/fr\/wp-json\/wp\/v2\/users\/3222"}],"replies":[{"embeddable":true,"href":"https:\/\/www.webdo.tn\/fr\/wp-json\/wp\/v2\/comments?post=172386"}],"version-history":[{"count":0,"href":"https:\/\/www.webdo.tn\/fr\/wp-json\/wp\/v2\/posts\/172386\/revisions"}],"wp:featuredmedia":[{"embeddable":true,"href":"https:\/\/www.webdo.tn\/fr\/wp-json\/wp\/v2\/media\/374580"}],"wp:attachment":[{"href":"https:\/\/www.webdo.tn\/fr\/wp-json\/wp\/v2\/media?parent=172386"}],"wp:term":[{"taxonomy":"category","embeddable":true,"href":"https:\/\/www.webdo.tn\/fr\/wp-json\/wp\/v2\/categories?post=172386"},{"taxonomy":"post_tag","embeddable":true,"href":"https:\/\/www.webdo.tn\/fr\/wp-json\/wp\/v2\/tags?post=172386"}],"curies":[{"name":"wp","href":"https:\/\/api.w.org\/{rel}","templated":true}]}}