{"id":172385,"date":"2011-12-15T10:03:00","date_gmt":"2011-12-15T10:03:00","guid":{"rendered":"https:\/\/www.webdo.tn\/fr\/blog\/les-signes-exterieurs-d-un-president-de-transition-un-peu-trop-populaire\/172385\/"},"modified":"2025-06-04T19:03:28","modified_gmt":"2025-06-04T19:03:28","slug":"les-signes-exterieurs-d-un-president-de-transition-un-peu-trop-populaire","status":"publish","type":"post","link":"https:\/\/www.webdo.tn\/fr\/actualite\/national\/les-signes-exterieurs-d-un-president-de-transition-un-peu-trop-populaire\/172385\/","title":{"rendered":"Les signes ext\u00e9rieurs d\u2019un Pr\u00e9sident de transition un peu trop populaire !"},"content":{"rendered":"<p>Journ\u00e9e historique donc que ce mardi 13 d\u00e9cembre ! Sur la belle esplanade du palais de Carthage, la passation du pouvoir est in\u00e9dite, \u00e9mouvante, solennelle, sans pr\u00e9c\u00e9dent dans la courte histoire moderne de la Tunisie qui voit ainsi l\u2019intronisation de son 4\u00e8me Pr\u00e9sident de la R\u00e9publique. Pour la premi\u00e8re fois, nous avons un chef d\u2019\u00c9tat \u00e9lu d\u00e9mocratiquement, par le peuple ? Oui, mais par l\u2019entremise d\u2019un scrutin indirect. Cependant un b\u00e9mol qui indispose : Moncef Marzouki \u00e9tait le seul candidat \u00e0 la plus haute instance du pays ! On aurait pr\u00e9f\u00e9r\u00e9 que cette \u00e9lection soit plurielle, question de symbole, cala va sans dire !<\/p>\n<p>Le symbole, nous savons qu\u2019il p\u00e8se de tout son poids dans ce genre de c\u00e9r\u00e9monie exceptionnelle o\u00f9 le moindre des d\u00e9tails compte. De tous les symboles qui ont ponctu\u00e9 cette journ\u00e9e historique, celui qui a focalis\u00e9 l\u2019attention, c\u2019est \u00e9videmment le costume que le tout r\u00e9cent Pr\u00e9sident \u00e9lu a choisi pour le plus beau jour da sa vie. R\u00eave caress\u00e9, dit-on depuis sa tendre enfance, ambition souvent martel\u00e9e, id\u00e9al tellement convoit\u00e9 qu\u2019une expression comme \u00ab Carthage vaut bien une messe \u00bb ne serait pas de l\u2019ordre de la boutade exag\u00e9r\u00e9e pour \u00e9voquer ce r\u00eave enfin r\u00e9alis\u00e9. Au prix de concessions que les plus cr\u00e9dules n\u2019auraient pas soup\u00e7onn\u00e9es un instant.<\/p>\n<p>Que faut-il donc lire dans ce costume pr\u00e9sidentiel, qui ne sied pas \u00e0 la stature d\u2019un Pr\u00e9sident de la R\u00e9publique ? Nous le savons : un v\u00eatement sert \u00e0 se v\u00eatir, mais un v\u00eatement a surtout une signification. Pour son investiture, le docteur Moncef Marzouki portait un costume bleu, plut\u00f4t modeste sous lequel on entrevoit une chemise blanche, sans \u00e9clat, mal amidonn\u00e9e si l\u2019on en juge par le col l\u00e9g\u00e8rement froiss\u00e9, le tout drap\u00e9 dans un cap (un burnous) miel qui rappelle l\u2019accoutrement du terroir dont ses a\u00efeux sont issus. L\u2019in\u00e9l\u00e9gance du costume comme un tout de signification se donne \u00e0 lire comme un signe de modestie, laquelle modestie se voulant la preuve tangible de son ancrage populaire. Le refus de la cravate ach\u00e8ve l\u2019intention d\u2019un homme qui n\u2019a de cesse de rappeler ses origines, sa volont\u00e9 de demeurer proche du peuple. Tout se passe comme si porter la cravate, renoncer au manteau classique en cachemire (attributs classiques des hommes d\u2019\u00c9tat) pouvait \u00eatre interpr\u00e9t\u00e9 comme une esp\u00e8ce de trahison des origines. Tant il est vrai que le caract\u00e8re soyeux du manteau occidental s\u2019oppose radicalement \u00e0 l\u2019aspect rugueux du burnous oriental. Au total une redondance de signes qui fabriquent l\u2019image, le mythe d\u2019un pr\u00e9sident du peuple. Le plus frappant, c\u2019est que pour notre nouveau Pr\u00e9sident, le c\u00f4t\u00e9 populaire ne semble gu\u00e8re s\u2019accommoder du souci esth\u00e9tique. Op\u00e9ration de \u00ab  com \u00bb, comme on dit aujourd\u2019hui, ou simple histoire de go\u00fbt, de culture ? Allez savoir !<\/p>\n<p>\u00c0 l\u2019\u00e9vidence, et au rythme o\u00f9 vont les choses, la Tunisie nouvelle semble marquer sa \u00abr\u00e9volution \u00bb et son \u00ab \u00e9volution \u00bb par le para\u00eetre vestimentaire. Les adeptes du niqab, appuy\u00e9es par des nababs n\u00e9buleux, font des siennes \u00e0 la facult\u00e9 des lettres de La Manouba. Au m\u00e9pris des r\u00e8gles p\u00e9dagogiques et acad\u00e9miques fondamentales. Elles viennent d\u2019avoir un autre soutien, plus symbolique : celui du pr\u00e9sident de la R\u00e9publique. Dans son discours inaugural, l\u2019appel \u00e0 la protection, au respect des voil\u00e9es et des \u00ab mounaqabettes \u00bb sonne comme un soutien sans \u00e9quivoque \u00e0 une minorit\u00e9 violente. Premiers \u00e9chos d\u2019une voix populiste, vraisemblablement souffl\u00e9e par des siffleurs nahdhaouis. Au grand dam des universitaires d\u00e9sappoint\u00e9s et emp\u00each\u00e9s d\u2019exercer leur fonction, et dont la voix demeure inaudible au locataire provisoire du palais de Carthage. Un Pr\u00e9sident qui va devoir d\u00e9sormais s\u2019habituer \u00e0 se r\u00e9veiller au rythme des vagues harmoniques de Carthage. Et \u00e0 se voir servir le petit d\u00e9jeuner en face de la baie de Tunis. Peut-on r\u00eaver un meilleur d\u00e9cor pour une m\u00e9ditation sur le sort du peuple ! C\u2019est peut-\u00eatre cela un Pr\u00e9sident populaire !<\/p>\n","protected":false},"excerpt":{"rendered":"<p>Les signes ext\u00e9rieurs d\u2019un Pr\u00e9sident de transition un peu trop populaire ! <\/p>\n","protected":false},"author":3222,"featured_media":374581,"comment_status":"open","ping_status":"closed","sticky":false,"template":"","format":"standard","meta":{"footnotes":""},"categories":[44],"tags":[],"class_list":["post-172385","post","type-post","status-publish","format-standard","has-post-thumbnail","hentry","category-national"],"yoast_head":"<!-- This site is optimized with the Yoast SEO Premium plugin v27.5 (Yoast SEO v27.5) - https:\/\/yoast.com\/product\/yoast-seo-premium-wordpress\/ -->\n<title>Les signes ext\u00e9rieurs d\u2019un Pr\u00e9sident de transition un peu trop populaire !<\/title>\n<meta name=\"description\" content=\"Les signes ext\u00e9rieurs d\u2019un Pr\u00e9sident de transition un peu trop populaire !\" \/>\n<link rel=\"canonical\" href=\"https:\/\/www.webdo.tn\/fr\/actualite\/national\/les-signes-exterieurs-d-un-president-de-transition-un-peu-trop-populaire\/172385\/\" \/>\n<meta property=\"og:locale\" content=\"fr_FR\" \/>\n<meta property=\"og:type\" content=\"article\" \/>\n<meta property=\"og:title\" content=\"Les signes ext\u00e9rieurs d\u2019un Pr\u00e9sident de transition un peu trop populaire !\" \/>\n<meta property=\"og:description\" content=\"Les signes ext\u00e9rieurs d\u2019un Pr\u00e9sident de transition un peu trop populaire !\" \/>\n<meta property=\"og:url\" content=\"https:\/\/www.webdo.tn\/fr\/actualite\/national\/les-signes-exterieurs-d-un-president-de-transition-un-peu-trop-populaire\/172385\/\" \/>\n<meta property=\"og:site_name\" content=\"webdo\" \/>\n<meta property=\"article:publisher\" content=\"https:\/\/www.facebook.com\/webdotn\" \/>\n<meta property=\"article:published_time\" content=\"2011-12-15T10:03:00+00:00\" \/>\n<meta property=\"article:modified_time\" content=\"2025-06-04T19:03:28+00:00\" \/>\n<meta name=\"author\" content=\"webdo.tn\" \/>\n<meta name=\"twitter:card\" content=\"summary_large_image\" \/>\n<meta name=\"twitter:creator\" content=\"@webdo_tn\" \/>\n<meta name=\"twitter:site\" content=\"@webdo_tn\" \/>\n<meta name=\"twitter:label1\" content=\"\u00c9crit par\" \/>\n\t<meta name=\"twitter:data1\" content=\"webdo.tn\" \/>\n\t<meta name=\"twitter:label2\" content=\"Dur\u00e9e de lecture estim\u00e9e\" \/>\n\t<meta name=\"twitter:data2\" content=\"4 minutes\" \/>\n<script type=\"application\/ld+json\" class=\"yoast-schema-graph\">{\"@context\":\"https:\\\/\\\/schema.org\",\"@graph\":[{\"@type\":\"NewsArticle\",\"@id\":\"https:\\\/\\\/www.webdo.tn\\\/fr\\\/actualite\\\/national\\\/les-signes-exterieurs-d-un-president-de-transition-un-peu-trop-populaire\\\/172385\\\/#article\",\"isPartOf\":{\"@id\":\"https:\\\/\\\/www.webdo.tn\\\/fr\\\/actualite\\\/national\\\/les-signes-exterieurs-d-un-president-de-transition-un-peu-trop-populaire\\\/172385\\\/\"},\"author\":{\"name\":\"webdo.tn\",\"@id\":\"https:\\\/\\\/www.webdo.tn\\\/fr\\\/#\\\/schema\\\/person\\\/9a9c6118d687c117df8ef3cc36a4d175\"},\"headline\":\"Les signes ext\u00e9rieurs d\u2019un Pr\u00e9sident de transition un peu trop populaire !\",\"datePublished\":\"2011-12-15T10:03:00+00:00\",\"dateModified\":\"2025-06-04T19:03:28+00:00\",\"mainEntityOfPage\":{\"@id\":\"https:\\\/\\\/www.webdo.tn\\\/fr\\\/actualite\\\/national\\\/les-signes-exterieurs-d-un-president-de-transition-un-peu-trop-populaire\\\/172385\\\/\"},\"wordCount\":731,\"commentCount\":0,\"publisher\":{\"@id\":\"https:\\\/\\\/www.webdo.tn\\\/fr\\\/#organization\"},\"image\":{\"@id\":\"https:\\\/\\\/www.webdo.tn\\\/fr\\\/actualite\\\/national\\\/les-signes-exterieurs-d-un-president-de-transition-un-peu-trop-populaire\\\/172385\\\/#primaryimage\"},\"thumbnailUrl\":\"https:\\\/\\\/www.webdo.tn\\\/fr\\\/wp-content\\\/uploads\\\/2025\\\/06\\\/Moncef-Marzouki-le-nouveau-president-de-transition-tunisien-photo-nouvelobs.com__172385.jpg\",\"articleSection\":[\"National\"],\"inLanguage\":\"fr-FR\"},{\"@type\":\"WebPage\",\"@id\":\"https:\\\/\\\/www.webdo.tn\\\/fr\\\/actualite\\\/national\\\/les-signes-exterieurs-d-un-president-de-transition-un-peu-trop-populaire\\\/172385\\\/\",\"url\":\"https:\\\/\\\/www.webdo.tn\\\/fr\\\/actualite\\\/national\\\/les-signes-exterieurs-d-un-president-de-transition-un-peu-trop-populaire\\\/172385\\\/\",\"name\":\"Les signes ext\u00e9rieurs d\u2019un Pr\u00e9sident de transition un peu trop populaire !\",\"isPartOf\":{\"@id\":\"https:\\\/\\\/www.webdo.tn\\\/fr\\\/#website\"},\"primaryImageOfPage\":{\"@id\":\"https:\\\/\\\/www.webdo.tn\\\/fr\\\/actualite\\\/national\\\/les-signes-exterieurs-d-un-president-de-transition-un-peu-trop-populaire\\\/172385\\\/#primaryimage\"},\"image\":{\"@id\":\"https:\\\/\\\/www.webdo.tn\\\/fr\\\/actualite\\\/national\\\/les-signes-exterieurs-d-un-president-de-transition-un-peu-trop-populaire\\\/172385\\\/#primaryimage\"},\"thumbnailUrl\":\"https:\\\/\\\/www.webdo.tn\\\/fr\\\/wp-content\\\/uploads\\\/2025\\\/06\\\/Moncef-Marzouki-le-nouveau-president-de-transition-tunisien-photo-nouvelobs.com__172385.jpg\",\"datePublished\":\"2011-12-15T10:03:00+00:00\",\"dateModified\":\"2025-06-04T19:03:28+00:00\",\"description\":\"Les signes ext\u00e9rieurs d\u2019un Pr\u00e9sident de transition un peu trop populaire !\",\"breadcrumb\":{\"@id\":\"https:\\\/\\\/www.webdo.tn\\\/fr\\\/actualite\\\/national\\\/les-signes-exterieurs-d-un-president-de-transition-un-peu-trop-populaire\\\/172385\\\/#breadcrumb\"},\"inLanguage\":\"fr-FR\",\"potentialAction\":[{\"@type\":\"ReadAction\",\"target\":[\"https:\\\/\\\/www.webdo.tn\\\/fr\\\/actualite\\\/national\\\/les-signes-exterieurs-d-un-president-de-transition-un-peu-trop-populaire\\\/172385\\\/\"]}]},{\"@type\":\"ImageObject\",\"inLanguage\":\"fr-FR\",\"@id\":\"https:\\\/\\\/www.webdo.tn\\\/fr\\\/actualite\\\/national\\\/les-signes-exterieurs-d-un-president-de-transition-un-peu-trop-populaire\\\/172385\\\/#primaryimage\",\"url\":\"https:\\\/\\\/www.webdo.tn\\\/fr\\\/wp-content\\\/uploads\\\/2025\\\/06\\\/Moncef-Marzouki-le-nouveau-president-de-transition-tunisien-photo-nouvelobs.com__172385.jpg\",\"contentUrl\":\"https:\\\/\\\/www.webdo.tn\\\/fr\\\/wp-content\\\/uploads\\\/2025\\\/06\\\/Moncef-Marzouki-le-nouveau-president-de-transition-tunisien-photo-nouvelobs.com__172385.jpg\",\"width\":319,\"height\":256,\"caption\":\"Les signes ext\u00e9rieurs d\u2019un Pr\u00e9sident de transition un peu trop populaire !\"},{\"@type\":\"BreadcrumbList\",\"@id\":\"https:\\\/\\\/www.webdo.tn\\\/fr\\\/actualite\\\/national\\\/les-signes-exterieurs-d-un-president-de-transition-un-peu-trop-populaire\\\/172385\\\/#breadcrumb\",\"itemListElement\":[{\"@type\":\"ListItem\",\"position\":1,\"name\":\"Accueil\",\"item\":\"https:\\\/\\\/www.webdo.tn\\\/fr\\\/\"},{\"@type\":\"ListItem\",\"position\":2,\"name\":\"Les signes ext\u00e9rieurs d\u2019un Pr\u00e9sident de transition un peu trop populaire !\"}]},{\"@type\":\"WebSite\",\"@id\":\"https:\\\/\\\/www.webdo.tn\\\/fr\\\/#website\",\"url\":\"https:\\\/\\\/www.webdo.tn\\\/fr\\\/\",\"name\":\"webdo\",\"description\":\"Tunisie - News en Tunisie et \u00e0 l&#039;international sur Webdo.tn\",\"publisher\":{\"@id\":\"https:\\\/\\\/www.webdo.tn\\\/fr\\\/#organization\"},\"potentialAction\":[{\"@type\":\"SearchAction\",\"target\":{\"@type\":\"EntryPoint\",\"urlTemplate\":\"https:\\\/\\\/www.webdo.tn\\\/fr\\\/?s={search_term_string}\"},\"query-input\":{\"@type\":\"PropertyValueSpecification\",\"valueRequired\":true,\"valueName\":\"search_term_string\"}}],\"inLanguage\":\"fr-FR\"},{\"@type\":\"Organization\",\"@id\":\"https:\\\/\\\/www.webdo.tn\\\/fr\\\/#organization\",\"name\":\"Webdo\",\"alternateName\":\"Webdo.tn\",\"url\":\"https:\\\/\\\/www.webdo.tn\\\/fr\\\/\",\"logo\":{\"@type\":\"ImageObject\",\"inLanguage\":\"fr-FR\",\"@id\":\"https:\\\/\\\/www.webdo.tn\\\/fr\\\/#\\\/schema\\\/logo\\\/image\\\/\",\"url\":\"https:\\\/\\\/www.webdo.tn\\\/fr\\\/wp-content\\\/uploads\\\/2025\\\/06\\\/Webdo-Tunisie_168377.jpg\",\"contentUrl\":\"https:\\\/\\\/www.webdo.tn\\\/fr\\\/wp-content\\\/uploads\\\/2025\\\/06\\\/Webdo-Tunisie_168377.jpg\",\"width\":301,\"height\":301,\"caption\":\"Webdo\"},\"image\":{\"@id\":\"https:\\\/\\\/www.webdo.tn\\\/fr\\\/#\\\/schema\\\/logo\\\/image\\\/\"},\"sameAs\":[\"https:\\\/\\\/www.facebook.com\\\/webdotn\",\"https:\\\/\\\/x.com\\\/webdo_tn\"],\"description\":\"Webdo est un m\u00e9dia num\u00e9rique tunisien fond\u00e9 en 2010, sp\u00e9cialis\u00e9 dans l\u2019actualit\u00e9 nationale et internationale, l\u2019\u00e9conomie, la soci\u00e9t\u00e9 et les analyses politiques. Le site s\u2019adresse \u00e0 un large public francophone et couvre l\u2019information tunisienne en temps r\u00e9el.\",\"email\":\"redac@webdo.tn\",\"legalName\":\"YNJ SARL\",\"foundingDate\":\"2010-09-06\",\"numberOfEmployees\":{\"@type\":\"QuantitativeValue\",\"minValue\":\"11\",\"maxValue\":\"50\"}},{\"@type\":\"Person\",\"@id\":\"https:\\\/\\\/www.webdo.tn\\\/fr\\\/#\\\/schema\\\/person\\\/9a9c6118d687c117df8ef3cc36a4d175\",\"name\":\"webdo.tn\",\"image\":{\"@type\":\"ImageObject\",\"inLanguage\":\"fr-FR\",\"@id\":\"https:\\\/\\\/secure.gravatar.com\\\/avatar\\\/7ce1f28c0c3bbac99ff550b85ef8e44a6950c6ee24514fb6a5489e51d06f0298?s=96&d=mm&r=g\",\"url\":\"https:\\\/\\\/secure.gravatar.com\\\/avatar\\\/7ce1f28c0c3bbac99ff550b85ef8e44a6950c6ee24514fb6a5489e51d06f0298?s=96&d=mm&r=g\",\"contentUrl\":\"https:\\\/\\\/secure.gravatar.com\\\/avatar\\\/7ce1f28c0c3bbac99ff550b85ef8e44a6950c6ee24514fb6a5489e51d06f0298?s=96&d=mm&r=g\",\"caption\":\"webdo.tn\"},\"url\":\"https:\\\/\\\/www.webdo.tn\\\/fr\\\/actualite\\\/author\\\/webdotn\\\/\"}]}<\/script>\n<!-- \/ Yoast SEO Premium plugin. -->","yoast_head_json":{"title":"Les signes ext\u00e9rieurs d\u2019un Pr\u00e9sident de transition un peu trop populaire !","description":"Les signes ext\u00e9rieurs d\u2019un Pr\u00e9sident de transition un peu trop populaire !","canonical":"https:\/\/www.webdo.tn\/fr\/actualite\/national\/les-signes-exterieurs-d-un-president-de-transition-un-peu-trop-populaire\/172385\/","og_locale":"fr_FR","og_type":"article","og_title":"Les signes ext\u00e9rieurs d\u2019un Pr\u00e9sident de transition un peu trop populaire !","og_description":"Les signes ext\u00e9rieurs d\u2019un Pr\u00e9sident de transition un peu trop populaire !","og_url":"https:\/\/www.webdo.tn\/fr\/actualite\/national\/les-signes-exterieurs-d-un-president-de-transition-un-peu-trop-populaire\/172385\/","og_site_name":"webdo","article_publisher":"https:\/\/www.facebook.com\/webdotn","article_published_time":"2011-12-15T10:03:00+00:00","article_modified_time":"2025-06-04T19:03:28+00:00","author":"webdo.tn","twitter_card":"summary_large_image","twitter_creator":"@webdo_tn","twitter_site":"@webdo_tn","twitter_misc":{"\u00c9crit par":"webdo.tn","Dur\u00e9e de lecture estim\u00e9e":"4 minutes"},"schema":{"@context":"https:\/\/schema.org","@graph":[{"@type":"NewsArticle","@id":"https:\/\/www.webdo.tn\/fr\/actualite\/national\/les-signes-exterieurs-d-un-president-de-transition-un-peu-trop-populaire\/172385\/#article","isPartOf":{"@id":"https:\/\/www.webdo.tn\/fr\/actualite\/national\/les-signes-exterieurs-d-un-president-de-transition-un-peu-trop-populaire\/172385\/"},"author":{"name":"webdo.tn","@id":"https:\/\/www.webdo.tn\/fr\/#\/schema\/person\/9a9c6118d687c117df8ef3cc36a4d175"},"headline":"Les signes ext\u00e9rieurs d\u2019un Pr\u00e9sident de transition un peu trop populaire !","datePublished":"2011-12-15T10:03:00+00:00","dateModified":"2025-06-04T19:03:28+00:00","mainEntityOfPage":{"@id":"https:\/\/www.webdo.tn\/fr\/actualite\/national\/les-signes-exterieurs-d-un-president-de-transition-un-peu-trop-populaire\/172385\/"},"wordCount":731,"commentCount":0,"publisher":{"@id":"https:\/\/www.webdo.tn\/fr\/#organization"},"image":{"@id":"https:\/\/www.webdo.tn\/fr\/actualite\/national\/les-signes-exterieurs-d-un-president-de-transition-un-peu-trop-populaire\/172385\/#primaryimage"},"thumbnailUrl":"https:\/\/www.webdo.tn\/fr\/wp-content\/uploads\/2025\/06\/Moncef-Marzouki-le-nouveau-president-de-transition-tunisien-photo-nouvelobs.com__172385.jpg","articleSection":["National"],"inLanguage":"fr-FR"},{"@type":"WebPage","@id":"https:\/\/www.webdo.tn\/fr\/actualite\/national\/les-signes-exterieurs-d-un-president-de-transition-un-peu-trop-populaire\/172385\/","url":"https:\/\/www.webdo.tn\/fr\/actualite\/national\/les-signes-exterieurs-d-un-president-de-transition-un-peu-trop-populaire\/172385\/","name":"Les signes ext\u00e9rieurs d\u2019un Pr\u00e9sident de transition un peu trop populaire !","isPartOf":{"@id":"https:\/\/www.webdo.tn\/fr\/#website"},"primaryImageOfPage":{"@id":"https:\/\/www.webdo.tn\/fr\/actualite\/national\/les-signes-exterieurs-d-un-president-de-transition-un-peu-trop-populaire\/172385\/#primaryimage"},"image":{"@id":"https:\/\/www.webdo.tn\/fr\/actualite\/national\/les-signes-exterieurs-d-un-president-de-transition-un-peu-trop-populaire\/172385\/#primaryimage"},"thumbnailUrl":"https:\/\/www.webdo.tn\/fr\/wp-content\/uploads\/2025\/06\/Moncef-Marzouki-le-nouveau-president-de-transition-tunisien-photo-nouvelobs.com__172385.jpg","datePublished":"2011-12-15T10:03:00+00:00","dateModified":"2025-06-04T19:03:28+00:00","description":"Les signes ext\u00e9rieurs d\u2019un Pr\u00e9sident de transition un peu trop populaire !","breadcrumb":{"@id":"https:\/\/www.webdo.tn\/fr\/actualite\/national\/les-signes-exterieurs-d-un-president-de-transition-un-peu-trop-populaire\/172385\/#breadcrumb"},"inLanguage":"fr-FR","potentialAction":[{"@type":"ReadAction","target":["https:\/\/www.webdo.tn\/fr\/actualite\/national\/les-signes-exterieurs-d-un-president-de-transition-un-peu-trop-populaire\/172385\/"]}]},{"@type":"ImageObject","inLanguage":"fr-FR","@id":"https:\/\/www.webdo.tn\/fr\/actualite\/national\/les-signes-exterieurs-d-un-president-de-transition-un-peu-trop-populaire\/172385\/#primaryimage","url":"https:\/\/www.webdo.tn\/fr\/wp-content\/uploads\/2025\/06\/Moncef-Marzouki-le-nouveau-president-de-transition-tunisien-photo-nouvelobs.com__172385.jpg","contentUrl":"https:\/\/www.webdo.tn\/fr\/wp-content\/uploads\/2025\/06\/Moncef-Marzouki-le-nouveau-president-de-transition-tunisien-photo-nouvelobs.com__172385.jpg","width":319,"height":256,"caption":"Les signes ext\u00e9rieurs d\u2019un Pr\u00e9sident de transition un peu trop populaire !"},{"@type":"BreadcrumbList","@id":"https:\/\/www.webdo.tn\/fr\/actualite\/national\/les-signes-exterieurs-d-un-president-de-transition-un-peu-trop-populaire\/172385\/#breadcrumb","itemListElement":[{"@type":"ListItem","position":1,"name":"Accueil","item":"https:\/\/www.webdo.tn\/fr\/"},{"@type":"ListItem","position":2,"name":"Les signes ext\u00e9rieurs d\u2019un Pr\u00e9sident de transition un peu trop populaire !"}]},{"@type":"WebSite","@id":"https:\/\/www.webdo.tn\/fr\/#website","url":"https:\/\/www.webdo.tn\/fr\/","name":"webdo","description":"Tunisie - News en Tunisie et \u00e0 l&#039;international sur Webdo.tn","publisher":{"@id":"https:\/\/www.webdo.tn\/fr\/#organization"},"potentialAction":[{"@type":"SearchAction","target":{"@type":"EntryPoint","urlTemplate":"https:\/\/www.webdo.tn\/fr\/?s={search_term_string}"},"query-input":{"@type":"PropertyValueSpecification","valueRequired":true,"valueName":"search_term_string"}}],"inLanguage":"fr-FR"},{"@type":"Organization","@id":"https:\/\/www.webdo.tn\/fr\/#organization","name":"Webdo","alternateName":"Webdo.tn","url":"https:\/\/www.webdo.tn\/fr\/","logo":{"@type":"ImageObject","inLanguage":"fr-FR","@id":"https:\/\/www.webdo.tn\/fr\/#\/schema\/logo\/image\/","url":"https:\/\/www.webdo.tn\/fr\/wp-content\/uploads\/2025\/06\/Webdo-Tunisie_168377.jpg","contentUrl":"https:\/\/www.webdo.tn\/fr\/wp-content\/uploads\/2025\/06\/Webdo-Tunisie_168377.jpg","width":301,"height":301,"caption":"Webdo"},"image":{"@id":"https:\/\/www.webdo.tn\/fr\/#\/schema\/logo\/image\/"},"sameAs":["https:\/\/www.facebook.com\/webdotn","https:\/\/x.com\/webdo_tn"],"description":"Webdo est un m\u00e9dia num\u00e9rique tunisien fond\u00e9 en 2010, sp\u00e9cialis\u00e9 dans l\u2019actualit\u00e9 nationale et internationale, l\u2019\u00e9conomie, la soci\u00e9t\u00e9 et les analyses politiques. Le site s\u2019adresse \u00e0 un large public francophone et couvre l\u2019information tunisienne en temps r\u00e9el.","email":"redac@webdo.tn","legalName":"YNJ SARL","foundingDate":"2010-09-06","numberOfEmployees":{"@type":"QuantitativeValue","minValue":"11","maxValue":"50"}},{"@type":"Person","@id":"https:\/\/www.webdo.tn\/fr\/#\/schema\/person\/9a9c6118d687c117df8ef3cc36a4d175","name":"webdo.tn","image":{"@type":"ImageObject","inLanguage":"fr-FR","@id":"https:\/\/secure.gravatar.com\/avatar\/7ce1f28c0c3bbac99ff550b85ef8e44a6950c6ee24514fb6a5489e51d06f0298?s=96&d=mm&r=g","url":"https:\/\/secure.gravatar.com\/avatar\/7ce1f28c0c3bbac99ff550b85ef8e44a6950c6ee24514fb6a5489e51d06f0298?s=96&d=mm&r=g","contentUrl":"https:\/\/secure.gravatar.com\/avatar\/7ce1f28c0c3bbac99ff550b85ef8e44a6950c6ee24514fb6a5489e51d06f0298?s=96&d=mm&r=g","caption":"webdo.tn"},"url":"https:\/\/www.webdo.tn\/fr\/actualite\/author\/webdotn\/"}]}},"_links":{"self":[{"href":"https:\/\/www.webdo.tn\/fr\/wp-json\/wp\/v2\/posts\/172385","targetHints":{"allow":["GET"]}}],"collection":[{"href":"https:\/\/www.webdo.tn\/fr\/wp-json\/wp\/v2\/posts"}],"about":[{"href":"https:\/\/www.webdo.tn\/fr\/wp-json\/wp\/v2\/types\/post"}],"author":[{"embeddable":true,"href":"https:\/\/www.webdo.tn\/fr\/wp-json\/wp\/v2\/users\/3222"}],"replies":[{"embeddable":true,"href":"https:\/\/www.webdo.tn\/fr\/wp-json\/wp\/v2\/comments?post=172385"}],"version-history":[{"count":0,"href":"https:\/\/www.webdo.tn\/fr\/wp-json\/wp\/v2\/posts\/172385\/revisions"}],"wp:featuredmedia":[{"embeddable":true,"href":"https:\/\/www.webdo.tn\/fr\/wp-json\/wp\/v2\/media\/374581"}],"wp:attachment":[{"href":"https:\/\/www.webdo.tn\/fr\/wp-json\/wp\/v2\/media?parent=172385"}],"wp:term":[{"taxonomy":"category","embeddable":true,"href":"https:\/\/www.webdo.tn\/fr\/wp-json\/wp\/v2\/categories?post=172385"},{"taxonomy":"post_tag","embeddable":true,"href":"https:\/\/www.webdo.tn\/fr\/wp-json\/wp\/v2\/tags?post=172385"}],"curies":[{"name":"wp","href":"https:\/\/api.w.org\/{rel}","templated":true}]}}