{"id":172384,"date":"2011-12-15T18:53:00","date_gmt":"2011-12-15T18:53:00","guid":{"rendered":"https:\/\/www.webdo.tn\/fr\/blog\/apres-ras-jdir-autour-du-poste-frontalier-de-dhehiba-de-rouvrir-ses-portes\/172384\/"},"modified":"2025-06-04T19:03:26","modified_gmt":"2025-06-04T19:03:26","slug":"apres-ras-jdir-autour-du-poste-frontalier-de-dhehiba-de-rouvrir-ses-portes","status":"publish","type":"post","link":"https:\/\/www.webdo.tn\/fr\/actualite\/national\/apres-ras-jdir-autour-du-poste-frontalier-de-dhehiba-de-rouvrir-ses-portes\/172384\/","title":{"rendered":"Apr\u00e9s Ras Jdir, autour du poste frontalier de Dhehiba de rouvrir ses portes"},"content":{"rendered":"<p>Apr\u00e8s la r\u00e9ouverture du poste fronti\u00e8re de Ras Jdir, ce matin, c&rsquo;est autour du poste de Dhehiba-Wazen d&rsquo;\u00eatre de nouveau accessible, selon la TAP, aux citoyens des deux pays limitrophes. Cette r\u00e9ouverture intervient apr\u00e8s que les autorit\u00e9s libyennes aient r\u00e9ussi \u00e0 installer un syst\u00e8me sp\u00e9cialis\u00e9 capable de g\u00e9rer efficacement ce poste.<\/p>\n<p>A peine ouvert, ce point de passage a, d&rsquo;ailleurs, vu la travers\u00e9e d\u2019environ 150 tunisiens et 6 libyens. Rappelons qu&rsquo;il a \u00e9t\u00e9 ferm\u00e9 suite \u00e0 l&rsquo;entr\u00e9e de plusieurs \u2018rebelles\u2019 libyens sur le sol tunisien, causant des blessures chez quelques agents tunisiens travaillant au sein de ce poste.<\/p>\n<p>Cette r\u00e9ouverture de ce poste-fronti\u00e8re intervient au moment o\u00f9 un couvre-feu a \u00e9t\u00e9 d\u00e9cr\u00e9t\u00e9 depuis deux jours \u00e0 Remada et \u00e0 Dhehiba suite \u00e0 de violents affrontements entre deux jeunes appartenant \u00e0 ces deux localit\u00e9s.<\/p>\n","protected":false},"excerpt":{"rendered":"<p>Apr\u00e9s Ras Jdir, autour du poste frontalier de Dhehiba de rouvrir ses portes<\/p>\n","protected":false},"author":3222,"featured_media":333870,"comment_status":"open","ping_status":"closed","sticky":false,"template":"","format":"standard","meta":{"footnotes":""},"categories":[44],"tags":[],"class_list":["post-172384","post","type-post","status-publish","format-standard","has-post-thumbnail","hentry","category-national"],"yoast_head":"<!-- This site is optimized with the Yoast SEO Premium plugin v27.5 (Yoast SEO v27.5) - https:\/\/yoast.com\/product\/yoast-seo-premium-wordpress\/ -->\n<title>Apr\u00e9s Ras Jdir, autour du poste frontalier de Dhehiba de rouvrir ses portes<\/title>\n<meta name=\"description\" content=\"Apr\u00e9s Ras Jdir, autour du poste frontalier de Dhehiba de rouvrir ses portes\" \/>\n<link rel=\"canonical\" href=\"https:\/\/www.webdo.tn\/fr\/actualite\/national\/apres-ras-jdir-autour-du-poste-frontalier-de-dhehiba-de-rouvrir-ses-portes\/172384\/\" \/>\n<meta property=\"og:locale\" content=\"fr_FR\" \/>\n<meta property=\"og:type\" content=\"article\" \/>\n<meta property=\"og:title\" content=\"Apr\u00e9s Ras Jdir, autour du poste frontalier de Dhehiba de rouvrir ses portes\" \/>\n<meta property=\"og:description\" content=\"Apr\u00e9s Ras Jdir, autour du poste frontalier de Dhehiba de rouvrir ses portes\" \/>\n<meta property=\"og:url\" content=\"https:\/\/www.webdo.tn\/fr\/actualite\/national\/apres-ras-jdir-autour-du-poste-frontalier-de-dhehiba-de-rouvrir-ses-portes\/172384\/\" \/>\n<meta property=\"og:site_name\" content=\"webdo\" \/>\n<meta property=\"article:publisher\" content=\"https:\/\/www.facebook.com\/webdotn\" \/>\n<meta property=\"article:published_time\" content=\"2011-12-15T18:53:00+00:00\" \/>\n<meta property=\"article:modified_time\" content=\"2025-06-04T19:03:26+00:00\" \/>\n<meta property=\"og:image\" content=\"https:\/\/www.webdo.tn\/fr\/wp-content\/uploads\/2011\/12\/poste-frontalier-dhehiba-150x150-1.jpg\" \/>\n\t<meta property=\"og:image:width\" content=\"150\" \/>\n\t<meta property=\"og:image:height\" content=\"150\" \/>\n\t<meta property=\"og:image:type\" content=\"image\/jpeg\" \/>\n<meta name=\"author\" content=\"webdo.tn\" \/>\n<meta name=\"twitter:card\" content=\"summary_large_image\" \/>\n<meta name=\"twitter:creator\" content=\"@webdo_tn\" \/>\n<meta name=\"twitter:site\" content=\"@webdo_tn\" \/>\n<meta name=\"twitter:label1\" content=\"\u00c9crit par\" \/>\n\t<meta name=\"twitter:data1\" content=\"webdo.tn\" \/>\n\t<meta name=\"twitter:label2\" content=\"Dur\u00e9e de lecture estim\u00e9e\" \/>\n\t<meta name=\"twitter:data2\" content=\"1 minute\" \/>\n<script type=\"application\/ld+json\" class=\"yoast-schema-graph\">{\"@context\":\"https:\\\/\\\/schema.org\",\"@graph\":[{\"@type\":\"NewsArticle\",\"@id\":\"https:\\\/\\\/www.webdo.tn\\\/fr\\\/actualite\\\/national\\\/apres-ras-jdir-autour-du-poste-frontalier-de-dhehiba-de-rouvrir-ses-portes\\\/172384\\\/#article\",\"isPartOf\":{\"@id\":\"https:\\\/\\\/www.webdo.tn\\\/fr\\\/actualite\\\/national\\\/apres-ras-jdir-autour-du-poste-frontalier-de-dhehiba-de-rouvrir-ses-portes\\\/172384\\\/\"},\"author\":{\"name\":\"webdo.tn\",\"@id\":\"https:\\\/\\\/www.webdo.tn\\\/fr\\\/#\\\/schema\\\/person\\\/9a9c6118d687c117df8ef3cc36a4d175\"},\"headline\":\"Apr\u00e9s Ras Jdir, autour du poste frontalier de Dhehiba de rouvrir ses portes\",\"datePublished\":\"2011-12-15T18:53:00+00:00\",\"dateModified\":\"2025-06-04T19:03:26+00:00\",\"mainEntityOfPage\":{\"@id\":\"https:\\\/\\\/www.webdo.tn\\\/fr\\\/actualite\\\/national\\\/apres-ras-jdir-autour-du-poste-frontalier-de-dhehiba-de-rouvrir-ses-portes\\\/172384\\\/\"},\"wordCount\":162,\"commentCount\":0,\"publisher\":{\"@id\":\"https:\\\/\\\/www.webdo.tn\\\/fr\\\/#organization\"},\"image\":{\"@id\":\"https:\\\/\\\/www.webdo.tn\\\/fr\\\/actualite\\\/national\\\/apres-ras-jdir-autour-du-poste-frontalier-de-dhehiba-de-rouvrir-ses-portes\\\/172384\\\/#primaryimage\"},\"thumbnailUrl\":\"https:\\\/\\\/www.webdo.tn\\\/fr\\\/wp-content\\\/uploads\\\/2011\\\/12\\\/poste-frontalier-dhehiba-150x150-1.jpg\",\"articleSection\":[\"National\"],\"inLanguage\":\"fr-FR\"},{\"@type\":\"WebPage\",\"@id\":\"https:\\\/\\\/www.webdo.tn\\\/fr\\\/actualite\\\/national\\\/apres-ras-jdir-autour-du-poste-frontalier-de-dhehiba-de-rouvrir-ses-portes\\\/172384\\\/\",\"url\":\"https:\\\/\\\/www.webdo.tn\\\/fr\\\/actualite\\\/national\\\/apres-ras-jdir-autour-du-poste-frontalier-de-dhehiba-de-rouvrir-ses-portes\\\/172384\\\/\",\"name\":\"Apr\u00e9s Ras Jdir, autour du poste frontalier de Dhehiba de rouvrir ses portes\",\"isPartOf\":{\"@id\":\"https:\\\/\\\/www.webdo.tn\\\/fr\\\/#website\"},\"primaryImageOfPage\":{\"@id\":\"https:\\\/\\\/www.webdo.tn\\\/fr\\\/actualite\\\/national\\\/apres-ras-jdir-autour-du-poste-frontalier-de-dhehiba-de-rouvrir-ses-portes\\\/172384\\\/#primaryimage\"},\"image\":{\"@id\":\"https:\\\/\\\/www.webdo.tn\\\/fr\\\/actualite\\\/national\\\/apres-ras-jdir-autour-du-poste-frontalier-de-dhehiba-de-rouvrir-ses-portes\\\/172384\\\/#primaryimage\"},\"thumbnailUrl\":\"https:\\\/\\\/www.webdo.tn\\\/fr\\\/wp-content\\\/uploads\\\/2011\\\/12\\\/poste-frontalier-dhehiba-150x150-1.jpg\",\"datePublished\":\"2011-12-15T18:53:00+00:00\",\"dateModified\":\"2025-06-04T19:03:26+00:00\",\"description\":\"Apr\u00e9s Ras Jdir, autour du poste frontalier de Dhehiba de rouvrir ses portes\",\"breadcrumb\":{\"@id\":\"https:\\\/\\\/www.webdo.tn\\\/fr\\\/actualite\\\/national\\\/apres-ras-jdir-autour-du-poste-frontalier-de-dhehiba-de-rouvrir-ses-portes\\\/172384\\\/#breadcrumb\"},\"inLanguage\":\"fr-FR\",\"potentialAction\":[{\"@type\":\"ReadAction\",\"target\":[\"https:\\\/\\\/www.webdo.tn\\\/fr\\\/actualite\\\/national\\\/apres-ras-jdir-autour-du-poste-frontalier-de-dhehiba-de-rouvrir-ses-portes\\\/172384\\\/\"]}]},{\"@type\":\"ImageObject\",\"inLanguage\":\"fr-FR\",\"@id\":\"https:\\\/\\\/www.webdo.tn\\\/fr\\\/actualite\\\/national\\\/apres-ras-jdir-autour-du-poste-frontalier-de-dhehiba-de-rouvrir-ses-portes\\\/172384\\\/#primaryimage\",\"url\":\"https:\\\/\\\/www.webdo.tn\\\/fr\\\/wp-content\\\/uploads\\\/2011\\\/12\\\/poste-frontalier-dhehiba-150x150-1.jpg\",\"contentUrl\":\"https:\\\/\\\/www.webdo.tn\\\/fr\\\/wp-content\\\/uploads\\\/2011\\\/12\\\/poste-frontalier-dhehiba-150x150-1.jpg\",\"width\":150,\"height\":150,\"caption\":\"Apr\u00e9s Ras Jdir, autour du poste frontalier de Dhehiba de rouvrir ses portes\"},{\"@type\":\"BreadcrumbList\",\"@id\":\"https:\\\/\\\/www.webdo.tn\\\/fr\\\/actualite\\\/national\\\/apres-ras-jdir-autour-du-poste-frontalier-de-dhehiba-de-rouvrir-ses-portes\\\/172384\\\/#breadcrumb\",\"itemListElement\":[{\"@type\":\"ListItem\",\"position\":1,\"name\":\"Accueil\",\"item\":\"https:\\\/\\\/www.webdo.tn\\\/fr\\\/\"},{\"@type\":\"ListItem\",\"position\":2,\"name\":\"Apr\u00e9s Ras Jdir, autour du poste frontalier de Dhehiba de rouvrir ses portes\"}]},{\"@type\":\"WebSite\",\"@id\":\"https:\\\/\\\/www.webdo.tn\\\/fr\\\/#website\",\"url\":\"https:\\\/\\\/www.webdo.tn\\\/fr\\\/\",\"name\":\"webdo\",\"description\":\"Tunisie - News en Tunisie et \u00e0 l&#039;international sur Webdo.tn\",\"publisher\":{\"@id\":\"https:\\\/\\\/www.webdo.tn\\\/fr\\\/#organization\"},\"potentialAction\":[{\"@type\":\"SearchAction\",\"target\":{\"@type\":\"EntryPoint\",\"urlTemplate\":\"https:\\\/\\\/www.webdo.tn\\\/fr\\\/?s={search_term_string}\"},\"query-input\":{\"@type\":\"PropertyValueSpecification\",\"valueRequired\":true,\"valueName\":\"search_term_string\"}}],\"inLanguage\":\"fr-FR\"},{\"@type\":\"Organization\",\"@id\":\"https:\\\/\\\/www.webdo.tn\\\/fr\\\/#organization\",\"name\":\"Webdo\",\"alternateName\":\"Webdo.tn\",\"url\":\"https:\\\/\\\/www.webdo.tn\\\/fr\\\/\",\"logo\":{\"@type\":\"ImageObject\",\"inLanguage\":\"fr-FR\",\"@id\":\"https:\\\/\\\/www.webdo.tn\\\/fr\\\/#\\\/schema\\\/logo\\\/image\\\/\",\"url\":\"https:\\\/\\\/www.webdo.tn\\\/fr\\\/wp-content\\\/uploads\\\/2025\\\/06\\\/Webdo-Tunisie_168377.jpg\",\"contentUrl\":\"https:\\\/\\\/www.webdo.tn\\\/fr\\\/wp-content\\\/uploads\\\/2025\\\/06\\\/Webdo-Tunisie_168377.jpg\",\"width\":301,\"height\":301,\"caption\":\"Webdo\"},\"image\":{\"@id\":\"https:\\\/\\\/www.webdo.tn\\\/fr\\\/#\\\/schema\\\/logo\\\/image\\\/\"},\"sameAs\":[\"https:\\\/\\\/www.facebook.com\\\/webdotn\",\"https:\\\/\\\/x.com\\\/webdo_tn\"],\"description\":\"Webdo est un m\u00e9dia num\u00e9rique tunisien fond\u00e9 en 2010, sp\u00e9cialis\u00e9 dans l\u2019actualit\u00e9 nationale et internationale, l\u2019\u00e9conomie, la soci\u00e9t\u00e9 et les analyses politiques. Le site s\u2019adresse \u00e0 un large public francophone et couvre l\u2019information tunisienne en temps r\u00e9el.\",\"email\":\"redac@webdo.tn\",\"legalName\":\"YNJ SARL\",\"foundingDate\":\"2010-09-06\",\"numberOfEmployees\":{\"@type\":\"QuantitativeValue\",\"minValue\":\"11\",\"maxValue\":\"50\"}},{\"@type\":\"Person\",\"@id\":\"https:\\\/\\\/www.webdo.tn\\\/fr\\\/#\\\/schema\\\/person\\\/9a9c6118d687c117df8ef3cc36a4d175\",\"name\":\"webdo.tn\",\"image\":{\"@type\":\"ImageObject\",\"inLanguage\":\"fr-FR\",\"@id\":\"https:\\\/\\\/secure.gravatar.com\\\/avatar\\\/7ce1f28c0c3bbac99ff550b85ef8e44a6950c6ee24514fb6a5489e51d06f0298?s=96&d=mm&r=g\",\"url\":\"https:\\\/\\\/secure.gravatar.com\\\/avatar\\\/7ce1f28c0c3bbac99ff550b85ef8e44a6950c6ee24514fb6a5489e51d06f0298?s=96&d=mm&r=g\",\"contentUrl\":\"https:\\\/\\\/secure.gravatar.com\\\/avatar\\\/7ce1f28c0c3bbac99ff550b85ef8e44a6950c6ee24514fb6a5489e51d06f0298?s=96&d=mm&r=g\",\"caption\":\"webdo.tn\"},\"url\":\"https:\\\/\\\/www.webdo.tn\\\/fr\\\/actualite\\\/author\\\/webdotn\\\/\"}]}<\/script>\n<!-- \/ Yoast SEO Premium plugin. -->","yoast_head_json":{"title":"Apr\u00e9s Ras Jdir, autour du poste frontalier de Dhehiba de rouvrir ses portes","description":"Apr\u00e9s Ras Jdir, autour du poste frontalier de Dhehiba de rouvrir ses portes","canonical":"https:\/\/www.webdo.tn\/fr\/actualite\/national\/apres-ras-jdir-autour-du-poste-frontalier-de-dhehiba-de-rouvrir-ses-portes\/172384\/","og_locale":"fr_FR","og_type":"article","og_title":"Apr\u00e9s Ras Jdir, autour du poste frontalier de Dhehiba de rouvrir ses portes","og_description":"Apr\u00e9s Ras Jdir, autour du poste frontalier de Dhehiba de rouvrir ses portes","og_url":"https:\/\/www.webdo.tn\/fr\/actualite\/national\/apres-ras-jdir-autour-du-poste-frontalier-de-dhehiba-de-rouvrir-ses-portes\/172384\/","og_site_name":"webdo","article_publisher":"https:\/\/www.facebook.com\/webdotn","article_published_time":"2011-12-15T18:53:00+00:00","article_modified_time":"2025-06-04T19:03:26+00:00","og_image":[{"width":150,"height":150,"url":"https:\/\/www.webdo.tn\/fr\/wp-content\/uploads\/2011\/12\/poste-frontalier-dhehiba-150x150-1.jpg","type":"image\/jpeg"}],"author":"webdo.tn","twitter_card":"summary_large_image","twitter_creator":"@webdo_tn","twitter_site":"@webdo_tn","twitter_misc":{"\u00c9crit par":"webdo.tn","Dur\u00e9e de lecture estim\u00e9e":"1 minute"},"schema":{"@context":"https:\/\/schema.org","@graph":[{"@type":"NewsArticle","@id":"https:\/\/www.webdo.tn\/fr\/actualite\/national\/apres-ras-jdir-autour-du-poste-frontalier-de-dhehiba-de-rouvrir-ses-portes\/172384\/#article","isPartOf":{"@id":"https:\/\/www.webdo.tn\/fr\/actualite\/national\/apres-ras-jdir-autour-du-poste-frontalier-de-dhehiba-de-rouvrir-ses-portes\/172384\/"},"author":{"name":"webdo.tn","@id":"https:\/\/www.webdo.tn\/fr\/#\/schema\/person\/9a9c6118d687c117df8ef3cc36a4d175"},"headline":"Apr\u00e9s Ras Jdir, autour du poste frontalier de Dhehiba de rouvrir ses portes","datePublished":"2011-12-15T18:53:00+00:00","dateModified":"2025-06-04T19:03:26+00:00","mainEntityOfPage":{"@id":"https:\/\/www.webdo.tn\/fr\/actualite\/national\/apres-ras-jdir-autour-du-poste-frontalier-de-dhehiba-de-rouvrir-ses-portes\/172384\/"},"wordCount":162,"commentCount":0,"publisher":{"@id":"https:\/\/www.webdo.tn\/fr\/#organization"},"image":{"@id":"https:\/\/www.webdo.tn\/fr\/actualite\/national\/apres-ras-jdir-autour-du-poste-frontalier-de-dhehiba-de-rouvrir-ses-portes\/172384\/#primaryimage"},"thumbnailUrl":"https:\/\/www.webdo.tn\/fr\/wp-content\/uploads\/2011\/12\/poste-frontalier-dhehiba-150x150-1.jpg","articleSection":["National"],"inLanguage":"fr-FR"},{"@type":"WebPage","@id":"https:\/\/www.webdo.tn\/fr\/actualite\/national\/apres-ras-jdir-autour-du-poste-frontalier-de-dhehiba-de-rouvrir-ses-portes\/172384\/","url":"https:\/\/www.webdo.tn\/fr\/actualite\/national\/apres-ras-jdir-autour-du-poste-frontalier-de-dhehiba-de-rouvrir-ses-portes\/172384\/","name":"Apr\u00e9s Ras Jdir, autour du poste frontalier de Dhehiba de rouvrir ses portes","isPartOf":{"@id":"https:\/\/www.webdo.tn\/fr\/#website"},"primaryImageOfPage":{"@id":"https:\/\/www.webdo.tn\/fr\/actualite\/national\/apres-ras-jdir-autour-du-poste-frontalier-de-dhehiba-de-rouvrir-ses-portes\/172384\/#primaryimage"},"image":{"@id":"https:\/\/www.webdo.tn\/fr\/actualite\/national\/apres-ras-jdir-autour-du-poste-frontalier-de-dhehiba-de-rouvrir-ses-portes\/172384\/#primaryimage"},"thumbnailUrl":"https:\/\/www.webdo.tn\/fr\/wp-content\/uploads\/2011\/12\/poste-frontalier-dhehiba-150x150-1.jpg","datePublished":"2011-12-15T18:53:00+00:00","dateModified":"2025-06-04T19:03:26+00:00","description":"Apr\u00e9s Ras Jdir, autour du poste frontalier de Dhehiba de rouvrir ses portes","breadcrumb":{"@id":"https:\/\/www.webdo.tn\/fr\/actualite\/national\/apres-ras-jdir-autour-du-poste-frontalier-de-dhehiba-de-rouvrir-ses-portes\/172384\/#breadcrumb"},"inLanguage":"fr-FR","potentialAction":[{"@type":"ReadAction","target":["https:\/\/www.webdo.tn\/fr\/actualite\/national\/apres-ras-jdir-autour-du-poste-frontalier-de-dhehiba-de-rouvrir-ses-portes\/172384\/"]}]},{"@type":"ImageObject","inLanguage":"fr-FR","@id":"https:\/\/www.webdo.tn\/fr\/actualite\/national\/apres-ras-jdir-autour-du-poste-frontalier-de-dhehiba-de-rouvrir-ses-portes\/172384\/#primaryimage","url":"https:\/\/www.webdo.tn\/fr\/wp-content\/uploads\/2011\/12\/poste-frontalier-dhehiba-150x150-1.jpg","contentUrl":"https:\/\/www.webdo.tn\/fr\/wp-content\/uploads\/2011\/12\/poste-frontalier-dhehiba-150x150-1.jpg","width":150,"height":150,"caption":"Apr\u00e9s Ras Jdir, autour du poste frontalier de Dhehiba de rouvrir ses portes"},{"@type":"BreadcrumbList","@id":"https:\/\/www.webdo.tn\/fr\/actualite\/national\/apres-ras-jdir-autour-du-poste-frontalier-de-dhehiba-de-rouvrir-ses-portes\/172384\/#breadcrumb","itemListElement":[{"@type":"ListItem","position":1,"name":"Accueil","item":"https:\/\/www.webdo.tn\/fr\/"},{"@type":"ListItem","position":2,"name":"Apr\u00e9s Ras Jdir, autour du poste frontalier de Dhehiba de rouvrir ses portes"}]},{"@type":"WebSite","@id":"https:\/\/www.webdo.tn\/fr\/#website","url":"https:\/\/www.webdo.tn\/fr\/","name":"webdo","description":"Tunisie - News en Tunisie et \u00e0 l&#039;international sur Webdo.tn","publisher":{"@id":"https:\/\/www.webdo.tn\/fr\/#organization"},"potentialAction":[{"@type":"SearchAction","target":{"@type":"EntryPoint","urlTemplate":"https:\/\/www.webdo.tn\/fr\/?s={search_term_string}"},"query-input":{"@type":"PropertyValueSpecification","valueRequired":true,"valueName":"search_term_string"}}],"inLanguage":"fr-FR"},{"@type":"Organization","@id":"https:\/\/www.webdo.tn\/fr\/#organization","name":"Webdo","alternateName":"Webdo.tn","url":"https:\/\/www.webdo.tn\/fr\/","logo":{"@type":"ImageObject","inLanguage":"fr-FR","@id":"https:\/\/www.webdo.tn\/fr\/#\/schema\/logo\/image\/","url":"https:\/\/www.webdo.tn\/fr\/wp-content\/uploads\/2025\/06\/Webdo-Tunisie_168377.jpg","contentUrl":"https:\/\/www.webdo.tn\/fr\/wp-content\/uploads\/2025\/06\/Webdo-Tunisie_168377.jpg","width":301,"height":301,"caption":"Webdo"},"image":{"@id":"https:\/\/www.webdo.tn\/fr\/#\/schema\/logo\/image\/"},"sameAs":["https:\/\/www.facebook.com\/webdotn","https:\/\/x.com\/webdo_tn"],"description":"Webdo est un m\u00e9dia num\u00e9rique tunisien fond\u00e9 en 2010, sp\u00e9cialis\u00e9 dans l\u2019actualit\u00e9 nationale et internationale, l\u2019\u00e9conomie, la soci\u00e9t\u00e9 et les analyses politiques. Le site s\u2019adresse \u00e0 un large public francophone et couvre l\u2019information tunisienne en temps r\u00e9el.","email":"redac@webdo.tn","legalName":"YNJ SARL","foundingDate":"2010-09-06","numberOfEmployees":{"@type":"QuantitativeValue","minValue":"11","maxValue":"50"}},{"@type":"Person","@id":"https:\/\/www.webdo.tn\/fr\/#\/schema\/person\/9a9c6118d687c117df8ef3cc36a4d175","name":"webdo.tn","image":{"@type":"ImageObject","inLanguage":"fr-FR","@id":"https:\/\/secure.gravatar.com\/avatar\/7ce1f28c0c3bbac99ff550b85ef8e44a6950c6ee24514fb6a5489e51d06f0298?s=96&d=mm&r=g","url":"https:\/\/secure.gravatar.com\/avatar\/7ce1f28c0c3bbac99ff550b85ef8e44a6950c6ee24514fb6a5489e51d06f0298?s=96&d=mm&r=g","contentUrl":"https:\/\/secure.gravatar.com\/avatar\/7ce1f28c0c3bbac99ff550b85ef8e44a6950c6ee24514fb6a5489e51d06f0298?s=96&d=mm&r=g","caption":"webdo.tn"},"url":"https:\/\/www.webdo.tn\/fr\/actualite\/author\/webdotn\/"}]}},"_links":{"self":[{"href":"https:\/\/www.webdo.tn\/fr\/wp-json\/wp\/v2\/posts\/172384","targetHints":{"allow":["GET"]}}],"collection":[{"href":"https:\/\/www.webdo.tn\/fr\/wp-json\/wp\/v2\/posts"}],"about":[{"href":"https:\/\/www.webdo.tn\/fr\/wp-json\/wp\/v2\/types\/post"}],"author":[{"embeddable":true,"href":"https:\/\/www.webdo.tn\/fr\/wp-json\/wp\/v2\/users\/3222"}],"replies":[{"embeddable":true,"href":"https:\/\/www.webdo.tn\/fr\/wp-json\/wp\/v2\/comments?post=172384"}],"version-history":[{"count":0,"href":"https:\/\/www.webdo.tn\/fr\/wp-json\/wp\/v2\/posts\/172384\/revisions"}],"wp:featuredmedia":[{"embeddable":true,"href":"https:\/\/www.webdo.tn\/fr\/wp-json\/wp\/v2\/media\/333870"}],"wp:attachment":[{"href":"https:\/\/www.webdo.tn\/fr\/wp-json\/wp\/v2\/media?parent=172384"}],"wp:term":[{"taxonomy":"category","embeddable":true,"href":"https:\/\/www.webdo.tn\/fr\/wp-json\/wp\/v2\/categories?post=172384"},{"taxonomy":"post_tag","embeddable":true,"href":"https:\/\/www.webdo.tn\/fr\/wp-json\/wp\/v2\/tags?post=172384"}],"curies":[{"name":"wp","href":"https:\/\/api.w.org\/{rel}","templated":true}]}}