{"id":172383,"date":"2011-12-16T10:40:00","date_gmt":"2011-12-16T10:40:00","guid":{"rendered":"https:\/\/www.webdo.tn\/fr\/blog\/taher-hmila-secretaire-generale-surprise-du-cpr-dhamir-manai-evince\/172383\/"},"modified":"2025-06-04T19:03:32","modified_gmt":"2025-06-04T19:03:32","slug":"taher-hmila-secretaire-generale-surprise-du-cpr-dhamir-manai-evince","status":"publish","type":"post","link":"https:\/\/www.webdo.tn\/fr\/actualite\/national\/taher-hmila-secretaire-generale-surprise-du-cpr-dhamir-manai-evince\/172383\/","title":{"rendered":"Taher Hmila secr\u00e9taire g\u00e9n\u00e9ral surprise du CPR, Dhamir Mana\u00ee \u00e9vinc\u00e9"},"content":{"rendered":"<p>La tension a \u00e9t\u00e9 \u00e0 son comble, hier soir, lors d&rsquo;une r\u00e9union du CPR afin de d\u00e9signer un secr\u00e9taire g\u00e9n\u00e9ral temporaire en attendant la tenue du congr\u00e8s national du parti, le 8 janvier prochain.<\/p>\n<p>D\u00e8s le d\u00e9but de la r\u00e9union, Aberraouf Ayadi, le favori pour prendre la succession de M. Marzouki \u00e0 la t\u00eate du Congr\u00e8s pour la R\u00e9publique, a jug\u00e9 cette r\u00e9union comme \u00ab\u00a0ill\u00e9gale\u00a0\u00bb et \u00ab\u00a0ill\u00e9gitime\u00a0\u00bb, selon Mosaique FM, et a pr\u00e9f\u00e9r\u00e9 la quitter. Quelques instants plus tard, c&rsquo;\u00e9tait au tour de Fathy Jerbi d&rsquo;en faire de m\u00eame. Les raisons invoqu\u00e9es seraient des d\u00e9saccords sur les listes minist\u00e9riels pr\u00e9par\u00e9es par le CPR.<\/p>\n<p>Pleins de rebondissements et une tension palpable donc au sein d&rsquo;une r\u00e9union qui a finalement d\u00e9sign\u00e9, M. Taher Hmila \u00e0 la t\u00eate du parti, jusqu&rsquo;au 8 janvier. Une d\u00e9cision qui peut surprendre plus d&rsquo;un, notamment apr\u00e8s les derni\u00e8res d\u00e9clarations de ce dernier sur les manifestants du Bardo.<\/p>\n<p>Par ailleurs, la m\u00eame source nous apprend que l&rsquo;adh\u00e9sion de Dhamir Mana\u00ee a \u00e9t\u00e9 gel\u00e9e. Rien n&rsquo;a \u00e9t\u00e9 divulgu\u00e9 \u00e0 propos de cette d\u00e9cision malgr\u00e9 certains \u00e9chos circulant sur les r\u00e9seaux sociaux. M. Manai \u00e9tait pressenti pour le poste de secr\u00e9taire d\u2019Etat aupr\u00e8s du ministre de l\u2019Industrie charg\u00e9 de l\u2019Energie et des Mines.<\/p>\n","protected":false},"excerpt":{"rendered":"<p>Taher Hmila secr\u00e9taire g\u00e9n\u00e9ral surprise du CPR, Dhamir Mana\u00ee \u00e9vinc\u00e9<\/p>\n","protected":false},"author":3222,"featured_media":333869,"comment_status":"open","ping_status":"closed","sticky":false,"template":"","format":"standard","meta":{"footnotes":""},"categories":[44],"tags":[],"class_list":["post-172383","post","type-post","status-publish","format-standard","has-post-thumbnail","hentry","category-national"],"yoast_head":"<!-- This site is optimized with the Yoast SEO Premium plugin v27.5 (Yoast SEO v27.5) - https:\/\/yoast.com\/product\/yoast-seo-premium-wordpress\/ -->\n<title>Taher Hmila secr\u00e9taire g\u00e9n\u00e9ral surprise du CPR, Dhamir Mana\u00ee \u00e9vinc\u00e9<\/title>\n<meta name=\"description\" content=\"Taher Hmila secr\u00e9taire g\u00e9n\u00e9ral surprise du CPR, Dhamir Mana\u00ee \u00e9vinc\u00e9\" \/>\n<link rel=\"canonical\" href=\"https:\/\/www.webdo.tn\/fr\/actualite\/national\/taher-hmila-secretaire-generale-surprise-du-cpr-dhamir-manai-evince\/172383\/\" \/>\n<meta property=\"og:locale\" content=\"fr_FR\" \/>\n<meta property=\"og:type\" content=\"article\" \/>\n<meta property=\"og:title\" content=\"Taher Hmila secr\u00e9taire g\u00e9n\u00e9ral surprise du CPR, Dhamir Mana\u00ee \u00e9vinc\u00e9\" \/>\n<meta property=\"og:description\" content=\"Taher Hmila secr\u00e9taire g\u00e9n\u00e9ral surprise du CPR, Dhamir Mana\u00ee \u00e9vinc\u00e9\" \/>\n<meta property=\"og:url\" content=\"https:\/\/www.webdo.tn\/fr\/actualite\/national\/taher-hmila-secretaire-generale-surprise-du-cpr-dhamir-manai-evince\/172383\/\" \/>\n<meta property=\"og:site_name\" content=\"webdo\" \/>\n<meta property=\"article:publisher\" content=\"https:\/\/www.facebook.com\/webdotn\" \/>\n<meta property=\"article:published_time\" content=\"2011-12-16T10:40:00+00:00\" \/>\n<meta property=\"article:modified_time\" content=\"2025-06-04T19:03:32+00:00\" \/>\n<meta property=\"og:image\" content=\"https:\/\/www.webdo.tn\/fr\/wp-content\/uploads\/2011\/12\/Taher-Hmila-150x150-1.jpg\" \/>\n\t<meta property=\"og:image:width\" content=\"150\" \/>\n\t<meta property=\"og:image:height\" content=\"150\" \/>\n\t<meta property=\"og:image:type\" content=\"image\/jpeg\" \/>\n<meta name=\"author\" content=\"webdo.tn\" \/>\n<meta name=\"twitter:card\" content=\"summary_large_image\" \/>\n<meta name=\"twitter:creator\" content=\"@webdo_tn\" \/>\n<meta name=\"twitter:site\" content=\"@webdo_tn\" \/>\n<meta name=\"twitter:label1\" content=\"\u00c9crit par\" \/>\n\t<meta name=\"twitter:data1\" content=\"webdo.tn\" \/>\n\t<meta name=\"twitter:label2\" content=\"Dur\u00e9e de lecture estim\u00e9e\" \/>\n\t<meta name=\"twitter:data2\" content=\"1 minute\" \/>\n<script type=\"application\/ld+json\" class=\"yoast-schema-graph\">{\"@context\":\"https:\\\/\\\/schema.org\",\"@graph\":[{\"@type\":\"NewsArticle\",\"@id\":\"https:\\\/\\\/www.webdo.tn\\\/fr\\\/actualite\\\/national\\\/taher-hmila-secretaire-generale-surprise-du-cpr-dhamir-manai-evince\\\/172383\\\/#article\",\"isPartOf\":{\"@id\":\"https:\\\/\\\/www.webdo.tn\\\/fr\\\/actualite\\\/national\\\/taher-hmila-secretaire-generale-surprise-du-cpr-dhamir-manai-evince\\\/172383\\\/\"},\"author\":{\"name\":\"webdo.tn\",\"@id\":\"https:\\\/\\\/www.webdo.tn\\\/fr\\\/#\\\/schema\\\/person\\\/9a9c6118d687c117df8ef3cc36a4d175\"},\"headline\":\"Taher Hmila secr\u00e9taire g\u00e9n\u00e9ral surprise du CPR, Dhamir Mana\u00ee \u00e9vinc\u00e9\",\"datePublished\":\"2011-12-16T10:40:00+00:00\",\"dateModified\":\"2025-06-04T19:03:32+00:00\",\"mainEntityOfPage\":{\"@id\":\"https:\\\/\\\/www.webdo.tn\\\/fr\\\/actualite\\\/national\\\/taher-hmila-secretaire-generale-surprise-du-cpr-dhamir-manai-evince\\\/172383\\\/\"},\"wordCount\":258,\"commentCount\":0,\"publisher\":{\"@id\":\"https:\\\/\\\/www.webdo.tn\\\/fr\\\/#organization\"},\"image\":{\"@id\":\"https:\\\/\\\/www.webdo.tn\\\/fr\\\/actualite\\\/national\\\/taher-hmila-secretaire-generale-surprise-du-cpr-dhamir-manai-evince\\\/172383\\\/#primaryimage\"},\"thumbnailUrl\":\"https:\\\/\\\/www.webdo.tn\\\/fr\\\/wp-content\\\/uploads\\\/2011\\\/12\\\/Taher-Hmila-150x150-1.jpg\",\"articleSection\":[\"National\"],\"inLanguage\":\"fr-FR\"},{\"@type\":\"WebPage\",\"@id\":\"https:\\\/\\\/www.webdo.tn\\\/fr\\\/actualite\\\/national\\\/taher-hmila-secretaire-generale-surprise-du-cpr-dhamir-manai-evince\\\/172383\\\/\",\"url\":\"https:\\\/\\\/www.webdo.tn\\\/fr\\\/actualite\\\/national\\\/taher-hmila-secretaire-generale-surprise-du-cpr-dhamir-manai-evince\\\/172383\\\/\",\"name\":\"Taher Hmila secr\u00e9taire g\u00e9n\u00e9ral surprise du CPR, Dhamir Mana\u00ee \u00e9vinc\u00e9\",\"isPartOf\":{\"@id\":\"https:\\\/\\\/www.webdo.tn\\\/fr\\\/#website\"},\"primaryImageOfPage\":{\"@id\":\"https:\\\/\\\/www.webdo.tn\\\/fr\\\/actualite\\\/national\\\/taher-hmila-secretaire-generale-surprise-du-cpr-dhamir-manai-evince\\\/172383\\\/#primaryimage\"},\"image\":{\"@id\":\"https:\\\/\\\/www.webdo.tn\\\/fr\\\/actualite\\\/national\\\/taher-hmila-secretaire-generale-surprise-du-cpr-dhamir-manai-evince\\\/172383\\\/#primaryimage\"},\"thumbnailUrl\":\"https:\\\/\\\/www.webdo.tn\\\/fr\\\/wp-content\\\/uploads\\\/2011\\\/12\\\/Taher-Hmila-150x150-1.jpg\",\"datePublished\":\"2011-12-16T10:40:00+00:00\",\"dateModified\":\"2025-06-04T19:03:32+00:00\",\"description\":\"Taher Hmila secr\u00e9taire g\u00e9n\u00e9ral surprise du CPR, Dhamir Mana\u00ee \u00e9vinc\u00e9\",\"breadcrumb\":{\"@id\":\"https:\\\/\\\/www.webdo.tn\\\/fr\\\/actualite\\\/national\\\/taher-hmila-secretaire-generale-surprise-du-cpr-dhamir-manai-evince\\\/172383\\\/#breadcrumb\"},\"inLanguage\":\"fr-FR\",\"potentialAction\":[{\"@type\":\"ReadAction\",\"target\":[\"https:\\\/\\\/www.webdo.tn\\\/fr\\\/actualite\\\/national\\\/taher-hmila-secretaire-generale-surprise-du-cpr-dhamir-manai-evince\\\/172383\\\/\"]}]},{\"@type\":\"ImageObject\",\"inLanguage\":\"fr-FR\",\"@id\":\"https:\\\/\\\/www.webdo.tn\\\/fr\\\/actualite\\\/national\\\/taher-hmila-secretaire-generale-surprise-du-cpr-dhamir-manai-evince\\\/172383\\\/#primaryimage\",\"url\":\"https:\\\/\\\/www.webdo.tn\\\/fr\\\/wp-content\\\/uploads\\\/2011\\\/12\\\/Taher-Hmila-150x150-1.jpg\",\"contentUrl\":\"https:\\\/\\\/www.webdo.tn\\\/fr\\\/wp-content\\\/uploads\\\/2011\\\/12\\\/Taher-Hmila-150x150-1.jpg\",\"width\":150,\"height\":150,\"caption\":\"Taher Hmila secr\u00e9taire g\u00e9n\u00e9ral surprise du CPR, Dhamir Mana\u00ee \u00e9vinc\u00e9\"},{\"@type\":\"BreadcrumbList\",\"@id\":\"https:\\\/\\\/www.webdo.tn\\\/fr\\\/actualite\\\/national\\\/taher-hmila-secretaire-generale-surprise-du-cpr-dhamir-manai-evince\\\/172383\\\/#breadcrumb\",\"itemListElement\":[{\"@type\":\"ListItem\",\"position\":1,\"name\":\"Accueil\",\"item\":\"https:\\\/\\\/www.webdo.tn\\\/fr\\\/\"},{\"@type\":\"ListItem\",\"position\":2,\"name\":\"Taher Hmila secr\u00e9taire g\u00e9n\u00e9ral surprise du CPR, Dhamir Mana\u00ee \u00e9vinc\u00e9\"}]},{\"@type\":\"WebSite\",\"@id\":\"https:\\\/\\\/www.webdo.tn\\\/fr\\\/#website\",\"url\":\"https:\\\/\\\/www.webdo.tn\\\/fr\\\/\",\"name\":\"webdo\",\"description\":\"Tunisie - News en Tunisie et \u00e0 l&#039;international sur Webdo.tn\",\"publisher\":{\"@id\":\"https:\\\/\\\/www.webdo.tn\\\/fr\\\/#organization\"},\"potentialAction\":[{\"@type\":\"SearchAction\",\"target\":{\"@type\":\"EntryPoint\",\"urlTemplate\":\"https:\\\/\\\/www.webdo.tn\\\/fr\\\/?s={search_term_string}\"},\"query-input\":{\"@type\":\"PropertyValueSpecification\",\"valueRequired\":true,\"valueName\":\"search_term_string\"}}],\"inLanguage\":\"fr-FR\"},{\"@type\":\"Organization\",\"@id\":\"https:\\\/\\\/www.webdo.tn\\\/fr\\\/#organization\",\"name\":\"Webdo\",\"alternateName\":\"Webdo.tn\",\"url\":\"https:\\\/\\\/www.webdo.tn\\\/fr\\\/\",\"logo\":{\"@type\":\"ImageObject\",\"inLanguage\":\"fr-FR\",\"@id\":\"https:\\\/\\\/www.webdo.tn\\\/fr\\\/#\\\/schema\\\/logo\\\/image\\\/\",\"url\":\"https:\\\/\\\/www.webdo.tn\\\/fr\\\/wp-content\\\/uploads\\\/2025\\\/06\\\/Webdo-Tunisie_168377.jpg\",\"contentUrl\":\"https:\\\/\\\/www.webdo.tn\\\/fr\\\/wp-content\\\/uploads\\\/2025\\\/06\\\/Webdo-Tunisie_168377.jpg\",\"width\":301,\"height\":301,\"caption\":\"Webdo\"},\"image\":{\"@id\":\"https:\\\/\\\/www.webdo.tn\\\/fr\\\/#\\\/schema\\\/logo\\\/image\\\/\"},\"sameAs\":[\"https:\\\/\\\/www.facebook.com\\\/webdotn\",\"https:\\\/\\\/x.com\\\/webdo_tn\"],\"description\":\"Webdo est un m\u00e9dia num\u00e9rique tunisien fond\u00e9 en 2010, sp\u00e9cialis\u00e9 dans l\u2019actualit\u00e9 nationale et internationale, l\u2019\u00e9conomie, la soci\u00e9t\u00e9 et les analyses politiques. Le site s\u2019adresse \u00e0 un large public francophone et couvre l\u2019information tunisienne en temps r\u00e9el.\",\"email\":\"redac@webdo.tn\",\"legalName\":\"YNJ SARL\",\"foundingDate\":\"2010-09-06\",\"numberOfEmployees\":{\"@type\":\"QuantitativeValue\",\"minValue\":\"11\",\"maxValue\":\"50\"}},{\"@type\":\"Person\",\"@id\":\"https:\\\/\\\/www.webdo.tn\\\/fr\\\/#\\\/schema\\\/person\\\/9a9c6118d687c117df8ef3cc36a4d175\",\"name\":\"webdo.tn\",\"image\":{\"@type\":\"ImageObject\",\"inLanguage\":\"fr-FR\",\"@id\":\"https:\\\/\\\/secure.gravatar.com\\\/avatar\\\/7ce1f28c0c3bbac99ff550b85ef8e44a6950c6ee24514fb6a5489e51d06f0298?s=96&d=mm&r=g\",\"url\":\"https:\\\/\\\/secure.gravatar.com\\\/avatar\\\/7ce1f28c0c3bbac99ff550b85ef8e44a6950c6ee24514fb6a5489e51d06f0298?s=96&d=mm&r=g\",\"contentUrl\":\"https:\\\/\\\/secure.gravatar.com\\\/avatar\\\/7ce1f28c0c3bbac99ff550b85ef8e44a6950c6ee24514fb6a5489e51d06f0298?s=96&d=mm&r=g\",\"caption\":\"webdo.tn\"},\"url\":\"https:\\\/\\\/www.webdo.tn\\\/fr\\\/actualite\\\/author\\\/webdotn\\\/\"}]}<\/script>\n<!-- \/ Yoast SEO Premium plugin. -->","yoast_head_json":{"title":"Taher Hmila secr\u00e9taire g\u00e9n\u00e9ral surprise du CPR, Dhamir Mana\u00ee \u00e9vinc\u00e9","description":"Taher Hmila secr\u00e9taire g\u00e9n\u00e9ral surprise du CPR, Dhamir Mana\u00ee \u00e9vinc\u00e9","canonical":"https:\/\/www.webdo.tn\/fr\/actualite\/national\/taher-hmila-secretaire-generale-surprise-du-cpr-dhamir-manai-evince\/172383\/","og_locale":"fr_FR","og_type":"article","og_title":"Taher Hmila secr\u00e9taire g\u00e9n\u00e9ral surprise du CPR, Dhamir Mana\u00ee \u00e9vinc\u00e9","og_description":"Taher Hmila secr\u00e9taire g\u00e9n\u00e9ral surprise du CPR, Dhamir Mana\u00ee \u00e9vinc\u00e9","og_url":"https:\/\/www.webdo.tn\/fr\/actualite\/national\/taher-hmila-secretaire-generale-surprise-du-cpr-dhamir-manai-evince\/172383\/","og_site_name":"webdo","article_publisher":"https:\/\/www.facebook.com\/webdotn","article_published_time":"2011-12-16T10:40:00+00:00","article_modified_time":"2025-06-04T19:03:32+00:00","og_image":[{"width":150,"height":150,"url":"https:\/\/www.webdo.tn\/fr\/wp-content\/uploads\/2011\/12\/Taher-Hmila-150x150-1.jpg","type":"image\/jpeg"}],"author":"webdo.tn","twitter_card":"summary_large_image","twitter_creator":"@webdo_tn","twitter_site":"@webdo_tn","twitter_misc":{"\u00c9crit par":"webdo.tn","Dur\u00e9e de lecture estim\u00e9e":"1 minute"},"schema":{"@context":"https:\/\/schema.org","@graph":[{"@type":"NewsArticle","@id":"https:\/\/www.webdo.tn\/fr\/actualite\/national\/taher-hmila-secretaire-generale-surprise-du-cpr-dhamir-manai-evince\/172383\/#article","isPartOf":{"@id":"https:\/\/www.webdo.tn\/fr\/actualite\/national\/taher-hmila-secretaire-generale-surprise-du-cpr-dhamir-manai-evince\/172383\/"},"author":{"name":"webdo.tn","@id":"https:\/\/www.webdo.tn\/fr\/#\/schema\/person\/9a9c6118d687c117df8ef3cc36a4d175"},"headline":"Taher Hmila secr\u00e9taire g\u00e9n\u00e9ral surprise du CPR, Dhamir Mana\u00ee \u00e9vinc\u00e9","datePublished":"2011-12-16T10:40:00+00:00","dateModified":"2025-06-04T19:03:32+00:00","mainEntityOfPage":{"@id":"https:\/\/www.webdo.tn\/fr\/actualite\/national\/taher-hmila-secretaire-generale-surprise-du-cpr-dhamir-manai-evince\/172383\/"},"wordCount":258,"commentCount":0,"publisher":{"@id":"https:\/\/www.webdo.tn\/fr\/#organization"},"image":{"@id":"https:\/\/www.webdo.tn\/fr\/actualite\/national\/taher-hmila-secretaire-generale-surprise-du-cpr-dhamir-manai-evince\/172383\/#primaryimage"},"thumbnailUrl":"https:\/\/www.webdo.tn\/fr\/wp-content\/uploads\/2011\/12\/Taher-Hmila-150x150-1.jpg","articleSection":["National"],"inLanguage":"fr-FR"},{"@type":"WebPage","@id":"https:\/\/www.webdo.tn\/fr\/actualite\/national\/taher-hmila-secretaire-generale-surprise-du-cpr-dhamir-manai-evince\/172383\/","url":"https:\/\/www.webdo.tn\/fr\/actualite\/national\/taher-hmila-secretaire-generale-surprise-du-cpr-dhamir-manai-evince\/172383\/","name":"Taher Hmila secr\u00e9taire g\u00e9n\u00e9ral surprise du CPR, Dhamir Mana\u00ee \u00e9vinc\u00e9","isPartOf":{"@id":"https:\/\/www.webdo.tn\/fr\/#website"},"primaryImageOfPage":{"@id":"https:\/\/www.webdo.tn\/fr\/actualite\/national\/taher-hmila-secretaire-generale-surprise-du-cpr-dhamir-manai-evince\/172383\/#primaryimage"},"image":{"@id":"https:\/\/www.webdo.tn\/fr\/actualite\/national\/taher-hmila-secretaire-generale-surprise-du-cpr-dhamir-manai-evince\/172383\/#primaryimage"},"thumbnailUrl":"https:\/\/www.webdo.tn\/fr\/wp-content\/uploads\/2011\/12\/Taher-Hmila-150x150-1.jpg","datePublished":"2011-12-16T10:40:00+00:00","dateModified":"2025-06-04T19:03:32+00:00","description":"Taher Hmila secr\u00e9taire g\u00e9n\u00e9ral surprise du CPR, Dhamir Mana\u00ee \u00e9vinc\u00e9","breadcrumb":{"@id":"https:\/\/www.webdo.tn\/fr\/actualite\/national\/taher-hmila-secretaire-generale-surprise-du-cpr-dhamir-manai-evince\/172383\/#breadcrumb"},"inLanguage":"fr-FR","potentialAction":[{"@type":"ReadAction","target":["https:\/\/www.webdo.tn\/fr\/actualite\/national\/taher-hmila-secretaire-generale-surprise-du-cpr-dhamir-manai-evince\/172383\/"]}]},{"@type":"ImageObject","inLanguage":"fr-FR","@id":"https:\/\/www.webdo.tn\/fr\/actualite\/national\/taher-hmila-secretaire-generale-surprise-du-cpr-dhamir-manai-evince\/172383\/#primaryimage","url":"https:\/\/www.webdo.tn\/fr\/wp-content\/uploads\/2011\/12\/Taher-Hmila-150x150-1.jpg","contentUrl":"https:\/\/www.webdo.tn\/fr\/wp-content\/uploads\/2011\/12\/Taher-Hmila-150x150-1.jpg","width":150,"height":150,"caption":"Taher Hmila secr\u00e9taire g\u00e9n\u00e9ral surprise du CPR, Dhamir Mana\u00ee \u00e9vinc\u00e9"},{"@type":"BreadcrumbList","@id":"https:\/\/www.webdo.tn\/fr\/actualite\/national\/taher-hmila-secretaire-generale-surprise-du-cpr-dhamir-manai-evince\/172383\/#breadcrumb","itemListElement":[{"@type":"ListItem","position":1,"name":"Accueil","item":"https:\/\/www.webdo.tn\/fr\/"},{"@type":"ListItem","position":2,"name":"Taher Hmila secr\u00e9taire g\u00e9n\u00e9ral surprise du CPR, Dhamir Mana\u00ee \u00e9vinc\u00e9"}]},{"@type":"WebSite","@id":"https:\/\/www.webdo.tn\/fr\/#website","url":"https:\/\/www.webdo.tn\/fr\/","name":"webdo","description":"Tunisie - News en Tunisie et \u00e0 l&#039;international sur Webdo.tn","publisher":{"@id":"https:\/\/www.webdo.tn\/fr\/#organization"},"potentialAction":[{"@type":"SearchAction","target":{"@type":"EntryPoint","urlTemplate":"https:\/\/www.webdo.tn\/fr\/?s={search_term_string}"},"query-input":{"@type":"PropertyValueSpecification","valueRequired":true,"valueName":"search_term_string"}}],"inLanguage":"fr-FR"},{"@type":"Organization","@id":"https:\/\/www.webdo.tn\/fr\/#organization","name":"Webdo","alternateName":"Webdo.tn","url":"https:\/\/www.webdo.tn\/fr\/","logo":{"@type":"ImageObject","inLanguage":"fr-FR","@id":"https:\/\/www.webdo.tn\/fr\/#\/schema\/logo\/image\/","url":"https:\/\/www.webdo.tn\/fr\/wp-content\/uploads\/2025\/06\/Webdo-Tunisie_168377.jpg","contentUrl":"https:\/\/www.webdo.tn\/fr\/wp-content\/uploads\/2025\/06\/Webdo-Tunisie_168377.jpg","width":301,"height":301,"caption":"Webdo"},"image":{"@id":"https:\/\/www.webdo.tn\/fr\/#\/schema\/logo\/image\/"},"sameAs":["https:\/\/www.facebook.com\/webdotn","https:\/\/x.com\/webdo_tn"],"description":"Webdo est un m\u00e9dia num\u00e9rique tunisien fond\u00e9 en 2010, sp\u00e9cialis\u00e9 dans l\u2019actualit\u00e9 nationale et internationale, l\u2019\u00e9conomie, la soci\u00e9t\u00e9 et les analyses politiques. Le site s\u2019adresse \u00e0 un large public francophone et couvre l\u2019information tunisienne en temps r\u00e9el.","email":"redac@webdo.tn","legalName":"YNJ SARL","foundingDate":"2010-09-06","numberOfEmployees":{"@type":"QuantitativeValue","minValue":"11","maxValue":"50"}},{"@type":"Person","@id":"https:\/\/www.webdo.tn\/fr\/#\/schema\/person\/9a9c6118d687c117df8ef3cc36a4d175","name":"webdo.tn","image":{"@type":"ImageObject","inLanguage":"fr-FR","@id":"https:\/\/secure.gravatar.com\/avatar\/7ce1f28c0c3bbac99ff550b85ef8e44a6950c6ee24514fb6a5489e51d06f0298?s=96&d=mm&r=g","url":"https:\/\/secure.gravatar.com\/avatar\/7ce1f28c0c3bbac99ff550b85ef8e44a6950c6ee24514fb6a5489e51d06f0298?s=96&d=mm&r=g","contentUrl":"https:\/\/secure.gravatar.com\/avatar\/7ce1f28c0c3bbac99ff550b85ef8e44a6950c6ee24514fb6a5489e51d06f0298?s=96&d=mm&r=g","caption":"webdo.tn"},"url":"https:\/\/www.webdo.tn\/fr\/actualite\/author\/webdotn\/"}]}},"_links":{"self":[{"href":"https:\/\/www.webdo.tn\/fr\/wp-json\/wp\/v2\/posts\/172383","targetHints":{"allow":["GET"]}}],"collection":[{"href":"https:\/\/www.webdo.tn\/fr\/wp-json\/wp\/v2\/posts"}],"about":[{"href":"https:\/\/www.webdo.tn\/fr\/wp-json\/wp\/v2\/types\/post"}],"author":[{"embeddable":true,"href":"https:\/\/www.webdo.tn\/fr\/wp-json\/wp\/v2\/users\/3222"}],"replies":[{"embeddable":true,"href":"https:\/\/www.webdo.tn\/fr\/wp-json\/wp\/v2\/comments?post=172383"}],"version-history":[{"count":0,"href":"https:\/\/www.webdo.tn\/fr\/wp-json\/wp\/v2\/posts\/172383\/revisions"}],"wp:featuredmedia":[{"embeddable":true,"href":"https:\/\/www.webdo.tn\/fr\/wp-json\/wp\/v2\/media\/333869"}],"wp:attachment":[{"href":"https:\/\/www.webdo.tn\/fr\/wp-json\/wp\/v2\/media?parent=172383"}],"wp:term":[{"taxonomy":"category","embeddable":true,"href":"https:\/\/www.webdo.tn\/fr\/wp-json\/wp\/v2\/categories?post=172383"},{"taxonomy":"post_tag","embeddable":true,"href":"https:\/\/www.webdo.tn\/fr\/wp-json\/wp\/v2\/tags?post=172383"}],"curies":[{"name":"wp","href":"https:\/\/api.w.org\/{rel}","templated":true}]}}