{"id":172381,"date":"2011-12-16T20:41:00","date_gmt":"2011-12-16T20:41:00","guid":{"rendered":"https:\/\/www.webdo.tn\/fr\/blog\/lue-denonce-lincident-de-laeroport-des-fans-marocains-et-demande-louverture-dune-enquete\/172381\/"},"modified":"2025-06-04T19:03:36","modified_gmt":"2025-06-04T19:03:36","slug":"lue-denonce-lincident-de-laeroport-des-fans-marocains-et-demande-louverture-dune-enquete","status":"publish","type":"post","link":"https:\/\/www.webdo.tn\/fr\/actualite\/national\/lue-denonce-lincident-de-laeroport-des-fans-marocains-et-demande-louverture-dune-enquete\/172381\/","title":{"rendered":"L\u2019UE d\u00e9nonce l\u2019incident de l\u2019a\u00e9roport des fans marocains et demande l\u2019ouverture d\u2019une enqu\u00eate !"},"content":{"rendered":"<p>Apr\u00e8s la protestation officielle du Maroc, place au Parlement europ\u00e9en de d\u00e9noncer (hier) les traitements jug\u00e9s \u00ab\u00a0inhumains et d\u00e9gradants\u00a0\u00bb impos\u00e9s par la police tunisienne \u00e0 des supporters du Wydad Casablanca, le 13 novembre dernier, soit le lendemain de la finale retour de la Ligue des champions d&rsquo;Afrique, remport\u00e9e par l\u2019Esp\u00e9rance ST suite \u00e0 la victoire des tunisois aux d\u00e9pens des Casablancais (1-0), a rapport\u00e9 le site europe1.fr.<\/p>\n<p>Selon les eurod\u00e9put\u00e9s, 13 jeunes Marocains ont \u00e9t\u00e9 victimes \u00ab\u00a0d&rsquo;actes de violence r\u00e9p\u00e9t\u00e9s et publics commis par les forces de l&rsquo;ordre\u00a0\u00bb lors de leur passage \u00e0 l&rsquo;a\u00e9roport Tunis-Carthage. Les Marocains, \u00ab\u00a0mains li\u00e9es et hors d&rsquo;\u00e9tat de nuire\u00a0\u00bb, ont subi une agression extr\u00eamement violente, affirme la r\u00e9solution adopt\u00e9e \u00e0 Strasbourg. Le Parlement, toujours selon la m\u00eame source, demande aux autorit\u00e9s tunisiennes d&rsquo;ouvrir une enqu\u00eate et d\u00e9nonce, les \u00ab\u00a0graves violations des droits de l&rsquo;homme\u00a0\u00bb subies par un Tunisien, Zakaria Bouguirra, t\u00e9moin des faits et ayant \u00ab entrepris de filmer la sc\u00e8ne sur son t\u00e9l\u00e9phone portable afin de la diffuser sur Internet en vue de mettre un terme \u00e0 l&rsquo;impunit\u00e9 telle que r\u00e9pandue sous l&rsquo;\u00e8re de Ben Ali \u00bb.<\/p>\n<p>Tiens, en parlant de Ben Ali, on se demande bien o\u00f9 sont bien pass\u00e9es ces condamnations au moment o\u00f9 les Tunisiens souffraient le martyre sous le r\u00e8gne de ZABA ? Combien d\u2019enqu\u00eates avaient-on demand\u00e9 d\u2019ouvrir sur les d\u00e9passements et autres tortures orchestr\u00e9es par la police tunisienne sous les ordres du pr\u00e9sident d\u00e9chu ? Pourquoi avait-on fait la politique de l\u2019Autruche au moment o\u00f9 les droits de l\u2019homme \u00e9taient bafou\u00e9es et le tunisien pris en otage dans une prison encercl\u00e9e \u00e0 double tour ? Les d\u00e9put\u00e9s, eux, faisaient alors la fine bouche aux \u2018copains\u2019 de MAM.<\/p>\n<p>On n\u2019a rien contre nos amis Marocains et nous tenons \u00e0 ce que les responsables doivent \u00eatre montr\u00e9s du doigt et d\u00e9f\u00e9r\u00e9s devant les instances concern\u00e9es si d\u00e9passement avait bel et bien eu lieu. Mais de l\u00e0 \u00e0 ce que l\u2019UE met en veilleuse des probl\u00e8mes socio-\u00e9conomiques n\u00e9vralgiques qui secouent le vieux continent pour se rabattre sur des incidents ayant \u00e9maill\u00e9 un match de foot en Tunisie. Il y a l\u00e0 anguille sous roche.<\/p>\n","protected":false},"excerpt":{"rendered":"<p>L\u2019UE d\u00e9nonce l\u2019incident de l\u2019a\u00e9roport des fans marocains et demande l\u2019ouverture d\u2019une enqu\u00eate ! <\/p>\n","protected":false},"author":3222,"featured_media":333873,"comment_status":"open","ping_status":"closed","sticky":false,"template":"","format":"standard","meta":{"footnotes":""},"categories":[44],"tags":[],"class_list":["post-172381","post","type-post","status-publish","format-standard","has-post-thumbnail","hentry","category-national"],"yoast_head":"<!-- This site is optimized with the Yoast SEO Premium plugin v27.5 (Yoast SEO v27.5) - https:\/\/yoast.com\/product\/yoast-seo-premium-wordpress\/ -->\n<title>L\u2019UE d\u00e9nonce l\u2019incident de l\u2019a\u00e9roport des fans marocains et demande l\u2019ouverture d\u2019une enqu\u00eate !<\/title>\n<meta name=\"description\" content=\"L\u2019UE d\u00e9nonce l\u2019incident de l\u2019a\u00e9roport des fans marocains et demande l\u2019ouverture d\u2019une enqu\u00eate !\" \/>\n<link rel=\"canonical\" href=\"https:\/\/www.webdo.tn\/fr\/actualite\/national\/lue-denonce-lincident-de-laeroport-des-fans-marocains-et-demande-louverture-dune-enquete\/172381\/\" \/>\n<meta property=\"og:locale\" content=\"fr_FR\" \/>\n<meta property=\"og:type\" content=\"article\" \/>\n<meta property=\"og:title\" content=\"L\u2019UE d\u00e9nonce l\u2019incident de l\u2019a\u00e9roport des fans marocains et demande l\u2019ouverture d\u2019une enqu\u00eate !\" \/>\n<meta property=\"og:description\" content=\"L\u2019UE d\u00e9nonce l\u2019incident de l\u2019a\u00e9roport des fans marocains et demande l\u2019ouverture d\u2019une enqu\u00eate !\" \/>\n<meta property=\"og:url\" content=\"https:\/\/www.webdo.tn\/fr\/actualite\/national\/lue-denonce-lincident-de-laeroport-des-fans-marocains-et-demande-louverture-dune-enquete\/172381\/\" \/>\n<meta property=\"og:site_name\" content=\"webdo\" \/>\n<meta property=\"article:publisher\" content=\"https:\/\/www.facebook.com\/webdotn\" \/>\n<meta property=\"article:published_time\" content=\"2011-12-16T20:41:00+00:00\" \/>\n<meta property=\"article:modified_time\" content=\"2025-06-04T19:03:36+00:00\" \/>\n<meta property=\"og:image\" content=\"https:\/\/www.webdo.tn\/fr\/wp-content\/uploads\/2011\/12\/wac-150x150-1.jpg\" \/>\n\t<meta property=\"og:image:width\" content=\"150\" \/>\n\t<meta property=\"og:image:height\" content=\"150\" \/>\n\t<meta property=\"og:image:type\" content=\"image\/jpeg\" \/>\n<meta name=\"author\" content=\"webdo.tn\" \/>\n<meta name=\"twitter:card\" content=\"summary_large_image\" \/>\n<meta name=\"twitter:creator\" content=\"@webdo_tn\" \/>\n<meta name=\"twitter:site\" content=\"@webdo_tn\" \/>\n<meta name=\"twitter:label1\" content=\"\u00c9crit par\" \/>\n\t<meta name=\"twitter:data1\" content=\"webdo.tn\" \/>\n\t<meta name=\"twitter:label2\" content=\"Dur\u00e9e de lecture estim\u00e9e\" \/>\n\t<meta name=\"twitter:data2\" content=\"2 minutes\" \/>\n<script type=\"application\/ld+json\" class=\"yoast-schema-graph\">{\"@context\":\"https:\\\/\\\/schema.org\",\"@graph\":[{\"@type\":\"NewsArticle\",\"@id\":\"https:\\\/\\\/www.webdo.tn\\\/fr\\\/actualite\\\/national\\\/lue-denonce-lincident-de-laeroport-des-fans-marocains-et-demande-louverture-dune-enquete\\\/172381\\\/#article\",\"isPartOf\":{\"@id\":\"https:\\\/\\\/www.webdo.tn\\\/fr\\\/actualite\\\/national\\\/lue-denonce-lincident-de-laeroport-des-fans-marocains-et-demande-louverture-dune-enquete\\\/172381\\\/\"},\"author\":{\"name\":\"webdo.tn\",\"@id\":\"https:\\\/\\\/www.webdo.tn\\\/fr\\\/#\\\/schema\\\/person\\\/9a9c6118d687c117df8ef3cc36a4d175\"},\"headline\":\"L\u2019UE d\u00e9nonce l\u2019incident de l\u2019a\u00e9roport des fans marocains et demande l\u2019ouverture d\u2019une enqu\u00eate !\",\"datePublished\":\"2011-12-16T20:41:00+00:00\",\"dateModified\":\"2025-06-04T19:03:36+00:00\",\"mainEntityOfPage\":{\"@id\":\"https:\\\/\\\/www.webdo.tn\\\/fr\\\/actualite\\\/national\\\/lue-denonce-lincident-de-laeroport-des-fans-marocains-et-demande-louverture-dune-enquete\\\/172381\\\/\"},\"wordCount\":423,\"commentCount\":0,\"publisher\":{\"@id\":\"https:\\\/\\\/www.webdo.tn\\\/fr\\\/#organization\"},\"image\":{\"@id\":\"https:\\\/\\\/www.webdo.tn\\\/fr\\\/actualite\\\/national\\\/lue-denonce-lincident-de-laeroport-des-fans-marocains-et-demande-louverture-dune-enquete\\\/172381\\\/#primaryimage\"},\"thumbnailUrl\":\"https:\\\/\\\/www.webdo.tn\\\/fr\\\/wp-content\\\/uploads\\\/2011\\\/12\\\/wac-150x150-1.jpg\",\"articleSection\":[\"National\"],\"inLanguage\":\"fr-FR\"},{\"@type\":\"WebPage\",\"@id\":\"https:\\\/\\\/www.webdo.tn\\\/fr\\\/actualite\\\/national\\\/lue-denonce-lincident-de-laeroport-des-fans-marocains-et-demande-louverture-dune-enquete\\\/172381\\\/\",\"url\":\"https:\\\/\\\/www.webdo.tn\\\/fr\\\/actualite\\\/national\\\/lue-denonce-lincident-de-laeroport-des-fans-marocains-et-demande-louverture-dune-enquete\\\/172381\\\/\",\"name\":\"L\u2019UE d\u00e9nonce l\u2019incident de l\u2019a\u00e9roport des fans marocains et demande l\u2019ouverture d\u2019une enqu\u00eate !\",\"isPartOf\":{\"@id\":\"https:\\\/\\\/www.webdo.tn\\\/fr\\\/#website\"},\"primaryImageOfPage\":{\"@id\":\"https:\\\/\\\/www.webdo.tn\\\/fr\\\/actualite\\\/national\\\/lue-denonce-lincident-de-laeroport-des-fans-marocains-et-demande-louverture-dune-enquete\\\/172381\\\/#primaryimage\"},\"image\":{\"@id\":\"https:\\\/\\\/www.webdo.tn\\\/fr\\\/actualite\\\/national\\\/lue-denonce-lincident-de-laeroport-des-fans-marocains-et-demande-louverture-dune-enquete\\\/172381\\\/#primaryimage\"},\"thumbnailUrl\":\"https:\\\/\\\/www.webdo.tn\\\/fr\\\/wp-content\\\/uploads\\\/2011\\\/12\\\/wac-150x150-1.jpg\",\"datePublished\":\"2011-12-16T20:41:00+00:00\",\"dateModified\":\"2025-06-04T19:03:36+00:00\",\"description\":\"L\u2019UE d\u00e9nonce l\u2019incident de l\u2019a\u00e9roport des fans marocains et demande l\u2019ouverture d\u2019une enqu\u00eate !\",\"breadcrumb\":{\"@id\":\"https:\\\/\\\/www.webdo.tn\\\/fr\\\/actualite\\\/national\\\/lue-denonce-lincident-de-laeroport-des-fans-marocains-et-demande-louverture-dune-enquete\\\/172381\\\/#breadcrumb\"},\"inLanguage\":\"fr-FR\",\"potentialAction\":[{\"@type\":\"ReadAction\",\"target\":[\"https:\\\/\\\/www.webdo.tn\\\/fr\\\/actualite\\\/national\\\/lue-denonce-lincident-de-laeroport-des-fans-marocains-et-demande-louverture-dune-enquete\\\/172381\\\/\"]}]},{\"@type\":\"ImageObject\",\"inLanguage\":\"fr-FR\",\"@id\":\"https:\\\/\\\/www.webdo.tn\\\/fr\\\/actualite\\\/national\\\/lue-denonce-lincident-de-laeroport-des-fans-marocains-et-demande-louverture-dune-enquete\\\/172381\\\/#primaryimage\",\"url\":\"https:\\\/\\\/www.webdo.tn\\\/fr\\\/wp-content\\\/uploads\\\/2011\\\/12\\\/wac-150x150-1.jpg\",\"contentUrl\":\"https:\\\/\\\/www.webdo.tn\\\/fr\\\/wp-content\\\/uploads\\\/2011\\\/12\\\/wac-150x150-1.jpg\",\"width\":150,\"height\":150,\"caption\":\"L\u2019UE d\u00e9nonce l\u2019incident de l\u2019a\u00e9roport des fans marocains et demande l\u2019ouverture d\u2019une enqu\u00eate !\"},{\"@type\":\"BreadcrumbList\",\"@id\":\"https:\\\/\\\/www.webdo.tn\\\/fr\\\/actualite\\\/national\\\/lue-denonce-lincident-de-laeroport-des-fans-marocains-et-demande-louverture-dune-enquete\\\/172381\\\/#breadcrumb\",\"itemListElement\":[{\"@type\":\"ListItem\",\"position\":1,\"name\":\"Accueil\",\"item\":\"https:\\\/\\\/www.webdo.tn\\\/fr\\\/\"},{\"@type\":\"ListItem\",\"position\":2,\"name\":\"L\u2019UE d\u00e9nonce l\u2019incident de l\u2019a\u00e9roport des fans marocains et demande l\u2019ouverture d\u2019une enqu\u00eate !\"}]},{\"@type\":\"WebSite\",\"@id\":\"https:\\\/\\\/www.webdo.tn\\\/fr\\\/#website\",\"url\":\"https:\\\/\\\/www.webdo.tn\\\/fr\\\/\",\"name\":\"webdo\",\"description\":\"Tunisie - News en Tunisie et \u00e0 l&#039;international sur Webdo.tn\",\"publisher\":{\"@id\":\"https:\\\/\\\/www.webdo.tn\\\/fr\\\/#organization\"},\"potentialAction\":[{\"@type\":\"SearchAction\",\"target\":{\"@type\":\"EntryPoint\",\"urlTemplate\":\"https:\\\/\\\/www.webdo.tn\\\/fr\\\/?s={search_term_string}\"},\"query-input\":{\"@type\":\"PropertyValueSpecification\",\"valueRequired\":true,\"valueName\":\"search_term_string\"}}],\"inLanguage\":\"fr-FR\"},{\"@type\":\"Organization\",\"@id\":\"https:\\\/\\\/www.webdo.tn\\\/fr\\\/#organization\",\"name\":\"Webdo\",\"alternateName\":\"Webdo.tn\",\"url\":\"https:\\\/\\\/www.webdo.tn\\\/fr\\\/\",\"logo\":{\"@type\":\"ImageObject\",\"inLanguage\":\"fr-FR\",\"@id\":\"https:\\\/\\\/www.webdo.tn\\\/fr\\\/#\\\/schema\\\/logo\\\/image\\\/\",\"url\":\"https:\\\/\\\/www.webdo.tn\\\/fr\\\/wp-content\\\/uploads\\\/2025\\\/06\\\/Webdo-Tunisie_168377.jpg\",\"contentUrl\":\"https:\\\/\\\/www.webdo.tn\\\/fr\\\/wp-content\\\/uploads\\\/2025\\\/06\\\/Webdo-Tunisie_168377.jpg\",\"width\":301,\"height\":301,\"caption\":\"Webdo\"},\"image\":{\"@id\":\"https:\\\/\\\/www.webdo.tn\\\/fr\\\/#\\\/schema\\\/logo\\\/image\\\/\"},\"sameAs\":[\"https:\\\/\\\/www.facebook.com\\\/webdotn\",\"https:\\\/\\\/x.com\\\/webdo_tn\"],\"description\":\"Webdo est un m\u00e9dia num\u00e9rique tunisien fond\u00e9 en 2010, sp\u00e9cialis\u00e9 dans l\u2019actualit\u00e9 nationale et internationale, l\u2019\u00e9conomie, la soci\u00e9t\u00e9 et les analyses politiques. Le site s\u2019adresse \u00e0 un large public francophone et couvre l\u2019information tunisienne en temps r\u00e9el.\",\"email\":\"redac@webdo.tn\",\"legalName\":\"YNJ SARL\",\"foundingDate\":\"2010-09-06\",\"numberOfEmployees\":{\"@type\":\"QuantitativeValue\",\"minValue\":\"11\",\"maxValue\":\"50\"}},{\"@type\":\"Person\",\"@id\":\"https:\\\/\\\/www.webdo.tn\\\/fr\\\/#\\\/schema\\\/person\\\/9a9c6118d687c117df8ef3cc36a4d175\",\"name\":\"webdo.tn\",\"image\":{\"@type\":\"ImageObject\",\"inLanguage\":\"fr-FR\",\"@id\":\"https:\\\/\\\/secure.gravatar.com\\\/avatar\\\/7ce1f28c0c3bbac99ff550b85ef8e44a6950c6ee24514fb6a5489e51d06f0298?s=96&d=mm&r=g\",\"url\":\"https:\\\/\\\/secure.gravatar.com\\\/avatar\\\/7ce1f28c0c3bbac99ff550b85ef8e44a6950c6ee24514fb6a5489e51d06f0298?s=96&d=mm&r=g\",\"contentUrl\":\"https:\\\/\\\/secure.gravatar.com\\\/avatar\\\/7ce1f28c0c3bbac99ff550b85ef8e44a6950c6ee24514fb6a5489e51d06f0298?s=96&d=mm&r=g\",\"caption\":\"webdo.tn\"},\"url\":\"https:\\\/\\\/www.webdo.tn\\\/fr\\\/actualite\\\/author\\\/webdotn\\\/\"}]}<\/script>\n<!-- \/ Yoast SEO Premium plugin. -->","yoast_head_json":{"title":"L\u2019UE d\u00e9nonce l\u2019incident de l\u2019a\u00e9roport des fans marocains et demande l\u2019ouverture d\u2019une enqu\u00eate !","description":"L\u2019UE d\u00e9nonce l\u2019incident de l\u2019a\u00e9roport des fans marocains et demande l\u2019ouverture d\u2019une enqu\u00eate !","canonical":"https:\/\/www.webdo.tn\/fr\/actualite\/national\/lue-denonce-lincident-de-laeroport-des-fans-marocains-et-demande-louverture-dune-enquete\/172381\/","og_locale":"fr_FR","og_type":"article","og_title":"L\u2019UE d\u00e9nonce l\u2019incident de l\u2019a\u00e9roport des fans marocains et demande l\u2019ouverture d\u2019une enqu\u00eate !","og_description":"L\u2019UE d\u00e9nonce l\u2019incident de l\u2019a\u00e9roport des fans marocains et demande l\u2019ouverture d\u2019une enqu\u00eate !","og_url":"https:\/\/www.webdo.tn\/fr\/actualite\/national\/lue-denonce-lincident-de-laeroport-des-fans-marocains-et-demande-louverture-dune-enquete\/172381\/","og_site_name":"webdo","article_publisher":"https:\/\/www.facebook.com\/webdotn","article_published_time":"2011-12-16T20:41:00+00:00","article_modified_time":"2025-06-04T19:03:36+00:00","og_image":[{"width":150,"height":150,"url":"https:\/\/www.webdo.tn\/fr\/wp-content\/uploads\/2011\/12\/wac-150x150-1.jpg","type":"image\/jpeg"}],"author":"webdo.tn","twitter_card":"summary_large_image","twitter_creator":"@webdo_tn","twitter_site":"@webdo_tn","twitter_misc":{"\u00c9crit par":"webdo.tn","Dur\u00e9e de lecture estim\u00e9e":"2 minutes"},"schema":{"@context":"https:\/\/schema.org","@graph":[{"@type":"NewsArticle","@id":"https:\/\/www.webdo.tn\/fr\/actualite\/national\/lue-denonce-lincident-de-laeroport-des-fans-marocains-et-demande-louverture-dune-enquete\/172381\/#article","isPartOf":{"@id":"https:\/\/www.webdo.tn\/fr\/actualite\/national\/lue-denonce-lincident-de-laeroport-des-fans-marocains-et-demande-louverture-dune-enquete\/172381\/"},"author":{"name":"webdo.tn","@id":"https:\/\/www.webdo.tn\/fr\/#\/schema\/person\/9a9c6118d687c117df8ef3cc36a4d175"},"headline":"L\u2019UE d\u00e9nonce l\u2019incident de l\u2019a\u00e9roport des fans marocains et demande l\u2019ouverture d\u2019une enqu\u00eate !","datePublished":"2011-12-16T20:41:00+00:00","dateModified":"2025-06-04T19:03:36+00:00","mainEntityOfPage":{"@id":"https:\/\/www.webdo.tn\/fr\/actualite\/national\/lue-denonce-lincident-de-laeroport-des-fans-marocains-et-demande-louverture-dune-enquete\/172381\/"},"wordCount":423,"commentCount":0,"publisher":{"@id":"https:\/\/www.webdo.tn\/fr\/#organization"},"image":{"@id":"https:\/\/www.webdo.tn\/fr\/actualite\/national\/lue-denonce-lincident-de-laeroport-des-fans-marocains-et-demande-louverture-dune-enquete\/172381\/#primaryimage"},"thumbnailUrl":"https:\/\/www.webdo.tn\/fr\/wp-content\/uploads\/2011\/12\/wac-150x150-1.jpg","articleSection":["National"],"inLanguage":"fr-FR"},{"@type":"WebPage","@id":"https:\/\/www.webdo.tn\/fr\/actualite\/national\/lue-denonce-lincident-de-laeroport-des-fans-marocains-et-demande-louverture-dune-enquete\/172381\/","url":"https:\/\/www.webdo.tn\/fr\/actualite\/national\/lue-denonce-lincident-de-laeroport-des-fans-marocains-et-demande-louverture-dune-enquete\/172381\/","name":"L\u2019UE d\u00e9nonce l\u2019incident de l\u2019a\u00e9roport des fans marocains et demande l\u2019ouverture d\u2019une enqu\u00eate !","isPartOf":{"@id":"https:\/\/www.webdo.tn\/fr\/#website"},"primaryImageOfPage":{"@id":"https:\/\/www.webdo.tn\/fr\/actualite\/national\/lue-denonce-lincident-de-laeroport-des-fans-marocains-et-demande-louverture-dune-enquete\/172381\/#primaryimage"},"image":{"@id":"https:\/\/www.webdo.tn\/fr\/actualite\/national\/lue-denonce-lincident-de-laeroport-des-fans-marocains-et-demande-louverture-dune-enquete\/172381\/#primaryimage"},"thumbnailUrl":"https:\/\/www.webdo.tn\/fr\/wp-content\/uploads\/2011\/12\/wac-150x150-1.jpg","datePublished":"2011-12-16T20:41:00+00:00","dateModified":"2025-06-04T19:03:36+00:00","description":"L\u2019UE d\u00e9nonce l\u2019incident de l\u2019a\u00e9roport des fans marocains et demande l\u2019ouverture d\u2019une enqu\u00eate !","breadcrumb":{"@id":"https:\/\/www.webdo.tn\/fr\/actualite\/national\/lue-denonce-lincident-de-laeroport-des-fans-marocains-et-demande-louverture-dune-enquete\/172381\/#breadcrumb"},"inLanguage":"fr-FR","potentialAction":[{"@type":"ReadAction","target":["https:\/\/www.webdo.tn\/fr\/actualite\/national\/lue-denonce-lincident-de-laeroport-des-fans-marocains-et-demande-louverture-dune-enquete\/172381\/"]}]},{"@type":"ImageObject","inLanguage":"fr-FR","@id":"https:\/\/www.webdo.tn\/fr\/actualite\/national\/lue-denonce-lincident-de-laeroport-des-fans-marocains-et-demande-louverture-dune-enquete\/172381\/#primaryimage","url":"https:\/\/www.webdo.tn\/fr\/wp-content\/uploads\/2011\/12\/wac-150x150-1.jpg","contentUrl":"https:\/\/www.webdo.tn\/fr\/wp-content\/uploads\/2011\/12\/wac-150x150-1.jpg","width":150,"height":150,"caption":"L\u2019UE d\u00e9nonce l\u2019incident de l\u2019a\u00e9roport des fans marocains et demande l\u2019ouverture d\u2019une enqu\u00eate !"},{"@type":"BreadcrumbList","@id":"https:\/\/www.webdo.tn\/fr\/actualite\/national\/lue-denonce-lincident-de-laeroport-des-fans-marocains-et-demande-louverture-dune-enquete\/172381\/#breadcrumb","itemListElement":[{"@type":"ListItem","position":1,"name":"Accueil","item":"https:\/\/www.webdo.tn\/fr\/"},{"@type":"ListItem","position":2,"name":"L\u2019UE d\u00e9nonce l\u2019incident de l\u2019a\u00e9roport des fans marocains et demande l\u2019ouverture d\u2019une enqu\u00eate !"}]},{"@type":"WebSite","@id":"https:\/\/www.webdo.tn\/fr\/#website","url":"https:\/\/www.webdo.tn\/fr\/","name":"webdo","description":"Tunisie - News en Tunisie et \u00e0 l&#039;international sur Webdo.tn","publisher":{"@id":"https:\/\/www.webdo.tn\/fr\/#organization"},"potentialAction":[{"@type":"SearchAction","target":{"@type":"EntryPoint","urlTemplate":"https:\/\/www.webdo.tn\/fr\/?s={search_term_string}"},"query-input":{"@type":"PropertyValueSpecification","valueRequired":true,"valueName":"search_term_string"}}],"inLanguage":"fr-FR"},{"@type":"Organization","@id":"https:\/\/www.webdo.tn\/fr\/#organization","name":"Webdo","alternateName":"Webdo.tn","url":"https:\/\/www.webdo.tn\/fr\/","logo":{"@type":"ImageObject","inLanguage":"fr-FR","@id":"https:\/\/www.webdo.tn\/fr\/#\/schema\/logo\/image\/","url":"https:\/\/www.webdo.tn\/fr\/wp-content\/uploads\/2025\/06\/Webdo-Tunisie_168377.jpg","contentUrl":"https:\/\/www.webdo.tn\/fr\/wp-content\/uploads\/2025\/06\/Webdo-Tunisie_168377.jpg","width":301,"height":301,"caption":"Webdo"},"image":{"@id":"https:\/\/www.webdo.tn\/fr\/#\/schema\/logo\/image\/"},"sameAs":["https:\/\/www.facebook.com\/webdotn","https:\/\/x.com\/webdo_tn"],"description":"Webdo est un m\u00e9dia num\u00e9rique tunisien fond\u00e9 en 2010, sp\u00e9cialis\u00e9 dans l\u2019actualit\u00e9 nationale et internationale, l\u2019\u00e9conomie, la soci\u00e9t\u00e9 et les analyses politiques. Le site s\u2019adresse \u00e0 un large public francophone et couvre l\u2019information tunisienne en temps r\u00e9el.","email":"redac@webdo.tn","legalName":"YNJ SARL","foundingDate":"2010-09-06","numberOfEmployees":{"@type":"QuantitativeValue","minValue":"11","maxValue":"50"}},{"@type":"Person","@id":"https:\/\/www.webdo.tn\/fr\/#\/schema\/person\/9a9c6118d687c117df8ef3cc36a4d175","name":"webdo.tn","image":{"@type":"ImageObject","inLanguage":"fr-FR","@id":"https:\/\/secure.gravatar.com\/avatar\/7ce1f28c0c3bbac99ff550b85ef8e44a6950c6ee24514fb6a5489e51d06f0298?s=96&d=mm&r=g","url":"https:\/\/secure.gravatar.com\/avatar\/7ce1f28c0c3bbac99ff550b85ef8e44a6950c6ee24514fb6a5489e51d06f0298?s=96&d=mm&r=g","contentUrl":"https:\/\/secure.gravatar.com\/avatar\/7ce1f28c0c3bbac99ff550b85ef8e44a6950c6ee24514fb6a5489e51d06f0298?s=96&d=mm&r=g","caption":"webdo.tn"},"url":"https:\/\/www.webdo.tn\/fr\/actualite\/author\/webdotn\/"}]}},"_links":{"self":[{"href":"https:\/\/www.webdo.tn\/fr\/wp-json\/wp\/v2\/posts\/172381","targetHints":{"allow":["GET"]}}],"collection":[{"href":"https:\/\/www.webdo.tn\/fr\/wp-json\/wp\/v2\/posts"}],"about":[{"href":"https:\/\/www.webdo.tn\/fr\/wp-json\/wp\/v2\/types\/post"}],"author":[{"embeddable":true,"href":"https:\/\/www.webdo.tn\/fr\/wp-json\/wp\/v2\/users\/3222"}],"replies":[{"embeddable":true,"href":"https:\/\/www.webdo.tn\/fr\/wp-json\/wp\/v2\/comments?post=172381"}],"version-history":[{"count":0,"href":"https:\/\/www.webdo.tn\/fr\/wp-json\/wp\/v2\/posts\/172381\/revisions"}],"wp:featuredmedia":[{"embeddable":true,"href":"https:\/\/www.webdo.tn\/fr\/wp-json\/wp\/v2\/media\/333873"}],"wp:attachment":[{"href":"https:\/\/www.webdo.tn\/fr\/wp-json\/wp\/v2\/media?parent=172381"}],"wp:term":[{"taxonomy":"category","embeddable":true,"href":"https:\/\/www.webdo.tn\/fr\/wp-json\/wp\/v2\/categories?post=172381"},{"taxonomy":"post_tag","embeddable":true,"href":"https:\/\/www.webdo.tn\/fr\/wp-json\/wp\/v2\/tags?post=172381"}],"curies":[{"name":"wp","href":"https:\/\/api.w.org\/{rel}","templated":true}]}}