{"id":172377,"date":"2011-12-17T17:17:00","date_gmt":"2011-12-17T17:17:00","guid":{"rendered":"https:\/\/www.webdo.tn\/fr\/actualite\/blog\/la-revolution-tunisienne-a-la-bouzidienne\/172377\/"},"modified":"2025-06-04T19:02:38","modified_gmt":"2025-06-04T19:02:38","slug":"la-revolution-tunisienne-a-la-bouzidienne","status":"publish","type":"post","link":"https:\/\/www.webdo.tn\/fr\/actualite\/national\/la-revolution-tunisienne-a-la-bouzidienne\/172377\/","title":{"rendered":"La R\u00e9volution Tunisienne \u00e0 la Bouzidienne"},"content":{"rendered":"<p>Apr\u00e8s une ann\u00e9e du soul\u00e8vement populaire qui a commenc\u00e9 \u00e0 Sidi Bouzid, la r\u00e9gion du centre Tunisien fait la f\u00eate aujourd&rsquo;hui! Des milliers se sont rassembl\u00e9s aujourd&rsquo;hui Samedi 17 D\u00e9cembre pour la comm\u00e9moration du premier anniversaire de la R\u00e9volution de la dignit\u00e9 et de la libert\u00e9.<\/p>\n<p>Les habitants du fief de la R\u00e9volution ont accueilli le nouveau Pr\u00e9sident de la R\u00e9publique par int\u00e9rim Dr. Moncef Marzouki, ainsi que d&rsquo;autres personnalit\u00e9s de l&rsquo;Assembl\u00e9e Nationale Constituante comme Chokri Belaid, Salma Bakkar, Mohamed Brahmi, Khaled Choukat &#8230;<\/p>\n<p>Les visiteurs de la r\u00e9gion ont salu\u00e9 le public pr\u00e9sent \u00e0 l&rsquo;occasion de cet \u00e9v\u00e9nement symbolique qui \u00e9tait bien organis\u00e9, et on n&rsquo;a pas remarqu\u00e9 un d\u00e9passement, et il y a eu juste quelques dizaines de personnes qui ont voulu rappeler \u00e0 Dr. M. Marzouki et aux autres invit\u00e9s les demandes principales de la R\u00e9volution et surtout des r\u00e9gions de l&rsquo;int\u00e9rieur comme la dignit\u00e9, la libert\u00e9, mais surtout le droit le plus urgent du travail.<\/p>\n<p>Dr. Moncef Marzouki a mis l&rsquo;accent, \u00e0 cette occasion sur l&rsquo;importance et la participation de cette r\u00e9gion dans la lib\u00e9ration du peuple Tunisien.<\/p>\n<p>La date du 17 D\u00e9cembre a \u00e9t\u00e9 retenue comme le point de d\u00e9part d&rsquo; une R\u00e9volution sans pr\u00e9c\u00e9dent. Il y a un an, un simple pauvre jeune marchand a choisi la mort pour lib\u00e9rer son peuple. Le cher et regrett\u00e9 Mohamed Bouazizi a immol\u00e9 son faible corps pour dire qu&rsquo;on n&rsquo;accepterait plus la peur apr\u00e8s ce jour l\u00e0!<\/p>\n<p>Comme hommage \u00e0 l&rsquo;\u00e2me du Mohamed Bouazizi, des jeunes volontaires ont d\u00e9voil\u00e9 un monument comm\u00e9moratif repr\u00e9sentant le chariot de M. Bouazizi entour\u00e9 des chaises volantes symbolisant les pr\u00e9sidents d\u00e9chus!<br \/>\nAujourd&rsquo;hui, on a aussi remarqu\u00e9 la pr\u00e9sence des repr\u00e9sentants du parti Attahrir qui ont d\u00e9voil\u00e9 les drapeaux de leur parti et ont appel\u00e9 \u00e0 une \u00ab\u00a0constitution islamique\u00a0\u00bb capable de r\u00e9soudre tous les probl\u00e8mes de la Tunisie.<\/p>\n","protected":false},"excerpt":{"rendered":"<p>La R\u00e9volution Tunisienne \u00e0 la Bouzidienne<\/p>\n","protected":false},"author":3222,"featured_media":364967,"comment_status":"open","ping_status":"closed","sticky":false,"template":"","format":"standard","meta":{"footnotes":""},"categories":[44],"tags":[],"class_list":["post-172377","post","type-post","status-publish","format-standard","has-post-thumbnail","hentry","category-national"],"yoast_head":"<!-- This site is optimized with the Yoast SEO Premium plugin v27.5 (Yoast SEO v27.5) - https:\/\/yoast.com\/product\/yoast-seo-premium-wordpress\/ -->\n<title>La R\u00e9volution Tunisienne \u00e0 la Bouzidienne<\/title>\n<meta name=\"description\" content=\"La R\u00e9volution Tunisienne \u00e0 la Bouzidienne\" \/>\n<link rel=\"canonical\" href=\"https:\/\/www.webdo.tn\/fr\/actualite\/national\/la-revolution-tunisienne-a-la-bouzidienne\/172377\/\" \/>\n<meta property=\"og:locale\" content=\"fr_FR\" \/>\n<meta property=\"og:type\" content=\"article\" \/>\n<meta property=\"og:title\" content=\"La R\u00e9volution Tunisienne \u00e0 la Bouzidienne\" \/>\n<meta property=\"og:description\" content=\"La R\u00e9volution Tunisienne \u00e0 la Bouzidienne\" \/>\n<meta property=\"og:url\" content=\"https:\/\/www.webdo.tn\/fr\/actualite\/national\/la-revolution-tunisienne-a-la-bouzidienne\/172377\/\" \/>\n<meta property=\"og:site_name\" content=\"webdo\" \/>\n<meta property=\"article:publisher\" content=\"https:\/\/www.facebook.com\/webdotn\" \/>\n<meta property=\"article:published_time\" content=\"2011-12-17T17:17:00+00:00\" \/>\n<meta property=\"article:modified_time\" content=\"2025-06-04T19:02:38+00:00\" \/>\n<meta property=\"og:image\" content=\"https:\/\/www.webdo.tn\/fr\/wp-content\/uploads\/2011\/12\/bouazizi-150x150-1.jpg\" \/>\n\t<meta property=\"og:image:width\" content=\"150\" \/>\n\t<meta property=\"og:image:height\" content=\"150\" \/>\n\t<meta property=\"og:image:type\" content=\"image\/jpeg\" \/>\n<meta name=\"author\" content=\"webdo.tn\" \/>\n<meta name=\"twitter:card\" content=\"summary_large_image\" \/>\n<meta name=\"twitter:creator\" content=\"@webdo_tn\" \/>\n<meta name=\"twitter:site\" content=\"@webdo_tn\" \/>\n<meta name=\"twitter:label1\" content=\"\u00c9crit par\" \/>\n\t<meta name=\"twitter:data1\" content=\"webdo.tn\" \/>\n\t<meta name=\"twitter:label2\" content=\"Dur\u00e9e de lecture estim\u00e9e\" \/>\n\t<meta name=\"twitter:data2\" content=\"2 minutes\" \/>\n<script type=\"application\/ld+json\" class=\"yoast-schema-graph\">{\"@context\":\"https:\\\/\\\/schema.org\",\"@graph\":[{\"@type\":\"NewsArticle\",\"@id\":\"https:\\\/\\\/www.webdo.tn\\\/fr\\\/actualite\\\/national\\\/la-revolution-tunisienne-a-la-bouzidienne\\\/172377\\\/#article\",\"isPartOf\":{\"@id\":\"https:\\\/\\\/www.webdo.tn\\\/fr\\\/actualite\\\/national\\\/la-revolution-tunisienne-a-la-bouzidienne\\\/172377\\\/\"},\"author\":{\"name\":\"webdo.tn\",\"@id\":\"https:\\\/\\\/www.webdo.tn\\\/fr\\\/#\\\/schema\\\/person\\\/9a9c6118d687c117df8ef3cc36a4d175\"},\"headline\":\"La R\u00e9volution Tunisienne \u00e0 la Bouzidienne\",\"datePublished\":\"2011-12-17T17:17:00+00:00\",\"dateModified\":\"2025-06-04T19:02:38+00:00\",\"mainEntityOfPage\":{\"@id\":\"https:\\\/\\\/www.webdo.tn\\\/fr\\\/actualite\\\/national\\\/la-revolution-tunisienne-a-la-bouzidienne\\\/172377\\\/\"},\"wordCount\":357,\"commentCount\":0,\"publisher\":{\"@id\":\"https:\\\/\\\/www.webdo.tn\\\/fr\\\/#organization\"},\"image\":{\"@id\":\"https:\\\/\\\/www.webdo.tn\\\/fr\\\/actualite\\\/national\\\/la-revolution-tunisienne-a-la-bouzidienne\\\/172377\\\/#primaryimage\"},\"thumbnailUrl\":\"https:\\\/\\\/www.webdo.tn\\\/fr\\\/wp-content\\\/uploads\\\/2011\\\/12\\\/bouazizi-150x150-1.jpg\",\"articleSection\":[\"National\"],\"inLanguage\":\"fr-FR\"},{\"@type\":\"WebPage\",\"@id\":\"https:\\\/\\\/www.webdo.tn\\\/fr\\\/actualite\\\/national\\\/la-revolution-tunisienne-a-la-bouzidienne\\\/172377\\\/\",\"url\":\"https:\\\/\\\/www.webdo.tn\\\/fr\\\/actualite\\\/national\\\/la-revolution-tunisienne-a-la-bouzidienne\\\/172377\\\/\",\"name\":\"La R\u00e9volution Tunisienne \u00e0 la Bouzidienne\",\"isPartOf\":{\"@id\":\"https:\\\/\\\/www.webdo.tn\\\/fr\\\/#website\"},\"primaryImageOfPage\":{\"@id\":\"https:\\\/\\\/www.webdo.tn\\\/fr\\\/actualite\\\/national\\\/la-revolution-tunisienne-a-la-bouzidienne\\\/172377\\\/#primaryimage\"},\"image\":{\"@id\":\"https:\\\/\\\/www.webdo.tn\\\/fr\\\/actualite\\\/national\\\/la-revolution-tunisienne-a-la-bouzidienne\\\/172377\\\/#primaryimage\"},\"thumbnailUrl\":\"https:\\\/\\\/www.webdo.tn\\\/fr\\\/wp-content\\\/uploads\\\/2011\\\/12\\\/bouazizi-150x150-1.jpg\",\"datePublished\":\"2011-12-17T17:17:00+00:00\",\"dateModified\":\"2025-06-04T19:02:38+00:00\",\"description\":\"La R\u00e9volution Tunisienne \u00e0 la Bouzidienne\",\"breadcrumb\":{\"@id\":\"https:\\\/\\\/www.webdo.tn\\\/fr\\\/actualite\\\/national\\\/la-revolution-tunisienne-a-la-bouzidienne\\\/172377\\\/#breadcrumb\"},\"inLanguage\":\"fr-FR\",\"potentialAction\":[{\"@type\":\"ReadAction\",\"target\":[\"https:\\\/\\\/www.webdo.tn\\\/fr\\\/actualite\\\/national\\\/la-revolution-tunisienne-a-la-bouzidienne\\\/172377\\\/\"]}]},{\"@type\":\"ImageObject\",\"inLanguage\":\"fr-FR\",\"@id\":\"https:\\\/\\\/www.webdo.tn\\\/fr\\\/actualite\\\/national\\\/la-revolution-tunisienne-a-la-bouzidienne\\\/172377\\\/#primaryimage\",\"url\":\"https:\\\/\\\/www.webdo.tn\\\/fr\\\/wp-content\\\/uploads\\\/2011\\\/12\\\/bouazizi-150x150-1.jpg\",\"contentUrl\":\"https:\\\/\\\/www.webdo.tn\\\/fr\\\/wp-content\\\/uploads\\\/2011\\\/12\\\/bouazizi-150x150-1.jpg\",\"width\":150,\"height\":150,\"caption\":\"La R\u00e9volution Tunisienne \u00e0 la Bouzidienne\"},{\"@type\":\"BreadcrumbList\",\"@id\":\"https:\\\/\\\/www.webdo.tn\\\/fr\\\/actualite\\\/national\\\/la-revolution-tunisienne-a-la-bouzidienne\\\/172377\\\/#breadcrumb\",\"itemListElement\":[{\"@type\":\"ListItem\",\"position\":1,\"name\":\"Accueil\",\"item\":\"https:\\\/\\\/www.webdo.tn\\\/fr\\\/\"},{\"@type\":\"ListItem\",\"position\":2,\"name\":\"La R\u00e9volution Tunisienne \u00e0 la Bouzidienne\"}]},{\"@type\":\"WebSite\",\"@id\":\"https:\\\/\\\/www.webdo.tn\\\/fr\\\/#website\",\"url\":\"https:\\\/\\\/www.webdo.tn\\\/fr\\\/\",\"name\":\"webdo\",\"description\":\"Tunisie - News en Tunisie et \u00e0 l&#039;international sur Webdo.tn\",\"publisher\":{\"@id\":\"https:\\\/\\\/www.webdo.tn\\\/fr\\\/#organization\"},\"potentialAction\":[{\"@type\":\"SearchAction\",\"target\":{\"@type\":\"EntryPoint\",\"urlTemplate\":\"https:\\\/\\\/www.webdo.tn\\\/fr\\\/?s={search_term_string}\"},\"query-input\":{\"@type\":\"PropertyValueSpecification\",\"valueRequired\":true,\"valueName\":\"search_term_string\"}}],\"inLanguage\":\"fr-FR\"},{\"@type\":\"Organization\",\"@id\":\"https:\\\/\\\/www.webdo.tn\\\/fr\\\/#organization\",\"name\":\"Webdo\",\"alternateName\":\"Webdo.tn\",\"url\":\"https:\\\/\\\/www.webdo.tn\\\/fr\\\/\",\"logo\":{\"@type\":\"ImageObject\",\"inLanguage\":\"fr-FR\",\"@id\":\"https:\\\/\\\/www.webdo.tn\\\/fr\\\/#\\\/schema\\\/logo\\\/image\\\/\",\"url\":\"https:\\\/\\\/www.webdo.tn\\\/fr\\\/wp-content\\\/uploads\\\/2025\\\/06\\\/Webdo-Tunisie_168377.jpg\",\"contentUrl\":\"https:\\\/\\\/www.webdo.tn\\\/fr\\\/wp-content\\\/uploads\\\/2025\\\/06\\\/Webdo-Tunisie_168377.jpg\",\"width\":301,\"height\":301,\"caption\":\"Webdo\"},\"image\":{\"@id\":\"https:\\\/\\\/www.webdo.tn\\\/fr\\\/#\\\/schema\\\/logo\\\/image\\\/\"},\"sameAs\":[\"https:\\\/\\\/www.facebook.com\\\/webdotn\",\"https:\\\/\\\/x.com\\\/webdo_tn\"],\"description\":\"Webdo est un m\u00e9dia num\u00e9rique tunisien fond\u00e9 en 2010, sp\u00e9cialis\u00e9 dans l\u2019actualit\u00e9 nationale et internationale, l\u2019\u00e9conomie, la soci\u00e9t\u00e9 et les analyses politiques. Le site s\u2019adresse \u00e0 un large public francophone et couvre l\u2019information tunisienne en temps r\u00e9el.\",\"email\":\"redac@webdo.tn\",\"legalName\":\"YNJ SARL\",\"foundingDate\":\"2010-09-06\",\"numberOfEmployees\":{\"@type\":\"QuantitativeValue\",\"minValue\":\"11\",\"maxValue\":\"50\"}},{\"@type\":\"Person\",\"@id\":\"https:\\\/\\\/www.webdo.tn\\\/fr\\\/#\\\/schema\\\/person\\\/9a9c6118d687c117df8ef3cc36a4d175\",\"name\":\"webdo.tn\",\"image\":{\"@type\":\"ImageObject\",\"inLanguage\":\"fr-FR\",\"@id\":\"https:\\\/\\\/secure.gravatar.com\\\/avatar\\\/7ce1f28c0c3bbac99ff550b85ef8e44a6950c6ee24514fb6a5489e51d06f0298?s=96&d=mm&r=g\",\"url\":\"https:\\\/\\\/secure.gravatar.com\\\/avatar\\\/7ce1f28c0c3bbac99ff550b85ef8e44a6950c6ee24514fb6a5489e51d06f0298?s=96&d=mm&r=g\",\"contentUrl\":\"https:\\\/\\\/secure.gravatar.com\\\/avatar\\\/7ce1f28c0c3bbac99ff550b85ef8e44a6950c6ee24514fb6a5489e51d06f0298?s=96&d=mm&r=g\",\"caption\":\"webdo.tn\"},\"url\":\"https:\\\/\\\/www.webdo.tn\\\/fr\\\/actualite\\\/author\\\/webdotn\\\/\"}]}<\/script>\n<!-- \/ Yoast SEO Premium plugin. -->","yoast_head_json":{"title":"La R\u00e9volution Tunisienne \u00e0 la Bouzidienne","description":"La R\u00e9volution Tunisienne \u00e0 la Bouzidienne","canonical":"https:\/\/www.webdo.tn\/fr\/actualite\/national\/la-revolution-tunisienne-a-la-bouzidienne\/172377\/","og_locale":"fr_FR","og_type":"article","og_title":"La R\u00e9volution Tunisienne \u00e0 la Bouzidienne","og_description":"La R\u00e9volution Tunisienne \u00e0 la Bouzidienne","og_url":"https:\/\/www.webdo.tn\/fr\/actualite\/national\/la-revolution-tunisienne-a-la-bouzidienne\/172377\/","og_site_name":"webdo","article_publisher":"https:\/\/www.facebook.com\/webdotn","article_published_time":"2011-12-17T17:17:00+00:00","article_modified_time":"2025-06-04T19:02:38+00:00","og_image":[{"width":150,"height":150,"url":"https:\/\/www.webdo.tn\/fr\/wp-content\/uploads\/2011\/12\/bouazizi-150x150-1.jpg","type":"image\/jpeg"}],"author":"webdo.tn","twitter_card":"summary_large_image","twitter_creator":"@webdo_tn","twitter_site":"@webdo_tn","twitter_misc":{"\u00c9crit par":"webdo.tn","Dur\u00e9e de lecture estim\u00e9e":"2 minutes"},"schema":{"@context":"https:\/\/schema.org","@graph":[{"@type":"NewsArticle","@id":"https:\/\/www.webdo.tn\/fr\/actualite\/national\/la-revolution-tunisienne-a-la-bouzidienne\/172377\/#article","isPartOf":{"@id":"https:\/\/www.webdo.tn\/fr\/actualite\/national\/la-revolution-tunisienne-a-la-bouzidienne\/172377\/"},"author":{"name":"webdo.tn","@id":"https:\/\/www.webdo.tn\/fr\/#\/schema\/person\/9a9c6118d687c117df8ef3cc36a4d175"},"headline":"La R\u00e9volution Tunisienne \u00e0 la Bouzidienne","datePublished":"2011-12-17T17:17:00+00:00","dateModified":"2025-06-04T19:02:38+00:00","mainEntityOfPage":{"@id":"https:\/\/www.webdo.tn\/fr\/actualite\/national\/la-revolution-tunisienne-a-la-bouzidienne\/172377\/"},"wordCount":357,"commentCount":0,"publisher":{"@id":"https:\/\/www.webdo.tn\/fr\/#organization"},"image":{"@id":"https:\/\/www.webdo.tn\/fr\/actualite\/national\/la-revolution-tunisienne-a-la-bouzidienne\/172377\/#primaryimage"},"thumbnailUrl":"https:\/\/www.webdo.tn\/fr\/wp-content\/uploads\/2011\/12\/bouazizi-150x150-1.jpg","articleSection":["National"],"inLanguage":"fr-FR"},{"@type":"WebPage","@id":"https:\/\/www.webdo.tn\/fr\/actualite\/national\/la-revolution-tunisienne-a-la-bouzidienne\/172377\/","url":"https:\/\/www.webdo.tn\/fr\/actualite\/national\/la-revolution-tunisienne-a-la-bouzidienne\/172377\/","name":"La R\u00e9volution Tunisienne \u00e0 la Bouzidienne","isPartOf":{"@id":"https:\/\/www.webdo.tn\/fr\/#website"},"primaryImageOfPage":{"@id":"https:\/\/www.webdo.tn\/fr\/actualite\/national\/la-revolution-tunisienne-a-la-bouzidienne\/172377\/#primaryimage"},"image":{"@id":"https:\/\/www.webdo.tn\/fr\/actualite\/national\/la-revolution-tunisienne-a-la-bouzidienne\/172377\/#primaryimage"},"thumbnailUrl":"https:\/\/www.webdo.tn\/fr\/wp-content\/uploads\/2011\/12\/bouazizi-150x150-1.jpg","datePublished":"2011-12-17T17:17:00+00:00","dateModified":"2025-06-04T19:02:38+00:00","description":"La R\u00e9volution Tunisienne \u00e0 la Bouzidienne","breadcrumb":{"@id":"https:\/\/www.webdo.tn\/fr\/actualite\/national\/la-revolution-tunisienne-a-la-bouzidienne\/172377\/#breadcrumb"},"inLanguage":"fr-FR","potentialAction":[{"@type":"ReadAction","target":["https:\/\/www.webdo.tn\/fr\/actualite\/national\/la-revolution-tunisienne-a-la-bouzidienne\/172377\/"]}]},{"@type":"ImageObject","inLanguage":"fr-FR","@id":"https:\/\/www.webdo.tn\/fr\/actualite\/national\/la-revolution-tunisienne-a-la-bouzidienne\/172377\/#primaryimage","url":"https:\/\/www.webdo.tn\/fr\/wp-content\/uploads\/2011\/12\/bouazizi-150x150-1.jpg","contentUrl":"https:\/\/www.webdo.tn\/fr\/wp-content\/uploads\/2011\/12\/bouazizi-150x150-1.jpg","width":150,"height":150,"caption":"La R\u00e9volution Tunisienne \u00e0 la Bouzidienne"},{"@type":"BreadcrumbList","@id":"https:\/\/www.webdo.tn\/fr\/actualite\/national\/la-revolution-tunisienne-a-la-bouzidienne\/172377\/#breadcrumb","itemListElement":[{"@type":"ListItem","position":1,"name":"Accueil","item":"https:\/\/www.webdo.tn\/fr\/"},{"@type":"ListItem","position":2,"name":"La R\u00e9volution Tunisienne \u00e0 la Bouzidienne"}]},{"@type":"WebSite","@id":"https:\/\/www.webdo.tn\/fr\/#website","url":"https:\/\/www.webdo.tn\/fr\/","name":"webdo","description":"Tunisie - News en Tunisie et \u00e0 l&#039;international sur Webdo.tn","publisher":{"@id":"https:\/\/www.webdo.tn\/fr\/#organization"},"potentialAction":[{"@type":"SearchAction","target":{"@type":"EntryPoint","urlTemplate":"https:\/\/www.webdo.tn\/fr\/?s={search_term_string}"},"query-input":{"@type":"PropertyValueSpecification","valueRequired":true,"valueName":"search_term_string"}}],"inLanguage":"fr-FR"},{"@type":"Organization","@id":"https:\/\/www.webdo.tn\/fr\/#organization","name":"Webdo","alternateName":"Webdo.tn","url":"https:\/\/www.webdo.tn\/fr\/","logo":{"@type":"ImageObject","inLanguage":"fr-FR","@id":"https:\/\/www.webdo.tn\/fr\/#\/schema\/logo\/image\/","url":"https:\/\/www.webdo.tn\/fr\/wp-content\/uploads\/2025\/06\/Webdo-Tunisie_168377.jpg","contentUrl":"https:\/\/www.webdo.tn\/fr\/wp-content\/uploads\/2025\/06\/Webdo-Tunisie_168377.jpg","width":301,"height":301,"caption":"Webdo"},"image":{"@id":"https:\/\/www.webdo.tn\/fr\/#\/schema\/logo\/image\/"},"sameAs":["https:\/\/www.facebook.com\/webdotn","https:\/\/x.com\/webdo_tn"],"description":"Webdo est un m\u00e9dia num\u00e9rique tunisien fond\u00e9 en 2010, sp\u00e9cialis\u00e9 dans l\u2019actualit\u00e9 nationale et internationale, l\u2019\u00e9conomie, la soci\u00e9t\u00e9 et les analyses politiques. Le site s\u2019adresse \u00e0 un large public francophone et couvre l\u2019information tunisienne en temps r\u00e9el.","email":"redac@webdo.tn","legalName":"YNJ SARL","foundingDate":"2010-09-06","numberOfEmployees":{"@type":"QuantitativeValue","minValue":"11","maxValue":"50"}},{"@type":"Person","@id":"https:\/\/www.webdo.tn\/fr\/#\/schema\/person\/9a9c6118d687c117df8ef3cc36a4d175","name":"webdo.tn","image":{"@type":"ImageObject","inLanguage":"fr-FR","@id":"https:\/\/secure.gravatar.com\/avatar\/7ce1f28c0c3bbac99ff550b85ef8e44a6950c6ee24514fb6a5489e51d06f0298?s=96&d=mm&r=g","url":"https:\/\/secure.gravatar.com\/avatar\/7ce1f28c0c3bbac99ff550b85ef8e44a6950c6ee24514fb6a5489e51d06f0298?s=96&d=mm&r=g","contentUrl":"https:\/\/secure.gravatar.com\/avatar\/7ce1f28c0c3bbac99ff550b85ef8e44a6950c6ee24514fb6a5489e51d06f0298?s=96&d=mm&r=g","caption":"webdo.tn"},"url":"https:\/\/www.webdo.tn\/fr\/actualite\/author\/webdotn\/"}]}},"_links":{"self":[{"href":"https:\/\/www.webdo.tn\/fr\/wp-json\/wp\/v2\/posts\/172377","targetHints":{"allow":["GET"]}}],"collection":[{"href":"https:\/\/www.webdo.tn\/fr\/wp-json\/wp\/v2\/posts"}],"about":[{"href":"https:\/\/www.webdo.tn\/fr\/wp-json\/wp\/v2\/types\/post"}],"author":[{"embeddable":true,"href":"https:\/\/www.webdo.tn\/fr\/wp-json\/wp\/v2\/users\/3222"}],"replies":[{"embeddable":true,"href":"https:\/\/www.webdo.tn\/fr\/wp-json\/wp\/v2\/comments?post=172377"}],"version-history":[{"count":0,"href":"https:\/\/www.webdo.tn\/fr\/wp-json\/wp\/v2\/posts\/172377\/revisions"}],"wp:featuredmedia":[{"embeddable":true,"href":"https:\/\/www.webdo.tn\/fr\/wp-json\/wp\/v2\/media\/364967"}],"wp:attachment":[{"href":"https:\/\/www.webdo.tn\/fr\/wp-json\/wp\/v2\/media?parent=172377"}],"wp:term":[{"taxonomy":"category","embeddable":true,"href":"https:\/\/www.webdo.tn\/fr\/wp-json\/wp\/v2\/categories?post=172377"},{"taxonomy":"post_tag","embeddable":true,"href":"https:\/\/www.webdo.tn\/fr\/wp-json\/wp\/v2\/tags?post=172377"}],"curies":[{"name":"wp","href":"https:\/\/api.w.org\/{rel}","templated":true}]}}