{"id":172375,"date":"2011-12-18T09:50:00","date_gmt":"2011-12-18T09:50:00","guid":{"rendered":"https:\/\/www.webdo.tn\/fr\/actualite\/blog\/le-festival-national-de-la-revolution-a-sidi-bouzid-premier-jour\/172375\/"},"modified":"2025-06-04T19:02:48","modified_gmt":"2025-06-04T19:02:48","slug":"le-festival-national-de-la-revolution-a-sidi-bouzid-premier-jour","status":"publish","type":"post","link":"https:\/\/www.webdo.tn\/fr\/actualite\/national\/le-festival-national-de-la-revolution-a-sidi-bouzid-premier-jour\/172375\/","title":{"rendered":"Le Festival National de la R\u00e9volution \u00e0 Sidi Bouzid: Premier jour"},"content":{"rendered":"<p>La f\u00eate de la R\u00e9volution continue toute la journ\u00e9e et jusqu&rsquo;\u00e0 minuit dans diff\u00e9rents lieux de la r\u00e9gion de Sidi Bouzid ( en face de la poste,dans le centre culturel Abou Baker Gammoudi&#8230;)! Plusieurs activit\u00e9s culturelles ont eu lieu pendant la journ\u00e9e: le concert du rappeur Psyco-M\u00a0auquel ont surtout assist\u00e9 les jeunes qui consid\u00e8rent ce genre de musique comme \u00ab\u00a0la musique de la r\u00e9volution\u00a0\u00bb. Des familles, des jeunes filles et gar\u00e7ons ainsi que des vieillards ont regard\u00e9 en avant premi\u00e8re le film \u00ab\u00a0D\u00e9gage\u00a0\u00bb du cin\u00e9aste Mohamed Zran, aux alentours de 20h30. Dans ce film, le r\u00e9alisateur donne sa vision de la R\u00e9volution et des moments chauds de cette phase importante de l&rsquo;histoire du pays; son film raconte les \u00e9v\u00e9nements et les \u00e9tapes par les quels la R\u00e9volution est pass\u00e9e: des s\u00e9quences prises \u00e0 Sidi Bouzid, d&rsquo;autres \u00e0 Kasserine et Thala, et d&rsquo;autres \u00e0 la capitale notamment aux sit-ins de la Kasba 1 et 2&#8230;<\/p>\n<p>Apr\u00e8s le film,\u00a0en allant\u00a0vers le centre culturel Abou Baker Gammoudi, toujours au centre ville de Sidi Bouzid, on a assist\u00e9 a un grand sp\u00e9ctacle pr\u00e9sent\u00e9 par le groupe musical Al-Marhala qui ont chant\u00e9 pendant plus de deux heures, des chansons tournant autour de la patrie en saluant les peuples r\u00e9volutionnaires comme la Lybie, le Y\u00e9men, la Syrie, l&rsquo;Egypte, et bien s\u00fbr la Tunisie, sans oublier La\u00a0Palestine.<\/p>\n<p>Le programme \u00e9tait riche pour le premier jour du Festival et malgr\u00e9 le mauvais temps (la temp\u00e9rature\u00a0\u00e9tait de 10\u00b0), des milliers ont choisi de ne pas rater cette occasion pour participer au premier anniversaire de la R\u00e9volution Tunisienne du 17 D\u00e9cembre.<\/p>\n","protected":false},"excerpt":{"rendered":"<p>Le Festival National de la R\u00e9volution \u00e0 Sidi Bouzid: Premier jour<\/p>\n","protected":false},"author":3222,"featured_media":364972,"comment_status":"open","ping_status":"closed","sticky":false,"template":"","format":"standard","meta":{"footnotes":""},"categories":[44],"tags":[],"class_list":["post-172375","post","type-post","status-publish","format-standard","has-post-thumbnail","hentry","category-national"],"yoast_head":"<!-- This site is optimized with the Yoast SEO Premium plugin v27.5 (Yoast SEO v27.5) - https:\/\/yoast.com\/product\/yoast-seo-premium-wordpress\/ -->\n<title>Le Festival National de la R\u00e9volution \u00e0 Sidi Bouzid: Premier jour<\/title>\n<meta name=\"description\" content=\"Le Festival National de la R\u00e9volution \u00e0 Sidi Bouzid: Premier jour\" \/>\n<link rel=\"canonical\" href=\"https:\/\/www.webdo.tn\/fr\/actualite\/national\/le-festival-national-de-la-revolution-a-sidi-bouzid-premier-jour\/172375\/\" \/>\n<meta property=\"og:locale\" content=\"fr_FR\" \/>\n<meta property=\"og:type\" content=\"article\" \/>\n<meta property=\"og:title\" content=\"Le Festival National de la R\u00e9volution \u00e0 Sidi Bouzid: Premier jour\" \/>\n<meta property=\"og:description\" content=\"Le Festival National de la R\u00e9volution \u00e0 Sidi Bouzid: Premier jour\" \/>\n<meta property=\"og:url\" content=\"https:\/\/www.webdo.tn\/fr\/actualite\/national\/le-festival-national-de-la-revolution-a-sidi-bouzid-premier-jour\/172375\/\" \/>\n<meta property=\"og:site_name\" content=\"webdo\" \/>\n<meta property=\"article:publisher\" content=\"https:\/\/www.facebook.com\/webdotn\" \/>\n<meta property=\"article:published_time\" content=\"2011-12-18T09:50:00+00:00\" \/>\n<meta property=\"article:modified_time\" content=\"2025-06-04T19:02:48+00:00\" \/>\n<meta property=\"og:image\" content=\"https:\/\/www.webdo.tn\/fr\/wp-content\/uploads\/2011\/12\/bouzizi12-150x150-1.png\" \/>\n\t<meta property=\"og:image:width\" content=\"150\" \/>\n\t<meta property=\"og:image:height\" content=\"150\" \/>\n\t<meta property=\"og:image:type\" content=\"image\/png\" \/>\n<meta name=\"author\" content=\"webdo.tn\" \/>\n<meta name=\"twitter:card\" content=\"summary_large_image\" \/>\n<meta name=\"twitter:creator\" content=\"@webdo_tn\" \/>\n<meta name=\"twitter:site\" content=\"@webdo_tn\" \/>\n<meta name=\"twitter:label1\" content=\"\u00c9crit par\" \/>\n\t<meta name=\"twitter:data1\" content=\"webdo.tn\" \/>\n\t<meta name=\"twitter:label2\" content=\"Dur\u00e9e de lecture estim\u00e9e\" \/>\n\t<meta name=\"twitter:data2\" content=\"1 minute\" \/>\n<script type=\"application\/ld+json\" class=\"yoast-schema-graph\">{\"@context\":\"https:\\\/\\\/schema.org\",\"@graph\":[{\"@type\":\"NewsArticle\",\"@id\":\"https:\\\/\\\/www.webdo.tn\\\/fr\\\/actualite\\\/national\\\/le-festival-national-de-la-revolution-a-sidi-bouzid-premier-jour\\\/172375\\\/#article\",\"isPartOf\":{\"@id\":\"https:\\\/\\\/www.webdo.tn\\\/fr\\\/actualite\\\/national\\\/le-festival-national-de-la-revolution-a-sidi-bouzid-premier-jour\\\/172375\\\/\"},\"author\":{\"name\":\"webdo.tn\",\"@id\":\"https:\\\/\\\/www.webdo.tn\\\/fr\\\/#\\\/schema\\\/person\\\/9a9c6118d687c117df8ef3cc36a4d175\"},\"headline\":\"Le Festival National de la R\u00e9volution \u00e0 Sidi Bouzid: Premier jour\",\"datePublished\":\"2011-12-18T09:50:00+00:00\",\"dateModified\":\"2025-06-04T19:02:48+00:00\",\"mainEntityOfPage\":{\"@id\":\"https:\\\/\\\/www.webdo.tn\\\/fr\\\/actualite\\\/national\\\/le-festival-national-de-la-revolution-a-sidi-bouzid-premier-jour\\\/172375\\\/\"},\"wordCount\":302,\"commentCount\":0,\"publisher\":{\"@id\":\"https:\\\/\\\/www.webdo.tn\\\/fr\\\/#organization\"},\"image\":{\"@id\":\"https:\\\/\\\/www.webdo.tn\\\/fr\\\/actualite\\\/national\\\/le-festival-national-de-la-revolution-a-sidi-bouzid-premier-jour\\\/172375\\\/#primaryimage\"},\"thumbnailUrl\":\"https:\\\/\\\/www.webdo.tn\\\/fr\\\/wp-content\\\/uploads\\\/2011\\\/12\\\/bouzizi12-150x150-1.png\",\"articleSection\":[\"National\"],\"inLanguage\":\"fr-FR\"},{\"@type\":\"WebPage\",\"@id\":\"https:\\\/\\\/www.webdo.tn\\\/fr\\\/actualite\\\/national\\\/le-festival-national-de-la-revolution-a-sidi-bouzid-premier-jour\\\/172375\\\/\",\"url\":\"https:\\\/\\\/www.webdo.tn\\\/fr\\\/actualite\\\/national\\\/le-festival-national-de-la-revolution-a-sidi-bouzid-premier-jour\\\/172375\\\/\",\"name\":\"Le Festival National de la R\u00e9volution \u00e0 Sidi Bouzid: Premier jour\",\"isPartOf\":{\"@id\":\"https:\\\/\\\/www.webdo.tn\\\/fr\\\/#website\"},\"primaryImageOfPage\":{\"@id\":\"https:\\\/\\\/www.webdo.tn\\\/fr\\\/actualite\\\/national\\\/le-festival-national-de-la-revolution-a-sidi-bouzid-premier-jour\\\/172375\\\/#primaryimage\"},\"image\":{\"@id\":\"https:\\\/\\\/www.webdo.tn\\\/fr\\\/actualite\\\/national\\\/le-festival-national-de-la-revolution-a-sidi-bouzid-premier-jour\\\/172375\\\/#primaryimage\"},\"thumbnailUrl\":\"https:\\\/\\\/www.webdo.tn\\\/fr\\\/wp-content\\\/uploads\\\/2011\\\/12\\\/bouzizi12-150x150-1.png\",\"datePublished\":\"2011-12-18T09:50:00+00:00\",\"dateModified\":\"2025-06-04T19:02:48+00:00\",\"description\":\"Le Festival National de la R\u00e9volution \u00e0 Sidi Bouzid: Premier jour\",\"breadcrumb\":{\"@id\":\"https:\\\/\\\/www.webdo.tn\\\/fr\\\/actualite\\\/national\\\/le-festival-national-de-la-revolution-a-sidi-bouzid-premier-jour\\\/172375\\\/#breadcrumb\"},\"inLanguage\":\"fr-FR\",\"potentialAction\":[{\"@type\":\"ReadAction\",\"target\":[\"https:\\\/\\\/www.webdo.tn\\\/fr\\\/actualite\\\/national\\\/le-festival-national-de-la-revolution-a-sidi-bouzid-premier-jour\\\/172375\\\/\"]}]},{\"@type\":\"ImageObject\",\"inLanguage\":\"fr-FR\",\"@id\":\"https:\\\/\\\/www.webdo.tn\\\/fr\\\/actualite\\\/national\\\/le-festival-national-de-la-revolution-a-sidi-bouzid-premier-jour\\\/172375\\\/#primaryimage\",\"url\":\"https:\\\/\\\/www.webdo.tn\\\/fr\\\/wp-content\\\/uploads\\\/2011\\\/12\\\/bouzizi12-150x150-1.png\",\"contentUrl\":\"https:\\\/\\\/www.webdo.tn\\\/fr\\\/wp-content\\\/uploads\\\/2011\\\/12\\\/bouzizi12-150x150-1.png\",\"width\":150,\"height\":150,\"caption\":\"Le Festival National de la R\u00e9volution \u00e0 Sidi Bouzid: Premier jour\"},{\"@type\":\"BreadcrumbList\",\"@id\":\"https:\\\/\\\/www.webdo.tn\\\/fr\\\/actualite\\\/national\\\/le-festival-national-de-la-revolution-a-sidi-bouzid-premier-jour\\\/172375\\\/#breadcrumb\",\"itemListElement\":[{\"@type\":\"ListItem\",\"position\":1,\"name\":\"Accueil\",\"item\":\"https:\\\/\\\/www.webdo.tn\\\/fr\\\/\"},{\"@type\":\"ListItem\",\"position\":2,\"name\":\"Le Festival National de la R\u00e9volution \u00e0 Sidi Bouzid: Premier jour\"}]},{\"@type\":\"WebSite\",\"@id\":\"https:\\\/\\\/www.webdo.tn\\\/fr\\\/#website\",\"url\":\"https:\\\/\\\/www.webdo.tn\\\/fr\\\/\",\"name\":\"webdo\",\"description\":\"Tunisie - News en Tunisie et \u00e0 l&#039;international sur Webdo.tn\",\"publisher\":{\"@id\":\"https:\\\/\\\/www.webdo.tn\\\/fr\\\/#organization\"},\"potentialAction\":[{\"@type\":\"SearchAction\",\"target\":{\"@type\":\"EntryPoint\",\"urlTemplate\":\"https:\\\/\\\/www.webdo.tn\\\/fr\\\/?s={search_term_string}\"},\"query-input\":{\"@type\":\"PropertyValueSpecification\",\"valueRequired\":true,\"valueName\":\"search_term_string\"}}],\"inLanguage\":\"fr-FR\"},{\"@type\":\"Organization\",\"@id\":\"https:\\\/\\\/www.webdo.tn\\\/fr\\\/#organization\",\"name\":\"Webdo\",\"alternateName\":\"Webdo.tn\",\"url\":\"https:\\\/\\\/www.webdo.tn\\\/fr\\\/\",\"logo\":{\"@type\":\"ImageObject\",\"inLanguage\":\"fr-FR\",\"@id\":\"https:\\\/\\\/www.webdo.tn\\\/fr\\\/#\\\/schema\\\/logo\\\/image\\\/\",\"url\":\"https:\\\/\\\/www.webdo.tn\\\/fr\\\/wp-content\\\/uploads\\\/2025\\\/06\\\/Webdo-Tunisie_168377.jpg\",\"contentUrl\":\"https:\\\/\\\/www.webdo.tn\\\/fr\\\/wp-content\\\/uploads\\\/2025\\\/06\\\/Webdo-Tunisie_168377.jpg\",\"width\":301,\"height\":301,\"caption\":\"Webdo\"},\"image\":{\"@id\":\"https:\\\/\\\/www.webdo.tn\\\/fr\\\/#\\\/schema\\\/logo\\\/image\\\/\"},\"sameAs\":[\"https:\\\/\\\/www.facebook.com\\\/webdotn\",\"https:\\\/\\\/x.com\\\/webdo_tn\"],\"description\":\"Webdo est un m\u00e9dia num\u00e9rique tunisien fond\u00e9 en 2010, sp\u00e9cialis\u00e9 dans l\u2019actualit\u00e9 nationale et internationale, l\u2019\u00e9conomie, la soci\u00e9t\u00e9 et les analyses politiques. Le site s\u2019adresse \u00e0 un large public francophone et couvre l\u2019information tunisienne en temps r\u00e9el.\",\"email\":\"redac@webdo.tn\",\"legalName\":\"YNJ SARL\",\"foundingDate\":\"2010-09-06\",\"numberOfEmployees\":{\"@type\":\"QuantitativeValue\",\"minValue\":\"11\",\"maxValue\":\"50\"}},{\"@type\":\"Person\",\"@id\":\"https:\\\/\\\/www.webdo.tn\\\/fr\\\/#\\\/schema\\\/person\\\/9a9c6118d687c117df8ef3cc36a4d175\",\"name\":\"webdo.tn\",\"image\":{\"@type\":\"ImageObject\",\"inLanguage\":\"fr-FR\",\"@id\":\"https:\\\/\\\/secure.gravatar.com\\\/avatar\\\/7ce1f28c0c3bbac99ff550b85ef8e44a6950c6ee24514fb6a5489e51d06f0298?s=96&d=mm&r=g\",\"url\":\"https:\\\/\\\/secure.gravatar.com\\\/avatar\\\/7ce1f28c0c3bbac99ff550b85ef8e44a6950c6ee24514fb6a5489e51d06f0298?s=96&d=mm&r=g\",\"contentUrl\":\"https:\\\/\\\/secure.gravatar.com\\\/avatar\\\/7ce1f28c0c3bbac99ff550b85ef8e44a6950c6ee24514fb6a5489e51d06f0298?s=96&d=mm&r=g\",\"caption\":\"webdo.tn\"},\"url\":\"https:\\\/\\\/www.webdo.tn\\\/fr\\\/actualite\\\/author\\\/webdotn\\\/\"}]}<\/script>\n<!-- \/ Yoast SEO Premium plugin. -->","yoast_head_json":{"title":"Le Festival National de la R\u00e9volution \u00e0 Sidi Bouzid: Premier jour","description":"Le Festival National de la R\u00e9volution \u00e0 Sidi Bouzid: Premier jour","canonical":"https:\/\/www.webdo.tn\/fr\/actualite\/national\/le-festival-national-de-la-revolution-a-sidi-bouzid-premier-jour\/172375\/","og_locale":"fr_FR","og_type":"article","og_title":"Le Festival National de la R\u00e9volution \u00e0 Sidi Bouzid: Premier jour","og_description":"Le Festival National de la R\u00e9volution \u00e0 Sidi Bouzid: Premier jour","og_url":"https:\/\/www.webdo.tn\/fr\/actualite\/national\/le-festival-national-de-la-revolution-a-sidi-bouzid-premier-jour\/172375\/","og_site_name":"webdo","article_publisher":"https:\/\/www.facebook.com\/webdotn","article_published_time":"2011-12-18T09:50:00+00:00","article_modified_time":"2025-06-04T19:02:48+00:00","og_image":[{"width":150,"height":150,"url":"https:\/\/www.webdo.tn\/fr\/wp-content\/uploads\/2011\/12\/bouzizi12-150x150-1.png","type":"image\/png"}],"author":"webdo.tn","twitter_card":"summary_large_image","twitter_creator":"@webdo_tn","twitter_site":"@webdo_tn","twitter_misc":{"\u00c9crit par":"webdo.tn","Dur\u00e9e de lecture estim\u00e9e":"1 minute"},"schema":{"@context":"https:\/\/schema.org","@graph":[{"@type":"NewsArticle","@id":"https:\/\/www.webdo.tn\/fr\/actualite\/national\/le-festival-national-de-la-revolution-a-sidi-bouzid-premier-jour\/172375\/#article","isPartOf":{"@id":"https:\/\/www.webdo.tn\/fr\/actualite\/national\/le-festival-national-de-la-revolution-a-sidi-bouzid-premier-jour\/172375\/"},"author":{"name":"webdo.tn","@id":"https:\/\/www.webdo.tn\/fr\/#\/schema\/person\/9a9c6118d687c117df8ef3cc36a4d175"},"headline":"Le Festival National de la R\u00e9volution \u00e0 Sidi Bouzid: Premier jour","datePublished":"2011-12-18T09:50:00+00:00","dateModified":"2025-06-04T19:02:48+00:00","mainEntityOfPage":{"@id":"https:\/\/www.webdo.tn\/fr\/actualite\/national\/le-festival-national-de-la-revolution-a-sidi-bouzid-premier-jour\/172375\/"},"wordCount":302,"commentCount":0,"publisher":{"@id":"https:\/\/www.webdo.tn\/fr\/#organization"},"image":{"@id":"https:\/\/www.webdo.tn\/fr\/actualite\/national\/le-festival-national-de-la-revolution-a-sidi-bouzid-premier-jour\/172375\/#primaryimage"},"thumbnailUrl":"https:\/\/www.webdo.tn\/fr\/wp-content\/uploads\/2011\/12\/bouzizi12-150x150-1.png","articleSection":["National"],"inLanguage":"fr-FR"},{"@type":"WebPage","@id":"https:\/\/www.webdo.tn\/fr\/actualite\/national\/le-festival-national-de-la-revolution-a-sidi-bouzid-premier-jour\/172375\/","url":"https:\/\/www.webdo.tn\/fr\/actualite\/national\/le-festival-national-de-la-revolution-a-sidi-bouzid-premier-jour\/172375\/","name":"Le Festival National de la R\u00e9volution \u00e0 Sidi Bouzid: Premier jour","isPartOf":{"@id":"https:\/\/www.webdo.tn\/fr\/#website"},"primaryImageOfPage":{"@id":"https:\/\/www.webdo.tn\/fr\/actualite\/national\/le-festival-national-de-la-revolution-a-sidi-bouzid-premier-jour\/172375\/#primaryimage"},"image":{"@id":"https:\/\/www.webdo.tn\/fr\/actualite\/national\/le-festival-national-de-la-revolution-a-sidi-bouzid-premier-jour\/172375\/#primaryimage"},"thumbnailUrl":"https:\/\/www.webdo.tn\/fr\/wp-content\/uploads\/2011\/12\/bouzizi12-150x150-1.png","datePublished":"2011-12-18T09:50:00+00:00","dateModified":"2025-06-04T19:02:48+00:00","description":"Le Festival National de la R\u00e9volution \u00e0 Sidi Bouzid: Premier jour","breadcrumb":{"@id":"https:\/\/www.webdo.tn\/fr\/actualite\/national\/le-festival-national-de-la-revolution-a-sidi-bouzid-premier-jour\/172375\/#breadcrumb"},"inLanguage":"fr-FR","potentialAction":[{"@type":"ReadAction","target":["https:\/\/www.webdo.tn\/fr\/actualite\/national\/le-festival-national-de-la-revolution-a-sidi-bouzid-premier-jour\/172375\/"]}]},{"@type":"ImageObject","inLanguage":"fr-FR","@id":"https:\/\/www.webdo.tn\/fr\/actualite\/national\/le-festival-national-de-la-revolution-a-sidi-bouzid-premier-jour\/172375\/#primaryimage","url":"https:\/\/www.webdo.tn\/fr\/wp-content\/uploads\/2011\/12\/bouzizi12-150x150-1.png","contentUrl":"https:\/\/www.webdo.tn\/fr\/wp-content\/uploads\/2011\/12\/bouzizi12-150x150-1.png","width":150,"height":150,"caption":"Le Festival National de la R\u00e9volution \u00e0 Sidi Bouzid: Premier jour"},{"@type":"BreadcrumbList","@id":"https:\/\/www.webdo.tn\/fr\/actualite\/national\/le-festival-national-de-la-revolution-a-sidi-bouzid-premier-jour\/172375\/#breadcrumb","itemListElement":[{"@type":"ListItem","position":1,"name":"Accueil","item":"https:\/\/www.webdo.tn\/fr\/"},{"@type":"ListItem","position":2,"name":"Le Festival National de la R\u00e9volution \u00e0 Sidi Bouzid: Premier jour"}]},{"@type":"WebSite","@id":"https:\/\/www.webdo.tn\/fr\/#website","url":"https:\/\/www.webdo.tn\/fr\/","name":"webdo","description":"Tunisie - News en Tunisie et \u00e0 l&#039;international sur Webdo.tn","publisher":{"@id":"https:\/\/www.webdo.tn\/fr\/#organization"},"potentialAction":[{"@type":"SearchAction","target":{"@type":"EntryPoint","urlTemplate":"https:\/\/www.webdo.tn\/fr\/?s={search_term_string}"},"query-input":{"@type":"PropertyValueSpecification","valueRequired":true,"valueName":"search_term_string"}}],"inLanguage":"fr-FR"},{"@type":"Organization","@id":"https:\/\/www.webdo.tn\/fr\/#organization","name":"Webdo","alternateName":"Webdo.tn","url":"https:\/\/www.webdo.tn\/fr\/","logo":{"@type":"ImageObject","inLanguage":"fr-FR","@id":"https:\/\/www.webdo.tn\/fr\/#\/schema\/logo\/image\/","url":"https:\/\/www.webdo.tn\/fr\/wp-content\/uploads\/2025\/06\/Webdo-Tunisie_168377.jpg","contentUrl":"https:\/\/www.webdo.tn\/fr\/wp-content\/uploads\/2025\/06\/Webdo-Tunisie_168377.jpg","width":301,"height":301,"caption":"Webdo"},"image":{"@id":"https:\/\/www.webdo.tn\/fr\/#\/schema\/logo\/image\/"},"sameAs":["https:\/\/www.facebook.com\/webdotn","https:\/\/x.com\/webdo_tn"],"description":"Webdo est un m\u00e9dia num\u00e9rique tunisien fond\u00e9 en 2010, sp\u00e9cialis\u00e9 dans l\u2019actualit\u00e9 nationale et internationale, l\u2019\u00e9conomie, la soci\u00e9t\u00e9 et les analyses politiques. Le site s\u2019adresse \u00e0 un large public francophone et couvre l\u2019information tunisienne en temps r\u00e9el.","email":"redac@webdo.tn","legalName":"YNJ SARL","foundingDate":"2010-09-06","numberOfEmployees":{"@type":"QuantitativeValue","minValue":"11","maxValue":"50"}},{"@type":"Person","@id":"https:\/\/www.webdo.tn\/fr\/#\/schema\/person\/9a9c6118d687c117df8ef3cc36a4d175","name":"webdo.tn","image":{"@type":"ImageObject","inLanguage":"fr-FR","@id":"https:\/\/secure.gravatar.com\/avatar\/7ce1f28c0c3bbac99ff550b85ef8e44a6950c6ee24514fb6a5489e51d06f0298?s=96&d=mm&r=g","url":"https:\/\/secure.gravatar.com\/avatar\/7ce1f28c0c3bbac99ff550b85ef8e44a6950c6ee24514fb6a5489e51d06f0298?s=96&d=mm&r=g","contentUrl":"https:\/\/secure.gravatar.com\/avatar\/7ce1f28c0c3bbac99ff550b85ef8e44a6950c6ee24514fb6a5489e51d06f0298?s=96&d=mm&r=g","caption":"webdo.tn"},"url":"https:\/\/www.webdo.tn\/fr\/actualite\/author\/webdotn\/"}]}},"_links":{"self":[{"href":"https:\/\/www.webdo.tn\/fr\/wp-json\/wp\/v2\/posts\/172375","targetHints":{"allow":["GET"]}}],"collection":[{"href":"https:\/\/www.webdo.tn\/fr\/wp-json\/wp\/v2\/posts"}],"about":[{"href":"https:\/\/www.webdo.tn\/fr\/wp-json\/wp\/v2\/types\/post"}],"author":[{"embeddable":true,"href":"https:\/\/www.webdo.tn\/fr\/wp-json\/wp\/v2\/users\/3222"}],"replies":[{"embeddable":true,"href":"https:\/\/www.webdo.tn\/fr\/wp-json\/wp\/v2\/comments?post=172375"}],"version-history":[{"count":0,"href":"https:\/\/www.webdo.tn\/fr\/wp-json\/wp\/v2\/posts\/172375\/revisions"}],"wp:featuredmedia":[{"embeddable":true,"href":"https:\/\/www.webdo.tn\/fr\/wp-json\/wp\/v2\/media\/364972"}],"wp:attachment":[{"href":"https:\/\/www.webdo.tn\/fr\/wp-json\/wp\/v2\/media?parent=172375"}],"wp:term":[{"taxonomy":"category","embeddable":true,"href":"https:\/\/www.webdo.tn\/fr\/wp-json\/wp\/v2\/categories?post=172375"},{"taxonomy":"post_tag","embeddable":true,"href":"https:\/\/www.webdo.tn\/fr\/wp-json\/wp\/v2\/tags?post=172375"}],"curies":[{"name":"wp","href":"https:\/\/api.w.org\/{rel}","templated":true}]}}