{"id":172372,"date":"2011-12-19T20:53:00","date_gmt":"2011-12-19T20:53:00","guid":{"rendered":"https:\/\/www.webdo.tn\/fr\/actualite\/blog\/obama-appelle-jebali-et-reitere-son-soutien-a-la-transition-democratique-en-tunisie\/172372\/"},"modified":"2011-12-19T20:53:00","modified_gmt":"2011-12-19T20:53:00","slug":"obama-appelle-jebali-et-reitere-son-soutien-a-la-transition-democratique-en-tunisie","status":"publish","type":"post","link":"https:\/\/www.webdo.tn\/fr\/actualite\/national\/obama-appelle-jebali-et-reitere-son-soutien-a-la-transition-democratique-en-tunisie\/172372\/","title":{"rendered":"Obama appelle Jebali et r\u00e9it\u00e8re son soutien \u00e0 la transition d\u00e9mocratique en Tunisie"},"content":{"rendered":"<p>Le pr\u00e9sident am\u00e9ricain Barack Obama a appel\u00e9 aujourd&rsquo;hui lundi 19 d\u00e9cembre le Premier ministre Hamadi Jebali pour le f\u00e9liciter de la transition d\u00e9mocratique en Tunisie.<\/p>\n<p>Obama a \u00e9galement f\u00e9licit\u00e9 \u00abla Tunisie pour sa transition, qui repr\u00e9sente une chance historique pour tous les Tunisiens d&rsquo;obtenir davantage d&rsquo;opportunit\u00e9s politiques et \u00e9conomiques\u00bb a pr\u00e9cis\u00e9 la pr\u00e9sidence am\u00e9ricaine dans un communiqu\u00e9 relay\u00e9 par l&rsquo;agence AFP.<\/p>\n<p>L&rsquo;entretien t\u00e9l\u00e9phonique co\u00efncide avec le jour o\u00f9 Jebali devait annoncer la composition du nouveau gouvernement tunisien. Cette annonce est finalement report\u00e9e \u00e0 demain.<\/p>\n<p>Le communiqu\u00e9 souligne que l&rsquo;appel d&rsquo;Obama confirme \u00able soutien fort de l&rsquo;Am\u00e9rique pour la transition d\u00e9mocratique en Tunisie\u00bb.<\/p>\n","protected":false},"excerpt":{"rendered":"<p>Obama appelle Jebali et r\u00e9it\u00e8re son soutien \u00e0 la transition d\u00e9mocratique en Tunisie <\/p>\n","protected":false},"author":3222,"featured_media":364968,"comment_status":"open","ping_status":"closed","sticky":false,"template":"","format":"standard","meta":{"footnotes":""},"categories":[44],"tags":[],"class_list":["post-172372","post","type-post","status-publish","format-standard","has-post-thumbnail","hentry","category-national"],"yoast_head":"<!-- This site is optimized with the Yoast SEO Premium plugin v27.5 (Yoast SEO v27.5) - https:\/\/yoast.com\/product\/yoast-seo-premium-wordpress\/ -->\n<title>Obama appelle Jebali et r\u00e9it\u00e8re son soutien \u00e0 la transition d\u00e9mocratique en Tunisie<\/title>\n<meta name=\"description\" content=\"Obama appelle Jebali et r\u00e9it\u00e8re son soutien \u00e0 la transition d\u00e9mocratique en Tunisie\" \/>\n<link rel=\"canonical\" href=\"https:\/\/www.webdo.tn\/fr\/actualite\/national\/obama-appelle-jebali-et-reitere-son-soutien-a-la-transition-democratique-en-tunisie\/172372\/\" \/>\n<meta property=\"og:locale\" content=\"fr_FR\" \/>\n<meta property=\"og:type\" content=\"article\" \/>\n<meta property=\"og:title\" content=\"Obama appelle Jebali et r\u00e9it\u00e8re son soutien \u00e0 la transition d\u00e9mocratique en Tunisie\" \/>\n<meta property=\"og:description\" content=\"Obama appelle Jebali et r\u00e9it\u00e8re son soutien \u00e0 la transition d\u00e9mocratique en Tunisie\" \/>\n<meta property=\"og:url\" content=\"https:\/\/www.webdo.tn\/fr\/actualite\/national\/obama-appelle-jebali-et-reitere-son-soutien-a-la-transition-democratique-en-tunisie\/172372\/\" \/>\n<meta property=\"og:site_name\" content=\"webdo\" \/>\n<meta property=\"article:publisher\" content=\"https:\/\/www.facebook.com\/webdotn\" \/>\n<meta property=\"article:published_time\" content=\"2011-12-19T20:53:00+00:00\" \/>\n<meta property=\"og:image\" content=\"https:\/\/www.webdo.tn\/fr\/wp-content\/uploads\/2011\/12\/Obama.jpg\" \/>\n\t<meta property=\"og:image:width\" content=\"230\" \/>\n\t<meta property=\"og:image:height\" content=\"306\" \/>\n\t<meta property=\"og:image:type\" content=\"image\/jpeg\" \/>\n<meta name=\"author\" content=\"webdo.tn\" \/>\n<meta name=\"twitter:card\" content=\"summary_large_image\" \/>\n<meta name=\"twitter:creator\" content=\"@webdo_tn\" \/>\n<meta name=\"twitter:site\" content=\"@webdo_tn\" \/>\n<meta name=\"twitter:label1\" content=\"\u00c9crit par\" \/>\n\t<meta name=\"twitter:data1\" content=\"webdo.tn\" \/>\n\t<meta name=\"twitter:label2\" content=\"Dur\u00e9e de lecture estim\u00e9e\" \/>\n\t<meta name=\"twitter:data2\" content=\"1 minute\" \/>\n<script type=\"application\/ld+json\" class=\"yoast-schema-graph\">{\"@context\":\"https:\\\/\\\/schema.org\",\"@graph\":[{\"@type\":\"NewsArticle\",\"@id\":\"https:\\\/\\\/www.webdo.tn\\\/fr\\\/actualite\\\/national\\\/obama-appelle-jebali-et-reitere-son-soutien-a-la-transition-democratique-en-tunisie\\\/172372\\\/#article\",\"isPartOf\":{\"@id\":\"https:\\\/\\\/www.webdo.tn\\\/fr\\\/actualite\\\/national\\\/obama-appelle-jebali-et-reitere-son-soutien-a-la-transition-democratique-en-tunisie\\\/172372\\\/\"},\"author\":{\"name\":\"webdo.tn\",\"@id\":\"https:\\\/\\\/www.webdo.tn\\\/fr\\\/#\\\/schema\\\/person\\\/9a9c6118d687c117df8ef3cc36a4d175\"},\"headline\":\"Obama appelle Jebali et r\u00e9it\u00e8re son soutien \u00e0 la transition d\u00e9mocratique en Tunisie\",\"datePublished\":\"2011-12-19T20:53:00+00:00\",\"mainEntityOfPage\":{\"@id\":\"https:\\\/\\\/www.webdo.tn\\\/fr\\\/actualite\\\/national\\\/obama-appelle-jebali-et-reitere-son-soutien-a-la-transition-democratique-en-tunisie\\\/172372\\\/\"},\"wordCount\":140,\"commentCount\":0,\"publisher\":{\"@id\":\"https:\\\/\\\/www.webdo.tn\\\/fr\\\/#organization\"},\"image\":{\"@id\":\"https:\\\/\\\/www.webdo.tn\\\/fr\\\/actualite\\\/national\\\/obama-appelle-jebali-et-reitere-son-soutien-a-la-transition-democratique-en-tunisie\\\/172372\\\/#primaryimage\"},\"thumbnailUrl\":\"https:\\\/\\\/www.webdo.tn\\\/fr\\\/wp-content\\\/uploads\\\/2011\\\/12\\\/Obama.jpg\",\"articleSection\":[\"National\"],\"inLanguage\":\"fr-FR\"},{\"@type\":\"WebPage\",\"@id\":\"https:\\\/\\\/www.webdo.tn\\\/fr\\\/actualite\\\/national\\\/obama-appelle-jebali-et-reitere-son-soutien-a-la-transition-democratique-en-tunisie\\\/172372\\\/\",\"url\":\"https:\\\/\\\/www.webdo.tn\\\/fr\\\/actualite\\\/national\\\/obama-appelle-jebali-et-reitere-son-soutien-a-la-transition-democratique-en-tunisie\\\/172372\\\/\",\"name\":\"Obama appelle Jebali et r\u00e9it\u00e8re son soutien \u00e0 la transition d\u00e9mocratique en Tunisie\",\"isPartOf\":{\"@id\":\"https:\\\/\\\/www.webdo.tn\\\/fr\\\/#website\"},\"primaryImageOfPage\":{\"@id\":\"https:\\\/\\\/www.webdo.tn\\\/fr\\\/actualite\\\/national\\\/obama-appelle-jebali-et-reitere-son-soutien-a-la-transition-democratique-en-tunisie\\\/172372\\\/#primaryimage\"},\"image\":{\"@id\":\"https:\\\/\\\/www.webdo.tn\\\/fr\\\/actualite\\\/national\\\/obama-appelle-jebali-et-reitere-son-soutien-a-la-transition-democratique-en-tunisie\\\/172372\\\/#primaryimage\"},\"thumbnailUrl\":\"https:\\\/\\\/www.webdo.tn\\\/fr\\\/wp-content\\\/uploads\\\/2011\\\/12\\\/Obama.jpg\",\"datePublished\":\"2011-12-19T20:53:00+00:00\",\"description\":\"Obama appelle Jebali et r\u00e9it\u00e8re son soutien \u00e0 la transition d\u00e9mocratique en Tunisie\",\"breadcrumb\":{\"@id\":\"https:\\\/\\\/www.webdo.tn\\\/fr\\\/actualite\\\/national\\\/obama-appelle-jebali-et-reitere-son-soutien-a-la-transition-democratique-en-tunisie\\\/172372\\\/#breadcrumb\"},\"inLanguage\":\"fr-FR\",\"potentialAction\":[{\"@type\":\"ReadAction\",\"target\":[\"https:\\\/\\\/www.webdo.tn\\\/fr\\\/actualite\\\/national\\\/obama-appelle-jebali-et-reitere-son-soutien-a-la-transition-democratique-en-tunisie\\\/172372\\\/\"]}]},{\"@type\":\"ImageObject\",\"inLanguage\":\"fr-FR\",\"@id\":\"https:\\\/\\\/www.webdo.tn\\\/fr\\\/actualite\\\/national\\\/obama-appelle-jebali-et-reitere-son-soutien-a-la-transition-democratique-en-tunisie\\\/172372\\\/#primaryimage\",\"url\":\"https:\\\/\\\/www.webdo.tn\\\/fr\\\/wp-content\\\/uploads\\\/2011\\\/12\\\/Obama.jpg\",\"contentUrl\":\"https:\\\/\\\/www.webdo.tn\\\/fr\\\/wp-content\\\/uploads\\\/2011\\\/12\\\/Obama.jpg\",\"width\":230,\"height\":306,\"caption\":\"Obama appelle Jebali et r\u00e9it\u00e8re son soutien \u00e0 la transition d\u00e9mocratique en Tunisie\"},{\"@type\":\"BreadcrumbList\",\"@id\":\"https:\\\/\\\/www.webdo.tn\\\/fr\\\/actualite\\\/national\\\/obama-appelle-jebali-et-reitere-son-soutien-a-la-transition-democratique-en-tunisie\\\/172372\\\/#breadcrumb\",\"itemListElement\":[{\"@type\":\"ListItem\",\"position\":1,\"name\":\"Accueil\",\"item\":\"https:\\\/\\\/www.webdo.tn\\\/fr\\\/\"},{\"@type\":\"ListItem\",\"position\":2,\"name\":\"Obama appelle Jebali et r\u00e9it\u00e8re son soutien \u00e0 la transition d\u00e9mocratique en Tunisie\"}]},{\"@type\":\"WebSite\",\"@id\":\"https:\\\/\\\/www.webdo.tn\\\/fr\\\/#website\",\"url\":\"https:\\\/\\\/www.webdo.tn\\\/fr\\\/\",\"name\":\"webdo\",\"description\":\"Tunisie - News en Tunisie et \u00e0 l&#039;international sur Webdo.tn\",\"publisher\":{\"@id\":\"https:\\\/\\\/www.webdo.tn\\\/fr\\\/#organization\"},\"potentialAction\":[{\"@type\":\"SearchAction\",\"target\":{\"@type\":\"EntryPoint\",\"urlTemplate\":\"https:\\\/\\\/www.webdo.tn\\\/fr\\\/?s={search_term_string}\"},\"query-input\":{\"@type\":\"PropertyValueSpecification\",\"valueRequired\":true,\"valueName\":\"search_term_string\"}}],\"inLanguage\":\"fr-FR\"},{\"@type\":\"Organization\",\"@id\":\"https:\\\/\\\/www.webdo.tn\\\/fr\\\/#organization\",\"name\":\"Webdo\",\"alternateName\":\"Webdo.tn\",\"url\":\"https:\\\/\\\/www.webdo.tn\\\/fr\\\/\",\"logo\":{\"@type\":\"ImageObject\",\"inLanguage\":\"fr-FR\",\"@id\":\"https:\\\/\\\/www.webdo.tn\\\/fr\\\/#\\\/schema\\\/logo\\\/image\\\/\",\"url\":\"https:\\\/\\\/www.webdo.tn\\\/fr\\\/wp-content\\\/uploads\\\/2025\\\/06\\\/Webdo-Tunisie_168377.jpg\",\"contentUrl\":\"https:\\\/\\\/www.webdo.tn\\\/fr\\\/wp-content\\\/uploads\\\/2025\\\/06\\\/Webdo-Tunisie_168377.jpg\",\"width\":301,\"height\":301,\"caption\":\"Webdo\"},\"image\":{\"@id\":\"https:\\\/\\\/www.webdo.tn\\\/fr\\\/#\\\/schema\\\/logo\\\/image\\\/\"},\"sameAs\":[\"https:\\\/\\\/www.facebook.com\\\/webdotn\",\"https:\\\/\\\/x.com\\\/webdo_tn\"],\"description\":\"Webdo est un m\u00e9dia num\u00e9rique tunisien fond\u00e9 en 2010, sp\u00e9cialis\u00e9 dans l\u2019actualit\u00e9 nationale et internationale, l\u2019\u00e9conomie, la soci\u00e9t\u00e9 et les analyses politiques. Le site s\u2019adresse \u00e0 un large public francophone et couvre l\u2019information tunisienne en temps r\u00e9el.\",\"email\":\"redac@webdo.tn\",\"legalName\":\"YNJ SARL\",\"foundingDate\":\"2010-09-06\",\"numberOfEmployees\":{\"@type\":\"QuantitativeValue\",\"minValue\":\"11\",\"maxValue\":\"50\"}},{\"@type\":\"Person\",\"@id\":\"https:\\\/\\\/www.webdo.tn\\\/fr\\\/#\\\/schema\\\/person\\\/9a9c6118d687c117df8ef3cc36a4d175\",\"name\":\"webdo.tn\",\"image\":{\"@type\":\"ImageObject\",\"inLanguage\":\"fr-FR\",\"@id\":\"https:\\\/\\\/secure.gravatar.com\\\/avatar\\\/7ce1f28c0c3bbac99ff550b85ef8e44a6950c6ee24514fb6a5489e51d06f0298?s=96&d=mm&r=g\",\"url\":\"https:\\\/\\\/secure.gravatar.com\\\/avatar\\\/7ce1f28c0c3bbac99ff550b85ef8e44a6950c6ee24514fb6a5489e51d06f0298?s=96&d=mm&r=g\",\"contentUrl\":\"https:\\\/\\\/secure.gravatar.com\\\/avatar\\\/7ce1f28c0c3bbac99ff550b85ef8e44a6950c6ee24514fb6a5489e51d06f0298?s=96&d=mm&r=g\",\"caption\":\"webdo.tn\"},\"url\":\"https:\\\/\\\/www.webdo.tn\\\/fr\\\/actualite\\\/author\\\/webdotn\\\/\"}]}<\/script>\n<!-- \/ Yoast SEO Premium plugin. -->","yoast_head_json":{"title":"Obama appelle Jebali et r\u00e9it\u00e8re son soutien \u00e0 la transition d\u00e9mocratique en Tunisie","description":"Obama appelle Jebali et r\u00e9it\u00e8re son soutien \u00e0 la transition d\u00e9mocratique en Tunisie","canonical":"https:\/\/www.webdo.tn\/fr\/actualite\/national\/obama-appelle-jebali-et-reitere-son-soutien-a-la-transition-democratique-en-tunisie\/172372\/","og_locale":"fr_FR","og_type":"article","og_title":"Obama appelle Jebali et r\u00e9it\u00e8re son soutien \u00e0 la transition d\u00e9mocratique en Tunisie","og_description":"Obama appelle Jebali et r\u00e9it\u00e8re son soutien \u00e0 la transition d\u00e9mocratique en Tunisie","og_url":"https:\/\/www.webdo.tn\/fr\/actualite\/national\/obama-appelle-jebali-et-reitere-son-soutien-a-la-transition-democratique-en-tunisie\/172372\/","og_site_name":"webdo","article_publisher":"https:\/\/www.facebook.com\/webdotn","article_published_time":"2011-12-19T20:53:00+00:00","og_image":[{"width":230,"height":306,"url":"https:\/\/www.webdo.tn\/fr\/wp-content\/uploads\/2011\/12\/Obama.jpg","type":"image\/jpeg"}],"author":"webdo.tn","twitter_card":"summary_large_image","twitter_creator":"@webdo_tn","twitter_site":"@webdo_tn","twitter_misc":{"\u00c9crit par":"webdo.tn","Dur\u00e9e de lecture estim\u00e9e":"1 minute"},"schema":{"@context":"https:\/\/schema.org","@graph":[{"@type":"NewsArticle","@id":"https:\/\/www.webdo.tn\/fr\/actualite\/national\/obama-appelle-jebali-et-reitere-son-soutien-a-la-transition-democratique-en-tunisie\/172372\/#article","isPartOf":{"@id":"https:\/\/www.webdo.tn\/fr\/actualite\/national\/obama-appelle-jebali-et-reitere-son-soutien-a-la-transition-democratique-en-tunisie\/172372\/"},"author":{"name":"webdo.tn","@id":"https:\/\/www.webdo.tn\/fr\/#\/schema\/person\/9a9c6118d687c117df8ef3cc36a4d175"},"headline":"Obama appelle Jebali et r\u00e9it\u00e8re son soutien \u00e0 la transition d\u00e9mocratique en Tunisie","datePublished":"2011-12-19T20:53:00+00:00","mainEntityOfPage":{"@id":"https:\/\/www.webdo.tn\/fr\/actualite\/national\/obama-appelle-jebali-et-reitere-son-soutien-a-la-transition-democratique-en-tunisie\/172372\/"},"wordCount":140,"commentCount":0,"publisher":{"@id":"https:\/\/www.webdo.tn\/fr\/#organization"},"image":{"@id":"https:\/\/www.webdo.tn\/fr\/actualite\/national\/obama-appelle-jebali-et-reitere-son-soutien-a-la-transition-democratique-en-tunisie\/172372\/#primaryimage"},"thumbnailUrl":"https:\/\/www.webdo.tn\/fr\/wp-content\/uploads\/2011\/12\/Obama.jpg","articleSection":["National"],"inLanguage":"fr-FR"},{"@type":"WebPage","@id":"https:\/\/www.webdo.tn\/fr\/actualite\/national\/obama-appelle-jebali-et-reitere-son-soutien-a-la-transition-democratique-en-tunisie\/172372\/","url":"https:\/\/www.webdo.tn\/fr\/actualite\/national\/obama-appelle-jebali-et-reitere-son-soutien-a-la-transition-democratique-en-tunisie\/172372\/","name":"Obama appelle Jebali et r\u00e9it\u00e8re son soutien \u00e0 la transition d\u00e9mocratique en Tunisie","isPartOf":{"@id":"https:\/\/www.webdo.tn\/fr\/#website"},"primaryImageOfPage":{"@id":"https:\/\/www.webdo.tn\/fr\/actualite\/national\/obama-appelle-jebali-et-reitere-son-soutien-a-la-transition-democratique-en-tunisie\/172372\/#primaryimage"},"image":{"@id":"https:\/\/www.webdo.tn\/fr\/actualite\/national\/obama-appelle-jebali-et-reitere-son-soutien-a-la-transition-democratique-en-tunisie\/172372\/#primaryimage"},"thumbnailUrl":"https:\/\/www.webdo.tn\/fr\/wp-content\/uploads\/2011\/12\/Obama.jpg","datePublished":"2011-12-19T20:53:00+00:00","description":"Obama appelle Jebali et r\u00e9it\u00e8re son soutien \u00e0 la transition d\u00e9mocratique en Tunisie","breadcrumb":{"@id":"https:\/\/www.webdo.tn\/fr\/actualite\/national\/obama-appelle-jebali-et-reitere-son-soutien-a-la-transition-democratique-en-tunisie\/172372\/#breadcrumb"},"inLanguage":"fr-FR","potentialAction":[{"@type":"ReadAction","target":["https:\/\/www.webdo.tn\/fr\/actualite\/national\/obama-appelle-jebali-et-reitere-son-soutien-a-la-transition-democratique-en-tunisie\/172372\/"]}]},{"@type":"ImageObject","inLanguage":"fr-FR","@id":"https:\/\/www.webdo.tn\/fr\/actualite\/national\/obama-appelle-jebali-et-reitere-son-soutien-a-la-transition-democratique-en-tunisie\/172372\/#primaryimage","url":"https:\/\/www.webdo.tn\/fr\/wp-content\/uploads\/2011\/12\/Obama.jpg","contentUrl":"https:\/\/www.webdo.tn\/fr\/wp-content\/uploads\/2011\/12\/Obama.jpg","width":230,"height":306,"caption":"Obama appelle Jebali et r\u00e9it\u00e8re son soutien \u00e0 la transition d\u00e9mocratique en Tunisie"},{"@type":"BreadcrumbList","@id":"https:\/\/www.webdo.tn\/fr\/actualite\/national\/obama-appelle-jebali-et-reitere-son-soutien-a-la-transition-democratique-en-tunisie\/172372\/#breadcrumb","itemListElement":[{"@type":"ListItem","position":1,"name":"Accueil","item":"https:\/\/www.webdo.tn\/fr\/"},{"@type":"ListItem","position":2,"name":"Obama appelle Jebali et r\u00e9it\u00e8re son soutien \u00e0 la transition d\u00e9mocratique en Tunisie"}]},{"@type":"WebSite","@id":"https:\/\/www.webdo.tn\/fr\/#website","url":"https:\/\/www.webdo.tn\/fr\/","name":"webdo","description":"Tunisie - News en Tunisie et \u00e0 l&#039;international sur Webdo.tn","publisher":{"@id":"https:\/\/www.webdo.tn\/fr\/#organization"},"potentialAction":[{"@type":"SearchAction","target":{"@type":"EntryPoint","urlTemplate":"https:\/\/www.webdo.tn\/fr\/?s={search_term_string}"},"query-input":{"@type":"PropertyValueSpecification","valueRequired":true,"valueName":"search_term_string"}}],"inLanguage":"fr-FR"},{"@type":"Organization","@id":"https:\/\/www.webdo.tn\/fr\/#organization","name":"Webdo","alternateName":"Webdo.tn","url":"https:\/\/www.webdo.tn\/fr\/","logo":{"@type":"ImageObject","inLanguage":"fr-FR","@id":"https:\/\/www.webdo.tn\/fr\/#\/schema\/logo\/image\/","url":"https:\/\/www.webdo.tn\/fr\/wp-content\/uploads\/2025\/06\/Webdo-Tunisie_168377.jpg","contentUrl":"https:\/\/www.webdo.tn\/fr\/wp-content\/uploads\/2025\/06\/Webdo-Tunisie_168377.jpg","width":301,"height":301,"caption":"Webdo"},"image":{"@id":"https:\/\/www.webdo.tn\/fr\/#\/schema\/logo\/image\/"},"sameAs":["https:\/\/www.facebook.com\/webdotn","https:\/\/x.com\/webdo_tn"],"description":"Webdo est un m\u00e9dia num\u00e9rique tunisien fond\u00e9 en 2010, sp\u00e9cialis\u00e9 dans l\u2019actualit\u00e9 nationale et internationale, l\u2019\u00e9conomie, la soci\u00e9t\u00e9 et les analyses politiques. Le site s\u2019adresse \u00e0 un large public francophone et couvre l\u2019information tunisienne en temps r\u00e9el.","email":"redac@webdo.tn","legalName":"YNJ SARL","foundingDate":"2010-09-06","numberOfEmployees":{"@type":"QuantitativeValue","minValue":"11","maxValue":"50"}},{"@type":"Person","@id":"https:\/\/www.webdo.tn\/fr\/#\/schema\/person\/9a9c6118d687c117df8ef3cc36a4d175","name":"webdo.tn","image":{"@type":"ImageObject","inLanguage":"fr-FR","@id":"https:\/\/secure.gravatar.com\/avatar\/7ce1f28c0c3bbac99ff550b85ef8e44a6950c6ee24514fb6a5489e51d06f0298?s=96&d=mm&r=g","url":"https:\/\/secure.gravatar.com\/avatar\/7ce1f28c0c3bbac99ff550b85ef8e44a6950c6ee24514fb6a5489e51d06f0298?s=96&d=mm&r=g","contentUrl":"https:\/\/secure.gravatar.com\/avatar\/7ce1f28c0c3bbac99ff550b85ef8e44a6950c6ee24514fb6a5489e51d06f0298?s=96&d=mm&r=g","caption":"webdo.tn"},"url":"https:\/\/www.webdo.tn\/fr\/actualite\/author\/webdotn\/"}]}},"_links":{"self":[{"href":"https:\/\/www.webdo.tn\/fr\/wp-json\/wp\/v2\/posts\/172372","targetHints":{"allow":["GET"]}}],"collection":[{"href":"https:\/\/www.webdo.tn\/fr\/wp-json\/wp\/v2\/posts"}],"about":[{"href":"https:\/\/www.webdo.tn\/fr\/wp-json\/wp\/v2\/types\/post"}],"author":[{"embeddable":true,"href":"https:\/\/www.webdo.tn\/fr\/wp-json\/wp\/v2\/users\/3222"}],"replies":[{"embeddable":true,"href":"https:\/\/www.webdo.tn\/fr\/wp-json\/wp\/v2\/comments?post=172372"}],"version-history":[{"count":0,"href":"https:\/\/www.webdo.tn\/fr\/wp-json\/wp\/v2\/posts\/172372\/revisions"}],"wp:featuredmedia":[{"embeddable":true,"href":"https:\/\/www.webdo.tn\/fr\/wp-json\/wp\/v2\/media\/364968"}],"wp:attachment":[{"href":"https:\/\/www.webdo.tn\/fr\/wp-json\/wp\/v2\/media?parent=172372"}],"wp:term":[{"taxonomy":"category","embeddable":true,"href":"https:\/\/www.webdo.tn\/fr\/wp-json\/wp\/v2\/categories?post=172372"},{"taxonomy":"post_tag","embeddable":true,"href":"https:\/\/www.webdo.tn\/fr\/wp-json\/wp\/v2\/tags?post=172372"}],"curies":[{"name":"wp","href":"https:\/\/api.w.org\/{rel}","templated":true}]}}