{"id":172371,"date":"2011-12-19T21:17:00","date_gmt":"2011-12-19T21:17:00","guid":{"rendered":"https:\/\/www.webdo.tn\/fr\/actualite\/blog\/ettakatol-a-lorigine-du-retard-de-lannonce-de-la-composition-du-gouvernement\/172371\/"},"modified":"2025-06-04T19:02:42","modified_gmt":"2025-06-04T19:02:42","slug":"ettakatol-a-lorigine-du-retard-de-lannonce-de-la-composition-du-gouvernement","status":"publish","type":"post","link":"https:\/\/www.webdo.tn\/fr\/actualite\/national\/ettakatol-a-lorigine-du-retard-de-lannonce-de-la-composition-du-gouvernement\/172371\/","title":{"rendered":"Ettakatol \u00e0 l&rsquo;origine du retard de l&rsquo;annonce de la composition du gouvernement"},"content":{"rendered":"<p>Alors que l&rsquo;annonce du gouvernement \u00e9tait attendue pour ce soir, elle est finalement report\u00e9e encore une fois. Ce sera probablement pour demain mardi 20 D\u00e9cembre.<\/p>\n<p>Selon les d\u00e9clarations du chef du gouvernement, Hamadi Jebali, les listes d&rsquo;Ettakatol sont \u00e0 l\u2019origine de ce retard. Interrog\u00e9 par la T\u00e9l\u00e9 Nationale, l&rsquo;\u00e9lu d&rsquo;Ettakatol, Khalil Zouaia, a expliqu\u00e9 que les listes de son parti \u00e9taient pr\u00eates, mais qu&rsquo;\u00e0 la derni\u00e8re minute, un membre d&rsquo;une de leurs listes s&rsquo;\u00e9tait r\u00e9tract\u00e9, ce qui a retard\u00e9 l&rsquo;annonce du gouvernement.<\/p>\n<p>Par ailleurs, dans une intervention \u00e0 la Radio Nationale, Hamadi Jebali a confirm\u00e9 la nomination de Hbib Essid comme ministre charg\u00e9 des questions de s\u00e9curit\u00e9. La pr\u00e9sence du ministre de l&rsquo;Int\u00e9rieur dans le nouveau gouvernement a d\u00e9clench\u00e9 une immense pol\u00e9mique. Jebali a tent\u00e9 de la calmer en expliquant que le nouveau gouvernement a besoin de l&rsquo;exp\u00e9rience d&rsquo;Essid pour b\u00e2tir la nouvelle Tunisie sur des bases solides. Il rappelle en outre que ce dernier n&rsquo;aura qu&rsquo;un r\u00f4le de conseiller et par cons\u00e9quent n&rsquo;aura aucun pouvoir sur le Minist\u00e8re de l&rsquo;Int\u00e9rieur.<\/p>\n","protected":false},"excerpt":{"rendered":"<p>Ettakatol \u00e0 l&rsquo;origine du retard de l&rsquo;annonce de la composition du gouvernement<\/p>\n","protected":false},"author":3222,"featured_media":364970,"comment_status":"open","ping_status":"closed","sticky":false,"template":"","format":"standard","meta":{"footnotes":""},"categories":[44],"tags":[],"class_list":["post-172371","post","type-post","status-publish","format-standard","has-post-thumbnail","hentry","category-national"],"yoast_head":"<!-- This site is optimized with the Yoast SEO Premium plugin v27.5 (Yoast SEO v27.5) - https:\/\/yoast.com\/product\/yoast-seo-premium-wordpress\/ -->\n<title>Ettakatol \u00e0 l&#039;origine du retard de l&#039;annonce de la composition du gouvernement<\/title>\n<meta name=\"description\" content=\"Ettakatol \u00e0 l&#039;origine du retard de l&#039;annonce de la composition du gouvernement\" \/>\n<link rel=\"canonical\" href=\"https:\/\/www.webdo.tn\/fr\/actualite\/national\/ettakatol-a-lorigine-du-retard-de-lannonce-de-la-composition-du-gouvernement\/172371\/\" \/>\n<meta property=\"og:locale\" content=\"fr_FR\" \/>\n<meta property=\"og:type\" content=\"article\" \/>\n<meta property=\"og:title\" content=\"Ettakatol \u00e0 l&#039;origine du retard de l&#039;annonce de la composition du gouvernement\" \/>\n<meta property=\"og:description\" content=\"Ettakatol \u00e0 l&#039;origine du retard de l&#039;annonce de la composition du gouvernement\" \/>\n<meta property=\"og:url\" content=\"https:\/\/www.webdo.tn\/fr\/actualite\/national\/ettakatol-a-lorigine-du-retard-de-lannonce-de-la-composition-du-gouvernement\/172371\/\" \/>\n<meta property=\"og:site_name\" content=\"webdo\" \/>\n<meta property=\"article:publisher\" content=\"https:\/\/www.facebook.com\/webdotn\" \/>\n<meta property=\"article:published_time\" content=\"2011-12-19T21:17:00+00:00\" \/>\n<meta property=\"article:modified_time\" content=\"2025-06-04T19:02:42+00:00\" \/>\n<meta property=\"og:image\" content=\"https:\/\/www.webdo.tn\/fr\/wp-content\/uploads\/2011\/12\/7outa-150x150-1.jpg\" \/>\n\t<meta property=\"og:image:width\" content=\"150\" \/>\n\t<meta property=\"og:image:height\" content=\"150\" \/>\n\t<meta property=\"og:image:type\" content=\"image\/jpeg\" \/>\n<meta name=\"author\" content=\"webdo.tn\" \/>\n<meta name=\"twitter:card\" content=\"summary_large_image\" \/>\n<meta name=\"twitter:creator\" content=\"@webdo_tn\" \/>\n<meta name=\"twitter:site\" content=\"@webdo_tn\" \/>\n<meta name=\"twitter:label1\" content=\"\u00c9crit par\" \/>\n\t<meta name=\"twitter:data1\" content=\"webdo.tn\" \/>\n\t<meta name=\"twitter:label2\" content=\"Dur\u00e9e de lecture estim\u00e9e\" \/>\n\t<meta name=\"twitter:data2\" content=\"1 minute\" \/>\n<script type=\"application\/ld+json\" class=\"yoast-schema-graph\">{\"@context\":\"https:\\\/\\\/schema.org\",\"@graph\":[{\"@type\":\"NewsArticle\",\"@id\":\"https:\\\/\\\/www.webdo.tn\\\/fr\\\/actualite\\\/national\\\/ettakatol-a-lorigine-du-retard-de-lannonce-de-la-composition-du-gouvernement\\\/172371\\\/#article\",\"isPartOf\":{\"@id\":\"https:\\\/\\\/www.webdo.tn\\\/fr\\\/actualite\\\/national\\\/ettakatol-a-lorigine-du-retard-de-lannonce-de-la-composition-du-gouvernement\\\/172371\\\/\"},\"author\":{\"name\":\"webdo.tn\",\"@id\":\"https:\\\/\\\/www.webdo.tn\\\/fr\\\/#\\\/schema\\\/person\\\/9a9c6118d687c117df8ef3cc36a4d175\"},\"headline\":\"Ettakatol \u00e0 l&rsquo;origine du retard de l&rsquo;annonce de la composition du gouvernement\",\"datePublished\":\"2011-12-19T21:17:00+00:00\",\"dateModified\":\"2025-06-04T19:02:42+00:00\",\"mainEntityOfPage\":{\"@id\":\"https:\\\/\\\/www.webdo.tn\\\/fr\\\/actualite\\\/national\\\/ettakatol-a-lorigine-du-retard-de-lannonce-de-la-composition-du-gouvernement\\\/172371\\\/\"},\"wordCount\":214,\"commentCount\":0,\"publisher\":{\"@id\":\"https:\\\/\\\/www.webdo.tn\\\/fr\\\/#organization\"},\"image\":{\"@id\":\"https:\\\/\\\/www.webdo.tn\\\/fr\\\/actualite\\\/national\\\/ettakatol-a-lorigine-du-retard-de-lannonce-de-la-composition-du-gouvernement\\\/172371\\\/#primaryimage\"},\"thumbnailUrl\":\"https:\\\/\\\/www.webdo.tn\\\/fr\\\/wp-content\\\/uploads\\\/2011\\\/12\\\/7outa-150x150-1.jpg\",\"articleSection\":[\"National\"],\"inLanguage\":\"fr-FR\"},{\"@type\":\"WebPage\",\"@id\":\"https:\\\/\\\/www.webdo.tn\\\/fr\\\/actualite\\\/national\\\/ettakatol-a-lorigine-du-retard-de-lannonce-de-la-composition-du-gouvernement\\\/172371\\\/\",\"url\":\"https:\\\/\\\/www.webdo.tn\\\/fr\\\/actualite\\\/national\\\/ettakatol-a-lorigine-du-retard-de-lannonce-de-la-composition-du-gouvernement\\\/172371\\\/\",\"name\":\"Ettakatol \u00e0 l'origine du retard de l'annonce de la composition du gouvernement\",\"isPartOf\":{\"@id\":\"https:\\\/\\\/www.webdo.tn\\\/fr\\\/#website\"},\"primaryImageOfPage\":{\"@id\":\"https:\\\/\\\/www.webdo.tn\\\/fr\\\/actualite\\\/national\\\/ettakatol-a-lorigine-du-retard-de-lannonce-de-la-composition-du-gouvernement\\\/172371\\\/#primaryimage\"},\"image\":{\"@id\":\"https:\\\/\\\/www.webdo.tn\\\/fr\\\/actualite\\\/national\\\/ettakatol-a-lorigine-du-retard-de-lannonce-de-la-composition-du-gouvernement\\\/172371\\\/#primaryimage\"},\"thumbnailUrl\":\"https:\\\/\\\/www.webdo.tn\\\/fr\\\/wp-content\\\/uploads\\\/2011\\\/12\\\/7outa-150x150-1.jpg\",\"datePublished\":\"2011-12-19T21:17:00+00:00\",\"dateModified\":\"2025-06-04T19:02:42+00:00\",\"description\":\"Ettakatol \u00e0 l'origine du retard de l'annonce de la composition du gouvernement\",\"breadcrumb\":{\"@id\":\"https:\\\/\\\/www.webdo.tn\\\/fr\\\/actualite\\\/national\\\/ettakatol-a-lorigine-du-retard-de-lannonce-de-la-composition-du-gouvernement\\\/172371\\\/#breadcrumb\"},\"inLanguage\":\"fr-FR\",\"potentialAction\":[{\"@type\":\"ReadAction\",\"target\":[\"https:\\\/\\\/www.webdo.tn\\\/fr\\\/actualite\\\/national\\\/ettakatol-a-lorigine-du-retard-de-lannonce-de-la-composition-du-gouvernement\\\/172371\\\/\"]}]},{\"@type\":\"ImageObject\",\"inLanguage\":\"fr-FR\",\"@id\":\"https:\\\/\\\/www.webdo.tn\\\/fr\\\/actualite\\\/national\\\/ettakatol-a-lorigine-du-retard-de-lannonce-de-la-composition-du-gouvernement\\\/172371\\\/#primaryimage\",\"url\":\"https:\\\/\\\/www.webdo.tn\\\/fr\\\/wp-content\\\/uploads\\\/2011\\\/12\\\/7outa-150x150-1.jpg\",\"contentUrl\":\"https:\\\/\\\/www.webdo.tn\\\/fr\\\/wp-content\\\/uploads\\\/2011\\\/12\\\/7outa-150x150-1.jpg\",\"width\":150,\"height\":150,\"caption\":\"Ettakatol \u00e0 l'origine du retard de l'annonce de la composition du gouvernement\"},{\"@type\":\"BreadcrumbList\",\"@id\":\"https:\\\/\\\/www.webdo.tn\\\/fr\\\/actualite\\\/national\\\/ettakatol-a-lorigine-du-retard-de-lannonce-de-la-composition-du-gouvernement\\\/172371\\\/#breadcrumb\",\"itemListElement\":[{\"@type\":\"ListItem\",\"position\":1,\"name\":\"Accueil\",\"item\":\"https:\\\/\\\/www.webdo.tn\\\/fr\\\/\"},{\"@type\":\"ListItem\",\"position\":2,\"name\":\"Ettakatol \u00e0 l&rsquo;origine du retard de l&rsquo;annonce de la composition du gouvernement\"}]},{\"@type\":\"WebSite\",\"@id\":\"https:\\\/\\\/www.webdo.tn\\\/fr\\\/#website\",\"url\":\"https:\\\/\\\/www.webdo.tn\\\/fr\\\/\",\"name\":\"webdo\",\"description\":\"Tunisie - News en Tunisie et \u00e0 l&#039;international sur Webdo.tn\",\"publisher\":{\"@id\":\"https:\\\/\\\/www.webdo.tn\\\/fr\\\/#organization\"},\"potentialAction\":[{\"@type\":\"SearchAction\",\"target\":{\"@type\":\"EntryPoint\",\"urlTemplate\":\"https:\\\/\\\/www.webdo.tn\\\/fr\\\/?s={search_term_string}\"},\"query-input\":{\"@type\":\"PropertyValueSpecification\",\"valueRequired\":true,\"valueName\":\"search_term_string\"}}],\"inLanguage\":\"fr-FR\"},{\"@type\":\"Organization\",\"@id\":\"https:\\\/\\\/www.webdo.tn\\\/fr\\\/#organization\",\"name\":\"Webdo\",\"alternateName\":\"Webdo.tn\",\"url\":\"https:\\\/\\\/www.webdo.tn\\\/fr\\\/\",\"logo\":{\"@type\":\"ImageObject\",\"inLanguage\":\"fr-FR\",\"@id\":\"https:\\\/\\\/www.webdo.tn\\\/fr\\\/#\\\/schema\\\/logo\\\/image\\\/\",\"url\":\"https:\\\/\\\/www.webdo.tn\\\/fr\\\/wp-content\\\/uploads\\\/2025\\\/06\\\/Webdo-Tunisie_168377.jpg\",\"contentUrl\":\"https:\\\/\\\/www.webdo.tn\\\/fr\\\/wp-content\\\/uploads\\\/2025\\\/06\\\/Webdo-Tunisie_168377.jpg\",\"width\":301,\"height\":301,\"caption\":\"Webdo\"},\"image\":{\"@id\":\"https:\\\/\\\/www.webdo.tn\\\/fr\\\/#\\\/schema\\\/logo\\\/image\\\/\"},\"sameAs\":[\"https:\\\/\\\/www.facebook.com\\\/webdotn\",\"https:\\\/\\\/x.com\\\/webdo_tn\"],\"description\":\"Webdo est un m\u00e9dia num\u00e9rique tunisien fond\u00e9 en 2010, sp\u00e9cialis\u00e9 dans l\u2019actualit\u00e9 nationale et internationale, l\u2019\u00e9conomie, la soci\u00e9t\u00e9 et les analyses politiques. Le site s\u2019adresse \u00e0 un large public francophone et couvre l\u2019information tunisienne en temps r\u00e9el.\",\"email\":\"redac@webdo.tn\",\"legalName\":\"YNJ SARL\",\"foundingDate\":\"2010-09-06\",\"numberOfEmployees\":{\"@type\":\"QuantitativeValue\",\"minValue\":\"11\",\"maxValue\":\"50\"}},{\"@type\":\"Person\",\"@id\":\"https:\\\/\\\/www.webdo.tn\\\/fr\\\/#\\\/schema\\\/person\\\/9a9c6118d687c117df8ef3cc36a4d175\",\"name\":\"webdo.tn\",\"image\":{\"@type\":\"ImageObject\",\"inLanguage\":\"fr-FR\",\"@id\":\"https:\\\/\\\/secure.gravatar.com\\\/avatar\\\/7ce1f28c0c3bbac99ff550b85ef8e44a6950c6ee24514fb6a5489e51d06f0298?s=96&d=mm&r=g\",\"url\":\"https:\\\/\\\/secure.gravatar.com\\\/avatar\\\/7ce1f28c0c3bbac99ff550b85ef8e44a6950c6ee24514fb6a5489e51d06f0298?s=96&d=mm&r=g\",\"contentUrl\":\"https:\\\/\\\/secure.gravatar.com\\\/avatar\\\/7ce1f28c0c3bbac99ff550b85ef8e44a6950c6ee24514fb6a5489e51d06f0298?s=96&d=mm&r=g\",\"caption\":\"webdo.tn\"},\"url\":\"https:\\\/\\\/www.webdo.tn\\\/fr\\\/actualite\\\/author\\\/webdotn\\\/\"}]}<\/script>\n<!-- \/ Yoast SEO Premium plugin. -->","yoast_head_json":{"title":"Ettakatol \u00e0 l'origine du retard de l'annonce de la composition du gouvernement","description":"Ettakatol \u00e0 l'origine du retard de l'annonce de la composition du gouvernement","canonical":"https:\/\/www.webdo.tn\/fr\/actualite\/national\/ettakatol-a-lorigine-du-retard-de-lannonce-de-la-composition-du-gouvernement\/172371\/","og_locale":"fr_FR","og_type":"article","og_title":"Ettakatol \u00e0 l'origine du retard de l'annonce de la composition du gouvernement","og_description":"Ettakatol \u00e0 l'origine du retard de l'annonce de la composition du gouvernement","og_url":"https:\/\/www.webdo.tn\/fr\/actualite\/national\/ettakatol-a-lorigine-du-retard-de-lannonce-de-la-composition-du-gouvernement\/172371\/","og_site_name":"webdo","article_publisher":"https:\/\/www.facebook.com\/webdotn","article_published_time":"2011-12-19T21:17:00+00:00","article_modified_time":"2025-06-04T19:02:42+00:00","og_image":[{"width":150,"height":150,"url":"https:\/\/www.webdo.tn\/fr\/wp-content\/uploads\/2011\/12\/7outa-150x150-1.jpg","type":"image\/jpeg"}],"author":"webdo.tn","twitter_card":"summary_large_image","twitter_creator":"@webdo_tn","twitter_site":"@webdo_tn","twitter_misc":{"\u00c9crit par":"webdo.tn","Dur\u00e9e de lecture estim\u00e9e":"1 minute"},"schema":{"@context":"https:\/\/schema.org","@graph":[{"@type":"NewsArticle","@id":"https:\/\/www.webdo.tn\/fr\/actualite\/national\/ettakatol-a-lorigine-du-retard-de-lannonce-de-la-composition-du-gouvernement\/172371\/#article","isPartOf":{"@id":"https:\/\/www.webdo.tn\/fr\/actualite\/national\/ettakatol-a-lorigine-du-retard-de-lannonce-de-la-composition-du-gouvernement\/172371\/"},"author":{"name":"webdo.tn","@id":"https:\/\/www.webdo.tn\/fr\/#\/schema\/person\/9a9c6118d687c117df8ef3cc36a4d175"},"headline":"Ettakatol \u00e0 l&rsquo;origine du retard de l&rsquo;annonce de la composition du gouvernement","datePublished":"2011-12-19T21:17:00+00:00","dateModified":"2025-06-04T19:02:42+00:00","mainEntityOfPage":{"@id":"https:\/\/www.webdo.tn\/fr\/actualite\/national\/ettakatol-a-lorigine-du-retard-de-lannonce-de-la-composition-du-gouvernement\/172371\/"},"wordCount":214,"commentCount":0,"publisher":{"@id":"https:\/\/www.webdo.tn\/fr\/#organization"},"image":{"@id":"https:\/\/www.webdo.tn\/fr\/actualite\/national\/ettakatol-a-lorigine-du-retard-de-lannonce-de-la-composition-du-gouvernement\/172371\/#primaryimage"},"thumbnailUrl":"https:\/\/www.webdo.tn\/fr\/wp-content\/uploads\/2011\/12\/7outa-150x150-1.jpg","articleSection":["National"],"inLanguage":"fr-FR"},{"@type":"WebPage","@id":"https:\/\/www.webdo.tn\/fr\/actualite\/national\/ettakatol-a-lorigine-du-retard-de-lannonce-de-la-composition-du-gouvernement\/172371\/","url":"https:\/\/www.webdo.tn\/fr\/actualite\/national\/ettakatol-a-lorigine-du-retard-de-lannonce-de-la-composition-du-gouvernement\/172371\/","name":"Ettakatol \u00e0 l'origine du retard de l'annonce de la composition du gouvernement","isPartOf":{"@id":"https:\/\/www.webdo.tn\/fr\/#website"},"primaryImageOfPage":{"@id":"https:\/\/www.webdo.tn\/fr\/actualite\/national\/ettakatol-a-lorigine-du-retard-de-lannonce-de-la-composition-du-gouvernement\/172371\/#primaryimage"},"image":{"@id":"https:\/\/www.webdo.tn\/fr\/actualite\/national\/ettakatol-a-lorigine-du-retard-de-lannonce-de-la-composition-du-gouvernement\/172371\/#primaryimage"},"thumbnailUrl":"https:\/\/www.webdo.tn\/fr\/wp-content\/uploads\/2011\/12\/7outa-150x150-1.jpg","datePublished":"2011-12-19T21:17:00+00:00","dateModified":"2025-06-04T19:02:42+00:00","description":"Ettakatol \u00e0 l'origine du retard de l'annonce de la composition du gouvernement","breadcrumb":{"@id":"https:\/\/www.webdo.tn\/fr\/actualite\/national\/ettakatol-a-lorigine-du-retard-de-lannonce-de-la-composition-du-gouvernement\/172371\/#breadcrumb"},"inLanguage":"fr-FR","potentialAction":[{"@type":"ReadAction","target":["https:\/\/www.webdo.tn\/fr\/actualite\/national\/ettakatol-a-lorigine-du-retard-de-lannonce-de-la-composition-du-gouvernement\/172371\/"]}]},{"@type":"ImageObject","inLanguage":"fr-FR","@id":"https:\/\/www.webdo.tn\/fr\/actualite\/national\/ettakatol-a-lorigine-du-retard-de-lannonce-de-la-composition-du-gouvernement\/172371\/#primaryimage","url":"https:\/\/www.webdo.tn\/fr\/wp-content\/uploads\/2011\/12\/7outa-150x150-1.jpg","contentUrl":"https:\/\/www.webdo.tn\/fr\/wp-content\/uploads\/2011\/12\/7outa-150x150-1.jpg","width":150,"height":150,"caption":"Ettakatol \u00e0 l'origine du retard de l'annonce de la composition du gouvernement"},{"@type":"BreadcrumbList","@id":"https:\/\/www.webdo.tn\/fr\/actualite\/national\/ettakatol-a-lorigine-du-retard-de-lannonce-de-la-composition-du-gouvernement\/172371\/#breadcrumb","itemListElement":[{"@type":"ListItem","position":1,"name":"Accueil","item":"https:\/\/www.webdo.tn\/fr\/"},{"@type":"ListItem","position":2,"name":"Ettakatol \u00e0 l&rsquo;origine du retard de l&rsquo;annonce de la composition du gouvernement"}]},{"@type":"WebSite","@id":"https:\/\/www.webdo.tn\/fr\/#website","url":"https:\/\/www.webdo.tn\/fr\/","name":"webdo","description":"Tunisie - News en Tunisie et \u00e0 l&#039;international sur Webdo.tn","publisher":{"@id":"https:\/\/www.webdo.tn\/fr\/#organization"},"potentialAction":[{"@type":"SearchAction","target":{"@type":"EntryPoint","urlTemplate":"https:\/\/www.webdo.tn\/fr\/?s={search_term_string}"},"query-input":{"@type":"PropertyValueSpecification","valueRequired":true,"valueName":"search_term_string"}}],"inLanguage":"fr-FR"},{"@type":"Organization","@id":"https:\/\/www.webdo.tn\/fr\/#organization","name":"Webdo","alternateName":"Webdo.tn","url":"https:\/\/www.webdo.tn\/fr\/","logo":{"@type":"ImageObject","inLanguage":"fr-FR","@id":"https:\/\/www.webdo.tn\/fr\/#\/schema\/logo\/image\/","url":"https:\/\/www.webdo.tn\/fr\/wp-content\/uploads\/2025\/06\/Webdo-Tunisie_168377.jpg","contentUrl":"https:\/\/www.webdo.tn\/fr\/wp-content\/uploads\/2025\/06\/Webdo-Tunisie_168377.jpg","width":301,"height":301,"caption":"Webdo"},"image":{"@id":"https:\/\/www.webdo.tn\/fr\/#\/schema\/logo\/image\/"},"sameAs":["https:\/\/www.facebook.com\/webdotn","https:\/\/x.com\/webdo_tn"],"description":"Webdo est un m\u00e9dia num\u00e9rique tunisien fond\u00e9 en 2010, sp\u00e9cialis\u00e9 dans l\u2019actualit\u00e9 nationale et internationale, l\u2019\u00e9conomie, la soci\u00e9t\u00e9 et les analyses politiques. Le site s\u2019adresse \u00e0 un large public francophone et couvre l\u2019information tunisienne en temps r\u00e9el.","email":"redac@webdo.tn","legalName":"YNJ SARL","foundingDate":"2010-09-06","numberOfEmployees":{"@type":"QuantitativeValue","minValue":"11","maxValue":"50"}},{"@type":"Person","@id":"https:\/\/www.webdo.tn\/fr\/#\/schema\/person\/9a9c6118d687c117df8ef3cc36a4d175","name":"webdo.tn","image":{"@type":"ImageObject","inLanguage":"fr-FR","@id":"https:\/\/secure.gravatar.com\/avatar\/7ce1f28c0c3bbac99ff550b85ef8e44a6950c6ee24514fb6a5489e51d06f0298?s=96&d=mm&r=g","url":"https:\/\/secure.gravatar.com\/avatar\/7ce1f28c0c3bbac99ff550b85ef8e44a6950c6ee24514fb6a5489e51d06f0298?s=96&d=mm&r=g","contentUrl":"https:\/\/secure.gravatar.com\/avatar\/7ce1f28c0c3bbac99ff550b85ef8e44a6950c6ee24514fb6a5489e51d06f0298?s=96&d=mm&r=g","caption":"webdo.tn"},"url":"https:\/\/www.webdo.tn\/fr\/actualite\/author\/webdotn\/"}]}},"_links":{"self":[{"href":"https:\/\/www.webdo.tn\/fr\/wp-json\/wp\/v2\/posts\/172371","targetHints":{"allow":["GET"]}}],"collection":[{"href":"https:\/\/www.webdo.tn\/fr\/wp-json\/wp\/v2\/posts"}],"about":[{"href":"https:\/\/www.webdo.tn\/fr\/wp-json\/wp\/v2\/types\/post"}],"author":[{"embeddable":true,"href":"https:\/\/www.webdo.tn\/fr\/wp-json\/wp\/v2\/users\/3222"}],"replies":[{"embeddable":true,"href":"https:\/\/www.webdo.tn\/fr\/wp-json\/wp\/v2\/comments?post=172371"}],"version-history":[{"count":0,"href":"https:\/\/www.webdo.tn\/fr\/wp-json\/wp\/v2\/posts\/172371\/revisions"}],"wp:featuredmedia":[{"embeddable":true,"href":"https:\/\/www.webdo.tn\/fr\/wp-json\/wp\/v2\/media\/364970"}],"wp:attachment":[{"href":"https:\/\/www.webdo.tn\/fr\/wp-json\/wp\/v2\/media?parent=172371"}],"wp:term":[{"taxonomy":"category","embeddable":true,"href":"https:\/\/www.webdo.tn\/fr\/wp-json\/wp\/v2\/categories?post=172371"},{"taxonomy":"post_tag","embeddable":true,"href":"https:\/\/www.webdo.tn\/fr\/wp-json\/wp\/v2\/tags?post=172371"}],"curies":[{"name":"wp","href":"https:\/\/api.w.org\/{rel}","templated":true}]}}