{"id":172369,"date":"2011-12-20T14:02:00","date_gmt":"2011-12-20T14:02:00","guid":{"rendered":"https:\/\/www.webdo.tn\/fr\/actualite\/blog\/hmila-les-complots-et-les-mains-invisibles\/172369\/"},"modified":"2025-06-04T19:02:58","modified_gmt":"2025-06-04T19:02:58","slug":"hmila-les-complots-et-les-mains-invisibles","status":"publish","type":"post","link":"https:\/\/www.webdo.tn\/fr\/actualite\/national\/hmila-les-complots-et-les-mains-invisibles\/172369\/","title":{"rendered":"Taher Hmila: \u00ab\u00a0Des complots contre la r\u00e9volution et la Tro\u00efka\u00a0\u00bb"},"content":{"rendered":"<p>Taher Hmila, actuel secr\u00e9taire g\u00e9n\u00e9ral du CPR, a d\u00e9nonc\u00e9, aujourd&rsquo;hui, sur les ondes Shems FM ce qu&rsquo;il appelle des \u00ab\u00a0mains invisibles\u00a0\u00bb voulant d\u00e9truire, selon lui, la Tro\u00efka. Hmila persiste, signe et rajoute \u00ab\u00a0qu&rsquo;il existe un \u00e9norme complot visant \u00e0 d\u00e9vier la r\u00e9volution de son droit chemin\u00a0\u00bb.<\/p>\n<p>Le futur conseiller aupr\u00e8s du pr\u00e9sident de la R\u00e9publique a affirm\u00e9 que certains veulent m\u00eame \u00ab\u00a0garder Essebsi en poste\u00a0\u00bb et laisser l&rsquo;UGTT dans son \u00e9tat actuel avec tous ces sit-in qui bloquent le pays&#8230;<\/p>\n<p>Par ailleurs, sur les ondes de Mosa\u00efque FM, Hmila a affirm\u00e9 que son statut actuel \u00e0 la t\u00eate du Congr\u00e8s Pour la R\u00e9publique n&rsquo;est que \u00ab\u00a0provisoire\u00a0\u00bb et qu&rsquo;il ne fait que prot\u00e9ger son parti des \u00ab\u00a0mains invisibles\u00a0\u00bb apr\u00e8s la rencontre de cette matin\u00e9e entre Mohamed Abbou et Abderraouf Ayadi.<\/p>\n<p>L&rsquo;actuel secr\u00e9taire g\u00e9n\u00e9ral \u00ab\u00a0provisoire\u00a0\u00bb du CPR n&rsquo;en finit donc pas avec ses d\u00e9clarations \u00ab\u00a0fracassantes\u00a0\u00bb puisqu\u2019il avait d\u00e9j\u00e0 lanc\u00e9 une phrase \u00abprovocatrice\u00bb comparant les instigateurs du sit-in du Bardo \u00e0 des \u00ab\u00a0d\u00e9chets de la francophonie\u00a0\u00bb.<\/p>\n<p>Alors, simple man\u0153uvre et discours populiste ou de r\u00e9els dangers guettent notre r\u00e9volution ?<\/p>\n<p>Une chose est s\u00fbre le Tunisien ne doit pas tomber dans la passivit\u00e9 et doit rester aux aguets.<\/p>\n","protected":false},"excerpt":{"rendered":"<p>Taher Hmila:  Des complots contre la r\u00e9volution et la Tro\u00efka <\/p>\n","protected":false},"author":3222,"featured_media":364980,"comment_status":"open","ping_status":"closed","sticky":false,"template":"","format":"standard","meta":{"footnotes":""},"categories":[44],"tags":[],"class_list":["post-172369","post","type-post","status-publish","format-standard","has-post-thumbnail","hentry","category-national"],"yoast_head":"<!-- This site is optimized with the Yoast SEO Premium plugin v27.5 (Yoast SEO v27.5) - https:\/\/yoast.com\/product\/yoast-seo-premium-wordpress\/ -->\n<title>Taher Hmila: Des complots contre la r\u00e9volution et la Tro\u00efka<\/title>\n<meta name=\"description\" content=\"Taher Hmila: Des complots contre la r\u00e9volution et la Tro\u00efka\" \/>\n<link rel=\"canonical\" href=\"https:\/\/www.webdo.tn\/fr\/actualite\/national\/hmila-les-complots-et-les-mains-invisibles\/172369\/\" \/>\n<meta property=\"og:locale\" content=\"fr_FR\" \/>\n<meta property=\"og:type\" content=\"article\" \/>\n<meta property=\"og:title\" content=\"Taher Hmila: &quot;Des complots contre la r\u00e9volution et la Tro\u00efka&quot;\" \/>\n<meta property=\"og:description\" content=\"Taher Hmila: Des complots contre la r\u00e9volution et la Tro\u00efka\" \/>\n<meta property=\"og:url\" content=\"https:\/\/www.webdo.tn\/fr\/actualite\/national\/hmila-les-complots-et-les-mains-invisibles\/172369\/\" \/>\n<meta property=\"og:site_name\" content=\"webdo\" \/>\n<meta property=\"article:publisher\" content=\"https:\/\/www.facebook.com\/webdotn\" \/>\n<meta property=\"article:published_time\" content=\"2011-12-20T14:02:00+00:00\" \/>\n<meta property=\"article:modified_time\" content=\"2025-06-04T19:02:58+00:00\" \/>\n<meta property=\"og:image\" content=\"https:\/\/www.webdo.tn\/fr\/wp-content\/uploads\/2011\/12\/Tahar-Hmila.jpg\" \/>\n\t<meta property=\"og:image:width\" content=\"259\" \/>\n\t<meta property=\"og:image:height\" content=\"238\" \/>\n\t<meta property=\"og:image:type\" content=\"image\/jpeg\" \/>\n<meta name=\"author\" content=\"webdo.tn\" \/>\n<meta name=\"twitter:card\" content=\"summary_large_image\" \/>\n<meta name=\"twitter:creator\" content=\"@webdo_tn\" \/>\n<meta name=\"twitter:site\" content=\"@webdo_tn\" \/>\n<meta name=\"twitter:label1\" content=\"\u00c9crit par\" \/>\n\t<meta name=\"twitter:data1\" content=\"webdo.tn\" \/>\n\t<meta name=\"twitter:label2\" content=\"Dur\u00e9e de lecture estim\u00e9e\" \/>\n\t<meta name=\"twitter:data2\" content=\"1 minute\" \/>\n<script type=\"application\/ld+json\" class=\"yoast-schema-graph\">{\"@context\":\"https:\\\/\\\/schema.org\",\"@graph\":[{\"@type\":\"NewsArticle\",\"@id\":\"https:\\\/\\\/www.webdo.tn\\\/fr\\\/actualite\\\/national\\\/hmila-les-complots-et-les-mains-invisibles\\\/172369\\\/#article\",\"isPartOf\":{\"@id\":\"https:\\\/\\\/www.webdo.tn\\\/fr\\\/actualite\\\/national\\\/hmila-les-complots-et-les-mains-invisibles\\\/172369\\\/\"},\"author\":{\"name\":\"webdo.tn\",\"@id\":\"https:\\\/\\\/www.webdo.tn\\\/fr\\\/#\\\/schema\\\/person\\\/9a9c6118d687c117df8ef3cc36a4d175\"},\"headline\":\"Taher Hmila: \u00ab\u00a0Des complots contre la r\u00e9volution et la Tro\u00efka\u00a0\u00bb\",\"datePublished\":\"2011-12-20T14:02:00+00:00\",\"dateModified\":\"2025-06-04T19:02:58+00:00\",\"mainEntityOfPage\":{\"@id\":\"https:\\\/\\\/www.webdo.tn\\\/fr\\\/actualite\\\/national\\\/hmila-les-complots-et-les-mains-invisibles\\\/172369\\\/\"},\"wordCount\":241,\"commentCount\":0,\"publisher\":{\"@id\":\"https:\\\/\\\/www.webdo.tn\\\/fr\\\/#organization\"},\"image\":{\"@id\":\"https:\\\/\\\/www.webdo.tn\\\/fr\\\/actualite\\\/national\\\/hmila-les-complots-et-les-mains-invisibles\\\/172369\\\/#primaryimage\"},\"thumbnailUrl\":\"https:\\\/\\\/www.webdo.tn\\\/fr\\\/wp-content\\\/uploads\\\/2011\\\/12\\\/Tahar-Hmila.jpg\",\"articleSection\":[\"National\"],\"inLanguage\":\"fr-FR\"},{\"@type\":\"WebPage\",\"@id\":\"https:\\\/\\\/www.webdo.tn\\\/fr\\\/actualite\\\/national\\\/hmila-les-complots-et-les-mains-invisibles\\\/172369\\\/\",\"url\":\"https:\\\/\\\/www.webdo.tn\\\/fr\\\/actualite\\\/national\\\/hmila-les-complots-et-les-mains-invisibles\\\/172369\\\/\",\"name\":\"Taher Hmila: Des complots contre la r\u00e9volution et la Tro\u00efka\",\"isPartOf\":{\"@id\":\"https:\\\/\\\/www.webdo.tn\\\/fr\\\/#website\"},\"primaryImageOfPage\":{\"@id\":\"https:\\\/\\\/www.webdo.tn\\\/fr\\\/actualite\\\/national\\\/hmila-les-complots-et-les-mains-invisibles\\\/172369\\\/#primaryimage\"},\"image\":{\"@id\":\"https:\\\/\\\/www.webdo.tn\\\/fr\\\/actualite\\\/national\\\/hmila-les-complots-et-les-mains-invisibles\\\/172369\\\/#primaryimage\"},\"thumbnailUrl\":\"https:\\\/\\\/www.webdo.tn\\\/fr\\\/wp-content\\\/uploads\\\/2011\\\/12\\\/Tahar-Hmila.jpg\",\"datePublished\":\"2011-12-20T14:02:00+00:00\",\"dateModified\":\"2025-06-04T19:02:58+00:00\",\"description\":\"Taher Hmila: Des complots contre la r\u00e9volution et la Tro\u00efka\",\"breadcrumb\":{\"@id\":\"https:\\\/\\\/www.webdo.tn\\\/fr\\\/actualite\\\/national\\\/hmila-les-complots-et-les-mains-invisibles\\\/172369\\\/#breadcrumb\"},\"inLanguage\":\"fr-FR\",\"potentialAction\":[{\"@type\":\"ReadAction\",\"target\":[\"https:\\\/\\\/www.webdo.tn\\\/fr\\\/actualite\\\/national\\\/hmila-les-complots-et-les-mains-invisibles\\\/172369\\\/\"]}]},{\"@type\":\"ImageObject\",\"inLanguage\":\"fr-FR\",\"@id\":\"https:\\\/\\\/www.webdo.tn\\\/fr\\\/actualite\\\/national\\\/hmila-les-complots-et-les-mains-invisibles\\\/172369\\\/#primaryimage\",\"url\":\"https:\\\/\\\/www.webdo.tn\\\/fr\\\/wp-content\\\/uploads\\\/2011\\\/12\\\/Tahar-Hmila.jpg\",\"contentUrl\":\"https:\\\/\\\/www.webdo.tn\\\/fr\\\/wp-content\\\/uploads\\\/2011\\\/12\\\/Tahar-Hmila.jpg\",\"width\":259,\"height\":238,\"caption\":\"Taher Hmila: \\\"Des complots contre la r\u00e9volution et la Tro\u00efka\\\"\"},{\"@type\":\"BreadcrumbList\",\"@id\":\"https:\\\/\\\/www.webdo.tn\\\/fr\\\/actualite\\\/national\\\/hmila-les-complots-et-les-mains-invisibles\\\/172369\\\/#breadcrumb\",\"itemListElement\":[{\"@type\":\"ListItem\",\"position\":1,\"name\":\"Accueil\",\"item\":\"https:\\\/\\\/www.webdo.tn\\\/fr\\\/\"},{\"@type\":\"ListItem\",\"position\":2,\"name\":\"Taher Hmila: \u00ab\u00a0Des complots contre la r\u00e9volution et la Tro\u00efka\u00a0\u00bb\"}]},{\"@type\":\"WebSite\",\"@id\":\"https:\\\/\\\/www.webdo.tn\\\/fr\\\/#website\",\"url\":\"https:\\\/\\\/www.webdo.tn\\\/fr\\\/\",\"name\":\"webdo\",\"description\":\"Tunisie - News en Tunisie et \u00e0 l&#039;international sur Webdo.tn\",\"publisher\":{\"@id\":\"https:\\\/\\\/www.webdo.tn\\\/fr\\\/#organization\"},\"potentialAction\":[{\"@type\":\"SearchAction\",\"target\":{\"@type\":\"EntryPoint\",\"urlTemplate\":\"https:\\\/\\\/www.webdo.tn\\\/fr\\\/?s={search_term_string}\"},\"query-input\":{\"@type\":\"PropertyValueSpecification\",\"valueRequired\":true,\"valueName\":\"search_term_string\"}}],\"inLanguage\":\"fr-FR\"},{\"@type\":\"Organization\",\"@id\":\"https:\\\/\\\/www.webdo.tn\\\/fr\\\/#organization\",\"name\":\"Webdo\",\"alternateName\":\"Webdo.tn\",\"url\":\"https:\\\/\\\/www.webdo.tn\\\/fr\\\/\",\"logo\":{\"@type\":\"ImageObject\",\"inLanguage\":\"fr-FR\",\"@id\":\"https:\\\/\\\/www.webdo.tn\\\/fr\\\/#\\\/schema\\\/logo\\\/image\\\/\",\"url\":\"https:\\\/\\\/www.webdo.tn\\\/fr\\\/wp-content\\\/uploads\\\/2025\\\/06\\\/Webdo-Tunisie_168377.jpg\",\"contentUrl\":\"https:\\\/\\\/www.webdo.tn\\\/fr\\\/wp-content\\\/uploads\\\/2025\\\/06\\\/Webdo-Tunisie_168377.jpg\",\"width\":301,\"height\":301,\"caption\":\"Webdo\"},\"image\":{\"@id\":\"https:\\\/\\\/www.webdo.tn\\\/fr\\\/#\\\/schema\\\/logo\\\/image\\\/\"},\"sameAs\":[\"https:\\\/\\\/www.facebook.com\\\/webdotn\",\"https:\\\/\\\/x.com\\\/webdo_tn\"],\"description\":\"Webdo est un m\u00e9dia num\u00e9rique tunisien fond\u00e9 en 2010, sp\u00e9cialis\u00e9 dans l\u2019actualit\u00e9 nationale et internationale, l\u2019\u00e9conomie, la soci\u00e9t\u00e9 et les analyses politiques. Le site s\u2019adresse \u00e0 un large public francophone et couvre l\u2019information tunisienne en temps r\u00e9el.\",\"email\":\"redac@webdo.tn\",\"legalName\":\"YNJ SARL\",\"foundingDate\":\"2010-09-06\",\"numberOfEmployees\":{\"@type\":\"QuantitativeValue\",\"minValue\":\"11\",\"maxValue\":\"50\"}},{\"@type\":\"Person\",\"@id\":\"https:\\\/\\\/www.webdo.tn\\\/fr\\\/#\\\/schema\\\/person\\\/9a9c6118d687c117df8ef3cc36a4d175\",\"name\":\"webdo.tn\",\"image\":{\"@type\":\"ImageObject\",\"inLanguage\":\"fr-FR\",\"@id\":\"https:\\\/\\\/secure.gravatar.com\\\/avatar\\\/7ce1f28c0c3bbac99ff550b85ef8e44a6950c6ee24514fb6a5489e51d06f0298?s=96&d=mm&r=g\",\"url\":\"https:\\\/\\\/secure.gravatar.com\\\/avatar\\\/7ce1f28c0c3bbac99ff550b85ef8e44a6950c6ee24514fb6a5489e51d06f0298?s=96&d=mm&r=g\",\"contentUrl\":\"https:\\\/\\\/secure.gravatar.com\\\/avatar\\\/7ce1f28c0c3bbac99ff550b85ef8e44a6950c6ee24514fb6a5489e51d06f0298?s=96&d=mm&r=g\",\"caption\":\"webdo.tn\"},\"url\":\"https:\\\/\\\/www.webdo.tn\\\/fr\\\/actualite\\\/author\\\/webdotn\\\/\"}]}<\/script>\n<!-- \/ Yoast SEO Premium plugin. -->","yoast_head_json":{"title":"Taher Hmila: Des complots contre la r\u00e9volution et la Tro\u00efka","description":"Taher Hmila: Des complots contre la r\u00e9volution et la Tro\u00efka","canonical":"https:\/\/www.webdo.tn\/fr\/actualite\/national\/hmila-les-complots-et-les-mains-invisibles\/172369\/","og_locale":"fr_FR","og_type":"article","og_title":"Taher Hmila: \"Des complots contre la r\u00e9volution et la Tro\u00efka\"","og_description":"Taher Hmila: Des complots contre la r\u00e9volution et la Tro\u00efka","og_url":"https:\/\/www.webdo.tn\/fr\/actualite\/national\/hmila-les-complots-et-les-mains-invisibles\/172369\/","og_site_name":"webdo","article_publisher":"https:\/\/www.facebook.com\/webdotn","article_published_time":"2011-12-20T14:02:00+00:00","article_modified_time":"2025-06-04T19:02:58+00:00","og_image":[{"width":259,"height":238,"url":"https:\/\/www.webdo.tn\/fr\/wp-content\/uploads\/2011\/12\/Tahar-Hmila.jpg","type":"image\/jpeg"}],"author":"webdo.tn","twitter_card":"summary_large_image","twitter_creator":"@webdo_tn","twitter_site":"@webdo_tn","twitter_misc":{"\u00c9crit par":"webdo.tn","Dur\u00e9e de lecture estim\u00e9e":"1 minute"},"schema":{"@context":"https:\/\/schema.org","@graph":[{"@type":"NewsArticle","@id":"https:\/\/www.webdo.tn\/fr\/actualite\/national\/hmila-les-complots-et-les-mains-invisibles\/172369\/#article","isPartOf":{"@id":"https:\/\/www.webdo.tn\/fr\/actualite\/national\/hmila-les-complots-et-les-mains-invisibles\/172369\/"},"author":{"name":"webdo.tn","@id":"https:\/\/www.webdo.tn\/fr\/#\/schema\/person\/9a9c6118d687c117df8ef3cc36a4d175"},"headline":"Taher Hmila: \u00ab\u00a0Des complots contre la r\u00e9volution et la Tro\u00efka\u00a0\u00bb","datePublished":"2011-12-20T14:02:00+00:00","dateModified":"2025-06-04T19:02:58+00:00","mainEntityOfPage":{"@id":"https:\/\/www.webdo.tn\/fr\/actualite\/national\/hmila-les-complots-et-les-mains-invisibles\/172369\/"},"wordCount":241,"commentCount":0,"publisher":{"@id":"https:\/\/www.webdo.tn\/fr\/#organization"},"image":{"@id":"https:\/\/www.webdo.tn\/fr\/actualite\/national\/hmila-les-complots-et-les-mains-invisibles\/172369\/#primaryimage"},"thumbnailUrl":"https:\/\/www.webdo.tn\/fr\/wp-content\/uploads\/2011\/12\/Tahar-Hmila.jpg","articleSection":["National"],"inLanguage":"fr-FR"},{"@type":"WebPage","@id":"https:\/\/www.webdo.tn\/fr\/actualite\/national\/hmila-les-complots-et-les-mains-invisibles\/172369\/","url":"https:\/\/www.webdo.tn\/fr\/actualite\/national\/hmila-les-complots-et-les-mains-invisibles\/172369\/","name":"Taher Hmila: Des complots contre la r\u00e9volution et la Tro\u00efka","isPartOf":{"@id":"https:\/\/www.webdo.tn\/fr\/#website"},"primaryImageOfPage":{"@id":"https:\/\/www.webdo.tn\/fr\/actualite\/national\/hmila-les-complots-et-les-mains-invisibles\/172369\/#primaryimage"},"image":{"@id":"https:\/\/www.webdo.tn\/fr\/actualite\/national\/hmila-les-complots-et-les-mains-invisibles\/172369\/#primaryimage"},"thumbnailUrl":"https:\/\/www.webdo.tn\/fr\/wp-content\/uploads\/2011\/12\/Tahar-Hmila.jpg","datePublished":"2011-12-20T14:02:00+00:00","dateModified":"2025-06-04T19:02:58+00:00","description":"Taher Hmila: Des complots contre la r\u00e9volution et la Tro\u00efka","breadcrumb":{"@id":"https:\/\/www.webdo.tn\/fr\/actualite\/national\/hmila-les-complots-et-les-mains-invisibles\/172369\/#breadcrumb"},"inLanguage":"fr-FR","potentialAction":[{"@type":"ReadAction","target":["https:\/\/www.webdo.tn\/fr\/actualite\/national\/hmila-les-complots-et-les-mains-invisibles\/172369\/"]}]},{"@type":"ImageObject","inLanguage":"fr-FR","@id":"https:\/\/www.webdo.tn\/fr\/actualite\/national\/hmila-les-complots-et-les-mains-invisibles\/172369\/#primaryimage","url":"https:\/\/www.webdo.tn\/fr\/wp-content\/uploads\/2011\/12\/Tahar-Hmila.jpg","contentUrl":"https:\/\/www.webdo.tn\/fr\/wp-content\/uploads\/2011\/12\/Tahar-Hmila.jpg","width":259,"height":238,"caption":"Taher Hmila: \"Des complots contre la r\u00e9volution et la Tro\u00efka\""},{"@type":"BreadcrumbList","@id":"https:\/\/www.webdo.tn\/fr\/actualite\/national\/hmila-les-complots-et-les-mains-invisibles\/172369\/#breadcrumb","itemListElement":[{"@type":"ListItem","position":1,"name":"Accueil","item":"https:\/\/www.webdo.tn\/fr\/"},{"@type":"ListItem","position":2,"name":"Taher Hmila: \u00ab\u00a0Des complots contre la r\u00e9volution et la Tro\u00efka\u00a0\u00bb"}]},{"@type":"WebSite","@id":"https:\/\/www.webdo.tn\/fr\/#website","url":"https:\/\/www.webdo.tn\/fr\/","name":"webdo","description":"Tunisie - News en Tunisie et \u00e0 l&#039;international sur Webdo.tn","publisher":{"@id":"https:\/\/www.webdo.tn\/fr\/#organization"},"potentialAction":[{"@type":"SearchAction","target":{"@type":"EntryPoint","urlTemplate":"https:\/\/www.webdo.tn\/fr\/?s={search_term_string}"},"query-input":{"@type":"PropertyValueSpecification","valueRequired":true,"valueName":"search_term_string"}}],"inLanguage":"fr-FR"},{"@type":"Organization","@id":"https:\/\/www.webdo.tn\/fr\/#organization","name":"Webdo","alternateName":"Webdo.tn","url":"https:\/\/www.webdo.tn\/fr\/","logo":{"@type":"ImageObject","inLanguage":"fr-FR","@id":"https:\/\/www.webdo.tn\/fr\/#\/schema\/logo\/image\/","url":"https:\/\/www.webdo.tn\/fr\/wp-content\/uploads\/2025\/06\/Webdo-Tunisie_168377.jpg","contentUrl":"https:\/\/www.webdo.tn\/fr\/wp-content\/uploads\/2025\/06\/Webdo-Tunisie_168377.jpg","width":301,"height":301,"caption":"Webdo"},"image":{"@id":"https:\/\/www.webdo.tn\/fr\/#\/schema\/logo\/image\/"},"sameAs":["https:\/\/www.facebook.com\/webdotn","https:\/\/x.com\/webdo_tn"],"description":"Webdo est un m\u00e9dia num\u00e9rique tunisien fond\u00e9 en 2010, sp\u00e9cialis\u00e9 dans l\u2019actualit\u00e9 nationale et internationale, l\u2019\u00e9conomie, la soci\u00e9t\u00e9 et les analyses politiques. Le site s\u2019adresse \u00e0 un large public francophone et couvre l\u2019information tunisienne en temps r\u00e9el.","email":"redac@webdo.tn","legalName":"YNJ SARL","foundingDate":"2010-09-06","numberOfEmployees":{"@type":"QuantitativeValue","minValue":"11","maxValue":"50"}},{"@type":"Person","@id":"https:\/\/www.webdo.tn\/fr\/#\/schema\/person\/9a9c6118d687c117df8ef3cc36a4d175","name":"webdo.tn","image":{"@type":"ImageObject","inLanguage":"fr-FR","@id":"https:\/\/secure.gravatar.com\/avatar\/7ce1f28c0c3bbac99ff550b85ef8e44a6950c6ee24514fb6a5489e51d06f0298?s=96&d=mm&r=g","url":"https:\/\/secure.gravatar.com\/avatar\/7ce1f28c0c3bbac99ff550b85ef8e44a6950c6ee24514fb6a5489e51d06f0298?s=96&d=mm&r=g","contentUrl":"https:\/\/secure.gravatar.com\/avatar\/7ce1f28c0c3bbac99ff550b85ef8e44a6950c6ee24514fb6a5489e51d06f0298?s=96&d=mm&r=g","caption":"webdo.tn"},"url":"https:\/\/www.webdo.tn\/fr\/actualite\/author\/webdotn\/"}]}},"_links":{"self":[{"href":"https:\/\/www.webdo.tn\/fr\/wp-json\/wp\/v2\/posts\/172369","targetHints":{"allow":["GET"]}}],"collection":[{"href":"https:\/\/www.webdo.tn\/fr\/wp-json\/wp\/v2\/posts"}],"about":[{"href":"https:\/\/www.webdo.tn\/fr\/wp-json\/wp\/v2\/types\/post"}],"author":[{"embeddable":true,"href":"https:\/\/www.webdo.tn\/fr\/wp-json\/wp\/v2\/users\/3222"}],"replies":[{"embeddable":true,"href":"https:\/\/www.webdo.tn\/fr\/wp-json\/wp\/v2\/comments?post=172369"}],"version-history":[{"count":0,"href":"https:\/\/www.webdo.tn\/fr\/wp-json\/wp\/v2\/posts\/172369\/revisions"}],"wp:featuredmedia":[{"embeddable":true,"href":"https:\/\/www.webdo.tn\/fr\/wp-json\/wp\/v2\/media\/364980"}],"wp:attachment":[{"href":"https:\/\/www.webdo.tn\/fr\/wp-json\/wp\/v2\/media?parent=172369"}],"wp:term":[{"taxonomy":"category","embeddable":true,"href":"https:\/\/www.webdo.tn\/fr\/wp-json\/wp\/v2\/categories?post=172369"},{"taxonomy":"post_tag","embeddable":true,"href":"https:\/\/www.webdo.tn\/fr\/wp-json\/wp\/v2\/tags?post=172369"}],"curies":[{"name":"wp","href":"https:\/\/api.w.org\/{rel}","templated":true}]}}