{"id":172367,"date":"2011-12-21T10:03:00","date_gmt":"2011-12-21T10:03:00","guid":{"rendered":"https:\/\/www.webdo.tn\/fr\/blog\/des-tunisiens-en-france-manifestent-devant-un-etablissement-gere-par-un-proche-du-clan-trabelsi\/172367\/"},"modified":"2025-06-04T19:03:07","modified_gmt":"2025-06-04T19:03:07","slug":"des-tunisiens-en-france-manifestent-devant-un-etablissement-gere-par-un-proche-du-clan-trabelsi","status":"publish","type":"post","link":"https:\/\/www.webdo.tn\/fr\/actualite\/national\/des-tunisiens-en-france-manifestent-devant-un-etablissement-gere-par-un-proche-du-clan-trabelsi\/172367\/","title":{"rendered":"Des Tunisiens en France manifestent devant un \u00e9tablissement g\u00e9r\u00e9 par un proche du clan Trabelsi\u2026"},"content":{"rendered":"<p>Au moment o\u00f9 la composition du nouveau gouvernement se fait impatiemment attendre, sinon cruellement d\u00e9sirer, rel\u00e9guant ainsi au second plan d\u2019autres urgences, certains de nos compatriotes install\u00e9s outre-mer n\u2019ont de cesse d\u2019apporter leur soutien selon leurs moyens, contribuant de la sorte \u00e0 la recherche de la v\u00e9rit\u00e9. Celle bien entendu de la bande mafieuse des Ben Ali-Trabelsi et leurs caciques qui n\u2019ont pas manqu\u00e9 de pomper les richesses du pays et s\u2019emparer de son patrimoine et de ses tr\u00e9sors.<\/p>\n<p>C\u2019est dans cet ordre d\u2019id\u00e9e que bon nombre des membres du collectif des Tunisiens dans les Alpes-Maritimes, en France, ont organis\u00e9, selon nicematin.com, dimanche dernier (18 d\u00e9cembre) une manifestation les conduisant en face d\u2019un \u00e9tablissement, en l\u2019occurrence le restaurant-pizzeria \u00ab Le Toscana \u00bb. Cet \u00e9tablissement est g\u00e9r\u00e9 par un Tunisien qui \u00e9tait \u00e9troitement li\u00e9 au beau-fr\u00e8re du pr\u00e9sident d\u00e9chu, Belhassen Trabelsi, s\u2019agissant en fait du sieur Abdelhakim H\u2019mila, celui-ci \u00e9tant impliqu\u00e9 dans plusieurs affaires mettant en cause l\u2019a\u00een\u00e9 du clan Trabelsi. Notamment la fameuse affaire des Baies des Anges \u00e0 Sousse. Les manifestants n\u2019ont pas manqu\u00e9 de crier des slogans incitant \u00e0 \u00ab Rendre l\u2019argent du peuple tunisien \u00bb.<\/p>\n<p>Au mois d\u2019ao\u00fbt dernier, notre cons\u0153ur Dorra \u00e9voquait, sur ce site, une des affaires, celle qui a permis au tandem l\u2019achat illicite d\u2019un terrain baptis\u00e9 plus tard la \u00ab Baie des Anges \u00bb, apr\u00e8s avoir contract\u00e9 un pr\u00eat de la BH, terrain initialement class\u00e9 agricole, mais qui s\u2019est \u00ab mu\u00e9 \u00bb comme par enchantement en terrain constructible gr\u00e2ce \u00e0 l\u2019intervention du pr\u00e9sident d\u00e9chu\u2026<\/p>\n","protected":false},"excerpt":{"rendered":"<p>Des Tunisiens en France manifestent devant un \u00e9tablissement g\u00e9r\u00e9 par un proche du clan Trabelsi\u2026 <\/p>\n","protected":false},"author":3222,"featured_media":374577,"comment_status":"open","ping_status":"closed","sticky":false,"template":"","format":"standard","meta":{"footnotes":""},"categories":[44],"tags":[],"class_list":["post-172367","post","type-post","status-publish","format-standard","has-post-thumbnail","hentry","category-national"],"yoast_head":"<!-- This site is optimized with the Yoast SEO Premium plugin v27.5 (Yoast SEO v27.5) - https:\/\/yoast.com\/product\/yoast-seo-premium-wordpress\/ -->\n<title>Des Tunisiens en France manifestent devant un \u00e9tablissement g\u00e9r\u00e9 par un proche du clan Trabelsi\u2026<\/title>\n<meta name=\"description\" content=\"Des Tunisiens en France manifestent devant un \u00e9tablissement g\u00e9r\u00e9 par un proche du clan Trabelsi\u2026\" \/>\n<link rel=\"canonical\" href=\"https:\/\/www.webdo.tn\/fr\/actualite\/national\/des-tunisiens-en-france-manifestent-devant-un-etablissement-gere-par-un-proche-du-clan-trabelsi\/172367\/\" \/>\n<meta property=\"og:locale\" content=\"fr_FR\" \/>\n<meta property=\"og:type\" content=\"article\" \/>\n<meta property=\"og:title\" content=\"Des Tunisiens en France manifestent devant un \u00e9tablissement g\u00e9r\u00e9 par un proche du clan Trabelsi\u2026\" \/>\n<meta property=\"og:description\" content=\"Des Tunisiens en France manifestent devant un \u00e9tablissement g\u00e9r\u00e9 par un proche du clan Trabelsi\u2026\" \/>\n<meta property=\"og:url\" content=\"https:\/\/www.webdo.tn\/fr\/actualite\/national\/des-tunisiens-en-france-manifestent-devant-un-etablissement-gere-par-un-proche-du-clan-trabelsi\/172367\/\" \/>\n<meta property=\"og:site_name\" content=\"webdo\" \/>\n<meta property=\"article:publisher\" content=\"https:\/\/www.facebook.com\/webdotn\" \/>\n<meta property=\"article:published_time\" content=\"2011-12-21T10:03:00+00:00\" \/>\n<meta property=\"article:modified_time\" content=\"2025-06-04T19:03:07+00:00\" \/>\n<meta name=\"author\" content=\"webdo.tn\" \/>\n<meta name=\"twitter:card\" content=\"summary_large_image\" \/>\n<meta name=\"twitter:creator\" content=\"@webdo_tn\" \/>\n<meta name=\"twitter:site\" content=\"@webdo_tn\" \/>\n<meta name=\"twitter:label1\" content=\"\u00c9crit par\" \/>\n\t<meta name=\"twitter:data1\" content=\"webdo.tn\" \/>\n\t<meta name=\"twitter:label2\" content=\"Dur\u00e9e de lecture estim\u00e9e\" \/>\n\t<meta name=\"twitter:data2\" content=\"1 minute\" \/>\n<script type=\"application\/ld+json\" class=\"yoast-schema-graph\">{\"@context\":\"https:\\\/\\\/schema.org\",\"@graph\":[{\"@type\":\"NewsArticle\",\"@id\":\"https:\\\/\\\/www.webdo.tn\\\/fr\\\/actualite\\\/national\\\/des-tunisiens-en-france-manifestent-devant-un-etablissement-gere-par-un-proche-du-clan-trabelsi\\\/172367\\\/#article\",\"isPartOf\":{\"@id\":\"https:\\\/\\\/www.webdo.tn\\\/fr\\\/actualite\\\/national\\\/des-tunisiens-en-france-manifestent-devant-un-etablissement-gere-par-un-proche-du-clan-trabelsi\\\/172367\\\/\"},\"author\":{\"name\":\"webdo.tn\",\"@id\":\"https:\\\/\\\/www.webdo.tn\\\/fr\\\/#\\\/schema\\\/person\\\/9a9c6118d687c117df8ef3cc36a4d175\"},\"headline\":\"Des Tunisiens en France manifestent devant un \u00e9tablissement g\u00e9r\u00e9 par un proche du clan Trabelsi\u2026\",\"datePublished\":\"2011-12-21T10:03:00+00:00\",\"dateModified\":\"2025-06-04T19:03:07+00:00\",\"mainEntityOfPage\":{\"@id\":\"https:\\\/\\\/www.webdo.tn\\\/fr\\\/actualite\\\/national\\\/des-tunisiens-en-france-manifestent-devant-un-etablissement-gere-par-un-proche-du-clan-trabelsi\\\/172367\\\/\"},\"wordCount\":293,\"commentCount\":0,\"publisher\":{\"@id\":\"https:\\\/\\\/www.webdo.tn\\\/fr\\\/#organization\"},\"image\":{\"@id\":\"https:\\\/\\\/www.webdo.tn\\\/fr\\\/actualite\\\/national\\\/des-tunisiens-en-france-manifestent-devant-un-etablissement-gere-par-un-proche-du-clan-trabelsi\\\/172367\\\/#primaryimage\"},\"thumbnailUrl\":\"https:\\\/\\\/www.webdo.tn\\\/fr\\\/wp-content\\\/uploads\\\/2025\\\/06\\\/Des-Tunisiens-en-France-manifestent-devant-un-etablissement-photo-nicematin.com__172367.jpg\",\"articleSection\":[\"National\"],\"inLanguage\":\"fr-FR\"},{\"@type\":\"WebPage\",\"@id\":\"https:\\\/\\\/www.webdo.tn\\\/fr\\\/actualite\\\/national\\\/des-tunisiens-en-france-manifestent-devant-un-etablissement-gere-par-un-proche-du-clan-trabelsi\\\/172367\\\/\",\"url\":\"https:\\\/\\\/www.webdo.tn\\\/fr\\\/actualite\\\/national\\\/des-tunisiens-en-france-manifestent-devant-un-etablissement-gere-par-un-proche-du-clan-trabelsi\\\/172367\\\/\",\"name\":\"Des Tunisiens en France manifestent devant un \u00e9tablissement g\u00e9r\u00e9 par un proche du clan Trabelsi\u2026\",\"isPartOf\":{\"@id\":\"https:\\\/\\\/www.webdo.tn\\\/fr\\\/#website\"},\"primaryImageOfPage\":{\"@id\":\"https:\\\/\\\/www.webdo.tn\\\/fr\\\/actualite\\\/national\\\/des-tunisiens-en-france-manifestent-devant-un-etablissement-gere-par-un-proche-du-clan-trabelsi\\\/172367\\\/#primaryimage\"},\"image\":{\"@id\":\"https:\\\/\\\/www.webdo.tn\\\/fr\\\/actualite\\\/national\\\/des-tunisiens-en-france-manifestent-devant-un-etablissement-gere-par-un-proche-du-clan-trabelsi\\\/172367\\\/#primaryimage\"},\"thumbnailUrl\":\"https:\\\/\\\/www.webdo.tn\\\/fr\\\/wp-content\\\/uploads\\\/2025\\\/06\\\/Des-Tunisiens-en-France-manifestent-devant-un-etablissement-photo-nicematin.com__172367.jpg\",\"datePublished\":\"2011-12-21T10:03:00+00:00\",\"dateModified\":\"2025-06-04T19:03:07+00:00\",\"description\":\"Des Tunisiens en France manifestent devant un \u00e9tablissement g\u00e9r\u00e9 par un proche du clan Trabelsi\u2026\",\"breadcrumb\":{\"@id\":\"https:\\\/\\\/www.webdo.tn\\\/fr\\\/actualite\\\/national\\\/des-tunisiens-en-france-manifestent-devant-un-etablissement-gere-par-un-proche-du-clan-trabelsi\\\/172367\\\/#breadcrumb\"},\"inLanguage\":\"fr-FR\",\"potentialAction\":[{\"@type\":\"ReadAction\",\"target\":[\"https:\\\/\\\/www.webdo.tn\\\/fr\\\/actualite\\\/national\\\/des-tunisiens-en-france-manifestent-devant-un-etablissement-gere-par-un-proche-du-clan-trabelsi\\\/172367\\\/\"]}]},{\"@type\":\"ImageObject\",\"inLanguage\":\"fr-FR\",\"@id\":\"https:\\\/\\\/www.webdo.tn\\\/fr\\\/actualite\\\/national\\\/des-tunisiens-en-france-manifestent-devant-un-etablissement-gere-par-un-proche-du-clan-trabelsi\\\/172367\\\/#primaryimage\",\"url\":\"https:\\\/\\\/www.webdo.tn\\\/fr\\\/wp-content\\\/uploads\\\/2025\\\/06\\\/Des-Tunisiens-en-France-manifestent-devant-un-etablissement-photo-nicematin.com__172367.jpg\",\"contentUrl\":\"https:\\\/\\\/www.webdo.tn\\\/fr\\\/wp-content\\\/uploads\\\/2025\\\/06\\\/Des-Tunisiens-en-France-manifestent-devant-un-etablissement-photo-nicematin.com__172367.jpg\",\"width\":273,\"height\":200,\"caption\":\"Des Tunisiens en France manifestent devant un \u00e9tablissement g\u00e9r\u00e9 par un proche du clan Trabelsi\u2026\"},{\"@type\":\"BreadcrumbList\",\"@id\":\"https:\\\/\\\/www.webdo.tn\\\/fr\\\/actualite\\\/national\\\/des-tunisiens-en-france-manifestent-devant-un-etablissement-gere-par-un-proche-du-clan-trabelsi\\\/172367\\\/#breadcrumb\",\"itemListElement\":[{\"@type\":\"ListItem\",\"position\":1,\"name\":\"Accueil\",\"item\":\"https:\\\/\\\/www.webdo.tn\\\/fr\\\/\"},{\"@type\":\"ListItem\",\"position\":2,\"name\":\"Des Tunisiens en France manifestent devant un \u00e9tablissement g\u00e9r\u00e9 par un proche du clan Trabelsi\u2026\"}]},{\"@type\":\"WebSite\",\"@id\":\"https:\\\/\\\/www.webdo.tn\\\/fr\\\/#website\",\"url\":\"https:\\\/\\\/www.webdo.tn\\\/fr\\\/\",\"name\":\"webdo\",\"description\":\"Tunisie - News en Tunisie et \u00e0 l&#039;international sur Webdo.tn\",\"publisher\":{\"@id\":\"https:\\\/\\\/www.webdo.tn\\\/fr\\\/#organization\"},\"potentialAction\":[{\"@type\":\"SearchAction\",\"target\":{\"@type\":\"EntryPoint\",\"urlTemplate\":\"https:\\\/\\\/www.webdo.tn\\\/fr\\\/?s={search_term_string}\"},\"query-input\":{\"@type\":\"PropertyValueSpecification\",\"valueRequired\":true,\"valueName\":\"search_term_string\"}}],\"inLanguage\":\"fr-FR\"},{\"@type\":\"Organization\",\"@id\":\"https:\\\/\\\/www.webdo.tn\\\/fr\\\/#organization\",\"name\":\"Webdo\",\"alternateName\":\"Webdo.tn\",\"url\":\"https:\\\/\\\/www.webdo.tn\\\/fr\\\/\",\"logo\":{\"@type\":\"ImageObject\",\"inLanguage\":\"fr-FR\",\"@id\":\"https:\\\/\\\/www.webdo.tn\\\/fr\\\/#\\\/schema\\\/logo\\\/image\\\/\",\"url\":\"https:\\\/\\\/www.webdo.tn\\\/fr\\\/wp-content\\\/uploads\\\/2025\\\/06\\\/Webdo-Tunisie_168377.jpg\",\"contentUrl\":\"https:\\\/\\\/www.webdo.tn\\\/fr\\\/wp-content\\\/uploads\\\/2025\\\/06\\\/Webdo-Tunisie_168377.jpg\",\"width\":301,\"height\":301,\"caption\":\"Webdo\"},\"image\":{\"@id\":\"https:\\\/\\\/www.webdo.tn\\\/fr\\\/#\\\/schema\\\/logo\\\/image\\\/\"},\"sameAs\":[\"https:\\\/\\\/www.facebook.com\\\/webdotn\",\"https:\\\/\\\/x.com\\\/webdo_tn\"],\"description\":\"Webdo est un m\u00e9dia num\u00e9rique tunisien fond\u00e9 en 2010, sp\u00e9cialis\u00e9 dans l\u2019actualit\u00e9 nationale et internationale, l\u2019\u00e9conomie, la soci\u00e9t\u00e9 et les analyses politiques. Le site s\u2019adresse \u00e0 un large public francophone et couvre l\u2019information tunisienne en temps r\u00e9el.\",\"email\":\"redac@webdo.tn\",\"legalName\":\"YNJ SARL\",\"foundingDate\":\"2010-09-06\",\"numberOfEmployees\":{\"@type\":\"QuantitativeValue\",\"minValue\":\"11\",\"maxValue\":\"50\"}},{\"@type\":\"Person\",\"@id\":\"https:\\\/\\\/www.webdo.tn\\\/fr\\\/#\\\/schema\\\/person\\\/9a9c6118d687c117df8ef3cc36a4d175\",\"name\":\"webdo.tn\",\"image\":{\"@type\":\"ImageObject\",\"inLanguage\":\"fr-FR\",\"@id\":\"https:\\\/\\\/secure.gravatar.com\\\/avatar\\\/7ce1f28c0c3bbac99ff550b85ef8e44a6950c6ee24514fb6a5489e51d06f0298?s=96&d=mm&r=g\",\"url\":\"https:\\\/\\\/secure.gravatar.com\\\/avatar\\\/7ce1f28c0c3bbac99ff550b85ef8e44a6950c6ee24514fb6a5489e51d06f0298?s=96&d=mm&r=g\",\"contentUrl\":\"https:\\\/\\\/secure.gravatar.com\\\/avatar\\\/7ce1f28c0c3bbac99ff550b85ef8e44a6950c6ee24514fb6a5489e51d06f0298?s=96&d=mm&r=g\",\"caption\":\"webdo.tn\"},\"url\":\"https:\\\/\\\/www.webdo.tn\\\/fr\\\/actualite\\\/author\\\/webdotn\\\/\"}]}<\/script>\n<!-- \/ Yoast SEO Premium plugin. -->","yoast_head_json":{"title":"Des Tunisiens en France manifestent devant un \u00e9tablissement g\u00e9r\u00e9 par un proche du clan Trabelsi\u2026","description":"Des Tunisiens en France manifestent devant un \u00e9tablissement g\u00e9r\u00e9 par un proche du clan Trabelsi\u2026","canonical":"https:\/\/www.webdo.tn\/fr\/actualite\/national\/des-tunisiens-en-france-manifestent-devant-un-etablissement-gere-par-un-proche-du-clan-trabelsi\/172367\/","og_locale":"fr_FR","og_type":"article","og_title":"Des Tunisiens en France manifestent devant un \u00e9tablissement g\u00e9r\u00e9 par un proche du clan Trabelsi\u2026","og_description":"Des Tunisiens en France manifestent devant un \u00e9tablissement g\u00e9r\u00e9 par un proche du clan Trabelsi\u2026","og_url":"https:\/\/www.webdo.tn\/fr\/actualite\/national\/des-tunisiens-en-france-manifestent-devant-un-etablissement-gere-par-un-proche-du-clan-trabelsi\/172367\/","og_site_name":"webdo","article_publisher":"https:\/\/www.facebook.com\/webdotn","article_published_time":"2011-12-21T10:03:00+00:00","article_modified_time":"2025-06-04T19:03:07+00:00","author":"webdo.tn","twitter_card":"summary_large_image","twitter_creator":"@webdo_tn","twitter_site":"@webdo_tn","twitter_misc":{"\u00c9crit par":"webdo.tn","Dur\u00e9e de lecture estim\u00e9e":"1 minute"},"schema":{"@context":"https:\/\/schema.org","@graph":[{"@type":"NewsArticle","@id":"https:\/\/www.webdo.tn\/fr\/actualite\/national\/des-tunisiens-en-france-manifestent-devant-un-etablissement-gere-par-un-proche-du-clan-trabelsi\/172367\/#article","isPartOf":{"@id":"https:\/\/www.webdo.tn\/fr\/actualite\/national\/des-tunisiens-en-france-manifestent-devant-un-etablissement-gere-par-un-proche-du-clan-trabelsi\/172367\/"},"author":{"name":"webdo.tn","@id":"https:\/\/www.webdo.tn\/fr\/#\/schema\/person\/9a9c6118d687c117df8ef3cc36a4d175"},"headline":"Des Tunisiens en France manifestent devant un \u00e9tablissement g\u00e9r\u00e9 par un proche du clan Trabelsi\u2026","datePublished":"2011-12-21T10:03:00+00:00","dateModified":"2025-06-04T19:03:07+00:00","mainEntityOfPage":{"@id":"https:\/\/www.webdo.tn\/fr\/actualite\/national\/des-tunisiens-en-france-manifestent-devant-un-etablissement-gere-par-un-proche-du-clan-trabelsi\/172367\/"},"wordCount":293,"commentCount":0,"publisher":{"@id":"https:\/\/www.webdo.tn\/fr\/#organization"},"image":{"@id":"https:\/\/www.webdo.tn\/fr\/actualite\/national\/des-tunisiens-en-france-manifestent-devant-un-etablissement-gere-par-un-proche-du-clan-trabelsi\/172367\/#primaryimage"},"thumbnailUrl":"https:\/\/www.webdo.tn\/fr\/wp-content\/uploads\/2025\/06\/Des-Tunisiens-en-France-manifestent-devant-un-etablissement-photo-nicematin.com__172367.jpg","articleSection":["National"],"inLanguage":"fr-FR"},{"@type":"WebPage","@id":"https:\/\/www.webdo.tn\/fr\/actualite\/national\/des-tunisiens-en-france-manifestent-devant-un-etablissement-gere-par-un-proche-du-clan-trabelsi\/172367\/","url":"https:\/\/www.webdo.tn\/fr\/actualite\/national\/des-tunisiens-en-france-manifestent-devant-un-etablissement-gere-par-un-proche-du-clan-trabelsi\/172367\/","name":"Des Tunisiens en France manifestent devant un \u00e9tablissement g\u00e9r\u00e9 par un proche du clan Trabelsi\u2026","isPartOf":{"@id":"https:\/\/www.webdo.tn\/fr\/#website"},"primaryImageOfPage":{"@id":"https:\/\/www.webdo.tn\/fr\/actualite\/national\/des-tunisiens-en-france-manifestent-devant-un-etablissement-gere-par-un-proche-du-clan-trabelsi\/172367\/#primaryimage"},"image":{"@id":"https:\/\/www.webdo.tn\/fr\/actualite\/national\/des-tunisiens-en-france-manifestent-devant-un-etablissement-gere-par-un-proche-du-clan-trabelsi\/172367\/#primaryimage"},"thumbnailUrl":"https:\/\/www.webdo.tn\/fr\/wp-content\/uploads\/2025\/06\/Des-Tunisiens-en-France-manifestent-devant-un-etablissement-photo-nicematin.com__172367.jpg","datePublished":"2011-12-21T10:03:00+00:00","dateModified":"2025-06-04T19:03:07+00:00","description":"Des Tunisiens en France manifestent devant un \u00e9tablissement g\u00e9r\u00e9 par un proche du clan Trabelsi\u2026","breadcrumb":{"@id":"https:\/\/www.webdo.tn\/fr\/actualite\/national\/des-tunisiens-en-france-manifestent-devant-un-etablissement-gere-par-un-proche-du-clan-trabelsi\/172367\/#breadcrumb"},"inLanguage":"fr-FR","potentialAction":[{"@type":"ReadAction","target":["https:\/\/www.webdo.tn\/fr\/actualite\/national\/des-tunisiens-en-france-manifestent-devant-un-etablissement-gere-par-un-proche-du-clan-trabelsi\/172367\/"]}]},{"@type":"ImageObject","inLanguage":"fr-FR","@id":"https:\/\/www.webdo.tn\/fr\/actualite\/national\/des-tunisiens-en-france-manifestent-devant-un-etablissement-gere-par-un-proche-du-clan-trabelsi\/172367\/#primaryimage","url":"https:\/\/www.webdo.tn\/fr\/wp-content\/uploads\/2025\/06\/Des-Tunisiens-en-France-manifestent-devant-un-etablissement-photo-nicematin.com__172367.jpg","contentUrl":"https:\/\/www.webdo.tn\/fr\/wp-content\/uploads\/2025\/06\/Des-Tunisiens-en-France-manifestent-devant-un-etablissement-photo-nicematin.com__172367.jpg","width":273,"height":200,"caption":"Des Tunisiens en France manifestent devant un \u00e9tablissement g\u00e9r\u00e9 par un proche du clan Trabelsi\u2026"},{"@type":"BreadcrumbList","@id":"https:\/\/www.webdo.tn\/fr\/actualite\/national\/des-tunisiens-en-france-manifestent-devant-un-etablissement-gere-par-un-proche-du-clan-trabelsi\/172367\/#breadcrumb","itemListElement":[{"@type":"ListItem","position":1,"name":"Accueil","item":"https:\/\/www.webdo.tn\/fr\/"},{"@type":"ListItem","position":2,"name":"Des Tunisiens en France manifestent devant un \u00e9tablissement g\u00e9r\u00e9 par un proche du clan Trabelsi\u2026"}]},{"@type":"WebSite","@id":"https:\/\/www.webdo.tn\/fr\/#website","url":"https:\/\/www.webdo.tn\/fr\/","name":"webdo","description":"Tunisie - News en Tunisie et \u00e0 l&#039;international sur Webdo.tn","publisher":{"@id":"https:\/\/www.webdo.tn\/fr\/#organization"},"potentialAction":[{"@type":"SearchAction","target":{"@type":"EntryPoint","urlTemplate":"https:\/\/www.webdo.tn\/fr\/?s={search_term_string}"},"query-input":{"@type":"PropertyValueSpecification","valueRequired":true,"valueName":"search_term_string"}}],"inLanguage":"fr-FR"},{"@type":"Organization","@id":"https:\/\/www.webdo.tn\/fr\/#organization","name":"Webdo","alternateName":"Webdo.tn","url":"https:\/\/www.webdo.tn\/fr\/","logo":{"@type":"ImageObject","inLanguage":"fr-FR","@id":"https:\/\/www.webdo.tn\/fr\/#\/schema\/logo\/image\/","url":"https:\/\/www.webdo.tn\/fr\/wp-content\/uploads\/2025\/06\/Webdo-Tunisie_168377.jpg","contentUrl":"https:\/\/www.webdo.tn\/fr\/wp-content\/uploads\/2025\/06\/Webdo-Tunisie_168377.jpg","width":301,"height":301,"caption":"Webdo"},"image":{"@id":"https:\/\/www.webdo.tn\/fr\/#\/schema\/logo\/image\/"},"sameAs":["https:\/\/www.facebook.com\/webdotn","https:\/\/x.com\/webdo_tn"],"description":"Webdo est un m\u00e9dia num\u00e9rique tunisien fond\u00e9 en 2010, sp\u00e9cialis\u00e9 dans l\u2019actualit\u00e9 nationale et internationale, l\u2019\u00e9conomie, la soci\u00e9t\u00e9 et les analyses politiques. Le site s\u2019adresse \u00e0 un large public francophone et couvre l\u2019information tunisienne en temps r\u00e9el.","email":"redac@webdo.tn","legalName":"YNJ SARL","foundingDate":"2010-09-06","numberOfEmployees":{"@type":"QuantitativeValue","minValue":"11","maxValue":"50"}},{"@type":"Person","@id":"https:\/\/www.webdo.tn\/fr\/#\/schema\/person\/9a9c6118d687c117df8ef3cc36a4d175","name":"webdo.tn","image":{"@type":"ImageObject","inLanguage":"fr-FR","@id":"https:\/\/secure.gravatar.com\/avatar\/7ce1f28c0c3bbac99ff550b85ef8e44a6950c6ee24514fb6a5489e51d06f0298?s=96&d=mm&r=g","url":"https:\/\/secure.gravatar.com\/avatar\/7ce1f28c0c3bbac99ff550b85ef8e44a6950c6ee24514fb6a5489e51d06f0298?s=96&d=mm&r=g","contentUrl":"https:\/\/secure.gravatar.com\/avatar\/7ce1f28c0c3bbac99ff550b85ef8e44a6950c6ee24514fb6a5489e51d06f0298?s=96&d=mm&r=g","caption":"webdo.tn"},"url":"https:\/\/www.webdo.tn\/fr\/actualite\/author\/webdotn\/"}]}},"_links":{"self":[{"href":"https:\/\/www.webdo.tn\/fr\/wp-json\/wp\/v2\/posts\/172367","targetHints":{"allow":["GET"]}}],"collection":[{"href":"https:\/\/www.webdo.tn\/fr\/wp-json\/wp\/v2\/posts"}],"about":[{"href":"https:\/\/www.webdo.tn\/fr\/wp-json\/wp\/v2\/types\/post"}],"author":[{"embeddable":true,"href":"https:\/\/www.webdo.tn\/fr\/wp-json\/wp\/v2\/users\/3222"}],"replies":[{"embeddable":true,"href":"https:\/\/www.webdo.tn\/fr\/wp-json\/wp\/v2\/comments?post=172367"}],"version-history":[{"count":0,"href":"https:\/\/www.webdo.tn\/fr\/wp-json\/wp\/v2\/posts\/172367\/revisions"}],"wp:featuredmedia":[{"embeddable":true,"href":"https:\/\/www.webdo.tn\/fr\/wp-json\/wp\/v2\/media\/374577"}],"wp:attachment":[{"href":"https:\/\/www.webdo.tn\/fr\/wp-json\/wp\/v2\/media?parent=172367"}],"wp:term":[{"taxonomy":"category","embeddable":true,"href":"https:\/\/www.webdo.tn\/fr\/wp-json\/wp\/v2\/categories?post=172367"},{"taxonomy":"post_tag","embeddable":true,"href":"https:\/\/www.webdo.tn\/fr\/wp-json\/wp\/v2\/tags?post=172367"}],"curies":[{"name":"wp","href":"https:\/\/api.w.org\/{rel}","templated":true}]}}