{"id":172366,"date":"2011-12-21T11:33:00","date_gmt":"2011-12-21T11:33:00","guid":{"rendered":"https:\/\/www.webdo.tn\/fr\/blog\/canada-belhassen-na-pas-declare-ses-biens-et-son-avocat-perquisitionne\/172366\/"},"modified":"2025-06-04T19:03:03","modified_gmt":"2025-06-04T19:03:03","slug":"canada-belhassen-na-pas-declare-ses-biens-et-son-avocat-perquisitionne","status":"publish","type":"post","link":"https:\/\/www.webdo.tn\/fr\/actualite\/national\/canada-belhassen-na-pas-declare-ses-biens-et-son-avocat-perquisitionne\/172366\/","title":{"rendered":"Canada : Belhassen n\u2019a pas d\u00e9clar\u00e9 ses biens et son avocat perquisitionn\u00e9"},"content":{"rendered":"<p>R\u00e9fugi\u00e9 au Canada depuis le 20 janvier 2011 apr\u00e8s sa fuite de Tunisie, Belhassen Trabelsi fait l&rsquo;objet d&rsquo;un mandat d&rsquo;arr\u00eat international, adress\u00e9 par les autorit\u00e9s tunisiennes. Malgr\u00e9 sa condamnation \u00e0 15 ans de prison par contumace par le tribunal de Tunis, le 28 septembre dernier, et les diverses demandes d&rsquo;entraide judiciaires lanc\u00e9es par la Tunisie, son extradition tarde \u00e0 se faire dans la mesure o\u00f9 Ottawa fait toujours la sourde oreille.<\/p>\n<p>Certains bruits font \u00e9tat de plusieurs investissements faits par Belhassen au Canada, et ce, gr\u00e2ce \u00e0 une fortune estim\u00e9e entre 7 et 10 milliards de dollars canadiens, vol\u00e9e au peuple tunisien durant les 23 ans de r\u00e8gne de Ben Ali.<br \/>\nLes choses devraient pourtant \u00e9voluer apr\u00e8s que des enqu\u00eateurs de la Gendarmerie royale du Canada (GRC) aient perquisitionn\u00e9 les bureaux de l&rsquo;avocat Donald Kattan, suspect\u00e9 de g\u00e9rer les affaires du fr\u00e8re de la R\u00e9gente de Carthage. C&rsquo;est ce que vient de r\u00e9v\u00e9ler cyberpress.ca.<\/p>\n<p>Selon ce site, la GRC a conclu que \u00abMe Kattan agissait \u00e0 titre d&rsquo;interm\u00e9diaire pour les transferts et la conservation des fonds et des biens de Trabelsi au Canada. Or, l&rsquo;avocat a volontairement omis de communiquer cette information \u00e0 la GRC, comme l&rsquo;exige la nouvelle loi\u00bb. De son c\u00f4t\u00e9, Belhassen Trabelsi n\u2019a eu de cesse de demander, le 30 novembre, aux enqu\u00eateurs de la GRC, \u00abcomment il allait vivre s&rsquo;il d\u00e9clare ses biens\u00bb, comme indiqu\u00e9 dans le mandat de perquisition. Belhassen savait tr\u00e8s bien que s\u2019il d\u00e9clarait sa fortune, celle-ci allait \u00eatre directement rendue au nouveau gouvernement tunisien.<\/p>\n<p>Rappelons que depuis son arriv\u00e9e au Canada avec sa famille, Belhassen Trabelsi continue \u00e0 vivre comme s\u2019il \u00e9tait encore le parrain du clan Ben Ali-Trabelsi. Toujours d\u2019apr\u00e8s cyberpress.ca, \u00e0 l\u2019arriv\u00e9e de Trabelsi, sa femme et ses quatre enfants \u00e0 Montr\u00e9al, ils ont \u00e9t\u00e9 h\u00e9berg\u00e9s dans un h\u00f4tel pendant une semaine. Ils ont quitt\u00e9 l\u2019endroit sans\u2026 payer les 620,87 dollars canadiens pour les chambres et les 7267,08 dollars canadiens pour les frais de s\u00e9curit\u00e9.<\/p>\n<p>C\u2019est le 24 janvier que le bureau d\u2019avocats P\u00e9loquin Kattan a re\u00e7u un virement de 1 389 118$US, pour Belhassen Trabelsi, de la Banque Libano-Fran\u00e7aise et le d\u00e9p\u00f4t faisait mention de l&rsquo;acquisition d&rsquo;une propri\u00e9t\u00e9 au Canada, permettant de payer les frais engendr\u00e9s par la famille Belhassen Trabelsi.<\/p>\n","protected":false},"excerpt":{"rendered":"<p>Canada : Belhassen n\u2019a pas d\u00e9clar\u00e9 ses biens et son avocat perquisitionn\u00e9<\/p>\n","protected":false},"author":3222,"featured_media":333861,"comment_status":"open","ping_status":"closed","sticky":false,"template":"","format":"standard","meta":{"footnotes":""},"categories":[44],"tags":[],"class_list":["post-172366","post","type-post","status-publish","format-standard","has-post-thumbnail","hentry","category-national"],"yoast_head":"<!-- This site is optimized with the Yoast SEO Premium plugin v27.5 (Yoast SEO v27.5) - https:\/\/yoast.com\/product\/yoast-seo-premium-wordpress\/ -->\n<title>Canada : Belhassen n\u2019a pas d\u00e9clar\u00e9 ses biens et son avocat perquisitionn\u00e9<\/title>\n<meta name=\"description\" content=\"Canada : Belhassen n\u2019a pas d\u00e9clar\u00e9 ses biens et son avocat perquisitionn\u00e9\" \/>\n<link rel=\"canonical\" href=\"https:\/\/www.webdo.tn\/fr\/actualite\/blog\/canada-belhassen-na-pas-declare-ses-biens-et-son-avocat-perquisitionne\/172366\/\" \/>\n<meta property=\"og:locale\" content=\"fr_FR\" \/>\n<meta property=\"og:type\" content=\"article\" \/>\n<meta property=\"og:title\" content=\"Canada : Belhassen n\u2019a pas d\u00e9clar\u00e9 ses biens et son avocat perquisitionn\u00e9\" \/>\n<meta property=\"og:description\" content=\"Canada : Belhassen n\u2019a pas d\u00e9clar\u00e9 ses biens et son avocat perquisitionn\u00e9\" \/>\n<meta property=\"og:url\" content=\"https:\/\/www.webdo.tn\/fr\/actualite\/blog\/canada-belhassen-na-pas-declare-ses-biens-et-son-avocat-perquisitionne\/172366\/\" \/>\n<meta property=\"og:site_name\" content=\"webdo\" \/>\n<meta property=\"article:publisher\" content=\"https:\/\/www.facebook.com\/webdotn\" \/>\n<meta property=\"article:published_time\" content=\"2011-12-21T11:33:00+00:00\" \/>\n<meta property=\"article:modified_time\" content=\"2025-06-04T19:03:03+00:00\" \/>\n<meta property=\"og:image\" content=\"https:\/\/www.webdo.tn\/fr\/wp-content\/uploads\/2011\/12\/belhassen-150x150-1.jpg\" \/>\n\t<meta property=\"og:image:width\" content=\"150\" \/>\n\t<meta property=\"og:image:height\" content=\"150\" \/>\n\t<meta property=\"og:image:type\" content=\"image\/jpeg\" \/>\n<meta name=\"author\" content=\"webdo.tn\" \/>\n<meta name=\"twitter:card\" content=\"summary_large_image\" \/>\n<meta name=\"twitter:creator\" content=\"@webdo_tn\" \/>\n<meta name=\"twitter:site\" content=\"@webdo_tn\" \/>\n<meta name=\"twitter:label1\" content=\"\u00c9crit par\" \/>\n\t<meta name=\"twitter:data1\" content=\"webdo.tn\" \/>\n\t<meta name=\"twitter:label2\" content=\"Dur\u00e9e de lecture estim\u00e9e\" \/>\n\t<meta name=\"twitter:data2\" content=\"2 minutes\" \/>\n<script type=\"application\/ld+json\" class=\"yoast-schema-graph\">{\"@context\":\"https:\\\/\\\/schema.org\",\"@graph\":[{\"@type\":\"NewsArticle\",\"@id\":\"https:\\\/\\\/www.webdo.tn\\\/fr\\\/actualite\\\/blog\\\/canada-belhassen-na-pas-declare-ses-biens-et-son-avocat-perquisitionne\\\/172366\\\/#article\",\"isPartOf\":{\"@id\":\"https:\\\/\\\/www.webdo.tn\\\/fr\\\/actualite\\\/blog\\\/canada-belhassen-na-pas-declare-ses-biens-et-son-avocat-perquisitionne\\\/172366\\\/\"},\"author\":{\"name\":\"webdo.tn\",\"@id\":\"https:\\\/\\\/www.webdo.tn\\\/fr\\\/#\\\/schema\\\/person\\\/9a9c6118d687c117df8ef3cc36a4d175\"},\"headline\":\"Canada : Belhassen n\u2019a pas d\u00e9clar\u00e9 ses biens et son avocat perquisitionn\u00e9\",\"datePublished\":\"2011-12-21T11:33:00+00:00\",\"dateModified\":\"2025-06-04T19:03:03+00:00\",\"mainEntityOfPage\":{\"@id\":\"https:\\\/\\\/www.webdo.tn\\\/fr\\\/actualite\\\/blog\\\/canada-belhassen-na-pas-declare-ses-biens-et-son-avocat-perquisitionne\\\/172366\\\/\"},\"wordCount\":423,\"commentCount\":0,\"publisher\":{\"@id\":\"https:\\\/\\\/www.webdo.tn\\\/fr\\\/#organization\"},\"image\":{\"@id\":\"https:\\\/\\\/www.webdo.tn\\\/fr\\\/actualite\\\/blog\\\/canada-belhassen-na-pas-declare-ses-biens-et-son-avocat-perquisitionne\\\/172366\\\/#primaryimage\"},\"thumbnailUrl\":\"https:\\\/\\\/www.webdo.tn\\\/fr\\\/wp-content\\\/uploads\\\/2011\\\/12\\\/belhassen-150x150-1.jpg\",\"articleSection\":[\"National\"],\"inLanguage\":\"fr-FR\"},{\"@type\":\"WebPage\",\"@id\":\"https:\\\/\\\/www.webdo.tn\\\/fr\\\/actualite\\\/blog\\\/canada-belhassen-na-pas-declare-ses-biens-et-son-avocat-perquisitionne\\\/172366\\\/\",\"url\":\"https:\\\/\\\/www.webdo.tn\\\/fr\\\/actualite\\\/blog\\\/canada-belhassen-na-pas-declare-ses-biens-et-son-avocat-perquisitionne\\\/172366\\\/\",\"name\":\"Canada : Belhassen n\u2019a pas d\u00e9clar\u00e9 ses biens et son avocat perquisitionn\u00e9\",\"isPartOf\":{\"@id\":\"https:\\\/\\\/www.webdo.tn\\\/fr\\\/#website\"},\"primaryImageOfPage\":{\"@id\":\"https:\\\/\\\/www.webdo.tn\\\/fr\\\/actualite\\\/blog\\\/canada-belhassen-na-pas-declare-ses-biens-et-son-avocat-perquisitionne\\\/172366\\\/#primaryimage\"},\"image\":{\"@id\":\"https:\\\/\\\/www.webdo.tn\\\/fr\\\/actualite\\\/blog\\\/canada-belhassen-na-pas-declare-ses-biens-et-son-avocat-perquisitionne\\\/172366\\\/#primaryimage\"},\"thumbnailUrl\":\"https:\\\/\\\/www.webdo.tn\\\/fr\\\/wp-content\\\/uploads\\\/2011\\\/12\\\/belhassen-150x150-1.jpg\",\"datePublished\":\"2011-12-21T11:33:00+00:00\",\"dateModified\":\"2025-06-04T19:03:03+00:00\",\"description\":\"Canada : Belhassen n\u2019a pas d\u00e9clar\u00e9 ses biens et son avocat perquisitionn\u00e9\",\"breadcrumb\":{\"@id\":\"https:\\\/\\\/www.webdo.tn\\\/fr\\\/actualite\\\/blog\\\/canada-belhassen-na-pas-declare-ses-biens-et-son-avocat-perquisitionne\\\/172366\\\/#breadcrumb\"},\"inLanguage\":\"fr-FR\",\"potentialAction\":[{\"@type\":\"ReadAction\",\"target\":[\"https:\\\/\\\/www.webdo.tn\\\/fr\\\/actualite\\\/blog\\\/canada-belhassen-na-pas-declare-ses-biens-et-son-avocat-perquisitionne\\\/172366\\\/\"]}]},{\"@type\":\"ImageObject\",\"inLanguage\":\"fr-FR\",\"@id\":\"https:\\\/\\\/www.webdo.tn\\\/fr\\\/actualite\\\/blog\\\/canada-belhassen-na-pas-declare-ses-biens-et-son-avocat-perquisitionne\\\/172366\\\/#primaryimage\",\"url\":\"https:\\\/\\\/www.webdo.tn\\\/fr\\\/wp-content\\\/uploads\\\/2011\\\/12\\\/belhassen-150x150-1.jpg\",\"contentUrl\":\"https:\\\/\\\/www.webdo.tn\\\/fr\\\/wp-content\\\/uploads\\\/2011\\\/12\\\/belhassen-150x150-1.jpg\",\"width\":150,\"height\":150,\"caption\":\"Canada : Belhassen n\u2019a pas d\u00e9clar\u00e9 ses biens et son avocat perquisitionn\u00e9\"},{\"@type\":\"BreadcrumbList\",\"@id\":\"https:\\\/\\\/www.webdo.tn\\\/fr\\\/actualite\\\/blog\\\/canada-belhassen-na-pas-declare-ses-biens-et-son-avocat-perquisitionne\\\/172366\\\/#breadcrumb\",\"itemListElement\":[{\"@type\":\"ListItem\",\"position\":1,\"name\":\"Accueil\",\"item\":\"https:\\\/\\\/www.webdo.tn\\\/fr\\\/\"},{\"@type\":\"ListItem\",\"position\":2,\"name\":\"Canada : Belhassen n\u2019a pas d\u00e9clar\u00e9 ses biens et son avocat perquisitionn\u00e9\"}]},{\"@type\":\"WebSite\",\"@id\":\"https:\\\/\\\/www.webdo.tn\\\/fr\\\/#website\",\"url\":\"https:\\\/\\\/www.webdo.tn\\\/fr\\\/\",\"name\":\"webdo\",\"description\":\"Tunisie - News en Tunisie et \u00e0 l&#039;international sur Webdo.tn\",\"publisher\":{\"@id\":\"https:\\\/\\\/www.webdo.tn\\\/fr\\\/#organization\"},\"potentialAction\":[{\"@type\":\"SearchAction\",\"target\":{\"@type\":\"EntryPoint\",\"urlTemplate\":\"https:\\\/\\\/www.webdo.tn\\\/fr\\\/?s={search_term_string}\"},\"query-input\":{\"@type\":\"PropertyValueSpecification\",\"valueRequired\":true,\"valueName\":\"search_term_string\"}}],\"inLanguage\":\"fr-FR\"},{\"@type\":\"Organization\",\"@id\":\"https:\\\/\\\/www.webdo.tn\\\/fr\\\/#organization\",\"name\":\"Webdo\",\"alternateName\":\"Webdo.tn\",\"url\":\"https:\\\/\\\/www.webdo.tn\\\/fr\\\/\",\"logo\":{\"@type\":\"ImageObject\",\"inLanguage\":\"fr-FR\",\"@id\":\"https:\\\/\\\/www.webdo.tn\\\/fr\\\/#\\\/schema\\\/logo\\\/image\\\/\",\"url\":\"https:\\\/\\\/www.webdo.tn\\\/fr\\\/wp-content\\\/uploads\\\/2025\\\/06\\\/Webdo-Tunisie_168377.jpg\",\"contentUrl\":\"https:\\\/\\\/www.webdo.tn\\\/fr\\\/wp-content\\\/uploads\\\/2025\\\/06\\\/Webdo-Tunisie_168377.jpg\",\"width\":301,\"height\":301,\"caption\":\"Webdo\"},\"image\":{\"@id\":\"https:\\\/\\\/www.webdo.tn\\\/fr\\\/#\\\/schema\\\/logo\\\/image\\\/\"},\"sameAs\":[\"https:\\\/\\\/www.facebook.com\\\/webdotn\",\"https:\\\/\\\/x.com\\\/webdo_tn\"],\"description\":\"Webdo est un m\u00e9dia num\u00e9rique tunisien fond\u00e9 en 2010, sp\u00e9cialis\u00e9 dans l\u2019actualit\u00e9 nationale et internationale, l\u2019\u00e9conomie, la soci\u00e9t\u00e9 et les analyses politiques. Le site s\u2019adresse \u00e0 un large public francophone et couvre l\u2019information tunisienne en temps r\u00e9el.\",\"email\":\"redac@webdo.tn\",\"legalName\":\"YNJ SARL\",\"foundingDate\":\"2010-09-06\",\"numberOfEmployees\":{\"@type\":\"QuantitativeValue\",\"minValue\":\"11\",\"maxValue\":\"50\"}},{\"@type\":\"Person\",\"@id\":\"https:\\\/\\\/www.webdo.tn\\\/fr\\\/#\\\/schema\\\/person\\\/9a9c6118d687c117df8ef3cc36a4d175\",\"name\":\"webdo.tn\",\"image\":{\"@type\":\"ImageObject\",\"inLanguage\":\"fr-FR\",\"@id\":\"https:\\\/\\\/secure.gravatar.com\\\/avatar\\\/7ce1f28c0c3bbac99ff550b85ef8e44a6950c6ee24514fb6a5489e51d06f0298?s=96&d=mm&r=g\",\"url\":\"https:\\\/\\\/secure.gravatar.com\\\/avatar\\\/7ce1f28c0c3bbac99ff550b85ef8e44a6950c6ee24514fb6a5489e51d06f0298?s=96&d=mm&r=g\",\"contentUrl\":\"https:\\\/\\\/secure.gravatar.com\\\/avatar\\\/7ce1f28c0c3bbac99ff550b85ef8e44a6950c6ee24514fb6a5489e51d06f0298?s=96&d=mm&r=g\",\"caption\":\"webdo.tn\"},\"url\":\"https:\\\/\\\/www.webdo.tn\\\/fr\\\/actualite\\\/author\\\/webdotn\\\/\"}]}<\/script>\n<!-- \/ Yoast SEO Premium plugin. -->","yoast_head_json":{"title":"Canada : Belhassen n\u2019a pas d\u00e9clar\u00e9 ses biens et son avocat perquisitionn\u00e9","description":"Canada : Belhassen n\u2019a pas d\u00e9clar\u00e9 ses biens et son avocat perquisitionn\u00e9","canonical":"https:\/\/www.webdo.tn\/fr\/actualite\/blog\/canada-belhassen-na-pas-declare-ses-biens-et-son-avocat-perquisitionne\/172366\/","og_locale":"fr_FR","og_type":"article","og_title":"Canada : Belhassen n\u2019a pas d\u00e9clar\u00e9 ses biens et son avocat perquisitionn\u00e9","og_description":"Canada : Belhassen n\u2019a pas d\u00e9clar\u00e9 ses biens et son avocat perquisitionn\u00e9","og_url":"https:\/\/www.webdo.tn\/fr\/actualite\/blog\/canada-belhassen-na-pas-declare-ses-biens-et-son-avocat-perquisitionne\/172366\/","og_site_name":"webdo","article_publisher":"https:\/\/www.facebook.com\/webdotn","article_published_time":"2011-12-21T11:33:00+00:00","article_modified_time":"2025-06-04T19:03:03+00:00","og_image":[{"width":150,"height":150,"url":"https:\/\/www.webdo.tn\/fr\/wp-content\/uploads\/2011\/12\/belhassen-150x150-1.jpg","type":"image\/jpeg"}],"author":"webdo.tn","twitter_card":"summary_large_image","twitter_creator":"@webdo_tn","twitter_site":"@webdo_tn","twitter_misc":{"\u00c9crit par":"webdo.tn","Dur\u00e9e de lecture estim\u00e9e":"2 minutes"},"schema":{"@context":"https:\/\/schema.org","@graph":[{"@type":"NewsArticle","@id":"https:\/\/www.webdo.tn\/fr\/actualite\/blog\/canada-belhassen-na-pas-declare-ses-biens-et-son-avocat-perquisitionne\/172366\/#article","isPartOf":{"@id":"https:\/\/www.webdo.tn\/fr\/actualite\/blog\/canada-belhassen-na-pas-declare-ses-biens-et-son-avocat-perquisitionne\/172366\/"},"author":{"name":"webdo.tn","@id":"https:\/\/www.webdo.tn\/fr\/#\/schema\/person\/9a9c6118d687c117df8ef3cc36a4d175"},"headline":"Canada : Belhassen n\u2019a pas d\u00e9clar\u00e9 ses biens et son avocat perquisitionn\u00e9","datePublished":"2011-12-21T11:33:00+00:00","dateModified":"2025-06-04T19:03:03+00:00","mainEntityOfPage":{"@id":"https:\/\/www.webdo.tn\/fr\/actualite\/blog\/canada-belhassen-na-pas-declare-ses-biens-et-son-avocat-perquisitionne\/172366\/"},"wordCount":423,"commentCount":0,"publisher":{"@id":"https:\/\/www.webdo.tn\/fr\/#organization"},"image":{"@id":"https:\/\/www.webdo.tn\/fr\/actualite\/blog\/canada-belhassen-na-pas-declare-ses-biens-et-son-avocat-perquisitionne\/172366\/#primaryimage"},"thumbnailUrl":"https:\/\/www.webdo.tn\/fr\/wp-content\/uploads\/2011\/12\/belhassen-150x150-1.jpg","articleSection":["National"],"inLanguage":"fr-FR"},{"@type":"WebPage","@id":"https:\/\/www.webdo.tn\/fr\/actualite\/blog\/canada-belhassen-na-pas-declare-ses-biens-et-son-avocat-perquisitionne\/172366\/","url":"https:\/\/www.webdo.tn\/fr\/actualite\/blog\/canada-belhassen-na-pas-declare-ses-biens-et-son-avocat-perquisitionne\/172366\/","name":"Canada : Belhassen n\u2019a pas d\u00e9clar\u00e9 ses biens et son avocat perquisitionn\u00e9","isPartOf":{"@id":"https:\/\/www.webdo.tn\/fr\/#website"},"primaryImageOfPage":{"@id":"https:\/\/www.webdo.tn\/fr\/actualite\/blog\/canada-belhassen-na-pas-declare-ses-biens-et-son-avocat-perquisitionne\/172366\/#primaryimage"},"image":{"@id":"https:\/\/www.webdo.tn\/fr\/actualite\/blog\/canada-belhassen-na-pas-declare-ses-biens-et-son-avocat-perquisitionne\/172366\/#primaryimage"},"thumbnailUrl":"https:\/\/www.webdo.tn\/fr\/wp-content\/uploads\/2011\/12\/belhassen-150x150-1.jpg","datePublished":"2011-12-21T11:33:00+00:00","dateModified":"2025-06-04T19:03:03+00:00","description":"Canada : Belhassen n\u2019a pas d\u00e9clar\u00e9 ses biens et son avocat perquisitionn\u00e9","breadcrumb":{"@id":"https:\/\/www.webdo.tn\/fr\/actualite\/blog\/canada-belhassen-na-pas-declare-ses-biens-et-son-avocat-perquisitionne\/172366\/#breadcrumb"},"inLanguage":"fr-FR","potentialAction":[{"@type":"ReadAction","target":["https:\/\/www.webdo.tn\/fr\/actualite\/blog\/canada-belhassen-na-pas-declare-ses-biens-et-son-avocat-perquisitionne\/172366\/"]}]},{"@type":"ImageObject","inLanguage":"fr-FR","@id":"https:\/\/www.webdo.tn\/fr\/actualite\/blog\/canada-belhassen-na-pas-declare-ses-biens-et-son-avocat-perquisitionne\/172366\/#primaryimage","url":"https:\/\/www.webdo.tn\/fr\/wp-content\/uploads\/2011\/12\/belhassen-150x150-1.jpg","contentUrl":"https:\/\/www.webdo.tn\/fr\/wp-content\/uploads\/2011\/12\/belhassen-150x150-1.jpg","width":150,"height":150,"caption":"Canada : Belhassen n\u2019a pas d\u00e9clar\u00e9 ses biens et son avocat perquisitionn\u00e9"},{"@type":"BreadcrumbList","@id":"https:\/\/www.webdo.tn\/fr\/actualite\/blog\/canada-belhassen-na-pas-declare-ses-biens-et-son-avocat-perquisitionne\/172366\/#breadcrumb","itemListElement":[{"@type":"ListItem","position":1,"name":"Accueil","item":"https:\/\/www.webdo.tn\/fr\/"},{"@type":"ListItem","position":2,"name":"Canada : Belhassen n\u2019a pas d\u00e9clar\u00e9 ses biens et son avocat perquisitionn\u00e9"}]},{"@type":"WebSite","@id":"https:\/\/www.webdo.tn\/fr\/#website","url":"https:\/\/www.webdo.tn\/fr\/","name":"webdo","description":"Tunisie - News en Tunisie et \u00e0 l&#039;international sur Webdo.tn","publisher":{"@id":"https:\/\/www.webdo.tn\/fr\/#organization"},"potentialAction":[{"@type":"SearchAction","target":{"@type":"EntryPoint","urlTemplate":"https:\/\/www.webdo.tn\/fr\/?s={search_term_string}"},"query-input":{"@type":"PropertyValueSpecification","valueRequired":true,"valueName":"search_term_string"}}],"inLanguage":"fr-FR"},{"@type":"Organization","@id":"https:\/\/www.webdo.tn\/fr\/#organization","name":"Webdo","alternateName":"Webdo.tn","url":"https:\/\/www.webdo.tn\/fr\/","logo":{"@type":"ImageObject","inLanguage":"fr-FR","@id":"https:\/\/www.webdo.tn\/fr\/#\/schema\/logo\/image\/","url":"https:\/\/www.webdo.tn\/fr\/wp-content\/uploads\/2025\/06\/Webdo-Tunisie_168377.jpg","contentUrl":"https:\/\/www.webdo.tn\/fr\/wp-content\/uploads\/2025\/06\/Webdo-Tunisie_168377.jpg","width":301,"height":301,"caption":"Webdo"},"image":{"@id":"https:\/\/www.webdo.tn\/fr\/#\/schema\/logo\/image\/"},"sameAs":["https:\/\/www.facebook.com\/webdotn","https:\/\/x.com\/webdo_tn"],"description":"Webdo est un m\u00e9dia num\u00e9rique tunisien fond\u00e9 en 2010, sp\u00e9cialis\u00e9 dans l\u2019actualit\u00e9 nationale et internationale, l\u2019\u00e9conomie, la soci\u00e9t\u00e9 et les analyses politiques. Le site s\u2019adresse \u00e0 un large public francophone et couvre l\u2019information tunisienne en temps r\u00e9el.","email":"redac@webdo.tn","legalName":"YNJ SARL","foundingDate":"2010-09-06","numberOfEmployees":{"@type":"QuantitativeValue","minValue":"11","maxValue":"50"}},{"@type":"Person","@id":"https:\/\/www.webdo.tn\/fr\/#\/schema\/person\/9a9c6118d687c117df8ef3cc36a4d175","name":"webdo.tn","image":{"@type":"ImageObject","inLanguage":"fr-FR","@id":"https:\/\/secure.gravatar.com\/avatar\/7ce1f28c0c3bbac99ff550b85ef8e44a6950c6ee24514fb6a5489e51d06f0298?s=96&d=mm&r=g","url":"https:\/\/secure.gravatar.com\/avatar\/7ce1f28c0c3bbac99ff550b85ef8e44a6950c6ee24514fb6a5489e51d06f0298?s=96&d=mm&r=g","contentUrl":"https:\/\/secure.gravatar.com\/avatar\/7ce1f28c0c3bbac99ff550b85ef8e44a6950c6ee24514fb6a5489e51d06f0298?s=96&d=mm&r=g","caption":"webdo.tn"},"url":"https:\/\/www.webdo.tn\/fr\/actualite\/author\/webdotn\/"}]}},"_links":{"self":[{"href":"https:\/\/www.webdo.tn\/fr\/wp-json\/wp\/v2\/posts\/172366","targetHints":{"allow":["GET"]}}],"collection":[{"href":"https:\/\/www.webdo.tn\/fr\/wp-json\/wp\/v2\/posts"}],"about":[{"href":"https:\/\/www.webdo.tn\/fr\/wp-json\/wp\/v2\/types\/post"}],"author":[{"embeddable":true,"href":"https:\/\/www.webdo.tn\/fr\/wp-json\/wp\/v2\/users\/3222"}],"replies":[{"embeddable":true,"href":"https:\/\/www.webdo.tn\/fr\/wp-json\/wp\/v2\/comments?post=172366"}],"version-history":[{"count":0,"href":"https:\/\/www.webdo.tn\/fr\/wp-json\/wp\/v2\/posts\/172366\/revisions"}],"wp:featuredmedia":[{"embeddable":true,"href":"https:\/\/www.webdo.tn\/fr\/wp-json\/wp\/v2\/media\/333861"}],"wp:attachment":[{"href":"https:\/\/www.webdo.tn\/fr\/wp-json\/wp\/v2\/media?parent=172366"}],"wp:term":[{"taxonomy":"category","embeddable":true,"href":"https:\/\/www.webdo.tn\/fr\/wp-json\/wp\/v2\/categories?post=172366"},{"taxonomy":"post_tag","embeddable":true,"href":"https:\/\/www.webdo.tn\/fr\/wp-json\/wp\/v2\/tags?post=172366"}],"curies":[{"name":"wp","href":"https:\/\/api.w.org\/{rel}","templated":true}]}}