{"id":172365,"date":"2011-12-21T17:06:00","date_gmt":"2011-12-21T17:06:00","guid":{"rendered":"https:\/\/www.webdo.tn\/fr\/blog\/consecration-de-l-islamisme-paradoxe-du-printemps-arabe\/172365\/"},"modified":"2025-06-04T19:03:01","modified_gmt":"2025-06-04T19:03:01","slug":"consecration-de-l-islamisme-paradoxe-du-printemps-arabe","status":"publish","type":"post","link":"https:\/\/www.webdo.tn\/fr\/actualite\/national\/consecration-de-l-islamisme-paradoxe-du-printemps-arabe\/172365\/","title":{"rendered":"Cons\u00e9cration de l\u2019islamisme : paradoxe du printemps arabe"},"content":{"rendered":"<p>Nul ne peut nier le r\u00f4le majeur jou\u00e9 par les r\u00e9seaux sociaux dans le d\u00e9clenchement des R\u00e9volutions arabes, particuli\u00e8rement en Tunisie et \u00c9gypte. Facebook et Twiter, vecteurs modernes du soul\u00e8vement des populations, ont contribu\u00e9 de fa\u00e7on massive \u00e0 renverser les dictatures de Ben Ali et Moubarek.<\/p>\n<p>Alors que les insurrections \u00e9taient men\u00e9es ici et l\u00e0 par une jeunesse sans id\u00e9ologie aucune, les r\u00e9sultats des \u00e9lections d\u00e9mocratiques se sont r\u00e9v\u00e9l\u00e9s favorables aux partis islamistes qui se veulent et se disent modernes. Tels sont les termes du paradoxe du Printemps arabe. Est-ce \u00e0 dire que la jeunesse urbaine, nullement islamiste, celle l\u00e0 m\u00eame qui a brav\u00e9 les dictateurs pour les renverser, soit peu repr\u00e9sentative de la majorit\u00e9 des deux populations tunisienne et \u00e9gyptienne qui ont jet\u00e9 leurs d\u00e9volus sur les islamistes?<\/p>\n<p>En tout \u00e9tat de cause, le triomphe du parti de Rached Ghannouchi en Tunisie et du mouvement islamiste men\u00e9 par Issam El-Arian en \u00c9gypte, vraisemblablement soutenus par les \u00c9tats-Unis, va au-devant de difficult\u00e9s non n\u00e9gligeables. Ici et l\u00e0, l\u2019on est cens\u00e9 savoir les cons\u00e9quences et les limites d\u2019une application radicale de la charia, cependant il leur reste l\u2019inspiration du mod\u00e8le turc, celui d\u2019un islamisme souple, mod\u00e9r\u00e9, chevill\u00e9 somme toute aux valeurs de la d\u00e9mocratie.<\/p>\n","protected":false},"excerpt":{"rendered":"<p>Cons\u00e9cration de l\u2019islamisme : paradoxe du printemps arabe <\/p>\n","protected":false},"author":3222,"featured_media":333859,"comment_status":"open","ping_status":"closed","sticky":false,"template":"","format":"standard","meta":{"footnotes":""},"categories":[44],"tags":[],"class_list":["post-172365","post","type-post","status-publish","format-standard","has-post-thumbnail","hentry","category-national"],"yoast_head":"<!-- This site is optimized with the Yoast SEO Premium plugin v27.5 (Yoast SEO v27.5) - https:\/\/yoast.com\/product\/yoast-seo-premium-wordpress\/ -->\n<title>Cons\u00e9cration de l\u2019islamisme : paradoxe du printemps arabe<\/title>\n<meta name=\"description\" content=\"Cons\u00e9cration de l\u2019islamisme : paradoxe du printemps arabe\" \/>\n<link rel=\"canonical\" href=\"https:\/\/www.webdo.tn\/fr\/actualite\/national\/consecration-de-l-islamisme-paradoxe-du-printemps-arabe\/172365\/\" \/>\n<meta property=\"og:locale\" content=\"fr_FR\" \/>\n<meta property=\"og:type\" content=\"article\" \/>\n<meta property=\"og:title\" content=\"Cons\u00e9cration de l\u2019islamisme : paradoxe du printemps arabe\" \/>\n<meta property=\"og:description\" content=\"Cons\u00e9cration de l\u2019islamisme : paradoxe du printemps arabe\" \/>\n<meta property=\"og:url\" content=\"https:\/\/www.webdo.tn\/fr\/actualite\/national\/consecration-de-l-islamisme-paradoxe-du-printemps-arabe\/172365\/\" \/>\n<meta property=\"og:site_name\" content=\"webdo\" \/>\n<meta property=\"article:publisher\" content=\"https:\/\/www.facebook.com\/webdotn\" \/>\n<meta property=\"article:published_time\" content=\"2011-12-21T17:06:00+00:00\" \/>\n<meta property=\"article:modified_time\" content=\"2025-06-04T19:03:01+00:00\" \/>\n<meta property=\"og:image\" content=\"https:\/\/www.webdo.tn\/fr\/wp-content\/uploads\/2011\/12\/Rached-Ghannouchi-Essam-El-Erian.jpg\" \/>\n\t<meta property=\"og:image:width\" content=\"393\" \/>\n\t<meta property=\"og:image:height\" content=\"209\" \/>\n\t<meta property=\"og:image:type\" content=\"image\/jpeg\" \/>\n<meta name=\"author\" content=\"webdo.tn\" \/>\n<meta name=\"twitter:card\" content=\"summary_large_image\" \/>\n<meta name=\"twitter:creator\" content=\"@webdo_tn\" \/>\n<meta name=\"twitter:site\" content=\"@webdo_tn\" \/>\n<meta name=\"twitter:label1\" content=\"\u00c9crit par\" \/>\n\t<meta name=\"twitter:data1\" content=\"webdo.tn\" \/>\n\t<meta name=\"twitter:label2\" content=\"Dur\u00e9e de lecture estim\u00e9e\" \/>\n\t<meta name=\"twitter:data2\" content=\"1 minute\" \/>\n<script type=\"application\/ld+json\" class=\"yoast-schema-graph\">{\"@context\":\"https:\\\/\\\/schema.org\",\"@graph\":[{\"@type\":\"NewsArticle\",\"@id\":\"https:\\\/\\\/www.webdo.tn\\\/fr\\\/actualite\\\/national\\\/consecration-de-l-islamisme-paradoxe-du-printemps-arabe\\\/172365\\\/#article\",\"isPartOf\":{\"@id\":\"https:\\\/\\\/www.webdo.tn\\\/fr\\\/actualite\\\/national\\\/consecration-de-l-islamisme-paradoxe-du-printemps-arabe\\\/172365\\\/\"},\"author\":{\"name\":\"webdo.tn\",\"@id\":\"https:\\\/\\\/www.webdo.tn\\\/fr\\\/#\\\/schema\\\/person\\\/9a9c6118d687c117df8ef3cc36a4d175\"},\"headline\":\"Cons\u00e9cration de l\u2019islamisme : paradoxe du printemps arabe\",\"datePublished\":\"2011-12-21T17:06:00+00:00\",\"dateModified\":\"2025-06-04T19:03:01+00:00\",\"mainEntityOfPage\":{\"@id\":\"https:\\\/\\\/www.webdo.tn\\\/fr\\\/actualite\\\/national\\\/consecration-de-l-islamisme-paradoxe-du-printemps-arabe\\\/172365\\\/\"},\"wordCount\":237,\"commentCount\":0,\"publisher\":{\"@id\":\"https:\\\/\\\/www.webdo.tn\\\/fr\\\/#organization\"},\"image\":{\"@id\":\"https:\\\/\\\/www.webdo.tn\\\/fr\\\/actualite\\\/national\\\/consecration-de-l-islamisme-paradoxe-du-printemps-arabe\\\/172365\\\/#primaryimage\"},\"thumbnailUrl\":\"https:\\\/\\\/www.webdo.tn\\\/fr\\\/wp-content\\\/uploads\\\/2011\\\/12\\\/Rached-Ghannouchi-Essam-El-Erian.jpg\",\"articleSection\":[\"National\"],\"inLanguage\":\"fr-FR\"},{\"@type\":\"WebPage\",\"@id\":\"https:\\\/\\\/www.webdo.tn\\\/fr\\\/actualite\\\/national\\\/consecration-de-l-islamisme-paradoxe-du-printemps-arabe\\\/172365\\\/\",\"url\":\"https:\\\/\\\/www.webdo.tn\\\/fr\\\/actualite\\\/national\\\/consecration-de-l-islamisme-paradoxe-du-printemps-arabe\\\/172365\\\/\",\"name\":\"Cons\u00e9cration de l\u2019islamisme : paradoxe du printemps arabe\",\"isPartOf\":{\"@id\":\"https:\\\/\\\/www.webdo.tn\\\/fr\\\/#website\"},\"primaryImageOfPage\":{\"@id\":\"https:\\\/\\\/www.webdo.tn\\\/fr\\\/actualite\\\/national\\\/consecration-de-l-islamisme-paradoxe-du-printemps-arabe\\\/172365\\\/#primaryimage\"},\"image\":{\"@id\":\"https:\\\/\\\/www.webdo.tn\\\/fr\\\/actualite\\\/national\\\/consecration-de-l-islamisme-paradoxe-du-printemps-arabe\\\/172365\\\/#primaryimage\"},\"thumbnailUrl\":\"https:\\\/\\\/www.webdo.tn\\\/fr\\\/wp-content\\\/uploads\\\/2011\\\/12\\\/Rached-Ghannouchi-Essam-El-Erian.jpg\",\"datePublished\":\"2011-12-21T17:06:00+00:00\",\"dateModified\":\"2025-06-04T19:03:01+00:00\",\"description\":\"Cons\u00e9cration de l\u2019islamisme : paradoxe du printemps arabe\",\"breadcrumb\":{\"@id\":\"https:\\\/\\\/www.webdo.tn\\\/fr\\\/actualite\\\/national\\\/consecration-de-l-islamisme-paradoxe-du-printemps-arabe\\\/172365\\\/#breadcrumb\"},\"inLanguage\":\"fr-FR\",\"potentialAction\":[{\"@type\":\"ReadAction\",\"target\":[\"https:\\\/\\\/www.webdo.tn\\\/fr\\\/actualite\\\/national\\\/consecration-de-l-islamisme-paradoxe-du-printemps-arabe\\\/172365\\\/\"]}]},{\"@type\":\"ImageObject\",\"inLanguage\":\"fr-FR\",\"@id\":\"https:\\\/\\\/www.webdo.tn\\\/fr\\\/actualite\\\/national\\\/consecration-de-l-islamisme-paradoxe-du-printemps-arabe\\\/172365\\\/#primaryimage\",\"url\":\"https:\\\/\\\/www.webdo.tn\\\/fr\\\/wp-content\\\/uploads\\\/2011\\\/12\\\/Rached-Ghannouchi-Essam-El-Erian.jpg\",\"contentUrl\":\"https:\\\/\\\/www.webdo.tn\\\/fr\\\/wp-content\\\/uploads\\\/2011\\\/12\\\/Rached-Ghannouchi-Essam-El-Erian.jpg\",\"width\":393,\"height\":209,\"caption\":\"Cons\u00e9cration de l\u2019islamisme : paradoxe du printemps arabe\"},{\"@type\":\"BreadcrumbList\",\"@id\":\"https:\\\/\\\/www.webdo.tn\\\/fr\\\/actualite\\\/national\\\/consecration-de-l-islamisme-paradoxe-du-printemps-arabe\\\/172365\\\/#breadcrumb\",\"itemListElement\":[{\"@type\":\"ListItem\",\"position\":1,\"name\":\"Accueil\",\"item\":\"https:\\\/\\\/www.webdo.tn\\\/fr\\\/\"},{\"@type\":\"ListItem\",\"position\":2,\"name\":\"Cons\u00e9cration de l\u2019islamisme : paradoxe du printemps arabe\"}]},{\"@type\":\"WebSite\",\"@id\":\"https:\\\/\\\/www.webdo.tn\\\/fr\\\/#website\",\"url\":\"https:\\\/\\\/www.webdo.tn\\\/fr\\\/\",\"name\":\"webdo\",\"description\":\"Tunisie - News en Tunisie et \u00e0 l&#039;international sur Webdo.tn\",\"publisher\":{\"@id\":\"https:\\\/\\\/www.webdo.tn\\\/fr\\\/#organization\"},\"potentialAction\":[{\"@type\":\"SearchAction\",\"target\":{\"@type\":\"EntryPoint\",\"urlTemplate\":\"https:\\\/\\\/www.webdo.tn\\\/fr\\\/?s={search_term_string}\"},\"query-input\":{\"@type\":\"PropertyValueSpecification\",\"valueRequired\":true,\"valueName\":\"search_term_string\"}}],\"inLanguage\":\"fr-FR\"},{\"@type\":\"Organization\",\"@id\":\"https:\\\/\\\/www.webdo.tn\\\/fr\\\/#organization\",\"name\":\"Webdo\",\"alternateName\":\"Webdo.tn\",\"url\":\"https:\\\/\\\/www.webdo.tn\\\/fr\\\/\",\"logo\":{\"@type\":\"ImageObject\",\"inLanguage\":\"fr-FR\",\"@id\":\"https:\\\/\\\/www.webdo.tn\\\/fr\\\/#\\\/schema\\\/logo\\\/image\\\/\",\"url\":\"https:\\\/\\\/www.webdo.tn\\\/fr\\\/wp-content\\\/uploads\\\/2025\\\/06\\\/Webdo-Tunisie_168377.jpg\",\"contentUrl\":\"https:\\\/\\\/www.webdo.tn\\\/fr\\\/wp-content\\\/uploads\\\/2025\\\/06\\\/Webdo-Tunisie_168377.jpg\",\"width\":301,\"height\":301,\"caption\":\"Webdo\"},\"image\":{\"@id\":\"https:\\\/\\\/www.webdo.tn\\\/fr\\\/#\\\/schema\\\/logo\\\/image\\\/\"},\"sameAs\":[\"https:\\\/\\\/www.facebook.com\\\/webdotn\",\"https:\\\/\\\/x.com\\\/webdo_tn\"],\"description\":\"Webdo est un m\u00e9dia num\u00e9rique tunisien fond\u00e9 en 2010, sp\u00e9cialis\u00e9 dans l\u2019actualit\u00e9 nationale et internationale, l\u2019\u00e9conomie, la soci\u00e9t\u00e9 et les analyses politiques. Le site s\u2019adresse \u00e0 un large public francophone et couvre l\u2019information tunisienne en temps r\u00e9el.\",\"email\":\"redac@webdo.tn\",\"legalName\":\"YNJ SARL\",\"foundingDate\":\"2010-09-06\",\"numberOfEmployees\":{\"@type\":\"QuantitativeValue\",\"minValue\":\"11\",\"maxValue\":\"50\"}},{\"@type\":\"Person\",\"@id\":\"https:\\\/\\\/www.webdo.tn\\\/fr\\\/#\\\/schema\\\/person\\\/9a9c6118d687c117df8ef3cc36a4d175\",\"name\":\"webdo.tn\",\"image\":{\"@type\":\"ImageObject\",\"inLanguage\":\"fr-FR\",\"@id\":\"https:\\\/\\\/secure.gravatar.com\\\/avatar\\\/7ce1f28c0c3bbac99ff550b85ef8e44a6950c6ee24514fb6a5489e51d06f0298?s=96&d=mm&r=g\",\"url\":\"https:\\\/\\\/secure.gravatar.com\\\/avatar\\\/7ce1f28c0c3bbac99ff550b85ef8e44a6950c6ee24514fb6a5489e51d06f0298?s=96&d=mm&r=g\",\"contentUrl\":\"https:\\\/\\\/secure.gravatar.com\\\/avatar\\\/7ce1f28c0c3bbac99ff550b85ef8e44a6950c6ee24514fb6a5489e51d06f0298?s=96&d=mm&r=g\",\"caption\":\"webdo.tn\"},\"url\":\"https:\\\/\\\/www.webdo.tn\\\/fr\\\/actualite\\\/author\\\/webdotn\\\/\"}]}<\/script>\n<!-- \/ Yoast SEO Premium plugin. -->","yoast_head_json":{"title":"Cons\u00e9cration de l\u2019islamisme : paradoxe du printemps arabe","description":"Cons\u00e9cration de l\u2019islamisme : paradoxe du printemps arabe","canonical":"https:\/\/www.webdo.tn\/fr\/actualite\/national\/consecration-de-l-islamisme-paradoxe-du-printemps-arabe\/172365\/","og_locale":"fr_FR","og_type":"article","og_title":"Cons\u00e9cration de l\u2019islamisme : paradoxe du printemps arabe","og_description":"Cons\u00e9cration de l\u2019islamisme : paradoxe du printemps arabe","og_url":"https:\/\/www.webdo.tn\/fr\/actualite\/national\/consecration-de-l-islamisme-paradoxe-du-printemps-arabe\/172365\/","og_site_name":"webdo","article_publisher":"https:\/\/www.facebook.com\/webdotn","article_published_time":"2011-12-21T17:06:00+00:00","article_modified_time":"2025-06-04T19:03:01+00:00","og_image":[{"width":393,"height":209,"url":"https:\/\/www.webdo.tn\/fr\/wp-content\/uploads\/2011\/12\/Rached-Ghannouchi-Essam-El-Erian.jpg","type":"image\/jpeg"}],"author":"webdo.tn","twitter_card":"summary_large_image","twitter_creator":"@webdo_tn","twitter_site":"@webdo_tn","twitter_misc":{"\u00c9crit par":"webdo.tn","Dur\u00e9e de lecture estim\u00e9e":"1 minute"},"schema":{"@context":"https:\/\/schema.org","@graph":[{"@type":"NewsArticle","@id":"https:\/\/www.webdo.tn\/fr\/actualite\/national\/consecration-de-l-islamisme-paradoxe-du-printemps-arabe\/172365\/#article","isPartOf":{"@id":"https:\/\/www.webdo.tn\/fr\/actualite\/national\/consecration-de-l-islamisme-paradoxe-du-printemps-arabe\/172365\/"},"author":{"name":"webdo.tn","@id":"https:\/\/www.webdo.tn\/fr\/#\/schema\/person\/9a9c6118d687c117df8ef3cc36a4d175"},"headline":"Cons\u00e9cration de l\u2019islamisme : paradoxe du printemps arabe","datePublished":"2011-12-21T17:06:00+00:00","dateModified":"2025-06-04T19:03:01+00:00","mainEntityOfPage":{"@id":"https:\/\/www.webdo.tn\/fr\/actualite\/national\/consecration-de-l-islamisme-paradoxe-du-printemps-arabe\/172365\/"},"wordCount":237,"commentCount":0,"publisher":{"@id":"https:\/\/www.webdo.tn\/fr\/#organization"},"image":{"@id":"https:\/\/www.webdo.tn\/fr\/actualite\/national\/consecration-de-l-islamisme-paradoxe-du-printemps-arabe\/172365\/#primaryimage"},"thumbnailUrl":"https:\/\/www.webdo.tn\/fr\/wp-content\/uploads\/2011\/12\/Rached-Ghannouchi-Essam-El-Erian.jpg","articleSection":["National"],"inLanguage":"fr-FR"},{"@type":"WebPage","@id":"https:\/\/www.webdo.tn\/fr\/actualite\/national\/consecration-de-l-islamisme-paradoxe-du-printemps-arabe\/172365\/","url":"https:\/\/www.webdo.tn\/fr\/actualite\/national\/consecration-de-l-islamisme-paradoxe-du-printemps-arabe\/172365\/","name":"Cons\u00e9cration de l\u2019islamisme : paradoxe du printemps arabe","isPartOf":{"@id":"https:\/\/www.webdo.tn\/fr\/#website"},"primaryImageOfPage":{"@id":"https:\/\/www.webdo.tn\/fr\/actualite\/national\/consecration-de-l-islamisme-paradoxe-du-printemps-arabe\/172365\/#primaryimage"},"image":{"@id":"https:\/\/www.webdo.tn\/fr\/actualite\/national\/consecration-de-l-islamisme-paradoxe-du-printemps-arabe\/172365\/#primaryimage"},"thumbnailUrl":"https:\/\/www.webdo.tn\/fr\/wp-content\/uploads\/2011\/12\/Rached-Ghannouchi-Essam-El-Erian.jpg","datePublished":"2011-12-21T17:06:00+00:00","dateModified":"2025-06-04T19:03:01+00:00","description":"Cons\u00e9cration de l\u2019islamisme : paradoxe du printemps arabe","breadcrumb":{"@id":"https:\/\/www.webdo.tn\/fr\/actualite\/national\/consecration-de-l-islamisme-paradoxe-du-printemps-arabe\/172365\/#breadcrumb"},"inLanguage":"fr-FR","potentialAction":[{"@type":"ReadAction","target":["https:\/\/www.webdo.tn\/fr\/actualite\/national\/consecration-de-l-islamisme-paradoxe-du-printemps-arabe\/172365\/"]}]},{"@type":"ImageObject","inLanguage":"fr-FR","@id":"https:\/\/www.webdo.tn\/fr\/actualite\/national\/consecration-de-l-islamisme-paradoxe-du-printemps-arabe\/172365\/#primaryimage","url":"https:\/\/www.webdo.tn\/fr\/wp-content\/uploads\/2011\/12\/Rached-Ghannouchi-Essam-El-Erian.jpg","contentUrl":"https:\/\/www.webdo.tn\/fr\/wp-content\/uploads\/2011\/12\/Rached-Ghannouchi-Essam-El-Erian.jpg","width":393,"height":209,"caption":"Cons\u00e9cration de l\u2019islamisme : paradoxe du printemps arabe"},{"@type":"BreadcrumbList","@id":"https:\/\/www.webdo.tn\/fr\/actualite\/national\/consecration-de-l-islamisme-paradoxe-du-printemps-arabe\/172365\/#breadcrumb","itemListElement":[{"@type":"ListItem","position":1,"name":"Accueil","item":"https:\/\/www.webdo.tn\/fr\/"},{"@type":"ListItem","position":2,"name":"Cons\u00e9cration de l\u2019islamisme : paradoxe du printemps arabe"}]},{"@type":"WebSite","@id":"https:\/\/www.webdo.tn\/fr\/#website","url":"https:\/\/www.webdo.tn\/fr\/","name":"webdo","description":"Tunisie - News en Tunisie et \u00e0 l&#039;international sur Webdo.tn","publisher":{"@id":"https:\/\/www.webdo.tn\/fr\/#organization"},"potentialAction":[{"@type":"SearchAction","target":{"@type":"EntryPoint","urlTemplate":"https:\/\/www.webdo.tn\/fr\/?s={search_term_string}"},"query-input":{"@type":"PropertyValueSpecification","valueRequired":true,"valueName":"search_term_string"}}],"inLanguage":"fr-FR"},{"@type":"Organization","@id":"https:\/\/www.webdo.tn\/fr\/#organization","name":"Webdo","alternateName":"Webdo.tn","url":"https:\/\/www.webdo.tn\/fr\/","logo":{"@type":"ImageObject","inLanguage":"fr-FR","@id":"https:\/\/www.webdo.tn\/fr\/#\/schema\/logo\/image\/","url":"https:\/\/www.webdo.tn\/fr\/wp-content\/uploads\/2025\/06\/Webdo-Tunisie_168377.jpg","contentUrl":"https:\/\/www.webdo.tn\/fr\/wp-content\/uploads\/2025\/06\/Webdo-Tunisie_168377.jpg","width":301,"height":301,"caption":"Webdo"},"image":{"@id":"https:\/\/www.webdo.tn\/fr\/#\/schema\/logo\/image\/"},"sameAs":["https:\/\/www.facebook.com\/webdotn","https:\/\/x.com\/webdo_tn"],"description":"Webdo est un m\u00e9dia num\u00e9rique tunisien fond\u00e9 en 2010, sp\u00e9cialis\u00e9 dans l\u2019actualit\u00e9 nationale et internationale, l\u2019\u00e9conomie, la soci\u00e9t\u00e9 et les analyses politiques. Le site s\u2019adresse \u00e0 un large public francophone et couvre l\u2019information tunisienne en temps r\u00e9el.","email":"redac@webdo.tn","legalName":"YNJ SARL","foundingDate":"2010-09-06","numberOfEmployees":{"@type":"QuantitativeValue","minValue":"11","maxValue":"50"}},{"@type":"Person","@id":"https:\/\/www.webdo.tn\/fr\/#\/schema\/person\/9a9c6118d687c117df8ef3cc36a4d175","name":"webdo.tn","image":{"@type":"ImageObject","inLanguage":"fr-FR","@id":"https:\/\/secure.gravatar.com\/avatar\/7ce1f28c0c3bbac99ff550b85ef8e44a6950c6ee24514fb6a5489e51d06f0298?s=96&d=mm&r=g","url":"https:\/\/secure.gravatar.com\/avatar\/7ce1f28c0c3bbac99ff550b85ef8e44a6950c6ee24514fb6a5489e51d06f0298?s=96&d=mm&r=g","contentUrl":"https:\/\/secure.gravatar.com\/avatar\/7ce1f28c0c3bbac99ff550b85ef8e44a6950c6ee24514fb6a5489e51d06f0298?s=96&d=mm&r=g","caption":"webdo.tn"},"url":"https:\/\/www.webdo.tn\/fr\/actualite\/author\/webdotn\/"}]}},"_links":{"self":[{"href":"https:\/\/www.webdo.tn\/fr\/wp-json\/wp\/v2\/posts\/172365","targetHints":{"allow":["GET"]}}],"collection":[{"href":"https:\/\/www.webdo.tn\/fr\/wp-json\/wp\/v2\/posts"}],"about":[{"href":"https:\/\/www.webdo.tn\/fr\/wp-json\/wp\/v2\/types\/post"}],"author":[{"embeddable":true,"href":"https:\/\/www.webdo.tn\/fr\/wp-json\/wp\/v2\/users\/3222"}],"replies":[{"embeddable":true,"href":"https:\/\/www.webdo.tn\/fr\/wp-json\/wp\/v2\/comments?post=172365"}],"version-history":[{"count":0,"href":"https:\/\/www.webdo.tn\/fr\/wp-json\/wp\/v2\/posts\/172365\/revisions"}],"wp:featuredmedia":[{"embeddable":true,"href":"https:\/\/www.webdo.tn\/fr\/wp-json\/wp\/v2\/media\/333859"}],"wp:attachment":[{"href":"https:\/\/www.webdo.tn\/fr\/wp-json\/wp\/v2\/media?parent=172365"}],"wp:term":[{"taxonomy":"category","embeddable":true,"href":"https:\/\/www.webdo.tn\/fr\/wp-json\/wp\/v2\/categories?post=172365"},{"taxonomy":"post_tag","embeddable":true,"href":"https:\/\/www.webdo.tn\/fr\/wp-json\/wp\/v2\/tags?post=172365"}],"curies":[{"name":"wp","href":"https:\/\/api.w.org\/{rel}","templated":true}]}}