{"id":172364,"date":"2011-12-21T18:10:00","date_gmt":"2011-12-21T18:10:00","guid":{"rendered":"https:\/\/www.webdo.tn\/fr\/blog\/hamadi-jebalivers-une-mainmise-sur-les-medias\/172364\/"},"modified":"2025-06-04T19:03:04","modified_gmt":"2025-06-04T19:03:04","slug":"hamadi-jebalivers-une-mainmise-sur-les-medias","status":"publish","type":"post","link":"https:\/\/www.webdo.tn\/fr\/actualite\/national\/hamadi-jebalivers-une-mainmise-sur-les-medias\/172364\/","title":{"rendered":"Hamadi Jebali,vers une mainmise sur les m\u00e9dias ?"},"content":{"rendered":"<p>Parmi les questions qui taraudent les observateurs, les journalistes et autres commentateurs, celle li\u00e9e aux m\u00e9dias occupe une place centrale. Dans une r\u00e9cente interview accord\u00e9e \u00e0 la radio nationale, Hamadi Jebali, le premier ministre du gouvernement de transition, a tenu \u00e0 apporter une pr\u00e9cision sur la politique que son gouvernement entend conf\u00e9rer au chapitre des m\u00e9dias.<\/p>\n<p>Le chef du gouvernement issu de la tro\u00efka a indiqu\u00e9 que l\u2019orientation sera de veiller \u00e0 la libert\u00e9 des m\u00e9dias et \u00e0 leur ind\u00e9pendance. IL a exprim\u00e9 la n\u00e9cessit\u00e9 de la cr\u00e9ation d\u2019une instance qui r\u00e9git les institutions relatives \u00e0 ce secteur, \u00e0 l\u2019instar de ce qui existe dans les d\u00e9mocraties occidentales (le Conseil Sup\u00e9rieur de l\u2019Audiovisuel en France). Cette instance aura pour but de veiller au fonctionnement des m\u00e9dias conform\u00e9ment \u00e0 des crit\u00e8res professionnels et dans l\u2019int\u00e9r\u00eat national.<\/p>\n<p>M Hamadi Jebali attire l\u2019attention, dans le m\u00eame entretien, sur le fait que la politique des m\u00e9dias de son gouvernement ne sera pas similaire \u00e0 celle suivie par l\u2019ex-dictateur, elle sera \u00e9galement diff\u00e9rente du paysage actuel. \u00c0 ses yeux, il est frappant de constater que les m\u00e9dias ont tendance aujourd\u2019hui \u00e0 ne pas refl\u00e9ter les r\u00e9sultats issus du scrutin du 23 octobre dernier. Les m\u00e9dias ne sauraient \u00eatre ni aux ordres d\u2019une majorit\u00e9, ni au service d\u2019une minorit\u00e9, laisse-t-il entendre. Tout en affirmant son attachement aux principes de libert\u00e9 et d\u2019ind\u00e9pendance, le chef du gouvernement n\u2019a pas cach\u00e9 son regret, quant au manquement professionnel de certains m\u00e9dias qui \u00ab ne font pas leur devoir par rapport \u00e0 l\u2019opinion \u00bb a-t-il conclu.<\/p>\n<p>De tels propos qui soufflent le chaud et le froid ne manqueront pas de faire couler de l\u2019encre\u2026<\/p>\n<p>N.B voici un extrait de l&rsquo;interview (que vous pourrez retrouver en version compl\u00e8te ici), r\u00e9alis\u00e9 lundi 19 d\u00e9cembre, dans laquelle M. Hamadi Jebali a livr\u00e9 son opinion sur les m\u00e9dias:<\/p>\n","protected":false},"excerpt":{"rendered":"<p>Hamadi Jebali,vers une mainmise sur les m\u00e9dias ? <\/p>\n","protected":false},"author":3222,"featured_media":333860,"comment_status":"open","ping_status":"closed","sticky":false,"template":"","format":"standard","meta":{"footnotes":""},"categories":[44],"tags":[],"class_list":["post-172364","post","type-post","status-publish","format-standard","has-post-thumbnail","hentry","category-national"],"yoast_head":"<!-- This site is optimized with the Yoast SEO Premium plugin v27.5 (Yoast SEO v27.5) - https:\/\/yoast.com\/product\/yoast-seo-premium-wordpress\/ -->\n<title>Hamadi Jebali,vers une mainmise sur les m\u00e9dias ?<\/title>\n<meta name=\"description\" content=\"Hamadi Jebali,vers une mainmise sur les m\u00e9dias ?\" \/>\n<link rel=\"canonical\" href=\"https:\/\/www.webdo.tn\/fr\/actualite\/national\/hamadi-jebalivers-une-mainmise-sur-les-medias\/172364\/\" \/>\n<meta property=\"og:locale\" content=\"fr_FR\" \/>\n<meta property=\"og:type\" content=\"article\" \/>\n<meta property=\"og:title\" content=\"Hamadi Jebali,vers une mainmise sur les m\u00e9dias ?\" \/>\n<meta property=\"og:description\" content=\"Hamadi Jebali,vers une mainmise sur les m\u00e9dias ?\" \/>\n<meta property=\"og:url\" content=\"https:\/\/www.webdo.tn\/fr\/actualite\/national\/hamadi-jebalivers-une-mainmise-sur-les-medias\/172364\/\" \/>\n<meta property=\"og:site_name\" content=\"webdo\" \/>\n<meta property=\"article:publisher\" content=\"https:\/\/www.facebook.com\/webdotn\" \/>\n<meta property=\"article:published_time\" content=\"2011-12-21T18:10:00+00:00\" \/>\n<meta property=\"article:modified_time\" content=\"2025-06-04T19:03:04+00:00\" \/>\n<meta property=\"og:image\" content=\"https:\/\/www.webdo.tn\/fr\/wp-content\/uploads\/2011\/12\/jebali1.jpg\" \/>\n\t<meta property=\"og:image:width\" content=\"220\" \/>\n\t<meta property=\"og:image:height\" content=\"187\" \/>\n\t<meta property=\"og:image:type\" content=\"image\/jpeg\" \/>\n<meta name=\"author\" content=\"webdo.tn\" \/>\n<meta name=\"twitter:card\" content=\"summary_large_image\" \/>\n<meta name=\"twitter:creator\" content=\"@webdo_tn\" \/>\n<meta name=\"twitter:site\" content=\"@webdo_tn\" \/>\n<meta name=\"twitter:label1\" content=\"\u00c9crit par\" \/>\n\t<meta name=\"twitter:data1\" content=\"webdo.tn\" \/>\n\t<meta name=\"twitter:label2\" content=\"Dur\u00e9e de lecture estim\u00e9e\" \/>\n\t<meta name=\"twitter:data2\" content=\"2 minutes\" \/>\n<script type=\"application\/ld+json\" class=\"yoast-schema-graph\">{\"@context\":\"https:\\\/\\\/schema.org\",\"@graph\":[{\"@type\":\"NewsArticle\",\"@id\":\"https:\\\/\\\/www.webdo.tn\\\/fr\\\/actualite\\\/national\\\/hamadi-jebalivers-une-mainmise-sur-les-medias\\\/172364\\\/#article\",\"isPartOf\":{\"@id\":\"https:\\\/\\\/www.webdo.tn\\\/fr\\\/actualite\\\/national\\\/hamadi-jebalivers-une-mainmise-sur-les-medias\\\/172364\\\/\"},\"author\":{\"name\":\"webdo.tn\",\"@id\":\"https:\\\/\\\/www.webdo.tn\\\/fr\\\/#\\\/schema\\\/person\\\/9a9c6118d687c117df8ef3cc36a4d175\"},\"headline\":\"Hamadi Jebali,vers une mainmise sur les m\u00e9dias ?\",\"datePublished\":\"2011-12-21T18:10:00+00:00\",\"dateModified\":\"2025-06-04T19:03:04+00:00\",\"mainEntityOfPage\":{\"@id\":\"https:\\\/\\\/www.webdo.tn\\\/fr\\\/actualite\\\/national\\\/hamadi-jebalivers-une-mainmise-sur-les-medias\\\/172364\\\/\"},\"wordCount\":347,\"commentCount\":0,\"publisher\":{\"@id\":\"https:\\\/\\\/www.webdo.tn\\\/fr\\\/#organization\"},\"image\":{\"@id\":\"https:\\\/\\\/www.webdo.tn\\\/fr\\\/actualite\\\/national\\\/hamadi-jebalivers-une-mainmise-sur-les-medias\\\/172364\\\/#primaryimage\"},\"thumbnailUrl\":\"https:\\\/\\\/www.webdo.tn\\\/fr\\\/wp-content\\\/uploads\\\/2011\\\/12\\\/jebali1.jpg\",\"articleSection\":[\"National\"],\"inLanguage\":\"fr-FR\"},{\"@type\":\"WebPage\",\"@id\":\"https:\\\/\\\/www.webdo.tn\\\/fr\\\/actualite\\\/national\\\/hamadi-jebalivers-une-mainmise-sur-les-medias\\\/172364\\\/\",\"url\":\"https:\\\/\\\/www.webdo.tn\\\/fr\\\/actualite\\\/national\\\/hamadi-jebalivers-une-mainmise-sur-les-medias\\\/172364\\\/\",\"name\":\"Hamadi Jebali,vers une mainmise sur les m\u00e9dias ?\",\"isPartOf\":{\"@id\":\"https:\\\/\\\/www.webdo.tn\\\/fr\\\/#website\"},\"primaryImageOfPage\":{\"@id\":\"https:\\\/\\\/www.webdo.tn\\\/fr\\\/actualite\\\/national\\\/hamadi-jebalivers-une-mainmise-sur-les-medias\\\/172364\\\/#primaryimage\"},\"image\":{\"@id\":\"https:\\\/\\\/www.webdo.tn\\\/fr\\\/actualite\\\/national\\\/hamadi-jebalivers-une-mainmise-sur-les-medias\\\/172364\\\/#primaryimage\"},\"thumbnailUrl\":\"https:\\\/\\\/www.webdo.tn\\\/fr\\\/wp-content\\\/uploads\\\/2011\\\/12\\\/jebali1.jpg\",\"datePublished\":\"2011-12-21T18:10:00+00:00\",\"dateModified\":\"2025-06-04T19:03:04+00:00\",\"description\":\"Hamadi Jebali,vers une mainmise sur les m\u00e9dias ?\",\"breadcrumb\":{\"@id\":\"https:\\\/\\\/www.webdo.tn\\\/fr\\\/actualite\\\/national\\\/hamadi-jebalivers-une-mainmise-sur-les-medias\\\/172364\\\/#breadcrumb\"},\"inLanguage\":\"fr-FR\",\"potentialAction\":[{\"@type\":\"ReadAction\",\"target\":[\"https:\\\/\\\/www.webdo.tn\\\/fr\\\/actualite\\\/national\\\/hamadi-jebalivers-une-mainmise-sur-les-medias\\\/172364\\\/\"]}]},{\"@type\":\"ImageObject\",\"inLanguage\":\"fr-FR\",\"@id\":\"https:\\\/\\\/www.webdo.tn\\\/fr\\\/actualite\\\/national\\\/hamadi-jebalivers-une-mainmise-sur-les-medias\\\/172364\\\/#primaryimage\",\"url\":\"https:\\\/\\\/www.webdo.tn\\\/fr\\\/wp-content\\\/uploads\\\/2011\\\/12\\\/jebali1.jpg\",\"contentUrl\":\"https:\\\/\\\/www.webdo.tn\\\/fr\\\/wp-content\\\/uploads\\\/2011\\\/12\\\/jebali1.jpg\",\"width\":220,\"height\":187,\"caption\":\"Hamadi Jebali,vers une mainmise sur les m\u00e9dias ?\"},{\"@type\":\"BreadcrumbList\",\"@id\":\"https:\\\/\\\/www.webdo.tn\\\/fr\\\/actualite\\\/national\\\/hamadi-jebalivers-une-mainmise-sur-les-medias\\\/172364\\\/#breadcrumb\",\"itemListElement\":[{\"@type\":\"ListItem\",\"position\":1,\"name\":\"Accueil\",\"item\":\"https:\\\/\\\/www.webdo.tn\\\/fr\\\/\"},{\"@type\":\"ListItem\",\"position\":2,\"name\":\"Hamadi Jebali,vers une mainmise sur les m\u00e9dias ?\"}]},{\"@type\":\"WebSite\",\"@id\":\"https:\\\/\\\/www.webdo.tn\\\/fr\\\/#website\",\"url\":\"https:\\\/\\\/www.webdo.tn\\\/fr\\\/\",\"name\":\"webdo\",\"description\":\"Tunisie - News en Tunisie et \u00e0 l&#039;international sur Webdo.tn\",\"publisher\":{\"@id\":\"https:\\\/\\\/www.webdo.tn\\\/fr\\\/#organization\"},\"potentialAction\":[{\"@type\":\"SearchAction\",\"target\":{\"@type\":\"EntryPoint\",\"urlTemplate\":\"https:\\\/\\\/www.webdo.tn\\\/fr\\\/?s={search_term_string}\"},\"query-input\":{\"@type\":\"PropertyValueSpecification\",\"valueRequired\":true,\"valueName\":\"search_term_string\"}}],\"inLanguage\":\"fr-FR\"},{\"@type\":\"Organization\",\"@id\":\"https:\\\/\\\/www.webdo.tn\\\/fr\\\/#organization\",\"name\":\"Webdo\",\"alternateName\":\"Webdo.tn\",\"url\":\"https:\\\/\\\/www.webdo.tn\\\/fr\\\/\",\"logo\":{\"@type\":\"ImageObject\",\"inLanguage\":\"fr-FR\",\"@id\":\"https:\\\/\\\/www.webdo.tn\\\/fr\\\/#\\\/schema\\\/logo\\\/image\\\/\",\"url\":\"https:\\\/\\\/www.webdo.tn\\\/fr\\\/wp-content\\\/uploads\\\/2025\\\/06\\\/Webdo-Tunisie_168377.jpg\",\"contentUrl\":\"https:\\\/\\\/www.webdo.tn\\\/fr\\\/wp-content\\\/uploads\\\/2025\\\/06\\\/Webdo-Tunisie_168377.jpg\",\"width\":301,\"height\":301,\"caption\":\"Webdo\"},\"image\":{\"@id\":\"https:\\\/\\\/www.webdo.tn\\\/fr\\\/#\\\/schema\\\/logo\\\/image\\\/\"},\"sameAs\":[\"https:\\\/\\\/www.facebook.com\\\/webdotn\",\"https:\\\/\\\/x.com\\\/webdo_tn\"],\"description\":\"Webdo est un m\u00e9dia num\u00e9rique tunisien fond\u00e9 en 2010, sp\u00e9cialis\u00e9 dans l\u2019actualit\u00e9 nationale et internationale, l\u2019\u00e9conomie, la soci\u00e9t\u00e9 et les analyses politiques. Le site s\u2019adresse \u00e0 un large public francophone et couvre l\u2019information tunisienne en temps r\u00e9el.\",\"email\":\"redac@webdo.tn\",\"legalName\":\"YNJ SARL\",\"foundingDate\":\"2010-09-06\",\"numberOfEmployees\":{\"@type\":\"QuantitativeValue\",\"minValue\":\"11\",\"maxValue\":\"50\"}},{\"@type\":\"Person\",\"@id\":\"https:\\\/\\\/www.webdo.tn\\\/fr\\\/#\\\/schema\\\/person\\\/9a9c6118d687c117df8ef3cc36a4d175\",\"name\":\"webdo.tn\",\"image\":{\"@type\":\"ImageObject\",\"inLanguage\":\"fr-FR\",\"@id\":\"https:\\\/\\\/secure.gravatar.com\\\/avatar\\\/7ce1f28c0c3bbac99ff550b85ef8e44a6950c6ee24514fb6a5489e51d06f0298?s=96&d=mm&r=g\",\"url\":\"https:\\\/\\\/secure.gravatar.com\\\/avatar\\\/7ce1f28c0c3bbac99ff550b85ef8e44a6950c6ee24514fb6a5489e51d06f0298?s=96&d=mm&r=g\",\"contentUrl\":\"https:\\\/\\\/secure.gravatar.com\\\/avatar\\\/7ce1f28c0c3bbac99ff550b85ef8e44a6950c6ee24514fb6a5489e51d06f0298?s=96&d=mm&r=g\",\"caption\":\"webdo.tn\"},\"url\":\"https:\\\/\\\/www.webdo.tn\\\/fr\\\/actualite\\\/author\\\/webdotn\\\/\"}]}<\/script>\n<!-- \/ Yoast SEO Premium plugin. -->","yoast_head_json":{"title":"Hamadi Jebali,vers une mainmise sur les m\u00e9dias ?","description":"Hamadi Jebali,vers une mainmise sur les m\u00e9dias ?","canonical":"https:\/\/www.webdo.tn\/fr\/actualite\/national\/hamadi-jebalivers-une-mainmise-sur-les-medias\/172364\/","og_locale":"fr_FR","og_type":"article","og_title":"Hamadi Jebali,vers une mainmise sur les m\u00e9dias ?","og_description":"Hamadi Jebali,vers une mainmise sur les m\u00e9dias ?","og_url":"https:\/\/www.webdo.tn\/fr\/actualite\/national\/hamadi-jebalivers-une-mainmise-sur-les-medias\/172364\/","og_site_name":"webdo","article_publisher":"https:\/\/www.facebook.com\/webdotn","article_published_time":"2011-12-21T18:10:00+00:00","article_modified_time":"2025-06-04T19:03:04+00:00","og_image":[{"width":220,"height":187,"url":"https:\/\/www.webdo.tn\/fr\/wp-content\/uploads\/2011\/12\/jebali1.jpg","type":"image\/jpeg"}],"author":"webdo.tn","twitter_card":"summary_large_image","twitter_creator":"@webdo_tn","twitter_site":"@webdo_tn","twitter_misc":{"\u00c9crit par":"webdo.tn","Dur\u00e9e de lecture estim\u00e9e":"2 minutes"},"schema":{"@context":"https:\/\/schema.org","@graph":[{"@type":"NewsArticle","@id":"https:\/\/www.webdo.tn\/fr\/actualite\/national\/hamadi-jebalivers-une-mainmise-sur-les-medias\/172364\/#article","isPartOf":{"@id":"https:\/\/www.webdo.tn\/fr\/actualite\/national\/hamadi-jebalivers-une-mainmise-sur-les-medias\/172364\/"},"author":{"name":"webdo.tn","@id":"https:\/\/www.webdo.tn\/fr\/#\/schema\/person\/9a9c6118d687c117df8ef3cc36a4d175"},"headline":"Hamadi Jebali,vers une mainmise sur les m\u00e9dias ?","datePublished":"2011-12-21T18:10:00+00:00","dateModified":"2025-06-04T19:03:04+00:00","mainEntityOfPage":{"@id":"https:\/\/www.webdo.tn\/fr\/actualite\/national\/hamadi-jebalivers-une-mainmise-sur-les-medias\/172364\/"},"wordCount":347,"commentCount":0,"publisher":{"@id":"https:\/\/www.webdo.tn\/fr\/#organization"},"image":{"@id":"https:\/\/www.webdo.tn\/fr\/actualite\/national\/hamadi-jebalivers-une-mainmise-sur-les-medias\/172364\/#primaryimage"},"thumbnailUrl":"https:\/\/www.webdo.tn\/fr\/wp-content\/uploads\/2011\/12\/jebali1.jpg","articleSection":["National"],"inLanguage":"fr-FR"},{"@type":"WebPage","@id":"https:\/\/www.webdo.tn\/fr\/actualite\/national\/hamadi-jebalivers-une-mainmise-sur-les-medias\/172364\/","url":"https:\/\/www.webdo.tn\/fr\/actualite\/national\/hamadi-jebalivers-une-mainmise-sur-les-medias\/172364\/","name":"Hamadi Jebali,vers une mainmise sur les m\u00e9dias ?","isPartOf":{"@id":"https:\/\/www.webdo.tn\/fr\/#website"},"primaryImageOfPage":{"@id":"https:\/\/www.webdo.tn\/fr\/actualite\/national\/hamadi-jebalivers-une-mainmise-sur-les-medias\/172364\/#primaryimage"},"image":{"@id":"https:\/\/www.webdo.tn\/fr\/actualite\/national\/hamadi-jebalivers-une-mainmise-sur-les-medias\/172364\/#primaryimage"},"thumbnailUrl":"https:\/\/www.webdo.tn\/fr\/wp-content\/uploads\/2011\/12\/jebali1.jpg","datePublished":"2011-12-21T18:10:00+00:00","dateModified":"2025-06-04T19:03:04+00:00","description":"Hamadi Jebali,vers une mainmise sur les m\u00e9dias ?","breadcrumb":{"@id":"https:\/\/www.webdo.tn\/fr\/actualite\/national\/hamadi-jebalivers-une-mainmise-sur-les-medias\/172364\/#breadcrumb"},"inLanguage":"fr-FR","potentialAction":[{"@type":"ReadAction","target":["https:\/\/www.webdo.tn\/fr\/actualite\/national\/hamadi-jebalivers-une-mainmise-sur-les-medias\/172364\/"]}]},{"@type":"ImageObject","inLanguage":"fr-FR","@id":"https:\/\/www.webdo.tn\/fr\/actualite\/national\/hamadi-jebalivers-une-mainmise-sur-les-medias\/172364\/#primaryimage","url":"https:\/\/www.webdo.tn\/fr\/wp-content\/uploads\/2011\/12\/jebali1.jpg","contentUrl":"https:\/\/www.webdo.tn\/fr\/wp-content\/uploads\/2011\/12\/jebali1.jpg","width":220,"height":187,"caption":"Hamadi Jebali,vers une mainmise sur les m\u00e9dias ?"},{"@type":"BreadcrumbList","@id":"https:\/\/www.webdo.tn\/fr\/actualite\/national\/hamadi-jebalivers-une-mainmise-sur-les-medias\/172364\/#breadcrumb","itemListElement":[{"@type":"ListItem","position":1,"name":"Accueil","item":"https:\/\/www.webdo.tn\/fr\/"},{"@type":"ListItem","position":2,"name":"Hamadi Jebali,vers une mainmise sur les m\u00e9dias ?"}]},{"@type":"WebSite","@id":"https:\/\/www.webdo.tn\/fr\/#website","url":"https:\/\/www.webdo.tn\/fr\/","name":"webdo","description":"Tunisie - News en Tunisie et \u00e0 l&#039;international sur Webdo.tn","publisher":{"@id":"https:\/\/www.webdo.tn\/fr\/#organization"},"potentialAction":[{"@type":"SearchAction","target":{"@type":"EntryPoint","urlTemplate":"https:\/\/www.webdo.tn\/fr\/?s={search_term_string}"},"query-input":{"@type":"PropertyValueSpecification","valueRequired":true,"valueName":"search_term_string"}}],"inLanguage":"fr-FR"},{"@type":"Organization","@id":"https:\/\/www.webdo.tn\/fr\/#organization","name":"Webdo","alternateName":"Webdo.tn","url":"https:\/\/www.webdo.tn\/fr\/","logo":{"@type":"ImageObject","inLanguage":"fr-FR","@id":"https:\/\/www.webdo.tn\/fr\/#\/schema\/logo\/image\/","url":"https:\/\/www.webdo.tn\/fr\/wp-content\/uploads\/2025\/06\/Webdo-Tunisie_168377.jpg","contentUrl":"https:\/\/www.webdo.tn\/fr\/wp-content\/uploads\/2025\/06\/Webdo-Tunisie_168377.jpg","width":301,"height":301,"caption":"Webdo"},"image":{"@id":"https:\/\/www.webdo.tn\/fr\/#\/schema\/logo\/image\/"},"sameAs":["https:\/\/www.facebook.com\/webdotn","https:\/\/x.com\/webdo_tn"],"description":"Webdo est un m\u00e9dia num\u00e9rique tunisien fond\u00e9 en 2010, sp\u00e9cialis\u00e9 dans l\u2019actualit\u00e9 nationale et internationale, l\u2019\u00e9conomie, la soci\u00e9t\u00e9 et les analyses politiques. Le site s\u2019adresse \u00e0 un large public francophone et couvre l\u2019information tunisienne en temps r\u00e9el.","email":"redac@webdo.tn","legalName":"YNJ SARL","foundingDate":"2010-09-06","numberOfEmployees":{"@type":"QuantitativeValue","minValue":"11","maxValue":"50"}},{"@type":"Person","@id":"https:\/\/www.webdo.tn\/fr\/#\/schema\/person\/9a9c6118d687c117df8ef3cc36a4d175","name":"webdo.tn","image":{"@type":"ImageObject","inLanguage":"fr-FR","@id":"https:\/\/secure.gravatar.com\/avatar\/7ce1f28c0c3bbac99ff550b85ef8e44a6950c6ee24514fb6a5489e51d06f0298?s=96&d=mm&r=g","url":"https:\/\/secure.gravatar.com\/avatar\/7ce1f28c0c3bbac99ff550b85ef8e44a6950c6ee24514fb6a5489e51d06f0298?s=96&d=mm&r=g","contentUrl":"https:\/\/secure.gravatar.com\/avatar\/7ce1f28c0c3bbac99ff550b85ef8e44a6950c6ee24514fb6a5489e51d06f0298?s=96&d=mm&r=g","caption":"webdo.tn"},"url":"https:\/\/www.webdo.tn\/fr\/actualite\/author\/webdotn\/"}]}},"_links":{"self":[{"href":"https:\/\/www.webdo.tn\/fr\/wp-json\/wp\/v2\/posts\/172364","targetHints":{"allow":["GET"]}}],"collection":[{"href":"https:\/\/www.webdo.tn\/fr\/wp-json\/wp\/v2\/posts"}],"about":[{"href":"https:\/\/www.webdo.tn\/fr\/wp-json\/wp\/v2\/types\/post"}],"author":[{"embeddable":true,"href":"https:\/\/www.webdo.tn\/fr\/wp-json\/wp\/v2\/users\/3222"}],"replies":[{"embeddable":true,"href":"https:\/\/www.webdo.tn\/fr\/wp-json\/wp\/v2\/comments?post=172364"}],"version-history":[{"count":0,"href":"https:\/\/www.webdo.tn\/fr\/wp-json\/wp\/v2\/posts\/172364\/revisions"}],"wp:featuredmedia":[{"embeddable":true,"href":"https:\/\/www.webdo.tn\/fr\/wp-json\/wp\/v2\/media\/333860"}],"wp:attachment":[{"href":"https:\/\/www.webdo.tn\/fr\/wp-json\/wp\/v2\/media?parent=172364"}],"wp:term":[{"taxonomy":"category","embeddable":true,"href":"https:\/\/www.webdo.tn\/fr\/wp-json\/wp\/v2\/categories?post=172364"},{"taxonomy":"post_tag","embeddable":true,"href":"https:\/\/www.webdo.tn\/fr\/wp-json\/wp\/v2\/tags?post=172364"}],"curies":[{"name":"wp","href":"https:\/\/api.w.org\/{rel}","templated":true}]}}