{"id":172363,"date":"2011-12-21T18:34:00","date_gmt":"2011-12-21T18:34:00","guid":{"rendered":"https:\/\/www.webdo.tn\/fr\/blog\/affaire-yazaki-pour-l-ugtt-c-est-la-faute-des-japonais\/172363\/"},"modified":"2025-06-04T19:03:09","modified_gmt":"2025-06-04T19:03:09","slug":"affaire-yazaki-pour-l-ugtt-c-est-la-faute-des-japonais","status":"publish","type":"post","link":"https:\/\/www.webdo.tn\/fr\/actualite\/national\/affaire-yazaki-pour-l-ugtt-c-est-la-faute-des-japonais\/172363\/","title":{"rendered":"Affaire Yazaki : pour l&rsquo;UGTT, c&rsquo;est la faute des\u2026 Japonais !"},"content":{"rendered":"<p>La d\u00e9cision prise par la soci\u00e9t\u00e9 Yazaki de fermer son unit\u00e9 \u00e0 Moular\u00e8s a provoqu\u00e9 une vague de protestation contre les gr\u00e8ves et autres sit in qui poussent de plus en plus de soci\u00e9t\u00e9s \u00e0 quitter notre pays. Cette vague de protestation se fait surtout sur les r\u00e9seaux sociaux.<\/p>\n<p>L&rsquo;UGTT a \u00e9t\u00e9 point\u00e9e du doigt et accus\u00e9e d&rsquo;\u00eatre derri\u00e8re la gr\u00e8ve, non annonc\u00e9e, qui a caus\u00e9 la fermeture de l&rsquo;unit\u00e9 Yazaki de Moular\u00e8s.<\/p>\n<p>Aujourd&rsquo;hui, Mohamed Esseghaier Miraoui, secr\u00e9taire g\u00e9n\u00e9ral de l&rsquo;Union r\u00e9gionale du travail \u00e0 Gafsa, a apport\u00e9 des \u00e9claircissements sur cette fermeture. Il y a indiqu\u00e9 que cette unit\u00e9 employait 438 personnes qui ont farouchement prot\u00e9g\u00e9 l&rsquo;unit\u00e9 au cours de la r\u00e9volution.<\/p>\n<p>Inform\u00e9s par Yazaki de l&rsquo;entr\u00e9e de l&rsquo;unit\u00e9 en p\u00e9riode de vacances, \u00e0 l&rsquo;occasion de l&rsquo;approche des f\u00eates de l&rsquo;ann\u00e9e, les employ\u00e9s ont alors demand\u00e9 leur prime du treizi\u00e8me mois. En vain ! Comme r\u00e9ponse, Yazaki a d\u00e9cid\u00e9 de fermer son unit\u00e9 sans m\u00eame les avertir.<\/p>\n<p>M. Miraoui s&rsquo;interroge sur la version de Yazaki, qui a d\u00e9clar\u00e9 \u00e0 l&rsquo;ambassade japonais que les employ\u00e9s ont fait une gr\u00e8ve non annonc\u00e9e le 15 d\u00e9cembre. En r\u00e9alit\u00e9, les employ\u00e9s ont simplement manifest\u00e9 leur m\u00e9contentent sans interrompre leur travail. L&rsquo;UGTT n&rsquo;a d&rsquo;ailleurs aucune responsabilit\u00e9 dans ce mouvement de m\u00e9contentement.<\/p>\n<p>Enfin, le secr\u00e9taire g\u00e9n\u00e9ral de l&rsquo;Union r\u00e9gionale du travail \u00e0 Gafsa accus\u00e9 la soci\u00e9t\u00e9 Yazaki d&rsquo;avoir pr\u00e9m\u00e9dit\u00e9 la fermeture de son unit\u00e9, sachant qu&rsquo;elle a d\u00e9j\u00e0 vir\u00e9 600 employ\u00e9s de son unit\u00e9 de Metlaoui.<\/p>\n","protected":false},"excerpt":{"rendered":"<p>Affaire Yazaki : pour l&rsquo;UGTT, c&rsquo;est la faute des\u2026 Japonais !<\/p>\n","protected":false},"author":3222,"featured_media":374578,"comment_status":"open","ping_status":"closed","sticky":false,"template":"","format":"standard","meta":{"footnotes":""},"categories":[44],"tags":[],"class_list":["post-172363","post","type-post","status-publish","format-standard","has-post-thumbnail","hentry","category-national"],"yoast_head":"<!-- This site is optimized with the Yoast SEO Premium plugin v27.5 (Yoast SEO v27.5) - https:\/\/yoast.com\/product\/yoast-seo-premium-wordpress\/ -->\n<title>Affaire Yazaki : pour l&#039;UGTT, c&#039;est la faute des\u2026 Japonais !<\/title>\n<meta name=\"description\" content=\"Affaire Yazaki : pour l&#039;UGTT, c&#039;est la faute des\u2026 Japonais !\" \/>\n<link rel=\"canonical\" href=\"https:\/\/www.webdo.tn\/fr\/actualite\/blog\/affaire-yazaki-pour-l-ugtt-c-est-la-faute-des-japonais\/172363\/\" \/>\n<meta property=\"og:locale\" content=\"fr_FR\" \/>\n<meta property=\"og:type\" content=\"article\" \/>\n<meta property=\"og:title\" content=\"Affaire Yazaki : pour l&#039;UGTT, c&#039;est la faute des\u2026 Japonais !\" \/>\n<meta property=\"og:description\" content=\"Affaire Yazaki : pour l&#039;UGTT, c&#039;est la faute des\u2026 Japonais !\" \/>\n<meta property=\"og:url\" content=\"https:\/\/www.webdo.tn\/fr\/actualite\/blog\/affaire-yazaki-pour-l-ugtt-c-est-la-faute-des-japonais\/172363\/\" \/>\n<meta property=\"og:site_name\" content=\"webdo\" \/>\n<meta property=\"article:publisher\" content=\"https:\/\/www.facebook.com\/webdotn\" \/>\n<meta property=\"article:published_time\" content=\"2011-12-21T18:34:00+00:00\" \/>\n<meta property=\"article:modified_time\" content=\"2025-06-04T19:03:09+00:00\" \/>\n<meta name=\"author\" content=\"webdo.tn\" \/>\n<meta name=\"twitter:card\" content=\"summary_large_image\" \/>\n<meta name=\"twitter:creator\" content=\"@webdo_tn\" \/>\n<meta name=\"twitter:site\" content=\"@webdo_tn\" \/>\n<meta name=\"twitter:label1\" content=\"\u00c9crit par\" \/>\n\t<meta name=\"twitter:data1\" content=\"webdo.tn\" \/>\n\t<meta name=\"twitter:label2\" content=\"Dur\u00e9e de lecture estim\u00e9e\" \/>\n\t<meta name=\"twitter:data2\" content=\"1 minute\" \/>\n<script type=\"application\/ld+json\" class=\"yoast-schema-graph\">{\"@context\":\"https:\\\/\\\/schema.org\",\"@graph\":[{\"@type\":\"NewsArticle\",\"@id\":\"https:\\\/\\\/www.webdo.tn\\\/fr\\\/actualite\\\/blog\\\/affaire-yazaki-pour-l-ugtt-c-est-la-faute-des-japonais\\\/172363\\\/#article\",\"isPartOf\":{\"@id\":\"https:\\\/\\\/www.webdo.tn\\\/fr\\\/actualite\\\/blog\\\/affaire-yazaki-pour-l-ugtt-c-est-la-faute-des-japonais\\\/172363\\\/\"},\"author\":{\"name\":\"webdo.tn\",\"@id\":\"https:\\\/\\\/www.webdo.tn\\\/fr\\\/#\\\/schema\\\/person\\\/9a9c6118d687c117df8ef3cc36a4d175\"},\"headline\":\"Affaire Yazaki : pour l&rsquo;UGTT, c&rsquo;est la faute des\u2026 Japonais !\",\"datePublished\":\"2011-12-21T18:34:00+00:00\",\"dateModified\":\"2025-06-04T19:03:09+00:00\",\"mainEntityOfPage\":{\"@id\":\"https:\\\/\\\/www.webdo.tn\\\/fr\\\/actualite\\\/blog\\\/affaire-yazaki-pour-l-ugtt-c-est-la-faute-des-japonais\\\/172363\\\/\"},\"wordCount\":308,\"commentCount\":0,\"publisher\":{\"@id\":\"https:\\\/\\\/www.webdo.tn\\\/fr\\\/#organization\"},\"image\":{\"@id\":\"https:\\\/\\\/www.webdo.tn\\\/fr\\\/actualite\\\/blog\\\/affaire-yazaki-pour-l-ugtt-c-est-la-faute-des-japonais\\\/172363\\\/#primaryimage\"},\"thumbnailUrl\":\"https:\\\/\\\/www.webdo.tn\\\/fr\\\/wp-content\\\/uploads\\\/2025\\\/06\\\/Union-generale-des-travailleurs-tunisiens-UGTT-150x150_172363.jpg\",\"articleSection\":[\"National\"],\"inLanguage\":\"fr-FR\"},{\"@type\":\"WebPage\",\"@id\":\"https:\\\/\\\/www.webdo.tn\\\/fr\\\/actualite\\\/blog\\\/affaire-yazaki-pour-l-ugtt-c-est-la-faute-des-japonais\\\/172363\\\/\",\"url\":\"https:\\\/\\\/www.webdo.tn\\\/fr\\\/actualite\\\/blog\\\/affaire-yazaki-pour-l-ugtt-c-est-la-faute-des-japonais\\\/172363\\\/\",\"name\":\"Affaire Yazaki : pour l'UGTT, c'est la faute des\u2026 Japonais !\",\"isPartOf\":{\"@id\":\"https:\\\/\\\/www.webdo.tn\\\/fr\\\/#website\"},\"primaryImageOfPage\":{\"@id\":\"https:\\\/\\\/www.webdo.tn\\\/fr\\\/actualite\\\/blog\\\/affaire-yazaki-pour-l-ugtt-c-est-la-faute-des-japonais\\\/172363\\\/#primaryimage\"},\"image\":{\"@id\":\"https:\\\/\\\/www.webdo.tn\\\/fr\\\/actualite\\\/blog\\\/affaire-yazaki-pour-l-ugtt-c-est-la-faute-des-japonais\\\/172363\\\/#primaryimage\"},\"thumbnailUrl\":\"https:\\\/\\\/www.webdo.tn\\\/fr\\\/wp-content\\\/uploads\\\/2025\\\/06\\\/Union-generale-des-travailleurs-tunisiens-UGTT-150x150_172363.jpg\",\"datePublished\":\"2011-12-21T18:34:00+00:00\",\"dateModified\":\"2025-06-04T19:03:09+00:00\",\"description\":\"Affaire Yazaki : pour l'UGTT, c'est la faute des\u2026 Japonais !\",\"breadcrumb\":{\"@id\":\"https:\\\/\\\/www.webdo.tn\\\/fr\\\/actualite\\\/blog\\\/affaire-yazaki-pour-l-ugtt-c-est-la-faute-des-japonais\\\/172363\\\/#breadcrumb\"},\"inLanguage\":\"fr-FR\",\"potentialAction\":[{\"@type\":\"ReadAction\",\"target\":[\"https:\\\/\\\/www.webdo.tn\\\/fr\\\/actualite\\\/blog\\\/affaire-yazaki-pour-l-ugtt-c-est-la-faute-des-japonais\\\/172363\\\/\"]}]},{\"@type\":\"ImageObject\",\"inLanguage\":\"fr-FR\",\"@id\":\"https:\\\/\\\/www.webdo.tn\\\/fr\\\/actualite\\\/blog\\\/affaire-yazaki-pour-l-ugtt-c-est-la-faute-des-japonais\\\/172363\\\/#primaryimage\",\"url\":\"https:\\\/\\\/www.webdo.tn\\\/fr\\\/wp-content\\\/uploads\\\/2025\\\/06\\\/Union-generale-des-travailleurs-tunisiens-UGTT-150x150_172363.jpg\",\"contentUrl\":\"https:\\\/\\\/www.webdo.tn\\\/fr\\\/wp-content\\\/uploads\\\/2025\\\/06\\\/Union-generale-des-travailleurs-tunisiens-UGTT-150x150_172363.jpg\",\"width\":150,\"height\":150,\"caption\":\"Affaire Yazaki : pour l'UGTT, c'est la faute des\u2026 Japonais !\"},{\"@type\":\"BreadcrumbList\",\"@id\":\"https:\\\/\\\/www.webdo.tn\\\/fr\\\/actualite\\\/blog\\\/affaire-yazaki-pour-l-ugtt-c-est-la-faute-des-japonais\\\/172363\\\/#breadcrumb\",\"itemListElement\":[{\"@type\":\"ListItem\",\"position\":1,\"name\":\"Accueil\",\"item\":\"https:\\\/\\\/www.webdo.tn\\\/fr\\\/\"},{\"@type\":\"ListItem\",\"position\":2,\"name\":\"Affaire Yazaki : pour l&rsquo;UGTT, c&rsquo;est la faute des\u2026 Japonais !\"}]},{\"@type\":\"WebSite\",\"@id\":\"https:\\\/\\\/www.webdo.tn\\\/fr\\\/#website\",\"url\":\"https:\\\/\\\/www.webdo.tn\\\/fr\\\/\",\"name\":\"webdo\",\"description\":\"Tunisie - News en Tunisie et \u00e0 l&#039;international sur Webdo.tn\",\"publisher\":{\"@id\":\"https:\\\/\\\/www.webdo.tn\\\/fr\\\/#organization\"},\"potentialAction\":[{\"@type\":\"SearchAction\",\"target\":{\"@type\":\"EntryPoint\",\"urlTemplate\":\"https:\\\/\\\/www.webdo.tn\\\/fr\\\/?s={search_term_string}\"},\"query-input\":{\"@type\":\"PropertyValueSpecification\",\"valueRequired\":true,\"valueName\":\"search_term_string\"}}],\"inLanguage\":\"fr-FR\"},{\"@type\":\"Organization\",\"@id\":\"https:\\\/\\\/www.webdo.tn\\\/fr\\\/#organization\",\"name\":\"Webdo\",\"alternateName\":\"Webdo.tn\",\"url\":\"https:\\\/\\\/www.webdo.tn\\\/fr\\\/\",\"logo\":{\"@type\":\"ImageObject\",\"inLanguage\":\"fr-FR\",\"@id\":\"https:\\\/\\\/www.webdo.tn\\\/fr\\\/#\\\/schema\\\/logo\\\/image\\\/\",\"url\":\"https:\\\/\\\/www.webdo.tn\\\/fr\\\/wp-content\\\/uploads\\\/2025\\\/06\\\/Webdo-Tunisie_168377.jpg\",\"contentUrl\":\"https:\\\/\\\/www.webdo.tn\\\/fr\\\/wp-content\\\/uploads\\\/2025\\\/06\\\/Webdo-Tunisie_168377.jpg\",\"width\":301,\"height\":301,\"caption\":\"Webdo\"},\"image\":{\"@id\":\"https:\\\/\\\/www.webdo.tn\\\/fr\\\/#\\\/schema\\\/logo\\\/image\\\/\"},\"sameAs\":[\"https:\\\/\\\/www.facebook.com\\\/webdotn\",\"https:\\\/\\\/x.com\\\/webdo_tn\"],\"description\":\"Webdo est un m\u00e9dia num\u00e9rique tunisien fond\u00e9 en 2010, sp\u00e9cialis\u00e9 dans l\u2019actualit\u00e9 nationale et internationale, l\u2019\u00e9conomie, la soci\u00e9t\u00e9 et les analyses politiques. Le site s\u2019adresse \u00e0 un large public francophone et couvre l\u2019information tunisienne en temps r\u00e9el.\",\"email\":\"redac@webdo.tn\",\"legalName\":\"YNJ SARL\",\"foundingDate\":\"2010-09-06\",\"numberOfEmployees\":{\"@type\":\"QuantitativeValue\",\"minValue\":\"11\",\"maxValue\":\"50\"}},{\"@type\":\"Person\",\"@id\":\"https:\\\/\\\/www.webdo.tn\\\/fr\\\/#\\\/schema\\\/person\\\/9a9c6118d687c117df8ef3cc36a4d175\",\"name\":\"webdo.tn\",\"image\":{\"@type\":\"ImageObject\",\"inLanguage\":\"fr-FR\",\"@id\":\"https:\\\/\\\/secure.gravatar.com\\\/avatar\\\/7ce1f28c0c3bbac99ff550b85ef8e44a6950c6ee24514fb6a5489e51d06f0298?s=96&d=mm&r=g\",\"url\":\"https:\\\/\\\/secure.gravatar.com\\\/avatar\\\/7ce1f28c0c3bbac99ff550b85ef8e44a6950c6ee24514fb6a5489e51d06f0298?s=96&d=mm&r=g\",\"contentUrl\":\"https:\\\/\\\/secure.gravatar.com\\\/avatar\\\/7ce1f28c0c3bbac99ff550b85ef8e44a6950c6ee24514fb6a5489e51d06f0298?s=96&d=mm&r=g\",\"caption\":\"webdo.tn\"},\"url\":\"https:\\\/\\\/www.webdo.tn\\\/fr\\\/actualite\\\/author\\\/webdotn\\\/\"}]}<\/script>\n<!-- \/ Yoast SEO Premium plugin. -->","yoast_head_json":{"title":"Affaire Yazaki : pour l'UGTT, c'est la faute des\u2026 Japonais !","description":"Affaire Yazaki : pour l'UGTT, c'est la faute des\u2026 Japonais !","canonical":"https:\/\/www.webdo.tn\/fr\/actualite\/blog\/affaire-yazaki-pour-l-ugtt-c-est-la-faute-des-japonais\/172363\/","og_locale":"fr_FR","og_type":"article","og_title":"Affaire Yazaki : pour l'UGTT, c'est la faute des\u2026 Japonais !","og_description":"Affaire Yazaki : pour l'UGTT, c'est la faute des\u2026 Japonais !","og_url":"https:\/\/www.webdo.tn\/fr\/actualite\/blog\/affaire-yazaki-pour-l-ugtt-c-est-la-faute-des-japonais\/172363\/","og_site_name":"webdo","article_publisher":"https:\/\/www.facebook.com\/webdotn","article_published_time":"2011-12-21T18:34:00+00:00","article_modified_time":"2025-06-04T19:03:09+00:00","author":"webdo.tn","twitter_card":"summary_large_image","twitter_creator":"@webdo_tn","twitter_site":"@webdo_tn","twitter_misc":{"\u00c9crit par":"webdo.tn","Dur\u00e9e de lecture estim\u00e9e":"1 minute"},"schema":{"@context":"https:\/\/schema.org","@graph":[{"@type":"NewsArticle","@id":"https:\/\/www.webdo.tn\/fr\/actualite\/blog\/affaire-yazaki-pour-l-ugtt-c-est-la-faute-des-japonais\/172363\/#article","isPartOf":{"@id":"https:\/\/www.webdo.tn\/fr\/actualite\/blog\/affaire-yazaki-pour-l-ugtt-c-est-la-faute-des-japonais\/172363\/"},"author":{"name":"webdo.tn","@id":"https:\/\/www.webdo.tn\/fr\/#\/schema\/person\/9a9c6118d687c117df8ef3cc36a4d175"},"headline":"Affaire Yazaki : pour l&rsquo;UGTT, c&rsquo;est la faute des\u2026 Japonais !","datePublished":"2011-12-21T18:34:00+00:00","dateModified":"2025-06-04T19:03:09+00:00","mainEntityOfPage":{"@id":"https:\/\/www.webdo.tn\/fr\/actualite\/blog\/affaire-yazaki-pour-l-ugtt-c-est-la-faute-des-japonais\/172363\/"},"wordCount":308,"commentCount":0,"publisher":{"@id":"https:\/\/www.webdo.tn\/fr\/#organization"},"image":{"@id":"https:\/\/www.webdo.tn\/fr\/actualite\/blog\/affaire-yazaki-pour-l-ugtt-c-est-la-faute-des-japonais\/172363\/#primaryimage"},"thumbnailUrl":"https:\/\/www.webdo.tn\/fr\/wp-content\/uploads\/2025\/06\/Union-generale-des-travailleurs-tunisiens-UGTT-150x150_172363.jpg","articleSection":["National"],"inLanguage":"fr-FR"},{"@type":"WebPage","@id":"https:\/\/www.webdo.tn\/fr\/actualite\/blog\/affaire-yazaki-pour-l-ugtt-c-est-la-faute-des-japonais\/172363\/","url":"https:\/\/www.webdo.tn\/fr\/actualite\/blog\/affaire-yazaki-pour-l-ugtt-c-est-la-faute-des-japonais\/172363\/","name":"Affaire Yazaki : pour l'UGTT, c'est la faute des\u2026 Japonais !","isPartOf":{"@id":"https:\/\/www.webdo.tn\/fr\/#website"},"primaryImageOfPage":{"@id":"https:\/\/www.webdo.tn\/fr\/actualite\/blog\/affaire-yazaki-pour-l-ugtt-c-est-la-faute-des-japonais\/172363\/#primaryimage"},"image":{"@id":"https:\/\/www.webdo.tn\/fr\/actualite\/blog\/affaire-yazaki-pour-l-ugtt-c-est-la-faute-des-japonais\/172363\/#primaryimage"},"thumbnailUrl":"https:\/\/www.webdo.tn\/fr\/wp-content\/uploads\/2025\/06\/Union-generale-des-travailleurs-tunisiens-UGTT-150x150_172363.jpg","datePublished":"2011-12-21T18:34:00+00:00","dateModified":"2025-06-04T19:03:09+00:00","description":"Affaire Yazaki : pour l'UGTT, c'est la faute des\u2026 Japonais !","breadcrumb":{"@id":"https:\/\/www.webdo.tn\/fr\/actualite\/blog\/affaire-yazaki-pour-l-ugtt-c-est-la-faute-des-japonais\/172363\/#breadcrumb"},"inLanguage":"fr-FR","potentialAction":[{"@type":"ReadAction","target":["https:\/\/www.webdo.tn\/fr\/actualite\/blog\/affaire-yazaki-pour-l-ugtt-c-est-la-faute-des-japonais\/172363\/"]}]},{"@type":"ImageObject","inLanguage":"fr-FR","@id":"https:\/\/www.webdo.tn\/fr\/actualite\/blog\/affaire-yazaki-pour-l-ugtt-c-est-la-faute-des-japonais\/172363\/#primaryimage","url":"https:\/\/www.webdo.tn\/fr\/wp-content\/uploads\/2025\/06\/Union-generale-des-travailleurs-tunisiens-UGTT-150x150_172363.jpg","contentUrl":"https:\/\/www.webdo.tn\/fr\/wp-content\/uploads\/2025\/06\/Union-generale-des-travailleurs-tunisiens-UGTT-150x150_172363.jpg","width":150,"height":150,"caption":"Affaire Yazaki : pour l'UGTT, c'est la faute des\u2026 Japonais !"},{"@type":"BreadcrumbList","@id":"https:\/\/www.webdo.tn\/fr\/actualite\/blog\/affaire-yazaki-pour-l-ugtt-c-est-la-faute-des-japonais\/172363\/#breadcrumb","itemListElement":[{"@type":"ListItem","position":1,"name":"Accueil","item":"https:\/\/www.webdo.tn\/fr\/"},{"@type":"ListItem","position":2,"name":"Affaire Yazaki : pour l&rsquo;UGTT, c&rsquo;est la faute des\u2026 Japonais !"}]},{"@type":"WebSite","@id":"https:\/\/www.webdo.tn\/fr\/#website","url":"https:\/\/www.webdo.tn\/fr\/","name":"webdo","description":"Tunisie - News en Tunisie et \u00e0 l&#039;international sur Webdo.tn","publisher":{"@id":"https:\/\/www.webdo.tn\/fr\/#organization"},"potentialAction":[{"@type":"SearchAction","target":{"@type":"EntryPoint","urlTemplate":"https:\/\/www.webdo.tn\/fr\/?s={search_term_string}"},"query-input":{"@type":"PropertyValueSpecification","valueRequired":true,"valueName":"search_term_string"}}],"inLanguage":"fr-FR"},{"@type":"Organization","@id":"https:\/\/www.webdo.tn\/fr\/#organization","name":"Webdo","alternateName":"Webdo.tn","url":"https:\/\/www.webdo.tn\/fr\/","logo":{"@type":"ImageObject","inLanguage":"fr-FR","@id":"https:\/\/www.webdo.tn\/fr\/#\/schema\/logo\/image\/","url":"https:\/\/www.webdo.tn\/fr\/wp-content\/uploads\/2025\/06\/Webdo-Tunisie_168377.jpg","contentUrl":"https:\/\/www.webdo.tn\/fr\/wp-content\/uploads\/2025\/06\/Webdo-Tunisie_168377.jpg","width":301,"height":301,"caption":"Webdo"},"image":{"@id":"https:\/\/www.webdo.tn\/fr\/#\/schema\/logo\/image\/"},"sameAs":["https:\/\/www.facebook.com\/webdotn","https:\/\/x.com\/webdo_tn"],"description":"Webdo est un m\u00e9dia num\u00e9rique tunisien fond\u00e9 en 2010, sp\u00e9cialis\u00e9 dans l\u2019actualit\u00e9 nationale et internationale, l\u2019\u00e9conomie, la soci\u00e9t\u00e9 et les analyses politiques. Le site s\u2019adresse \u00e0 un large public francophone et couvre l\u2019information tunisienne en temps r\u00e9el.","email":"redac@webdo.tn","legalName":"YNJ SARL","foundingDate":"2010-09-06","numberOfEmployees":{"@type":"QuantitativeValue","minValue":"11","maxValue":"50"}},{"@type":"Person","@id":"https:\/\/www.webdo.tn\/fr\/#\/schema\/person\/9a9c6118d687c117df8ef3cc36a4d175","name":"webdo.tn","image":{"@type":"ImageObject","inLanguage":"fr-FR","@id":"https:\/\/secure.gravatar.com\/avatar\/7ce1f28c0c3bbac99ff550b85ef8e44a6950c6ee24514fb6a5489e51d06f0298?s=96&d=mm&r=g","url":"https:\/\/secure.gravatar.com\/avatar\/7ce1f28c0c3bbac99ff550b85ef8e44a6950c6ee24514fb6a5489e51d06f0298?s=96&d=mm&r=g","contentUrl":"https:\/\/secure.gravatar.com\/avatar\/7ce1f28c0c3bbac99ff550b85ef8e44a6950c6ee24514fb6a5489e51d06f0298?s=96&d=mm&r=g","caption":"webdo.tn"},"url":"https:\/\/www.webdo.tn\/fr\/actualite\/author\/webdotn\/"}]}},"_links":{"self":[{"href":"https:\/\/www.webdo.tn\/fr\/wp-json\/wp\/v2\/posts\/172363","targetHints":{"allow":["GET"]}}],"collection":[{"href":"https:\/\/www.webdo.tn\/fr\/wp-json\/wp\/v2\/posts"}],"about":[{"href":"https:\/\/www.webdo.tn\/fr\/wp-json\/wp\/v2\/types\/post"}],"author":[{"embeddable":true,"href":"https:\/\/www.webdo.tn\/fr\/wp-json\/wp\/v2\/users\/3222"}],"replies":[{"embeddable":true,"href":"https:\/\/www.webdo.tn\/fr\/wp-json\/wp\/v2\/comments?post=172363"}],"version-history":[{"count":0,"href":"https:\/\/www.webdo.tn\/fr\/wp-json\/wp\/v2\/posts\/172363\/revisions"}],"wp:featuredmedia":[{"embeddable":true,"href":"https:\/\/www.webdo.tn\/fr\/wp-json\/wp\/v2\/media\/374578"}],"wp:attachment":[{"href":"https:\/\/www.webdo.tn\/fr\/wp-json\/wp\/v2\/media?parent=172363"}],"wp:term":[{"taxonomy":"category","embeddable":true,"href":"https:\/\/www.webdo.tn\/fr\/wp-json\/wp\/v2\/categories?post=172363"},{"taxonomy":"post_tag","embeddable":true,"href":"https:\/\/www.webdo.tn\/fr\/wp-json\/wp\/v2\/tags?post=172363"}],"curies":[{"name":"wp","href":"https:\/\/api.w.org\/{rel}","templated":true}]}}