{"id":172362,"date":"2011-12-21T18:38:00","date_gmt":"2011-12-21T18:38:00","guid":{"rendered":"https:\/\/www.webdo.tn\/fr\/blog\/une-societe-francaise-ferme-ses-portes-dans-notresud\/172362\/"},"modified":"2011-12-21T18:38:00","modified_gmt":"2011-12-21T18:38:00","slug":"une-societe-francaise-ferme-ses-portes-dans-notresud","status":"publish","type":"post","link":"https:\/\/www.webdo.tn\/fr\/actualite\/national\/une-societe-francaise-ferme-ses-portes-dans-notresud\/172362\/","title":{"rendered":"Une autre soci\u00e9t\u00e9, fran\u00e7aise, ferme ses portes dans notre\u2026 Sud!"},"content":{"rendered":"<p>Et \u00e7a continue&#8230; D\u00e9cid\u00e9ment, la Tunisie semble engag\u00e9e dans une spirale n\u00e9gative qui ne risque pas de s&rsquo;arr\u00eater de sit\u00f4t, tant les citoyens ne seront toujours pas conscients de la gravit\u00e9 de la situation.<\/p>\n<p>Apr\u00e8s l&rsquo;unit\u00e9 de Yazaki \u00e0 Moular\u00e8s, c&rsquo;est au tour d&rsquo;une entreprise fran\u00e7aise de production de fourrages, \u00e0 Gab\u00e8s, de fermer ses portes et de quitter la Tunisie, ce que rapporte la radio Shems Fm. Cette soci\u00e9t\u00e9, Timab Tunisie, qui utilisait le phosphate bicalcique, produit par le Groupe Chimique Tunisien, n&rsquo;en peut plus des sit in \u00e0 r\u00e9p\u00e9tition organis\u00e9s par ses employ\u00e9s. Les responsables ont donc d\u00e9cid\u00e9 de claquer la porte.<\/p>\n<p>Et ce n&rsquo;est pas tout ! Toujours \u00e0 Gab\u00e8s, les agents de la sous-traitance de la cimenterie emp\u00eachent le bon fonctionnement de l&rsquo;usine. La production est \u00e0 l&rsquo;arr\u00eat complet. Pour rappel, c&rsquo;est cette cimenterie qui fournit le ciment dans toute la r\u00e9gion sud-ouest du pays.<\/p>\n<p>Autant dire que, sans tomber dans le pessimisme, l&rsquo;heure est vraiment grave dans le Sud du pays&#8230;<\/p>\n","protected":false},"excerpt":{"rendered":"<p>Une autre soci\u00e9t\u00e9, fran\u00e7aise, ferme ses portes dans notre\u2026 Sud!<\/p>\n","protected":false},"author":3222,"featured_media":333862,"comment_status":"open","ping_status":"closed","sticky":false,"template":"","format":"standard","meta":{"footnotes":""},"categories":[44],"tags":[2600],"class_list":["post-172362","post","type-post","status-publish","format-standard","has-post-thumbnail","hentry","category-national","tag-guerre"],"yoast_head":"<!-- This site is optimized with the Yoast SEO Premium plugin v27.5 (Yoast SEO v27.5) - https:\/\/yoast.com\/product\/yoast-seo-premium-wordpress\/ -->\n<title>Une autre soci\u00e9t\u00e9, fran\u00e7aise, ferme ses portes dans notre\u2026 Sud!<\/title>\n<meta name=\"description\" content=\"Une autre soci\u00e9t\u00e9, fran\u00e7aise, ferme ses portes dans notre\u2026 Sud!\" \/>\n<link rel=\"canonical\" href=\"https:\/\/www.webdo.tn\/fr\/actualite\/national-45\/une-societe-francaise-ferme-ses-portes-dans-notresud\/172362\/\" \/>\n<meta property=\"og:locale\" content=\"fr_FR\" \/>\n<meta property=\"og:type\" content=\"article\" \/>\n<meta property=\"og:title\" content=\"Une autre soci\u00e9t\u00e9, fran\u00e7aise, ferme ses portes dans notre\u2026 Sud!\" \/>\n<meta property=\"og:description\" content=\"Une autre soci\u00e9t\u00e9, fran\u00e7aise, ferme ses portes dans notre\u2026 Sud!\" \/>\n<meta property=\"og:url\" content=\"https:\/\/www.webdo.tn\/fr\/actualite\/national-45\/une-societe-francaise-ferme-ses-portes-dans-notresud\/172362\/\" \/>\n<meta property=\"og:site_name\" content=\"webdo\" \/>\n<meta property=\"article:publisher\" content=\"https:\/\/www.facebook.com\/webdotn\" \/>\n<meta property=\"article:published_time\" content=\"2011-12-21T18:38:00+00:00\" \/>\n<meta property=\"og:image\" content=\"https:\/\/www.webdo.tn\/fr\/wp-content\/uploads\/2011\/12\/TIMAB-Tunisie.gif\" \/>\n\t<meta property=\"og:image:width\" content=\"113\" \/>\n\t<meta property=\"og:image:height\" content=\"54\" \/>\n\t<meta property=\"og:image:type\" content=\"image\/gif\" \/>\n<meta name=\"author\" content=\"webdo.tn\" \/>\n<meta name=\"twitter:card\" content=\"summary_large_image\" \/>\n<meta name=\"twitter:creator\" content=\"@webdo_tn\" \/>\n<meta name=\"twitter:site\" content=\"@webdo_tn\" \/>\n<meta name=\"twitter:label1\" content=\"\u00c9crit par\" \/>\n\t<meta name=\"twitter:data1\" content=\"webdo.tn\" \/>\n\t<meta name=\"twitter:label2\" content=\"Dur\u00e9e de lecture estim\u00e9e\" \/>\n\t<meta name=\"twitter:data2\" content=\"1 minute\" \/>\n<script type=\"application\/ld+json\" class=\"yoast-schema-graph\">{\"@context\":\"https:\\\/\\\/schema.org\",\"@graph\":[{\"@type\":\"NewsArticle\",\"@id\":\"https:\\\/\\\/www.webdo.tn\\\/fr\\\/actualite\\\/national-45\\\/une-societe-francaise-ferme-ses-portes-dans-notresud\\\/172362\\\/#article\",\"isPartOf\":{\"@id\":\"https:\\\/\\\/www.webdo.tn\\\/fr\\\/actualite\\\/national-45\\\/une-societe-francaise-ferme-ses-portes-dans-notresud\\\/172362\\\/\"},\"author\":{\"name\":\"webdo.tn\",\"@id\":\"https:\\\/\\\/www.webdo.tn\\\/fr\\\/#\\\/schema\\\/person\\\/9a9c6118d687c117df8ef3cc36a4d175\"},\"headline\":\"Une autre soci\u00e9t\u00e9, fran\u00e7aise, ferme ses portes dans notre\u2026 Sud!\",\"datePublished\":\"2011-12-21T18:38:00+00:00\",\"mainEntityOfPage\":{\"@id\":\"https:\\\/\\\/www.webdo.tn\\\/fr\\\/actualite\\\/national-45\\\/une-societe-francaise-ferme-ses-portes-dans-notresud\\\/172362\\\/\"},\"wordCount\":202,\"commentCount\":0,\"publisher\":{\"@id\":\"https:\\\/\\\/www.webdo.tn\\\/fr\\\/#organization\"},\"image\":{\"@id\":\"https:\\\/\\\/www.webdo.tn\\\/fr\\\/actualite\\\/national-45\\\/une-societe-francaise-ferme-ses-portes-dans-notresud\\\/172362\\\/#primaryimage\"},\"thumbnailUrl\":\"https:\\\/\\\/www.webdo.tn\\\/fr\\\/wp-content\\\/uploads\\\/2011\\\/12\\\/TIMAB-Tunisie.gif\",\"keywords\":[\"guerre\"],\"articleSection\":[\"National\"],\"inLanguage\":\"fr-FR\"},{\"@type\":\"WebPage\",\"@id\":\"https:\\\/\\\/www.webdo.tn\\\/fr\\\/actualite\\\/national-45\\\/une-societe-francaise-ferme-ses-portes-dans-notresud\\\/172362\\\/\",\"url\":\"https:\\\/\\\/www.webdo.tn\\\/fr\\\/actualite\\\/national-45\\\/une-societe-francaise-ferme-ses-portes-dans-notresud\\\/172362\\\/\",\"name\":\"Une autre soci\u00e9t\u00e9, fran\u00e7aise, ferme ses portes dans notre\u2026 Sud!\",\"isPartOf\":{\"@id\":\"https:\\\/\\\/www.webdo.tn\\\/fr\\\/#website\"},\"primaryImageOfPage\":{\"@id\":\"https:\\\/\\\/www.webdo.tn\\\/fr\\\/actualite\\\/national-45\\\/une-societe-francaise-ferme-ses-portes-dans-notresud\\\/172362\\\/#primaryimage\"},\"image\":{\"@id\":\"https:\\\/\\\/www.webdo.tn\\\/fr\\\/actualite\\\/national-45\\\/une-societe-francaise-ferme-ses-portes-dans-notresud\\\/172362\\\/#primaryimage\"},\"thumbnailUrl\":\"https:\\\/\\\/www.webdo.tn\\\/fr\\\/wp-content\\\/uploads\\\/2011\\\/12\\\/TIMAB-Tunisie.gif\",\"datePublished\":\"2011-12-21T18:38:00+00:00\",\"description\":\"Une autre soci\u00e9t\u00e9, fran\u00e7aise, ferme ses portes dans notre\u2026 Sud!\",\"breadcrumb\":{\"@id\":\"https:\\\/\\\/www.webdo.tn\\\/fr\\\/actualite\\\/national-45\\\/une-societe-francaise-ferme-ses-portes-dans-notresud\\\/172362\\\/#breadcrumb\"},\"inLanguage\":\"fr-FR\",\"potentialAction\":[{\"@type\":\"ReadAction\",\"target\":[\"https:\\\/\\\/www.webdo.tn\\\/fr\\\/actualite\\\/national-45\\\/une-societe-francaise-ferme-ses-portes-dans-notresud\\\/172362\\\/\"]}]},{\"@type\":\"ImageObject\",\"inLanguage\":\"fr-FR\",\"@id\":\"https:\\\/\\\/www.webdo.tn\\\/fr\\\/actualite\\\/national-45\\\/une-societe-francaise-ferme-ses-portes-dans-notresud\\\/172362\\\/#primaryimage\",\"url\":\"https:\\\/\\\/www.webdo.tn\\\/fr\\\/wp-content\\\/uploads\\\/2011\\\/12\\\/TIMAB-Tunisie.gif\",\"contentUrl\":\"https:\\\/\\\/www.webdo.tn\\\/fr\\\/wp-content\\\/uploads\\\/2011\\\/12\\\/TIMAB-Tunisie.gif\",\"width\":113,\"height\":54,\"caption\":\"Une autre soci\u00e9t\u00e9, fran\u00e7aise, ferme ses portes dans notre\u2026 Sud!\"},{\"@type\":\"BreadcrumbList\",\"@id\":\"https:\\\/\\\/www.webdo.tn\\\/fr\\\/actualite\\\/national-45\\\/une-societe-francaise-ferme-ses-portes-dans-notresud\\\/172362\\\/#breadcrumb\",\"itemListElement\":[{\"@type\":\"ListItem\",\"position\":1,\"name\":\"Accueil\",\"item\":\"https:\\\/\\\/www.webdo.tn\\\/fr\\\/\"},{\"@type\":\"ListItem\",\"position\":2,\"name\":\"Une autre soci\u00e9t\u00e9, fran\u00e7aise, ferme ses portes dans notre\u2026 Sud!\"}]},{\"@type\":\"WebSite\",\"@id\":\"https:\\\/\\\/www.webdo.tn\\\/fr\\\/#website\",\"url\":\"https:\\\/\\\/www.webdo.tn\\\/fr\\\/\",\"name\":\"webdo\",\"description\":\"Tunisie - News en Tunisie et \u00e0 l&#039;international sur Webdo.tn\",\"publisher\":{\"@id\":\"https:\\\/\\\/www.webdo.tn\\\/fr\\\/#organization\"},\"potentialAction\":[{\"@type\":\"SearchAction\",\"target\":{\"@type\":\"EntryPoint\",\"urlTemplate\":\"https:\\\/\\\/www.webdo.tn\\\/fr\\\/?s={search_term_string}\"},\"query-input\":{\"@type\":\"PropertyValueSpecification\",\"valueRequired\":true,\"valueName\":\"search_term_string\"}}],\"inLanguage\":\"fr-FR\"},{\"@type\":\"Organization\",\"@id\":\"https:\\\/\\\/www.webdo.tn\\\/fr\\\/#organization\",\"name\":\"Webdo\",\"alternateName\":\"Webdo.tn\",\"url\":\"https:\\\/\\\/www.webdo.tn\\\/fr\\\/\",\"logo\":{\"@type\":\"ImageObject\",\"inLanguage\":\"fr-FR\",\"@id\":\"https:\\\/\\\/www.webdo.tn\\\/fr\\\/#\\\/schema\\\/logo\\\/image\\\/\",\"url\":\"https:\\\/\\\/www.webdo.tn\\\/fr\\\/wp-content\\\/uploads\\\/2025\\\/06\\\/Webdo-Tunisie_168377.jpg\",\"contentUrl\":\"https:\\\/\\\/www.webdo.tn\\\/fr\\\/wp-content\\\/uploads\\\/2025\\\/06\\\/Webdo-Tunisie_168377.jpg\",\"width\":301,\"height\":301,\"caption\":\"Webdo\"},\"image\":{\"@id\":\"https:\\\/\\\/www.webdo.tn\\\/fr\\\/#\\\/schema\\\/logo\\\/image\\\/\"},\"sameAs\":[\"https:\\\/\\\/www.facebook.com\\\/webdotn\",\"https:\\\/\\\/x.com\\\/webdo_tn\"],\"description\":\"Webdo est un m\u00e9dia num\u00e9rique tunisien fond\u00e9 en 2010, sp\u00e9cialis\u00e9 dans l\u2019actualit\u00e9 nationale et internationale, l\u2019\u00e9conomie, la soci\u00e9t\u00e9 et les analyses politiques. Le site s\u2019adresse \u00e0 un large public francophone et couvre l\u2019information tunisienne en temps r\u00e9el.\",\"email\":\"redac@webdo.tn\",\"legalName\":\"YNJ SARL\",\"foundingDate\":\"2010-09-06\",\"numberOfEmployees\":{\"@type\":\"QuantitativeValue\",\"minValue\":\"11\",\"maxValue\":\"50\"}},{\"@type\":\"Person\",\"@id\":\"https:\\\/\\\/www.webdo.tn\\\/fr\\\/#\\\/schema\\\/person\\\/9a9c6118d687c117df8ef3cc36a4d175\",\"name\":\"webdo.tn\",\"image\":{\"@type\":\"ImageObject\",\"inLanguage\":\"fr-FR\",\"@id\":\"https:\\\/\\\/secure.gravatar.com\\\/avatar\\\/7ce1f28c0c3bbac99ff550b85ef8e44a6950c6ee24514fb6a5489e51d06f0298?s=96&d=mm&r=g\",\"url\":\"https:\\\/\\\/secure.gravatar.com\\\/avatar\\\/7ce1f28c0c3bbac99ff550b85ef8e44a6950c6ee24514fb6a5489e51d06f0298?s=96&d=mm&r=g\",\"contentUrl\":\"https:\\\/\\\/secure.gravatar.com\\\/avatar\\\/7ce1f28c0c3bbac99ff550b85ef8e44a6950c6ee24514fb6a5489e51d06f0298?s=96&d=mm&r=g\",\"caption\":\"webdo.tn\"},\"url\":\"https:\\\/\\\/www.webdo.tn\\\/fr\\\/actualite\\\/author\\\/webdotn\\\/\"}]}<\/script>\n<!-- \/ Yoast SEO Premium plugin. -->","yoast_head_json":{"title":"Une autre soci\u00e9t\u00e9, fran\u00e7aise, ferme ses portes dans notre\u2026 Sud!","description":"Une autre soci\u00e9t\u00e9, fran\u00e7aise, ferme ses portes dans notre\u2026 Sud!","canonical":"https:\/\/www.webdo.tn\/fr\/actualite\/national-45\/une-societe-francaise-ferme-ses-portes-dans-notresud\/172362\/","og_locale":"fr_FR","og_type":"article","og_title":"Une autre soci\u00e9t\u00e9, fran\u00e7aise, ferme ses portes dans notre\u2026 Sud!","og_description":"Une autre soci\u00e9t\u00e9, fran\u00e7aise, ferme ses portes dans notre\u2026 Sud!","og_url":"https:\/\/www.webdo.tn\/fr\/actualite\/national-45\/une-societe-francaise-ferme-ses-portes-dans-notresud\/172362\/","og_site_name":"webdo","article_publisher":"https:\/\/www.facebook.com\/webdotn","article_published_time":"2011-12-21T18:38:00+00:00","og_image":[{"width":113,"height":54,"url":"https:\/\/www.webdo.tn\/fr\/wp-content\/uploads\/2011\/12\/TIMAB-Tunisie.gif","type":"image\/gif"}],"author":"webdo.tn","twitter_card":"summary_large_image","twitter_creator":"@webdo_tn","twitter_site":"@webdo_tn","twitter_misc":{"\u00c9crit par":"webdo.tn","Dur\u00e9e de lecture estim\u00e9e":"1 minute"},"schema":{"@context":"https:\/\/schema.org","@graph":[{"@type":"NewsArticle","@id":"https:\/\/www.webdo.tn\/fr\/actualite\/national-45\/une-societe-francaise-ferme-ses-portes-dans-notresud\/172362\/#article","isPartOf":{"@id":"https:\/\/www.webdo.tn\/fr\/actualite\/national-45\/une-societe-francaise-ferme-ses-portes-dans-notresud\/172362\/"},"author":{"name":"webdo.tn","@id":"https:\/\/www.webdo.tn\/fr\/#\/schema\/person\/9a9c6118d687c117df8ef3cc36a4d175"},"headline":"Une autre soci\u00e9t\u00e9, fran\u00e7aise, ferme ses portes dans notre\u2026 Sud!","datePublished":"2011-12-21T18:38:00+00:00","mainEntityOfPage":{"@id":"https:\/\/www.webdo.tn\/fr\/actualite\/national-45\/une-societe-francaise-ferme-ses-portes-dans-notresud\/172362\/"},"wordCount":202,"commentCount":0,"publisher":{"@id":"https:\/\/www.webdo.tn\/fr\/#organization"},"image":{"@id":"https:\/\/www.webdo.tn\/fr\/actualite\/national-45\/une-societe-francaise-ferme-ses-portes-dans-notresud\/172362\/#primaryimage"},"thumbnailUrl":"https:\/\/www.webdo.tn\/fr\/wp-content\/uploads\/2011\/12\/TIMAB-Tunisie.gif","keywords":["guerre"],"articleSection":["National"],"inLanguage":"fr-FR"},{"@type":"WebPage","@id":"https:\/\/www.webdo.tn\/fr\/actualite\/national-45\/une-societe-francaise-ferme-ses-portes-dans-notresud\/172362\/","url":"https:\/\/www.webdo.tn\/fr\/actualite\/national-45\/une-societe-francaise-ferme-ses-portes-dans-notresud\/172362\/","name":"Une autre soci\u00e9t\u00e9, fran\u00e7aise, ferme ses portes dans notre\u2026 Sud!","isPartOf":{"@id":"https:\/\/www.webdo.tn\/fr\/#website"},"primaryImageOfPage":{"@id":"https:\/\/www.webdo.tn\/fr\/actualite\/national-45\/une-societe-francaise-ferme-ses-portes-dans-notresud\/172362\/#primaryimage"},"image":{"@id":"https:\/\/www.webdo.tn\/fr\/actualite\/national-45\/une-societe-francaise-ferme-ses-portes-dans-notresud\/172362\/#primaryimage"},"thumbnailUrl":"https:\/\/www.webdo.tn\/fr\/wp-content\/uploads\/2011\/12\/TIMAB-Tunisie.gif","datePublished":"2011-12-21T18:38:00+00:00","description":"Une autre soci\u00e9t\u00e9, fran\u00e7aise, ferme ses portes dans notre\u2026 Sud!","breadcrumb":{"@id":"https:\/\/www.webdo.tn\/fr\/actualite\/national-45\/une-societe-francaise-ferme-ses-portes-dans-notresud\/172362\/#breadcrumb"},"inLanguage":"fr-FR","potentialAction":[{"@type":"ReadAction","target":["https:\/\/www.webdo.tn\/fr\/actualite\/national-45\/une-societe-francaise-ferme-ses-portes-dans-notresud\/172362\/"]}]},{"@type":"ImageObject","inLanguage":"fr-FR","@id":"https:\/\/www.webdo.tn\/fr\/actualite\/national-45\/une-societe-francaise-ferme-ses-portes-dans-notresud\/172362\/#primaryimage","url":"https:\/\/www.webdo.tn\/fr\/wp-content\/uploads\/2011\/12\/TIMAB-Tunisie.gif","contentUrl":"https:\/\/www.webdo.tn\/fr\/wp-content\/uploads\/2011\/12\/TIMAB-Tunisie.gif","width":113,"height":54,"caption":"Une autre soci\u00e9t\u00e9, fran\u00e7aise, ferme ses portes dans notre\u2026 Sud!"},{"@type":"BreadcrumbList","@id":"https:\/\/www.webdo.tn\/fr\/actualite\/national-45\/une-societe-francaise-ferme-ses-portes-dans-notresud\/172362\/#breadcrumb","itemListElement":[{"@type":"ListItem","position":1,"name":"Accueil","item":"https:\/\/www.webdo.tn\/fr\/"},{"@type":"ListItem","position":2,"name":"Une autre soci\u00e9t\u00e9, fran\u00e7aise, ferme ses portes dans notre\u2026 Sud!"}]},{"@type":"WebSite","@id":"https:\/\/www.webdo.tn\/fr\/#website","url":"https:\/\/www.webdo.tn\/fr\/","name":"webdo","description":"Tunisie - News en Tunisie et \u00e0 l&#039;international sur Webdo.tn","publisher":{"@id":"https:\/\/www.webdo.tn\/fr\/#organization"},"potentialAction":[{"@type":"SearchAction","target":{"@type":"EntryPoint","urlTemplate":"https:\/\/www.webdo.tn\/fr\/?s={search_term_string}"},"query-input":{"@type":"PropertyValueSpecification","valueRequired":true,"valueName":"search_term_string"}}],"inLanguage":"fr-FR"},{"@type":"Organization","@id":"https:\/\/www.webdo.tn\/fr\/#organization","name":"Webdo","alternateName":"Webdo.tn","url":"https:\/\/www.webdo.tn\/fr\/","logo":{"@type":"ImageObject","inLanguage":"fr-FR","@id":"https:\/\/www.webdo.tn\/fr\/#\/schema\/logo\/image\/","url":"https:\/\/www.webdo.tn\/fr\/wp-content\/uploads\/2025\/06\/Webdo-Tunisie_168377.jpg","contentUrl":"https:\/\/www.webdo.tn\/fr\/wp-content\/uploads\/2025\/06\/Webdo-Tunisie_168377.jpg","width":301,"height":301,"caption":"Webdo"},"image":{"@id":"https:\/\/www.webdo.tn\/fr\/#\/schema\/logo\/image\/"},"sameAs":["https:\/\/www.facebook.com\/webdotn","https:\/\/x.com\/webdo_tn"],"description":"Webdo est un m\u00e9dia num\u00e9rique tunisien fond\u00e9 en 2010, sp\u00e9cialis\u00e9 dans l\u2019actualit\u00e9 nationale et internationale, l\u2019\u00e9conomie, la soci\u00e9t\u00e9 et les analyses politiques. Le site s\u2019adresse \u00e0 un large public francophone et couvre l\u2019information tunisienne en temps r\u00e9el.","email":"redac@webdo.tn","legalName":"YNJ SARL","foundingDate":"2010-09-06","numberOfEmployees":{"@type":"QuantitativeValue","minValue":"11","maxValue":"50"}},{"@type":"Person","@id":"https:\/\/www.webdo.tn\/fr\/#\/schema\/person\/9a9c6118d687c117df8ef3cc36a4d175","name":"webdo.tn","image":{"@type":"ImageObject","inLanguage":"fr-FR","@id":"https:\/\/secure.gravatar.com\/avatar\/7ce1f28c0c3bbac99ff550b85ef8e44a6950c6ee24514fb6a5489e51d06f0298?s=96&d=mm&r=g","url":"https:\/\/secure.gravatar.com\/avatar\/7ce1f28c0c3bbac99ff550b85ef8e44a6950c6ee24514fb6a5489e51d06f0298?s=96&d=mm&r=g","contentUrl":"https:\/\/secure.gravatar.com\/avatar\/7ce1f28c0c3bbac99ff550b85ef8e44a6950c6ee24514fb6a5489e51d06f0298?s=96&d=mm&r=g","caption":"webdo.tn"},"url":"https:\/\/www.webdo.tn\/fr\/actualite\/author\/webdotn\/"}]}},"_links":{"self":[{"href":"https:\/\/www.webdo.tn\/fr\/wp-json\/wp\/v2\/posts\/172362","targetHints":{"allow":["GET"]}}],"collection":[{"href":"https:\/\/www.webdo.tn\/fr\/wp-json\/wp\/v2\/posts"}],"about":[{"href":"https:\/\/www.webdo.tn\/fr\/wp-json\/wp\/v2\/types\/post"}],"author":[{"embeddable":true,"href":"https:\/\/www.webdo.tn\/fr\/wp-json\/wp\/v2\/users\/3222"}],"replies":[{"embeddable":true,"href":"https:\/\/www.webdo.tn\/fr\/wp-json\/wp\/v2\/comments?post=172362"}],"version-history":[{"count":0,"href":"https:\/\/www.webdo.tn\/fr\/wp-json\/wp\/v2\/posts\/172362\/revisions"}],"wp:featuredmedia":[{"embeddable":true,"href":"https:\/\/www.webdo.tn\/fr\/wp-json\/wp\/v2\/media\/333862"}],"wp:attachment":[{"href":"https:\/\/www.webdo.tn\/fr\/wp-json\/wp\/v2\/media?parent=172362"}],"wp:term":[{"taxonomy":"category","embeddable":true,"href":"https:\/\/www.webdo.tn\/fr\/wp-json\/wp\/v2\/categories?post=172362"},{"taxonomy":"post_tag","embeddable":true,"href":"https:\/\/www.webdo.tn\/fr\/wp-json\/wp\/v2\/tags?post=172362"}],"curies":[{"name":"wp","href":"https:\/\/api.w.org\/{rel}","templated":true}]}}