{"id":172361,"date":"2011-12-21T19:17:00","date_gmt":"2011-12-21T19:17:00","guid":{"rendered":"https:\/\/www.webdo.tn\/fr\/blog\/la-liste-definitive-de-la-definitive-du-gouvernement\/172361\/"},"modified":"2011-12-21T19:17:00","modified_gmt":"2011-12-21T19:17:00","slug":"la-liste-definitive-de-la-definitive-du-gouvernement","status":"publish","type":"post","link":"https:\/\/www.webdo.tn\/fr\/actualite\/national\/la-liste-definitive-de-la-definitive-du-gouvernement\/172361\/","title":{"rendered":"La liste d\u00e9finitive de la \u00abd\u00e9finitive\u00bb du Gouvernement ?"},"content":{"rendered":"<p>Apr\u00e8s l&rsquo;annonce de la premi\u00e8re liste contenant 51 ministres, qui a fait coul\u00e9 beaucoup d&rsquo;encre au point de pousser la Tro\u00efka \u00e0 la revoir \u00e0 la baisse, voici qu\u2019une nouvelle liste a \u00e9t\u00e9 constitu\u00e9e.<\/p>\n<p>Comme cela a \u00e9t\u00e9 le cas vendredi dernier pour la premi\u00e8re, cette nouvelle liste a \u00e9t\u00e9 r\u00e9v\u00e9l\u00e9e en exclusivit\u00e9 par la radio Mosa\u00efque FM. Dans cette nouvelle liste, on trouve 41 membres, 29 ministres et 12 secr\u00e9taires d\u2019Etat, soit une disparition de 10 postes.<\/p>\n<p>Toutefois dans cette liste quatre ministres conseillers aupr\u00e8s du Premiers Ministre (Lotfi Zitoun, Abou yaaraab Marzouki, Abdelfattah Mourou et Habib Essid) ne figurent pas sur la liste officielle et font l\u2019objet de discussion pr\u00e9cise la m\u00eame source.<\/p>\n<p>Hammadi  Jebali, premier ministre<br \/>\nMinistres d\u00e9l\u00e9gu\u00e9s aupr\u00e8s du premier ministre :<br \/>\nMohamed Abbou, charg\u00e9 de la r\u00e9forme administrative<br \/>\nAbderrahmane Ladgham, charg\u00e9 des affaires de malversation<br \/>\nRidha Sa\u00efdi, charg\u00e9 du dossier \u00e9conomique<br \/>\nAbderrazak Kilani, Charg\u00e9 des relations avec l\u2019Assembl\u00e9e Constituante<\/p>\n<p>Les ministres :<\/p>\n<p>Ministre de l\u2019int\u00e9rieur : Ali Larayedh<br \/>\nSecr\u00e9taire d\u2019Etat aupr\u00e8s du Ministre de l\u2019Int\u00e9rieur charg\u00e9 de la r\u00e9forme : Sa\u00efd Mchichi<br \/>\nMinistre de la Justice : Noureddine Bhiri<br \/>\nMinistre des Affaires Etrang\u00e8res : Rafik Ben Abdessalem<\/p>\n<p>Secr\u00e9taires d\u2019Etat aupr\u00e8s du Ministre des affaires \u00e9trang\u00e8re :<br \/>\nCharg\u00e9 des affaires de l\u2019Am\u00e9rique et de l\u2019Asie : H\u00e9di ben Abb\u00e8s<br \/>\nCharg\u00e9 des affaires africaines et arabes : Abdallah Turki<br \/>\nCharg\u00e9 des affaires europ\u00e9ennes : Touhami Amdouni<\/p>\n<p>Ministre de la D\u00e9fense : Abdelkarim Zbidi<br \/>\nMinistre des Finances : Houcine  Dimassi<br \/>\nSecr\u00e9taire d\u2019Etat aupr\u00e8s du ministre des Finances: Slim Besbbes<\/p>\n<p>Ministre  de l\u2019Industrie, du Commerce et de l\u2019Artisanat : Mohamed Lamine Chakhari<\/p>\n<p>Secr\u00e9taire d\u2019Etat aupr\u00e8s du  Ministre  de l\u2019Industrie, du Commerce et de l\u2019Artisanat : B\u00e9chir Zaafouri<br \/>\nMinistre du Tourisme : Elyes Fakhfekh<br \/>\nMinistre de la Formation professionnelle  et de  l\u2019emploi : Abdelwahab Maatar<br \/>\nMinistre des Transpoprts : Abdelkarim Harouni<br \/>\nMinistre de l\u2019Investissement et de la coop\u00e9ration internationale : Riadh Betta\u00efeb<br \/>\nSecr\u00e9taire d\u2019Etat aupr\u00e8s du Ministre de l\u2019Investissement et de la coop\u00e9ration internationale :  Alaya Betta\u00efeb<\/p>\n<p>Ministre des Technologies de la Communication : Mongi Marzouk<br \/>\nMinistre de l\u2019Equipement et de l\u2019Habitat : Mohemed Salmane<br \/>\nSecr\u00e9taire d\u2019Etat aupr\u00e8s du Ministre de l\u2019Equipement  et de l\u2019Habitat : Chahida Fraj<br \/>\nMinistre du d\u00e9veloppement r\u00e9gional et de la Planification : Jameleddine Gharbi<br \/>\nSecr\u00e9taire d\u2019Etat aupr\u00e8s du Ministre  du d\u00e9veloppement r\u00e9gional et de la Planification : Lamine Doghri<br \/>\nMinistre des Domaines de l\u2019Etat : Slim Ben Hmid\u00e8ne<br \/>\nMinistre de l\u2019Agriculture : Mohamed Ben Salem<br \/>\nMinistre des Affaires sociales : Khalil Zaouia<br \/>\nSecr\u00e9taire d\u2019Etat aupr\u00e8s du Ministre des affaires sociale charg\u00e9 de l\u2019immigration : Houcine Jaziri<br \/>\nMinistre de la Sant\u00e9 Publique : Abdellatif Mekki<br \/>\nMinistre de la Jeunesse et des sports : Tarek Dhiab<br \/>\nSecr\u00e9taire d\u2019Etat aupr\u00e8s du Ministre de la Jeunesse et des sports : Hichem Ben Jamia\u00e2<br \/>\nMinistre de l\u2019Environnement : Mamia Elbanna<br \/>\nMinistre de la Culture : Mehdi Mabrouk<\/p>\n<p>Ministre de la femme : Sihem Badi<br \/>\nMinistre de l\u2019enseignement sup\u00e9rieur : Moncef Ben Salem<br \/>\nMinistre de l\u2019Education : Abdellatif Abid<br \/>\nMinistre des affaires religieuses : Noureddine Khadmi<br \/>\nMinistre des droits de l\u2019Homme et de la justice transitoire et porte-parole du gouvernement : Samir Dilou<\/p>\n","protected":false},"excerpt":{"rendered":"<p>La liste d\u00e9finitive de la \u00abd\u00e9finitive\u00bb du Gouvernement ?<\/p>\n","protected":false},"author":3222,"featured_media":333863,"comment_status":"open","ping_status":"closed","sticky":false,"template":"","format":"standard","meta":{"footnotes":""},"categories":[44],"tags":[2600],"class_list":["post-172361","post","type-post","status-publish","format-standard","has-post-thumbnail","hentry","category-national","tag-guerre"],"yoast_head":"<!-- This site is optimized with the Yoast SEO Premium plugin v27.5 (Yoast SEO v27.5) - https:\/\/yoast.com\/product\/yoast-seo-premium-wordpress\/ -->\n<title>La liste d\u00e9finitive de la \u00abd\u00e9finitive\u00bb du Gouvernement ?<\/title>\n<meta name=\"description\" content=\"La liste d\u00e9finitive de la \u00abd\u00e9finitive\u00bb du Gouvernement ?\" \/>\n<link rel=\"canonical\" href=\"https:\/\/www.webdo.tn\/fr\/actualite\/national-45\/la-liste-definitive-de-la-definitive-du-gouvernement\/172361\/\" \/>\n<meta property=\"og:locale\" content=\"fr_FR\" \/>\n<meta property=\"og:type\" content=\"article\" \/>\n<meta property=\"og:title\" content=\"La liste d\u00e9finitive de la \u00abd\u00e9finitive\u00bb du Gouvernement ?\" \/>\n<meta property=\"og:description\" content=\"La liste d\u00e9finitive de la \u00abd\u00e9finitive\u00bb du Gouvernement ?\" \/>\n<meta property=\"og:url\" content=\"https:\/\/www.webdo.tn\/fr\/actualite\/national-45\/la-liste-definitive-de-la-definitive-du-gouvernement\/172361\/\" \/>\n<meta property=\"og:site_name\" content=\"webdo\" \/>\n<meta property=\"article:publisher\" content=\"https:\/\/www.facebook.com\/webdotn\" \/>\n<meta property=\"article:published_time\" content=\"2011-12-21T19:17:00+00:00\" \/>\n<meta property=\"og:image\" content=\"https:\/\/www.webdo.tn\/fr\/wp-content\/uploads\/2011\/12\/Ben-Jaafar-Marzouki-et-Jebali-photo-lexpressiondz.com_.jpg\" \/>\n\t<meta property=\"og:image:width\" content=\"350\" \/>\n\t<meta property=\"og:image:height\" content=\"233\" \/>\n\t<meta property=\"og:image:type\" content=\"image\/jpeg\" \/>\n<meta name=\"author\" content=\"webdo.tn\" \/>\n<meta name=\"twitter:card\" content=\"summary_large_image\" \/>\n<meta name=\"twitter:creator\" content=\"@webdo_tn\" \/>\n<meta name=\"twitter:site\" content=\"@webdo_tn\" \/>\n<meta name=\"twitter:label1\" content=\"\u00c9crit par\" \/>\n\t<meta name=\"twitter:data1\" content=\"webdo.tn\" \/>\n\t<meta name=\"twitter:label2\" content=\"Dur\u00e9e de lecture estim\u00e9e\" \/>\n\t<meta name=\"twitter:data2\" content=\"3 minutes\" \/>\n<script type=\"application\/ld+json\" class=\"yoast-schema-graph\">{\"@context\":\"https:\\\/\\\/schema.org\",\"@graph\":[{\"@type\":\"NewsArticle\",\"@id\":\"https:\\\/\\\/www.webdo.tn\\\/fr\\\/actualite\\\/national-45\\\/la-liste-definitive-de-la-definitive-du-gouvernement\\\/172361\\\/#article\",\"isPartOf\":{\"@id\":\"https:\\\/\\\/www.webdo.tn\\\/fr\\\/actualite\\\/national-45\\\/la-liste-definitive-de-la-definitive-du-gouvernement\\\/172361\\\/\"},\"author\":{\"name\":\"webdo.tn\",\"@id\":\"https:\\\/\\\/www.webdo.tn\\\/fr\\\/#\\\/schema\\\/person\\\/9a9c6118d687c117df8ef3cc36a4d175\"},\"headline\":\"La liste d\u00e9finitive de la \u00abd\u00e9finitive\u00bb du Gouvernement ?\",\"datePublished\":\"2011-12-21T19:17:00+00:00\",\"mainEntityOfPage\":{\"@id\":\"https:\\\/\\\/www.webdo.tn\\\/fr\\\/actualite\\\/national-45\\\/la-liste-definitive-de-la-definitive-du-gouvernement\\\/172361\\\/\"},\"wordCount\":574,\"commentCount\":0,\"publisher\":{\"@id\":\"https:\\\/\\\/www.webdo.tn\\\/fr\\\/#organization\"},\"image\":{\"@id\":\"https:\\\/\\\/www.webdo.tn\\\/fr\\\/actualite\\\/national-45\\\/la-liste-definitive-de-la-definitive-du-gouvernement\\\/172361\\\/#primaryimage\"},\"thumbnailUrl\":\"https:\\\/\\\/www.webdo.tn\\\/fr\\\/wp-content\\\/uploads\\\/2011\\\/12\\\/Ben-Jaafar-Marzouki-et-Jebali-photo-lexpressiondz.com_.jpg\",\"keywords\":[\"guerre\"],\"articleSection\":[\"National\"],\"inLanguage\":\"fr-FR\"},{\"@type\":\"WebPage\",\"@id\":\"https:\\\/\\\/www.webdo.tn\\\/fr\\\/actualite\\\/national-45\\\/la-liste-definitive-de-la-definitive-du-gouvernement\\\/172361\\\/\",\"url\":\"https:\\\/\\\/www.webdo.tn\\\/fr\\\/actualite\\\/national-45\\\/la-liste-definitive-de-la-definitive-du-gouvernement\\\/172361\\\/\",\"name\":\"La liste d\u00e9finitive de la \u00abd\u00e9finitive\u00bb du Gouvernement ?\",\"isPartOf\":{\"@id\":\"https:\\\/\\\/www.webdo.tn\\\/fr\\\/#website\"},\"primaryImageOfPage\":{\"@id\":\"https:\\\/\\\/www.webdo.tn\\\/fr\\\/actualite\\\/national-45\\\/la-liste-definitive-de-la-definitive-du-gouvernement\\\/172361\\\/#primaryimage\"},\"image\":{\"@id\":\"https:\\\/\\\/www.webdo.tn\\\/fr\\\/actualite\\\/national-45\\\/la-liste-definitive-de-la-definitive-du-gouvernement\\\/172361\\\/#primaryimage\"},\"thumbnailUrl\":\"https:\\\/\\\/www.webdo.tn\\\/fr\\\/wp-content\\\/uploads\\\/2011\\\/12\\\/Ben-Jaafar-Marzouki-et-Jebali-photo-lexpressiondz.com_.jpg\",\"datePublished\":\"2011-12-21T19:17:00+00:00\",\"description\":\"La liste d\u00e9finitive de la \u00abd\u00e9finitive\u00bb du Gouvernement ?\",\"breadcrumb\":{\"@id\":\"https:\\\/\\\/www.webdo.tn\\\/fr\\\/actualite\\\/national-45\\\/la-liste-definitive-de-la-definitive-du-gouvernement\\\/172361\\\/#breadcrumb\"},\"inLanguage\":\"fr-FR\",\"potentialAction\":[{\"@type\":\"ReadAction\",\"target\":[\"https:\\\/\\\/www.webdo.tn\\\/fr\\\/actualite\\\/national-45\\\/la-liste-definitive-de-la-definitive-du-gouvernement\\\/172361\\\/\"]}]},{\"@type\":\"ImageObject\",\"inLanguage\":\"fr-FR\",\"@id\":\"https:\\\/\\\/www.webdo.tn\\\/fr\\\/actualite\\\/national-45\\\/la-liste-definitive-de-la-definitive-du-gouvernement\\\/172361\\\/#primaryimage\",\"url\":\"https:\\\/\\\/www.webdo.tn\\\/fr\\\/wp-content\\\/uploads\\\/2011\\\/12\\\/Ben-Jaafar-Marzouki-et-Jebali-photo-lexpressiondz.com_.jpg\",\"contentUrl\":\"https:\\\/\\\/www.webdo.tn\\\/fr\\\/wp-content\\\/uploads\\\/2011\\\/12\\\/Ben-Jaafar-Marzouki-et-Jebali-photo-lexpressiondz.com_.jpg\",\"width\":350,\"height\":233,\"caption\":\"La liste d\u00e9finitive de la \u00abd\u00e9finitive\u00bb du Gouvernement ?\"},{\"@type\":\"BreadcrumbList\",\"@id\":\"https:\\\/\\\/www.webdo.tn\\\/fr\\\/actualite\\\/national-45\\\/la-liste-definitive-de-la-definitive-du-gouvernement\\\/172361\\\/#breadcrumb\",\"itemListElement\":[{\"@type\":\"ListItem\",\"position\":1,\"name\":\"Accueil\",\"item\":\"https:\\\/\\\/www.webdo.tn\\\/fr\\\/\"},{\"@type\":\"ListItem\",\"position\":2,\"name\":\"La liste d\u00e9finitive de la \u00abd\u00e9finitive\u00bb du Gouvernement ?\"}]},{\"@type\":\"WebSite\",\"@id\":\"https:\\\/\\\/www.webdo.tn\\\/fr\\\/#website\",\"url\":\"https:\\\/\\\/www.webdo.tn\\\/fr\\\/\",\"name\":\"webdo\",\"description\":\"Tunisie - News en Tunisie et \u00e0 l&#039;international sur Webdo.tn\",\"publisher\":{\"@id\":\"https:\\\/\\\/www.webdo.tn\\\/fr\\\/#organization\"},\"potentialAction\":[{\"@type\":\"SearchAction\",\"target\":{\"@type\":\"EntryPoint\",\"urlTemplate\":\"https:\\\/\\\/www.webdo.tn\\\/fr\\\/?s={search_term_string}\"},\"query-input\":{\"@type\":\"PropertyValueSpecification\",\"valueRequired\":true,\"valueName\":\"search_term_string\"}}],\"inLanguage\":\"fr-FR\"},{\"@type\":\"Organization\",\"@id\":\"https:\\\/\\\/www.webdo.tn\\\/fr\\\/#organization\",\"name\":\"Webdo\",\"alternateName\":\"Webdo.tn\",\"url\":\"https:\\\/\\\/www.webdo.tn\\\/fr\\\/\",\"logo\":{\"@type\":\"ImageObject\",\"inLanguage\":\"fr-FR\",\"@id\":\"https:\\\/\\\/www.webdo.tn\\\/fr\\\/#\\\/schema\\\/logo\\\/image\\\/\",\"url\":\"https:\\\/\\\/www.webdo.tn\\\/fr\\\/wp-content\\\/uploads\\\/2025\\\/06\\\/Webdo-Tunisie_168377.jpg\",\"contentUrl\":\"https:\\\/\\\/www.webdo.tn\\\/fr\\\/wp-content\\\/uploads\\\/2025\\\/06\\\/Webdo-Tunisie_168377.jpg\",\"width\":301,\"height\":301,\"caption\":\"Webdo\"},\"image\":{\"@id\":\"https:\\\/\\\/www.webdo.tn\\\/fr\\\/#\\\/schema\\\/logo\\\/image\\\/\"},\"sameAs\":[\"https:\\\/\\\/www.facebook.com\\\/webdotn\",\"https:\\\/\\\/x.com\\\/webdo_tn\"],\"description\":\"Webdo est un m\u00e9dia num\u00e9rique tunisien fond\u00e9 en 2010, sp\u00e9cialis\u00e9 dans l\u2019actualit\u00e9 nationale et internationale, l\u2019\u00e9conomie, la soci\u00e9t\u00e9 et les analyses politiques. Le site s\u2019adresse \u00e0 un large public francophone et couvre l\u2019information tunisienne en temps r\u00e9el.\",\"email\":\"redac@webdo.tn\",\"legalName\":\"YNJ SARL\",\"foundingDate\":\"2010-09-06\",\"numberOfEmployees\":{\"@type\":\"QuantitativeValue\",\"minValue\":\"11\",\"maxValue\":\"50\"}},{\"@type\":\"Person\",\"@id\":\"https:\\\/\\\/www.webdo.tn\\\/fr\\\/#\\\/schema\\\/person\\\/9a9c6118d687c117df8ef3cc36a4d175\",\"name\":\"webdo.tn\",\"image\":{\"@type\":\"ImageObject\",\"inLanguage\":\"fr-FR\",\"@id\":\"https:\\\/\\\/secure.gravatar.com\\\/avatar\\\/7ce1f28c0c3bbac99ff550b85ef8e44a6950c6ee24514fb6a5489e51d06f0298?s=96&d=mm&r=g\",\"url\":\"https:\\\/\\\/secure.gravatar.com\\\/avatar\\\/7ce1f28c0c3bbac99ff550b85ef8e44a6950c6ee24514fb6a5489e51d06f0298?s=96&d=mm&r=g\",\"contentUrl\":\"https:\\\/\\\/secure.gravatar.com\\\/avatar\\\/7ce1f28c0c3bbac99ff550b85ef8e44a6950c6ee24514fb6a5489e51d06f0298?s=96&d=mm&r=g\",\"caption\":\"webdo.tn\"},\"url\":\"https:\\\/\\\/www.webdo.tn\\\/fr\\\/actualite\\\/author\\\/webdotn\\\/\"}]}<\/script>\n<!-- \/ Yoast SEO Premium plugin. -->","yoast_head_json":{"title":"La liste d\u00e9finitive de la \u00abd\u00e9finitive\u00bb du Gouvernement ?","description":"La liste d\u00e9finitive de la \u00abd\u00e9finitive\u00bb du Gouvernement ?","canonical":"https:\/\/www.webdo.tn\/fr\/actualite\/national-45\/la-liste-definitive-de-la-definitive-du-gouvernement\/172361\/","og_locale":"fr_FR","og_type":"article","og_title":"La liste d\u00e9finitive de la \u00abd\u00e9finitive\u00bb du Gouvernement ?","og_description":"La liste d\u00e9finitive de la \u00abd\u00e9finitive\u00bb du Gouvernement ?","og_url":"https:\/\/www.webdo.tn\/fr\/actualite\/national-45\/la-liste-definitive-de-la-definitive-du-gouvernement\/172361\/","og_site_name":"webdo","article_publisher":"https:\/\/www.facebook.com\/webdotn","article_published_time":"2011-12-21T19:17:00+00:00","og_image":[{"width":350,"height":233,"url":"https:\/\/www.webdo.tn\/fr\/wp-content\/uploads\/2011\/12\/Ben-Jaafar-Marzouki-et-Jebali-photo-lexpressiondz.com_.jpg","type":"image\/jpeg"}],"author":"webdo.tn","twitter_card":"summary_large_image","twitter_creator":"@webdo_tn","twitter_site":"@webdo_tn","twitter_misc":{"\u00c9crit par":"webdo.tn","Dur\u00e9e de lecture estim\u00e9e":"3 minutes"},"schema":{"@context":"https:\/\/schema.org","@graph":[{"@type":"NewsArticle","@id":"https:\/\/www.webdo.tn\/fr\/actualite\/national-45\/la-liste-definitive-de-la-definitive-du-gouvernement\/172361\/#article","isPartOf":{"@id":"https:\/\/www.webdo.tn\/fr\/actualite\/national-45\/la-liste-definitive-de-la-definitive-du-gouvernement\/172361\/"},"author":{"name":"webdo.tn","@id":"https:\/\/www.webdo.tn\/fr\/#\/schema\/person\/9a9c6118d687c117df8ef3cc36a4d175"},"headline":"La liste d\u00e9finitive de la \u00abd\u00e9finitive\u00bb du Gouvernement ?","datePublished":"2011-12-21T19:17:00+00:00","mainEntityOfPage":{"@id":"https:\/\/www.webdo.tn\/fr\/actualite\/national-45\/la-liste-definitive-de-la-definitive-du-gouvernement\/172361\/"},"wordCount":574,"commentCount":0,"publisher":{"@id":"https:\/\/www.webdo.tn\/fr\/#organization"},"image":{"@id":"https:\/\/www.webdo.tn\/fr\/actualite\/national-45\/la-liste-definitive-de-la-definitive-du-gouvernement\/172361\/#primaryimage"},"thumbnailUrl":"https:\/\/www.webdo.tn\/fr\/wp-content\/uploads\/2011\/12\/Ben-Jaafar-Marzouki-et-Jebali-photo-lexpressiondz.com_.jpg","keywords":["guerre"],"articleSection":["National"],"inLanguage":"fr-FR"},{"@type":"WebPage","@id":"https:\/\/www.webdo.tn\/fr\/actualite\/national-45\/la-liste-definitive-de-la-definitive-du-gouvernement\/172361\/","url":"https:\/\/www.webdo.tn\/fr\/actualite\/national-45\/la-liste-definitive-de-la-definitive-du-gouvernement\/172361\/","name":"La liste d\u00e9finitive de la \u00abd\u00e9finitive\u00bb du Gouvernement ?","isPartOf":{"@id":"https:\/\/www.webdo.tn\/fr\/#website"},"primaryImageOfPage":{"@id":"https:\/\/www.webdo.tn\/fr\/actualite\/national-45\/la-liste-definitive-de-la-definitive-du-gouvernement\/172361\/#primaryimage"},"image":{"@id":"https:\/\/www.webdo.tn\/fr\/actualite\/national-45\/la-liste-definitive-de-la-definitive-du-gouvernement\/172361\/#primaryimage"},"thumbnailUrl":"https:\/\/www.webdo.tn\/fr\/wp-content\/uploads\/2011\/12\/Ben-Jaafar-Marzouki-et-Jebali-photo-lexpressiondz.com_.jpg","datePublished":"2011-12-21T19:17:00+00:00","description":"La liste d\u00e9finitive de la \u00abd\u00e9finitive\u00bb du Gouvernement ?","breadcrumb":{"@id":"https:\/\/www.webdo.tn\/fr\/actualite\/national-45\/la-liste-definitive-de-la-definitive-du-gouvernement\/172361\/#breadcrumb"},"inLanguage":"fr-FR","potentialAction":[{"@type":"ReadAction","target":["https:\/\/www.webdo.tn\/fr\/actualite\/national-45\/la-liste-definitive-de-la-definitive-du-gouvernement\/172361\/"]}]},{"@type":"ImageObject","inLanguage":"fr-FR","@id":"https:\/\/www.webdo.tn\/fr\/actualite\/national-45\/la-liste-definitive-de-la-definitive-du-gouvernement\/172361\/#primaryimage","url":"https:\/\/www.webdo.tn\/fr\/wp-content\/uploads\/2011\/12\/Ben-Jaafar-Marzouki-et-Jebali-photo-lexpressiondz.com_.jpg","contentUrl":"https:\/\/www.webdo.tn\/fr\/wp-content\/uploads\/2011\/12\/Ben-Jaafar-Marzouki-et-Jebali-photo-lexpressiondz.com_.jpg","width":350,"height":233,"caption":"La liste d\u00e9finitive de la \u00abd\u00e9finitive\u00bb du Gouvernement ?"},{"@type":"BreadcrumbList","@id":"https:\/\/www.webdo.tn\/fr\/actualite\/national-45\/la-liste-definitive-de-la-definitive-du-gouvernement\/172361\/#breadcrumb","itemListElement":[{"@type":"ListItem","position":1,"name":"Accueil","item":"https:\/\/www.webdo.tn\/fr\/"},{"@type":"ListItem","position":2,"name":"La liste d\u00e9finitive de la \u00abd\u00e9finitive\u00bb du Gouvernement ?"}]},{"@type":"WebSite","@id":"https:\/\/www.webdo.tn\/fr\/#website","url":"https:\/\/www.webdo.tn\/fr\/","name":"webdo","description":"Tunisie - News en Tunisie et \u00e0 l&#039;international sur Webdo.tn","publisher":{"@id":"https:\/\/www.webdo.tn\/fr\/#organization"},"potentialAction":[{"@type":"SearchAction","target":{"@type":"EntryPoint","urlTemplate":"https:\/\/www.webdo.tn\/fr\/?s={search_term_string}"},"query-input":{"@type":"PropertyValueSpecification","valueRequired":true,"valueName":"search_term_string"}}],"inLanguage":"fr-FR"},{"@type":"Organization","@id":"https:\/\/www.webdo.tn\/fr\/#organization","name":"Webdo","alternateName":"Webdo.tn","url":"https:\/\/www.webdo.tn\/fr\/","logo":{"@type":"ImageObject","inLanguage":"fr-FR","@id":"https:\/\/www.webdo.tn\/fr\/#\/schema\/logo\/image\/","url":"https:\/\/www.webdo.tn\/fr\/wp-content\/uploads\/2025\/06\/Webdo-Tunisie_168377.jpg","contentUrl":"https:\/\/www.webdo.tn\/fr\/wp-content\/uploads\/2025\/06\/Webdo-Tunisie_168377.jpg","width":301,"height":301,"caption":"Webdo"},"image":{"@id":"https:\/\/www.webdo.tn\/fr\/#\/schema\/logo\/image\/"},"sameAs":["https:\/\/www.facebook.com\/webdotn","https:\/\/x.com\/webdo_tn"],"description":"Webdo est un m\u00e9dia num\u00e9rique tunisien fond\u00e9 en 2010, sp\u00e9cialis\u00e9 dans l\u2019actualit\u00e9 nationale et internationale, l\u2019\u00e9conomie, la soci\u00e9t\u00e9 et les analyses politiques. Le site s\u2019adresse \u00e0 un large public francophone et couvre l\u2019information tunisienne en temps r\u00e9el.","email":"redac@webdo.tn","legalName":"YNJ SARL","foundingDate":"2010-09-06","numberOfEmployees":{"@type":"QuantitativeValue","minValue":"11","maxValue":"50"}},{"@type":"Person","@id":"https:\/\/www.webdo.tn\/fr\/#\/schema\/person\/9a9c6118d687c117df8ef3cc36a4d175","name":"webdo.tn","image":{"@type":"ImageObject","inLanguage":"fr-FR","@id":"https:\/\/secure.gravatar.com\/avatar\/7ce1f28c0c3bbac99ff550b85ef8e44a6950c6ee24514fb6a5489e51d06f0298?s=96&d=mm&r=g","url":"https:\/\/secure.gravatar.com\/avatar\/7ce1f28c0c3bbac99ff550b85ef8e44a6950c6ee24514fb6a5489e51d06f0298?s=96&d=mm&r=g","contentUrl":"https:\/\/secure.gravatar.com\/avatar\/7ce1f28c0c3bbac99ff550b85ef8e44a6950c6ee24514fb6a5489e51d06f0298?s=96&d=mm&r=g","caption":"webdo.tn"},"url":"https:\/\/www.webdo.tn\/fr\/actualite\/author\/webdotn\/"}]}},"_links":{"self":[{"href":"https:\/\/www.webdo.tn\/fr\/wp-json\/wp\/v2\/posts\/172361","targetHints":{"allow":["GET"]}}],"collection":[{"href":"https:\/\/www.webdo.tn\/fr\/wp-json\/wp\/v2\/posts"}],"about":[{"href":"https:\/\/www.webdo.tn\/fr\/wp-json\/wp\/v2\/types\/post"}],"author":[{"embeddable":true,"href":"https:\/\/www.webdo.tn\/fr\/wp-json\/wp\/v2\/users\/3222"}],"replies":[{"embeddable":true,"href":"https:\/\/www.webdo.tn\/fr\/wp-json\/wp\/v2\/comments?post=172361"}],"version-history":[{"count":0,"href":"https:\/\/www.webdo.tn\/fr\/wp-json\/wp\/v2\/posts\/172361\/revisions"}],"wp:featuredmedia":[{"embeddable":true,"href":"https:\/\/www.webdo.tn\/fr\/wp-json\/wp\/v2\/media\/333863"}],"wp:attachment":[{"href":"https:\/\/www.webdo.tn\/fr\/wp-json\/wp\/v2\/media?parent=172361"}],"wp:term":[{"taxonomy":"category","embeddable":true,"href":"https:\/\/www.webdo.tn\/fr\/wp-json\/wp\/v2\/categories?post=172361"},{"taxonomy":"post_tag","embeddable":true,"href":"https:\/\/www.webdo.tn\/fr\/wp-json\/wp\/v2\/tags?post=172361"}],"curies":[{"name":"wp","href":"https:\/\/api.w.org\/{rel}","templated":true}]}}