{"id":172360,"date":"2011-12-22T13:26:00","date_gmt":"2011-12-22T13:26:00","guid":{"rendered":"https:\/\/www.webdo.tn\/fr\/blog\/belhassen-trabelsi-nest-pas-au-venezuela-car-il-na-pas-quitte-le-canada\/172360\/"},"modified":"2011-12-22T13:26:00","modified_gmt":"2011-12-22T13:26:00","slug":"belhassen-trabelsi-nest-pas-au-venezuela-car-il-na-pas-quitte-le-canada","status":"publish","type":"post","link":"https:\/\/www.webdo.tn\/fr\/actualite\/national\/belhassen-trabelsi-nest-pas-au-venezuela-car-il-na-pas-quitte-le-canada\/172360\/","title":{"rendered":"Belhassen Trabelsi n&rsquo;est pas au Venezuela, car il n&rsquo;a pas quitt\u00e9 le Canada !"},"content":{"rendered":"<p>Le 21 d\u00e9cembre matin, les internautes tunisiens se sont r\u00e9veill\u00e9s sur une bonne nouvelle concernant le mafieux Belhassen Trabelsi. Un article du journal canadien La Presse, intitul\u00e9 \u00ab Perquisition chez l&rsquo;avocat de Belhassen Trabelsi \u00bb ne laisse gu\u00e8re bon pr\u00e9sage au s\u00e9jour de Belhassen au Canada.<\/p>\n<p>Exil\u00e9 dans ce pays d\u2019Am\u00e9rique du Nord depuis le 20 janvier et menant la vie d&rsquo;un prince d\u00e9chu, Belhassen a fini par attirer les enqu\u00eateurs de la Gendarmerie Royale du Canada (GRC). En effet, il s&rsquo;est av\u00e9r\u00e9 que ce Trabelsi se cachait derri\u00e8re un interm\u00e9diaire (son avocat) pour profiter de ses fonds transf\u00e9r\u00e9s au Canada, et cela, sans qu&rsquo;il ne les d\u00e9clare.<\/p>\n<p>Ce qu&rsquo;on retient de l&rsquo;information c\u2019est que les \u00ab probl\u00e8mes \u00bb vont r\u00e9ellement commencer pour Belhassen avec la perquisition des bureaux son avocat. Et pour nous, Tunisiens, cette histoire nous donne une lueur d&rsquo;espoir.<\/p>\n<p>Cependant, hier matin \u00e9galement, le quotidien tunisien en langue arabe Echourouk a \u00ab\u00a0r\u00e9v\u00e9l\u00e9\u00a0\u00bb un scoop dans sa version papier (donc, l&rsquo;information date d&rsquo;au moins du 21 d\u00e9cembre). Le journal rapporte que Belhassen Trabelsi a quitt\u00e9 le Canada pour aller se r\u00e9fugier au Venezuela. Et cela, apr\u00e8s que les autorit\u00e9s canadiennes lui aient refus\u00e9 l\u2019asile politique avec la fin de son visa de s\u00e9jour. De plus, selon Echourouk, Belhassen aurait transf\u00e9r\u00e9 une grande partie de ses biens dans des banques v\u00e9n\u00e9zu\u00e9liennes, b\u00e9n\u00e9ficiant m\u00eame du soutien du pr\u00e9sident Hugo Chavez.<\/p>\n<p>Une douche \u00e9cossaise pour nos autres Tunisiens : \u00e0 l&rsquo;instant o\u00f9 l\u2019on apprend que l\u2019\u00e9tau commence \u00e0 se resserrer autour de Belhassen, ce dernier il r\u00e9ussit \u00e0 s\u2019\u00e9chapper, de nouveau et avec l&rsquo;argent du peuple tunisien. Certains sites ont m\u00eame pris l&rsquo;information du journal Echourouk comme r\u00e9elle, car ils ont consid\u00e9r\u00e9 cela comme cause \u00e0 effet : la perquisition et la fuite de Belhassen.<\/p>\n<p>Nous avons contact\u00e9 la journaliste Isabelle Hachey auteure de l&rsquo;article \u00ab Perquisition chez l&rsquo;avocat de Belhassen Trabelsi \u00bb (qu&rsquo;au passage nous remercions vivement pour son aide), et ce, afin de savoir si le parrain de la mafia Trabelsi avait pris la poudre d\u2019escampette.<\/p>\n<p>\u00c9tonn\u00e9e d\u2019apprendre cela, elle a contact\u00e9 la Gendarmerie royale du Canada dont voici la r\u00e9ponse officielle envoy\u00e9e par email et sign\u00e9 par le Caporal Luc Thibault, porte-parole de la GRC: \u201cJe peux vous confirmer en date d\u2019aujourd\u2019hui (NDLR Jeudi 22 d\u00e9cembre 2011) que M. Trabelsi est toujours au Canada.\u201d<\/p>\n<p>Esp\u00e9rons que Belhassen ne quittera pas le Canada, car avec \u00ab\u00a0son\u00a0\u00bb argent tout est possible\u00a0!<\/p>\n","protected":false},"excerpt":{"rendered":"<p>Belhassen Trabelsi n&rsquo;est pas au Venezuela, car il n&rsquo;a pas quitt\u00e9 le Canada !<\/p>\n","protected":false},"author":3222,"featured_media":333864,"comment_status":"open","ping_status":"closed","sticky":false,"template":"","format":"standard","meta":{"footnotes":""},"categories":[44],"tags":[2600],"class_list":["post-172360","post","type-post","status-publish","format-standard","has-post-thumbnail","hentry","category-national","tag-guerre"],"yoast_head":"<!-- This site is optimized with the Yoast SEO Premium plugin v27.5 (Yoast SEO v27.5) - https:\/\/yoast.com\/product\/yoast-seo-premium-wordpress\/ -->\n<title>Belhassen Trabelsi n&#039;est pas au Venezuela, car il n&#039;a pas quitt\u00e9 le Canada !<\/title>\n<meta name=\"description\" content=\"Belhassen Trabelsi n&#039;est pas au Venezuela, car il n&#039;a pas quitt\u00e9 le Canada !\" \/>\n<link rel=\"canonical\" href=\"https:\/\/www.webdo.tn\/fr\/actualite\/national-45\/belhassen-trabelsi-nest-pas-au-venezuela-car-il-na-pas-quitte-le-canada\/172360\/\" \/>\n<meta property=\"og:locale\" content=\"fr_FR\" \/>\n<meta property=\"og:type\" content=\"article\" \/>\n<meta property=\"og:title\" content=\"Belhassen Trabelsi n&#039;est pas au Venezuela, car il n&#039;a pas quitt\u00e9 le Canada !\" \/>\n<meta property=\"og:description\" content=\"Belhassen Trabelsi n&#039;est pas au Venezuela, car il n&#039;a pas quitt\u00e9 le Canada !\" \/>\n<meta property=\"og:url\" content=\"https:\/\/www.webdo.tn\/fr\/actualite\/national-45\/belhassen-trabelsi-nest-pas-au-venezuela-car-il-na-pas-quitte-le-canada\/172360\/\" \/>\n<meta property=\"og:site_name\" content=\"webdo\" \/>\n<meta property=\"article:publisher\" content=\"https:\/\/www.facebook.com\/webdotn\" \/>\n<meta property=\"article:published_time\" content=\"2011-12-22T13:26:00+00:00\" \/>\n<meta property=\"og:image\" content=\"https:\/\/www.webdo.tn\/fr\/wp-content\/uploads\/2011\/12\/Belhassen-Trabelsi.jpg\" \/>\n\t<meta property=\"og:image:width\" content=\"204\" \/>\n\t<meta property=\"og:image:height\" content=\"201\" \/>\n\t<meta property=\"og:image:type\" content=\"image\/jpeg\" \/>\n<meta name=\"author\" content=\"webdo.tn\" \/>\n<meta name=\"twitter:card\" content=\"summary_large_image\" \/>\n<meta name=\"twitter:creator\" content=\"@webdo_tn\" \/>\n<meta name=\"twitter:site\" content=\"@webdo_tn\" \/>\n<meta name=\"twitter:label1\" content=\"\u00c9crit par\" \/>\n\t<meta name=\"twitter:data1\" content=\"webdo.tn\" \/>\n\t<meta name=\"twitter:label2\" content=\"Dur\u00e9e de lecture estim\u00e9e\" \/>\n\t<meta name=\"twitter:data2\" content=\"2 minutes\" \/>\n<script type=\"application\/ld+json\" class=\"yoast-schema-graph\">{\"@context\":\"https:\\\/\\\/schema.org\",\"@graph\":[{\"@type\":\"NewsArticle\",\"@id\":\"https:\\\/\\\/www.webdo.tn\\\/fr\\\/actualite\\\/national-45\\\/belhassen-trabelsi-nest-pas-au-venezuela-car-il-na-pas-quitte-le-canada\\\/172360\\\/#article\",\"isPartOf\":{\"@id\":\"https:\\\/\\\/www.webdo.tn\\\/fr\\\/actualite\\\/national-45\\\/belhassen-trabelsi-nest-pas-au-venezuela-car-il-na-pas-quitte-le-canada\\\/172360\\\/\"},\"author\":{\"name\":\"webdo.tn\",\"@id\":\"https:\\\/\\\/www.webdo.tn\\\/fr\\\/#\\\/schema\\\/person\\\/9a9c6118d687c117df8ef3cc36a4d175\"},\"headline\":\"Belhassen Trabelsi n&rsquo;est pas au Venezuela, car il n&rsquo;a pas quitt\u00e9 le Canada !\",\"datePublished\":\"2011-12-22T13:26:00+00:00\",\"mainEntityOfPage\":{\"@id\":\"https:\\\/\\\/www.webdo.tn\\\/fr\\\/actualite\\\/national-45\\\/belhassen-trabelsi-nest-pas-au-venezuela-car-il-na-pas-quitte-le-canada\\\/172360\\\/\"},\"wordCount\":465,\"commentCount\":0,\"publisher\":{\"@id\":\"https:\\\/\\\/www.webdo.tn\\\/fr\\\/#organization\"},\"image\":{\"@id\":\"https:\\\/\\\/www.webdo.tn\\\/fr\\\/actualite\\\/national-45\\\/belhassen-trabelsi-nest-pas-au-venezuela-car-il-na-pas-quitte-le-canada\\\/172360\\\/#primaryimage\"},\"thumbnailUrl\":\"https:\\\/\\\/www.webdo.tn\\\/fr\\\/wp-content\\\/uploads\\\/2011\\\/12\\\/Belhassen-Trabelsi.jpg\",\"keywords\":[\"guerre\"],\"articleSection\":[\"National\"],\"inLanguage\":\"fr-FR\"},{\"@type\":\"WebPage\",\"@id\":\"https:\\\/\\\/www.webdo.tn\\\/fr\\\/actualite\\\/national-45\\\/belhassen-trabelsi-nest-pas-au-venezuela-car-il-na-pas-quitte-le-canada\\\/172360\\\/\",\"url\":\"https:\\\/\\\/www.webdo.tn\\\/fr\\\/actualite\\\/national-45\\\/belhassen-trabelsi-nest-pas-au-venezuela-car-il-na-pas-quitte-le-canada\\\/172360\\\/\",\"name\":\"Belhassen Trabelsi n'est pas au Venezuela, car il n'a pas quitt\u00e9 le Canada !\",\"isPartOf\":{\"@id\":\"https:\\\/\\\/www.webdo.tn\\\/fr\\\/#website\"},\"primaryImageOfPage\":{\"@id\":\"https:\\\/\\\/www.webdo.tn\\\/fr\\\/actualite\\\/national-45\\\/belhassen-trabelsi-nest-pas-au-venezuela-car-il-na-pas-quitte-le-canada\\\/172360\\\/#primaryimage\"},\"image\":{\"@id\":\"https:\\\/\\\/www.webdo.tn\\\/fr\\\/actualite\\\/national-45\\\/belhassen-trabelsi-nest-pas-au-venezuela-car-il-na-pas-quitte-le-canada\\\/172360\\\/#primaryimage\"},\"thumbnailUrl\":\"https:\\\/\\\/www.webdo.tn\\\/fr\\\/wp-content\\\/uploads\\\/2011\\\/12\\\/Belhassen-Trabelsi.jpg\",\"datePublished\":\"2011-12-22T13:26:00+00:00\",\"description\":\"Belhassen Trabelsi n'est pas au Venezuela, car il n'a pas quitt\u00e9 le Canada !\",\"breadcrumb\":{\"@id\":\"https:\\\/\\\/www.webdo.tn\\\/fr\\\/actualite\\\/national-45\\\/belhassen-trabelsi-nest-pas-au-venezuela-car-il-na-pas-quitte-le-canada\\\/172360\\\/#breadcrumb\"},\"inLanguage\":\"fr-FR\",\"potentialAction\":[{\"@type\":\"ReadAction\",\"target\":[\"https:\\\/\\\/www.webdo.tn\\\/fr\\\/actualite\\\/national-45\\\/belhassen-trabelsi-nest-pas-au-venezuela-car-il-na-pas-quitte-le-canada\\\/172360\\\/\"]}]},{\"@type\":\"ImageObject\",\"inLanguage\":\"fr-FR\",\"@id\":\"https:\\\/\\\/www.webdo.tn\\\/fr\\\/actualite\\\/national-45\\\/belhassen-trabelsi-nest-pas-au-venezuela-car-il-na-pas-quitte-le-canada\\\/172360\\\/#primaryimage\",\"url\":\"https:\\\/\\\/www.webdo.tn\\\/fr\\\/wp-content\\\/uploads\\\/2011\\\/12\\\/Belhassen-Trabelsi.jpg\",\"contentUrl\":\"https:\\\/\\\/www.webdo.tn\\\/fr\\\/wp-content\\\/uploads\\\/2011\\\/12\\\/Belhassen-Trabelsi.jpg\",\"width\":204,\"height\":201,\"caption\":\"Belhassen Trabelsi n'est pas au Venezuela, car il n'a pas quitt\u00e9 le Canada !\"},{\"@type\":\"BreadcrumbList\",\"@id\":\"https:\\\/\\\/www.webdo.tn\\\/fr\\\/actualite\\\/national-45\\\/belhassen-trabelsi-nest-pas-au-venezuela-car-il-na-pas-quitte-le-canada\\\/172360\\\/#breadcrumb\",\"itemListElement\":[{\"@type\":\"ListItem\",\"position\":1,\"name\":\"Accueil\",\"item\":\"https:\\\/\\\/www.webdo.tn\\\/fr\\\/\"},{\"@type\":\"ListItem\",\"position\":2,\"name\":\"Belhassen Trabelsi n&rsquo;est pas au Venezuela, car il n&rsquo;a pas quitt\u00e9 le Canada !\"}]},{\"@type\":\"WebSite\",\"@id\":\"https:\\\/\\\/www.webdo.tn\\\/fr\\\/#website\",\"url\":\"https:\\\/\\\/www.webdo.tn\\\/fr\\\/\",\"name\":\"webdo\",\"description\":\"Tunisie - News en Tunisie et \u00e0 l&#039;international sur Webdo.tn\",\"publisher\":{\"@id\":\"https:\\\/\\\/www.webdo.tn\\\/fr\\\/#organization\"},\"potentialAction\":[{\"@type\":\"SearchAction\",\"target\":{\"@type\":\"EntryPoint\",\"urlTemplate\":\"https:\\\/\\\/www.webdo.tn\\\/fr\\\/?s={search_term_string}\"},\"query-input\":{\"@type\":\"PropertyValueSpecification\",\"valueRequired\":true,\"valueName\":\"search_term_string\"}}],\"inLanguage\":\"fr-FR\"},{\"@type\":\"Organization\",\"@id\":\"https:\\\/\\\/www.webdo.tn\\\/fr\\\/#organization\",\"name\":\"Webdo\",\"alternateName\":\"Webdo.tn\",\"url\":\"https:\\\/\\\/www.webdo.tn\\\/fr\\\/\",\"logo\":{\"@type\":\"ImageObject\",\"inLanguage\":\"fr-FR\",\"@id\":\"https:\\\/\\\/www.webdo.tn\\\/fr\\\/#\\\/schema\\\/logo\\\/image\\\/\",\"url\":\"https:\\\/\\\/www.webdo.tn\\\/fr\\\/wp-content\\\/uploads\\\/2025\\\/06\\\/Webdo-Tunisie_168377.jpg\",\"contentUrl\":\"https:\\\/\\\/www.webdo.tn\\\/fr\\\/wp-content\\\/uploads\\\/2025\\\/06\\\/Webdo-Tunisie_168377.jpg\",\"width\":301,\"height\":301,\"caption\":\"Webdo\"},\"image\":{\"@id\":\"https:\\\/\\\/www.webdo.tn\\\/fr\\\/#\\\/schema\\\/logo\\\/image\\\/\"},\"sameAs\":[\"https:\\\/\\\/www.facebook.com\\\/webdotn\",\"https:\\\/\\\/x.com\\\/webdo_tn\"],\"description\":\"Webdo est un m\u00e9dia num\u00e9rique tunisien fond\u00e9 en 2010, sp\u00e9cialis\u00e9 dans l\u2019actualit\u00e9 nationale et internationale, l\u2019\u00e9conomie, la soci\u00e9t\u00e9 et les analyses politiques. Le site s\u2019adresse \u00e0 un large public francophone et couvre l\u2019information tunisienne en temps r\u00e9el.\",\"email\":\"redac@webdo.tn\",\"legalName\":\"YNJ SARL\",\"foundingDate\":\"2010-09-06\",\"numberOfEmployees\":{\"@type\":\"QuantitativeValue\",\"minValue\":\"11\",\"maxValue\":\"50\"}},{\"@type\":\"Person\",\"@id\":\"https:\\\/\\\/www.webdo.tn\\\/fr\\\/#\\\/schema\\\/person\\\/9a9c6118d687c117df8ef3cc36a4d175\",\"name\":\"webdo.tn\",\"image\":{\"@type\":\"ImageObject\",\"inLanguage\":\"fr-FR\",\"@id\":\"https:\\\/\\\/secure.gravatar.com\\\/avatar\\\/7ce1f28c0c3bbac99ff550b85ef8e44a6950c6ee24514fb6a5489e51d06f0298?s=96&d=mm&r=g\",\"url\":\"https:\\\/\\\/secure.gravatar.com\\\/avatar\\\/7ce1f28c0c3bbac99ff550b85ef8e44a6950c6ee24514fb6a5489e51d06f0298?s=96&d=mm&r=g\",\"contentUrl\":\"https:\\\/\\\/secure.gravatar.com\\\/avatar\\\/7ce1f28c0c3bbac99ff550b85ef8e44a6950c6ee24514fb6a5489e51d06f0298?s=96&d=mm&r=g\",\"caption\":\"webdo.tn\"},\"url\":\"https:\\\/\\\/www.webdo.tn\\\/fr\\\/actualite\\\/author\\\/webdotn\\\/\"}]}<\/script>\n<!-- \/ Yoast SEO Premium plugin. -->","yoast_head_json":{"title":"Belhassen Trabelsi n'est pas au Venezuela, car il n'a pas quitt\u00e9 le Canada !","description":"Belhassen Trabelsi n'est pas au Venezuela, car il n'a pas quitt\u00e9 le Canada !","canonical":"https:\/\/www.webdo.tn\/fr\/actualite\/national-45\/belhassen-trabelsi-nest-pas-au-venezuela-car-il-na-pas-quitte-le-canada\/172360\/","og_locale":"fr_FR","og_type":"article","og_title":"Belhassen Trabelsi n'est pas au Venezuela, car il n'a pas quitt\u00e9 le Canada !","og_description":"Belhassen Trabelsi n'est pas au Venezuela, car il n'a pas quitt\u00e9 le Canada !","og_url":"https:\/\/www.webdo.tn\/fr\/actualite\/national-45\/belhassen-trabelsi-nest-pas-au-venezuela-car-il-na-pas-quitte-le-canada\/172360\/","og_site_name":"webdo","article_publisher":"https:\/\/www.facebook.com\/webdotn","article_published_time":"2011-12-22T13:26:00+00:00","og_image":[{"width":204,"height":201,"url":"https:\/\/www.webdo.tn\/fr\/wp-content\/uploads\/2011\/12\/Belhassen-Trabelsi.jpg","type":"image\/jpeg"}],"author":"webdo.tn","twitter_card":"summary_large_image","twitter_creator":"@webdo_tn","twitter_site":"@webdo_tn","twitter_misc":{"\u00c9crit par":"webdo.tn","Dur\u00e9e de lecture estim\u00e9e":"2 minutes"},"schema":{"@context":"https:\/\/schema.org","@graph":[{"@type":"NewsArticle","@id":"https:\/\/www.webdo.tn\/fr\/actualite\/national-45\/belhassen-trabelsi-nest-pas-au-venezuela-car-il-na-pas-quitte-le-canada\/172360\/#article","isPartOf":{"@id":"https:\/\/www.webdo.tn\/fr\/actualite\/national-45\/belhassen-trabelsi-nest-pas-au-venezuela-car-il-na-pas-quitte-le-canada\/172360\/"},"author":{"name":"webdo.tn","@id":"https:\/\/www.webdo.tn\/fr\/#\/schema\/person\/9a9c6118d687c117df8ef3cc36a4d175"},"headline":"Belhassen Trabelsi n&rsquo;est pas au Venezuela, car il n&rsquo;a pas quitt\u00e9 le Canada !","datePublished":"2011-12-22T13:26:00+00:00","mainEntityOfPage":{"@id":"https:\/\/www.webdo.tn\/fr\/actualite\/national-45\/belhassen-trabelsi-nest-pas-au-venezuela-car-il-na-pas-quitte-le-canada\/172360\/"},"wordCount":465,"commentCount":0,"publisher":{"@id":"https:\/\/www.webdo.tn\/fr\/#organization"},"image":{"@id":"https:\/\/www.webdo.tn\/fr\/actualite\/national-45\/belhassen-trabelsi-nest-pas-au-venezuela-car-il-na-pas-quitte-le-canada\/172360\/#primaryimage"},"thumbnailUrl":"https:\/\/www.webdo.tn\/fr\/wp-content\/uploads\/2011\/12\/Belhassen-Trabelsi.jpg","keywords":["guerre"],"articleSection":["National"],"inLanguage":"fr-FR"},{"@type":"WebPage","@id":"https:\/\/www.webdo.tn\/fr\/actualite\/national-45\/belhassen-trabelsi-nest-pas-au-venezuela-car-il-na-pas-quitte-le-canada\/172360\/","url":"https:\/\/www.webdo.tn\/fr\/actualite\/national-45\/belhassen-trabelsi-nest-pas-au-venezuela-car-il-na-pas-quitte-le-canada\/172360\/","name":"Belhassen Trabelsi n'est pas au Venezuela, car il n'a pas quitt\u00e9 le Canada !","isPartOf":{"@id":"https:\/\/www.webdo.tn\/fr\/#website"},"primaryImageOfPage":{"@id":"https:\/\/www.webdo.tn\/fr\/actualite\/national-45\/belhassen-trabelsi-nest-pas-au-venezuela-car-il-na-pas-quitte-le-canada\/172360\/#primaryimage"},"image":{"@id":"https:\/\/www.webdo.tn\/fr\/actualite\/national-45\/belhassen-trabelsi-nest-pas-au-venezuela-car-il-na-pas-quitte-le-canada\/172360\/#primaryimage"},"thumbnailUrl":"https:\/\/www.webdo.tn\/fr\/wp-content\/uploads\/2011\/12\/Belhassen-Trabelsi.jpg","datePublished":"2011-12-22T13:26:00+00:00","description":"Belhassen Trabelsi n'est pas au Venezuela, car il n'a pas quitt\u00e9 le Canada !","breadcrumb":{"@id":"https:\/\/www.webdo.tn\/fr\/actualite\/national-45\/belhassen-trabelsi-nest-pas-au-venezuela-car-il-na-pas-quitte-le-canada\/172360\/#breadcrumb"},"inLanguage":"fr-FR","potentialAction":[{"@type":"ReadAction","target":["https:\/\/www.webdo.tn\/fr\/actualite\/national-45\/belhassen-trabelsi-nest-pas-au-venezuela-car-il-na-pas-quitte-le-canada\/172360\/"]}]},{"@type":"ImageObject","inLanguage":"fr-FR","@id":"https:\/\/www.webdo.tn\/fr\/actualite\/national-45\/belhassen-trabelsi-nest-pas-au-venezuela-car-il-na-pas-quitte-le-canada\/172360\/#primaryimage","url":"https:\/\/www.webdo.tn\/fr\/wp-content\/uploads\/2011\/12\/Belhassen-Trabelsi.jpg","contentUrl":"https:\/\/www.webdo.tn\/fr\/wp-content\/uploads\/2011\/12\/Belhassen-Trabelsi.jpg","width":204,"height":201,"caption":"Belhassen Trabelsi n'est pas au Venezuela, car il n'a pas quitt\u00e9 le Canada !"},{"@type":"BreadcrumbList","@id":"https:\/\/www.webdo.tn\/fr\/actualite\/national-45\/belhassen-trabelsi-nest-pas-au-venezuela-car-il-na-pas-quitte-le-canada\/172360\/#breadcrumb","itemListElement":[{"@type":"ListItem","position":1,"name":"Accueil","item":"https:\/\/www.webdo.tn\/fr\/"},{"@type":"ListItem","position":2,"name":"Belhassen Trabelsi n&rsquo;est pas au Venezuela, car il n&rsquo;a pas quitt\u00e9 le Canada !"}]},{"@type":"WebSite","@id":"https:\/\/www.webdo.tn\/fr\/#website","url":"https:\/\/www.webdo.tn\/fr\/","name":"webdo","description":"Tunisie - News en Tunisie et \u00e0 l&#039;international sur Webdo.tn","publisher":{"@id":"https:\/\/www.webdo.tn\/fr\/#organization"},"potentialAction":[{"@type":"SearchAction","target":{"@type":"EntryPoint","urlTemplate":"https:\/\/www.webdo.tn\/fr\/?s={search_term_string}"},"query-input":{"@type":"PropertyValueSpecification","valueRequired":true,"valueName":"search_term_string"}}],"inLanguage":"fr-FR"},{"@type":"Organization","@id":"https:\/\/www.webdo.tn\/fr\/#organization","name":"Webdo","alternateName":"Webdo.tn","url":"https:\/\/www.webdo.tn\/fr\/","logo":{"@type":"ImageObject","inLanguage":"fr-FR","@id":"https:\/\/www.webdo.tn\/fr\/#\/schema\/logo\/image\/","url":"https:\/\/www.webdo.tn\/fr\/wp-content\/uploads\/2025\/06\/Webdo-Tunisie_168377.jpg","contentUrl":"https:\/\/www.webdo.tn\/fr\/wp-content\/uploads\/2025\/06\/Webdo-Tunisie_168377.jpg","width":301,"height":301,"caption":"Webdo"},"image":{"@id":"https:\/\/www.webdo.tn\/fr\/#\/schema\/logo\/image\/"},"sameAs":["https:\/\/www.facebook.com\/webdotn","https:\/\/x.com\/webdo_tn"],"description":"Webdo est un m\u00e9dia num\u00e9rique tunisien fond\u00e9 en 2010, sp\u00e9cialis\u00e9 dans l\u2019actualit\u00e9 nationale et internationale, l\u2019\u00e9conomie, la soci\u00e9t\u00e9 et les analyses politiques. Le site s\u2019adresse \u00e0 un large public francophone et couvre l\u2019information tunisienne en temps r\u00e9el.","email":"redac@webdo.tn","legalName":"YNJ SARL","foundingDate":"2010-09-06","numberOfEmployees":{"@type":"QuantitativeValue","minValue":"11","maxValue":"50"}},{"@type":"Person","@id":"https:\/\/www.webdo.tn\/fr\/#\/schema\/person\/9a9c6118d687c117df8ef3cc36a4d175","name":"webdo.tn","image":{"@type":"ImageObject","inLanguage":"fr-FR","@id":"https:\/\/secure.gravatar.com\/avatar\/7ce1f28c0c3bbac99ff550b85ef8e44a6950c6ee24514fb6a5489e51d06f0298?s=96&d=mm&r=g","url":"https:\/\/secure.gravatar.com\/avatar\/7ce1f28c0c3bbac99ff550b85ef8e44a6950c6ee24514fb6a5489e51d06f0298?s=96&d=mm&r=g","contentUrl":"https:\/\/secure.gravatar.com\/avatar\/7ce1f28c0c3bbac99ff550b85ef8e44a6950c6ee24514fb6a5489e51d06f0298?s=96&d=mm&r=g","caption":"webdo.tn"},"url":"https:\/\/www.webdo.tn\/fr\/actualite\/author\/webdotn\/"}]}},"_links":{"self":[{"href":"https:\/\/www.webdo.tn\/fr\/wp-json\/wp\/v2\/posts\/172360","targetHints":{"allow":["GET"]}}],"collection":[{"href":"https:\/\/www.webdo.tn\/fr\/wp-json\/wp\/v2\/posts"}],"about":[{"href":"https:\/\/www.webdo.tn\/fr\/wp-json\/wp\/v2\/types\/post"}],"author":[{"embeddable":true,"href":"https:\/\/www.webdo.tn\/fr\/wp-json\/wp\/v2\/users\/3222"}],"replies":[{"embeddable":true,"href":"https:\/\/www.webdo.tn\/fr\/wp-json\/wp\/v2\/comments?post=172360"}],"version-history":[{"count":0,"href":"https:\/\/www.webdo.tn\/fr\/wp-json\/wp\/v2\/posts\/172360\/revisions"}],"wp:featuredmedia":[{"embeddable":true,"href":"https:\/\/www.webdo.tn\/fr\/wp-json\/wp\/v2\/media\/333864"}],"wp:attachment":[{"href":"https:\/\/www.webdo.tn\/fr\/wp-json\/wp\/v2\/media?parent=172360"}],"wp:term":[{"taxonomy":"category","embeddable":true,"href":"https:\/\/www.webdo.tn\/fr\/wp-json\/wp\/v2\/categories?post=172360"},{"taxonomy":"post_tag","embeddable":true,"href":"https:\/\/www.webdo.tn\/fr\/wp-json\/wp\/v2\/tags?post=172360"}],"curies":[{"name":"wp","href":"https:\/\/api.w.org\/{rel}","templated":true}]}}