{"id":172357,"date":"2011-12-23T16:01:00","date_gmt":"2011-12-23T16:01:00","guid":{"rendered":"https:\/\/www.webdo.tn\/fr\/blog\/marzouki-monte-au-creneau-a-propos-des-sit-in\/172357\/"},"modified":"2025-06-04T19:02:06","modified_gmt":"2025-06-04T19:02:06","slug":"marzouki-monte-au-creneau-a-propos-des-sit-in","status":"publish","type":"post","link":"https:\/\/www.webdo.tn\/fr\/actualite\/national\/marzouki-monte-au-creneau-a-propos-des-sit-in\/172357\/","title":{"rendered":"Marzouki monte au cr\u00e9neau \u00e0 propos des sit-in"},"content":{"rendered":"<p>La multiplication, \u00e0 un rythme effr\u00e9n\u00e9, des gr\u00e8ves et autres sit-in, un peu partout dans le pays, ont pouss\u00e9 le pr\u00e9sident de la R\u00e9publique \u00e0 monter au cr\u00e9neau, et ce, d\u2019apr\u00e8s la TAP.<\/p>\n<p>Moncef Marzouki a d\u00e9clar\u00e9 que ces sit-in \u00e0 r\u00e9p\u00e9tition ressemblaient \u00e0 des \u00ab\u00a0op\u00e9rations suicides qui peuvent faire couler la Tunisie\u00a0\u00bb. La m\u00e9taphore utilis\u00e9e par le pr\u00e9sident est proportionnelle \u00e0 l&rsquo;\u00e9tat catastrophique que vit, actuellement, notre \u00e9conomie.<\/p>\n<p>Marzouki a m\u00eame soulign\u00e9 qu'\u00a0\u00bbaucun pays au monde n&rsquo;accepterait de se suicider. Apr\u00e8s la mani\u00e8re souple, viendra la mani\u00e8re dure, o\u00f9 la loi sera appliqu\u00e9e durement. Chacun assumera alors ses responsabilit\u00e9s. Si l&rsquo;\u00e9conomie est au plus mal, la transition d\u00e9mocratique s&rsquo;en trouvera \u00ab\u00a0moribonde\u00a0\u00bb\u00a0\u00bb.<\/p>\n<p>Cette mise en garde de Marzouki intervient apr\u00e8s certaines r\u00e9centes fermetures comme l&rsquo;unit\u00e9 de Yazaki \u00e0 Moular\u00e8s. Dans une interview accord\u00e9 ce matin, \u00e0 Express FM, la pr\u00e9sidente de l&rsquo;UTICA, Wided Bouchamaoui, a confi\u00e9 que le groupe britannique British Gas, qui est le premier investisseur \u00e9tranger en Tunisie et le plus important fournisseur du pays en gaz naturel, risque de quitter, \u00e0 son tour, le pays \u00e0 cause des sit-in \u00e0 r\u00e9p\u00e9tition.<\/p>\n<p>Pourtant, le pr\u00e9sident de la R\u00e9publique avait, la semaine derni\u00e8re, invit\u00e9 les diff\u00e9rents sitinneurs \u00e0 une tr\u00eave de six mois, au-del\u00e0 de laquelle ils pouvaient juger le travail qu&rsquo;aura fourni le gouvernement.<\/p>\n","protected":false},"excerpt":{"rendered":"<p>Marzouki monte au cr\u00e9neau \u00e0 propos des sit-in<\/p>\n","protected":false},"author":3222,"featured_media":333865,"comment_status":"open","ping_status":"closed","sticky":false,"template":"","format":"standard","meta":{"footnotes":""},"categories":[44],"tags":[],"class_list":["post-172357","post","type-post","status-publish","format-standard","has-post-thumbnail","hentry","category-national"],"yoast_head":"<!-- This site is optimized with the Yoast SEO Premium plugin v27.5 (Yoast SEO v27.5) - https:\/\/yoast.com\/product\/yoast-seo-premium-wordpress\/ -->\n<title>Marzouki monte au cr\u00e9neau \u00e0 propos des sit-in<\/title>\n<meta name=\"description\" content=\"Marzouki monte au cr\u00e9neau \u00e0 propos des sit-in\" \/>\n<link rel=\"canonical\" href=\"https:\/\/www.webdo.tn\/fr\/actualite\/national\/marzouki-monte-au-creneau-a-propos-des-sit-in\/172357\/\" \/>\n<meta property=\"og:locale\" content=\"fr_FR\" \/>\n<meta property=\"og:type\" content=\"article\" \/>\n<meta property=\"og:title\" content=\"Marzouki monte au cr\u00e9neau \u00e0 propos des sit-in\" \/>\n<meta property=\"og:description\" content=\"Marzouki monte au cr\u00e9neau \u00e0 propos des sit-in\" \/>\n<meta property=\"og:url\" content=\"https:\/\/www.webdo.tn\/fr\/actualite\/national\/marzouki-monte-au-creneau-a-propos-des-sit-in\/172357\/\" \/>\n<meta property=\"og:site_name\" content=\"webdo\" \/>\n<meta property=\"article:publisher\" content=\"https:\/\/www.facebook.com\/webdotn\" \/>\n<meta property=\"article:published_time\" content=\"2011-12-23T16:01:00+00:00\" \/>\n<meta property=\"article:modified_time\" content=\"2025-06-04T19:02:06+00:00\" \/>\n<meta property=\"og:image\" content=\"https:\/\/www.webdo.tn\/fr\/wp-content\/uploads\/2011\/12\/Moncef-Marzouki-150x150-1.jpg\" \/>\n\t<meta property=\"og:image:width\" content=\"150\" \/>\n\t<meta property=\"og:image:height\" content=\"150\" \/>\n\t<meta property=\"og:image:type\" content=\"image\/jpeg\" \/>\n<meta name=\"author\" content=\"webdo.tn\" \/>\n<meta name=\"twitter:card\" content=\"summary_large_image\" \/>\n<meta name=\"twitter:creator\" content=\"@webdo_tn\" \/>\n<meta name=\"twitter:site\" content=\"@webdo_tn\" \/>\n<meta name=\"twitter:label1\" content=\"\u00c9crit par\" \/>\n\t<meta name=\"twitter:data1\" content=\"webdo.tn\" \/>\n\t<meta name=\"twitter:label2\" content=\"Dur\u00e9e de lecture estim\u00e9e\" \/>\n\t<meta name=\"twitter:data2\" content=\"1 minute\" \/>\n<script type=\"application\/ld+json\" class=\"yoast-schema-graph\">{\"@context\":\"https:\\\/\\\/schema.org\",\"@graph\":[{\"@type\":\"NewsArticle\",\"@id\":\"https:\\\/\\\/www.webdo.tn\\\/fr\\\/actualite\\\/national\\\/marzouki-monte-au-creneau-a-propos-des-sit-in\\\/172357\\\/#article\",\"isPartOf\":{\"@id\":\"https:\\\/\\\/www.webdo.tn\\\/fr\\\/actualite\\\/national\\\/marzouki-monte-au-creneau-a-propos-des-sit-in\\\/172357\\\/\"},\"author\":{\"name\":\"webdo.tn\",\"@id\":\"https:\\\/\\\/www.webdo.tn\\\/fr\\\/#\\\/schema\\\/person\\\/9a9c6118d687c117df8ef3cc36a4d175\"},\"headline\":\"Marzouki monte au cr\u00e9neau \u00e0 propos des sit-in\",\"datePublished\":\"2011-12-23T16:01:00+00:00\",\"dateModified\":\"2025-06-04T19:02:06+00:00\",\"mainEntityOfPage\":{\"@id\":\"https:\\\/\\\/www.webdo.tn\\\/fr\\\/actualite\\\/national\\\/marzouki-monte-au-creneau-a-propos-des-sit-in\\\/172357\\\/\"},\"wordCount\":253,\"commentCount\":0,\"publisher\":{\"@id\":\"https:\\\/\\\/www.webdo.tn\\\/fr\\\/#organization\"},\"image\":{\"@id\":\"https:\\\/\\\/www.webdo.tn\\\/fr\\\/actualite\\\/national\\\/marzouki-monte-au-creneau-a-propos-des-sit-in\\\/172357\\\/#primaryimage\"},\"thumbnailUrl\":\"https:\\\/\\\/www.webdo.tn\\\/fr\\\/wp-content\\\/uploads\\\/2011\\\/12\\\/Moncef-Marzouki-150x150-1.jpg\",\"articleSection\":[\"National\"],\"inLanguage\":\"fr-FR\"},{\"@type\":\"WebPage\",\"@id\":\"https:\\\/\\\/www.webdo.tn\\\/fr\\\/actualite\\\/national\\\/marzouki-monte-au-creneau-a-propos-des-sit-in\\\/172357\\\/\",\"url\":\"https:\\\/\\\/www.webdo.tn\\\/fr\\\/actualite\\\/national\\\/marzouki-monte-au-creneau-a-propos-des-sit-in\\\/172357\\\/\",\"name\":\"Marzouki monte au cr\u00e9neau \u00e0 propos des sit-in\",\"isPartOf\":{\"@id\":\"https:\\\/\\\/www.webdo.tn\\\/fr\\\/#website\"},\"primaryImageOfPage\":{\"@id\":\"https:\\\/\\\/www.webdo.tn\\\/fr\\\/actualite\\\/national\\\/marzouki-monte-au-creneau-a-propos-des-sit-in\\\/172357\\\/#primaryimage\"},\"image\":{\"@id\":\"https:\\\/\\\/www.webdo.tn\\\/fr\\\/actualite\\\/national\\\/marzouki-monte-au-creneau-a-propos-des-sit-in\\\/172357\\\/#primaryimage\"},\"thumbnailUrl\":\"https:\\\/\\\/www.webdo.tn\\\/fr\\\/wp-content\\\/uploads\\\/2011\\\/12\\\/Moncef-Marzouki-150x150-1.jpg\",\"datePublished\":\"2011-12-23T16:01:00+00:00\",\"dateModified\":\"2025-06-04T19:02:06+00:00\",\"description\":\"Marzouki monte au cr\u00e9neau \u00e0 propos des sit-in\",\"breadcrumb\":{\"@id\":\"https:\\\/\\\/www.webdo.tn\\\/fr\\\/actualite\\\/national\\\/marzouki-monte-au-creneau-a-propos-des-sit-in\\\/172357\\\/#breadcrumb\"},\"inLanguage\":\"fr-FR\",\"potentialAction\":[{\"@type\":\"ReadAction\",\"target\":[\"https:\\\/\\\/www.webdo.tn\\\/fr\\\/actualite\\\/national\\\/marzouki-monte-au-creneau-a-propos-des-sit-in\\\/172357\\\/\"]}]},{\"@type\":\"ImageObject\",\"inLanguage\":\"fr-FR\",\"@id\":\"https:\\\/\\\/www.webdo.tn\\\/fr\\\/actualite\\\/national\\\/marzouki-monte-au-creneau-a-propos-des-sit-in\\\/172357\\\/#primaryimage\",\"url\":\"https:\\\/\\\/www.webdo.tn\\\/fr\\\/wp-content\\\/uploads\\\/2011\\\/12\\\/Moncef-Marzouki-150x150-1.jpg\",\"contentUrl\":\"https:\\\/\\\/www.webdo.tn\\\/fr\\\/wp-content\\\/uploads\\\/2011\\\/12\\\/Moncef-Marzouki-150x150-1.jpg\",\"width\":150,\"height\":150,\"caption\":\"Marzouki monte au cr\u00e9neau \u00e0 propos des sit-in\"},{\"@type\":\"BreadcrumbList\",\"@id\":\"https:\\\/\\\/www.webdo.tn\\\/fr\\\/actualite\\\/national\\\/marzouki-monte-au-creneau-a-propos-des-sit-in\\\/172357\\\/#breadcrumb\",\"itemListElement\":[{\"@type\":\"ListItem\",\"position\":1,\"name\":\"Accueil\",\"item\":\"https:\\\/\\\/www.webdo.tn\\\/fr\\\/\"},{\"@type\":\"ListItem\",\"position\":2,\"name\":\"Marzouki monte au cr\u00e9neau \u00e0 propos des sit-in\"}]},{\"@type\":\"WebSite\",\"@id\":\"https:\\\/\\\/www.webdo.tn\\\/fr\\\/#website\",\"url\":\"https:\\\/\\\/www.webdo.tn\\\/fr\\\/\",\"name\":\"webdo\",\"description\":\"Tunisie - News en Tunisie et \u00e0 l&#039;international sur Webdo.tn\",\"publisher\":{\"@id\":\"https:\\\/\\\/www.webdo.tn\\\/fr\\\/#organization\"},\"potentialAction\":[{\"@type\":\"SearchAction\",\"target\":{\"@type\":\"EntryPoint\",\"urlTemplate\":\"https:\\\/\\\/www.webdo.tn\\\/fr\\\/?s={search_term_string}\"},\"query-input\":{\"@type\":\"PropertyValueSpecification\",\"valueRequired\":true,\"valueName\":\"search_term_string\"}}],\"inLanguage\":\"fr-FR\"},{\"@type\":\"Organization\",\"@id\":\"https:\\\/\\\/www.webdo.tn\\\/fr\\\/#organization\",\"name\":\"Webdo\",\"alternateName\":\"Webdo.tn\",\"url\":\"https:\\\/\\\/www.webdo.tn\\\/fr\\\/\",\"logo\":{\"@type\":\"ImageObject\",\"inLanguage\":\"fr-FR\",\"@id\":\"https:\\\/\\\/www.webdo.tn\\\/fr\\\/#\\\/schema\\\/logo\\\/image\\\/\",\"url\":\"https:\\\/\\\/www.webdo.tn\\\/fr\\\/wp-content\\\/uploads\\\/2025\\\/06\\\/Webdo-Tunisie_168377.jpg\",\"contentUrl\":\"https:\\\/\\\/www.webdo.tn\\\/fr\\\/wp-content\\\/uploads\\\/2025\\\/06\\\/Webdo-Tunisie_168377.jpg\",\"width\":301,\"height\":301,\"caption\":\"Webdo\"},\"image\":{\"@id\":\"https:\\\/\\\/www.webdo.tn\\\/fr\\\/#\\\/schema\\\/logo\\\/image\\\/\"},\"sameAs\":[\"https:\\\/\\\/www.facebook.com\\\/webdotn\",\"https:\\\/\\\/x.com\\\/webdo_tn\"],\"description\":\"Webdo est un m\u00e9dia num\u00e9rique tunisien fond\u00e9 en 2010, sp\u00e9cialis\u00e9 dans l\u2019actualit\u00e9 nationale et internationale, l\u2019\u00e9conomie, la soci\u00e9t\u00e9 et les analyses politiques. Le site s\u2019adresse \u00e0 un large public francophone et couvre l\u2019information tunisienne en temps r\u00e9el.\",\"email\":\"redac@webdo.tn\",\"legalName\":\"YNJ SARL\",\"foundingDate\":\"2010-09-06\",\"numberOfEmployees\":{\"@type\":\"QuantitativeValue\",\"minValue\":\"11\",\"maxValue\":\"50\"}},{\"@type\":\"Person\",\"@id\":\"https:\\\/\\\/www.webdo.tn\\\/fr\\\/#\\\/schema\\\/person\\\/9a9c6118d687c117df8ef3cc36a4d175\",\"name\":\"webdo.tn\",\"image\":{\"@type\":\"ImageObject\",\"inLanguage\":\"fr-FR\",\"@id\":\"https:\\\/\\\/secure.gravatar.com\\\/avatar\\\/7ce1f28c0c3bbac99ff550b85ef8e44a6950c6ee24514fb6a5489e51d06f0298?s=96&d=mm&r=g\",\"url\":\"https:\\\/\\\/secure.gravatar.com\\\/avatar\\\/7ce1f28c0c3bbac99ff550b85ef8e44a6950c6ee24514fb6a5489e51d06f0298?s=96&d=mm&r=g\",\"contentUrl\":\"https:\\\/\\\/secure.gravatar.com\\\/avatar\\\/7ce1f28c0c3bbac99ff550b85ef8e44a6950c6ee24514fb6a5489e51d06f0298?s=96&d=mm&r=g\",\"caption\":\"webdo.tn\"},\"url\":\"https:\\\/\\\/www.webdo.tn\\\/fr\\\/actualite\\\/author\\\/webdotn\\\/\"}]}<\/script>\n<!-- \/ Yoast SEO Premium plugin. -->","yoast_head_json":{"title":"Marzouki monte au cr\u00e9neau \u00e0 propos des sit-in","description":"Marzouki monte au cr\u00e9neau \u00e0 propos des sit-in","canonical":"https:\/\/www.webdo.tn\/fr\/actualite\/national\/marzouki-monte-au-creneau-a-propos-des-sit-in\/172357\/","og_locale":"fr_FR","og_type":"article","og_title":"Marzouki monte au cr\u00e9neau \u00e0 propos des sit-in","og_description":"Marzouki monte au cr\u00e9neau \u00e0 propos des sit-in","og_url":"https:\/\/www.webdo.tn\/fr\/actualite\/national\/marzouki-monte-au-creneau-a-propos-des-sit-in\/172357\/","og_site_name":"webdo","article_publisher":"https:\/\/www.facebook.com\/webdotn","article_published_time":"2011-12-23T16:01:00+00:00","article_modified_time":"2025-06-04T19:02:06+00:00","og_image":[{"width":150,"height":150,"url":"https:\/\/www.webdo.tn\/fr\/wp-content\/uploads\/2011\/12\/Moncef-Marzouki-150x150-1.jpg","type":"image\/jpeg"}],"author":"webdo.tn","twitter_card":"summary_large_image","twitter_creator":"@webdo_tn","twitter_site":"@webdo_tn","twitter_misc":{"\u00c9crit par":"webdo.tn","Dur\u00e9e de lecture estim\u00e9e":"1 minute"},"schema":{"@context":"https:\/\/schema.org","@graph":[{"@type":"NewsArticle","@id":"https:\/\/www.webdo.tn\/fr\/actualite\/national\/marzouki-monte-au-creneau-a-propos-des-sit-in\/172357\/#article","isPartOf":{"@id":"https:\/\/www.webdo.tn\/fr\/actualite\/national\/marzouki-monte-au-creneau-a-propos-des-sit-in\/172357\/"},"author":{"name":"webdo.tn","@id":"https:\/\/www.webdo.tn\/fr\/#\/schema\/person\/9a9c6118d687c117df8ef3cc36a4d175"},"headline":"Marzouki monte au cr\u00e9neau \u00e0 propos des sit-in","datePublished":"2011-12-23T16:01:00+00:00","dateModified":"2025-06-04T19:02:06+00:00","mainEntityOfPage":{"@id":"https:\/\/www.webdo.tn\/fr\/actualite\/national\/marzouki-monte-au-creneau-a-propos-des-sit-in\/172357\/"},"wordCount":253,"commentCount":0,"publisher":{"@id":"https:\/\/www.webdo.tn\/fr\/#organization"},"image":{"@id":"https:\/\/www.webdo.tn\/fr\/actualite\/national\/marzouki-monte-au-creneau-a-propos-des-sit-in\/172357\/#primaryimage"},"thumbnailUrl":"https:\/\/www.webdo.tn\/fr\/wp-content\/uploads\/2011\/12\/Moncef-Marzouki-150x150-1.jpg","articleSection":["National"],"inLanguage":"fr-FR"},{"@type":"WebPage","@id":"https:\/\/www.webdo.tn\/fr\/actualite\/national\/marzouki-monte-au-creneau-a-propos-des-sit-in\/172357\/","url":"https:\/\/www.webdo.tn\/fr\/actualite\/national\/marzouki-monte-au-creneau-a-propos-des-sit-in\/172357\/","name":"Marzouki monte au cr\u00e9neau \u00e0 propos des sit-in","isPartOf":{"@id":"https:\/\/www.webdo.tn\/fr\/#website"},"primaryImageOfPage":{"@id":"https:\/\/www.webdo.tn\/fr\/actualite\/national\/marzouki-monte-au-creneau-a-propos-des-sit-in\/172357\/#primaryimage"},"image":{"@id":"https:\/\/www.webdo.tn\/fr\/actualite\/national\/marzouki-monte-au-creneau-a-propos-des-sit-in\/172357\/#primaryimage"},"thumbnailUrl":"https:\/\/www.webdo.tn\/fr\/wp-content\/uploads\/2011\/12\/Moncef-Marzouki-150x150-1.jpg","datePublished":"2011-12-23T16:01:00+00:00","dateModified":"2025-06-04T19:02:06+00:00","description":"Marzouki monte au cr\u00e9neau \u00e0 propos des sit-in","breadcrumb":{"@id":"https:\/\/www.webdo.tn\/fr\/actualite\/national\/marzouki-monte-au-creneau-a-propos-des-sit-in\/172357\/#breadcrumb"},"inLanguage":"fr-FR","potentialAction":[{"@type":"ReadAction","target":["https:\/\/www.webdo.tn\/fr\/actualite\/national\/marzouki-monte-au-creneau-a-propos-des-sit-in\/172357\/"]}]},{"@type":"ImageObject","inLanguage":"fr-FR","@id":"https:\/\/www.webdo.tn\/fr\/actualite\/national\/marzouki-monte-au-creneau-a-propos-des-sit-in\/172357\/#primaryimage","url":"https:\/\/www.webdo.tn\/fr\/wp-content\/uploads\/2011\/12\/Moncef-Marzouki-150x150-1.jpg","contentUrl":"https:\/\/www.webdo.tn\/fr\/wp-content\/uploads\/2011\/12\/Moncef-Marzouki-150x150-1.jpg","width":150,"height":150,"caption":"Marzouki monte au cr\u00e9neau \u00e0 propos des sit-in"},{"@type":"BreadcrumbList","@id":"https:\/\/www.webdo.tn\/fr\/actualite\/national\/marzouki-monte-au-creneau-a-propos-des-sit-in\/172357\/#breadcrumb","itemListElement":[{"@type":"ListItem","position":1,"name":"Accueil","item":"https:\/\/www.webdo.tn\/fr\/"},{"@type":"ListItem","position":2,"name":"Marzouki monte au cr\u00e9neau \u00e0 propos des sit-in"}]},{"@type":"WebSite","@id":"https:\/\/www.webdo.tn\/fr\/#website","url":"https:\/\/www.webdo.tn\/fr\/","name":"webdo","description":"Tunisie - News en Tunisie et \u00e0 l&#039;international sur Webdo.tn","publisher":{"@id":"https:\/\/www.webdo.tn\/fr\/#organization"},"potentialAction":[{"@type":"SearchAction","target":{"@type":"EntryPoint","urlTemplate":"https:\/\/www.webdo.tn\/fr\/?s={search_term_string}"},"query-input":{"@type":"PropertyValueSpecification","valueRequired":true,"valueName":"search_term_string"}}],"inLanguage":"fr-FR"},{"@type":"Organization","@id":"https:\/\/www.webdo.tn\/fr\/#organization","name":"Webdo","alternateName":"Webdo.tn","url":"https:\/\/www.webdo.tn\/fr\/","logo":{"@type":"ImageObject","inLanguage":"fr-FR","@id":"https:\/\/www.webdo.tn\/fr\/#\/schema\/logo\/image\/","url":"https:\/\/www.webdo.tn\/fr\/wp-content\/uploads\/2025\/06\/Webdo-Tunisie_168377.jpg","contentUrl":"https:\/\/www.webdo.tn\/fr\/wp-content\/uploads\/2025\/06\/Webdo-Tunisie_168377.jpg","width":301,"height":301,"caption":"Webdo"},"image":{"@id":"https:\/\/www.webdo.tn\/fr\/#\/schema\/logo\/image\/"},"sameAs":["https:\/\/www.facebook.com\/webdotn","https:\/\/x.com\/webdo_tn"],"description":"Webdo est un m\u00e9dia num\u00e9rique tunisien fond\u00e9 en 2010, sp\u00e9cialis\u00e9 dans l\u2019actualit\u00e9 nationale et internationale, l\u2019\u00e9conomie, la soci\u00e9t\u00e9 et les analyses politiques. Le site s\u2019adresse \u00e0 un large public francophone et couvre l\u2019information tunisienne en temps r\u00e9el.","email":"redac@webdo.tn","legalName":"YNJ SARL","foundingDate":"2010-09-06","numberOfEmployees":{"@type":"QuantitativeValue","minValue":"11","maxValue":"50"}},{"@type":"Person","@id":"https:\/\/www.webdo.tn\/fr\/#\/schema\/person\/9a9c6118d687c117df8ef3cc36a4d175","name":"webdo.tn","image":{"@type":"ImageObject","inLanguage":"fr-FR","@id":"https:\/\/secure.gravatar.com\/avatar\/7ce1f28c0c3bbac99ff550b85ef8e44a6950c6ee24514fb6a5489e51d06f0298?s=96&d=mm&r=g","url":"https:\/\/secure.gravatar.com\/avatar\/7ce1f28c0c3bbac99ff550b85ef8e44a6950c6ee24514fb6a5489e51d06f0298?s=96&d=mm&r=g","contentUrl":"https:\/\/secure.gravatar.com\/avatar\/7ce1f28c0c3bbac99ff550b85ef8e44a6950c6ee24514fb6a5489e51d06f0298?s=96&d=mm&r=g","caption":"webdo.tn"},"url":"https:\/\/www.webdo.tn\/fr\/actualite\/author\/webdotn\/"}]}},"_links":{"self":[{"href":"https:\/\/www.webdo.tn\/fr\/wp-json\/wp\/v2\/posts\/172357","targetHints":{"allow":["GET"]}}],"collection":[{"href":"https:\/\/www.webdo.tn\/fr\/wp-json\/wp\/v2\/posts"}],"about":[{"href":"https:\/\/www.webdo.tn\/fr\/wp-json\/wp\/v2\/types\/post"}],"author":[{"embeddable":true,"href":"https:\/\/www.webdo.tn\/fr\/wp-json\/wp\/v2\/users\/3222"}],"replies":[{"embeddable":true,"href":"https:\/\/www.webdo.tn\/fr\/wp-json\/wp\/v2\/comments?post=172357"}],"version-history":[{"count":0,"href":"https:\/\/www.webdo.tn\/fr\/wp-json\/wp\/v2\/posts\/172357\/revisions"}],"wp:featuredmedia":[{"embeddable":true,"href":"https:\/\/www.webdo.tn\/fr\/wp-json\/wp\/v2\/media\/333865"}],"wp:attachment":[{"href":"https:\/\/www.webdo.tn\/fr\/wp-json\/wp\/v2\/media?parent=172357"}],"wp:term":[{"taxonomy":"category","embeddable":true,"href":"https:\/\/www.webdo.tn\/fr\/wp-json\/wp\/v2\/categories?post=172357"},{"taxonomy":"post_tag","embeddable":true,"href":"https:\/\/www.webdo.tn\/fr\/wp-json\/wp\/v2\/tags?post=172357"}],"curies":[{"name":"wp","href":"https:\/\/api.w.org\/{rel}","templated":true}]}}