{"id":172355,"date":"2011-12-25T18:04:00","date_gmt":"2011-12-25T18:04:00","guid":{"rendered":"https:\/\/www.webdo.tn\/fr\/actualite\/blog\/canada-la-maison-d-el-materi-retiree-des-encheres-grace-a-la-grc\/172355\/"},"modified":"2011-12-25T18:04:00","modified_gmt":"2011-12-25T18:04:00","slug":"canada-la-maison-d-el-materi-retiree-des-encheres-grace-a-la-grc","status":"publish","type":"post","link":"https:\/\/www.webdo.tn\/fr\/actualite\/national\/canada-la-maison-d-el-materi-retiree-des-encheres-grace-a-la-grc\/172355\/","title":{"rendered":"Canada : la maison d\u2019El Materi retir\u00e9e des ench\u00e8res gr\u00e2ce \u00e0 la GRC"},"content":{"rendered":"<p>R\u00e9cemment, nous avons publi\u00e9 un article sur le fait que la maison de Sakher El Materi, achet\u00e9 par ses soins, \u00e0 Westmount, pour 2,5 M$, allait \u00eatre mise aux ench\u00e8res le 18 janvier 2012. Selon le site cyberpresse.ca, cette ville canadienne \u00abreconna\u00eet avoir commis une \u00aberreur\u00bb en mettant aux ench\u00e8res cette luxueuse r\u00e9sidence\u00bb. Il faut dire que la d\u00e9cision de la mettre aux ench\u00e8res vient du fait que El Materi a \u00aboubli\u00e9\u00bb de casquer pour les taxes municipales et que Westmount voulait r\u00e9cup\u00e9rer les 16 000$ qui lui sont dus.<\/p>\n<p>Cependant, toujours d\u2019apr\u00e8s le site canadien, la Gendarmerie royale du Canada (GRC) a signifi\u00e9 \u00e0 la ville que vendre la propri\u00e9t\u00e9 de Sakher El Materi \u00e9tait  \u00abune infraction\u00bb puisque celui-ci \u00e9tait \u00abvis\u00e9 par la Loi sur le blocage des biens des dirigeants \u00e9trangers corrompus, adopt\u00e9e en mars. Tous ses avoirs au Canada sont gel\u00e9s, pour \u00eatre \u00e9ventuellement restitu\u00e9s \u00e0 la Tunisie\u00bb. Et le site d\u2019ajouter qu\u2019\u00aben vertu de la nouvelle loi, toute transaction touchant les avoirs de Sakher El Materi sont proscrites. Ceux qui l&rsquo;enfreignent risquent jusqu&rsquo;\u00e0 cinq ans de prison\u00bb.<\/p>\n<p>La ville de Westmount a finalement retir\u00e9 la demeure d\u2019El Materi, qui est actuellement au Qatar avec sa famille, de sa liste des maisons \u00e0 vendre pour non-paiement de taxes. Il faut savoir que le gendre de Ben Ali a laiss\u00e9 une sacr\u00e9e ardoise au Canada : taxes municipales, frais de scolarit\u00e9s pour 6000$, factures de Gaz M\u00e9tro pour 2000$, le tout impay\u00e9, auxquels il faut ajouter 1,1 million de travaux de r\u00e9novation pour sa r\u00e9sidence. Des pratiques que la famille Ben Ali\/Trabelsi faisait en Tunisie et qu\u2019ils ont export\u00e9es avec eux.<\/p>\n","protected":false},"excerpt":{"rendered":"<p>Canada : la maison d\u2019El Materi retir\u00e9e des ench\u00e8res gr\u00e2ce \u00e0 la GRC <\/p>\n","protected":false},"author":3222,"featured_media":376290,"comment_status":"open","ping_status":"closed","sticky":false,"template":"","format":"standard","meta":{"footnotes":""},"categories":[44],"tags":[],"class_list":["post-172355","post","type-post","status-publish","format-standard","has-post-thumbnail","hentry","category-national"],"yoast_head":"<!-- This site is optimized with the Yoast SEO Premium plugin v27.5 (Yoast SEO v27.5) - https:\/\/yoast.com\/product\/yoast-seo-premium-wordpress\/ -->\n<title>Canada : la maison d\u2019El Materi retir\u00e9e des ench\u00e8res gr\u00e2ce \u00e0 la GRC<\/title>\n<meta name=\"description\" content=\"Canada : la maison d\u2019El Materi retir\u00e9e des ench\u00e8res gr\u00e2ce \u00e0 la GRC\" \/>\n<link rel=\"canonical\" href=\"https:\/\/www.webdo.tn\/fr\/actualite\/national\/canada-la-maison-d-el-materi-retiree-des-encheres-grace-a-la-grc\/172355\/\" \/>\n<meta property=\"og:locale\" content=\"fr_FR\" \/>\n<meta property=\"og:type\" content=\"article\" \/>\n<meta property=\"og:title\" content=\"Canada : la maison d\u2019El Materi retir\u00e9e des ench\u00e8res gr\u00e2ce \u00e0 la GRC\" \/>\n<meta property=\"og:description\" content=\"Canada : la maison d\u2019El Materi retir\u00e9e des ench\u00e8res gr\u00e2ce \u00e0 la GRC\" \/>\n<meta property=\"og:url\" content=\"https:\/\/www.webdo.tn\/fr\/actualite\/national\/canada-la-maison-d-el-materi-retiree-des-encheres-grace-a-la-grc\/172355\/\" \/>\n<meta property=\"og:site_name\" content=\"webdo\" \/>\n<meta property=\"article:publisher\" content=\"https:\/\/www.facebook.com\/webdotn\" \/>\n<meta property=\"article:published_time\" content=\"2011-12-25T18:04:00+00:00\" \/>\n<meta name=\"author\" content=\"webdo.tn\" \/>\n<meta name=\"twitter:card\" content=\"summary_large_image\" \/>\n<meta name=\"twitter:creator\" content=\"@webdo_tn\" \/>\n<meta name=\"twitter:site\" content=\"@webdo_tn\" \/>\n<meta name=\"twitter:label1\" content=\"\u00c9crit par\" \/>\n\t<meta name=\"twitter:data1\" content=\"webdo.tn\" \/>\n\t<meta name=\"twitter:label2\" content=\"Dur\u00e9e de lecture estim\u00e9e\" \/>\n\t<meta name=\"twitter:data2\" content=\"1 minute\" \/>\n<script type=\"application\/ld+json\" class=\"yoast-schema-graph\">{\"@context\":\"https:\\\/\\\/schema.org\",\"@graph\":[{\"@type\":\"NewsArticle\",\"@id\":\"https:\\\/\\\/www.webdo.tn\\\/fr\\\/actualite\\\/national\\\/canada-la-maison-d-el-materi-retiree-des-encheres-grace-a-la-grc\\\/172355\\\/#article\",\"isPartOf\":{\"@id\":\"https:\\\/\\\/www.webdo.tn\\\/fr\\\/actualite\\\/national\\\/canada-la-maison-d-el-materi-retiree-des-encheres-grace-a-la-grc\\\/172355\\\/\"},\"author\":{\"name\":\"webdo.tn\",\"@id\":\"https:\\\/\\\/www.webdo.tn\\\/fr\\\/#\\\/schema\\\/person\\\/9a9c6118d687c117df8ef3cc36a4d175\"},\"headline\":\"Canada : la maison d\u2019El Materi retir\u00e9e des ench\u00e8res gr\u00e2ce \u00e0 la GRC\",\"datePublished\":\"2011-12-25T18:04:00+00:00\",\"mainEntityOfPage\":{\"@id\":\"https:\\\/\\\/www.webdo.tn\\\/fr\\\/actualite\\\/national\\\/canada-la-maison-d-el-materi-retiree-des-encheres-grace-a-la-grc\\\/172355\\\/\"},\"wordCount\":303,\"commentCount\":0,\"publisher\":{\"@id\":\"https:\\\/\\\/www.webdo.tn\\\/fr\\\/#organization\"},\"image\":{\"@id\":\"https:\\\/\\\/www.webdo.tn\\\/fr\\\/actualite\\\/national\\\/canada-la-maison-d-el-materi-retiree-des-encheres-grace-a-la-grc\\\/172355\\\/#primaryimage\"},\"thumbnailUrl\":\"https:\\\/\\\/www.webdo.tn\\\/fr\\\/wp-content\\\/uploads\\\/2025\\\/06\\\/FireShot-Capture-1063-webdo_default-53-750x375.jpg-750\u00d7375-www.webdo_.tn_.png\",\"articleSection\":[\"National\"],\"inLanguage\":\"fr-FR\"},{\"@type\":\"WebPage\",\"@id\":\"https:\\\/\\\/www.webdo.tn\\\/fr\\\/actualite\\\/national\\\/canada-la-maison-d-el-materi-retiree-des-encheres-grace-a-la-grc\\\/172355\\\/\",\"url\":\"https:\\\/\\\/www.webdo.tn\\\/fr\\\/actualite\\\/national\\\/canada-la-maison-d-el-materi-retiree-des-encheres-grace-a-la-grc\\\/172355\\\/\",\"name\":\"Canada : la maison d\u2019El Materi retir\u00e9e des ench\u00e8res gr\u00e2ce \u00e0 la GRC\",\"isPartOf\":{\"@id\":\"https:\\\/\\\/www.webdo.tn\\\/fr\\\/#website\"},\"primaryImageOfPage\":{\"@id\":\"https:\\\/\\\/www.webdo.tn\\\/fr\\\/actualite\\\/national\\\/canada-la-maison-d-el-materi-retiree-des-encheres-grace-a-la-grc\\\/172355\\\/#primaryimage\"},\"image\":{\"@id\":\"https:\\\/\\\/www.webdo.tn\\\/fr\\\/actualite\\\/national\\\/canada-la-maison-d-el-materi-retiree-des-encheres-grace-a-la-grc\\\/172355\\\/#primaryimage\"},\"thumbnailUrl\":\"https:\\\/\\\/www.webdo.tn\\\/fr\\\/wp-content\\\/uploads\\\/2025\\\/06\\\/FireShot-Capture-1063-webdo_default-53-750x375.jpg-750\u00d7375-www.webdo_.tn_.png\",\"datePublished\":\"2011-12-25T18:04:00+00:00\",\"description\":\"Canada : la maison d\u2019El Materi retir\u00e9e des ench\u00e8res gr\u00e2ce \u00e0 la GRC\",\"breadcrumb\":{\"@id\":\"https:\\\/\\\/www.webdo.tn\\\/fr\\\/actualite\\\/national\\\/canada-la-maison-d-el-materi-retiree-des-encheres-grace-a-la-grc\\\/172355\\\/#breadcrumb\"},\"inLanguage\":\"fr-FR\",\"potentialAction\":[{\"@type\":\"ReadAction\",\"target\":[\"https:\\\/\\\/www.webdo.tn\\\/fr\\\/actualite\\\/national\\\/canada-la-maison-d-el-materi-retiree-des-encheres-grace-a-la-grc\\\/172355\\\/\"]}]},{\"@type\":\"ImageObject\",\"inLanguage\":\"fr-FR\",\"@id\":\"https:\\\/\\\/www.webdo.tn\\\/fr\\\/actualite\\\/national\\\/canada-la-maison-d-el-materi-retiree-des-encheres-grace-a-la-grc\\\/172355\\\/#primaryimage\",\"url\":\"https:\\\/\\\/www.webdo.tn\\\/fr\\\/wp-content\\\/uploads\\\/2025\\\/06\\\/FireShot-Capture-1063-webdo_default-53-750x375.jpg-750\u00d7375-www.webdo_.tn_.png\",\"contentUrl\":\"https:\\\/\\\/www.webdo.tn\\\/fr\\\/wp-content\\\/uploads\\\/2025\\\/06\\\/FireShot-Capture-1063-webdo_default-53-750x375.jpg-750\u00d7375-www.webdo_.tn_.png\",\"width\":746,\"height\":371},{\"@type\":\"BreadcrumbList\",\"@id\":\"https:\\\/\\\/www.webdo.tn\\\/fr\\\/actualite\\\/national\\\/canada-la-maison-d-el-materi-retiree-des-encheres-grace-a-la-grc\\\/172355\\\/#breadcrumb\",\"itemListElement\":[{\"@type\":\"ListItem\",\"position\":1,\"name\":\"Accueil\",\"item\":\"https:\\\/\\\/www.webdo.tn\\\/fr\\\/\"},{\"@type\":\"ListItem\",\"position\":2,\"name\":\"Canada : la maison d\u2019El Materi retir\u00e9e des ench\u00e8res gr\u00e2ce \u00e0 la GRC\"}]},{\"@type\":\"WebSite\",\"@id\":\"https:\\\/\\\/www.webdo.tn\\\/fr\\\/#website\",\"url\":\"https:\\\/\\\/www.webdo.tn\\\/fr\\\/\",\"name\":\"webdo\",\"description\":\"Tunisie - News en Tunisie et \u00e0 l&#039;international sur Webdo.tn\",\"publisher\":{\"@id\":\"https:\\\/\\\/www.webdo.tn\\\/fr\\\/#organization\"},\"potentialAction\":[{\"@type\":\"SearchAction\",\"target\":{\"@type\":\"EntryPoint\",\"urlTemplate\":\"https:\\\/\\\/www.webdo.tn\\\/fr\\\/?s={search_term_string}\"},\"query-input\":{\"@type\":\"PropertyValueSpecification\",\"valueRequired\":true,\"valueName\":\"search_term_string\"}}],\"inLanguage\":\"fr-FR\"},{\"@type\":\"Organization\",\"@id\":\"https:\\\/\\\/www.webdo.tn\\\/fr\\\/#organization\",\"name\":\"Webdo\",\"alternateName\":\"Webdo.tn\",\"url\":\"https:\\\/\\\/www.webdo.tn\\\/fr\\\/\",\"logo\":{\"@type\":\"ImageObject\",\"inLanguage\":\"fr-FR\",\"@id\":\"https:\\\/\\\/www.webdo.tn\\\/fr\\\/#\\\/schema\\\/logo\\\/image\\\/\",\"url\":\"https:\\\/\\\/www.webdo.tn\\\/fr\\\/wp-content\\\/uploads\\\/2025\\\/06\\\/Webdo-Tunisie_168377.jpg\",\"contentUrl\":\"https:\\\/\\\/www.webdo.tn\\\/fr\\\/wp-content\\\/uploads\\\/2025\\\/06\\\/Webdo-Tunisie_168377.jpg\",\"width\":301,\"height\":301,\"caption\":\"Webdo\"},\"image\":{\"@id\":\"https:\\\/\\\/www.webdo.tn\\\/fr\\\/#\\\/schema\\\/logo\\\/image\\\/\"},\"sameAs\":[\"https:\\\/\\\/www.facebook.com\\\/webdotn\",\"https:\\\/\\\/x.com\\\/webdo_tn\"],\"description\":\"Webdo est un m\u00e9dia num\u00e9rique tunisien fond\u00e9 en 2010, sp\u00e9cialis\u00e9 dans l\u2019actualit\u00e9 nationale et internationale, l\u2019\u00e9conomie, la soci\u00e9t\u00e9 et les analyses politiques. Le site s\u2019adresse \u00e0 un large public francophone et couvre l\u2019information tunisienne en temps r\u00e9el.\",\"email\":\"redac@webdo.tn\",\"legalName\":\"YNJ SARL\",\"foundingDate\":\"2010-09-06\",\"numberOfEmployees\":{\"@type\":\"QuantitativeValue\",\"minValue\":\"11\",\"maxValue\":\"50\"}},{\"@type\":\"Person\",\"@id\":\"https:\\\/\\\/www.webdo.tn\\\/fr\\\/#\\\/schema\\\/person\\\/9a9c6118d687c117df8ef3cc36a4d175\",\"name\":\"webdo.tn\",\"image\":{\"@type\":\"ImageObject\",\"inLanguage\":\"fr-FR\",\"@id\":\"https:\\\/\\\/secure.gravatar.com\\\/avatar\\\/7ce1f28c0c3bbac99ff550b85ef8e44a6950c6ee24514fb6a5489e51d06f0298?s=96&d=mm&r=g\",\"url\":\"https:\\\/\\\/secure.gravatar.com\\\/avatar\\\/7ce1f28c0c3bbac99ff550b85ef8e44a6950c6ee24514fb6a5489e51d06f0298?s=96&d=mm&r=g\",\"contentUrl\":\"https:\\\/\\\/secure.gravatar.com\\\/avatar\\\/7ce1f28c0c3bbac99ff550b85ef8e44a6950c6ee24514fb6a5489e51d06f0298?s=96&d=mm&r=g\",\"caption\":\"webdo.tn\"},\"url\":\"https:\\\/\\\/www.webdo.tn\\\/fr\\\/actualite\\\/author\\\/webdotn\\\/\"}]}<\/script>\n<!-- \/ Yoast SEO Premium plugin. -->","yoast_head_json":{"title":"Canada : la maison d\u2019El Materi retir\u00e9e des ench\u00e8res gr\u00e2ce \u00e0 la GRC","description":"Canada : la maison d\u2019El Materi retir\u00e9e des ench\u00e8res gr\u00e2ce \u00e0 la GRC","canonical":"https:\/\/www.webdo.tn\/fr\/actualite\/national\/canada-la-maison-d-el-materi-retiree-des-encheres-grace-a-la-grc\/172355\/","og_locale":"fr_FR","og_type":"article","og_title":"Canada : la maison d\u2019El Materi retir\u00e9e des ench\u00e8res gr\u00e2ce \u00e0 la GRC","og_description":"Canada : la maison d\u2019El Materi retir\u00e9e des ench\u00e8res gr\u00e2ce \u00e0 la GRC","og_url":"https:\/\/www.webdo.tn\/fr\/actualite\/national\/canada-la-maison-d-el-materi-retiree-des-encheres-grace-a-la-grc\/172355\/","og_site_name":"webdo","article_publisher":"https:\/\/www.facebook.com\/webdotn","article_published_time":"2011-12-25T18:04:00+00:00","author":"webdo.tn","twitter_card":"summary_large_image","twitter_creator":"@webdo_tn","twitter_site":"@webdo_tn","twitter_misc":{"\u00c9crit par":"webdo.tn","Dur\u00e9e de lecture estim\u00e9e":"1 minute"},"schema":{"@context":"https:\/\/schema.org","@graph":[{"@type":"NewsArticle","@id":"https:\/\/www.webdo.tn\/fr\/actualite\/national\/canada-la-maison-d-el-materi-retiree-des-encheres-grace-a-la-grc\/172355\/#article","isPartOf":{"@id":"https:\/\/www.webdo.tn\/fr\/actualite\/national\/canada-la-maison-d-el-materi-retiree-des-encheres-grace-a-la-grc\/172355\/"},"author":{"name":"webdo.tn","@id":"https:\/\/www.webdo.tn\/fr\/#\/schema\/person\/9a9c6118d687c117df8ef3cc36a4d175"},"headline":"Canada : la maison d\u2019El Materi retir\u00e9e des ench\u00e8res gr\u00e2ce \u00e0 la GRC","datePublished":"2011-12-25T18:04:00+00:00","mainEntityOfPage":{"@id":"https:\/\/www.webdo.tn\/fr\/actualite\/national\/canada-la-maison-d-el-materi-retiree-des-encheres-grace-a-la-grc\/172355\/"},"wordCount":303,"commentCount":0,"publisher":{"@id":"https:\/\/www.webdo.tn\/fr\/#organization"},"image":{"@id":"https:\/\/www.webdo.tn\/fr\/actualite\/national\/canada-la-maison-d-el-materi-retiree-des-encheres-grace-a-la-grc\/172355\/#primaryimage"},"thumbnailUrl":"https:\/\/www.webdo.tn\/fr\/wp-content\/uploads\/2025\/06\/FireShot-Capture-1063-webdo_default-53-750x375.jpg-750\u00d7375-www.webdo_.tn_.png","articleSection":["National"],"inLanguage":"fr-FR"},{"@type":"WebPage","@id":"https:\/\/www.webdo.tn\/fr\/actualite\/national\/canada-la-maison-d-el-materi-retiree-des-encheres-grace-a-la-grc\/172355\/","url":"https:\/\/www.webdo.tn\/fr\/actualite\/national\/canada-la-maison-d-el-materi-retiree-des-encheres-grace-a-la-grc\/172355\/","name":"Canada : la maison d\u2019El Materi retir\u00e9e des ench\u00e8res gr\u00e2ce \u00e0 la GRC","isPartOf":{"@id":"https:\/\/www.webdo.tn\/fr\/#website"},"primaryImageOfPage":{"@id":"https:\/\/www.webdo.tn\/fr\/actualite\/national\/canada-la-maison-d-el-materi-retiree-des-encheres-grace-a-la-grc\/172355\/#primaryimage"},"image":{"@id":"https:\/\/www.webdo.tn\/fr\/actualite\/national\/canada-la-maison-d-el-materi-retiree-des-encheres-grace-a-la-grc\/172355\/#primaryimage"},"thumbnailUrl":"https:\/\/www.webdo.tn\/fr\/wp-content\/uploads\/2025\/06\/FireShot-Capture-1063-webdo_default-53-750x375.jpg-750\u00d7375-www.webdo_.tn_.png","datePublished":"2011-12-25T18:04:00+00:00","description":"Canada : la maison d\u2019El Materi retir\u00e9e des ench\u00e8res gr\u00e2ce \u00e0 la GRC","breadcrumb":{"@id":"https:\/\/www.webdo.tn\/fr\/actualite\/national\/canada-la-maison-d-el-materi-retiree-des-encheres-grace-a-la-grc\/172355\/#breadcrumb"},"inLanguage":"fr-FR","potentialAction":[{"@type":"ReadAction","target":["https:\/\/www.webdo.tn\/fr\/actualite\/national\/canada-la-maison-d-el-materi-retiree-des-encheres-grace-a-la-grc\/172355\/"]}]},{"@type":"ImageObject","inLanguage":"fr-FR","@id":"https:\/\/www.webdo.tn\/fr\/actualite\/national\/canada-la-maison-d-el-materi-retiree-des-encheres-grace-a-la-grc\/172355\/#primaryimage","url":"https:\/\/www.webdo.tn\/fr\/wp-content\/uploads\/2025\/06\/FireShot-Capture-1063-webdo_default-53-750x375.jpg-750\u00d7375-www.webdo_.tn_.png","contentUrl":"https:\/\/www.webdo.tn\/fr\/wp-content\/uploads\/2025\/06\/FireShot-Capture-1063-webdo_default-53-750x375.jpg-750\u00d7375-www.webdo_.tn_.png","width":746,"height":371},{"@type":"BreadcrumbList","@id":"https:\/\/www.webdo.tn\/fr\/actualite\/national\/canada-la-maison-d-el-materi-retiree-des-encheres-grace-a-la-grc\/172355\/#breadcrumb","itemListElement":[{"@type":"ListItem","position":1,"name":"Accueil","item":"https:\/\/www.webdo.tn\/fr\/"},{"@type":"ListItem","position":2,"name":"Canada : la maison d\u2019El Materi retir\u00e9e des ench\u00e8res gr\u00e2ce \u00e0 la GRC"}]},{"@type":"WebSite","@id":"https:\/\/www.webdo.tn\/fr\/#website","url":"https:\/\/www.webdo.tn\/fr\/","name":"webdo","description":"Tunisie - News en Tunisie et \u00e0 l&#039;international sur Webdo.tn","publisher":{"@id":"https:\/\/www.webdo.tn\/fr\/#organization"},"potentialAction":[{"@type":"SearchAction","target":{"@type":"EntryPoint","urlTemplate":"https:\/\/www.webdo.tn\/fr\/?s={search_term_string}"},"query-input":{"@type":"PropertyValueSpecification","valueRequired":true,"valueName":"search_term_string"}}],"inLanguage":"fr-FR"},{"@type":"Organization","@id":"https:\/\/www.webdo.tn\/fr\/#organization","name":"Webdo","alternateName":"Webdo.tn","url":"https:\/\/www.webdo.tn\/fr\/","logo":{"@type":"ImageObject","inLanguage":"fr-FR","@id":"https:\/\/www.webdo.tn\/fr\/#\/schema\/logo\/image\/","url":"https:\/\/www.webdo.tn\/fr\/wp-content\/uploads\/2025\/06\/Webdo-Tunisie_168377.jpg","contentUrl":"https:\/\/www.webdo.tn\/fr\/wp-content\/uploads\/2025\/06\/Webdo-Tunisie_168377.jpg","width":301,"height":301,"caption":"Webdo"},"image":{"@id":"https:\/\/www.webdo.tn\/fr\/#\/schema\/logo\/image\/"},"sameAs":["https:\/\/www.facebook.com\/webdotn","https:\/\/x.com\/webdo_tn"],"description":"Webdo est un m\u00e9dia num\u00e9rique tunisien fond\u00e9 en 2010, sp\u00e9cialis\u00e9 dans l\u2019actualit\u00e9 nationale et internationale, l\u2019\u00e9conomie, la soci\u00e9t\u00e9 et les analyses politiques. Le site s\u2019adresse \u00e0 un large public francophone et couvre l\u2019information tunisienne en temps r\u00e9el.","email":"redac@webdo.tn","legalName":"YNJ SARL","foundingDate":"2010-09-06","numberOfEmployees":{"@type":"QuantitativeValue","minValue":"11","maxValue":"50"}},{"@type":"Person","@id":"https:\/\/www.webdo.tn\/fr\/#\/schema\/person\/9a9c6118d687c117df8ef3cc36a4d175","name":"webdo.tn","image":{"@type":"ImageObject","inLanguage":"fr-FR","@id":"https:\/\/secure.gravatar.com\/avatar\/7ce1f28c0c3bbac99ff550b85ef8e44a6950c6ee24514fb6a5489e51d06f0298?s=96&d=mm&r=g","url":"https:\/\/secure.gravatar.com\/avatar\/7ce1f28c0c3bbac99ff550b85ef8e44a6950c6ee24514fb6a5489e51d06f0298?s=96&d=mm&r=g","contentUrl":"https:\/\/secure.gravatar.com\/avatar\/7ce1f28c0c3bbac99ff550b85ef8e44a6950c6ee24514fb6a5489e51d06f0298?s=96&d=mm&r=g","caption":"webdo.tn"},"url":"https:\/\/www.webdo.tn\/fr\/actualite\/author\/webdotn\/"}]}},"_links":{"self":[{"href":"https:\/\/www.webdo.tn\/fr\/wp-json\/wp\/v2\/posts\/172355","targetHints":{"allow":["GET"]}}],"collection":[{"href":"https:\/\/www.webdo.tn\/fr\/wp-json\/wp\/v2\/posts"}],"about":[{"href":"https:\/\/www.webdo.tn\/fr\/wp-json\/wp\/v2\/types\/post"}],"author":[{"embeddable":true,"href":"https:\/\/www.webdo.tn\/fr\/wp-json\/wp\/v2\/users\/3222"}],"replies":[{"embeddable":true,"href":"https:\/\/www.webdo.tn\/fr\/wp-json\/wp\/v2\/comments?post=172355"}],"version-history":[{"count":0,"href":"https:\/\/www.webdo.tn\/fr\/wp-json\/wp\/v2\/posts\/172355\/revisions"}],"wp:featuredmedia":[{"embeddable":true,"href":"https:\/\/www.webdo.tn\/fr\/wp-json\/wp\/v2\/media\/376290"}],"wp:attachment":[{"href":"https:\/\/www.webdo.tn\/fr\/wp-json\/wp\/v2\/media?parent=172355"}],"wp:term":[{"taxonomy":"category","embeddable":true,"href":"https:\/\/www.webdo.tn\/fr\/wp-json\/wp\/v2\/categories?post=172355"},{"taxonomy":"post_tag","embeddable":true,"href":"https:\/\/www.webdo.tn\/fr\/wp-json\/wp\/v2\/tags?post=172355"}],"curies":[{"name":"wp","href":"https:\/\/api.w.org\/{rel}","templated":true}]}}