{"id":172354,"date":"2011-12-25T18:06:00","date_gmt":"2011-12-25T18:06:00","guid":{"rendered":"https:\/\/www.webdo.tn\/fr\/actualite\/blog\/le-president-marzouki-devrait-presenter-ses-voeux-aux-tunisiens-de-toutes-les-confessions\/172354\/"},"modified":"2025-06-04T19:02:12","modified_gmt":"2025-06-04T19:02:12","slug":"le-president-marzouki-devrait-presenter-ses-voeux-aux-tunisiens-de-toutes-les-confessions","status":"publish","type":"post","link":"https:\/\/www.webdo.tn\/fr\/actualite\/national\/le-president-marzouki-devrait-presenter-ses-voeux-aux-tunisiens-de-toutes-les-confessions\/172354\/","title":{"rendered":"Le Pr\u00e9sident Marzouki devrait pr\u00e9senter ses v\u0153ux aux Tunisiens de toutes les confessions"},"content":{"rendered":"<p>Le Pr\u00e9sident de la R\u00e9publique Mohammed Moncef Marzouki n\u2019arr\u00eate pas d\u2019envoyer des signaux fort \u00e0 tour de bras. Comme pour signifier un style de pr\u00e9sidence singulier. Hier, \u00e0 l\u2019occasion de la f\u00eate de No\u00ebl, il a pr\u00e9sent\u00e9 au nom du peuple tunisien et en son propre nom ses v\u0153ux \u00ab aux chr\u00e9tiens de Tunisie et du monde entier \u00bb.<\/p>\n<p>Dans un entretien t\u00e9l\u00e9phonique, le Pr\u00e9sident Marzouki a pr\u00e9sent\u00e9 ses v\u0153ux \u00e0 Mgr Maroun Laham, Archev\u00eaque de Tunis. Et le chef de l\u2019\u00c9tat de souligner que \u00ab la Tunisie demeurera une terre de cohabitation entre les diff\u00e9rentes religions et cultures, garantissant tous les droits, dont celui de confession. \u00bb<\/p>\n<p>L\u2019esprit de tol\u00e9rance et d\u2019ouverture que M Moncef Marzouki fait valoir devrait le conduire \u00e0 pr\u00e9senter \u00e9galement ses v\u0153ux aux juifs de Tunisie lors de la c\u00e9l\u00e9bration de leurs f\u00eates. Ce serait un signe d\u2019autant plus fort adress\u00e9 aux citoyens tunisiens de confession juive, pr\u00e9cis\u00e9ment au moment o\u00f9 un ministre actuel du gouvernement Netanyahou invite les juifs de Tunisie \u00e0 venir s\u2019installer en Isra\u00ebl.<\/p>\n","protected":false},"excerpt":{"rendered":"<p>Le Pr\u00e9sident Marzouki devrait pr\u00e9senter ses v\u0153ux aux Tunisiens de toutes les confessions <\/p>\n","protected":false},"author":3222,"featured_media":376290,"comment_status":"open","ping_status":"closed","sticky":false,"template":"","format":"standard","meta":{"footnotes":""},"categories":[44],"tags":[],"class_list":["post-172354","post","type-post","status-publish","format-standard","has-post-thumbnail","hentry","category-national"],"yoast_head":"<!-- This site is optimized with the Yoast SEO Premium plugin v27.5 (Yoast SEO v27.5) - https:\/\/yoast.com\/product\/yoast-seo-premium-wordpress\/ -->\n<title>Le Pr\u00e9sident Marzouki devrait pr\u00e9senter ses v\u0153ux aux Tunisiens de toutes les confessions<\/title>\n<meta name=\"description\" content=\"Le Pr\u00e9sident Marzouki devrait pr\u00e9senter ses v\u0153ux aux Tunisiens de toutes les confessions\" \/>\n<link rel=\"canonical\" href=\"https:\/\/www.webdo.tn\/fr\/actualite\/national\/le-president-marzouki-devrait-presenter-ses-voeux-aux-tunisiens-de-toutes-les-confessions\/172354\/\" \/>\n<meta property=\"og:locale\" content=\"fr_FR\" \/>\n<meta property=\"og:type\" content=\"article\" \/>\n<meta property=\"og:title\" content=\"Le Pr\u00e9sident Marzouki devrait pr\u00e9senter ses v\u0153ux aux Tunisiens de toutes les confessions\" \/>\n<meta property=\"og:description\" content=\"Le Pr\u00e9sident Marzouki devrait pr\u00e9senter ses v\u0153ux aux Tunisiens de toutes les confessions\" \/>\n<meta property=\"og:url\" content=\"https:\/\/www.webdo.tn\/fr\/actualite\/national\/le-president-marzouki-devrait-presenter-ses-voeux-aux-tunisiens-de-toutes-les-confessions\/172354\/\" \/>\n<meta property=\"og:site_name\" content=\"webdo\" \/>\n<meta property=\"article:publisher\" content=\"https:\/\/www.facebook.com\/webdotn\" \/>\n<meta property=\"article:published_time\" content=\"2011-12-25T18:06:00+00:00\" \/>\n<meta property=\"article:modified_time\" content=\"2025-06-04T19:02:12+00:00\" \/>\n<meta name=\"author\" content=\"webdo.tn\" \/>\n<meta name=\"twitter:card\" content=\"summary_large_image\" \/>\n<meta name=\"twitter:creator\" content=\"@webdo_tn\" \/>\n<meta name=\"twitter:site\" content=\"@webdo_tn\" \/>\n<meta name=\"twitter:label1\" content=\"\u00c9crit par\" \/>\n\t<meta name=\"twitter:data1\" content=\"webdo.tn\" \/>\n\t<meta name=\"twitter:label2\" content=\"Dur\u00e9e de lecture estim\u00e9e\" \/>\n\t<meta name=\"twitter:data2\" content=\"1 minute\" \/>\n<script type=\"application\/ld+json\" class=\"yoast-schema-graph\">{\"@context\":\"https:\\\/\\\/schema.org\",\"@graph\":[{\"@type\":\"NewsArticle\",\"@id\":\"https:\\\/\\\/www.webdo.tn\\\/fr\\\/actualite\\\/national\\\/le-president-marzouki-devrait-presenter-ses-voeux-aux-tunisiens-de-toutes-les-confessions\\\/172354\\\/#article\",\"isPartOf\":{\"@id\":\"https:\\\/\\\/www.webdo.tn\\\/fr\\\/actualite\\\/national\\\/le-president-marzouki-devrait-presenter-ses-voeux-aux-tunisiens-de-toutes-les-confessions\\\/172354\\\/\"},\"author\":{\"name\":\"webdo.tn\",\"@id\":\"https:\\\/\\\/www.webdo.tn\\\/fr\\\/#\\\/schema\\\/person\\\/9a9c6118d687c117df8ef3cc36a4d175\"},\"headline\":\"Le Pr\u00e9sident Marzouki devrait pr\u00e9senter ses v\u0153ux aux Tunisiens de toutes les confessions\",\"datePublished\":\"2011-12-25T18:06:00+00:00\",\"dateModified\":\"2025-06-04T19:02:12+00:00\",\"mainEntityOfPage\":{\"@id\":\"https:\\\/\\\/www.webdo.tn\\\/fr\\\/actualite\\\/national\\\/le-president-marzouki-devrait-presenter-ses-voeux-aux-tunisiens-de-toutes-les-confessions\\\/172354\\\/\"},\"wordCount\":212,\"commentCount\":0,\"publisher\":{\"@id\":\"https:\\\/\\\/www.webdo.tn\\\/fr\\\/#organization\"},\"image\":{\"@id\":\"https:\\\/\\\/www.webdo.tn\\\/fr\\\/actualite\\\/national\\\/le-president-marzouki-devrait-presenter-ses-voeux-aux-tunisiens-de-toutes-les-confessions\\\/172354\\\/#primaryimage\"},\"thumbnailUrl\":\"https:\\\/\\\/www.webdo.tn\\\/fr\\\/wp-content\\\/uploads\\\/2025\\\/06\\\/FireShot-Capture-1063-webdo_default-53-750x375.jpg-750\u00d7375-www.webdo_.tn_.png\",\"articleSection\":[\"National\"],\"inLanguage\":\"fr-FR\"},{\"@type\":\"WebPage\",\"@id\":\"https:\\\/\\\/www.webdo.tn\\\/fr\\\/actualite\\\/national\\\/le-president-marzouki-devrait-presenter-ses-voeux-aux-tunisiens-de-toutes-les-confessions\\\/172354\\\/\",\"url\":\"https:\\\/\\\/www.webdo.tn\\\/fr\\\/actualite\\\/national\\\/le-president-marzouki-devrait-presenter-ses-voeux-aux-tunisiens-de-toutes-les-confessions\\\/172354\\\/\",\"name\":\"Le Pr\u00e9sident Marzouki devrait pr\u00e9senter ses v\u0153ux aux Tunisiens de toutes les confessions\",\"isPartOf\":{\"@id\":\"https:\\\/\\\/www.webdo.tn\\\/fr\\\/#website\"},\"primaryImageOfPage\":{\"@id\":\"https:\\\/\\\/www.webdo.tn\\\/fr\\\/actualite\\\/national\\\/le-president-marzouki-devrait-presenter-ses-voeux-aux-tunisiens-de-toutes-les-confessions\\\/172354\\\/#primaryimage\"},\"image\":{\"@id\":\"https:\\\/\\\/www.webdo.tn\\\/fr\\\/actualite\\\/national\\\/le-president-marzouki-devrait-presenter-ses-voeux-aux-tunisiens-de-toutes-les-confessions\\\/172354\\\/#primaryimage\"},\"thumbnailUrl\":\"https:\\\/\\\/www.webdo.tn\\\/fr\\\/wp-content\\\/uploads\\\/2025\\\/06\\\/FireShot-Capture-1063-webdo_default-53-750x375.jpg-750\u00d7375-www.webdo_.tn_.png\",\"datePublished\":\"2011-12-25T18:06:00+00:00\",\"dateModified\":\"2025-06-04T19:02:12+00:00\",\"description\":\"Le Pr\u00e9sident Marzouki devrait pr\u00e9senter ses v\u0153ux aux Tunisiens de toutes les confessions\",\"breadcrumb\":{\"@id\":\"https:\\\/\\\/www.webdo.tn\\\/fr\\\/actualite\\\/national\\\/le-president-marzouki-devrait-presenter-ses-voeux-aux-tunisiens-de-toutes-les-confessions\\\/172354\\\/#breadcrumb\"},\"inLanguage\":\"fr-FR\",\"potentialAction\":[{\"@type\":\"ReadAction\",\"target\":[\"https:\\\/\\\/www.webdo.tn\\\/fr\\\/actualite\\\/national\\\/le-president-marzouki-devrait-presenter-ses-voeux-aux-tunisiens-de-toutes-les-confessions\\\/172354\\\/\"]}]},{\"@type\":\"ImageObject\",\"inLanguage\":\"fr-FR\",\"@id\":\"https:\\\/\\\/www.webdo.tn\\\/fr\\\/actualite\\\/national\\\/le-president-marzouki-devrait-presenter-ses-voeux-aux-tunisiens-de-toutes-les-confessions\\\/172354\\\/#primaryimage\",\"url\":\"https:\\\/\\\/www.webdo.tn\\\/fr\\\/wp-content\\\/uploads\\\/2025\\\/06\\\/FireShot-Capture-1063-webdo_default-53-750x375.jpg-750\u00d7375-www.webdo_.tn_.png\",\"contentUrl\":\"https:\\\/\\\/www.webdo.tn\\\/fr\\\/wp-content\\\/uploads\\\/2025\\\/06\\\/FireShot-Capture-1063-webdo_default-53-750x375.jpg-750\u00d7375-www.webdo_.tn_.png\",\"width\":746,\"height\":371},{\"@type\":\"BreadcrumbList\",\"@id\":\"https:\\\/\\\/www.webdo.tn\\\/fr\\\/actualite\\\/national\\\/le-president-marzouki-devrait-presenter-ses-voeux-aux-tunisiens-de-toutes-les-confessions\\\/172354\\\/#breadcrumb\",\"itemListElement\":[{\"@type\":\"ListItem\",\"position\":1,\"name\":\"Accueil\",\"item\":\"https:\\\/\\\/www.webdo.tn\\\/fr\\\/\"},{\"@type\":\"ListItem\",\"position\":2,\"name\":\"Le Pr\u00e9sident Marzouki devrait pr\u00e9senter ses v\u0153ux aux Tunisiens de toutes les confessions\"}]},{\"@type\":\"WebSite\",\"@id\":\"https:\\\/\\\/www.webdo.tn\\\/fr\\\/#website\",\"url\":\"https:\\\/\\\/www.webdo.tn\\\/fr\\\/\",\"name\":\"webdo\",\"description\":\"Tunisie - News en Tunisie et \u00e0 l&#039;international sur Webdo.tn\",\"publisher\":{\"@id\":\"https:\\\/\\\/www.webdo.tn\\\/fr\\\/#organization\"},\"potentialAction\":[{\"@type\":\"SearchAction\",\"target\":{\"@type\":\"EntryPoint\",\"urlTemplate\":\"https:\\\/\\\/www.webdo.tn\\\/fr\\\/?s={search_term_string}\"},\"query-input\":{\"@type\":\"PropertyValueSpecification\",\"valueRequired\":true,\"valueName\":\"search_term_string\"}}],\"inLanguage\":\"fr-FR\"},{\"@type\":\"Organization\",\"@id\":\"https:\\\/\\\/www.webdo.tn\\\/fr\\\/#organization\",\"name\":\"Webdo\",\"alternateName\":\"Webdo.tn\",\"url\":\"https:\\\/\\\/www.webdo.tn\\\/fr\\\/\",\"logo\":{\"@type\":\"ImageObject\",\"inLanguage\":\"fr-FR\",\"@id\":\"https:\\\/\\\/www.webdo.tn\\\/fr\\\/#\\\/schema\\\/logo\\\/image\\\/\",\"url\":\"https:\\\/\\\/www.webdo.tn\\\/fr\\\/wp-content\\\/uploads\\\/2025\\\/06\\\/Webdo-Tunisie_168377.jpg\",\"contentUrl\":\"https:\\\/\\\/www.webdo.tn\\\/fr\\\/wp-content\\\/uploads\\\/2025\\\/06\\\/Webdo-Tunisie_168377.jpg\",\"width\":301,\"height\":301,\"caption\":\"Webdo\"},\"image\":{\"@id\":\"https:\\\/\\\/www.webdo.tn\\\/fr\\\/#\\\/schema\\\/logo\\\/image\\\/\"},\"sameAs\":[\"https:\\\/\\\/www.facebook.com\\\/webdotn\",\"https:\\\/\\\/x.com\\\/webdo_tn\"],\"description\":\"Webdo est un m\u00e9dia num\u00e9rique tunisien fond\u00e9 en 2010, sp\u00e9cialis\u00e9 dans l\u2019actualit\u00e9 nationale et internationale, l\u2019\u00e9conomie, la soci\u00e9t\u00e9 et les analyses politiques. Le site s\u2019adresse \u00e0 un large public francophone et couvre l\u2019information tunisienne en temps r\u00e9el.\",\"email\":\"redac@webdo.tn\",\"legalName\":\"YNJ SARL\",\"foundingDate\":\"2010-09-06\",\"numberOfEmployees\":{\"@type\":\"QuantitativeValue\",\"minValue\":\"11\",\"maxValue\":\"50\"}},{\"@type\":\"Person\",\"@id\":\"https:\\\/\\\/www.webdo.tn\\\/fr\\\/#\\\/schema\\\/person\\\/9a9c6118d687c117df8ef3cc36a4d175\",\"name\":\"webdo.tn\",\"image\":{\"@type\":\"ImageObject\",\"inLanguage\":\"fr-FR\",\"@id\":\"https:\\\/\\\/secure.gravatar.com\\\/avatar\\\/7ce1f28c0c3bbac99ff550b85ef8e44a6950c6ee24514fb6a5489e51d06f0298?s=96&d=mm&r=g\",\"url\":\"https:\\\/\\\/secure.gravatar.com\\\/avatar\\\/7ce1f28c0c3bbac99ff550b85ef8e44a6950c6ee24514fb6a5489e51d06f0298?s=96&d=mm&r=g\",\"contentUrl\":\"https:\\\/\\\/secure.gravatar.com\\\/avatar\\\/7ce1f28c0c3bbac99ff550b85ef8e44a6950c6ee24514fb6a5489e51d06f0298?s=96&d=mm&r=g\",\"caption\":\"webdo.tn\"},\"url\":\"https:\\\/\\\/www.webdo.tn\\\/fr\\\/actualite\\\/author\\\/webdotn\\\/\"}]}<\/script>\n<!-- \/ Yoast SEO Premium plugin. -->","yoast_head_json":{"title":"Le Pr\u00e9sident Marzouki devrait pr\u00e9senter ses v\u0153ux aux Tunisiens de toutes les confessions","description":"Le Pr\u00e9sident Marzouki devrait pr\u00e9senter ses v\u0153ux aux Tunisiens de toutes les confessions","canonical":"https:\/\/www.webdo.tn\/fr\/actualite\/national\/le-president-marzouki-devrait-presenter-ses-voeux-aux-tunisiens-de-toutes-les-confessions\/172354\/","og_locale":"fr_FR","og_type":"article","og_title":"Le Pr\u00e9sident Marzouki devrait pr\u00e9senter ses v\u0153ux aux Tunisiens de toutes les confessions","og_description":"Le Pr\u00e9sident Marzouki devrait pr\u00e9senter ses v\u0153ux aux Tunisiens de toutes les confessions","og_url":"https:\/\/www.webdo.tn\/fr\/actualite\/national\/le-president-marzouki-devrait-presenter-ses-voeux-aux-tunisiens-de-toutes-les-confessions\/172354\/","og_site_name":"webdo","article_publisher":"https:\/\/www.facebook.com\/webdotn","article_published_time":"2011-12-25T18:06:00+00:00","article_modified_time":"2025-06-04T19:02:12+00:00","author":"webdo.tn","twitter_card":"summary_large_image","twitter_creator":"@webdo_tn","twitter_site":"@webdo_tn","twitter_misc":{"\u00c9crit par":"webdo.tn","Dur\u00e9e de lecture estim\u00e9e":"1 minute"},"schema":{"@context":"https:\/\/schema.org","@graph":[{"@type":"NewsArticle","@id":"https:\/\/www.webdo.tn\/fr\/actualite\/national\/le-president-marzouki-devrait-presenter-ses-voeux-aux-tunisiens-de-toutes-les-confessions\/172354\/#article","isPartOf":{"@id":"https:\/\/www.webdo.tn\/fr\/actualite\/national\/le-president-marzouki-devrait-presenter-ses-voeux-aux-tunisiens-de-toutes-les-confessions\/172354\/"},"author":{"name":"webdo.tn","@id":"https:\/\/www.webdo.tn\/fr\/#\/schema\/person\/9a9c6118d687c117df8ef3cc36a4d175"},"headline":"Le Pr\u00e9sident Marzouki devrait pr\u00e9senter ses v\u0153ux aux Tunisiens de toutes les confessions","datePublished":"2011-12-25T18:06:00+00:00","dateModified":"2025-06-04T19:02:12+00:00","mainEntityOfPage":{"@id":"https:\/\/www.webdo.tn\/fr\/actualite\/national\/le-president-marzouki-devrait-presenter-ses-voeux-aux-tunisiens-de-toutes-les-confessions\/172354\/"},"wordCount":212,"commentCount":0,"publisher":{"@id":"https:\/\/www.webdo.tn\/fr\/#organization"},"image":{"@id":"https:\/\/www.webdo.tn\/fr\/actualite\/national\/le-president-marzouki-devrait-presenter-ses-voeux-aux-tunisiens-de-toutes-les-confessions\/172354\/#primaryimage"},"thumbnailUrl":"https:\/\/www.webdo.tn\/fr\/wp-content\/uploads\/2025\/06\/FireShot-Capture-1063-webdo_default-53-750x375.jpg-750\u00d7375-www.webdo_.tn_.png","articleSection":["National"],"inLanguage":"fr-FR"},{"@type":"WebPage","@id":"https:\/\/www.webdo.tn\/fr\/actualite\/national\/le-president-marzouki-devrait-presenter-ses-voeux-aux-tunisiens-de-toutes-les-confessions\/172354\/","url":"https:\/\/www.webdo.tn\/fr\/actualite\/national\/le-president-marzouki-devrait-presenter-ses-voeux-aux-tunisiens-de-toutes-les-confessions\/172354\/","name":"Le Pr\u00e9sident Marzouki devrait pr\u00e9senter ses v\u0153ux aux Tunisiens de toutes les confessions","isPartOf":{"@id":"https:\/\/www.webdo.tn\/fr\/#website"},"primaryImageOfPage":{"@id":"https:\/\/www.webdo.tn\/fr\/actualite\/national\/le-president-marzouki-devrait-presenter-ses-voeux-aux-tunisiens-de-toutes-les-confessions\/172354\/#primaryimage"},"image":{"@id":"https:\/\/www.webdo.tn\/fr\/actualite\/national\/le-president-marzouki-devrait-presenter-ses-voeux-aux-tunisiens-de-toutes-les-confessions\/172354\/#primaryimage"},"thumbnailUrl":"https:\/\/www.webdo.tn\/fr\/wp-content\/uploads\/2025\/06\/FireShot-Capture-1063-webdo_default-53-750x375.jpg-750\u00d7375-www.webdo_.tn_.png","datePublished":"2011-12-25T18:06:00+00:00","dateModified":"2025-06-04T19:02:12+00:00","description":"Le Pr\u00e9sident Marzouki devrait pr\u00e9senter ses v\u0153ux aux Tunisiens de toutes les confessions","breadcrumb":{"@id":"https:\/\/www.webdo.tn\/fr\/actualite\/national\/le-president-marzouki-devrait-presenter-ses-voeux-aux-tunisiens-de-toutes-les-confessions\/172354\/#breadcrumb"},"inLanguage":"fr-FR","potentialAction":[{"@type":"ReadAction","target":["https:\/\/www.webdo.tn\/fr\/actualite\/national\/le-president-marzouki-devrait-presenter-ses-voeux-aux-tunisiens-de-toutes-les-confessions\/172354\/"]}]},{"@type":"ImageObject","inLanguage":"fr-FR","@id":"https:\/\/www.webdo.tn\/fr\/actualite\/national\/le-president-marzouki-devrait-presenter-ses-voeux-aux-tunisiens-de-toutes-les-confessions\/172354\/#primaryimage","url":"https:\/\/www.webdo.tn\/fr\/wp-content\/uploads\/2025\/06\/FireShot-Capture-1063-webdo_default-53-750x375.jpg-750\u00d7375-www.webdo_.tn_.png","contentUrl":"https:\/\/www.webdo.tn\/fr\/wp-content\/uploads\/2025\/06\/FireShot-Capture-1063-webdo_default-53-750x375.jpg-750\u00d7375-www.webdo_.tn_.png","width":746,"height":371},{"@type":"BreadcrumbList","@id":"https:\/\/www.webdo.tn\/fr\/actualite\/national\/le-president-marzouki-devrait-presenter-ses-voeux-aux-tunisiens-de-toutes-les-confessions\/172354\/#breadcrumb","itemListElement":[{"@type":"ListItem","position":1,"name":"Accueil","item":"https:\/\/www.webdo.tn\/fr\/"},{"@type":"ListItem","position":2,"name":"Le Pr\u00e9sident Marzouki devrait pr\u00e9senter ses v\u0153ux aux Tunisiens de toutes les confessions"}]},{"@type":"WebSite","@id":"https:\/\/www.webdo.tn\/fr\/#website","url":"https:\/\/www.webdo.tn\/fr\/","name":"webdo","description":"Tunisie - News en Tunisie et \u00e0 l&#039;international sur Webdo.tn","publisher":{"@id":"https:\/\/www.webdo.tn\/fr\/#organization"},"potentialAction":[{"@type":"SearchAction","target":{"@type":"EntryPoint","urlTemplate":"https:\/\/www.webdo.tn\/fr\/?s={search_term_string}"},"query-input":{"@type":"PropertyValueSpecification","valueRequired":true,"valueName":"search_term_string"}}],"inLanguage":"fr-FR"},{"@type":"Organization","@id":"https:\/\/www.webdo.tn\/fr\/#organization","name":"Webdo","alternateName":"Webdo.tn","url":"https:\/\/www.webdo.tn\/fr\/","logo":{"@type":"ImageObject","inLanguage":"fr-FR","@id":"https:\/\/www.webdo.tn\/fr\/#\/schema\/logo\/image\/","url":"https:\/\/www.webdo.tn\/fr\/wp-content\/uploads\/2025\/06\/Webdo-Tunisie_168377.jpg","contentUrl":"https:\/\/www.webdo.tn\/fr\/wp-content\/uploads\/2025\/06\/Webdo-Tunisie_168377.jpg","width":301,"height":301,"caption":"Webdo"},"image":{"@id":"https:\/\/www.webdo.tn\/fr\/#\/schema\/logo\/image\/"},"sameAs":["https:\/\/www.facebook.com\/webdotn","https:\/\/x.com\/webdo_tn"],"description":"Webdo est un m\u00e9dia num\u00e9rique tunisien fond\u00e9 en 2010, sp\u00e9cialis\u00e9 dans l\u2019actualit\u00e9 nationale et internationale, l\u2019\u00e9conomie, la soci\u00e9t\u00e9 et les analyses politiques. Le site s\u2019adresse \u00e0 un large public francophone et couvre l\u2019information tunisienne en temps r\u00e9el.","email":"redac@webdo.tn","legalName":"YNJ SARL","foundingDate":"2010-09-06","numberOfEmployees":{"@type":"QuantitativeValue","minValue":"11","maxValue":"50"}},{"@type":"Person","@id":"https:\/\/www.webdo.tn\/fr\/#\/schema\/person\/9a9c6118d687c117df8ef3cc36a4d175","name":"webdo.tn","image":{"@type":"ImageObject","inLanguage":"fr-FR","@id":"https:\/\/secure.gravatar.com\/avatar\/7ce1f28c0c3bbac99ff550b85ef8e44a6950c6ee24514fb6a5489e51d06f0298?s=96&d=mm&r=g","url":"https:\/\/secure.gravatar.com\/avatar\/7ce1f28c0c3bbac99ff550b85ef8e44a6950c6ee24514fb6a5489e51d06f0298?s=96&d=mm&r=g","contentUrl":"https:\/\/secure.gravatar.com\/avatar\/7ce1f28c0c3bbac99ff550b85ef8e44a6950c6ee24514fb6a5489e51d06f0298?s=96&d=mm&r=g","caption":"webdo.tn"},"url":"https:\/\/www.webdo.tn\/fr\/actualite\/author\/webdotn\/"}]}},"_links":{"self":[{"href":"https:\/\/www.webdo.tn\/fr\/wp-json\/wp\/v2\/posts\/172354","targetHints":{"allow":["GET"]}}],"collection":[{"href":"https:\/\/www.webdo.tn\/fr\/wp-json\/wp\/v2\/posts"}],"about":[{"href":"https:\/\/www.webdo.tn\/fr\/wp-json\/wp\/v2\/types\/post"}],"author":[{"embeddable":true,"href":"https:\/\/www.webdo.tn\/fr\/wp-json\/wp\/v2\/users\/3222"}],"replies":[{"embeddable":true,"href":"https:\/\/www.webdo.tn\/fr\/wp-json\/wp\/v2\/comments?post=172354"}],"version-history":[{"count":0,"href":"https:\/\/www.webdo.tn\/fr\/wp-json\/wp\/v2\/posts\/172354\/revisions"}],"wp:featuredmedia":[{"embeddable":true,"href":"https:\/\/www.webdo.tn\/fr\/wp-json\/wp\/v2\/media\/376290"}],"wp:attachment":[{"href":"https:\/\/www.webdo.tn\/fr\/wp-json\/wp\/v2\/media?parent=172354"}],"wp:term":[{"taxonomy":"category","embeddable":true,"href":"https:\/\/www.webdo.tn\/fr\/wp-json\/wp\/v2\/categories?post=172354"},{"taxonomy":"post_tag","embeddable":true,"href":"https:\/\/www.webdo.tn\/fr\/wp-json\/wp\/v2\/tags?post=172354"}],"curies":[{"name":"wp","href":"https:\/\/api.w.org\/{rel}","templated":true}]}}