{"id":172349,"date":"2011-12-27T20:25:00","date_gmt":"2011-12-27T20:25:00","guid":{"rendered":"https:\/\/www.webdo.tn\/fr\/blog\/le-14-janvier-la-tunisie-fete-larrivee-de-lemir-du-qatar\/172349\/"},"modified":"2025-06-04T19:02:32","modified_gmt":"2025-06-04T19:02:32","slug":"le-14-janvier-la-tunisie-fete-larrivee-de-lemir-du-qatar","status":"publish","type":"post","link":"https:\/\/www.webdo.tn\/fr\/actualite\/national\/le-14-janvier-la-tunisie-fete-larrivee-de-lemir-du-qatar\/172349\/","title":{"rendered":"Le 14 janvier, la Tunisie \u00abf\u00eate\u00bb l\u2019arriv\u00e9e de\u2026 l&rsquo;Emir du Qatar"},"content":{"rendered":"<p>Le quotidien palestinien Al Quds annonce, dans son \u00e9dition d&rsquo;aujourd&rsquo;hui, que l&rsquo;Emir du Qatar, sera parmi nous le 14 janvier prochain, pour assister aux c\u00e9l\u00e9brations que vivra notre pays, une ann\u00e9e apr\u00e8s la fuite de Ben Ali.<\/p>\n<p>Cette arriv\u00e9e de l&rsquo;Emir Hamad Al Theni en Tunisie risque de provoquer une nouvelle vague de critiques, comme cela a \u00e9t\u00e9 le cas lors de sa fausse-vraie venue lors de la premi\u00e8re journ\u00e9es des travaux de l&rsquo;Assembl\u00e9e  Constituante. Une venue annul\u00e9e \u00e0 la derni\u00e8re minute devant la r\u00e9action fort hostile de la plupart des Tunisiens.<\/p>\n<p>Comme l&rsquo;a justement indiqu\u00e9 le journal Al Qods, l&rsquo;arriv\u00e9e du prince qatari peut \u00eatre interpr\u00e9t\u00e9 comme une ing\u00e9rence de Doha dans les affaires de notre pays. Le Qatar, d\u00e9j\u00e0 point\u00e9 du doigt comme \u00e9tant le principal \u00ab\u00a0sponsor\u00a0\u00bb du parti Ennahdha, a, r\u00e9cemment, \u00e9t\u00e9 derri\u00e8re les contestations dont est victime le nouveau ministre des Affaires \u00e9trang\u00e8res, Rafik Abdesselam Bouchleka. Gendre de Ghannouchi, celui-ci a travaill\u00e9 au centre d\u2019\u00e9tudes d&rsquo;Al Jazeera et a repr\u00e9sent\u00e9 le Qatar dans des r\u00e9unions de l&rsquo;Otan.<\/p>\n<p>Par ailleurs, toujours selon AlQuds, le gouvernement a aussi invit\u00e9 le Pr\u00e9sident fran\u00e7ais Nicolas Sakozy et le Pr\u00e9sident du Conseil National de Transition libyen, Mustapha Abdeljelil.<\/p>\n","protected":false},"excerpt":{"rendered":"<p>Le 14 janvier, la Tunisie \u00abf\u00eate\u00bb l\u2019arriv\u00e9e de\u2026 l&rsquo;Emir du Qatar<\/p>\n","protected":false},"author":3222,"featured_media":333850,"comment_status":"open","ping_status":"closed","sticky":false,"template":"","format":"standard","meta":{"footnotes":""},"categories":[44],"tags":[],"class_list":["post-172349","post","type-post","status-publish","format-standard","has-post-thumbnail","hentry","category-national"],"yoast_head":"<!-- This site is optimized with the Yoast SEO Premium plugin v27.5 (Yoast SEO v27.5) - https:\/\/yoast.com\/product\/yoast-seo-premium-wordpress\/ -->\n<title>Le 14 janvier, la Tunisie \u00abf\u00eate\u00bb l\u2019arriv\u00e9e de\u2026 l&#039;Emir du Qatar<\/title>\n<meta name=\"description\" content=\"Le 14 janvier, la Tunisie \u00abf\u00eate\u00bb l\u2019arriv\u00e9e de\u2026 l&#039;Emir du Qatar\" \/>\n<link rel=\"canonical\" href=\"https:\/\/www.webdo.tn\/fr\/actualite\/national\/le-14-janvier-la-tunisie-fete-larrivee-de-lemir-du-qatar\/172349\/\" \/>\n<meta property=\"og:locale\" content=\"fr_FR\" \/>\n<meta property=\"og:type\" content=\"article\" \/>\n<meta property=\"og:title\" content=\"Le 14 janvier, la Tunisie \u00abf\u00eate\u00bb l\u2019arriv\u00e9e de\u2026 l&#039;Emir du Qatar\" \/>\n<meta property=\"og:description\" content=\"Le 14 janvier, la Tunisie \u00abf\u00eate\u00bb l\u2019arriv\u00e9e de\u2026 l&#039;Emir du Qatar\" \/>\n<meta property=\"og:url\" content=\"https:\/\/www.webdo.tn\/fr\/actualite\/national\/le-14-janvier-la-tunisie-fete-larrivee-de-lemir-du-qatar\/172349\/\" \/>\n<meta property=\"og:site_name\" content=\"webdo\" \/>\n<meta property=\"article:publisher\" content=\"https:\/\/www.facebook.com\/webdotn\" \/>\n<meta property=\"article:published_time\" content=\"2011-12-27T20:25:00+00:00\" \/>\n<meta property=\"article:modified_time\" content=\"2025-06-04T19:02:32+00:00\" \/>\n<meta property=\"og:image\" content=\"https:\/\/www.webdo.tn\/fr\/wp-content\/uploads\/2011\/12\/amir-qatar-150x150-1.jpg\" \/>\n\t<meta property=\"og:image:width\" content=\"150\" \/>\n\t<meta property=\"og:image:height\" content=\"150\" \/>\n\t<meta property=\"og:image:type\" content=\"image\/jpeg\" \/>\n<meta name=\"author\" content=\"webdo.tn\" \/>\n<meta name=\"twitter:card\" content=\"summary_large_image\" \/>\n<meta name=\"twitter:creator\" content=\"@webdo_tn\" \/>\n<meta name=\"twitter:site\" content=\"@webdo_tn\" \/>\n<meta name=\"twitter:label1\" content=\"\u00c9crit par\" \/>\n\t<meta name=\"twitter:data1\" content=\"webdo.tn\" \/>\n\t<meta name=\"twitter:label2\" content=\"Dur\u00e9e de lecture estim\u00e9e\" \/>\n\t<meta name=\"twitter:data2\" content=\"1 minute\" \/>\n<script type=\"application\/ld+json\" class=\"yoast-schema-graph\">{\"@context\":\"https:\\\/\\\/schema.org\",\"@graph\":[{\"@type\":\"NewsArticle\",\"@id\":\"https:\\\/\\\/www.webdo.tn\\\/fr\\\/actualite\\\/national\\\/le-14-janvier-la-tunisie-fete-larrivee-de-lemir-du-qatar\\\/172349\\\/#article\",\"isPartOf\":{\"@id\":\"https:\\\/\\\/www.webdo.tn\\\/fr\\\/actualite\\\/national\\\/le-14-janvier-la-tunisie-fete-larrivee-de-lemir-du-qatar\\\/172349\\\/\"},\"author\":{\"name\":\"webdo.tn\",\"@id\":\"https:\\\/\\\/www.webdo.tn\\\/fr\\\/#\\\/schema\\\/person\\\/9a9c6118d687c117df8ef3cc36a4d175\"},\"headline\":\"Le 14 janvier, la Tunisie \u00abf\u00eate\u00bb l\u2019arriv\u00e9e de\u2026 l&rsquo;Emir du Qatar\",\"datePublished\":\"2011-12-27T20:25:00+00:00\",\"dateModified\":\"2025-06-04T19:02:32+00:00\",\"mainEntityOfPage\":{\"@id\":\"https:\\\/\\\/www.webdo.tn\\\/fr\\\/actualite\\\/national\\\/le-14-janvier-la-tunisie-fete-larrivee-de-lemir-du-qatar\\\/172349\\\/\"},\"wordCount\":242,\"commentCount\":0,\"publisher\":{\"@id\":\"https:\\\/\\\/www.webdo.tn\\\/fr\\\/#organization\"},\"image\":{\"@id\":\"https:\\\/\\\/www.webdo.tn\\\/fr\\\/actualite\\\/national\\\/le-14-janvier-la-tunisie-fete-larrivee-de-lemir-du-qatar\\\/172349\\\/#primaryimage\"},\"thumbnailUrl\":\"https:\\\/\\\/www.webdo.tn\\\/fr\\\/wp-content\\\/uploads\\\/2011\\\/12\\\/amir-qatar-150x150-1.jpg\",\"articleSection\":[\"National\"],\"inLanguage\":\"fr-FR\"},{\"@type\":\"WebPage\",\"@id\":\"https:\\\/\\\/www.webdo.tn\\\/fr\\\/actualite\\\/national\\\/le-14-janvier-la-tunisie-fete-larrivee-de-lemir-du-qatar\\\/172349\\\/\",\"url\":\"https:\\\/\\\/www.webdo.tn\\\/fr\\\/actualite\\\/national\\\/le-14-janvier-la-tunisie-fete-larrivee-de-lemir-du-qatar\\\/172349\\\/\",\"name\":\"Le 14 janvier, la Tunisie \u00abf\u00eate\u00bb l\u2019arriv\u00e9e de\u2026 l'Emir du Qatar\",\"isPartOf\":{\"@id\":\"https:\\\/\\\/www.webdo.tn\\\/fr\\\/#website\"},\"primaryImageOfPage\":{\"@id\":\"https:\\\/\\\/www.webdo.tn\\\/fr\\\/actualite\\\/national\\\/le-14-janvier-la-tunisie-fete-larrivee-de-lemir-du-qatar\\\/172349\\\/#primaryimage\"},\"image\":{\"@id\":\"https:\\\/\\\/www.webdo.tn\\\/fr\\\/actualite\\\/national\\\/le-14-janvier-la-tunisie-fete-larrivee-de-lemir-du-qatar\\\/172349\\\/#primaryimage\"},\"thumbnailUrl\":\"https:\\\/\\\/www.webdo.tn\\\/fr\\\/wp-content\\\/uploads\\\/2011\\\/12\\\/amir-qatar-150x150-1.jpg\",\"datePublished\":\"2011-12-27T20:25:00+00:00\",\"dateModified\":\"2025-06-04T19:02:32+00:00\",\"description\":\"Le 14 janvier, la Tunisie \u00abf\u00eate\u00bb l\u2019arriv\u00e9e de\u2026 l'Emir du Qatar\",\"breadcrumb\":{\"@id\":\"https:\\\/\\\/www.webdo.tn\\\/fr\\\/actualite\\\/national\\\/le-14-janvier-la-tunisie-fete-larrivee-de-lemir-du-qatar\\\/172349\\\/#breadcrumb\"},\"inLanguage\":\"fr-FR\",\"potentialAction\":[{\"@type\":\"ReadAction\",\"target\":[\"https:\\\/\\\/www.webdo.tn\\\/fr\\\/actualite\\\/national\\\/le-14-janvier-la-tunisie-fete-larrivee-de-lemir-du-qatar\\\/172349\\\/\"]}]},{\"@type\":\"ImageObject\",\"inLanguage\":\"fr-FR\",\"@id\":\"https:\\\/\\\/www.webdo.tn\\\/fr\\\/actualite\\\/national\\\/le-14-janvier-la-tunisie-fete-larrivee-de-lemir-du-qatar\\\/172349\\\/#primaryimage\",\"url\":\"https:\\\/\\\/www.webdo.tn\\\/fr\\\/wp-content\\\/uploads\\\/2011\\\/12\\\/amir-qatar-150x150-1.jpg\",\"contentUrl\":\"https:\\\/\\\/www.webdo.tn\\\/fr\\\/wp-content\\\/uploads\\\/2011\\\/12\\\/amir-qatar-150x150-1.jpg\",\"width\":150,\"height\":150,\"caption\":\"Le 14 janvier, la Tunisie \u00abf\u00eate\u00bb l\u2019arriv\u00e9e de\u2026 l'Emir du Qatar\"},{\"@type\":\"BreadcrumbList\",\"@id\":\"https:\\\/\\\/www.webdo.tn\\\/fr\\\/actualite\\\/national\\\/le-14-janvier-la-tunisie-fete-larrivee-de-lemir-du-qatar\\\/172349\\\/#breadcrumb\",\"itemListElement\":[{\"@type\":\"ListItem\",\"position\":1,\"name\":\"Accueil\",\"item\":\"https:\\\/\\\/www.webdo.tn\\\/fr\\\/\"},{\"@type\":\"ListItem\",\"position\":2,\"name\":\"Le 14 janvier, la Tunisie \u00abf\u00eate\u00bb l\u2019arriv\u00e9e de\u2026 l&rsquo;Emir du Qatar\"}]},{\"@type\":\"WebSite\",\"@id\":\"https:\\\/\\\/www.webdo.tn\\\/fr\\\/#website\",\"url\":\"https:\\\/\\\/www.webdo.tn\\\/fr\\\/\",\"name\":\"webdo\",\"description\":\"Tunisie - News en Tunisie et \u00e0 l&#039;international sur Webdo.tn\",\"publisher\":{\"@id\":\"https:\\\/\\\/www.webdo.tn\\\/fr\\\/#organization\"},\"potentialAction\":[{\"@type\":\"SearchAction\",\"target\":{\"@type\":\"EntryPoint\",\"urlTemplate\":\"https:\\\/\\\/www.webdo.tn\\\/fr\\\/?s={search_term_string}\"},\"query-input\":{\"@type\":\"PropertyValueSpecification\",\"valueRequired\":true,\"valueName\":\"search_term_string\"}}],\"inLanguage\":\"fr-FR\"},{\"@type\":\"Organization\",\"@id\":\"https:\\\/\\\/www.webdo.tn\\\/fr\\\/#organization\",\"name\":\"Webdo\",\"alternateName\":\"Webdo.tn\",\"url\":\"https:\\\/\\\/www.webdo.tn\\\/fr\\\/\",\"logo\":{\"@type\":\"ImageObject\",\"inLanguage\":\"fr-FR\",\"@id\":\"https:\\\/\\\/www.webdo.tn\\\/fr\\\/#\\\/schema\\\/logo\\\/image\\\/\",\"url\":\"https:\\\/\\\/www.webdo.tn\\\/fr\\\/wp-content\\\/uploads\\\/2025\\\/06\\\/Webdo-Tunisie_168377.jpg\",\"contentUrl\":\"https:\\\/\\\/www.webdo.tn\\\/fr\\\/wp-content\\\/uploads\\\/2025\\\/06\\\/Webdo-Tunisie_168377.jpg\",\"width\":301,\"height\":301,\"caption\":\"Webdo\"},\"image\":{\"@id\":\"https:\\\/\\\/www.webdo.tn\\\/fr\\\/#\\\/schema\\\/logo\\\/image\\\/\"},\"sameAs\":[\"https:\\\/\\\/www.facebook.com\\\/webdotn\",\"https:\\\/\\\/x.com\\\/webdo_tn\"],\"description\":\"Webdo est un m\u00e9dia num\u00e9rique tunisien fond\u00e9 en 2010, sp\u00e9cialis\u00e9 dans l\u2019actualit\u00e9 nationale et internationale, l\u2019\u00e9conomie, la soci\u00e9t\u00e9 et les analyses politiques. Le site s\u2019adresse \u00e0 un large public francophone et couvre l\u2019information tunisienne en temps r\u00e9el.\",\"email\":\"redac@webdo.tn\",\"legalName\":\"YNJ SARL\",\"foundingDate\":\"2010-09-06\",\"numberOfEmployees\":{\"@type\":\"QuantitativeValue\",\"minValue\":\"11\",\"maxValue\":\"50\"}},{\"@type\":\"Person\",\"@id\":\"https:\\\/\\\/www.webdo.tn\\\/fr\\\/#\\\/schema\\\/person\\\/9a9c6118d687c117df8ef3cc36a4d175\",\"name\":\"webdo.tn\",\"image\":{\"@type\":\"ImageObject\",\"inLanguage\":\"fr-FR\",\"@id\":\"https:\\\/\\\/secure.gravatar.com\\\/avatar\\\/7ce1f28c0c3bbac99ff550b85ef8e44a6950c6ee24514fb6a5489e51d06f0298?s=96&d=mm&r=g\",\"url\":\"https:\\\/\\\/secure.gravatar.com\\\/avatar\\\/7ce1f28c0c3bbac99ff550b85ef8e44a6950c6ee24514fb6a5489e51d06f0298?s=96&d=mm&r=g\",\"contentUrl\":\"https:\\\/\\\/secure.gravatar.com\\\/avatar\\\/7ce1f28c0c3bbac99ff550b85ef8e44a6950c6ee24514fb6a5489e51d06f0298?s=96&d=mm&r=g\",\"caption\":\"webdo.tn\"},\"url\":\"https:\\\/\\\/www.webdo.tn\\\/fr\\\/actualite\\\/author\\\/webdotn\\\/\"}]}<\/script>\n<!-- \/ Yoast SEO Premium plugin. -->","yoast_head_json":{"title":"Le 14 janvier, la Tunisie \u00abf\u00eate\u00bb l\u2019arriv\u00e9e de\u2026 l'Emir du Qatar","description":"Le 14 janvier, la Tunisie \u00abf\u00eate\u00bb l\u2019arriv\u00e9e de\u2026 l'Emir du Qatar","canonical":"https:\/\/www.webdo.tn\/fr\/actualite\/national\/le-14-janvier-la-tunisie-fete-larrivee-de-lemir-du-qatar\/172349\/","og_locale":"fr_FR","og_type":"article","og_title":"Le 14 janvier, la Tunisie \u00abf\u00eate\u00bb l\u2019arriv\u00e9e de\u2026 l'Emir du Qatar","og_description":"Le 14 janvier, la Tunisie \u00abf\u00eate\u00bb l\u2019arriv\u00e9e de\u2026 l'Emir du Qatar","og_url":"https:\/\/www.webdo.tn\/fr\/actualite\/national\/le-14-janvier-la-tunisie-fete-larrivee-de-lemir-du-qatar\/172349\/","og_site_name":"webdo","article_publisher":"https:\/\/www.facebook.com\/webdotn","article_published_time":"2011-12-27T20:25:00+00:00","article_modified_time":"2025-06-04T19:02:32+00:00","og_image":[{"width":150,"height":150,"url":"https:\/\/www.webdo.tn\/fr\/wp-content\/uploads\/2011\/12\/amir-qatar-150x150-1.jpg","type":"image\/jpeg"}],"author":"webdo.tn","twitter_card":"summary_large_image","twitter_creator":"@webdo_tn","twitter_site":"@webdo_tn","twitter_misc":{"\u00c9crit par":"webdo.tn","Dur\u00e9e de lecture estim\u00e9e":"1 minute"},"schema":{"@context":"https:\/\/schema.org","@graph":[{"@type":"NewsArticle","@id":"https:\/\/www.webdo.tn\/fr\/actualite\/national\/le-14-janvier-la-tunisie-fete-larrivee-de-lemir-du-qatar\/172349\/#article","isPartOf":{"@id":"https:\/\/www.webdo.tn\/fr\/actualite\/national\/le-14-janvier-la-tunisie-fete-larrivee-de-lemir-du-qatar\/172349\/"},"author":{"name":"webdo.tn","@id":"https:\/\/www.webdo.tn\/fr\/#\/schema\/person\/9a9c6118d687c117df8ef3cc36a4d175"},"headline":"Le 14 janvier, la Tunisie \u00abf\u00eate\u00bb l\u2019arriv\u00e9e de\u2026 l&rsquo;Emir du Qatar","datePublished":"2011-12-27T20:25:00+00:00","dateModified":"2025-06-04T19:02:32+00:00","mainEntityOfPage":{"@id":"https:\/\/www.webdo.tn\/fr\/actualite\/national\/le-14-janvier-la-tunisie-fete-larrivee-de-lemir-du-qatar\/172349\/"},"wordCount":242,"commentCount":0,"publisher":{"@id":"https:\/\/www.webdo.tn\/fr\/#organization"},"image":{"@id":"https:\/\/www.webdo.tn\/fr\/actualite\/national\/le-14-janvier-la-tunisie-fete-larrivee-de-lemir-du-qatar\/172349\/#primaryimage"},"thumbnailUrl":"https:\/\/www.webdo.tn\/fr\/wp-content\/uploads\/2011\/12\/amir-qatar-150x150-1.jpg","articleSection":["National"],"inLanguage":"fr-FR"},{"@type":"WebPage","@id":"https:\/\/www.webdo.tn\/fr\/actualite\/national\/le-14-janvier-la-tunisie-fete-larrivee-de-lemir-du-qatar\/172349\/","url":"https:\/\/www.webdo.tn\/fr\/actualite\/national\/le-14-janvier-la-tunisie-fete-larrivee-de-lemir-du-qatar\/172349\/","name":"Le 14 janvier, la Tunisie \u00abf\u00eate\u00bb l\u2019arriv\u00e9e de\u2026 l'Emir du Qatar","isPartOf":{"@id":"https:\/\/www.webdo.tn\/fr\/#website"},"primaryImageOfPage":{"@id":"https:\/\/www.webdo.tn\/fr\/actualite\/national\/le-14-janvier-la-tunisie-fete-larrivee-de-lemir-du-qatar\/172349\/#primaryimage"},"image":{"@id":"https:\/\/www.webdo.tn\/fr\/actualite\/national\/le-14-janvier-la-tunisie-fete-larrivee-de-lemir-du-qatar\/172349\/#primaryimage"},"thumbnailUrl":"https:\/\/www.webdo.tn\/fr\/wp-content\/uploads\/2011\/12\/amir-qatar-150x150-1.jpg","datePublished":"2011-12-27T20:25:00+00:00","dateModified":"2025-06-04T19:02:32+00:00","description":"Le 14 janvier, la Tunisie \u00abf\u00eate\u00bb l\u2019arriv\u00e9e de\u2026 l'Emir du Qatar","breadcrumb":{"@id":"https:\/\/www.webdo.tn\/fr\/actualite\/national\/le-14-janvier-la-tunisie-fete-larrivee-de-lemir-du-qatar\/172349\/#breadcrumb"},"inLanguage":"fr-FR","potentialAction":[{"@type":"ReadAction","target":["https:\/\/www.webdo.tn\/fr\/actualite\/national\/le-14-janvier-la-tunisie-fete-larrivee-de-lemir-du-qatar\/172349\/"]}]},{"@type":"ImageObject","inLanguage":"fr-FR","@id":"https:\/\/www.webdo.tn\/fr\/actualite\/national\/le-14-janvier-la-tunisie-fete-larrivee-de-lemir-du-qatar\/172349\/#primaryimage","url":"https:\/\/www.webdo.tn\/fr\/wp-content\/uploads\/2011\/12\/amir-qatar-150x150-1.jpg","contentUrl":"https:\/\/www.webdo.tn\/fr\/wp-content\/uploads\/2011\/12\/amir-qatar-150x150-1.jpg","width":150,"height":150,"caption":"Le 14 janvier, la Tunisie \u00abf\u00eate\u00bb l\u2019arriv\u00e9e de\u2026 l'Emir du Qatar"},{"@type":"BreadcrumbList","@id":"https:\/\/www.webdo.tn\/fr\/actualite\/national\/le-14-janvier-la-tunisie-fete-larrivee-de-lemir-du-qatar\/172349\/#breadcrumb","itemListElement":[{"@type":"ListItem","position":1,"name":"Accueil","item":"https:\/\/www.webdo.tn\/fr\/"},{"@type":"ListItem","position":2,"name":"Le 14 janvier, la Tunisie \u00abf\u00eate\u00bb l\u2019arriv\u00e9e de\u2026 l&rsquo;Emir du Qatar"}]},{"@type":"WebSite","@id":"https:\/\/www.webdo.tn\/fr\/#website","url":"https:\/\/www.webdo.tn\/fr\/","name":"webdo","description":"Tunisie - News en Tunisie et \u00e0 l&#039;international sur Webdo.tn","publisher":{"@id":"https:\/\/www.webdo.tn\/fr\/#organization"},"potentialAction":[{"@type":"SearchAction","target":{"@type":"EntryPoint","urlTemplate":"https:\/\/www.webdo.tn\/fr\/?s={search_term_string}"},"query-input":{"@type":"PropertyValueSpecification","valueRequired":true,"valueName":"search_term_string"}}],"inLanguage":"fr-FR"},{"@type":"Organization","@id":"https:\/\/www.webdo.tn\/fr\/#organization","name":"Webdo","alternateName":"Webdo.tn","url":"https:\/\/www.webdo.tn\/fr\/","logo":{"@type":"ImageObject","inLanguage":"fr-FR","@id":"https:\/\/www.webdo.tn\/fr\/#\/schema\/logo\/image\/","url":"https:\/\/www.webdo.tn\/fr\/wp-content\/uploads\/2025\/06\/Webdo-Tunisie_168377.jpg","contentUrl":"https:\/\/www.webdo.tn\/fr\/wp-content\/uploads\/2025\/06\/Webdo-Tunisie_168377.jpg","width":301,"height":301,"caption":"Webdo"},"image":{"@id":"https:\/\/www.webdo.tn\/fr\/#\/schema\/logo\/image\/"},"sameAs":["https:\/\/www.facebook.com\/webdotn","https:\/\/x.com\/webdo_tn"],"description":"Webdo est un m\u00e9dia num\u00e9rique tunisien fond\u00e9 en 2010, sp\u00e9cialis\u00e9 dans l\u2019actualit\u00e9 nationale et internationale, l\u2019\u00e9conomie, la soci\u00e9t\u00e9 et les analyses politiques. Le site s\u2019adresse \u00e0 un large public francophone et couvre l\u2019information tunisienne en temps r\u00e9el.","email":"redac@webdo.tn","legalName":"YNJ SARL","foundingDate":"2010-09-06","numberOfEmployees":{"@type":"QuantitativeValue","minValue":"11","maxValue":"50"}},{"@type":"Person","@id":"https:\/\/www.webdo.tn\/fr\/#\/schema\/person\/9a9c6118d687c117df8ef3cc36a4d175","name":"webdo.tn","image":{"@type":"ImageObject","inLanguage":"fr-FR","@id":"https:\/\/secure.gravatar.com\/avatar\/7ce1f28c0c3bbac99ff550b85ef8e44a6950c6ee24514fb6a5489e51d06f0298?s=96&d=mm&r=g","url":"https:\/\/secure.gravatar.com\/avatar\/7ce1f28c0c3bbac99ff550b85ef8e44a6950c6ee24514fb6a5489e51d06f0298?s=96&d=mm&r=g","contentUrl":"https:\/\/secure.gravatar.com\/avatar\/7ce1f28c0c3bbac99ff550b85ef8e44a6950c6ee24514fb6a5489e51d06f0298?s=96&d=mm&r=g","caption":"webdo.tn"},"url":"https:\/\/www.webdo.tn\/fr\/actualite\/author\/webdotn\/"}]}},"_links":{"self":[{"href":"https:\/\/www.webdo.tn\/fr\/wp-json\/wp\/v2\/posts\/172349","targetHints":{"allow":["GET"]}}],"collection":[{"href":"https:\/\/www.webdo.tn\/fr\/wp-json\/wp\/v2\/posts"}],"about":[{"href":"https:\/\/www.webdo.tn\/fr\/wp-json\/wp\/v2\/types\/post"}],"author":[{"embeddable":true,"href":"https:\/\/www.webdo.tn\/fr\/wp-json\/wp\/v2\/users\/3222"}],"replies":[{"embeddable":true,"href":"https:\/\/www.webdo.tn\/fr\/wp-json\/wp\/v2\/comments?post=172349"}],"version-history":[{"count":0,"href":"https:\/\/www.webdo.tn\/fr\/wp-json\/wp\/v2\/posts\/172349\/revisions"}],"wp:featuredmedia":[{"embeddable":true,"href":"https:\/\/www.webdo.tn\/fr\/wp-json\/wp\/v2\/media\/333850"}],"wp:attachment":[{"href":"https:\/\/www.webdo.tn\/fr\/wp-json\/wp\/v2\/media?parent=172349"}],"wp:term":[{"taxonomy":"category","embeddable":true,"href":"https:\/\/www.webdo.tn\/fr\/wp-json\/wp\/v2\/categories?post=172349"},{"taxonomy":"post_tag","embeddable":true,"href":"https:\/\/www.webdo.tn\/fr\/wp-json\/wp\/v2\/tags?post=172349"}],"curies":[{"name":"wp","href":"https:\/\/api.w.org\/{rel}","templated":true}]}}