{"id":172348,"date":"2011-12-28T10:56:00","date_gmt":"2011-12-28T10:56:00","guid":{"rendered":"https:\/\/www.webdo.tn\/fr\/blog\/tunisie-quelle-politique-fiscale-pour-demain\/172348\/"},"modified":"2025-06-04T19:02:31","modified_gmt":"2025-06-04T19:02:31","slug":"tunisie-quelle-politique-fiscale-pour-demain","status":"publish","type":"post","link":"https:\/\/www.webdo.tn\/fr\/actualite\/national\/tunisie-quelle-politique-fiscale-pour-demain\/172348\/","title":{"rendered":"Tunisie : quelle politique fiscale, pour demain ?"},"content":{"rendered":"<p>Mettre en place un r\u00e9gime fiscal efficace constitue, un \u00e9norme d\u00e9fi d&rsquo;autant plus que le pays transite d&rsquo;une r\u00e9volution vers une d\u00e9mocratie o\u00f9 le dispositif actuel \u00e0 montr\u00e9 son incapacit\u00e9 de r\u00e9partir \u00e9quitablement les richesses et que les pr\u00e9visions ne sont pas encourageant \u00e0 en consid\u00e9rer les d\u00e9clarations, en particulier celles en provenance de la BCT. Il faut se rendre \u00e0 l&rsquo;\u00e9vidence, ce sera dur pour plusieurs raisons.<\/p>\n<p>D&rsquo;abord, la plupart des travailleurs de ce pays sont, en r\u00e8gle g\u00e9n\u00e9rale, employ\u00e9s dans le secteur agricole ou dans de petites entreprises informelles ou dans les zones o\u00f9 l&rsquo;administration, fiscale ou douani\u00e8re, a du mal \u00e0 p\u00e9n\u00e9trer. Essayez d&rsquo;imaginer un syst\u00e8me fiscal applicable pour ne serait ce le commerce interfrontalier qui fleurit dans le sud et l&rsquo;est du pays en relation avec la Libye et l&rsquo;Alg\u00e9rie. C&rsquo;est au vu et au su de toutes les autorit\u00e9s concern\u00e9es y compris la Banque Centrale que ce type de trafic s&rsquo;est d\u00e9velopp\u00e9 et le continue&#8230; Il en est m\u00eame des \u00ab\u00a0interm\u00e9diaires de change\u00a0\u00bb qui sont devenus maitres dans l&rsquo;art de la cotation des devises tout en s&rsquo;occupant de garder le cheptel de moutons qu&rsquo;ils poussent vers la fronti\u00e8re pour le vendre au prix de plus en plus fort \u00e0 mesure qu&rsquo;ils s&rsquo;approchent des points de passage d&rsquo;un pays \u00e0 l&rsquo;autre&#8230;<\/p>\n<p>Comme ces gens re\u00e7oivent rarement un salaire fixe et r\u00e9gulier, leurs revenus fluctuent et sont souvent vers\u00e9s en esp\u00e8ces, ne figurant ainsi dans aucun registre comptable.Cela complique d\u00e9j\u00e0 le calcul de l\u2019assiette de l\u2019imp\u00f4t sur le revenu. Par ailleurs, ces travailleurs d\u00e9pensent rarement leur argent dans de grands magasins tenant des registres pr\u00e9cis de leurs ventes et de leurs inventaires. En cons\u00e9quence, les m\u00e9thodes modernes de mobilisation de fonds comme l\u2019imp\u00f4t sur le revenu et les taxes \u00e0 la consommation jouent un r\u00f4le r\u00e9duit et la possibilit\u00e9, pour les pouvoirs publics, de compter sur des ressources fiscales \u00e9lev\u00e9es y est pratiquement exclue. Les pouvoirs publics ont donc souvent recours \u00e0 des exp\u00e9dients, optant pour des syst\u00e8mes qui leur permettent d\u2019exploiter les sources de revenus imm\u00e9diatement disponibles au lieu de chercher \u00e0 \u00e9tablir des r\u00e9gimes fiscaux rationnels, modernes et efficaces l\u00e0 ou c&rsquo;est irrationnel.En cons\u00e9quence, les fonctionnaires, les salari\u00e9s d&rsquo;entreprises visibles&#8230; subissent la charge fiscale de la retenue \u00e0 la source qui autrement aurait pu \u00eatre moins lourde si l&rsquo;assiette avait pu \u00eatre \u00e9largie \u00e0 tous ceux qui per\u00e7oivent des revenus.<\/p>\n<p>\u00c9tant donn\u00e9 la structure informelle de l\u2019\u00e9conomie que beaucoup l&rsquo;estiment aux alentours des 40 % (!?) les services de la statistique et de l\u2019imp\u00f4t ont du mal \u00e0 g\u00e9n\u00e9rer des statistiques fiables.Or ce manque de donn\u00e9es emp\u00eache les d\u00e9cideurs d\u2019\u00e9valuer convenablement l\u2019incidence possible des changements majeurs au r\u00e9gime fiscal. Aussi pr\u00e9f\u00e8re-t-on les changements accessoires et au cas par cas, aux changements structuraux fondamentaux. C\u2019est ainsi que se perp\u00e9tuent les d\u00e9cisions fiscales inefficaces.<\/p>\n<p>Dans cette configuration, la r\u00e9partition des revenus a tendance \u00e0 \u00eatre incapable \u00e0 assurer une \u00e9quit\u00e9. M\u00eame si, dans une telle situation, la pratique de taux d\u2019imposition \u00e9lev\u00e9s devrait id\u00e9alement signifier que les plus riches contribuent plus que les pauvres \u00e0 l\u2019effort fiscal, les pouvoirs \u00e9conomiques et politiques dont ils jouissent (le potentiel de corruption si vous pr\u00e9f\u00e9rez) leur permettent (\u00e0 ces riches) souvent de bloquer les r\u00e9formes qui auraient pour effet d\u2019accro\u00eetre leur fardeau fiscal.<\/p>\n<p>C\u2019est ce qui explique en partie l\u2019incapacit\u00e9 de nombre de pays en d\u00e9veloppement, dont la Tunisie, \u00e0 exploiter \u00e0 leur plein potentiel des r\u00e9gimes d\u2019imp\u00f4t sur le revenu, et le manque de progressivit\u00e9 des r\u00e9gimes fiscaux (l\u2019imp\u00f4t des riches devrait \u00eatre proportionnellement plus \u00e9lev\u00e9). C&rsquo;est pourquoi dans un pays comme le n\u00f4tre, la politique fiscale doit souvent faire des compromis qui l\u2019emp\u00eachent de fonctionner dans des conditions optimales.<\/p>\n<p>Il faut se rendre \u00e0 l&rsquo;\u00e9vidence, mais sans se r\u00e9signer qu&rsquo;une politique fiscale moderne ne semble pas possible dans un syst\u00e8me \u00e9conomique domin\u00e9 par l&rsquo;informalit\u00e9.<\/p>\n<p>______________________________________________<\/p>\n<p>Khemaies El Bejaoui, ancien universitaire en finance (Tunis et Alger), ex-chef de cotation boursi\u00e8re en Tunisie et expert aupr\u00e8s de la Banque mondiale.<\/p>\n","protected":false},"excerpt":{"rendered":"<p>Tunisie : quelle politique fiscale, pour demain ? <\/p>\n","protected":false},"author":3222,"featured_media":333849,"comment_status":"open","ping_status":"closed","sticky":false,"template":"","format":"standard","meta":{"footnotes":""},"categories":[44],"tags":[],"class_list":["post-172348","post","type-post","status-publish","format-standard","has-post-thumbnail","hentry","category-national"],"yoast_head":"<!-- This site is optimized with the Yoast SEO Premium plugin v27.5 (Yoast SEO v27.5) - https:\/\/yoast.com\/product\/yoast-seo-premium-wordpress\/ -->\n<title>Tunisie : quelle politique fiscale, pour demain ?<\/title>\n<meta name=\"description\" content=\"Tunisie : quelle politique fiscale, pour demain ?\" \/>\n<link rel=\"canonical\" href=\"https:\/\/www.webdo.tn\/fr\/actualite\/national\/tunisie-quelle-politique-fiscale-pour-demain\/172348\/\" \/>\n<meta property=\"og:locale\" content=\"fr_FR\" \/>\n<meta property=\"og:type\" content=\"article\" \/>\n<meta property=\"og:title\" content=\"Tunisie : quelle politique fiscale, pour demain ?\" \/>\n<meta property=\"og:description\" content=\"Tunisie : quelle politique fiscale, pour demain ?\" \/>\n<meta property=\"og:url\" content=\"https:\/\/www.webdo.tn\/fr\/actualite\/national\/tunisie-quelle-politique-fiscale-pour-demain\/172348\/\" \/>\n<meta property=\"og:site_name\" content=\"webdo\" \/>\n<meta property=\"article:publisher\" content=\"https:\/\/www.facebook.com\/webdotn\" \/>\n<meta property=\"article:published_time\" content=\"2011-12-28T10:56:00+00:00\" \/>\n<meta property=\"article:modified_time\" content=\"2025-06-04T19:02:31+00:00\" \/>\n<meta property=\"og:image\" content=\"https:\/\/www.webdo.tn\/fr\/wp-content\/uploads\/2011\/12\/Quelle-politique-fiscale-en-Tunisie-photo-paperblog.fr_.jpg\" \/>\n\t<meta property=\"og:image:width\" content=\"238\" \/>\n\t<meta property=\"og:image:height\" content=\"166\" \/>\n\t<meta property=\"og:image:type\" content=\"image\/jpeg\" \/>\n<meta name=\"author\" content=\"webdo.tn\" \/>\n<meta name=\"twitter:card\" content=\"summary_large_image\" \/>\n<meta name=\"twitter:creator\" content=\"@webdo_tn\" \/>\n<meta name=\"twitter:site\" content=\"@webdo_tn\" \/>\n<meta name=\"twitter:label1\" content=\"\u00c9crit par\" \/>\n\t<meta name=\"twitter:data1\" content=\"webdo.tn\" \/>\n\t<meta name=\"twitter:label2\" content=\"Dur\u00e9e de lecture estim\u00e9e\" \/>\n\t<meta name=\"twitter:data2\" content=\"4 minutes\" \/>\n<script type=\"application\/ld+json\" class=\"yoast-schema-graph\">{\"@context\":\"https:\\\/\\\/schema.org\",\"@graph\":[{\"@type\":\"NewsArticle\",\"@id\":\"https:\\\/\\\/www.webdo.tn\\\/fr\\\/actualite\\\/national\\\/tunisie-quelle-politique-fiscale-pour-demain\\\/172348\\\/#article\",\"isPartOf\":{\"@id\":\"https:\\\/\\\/www.webdo.tn\\\/fr\\\/actualite\\\/national\\\/tunisie-quelle-politique-fiscale-pour-demain\\\/172348\\\/\"},\"author\":{\"name\":\"webdo.tn\",\"@id\":\"https:\\\/\\\/www.webdo.tn\\\/fr\\\/#\\\/schema\\\/person\\\/9a9c6118d687c117df8ef3cc36a4d175\"},\"headline\":\"Tunisie : quelle politique fiscale, pour demain ?\",\"datePublished\":\"2011-12-28T10:56:00+00:00\",\"dateModified\":\"2025-06-04T19:02:31+00:00\",\"mainEntityOfPage\":{\"@id\":\"https:\\\/\\\/www.webdo.tn\\\/fr\\\/actualite\\\/national\\\/tunisie-quelle-politique-fiscale-pour-demain\\\/172348\\\/\"},\"wordCount\":762,\"commentCount\":0,\"publisher\":{\"@id\":\"https:\\\/\\\/www.webdo.tn\\\/fr\\\/#organization\"},\"image\":{\"@id\":\"https:\\\/\\\/www.webdo.tn\\\/fr\\\/actualite\\\/national\\\/tunisie-quelle-politique-fiscale-pour-demain\\\/172348\\\/#primaryimage\"},\"thumbnailUrl\":\"https:\\\/\\\/www.webdo.tn\\\/fr\\\/wp-content\\\/uploads\\\/2011\\\/12\\\/Quelle-politique-fiscale-en-Tunisie-photo-paperblog.fr_.jpg\",\"articleSection\":[\"National\"],\"inLanguage\":\"fr-FR\"},{\"@type\":\"WebPage\",\"@id\":\"https:\\\/\\\/www.webdo.tn\\\/fr\\\/actualite\\\/national\\\/tunisie-quelle-politique-fiscale-pour-demain\\\/172348\\\/\",\"url\":\"https:\\\/\\\/www.webdo.tn\\\/fr\\\/actualite\\\/national\\\/tunisie-quelle-politique-fiscale-pour-demain\\\/172348\\\/\",\"name\":\"Tunisie : quelle politique fiscale, pour demain ?\",\"isPartOf\":{\"@id\":\"https:\\\/\\\/www.webdo.tn\\\/fr\\\/#website\"},\"primaryImageOfPage\":{\"@id\":\"https:\\\/\\\/www.webdo.tn\\\/fr\\\/actualite\\\/national\\\/tunisie-quelle-politique-fiscale-pour-demain\\\/172348\\\/#primaryimage\"},\"image\":{\"@id\":\"https:\\\/\\\/www.webdo.tn\\\/fr\\\/actualite\\\/national\\\/tunisie-quelle-politique-fiscale-pour-demain\\\/172348\\\/#primaryimage\"},\"thumbnailUrl\":\"https:\\\/\\\/www.webdo.tn\\\/fr\\\/wp-content\\\/uploads\\\/2011\\\/12\\\/Quelle-politique-fiscale-en-Tunisie-photo-paperblog.fr_.jpg\",\"datePublished\":\"2011-12-28T10:56:00+00:00\",\"dateModified\":\"2025-06-04T19:02:31+00:00\",\"description\":\"Tunisie : quelle politique fiscale, pour demain ?\",\"breadcrumb\":{\"@id\":\"https:\\\/\\\/www.webdo.tn\\\/fr\\\/actualite\\\/national\\\/tunisie-quelle-politique-fiscale-pour-demain\\\/172348\\\/#breadcrumb\"},\"inLanguage\":\"fr-FR\",\"potentialAction\":[{\"@type\":\"ReadAction\",\"target\":[\"https:\\\/\\\/www.webdo.tn\\\/fr\\\/actualite\\\/national\\\/tunisie-quelle-politique-fiscale-pour-demain\\\/172348\\\/\"]}]},{\"@type\":\"ImageObject\",\"inLanguage\":\"fr-FR\",\"@id\":\"https:\\\/\\\/www.webdo.tn\\\/fr\\\/actualite\\\/national\\\/tunisie-quelle-politique-fiscale-pour-demain\\\/172348\\\/#primaryimage\",\"url\":\"https:\\\/\\\/www.webdo.tn\\\/fr\\\/wp-content\\\/uploads\\\/2011\\\/12\\\/Quelle-politique-fiscale-en-Tunisie-photo-paperblog.fr_.jpg\",\"contentUrl\":\"https:\\\/\\\/www.webdo.tn\\\/fr\\\/wp-content\\\/uploads\\\/2011\\\/12\\\/Quelle-politique-fiscale-en-Tunisie-photo-paperblog.fr_.jpg\",\"width\":238,\"height\":166,\"caption\":\"Tunisie : quelle politique fiscale, pour demain ?\"},{\"@type\":\"BreadcrumbList\",\"@id\":\"https:\\\/\\\/www.webdo.tn\\\/fr\\\/actualite\\\/national\\\/tunisie-quelle-politique-fiscale-pour-demain\\\/172348\\\/#breadcrumb\",\"itemListElement\":[{\"@type\":\"ListItem\",\"position\":1,\"name\":\"Accueil\",\"item\":\"https:\\\/\\\/www.webdo.tn\\\/fr\\\/\"},{\"@type\":\"ListItem\",\"position\":2,\"name\":\"Tunisie : quelle politique fiscale, pour demain ?\"}]},{\"@type\":\"WebSite\",\"@id\":\"https:\\\/\\\/www.webdo.tn\\\/fr\\\/#website\",\"url\":\"https:\\\/\\\/www.webdo.tn\\\/fr\\\/\",\"name\":\"webdo\",\"description\":\"Tunisie - News en Tunisie et \u00e0 l&#039;international sur Webdo.tn\",\"publisher\":{\"@id\":\"https:\\\/\\\/www.webdo.tn\\\/fr\\\/#organization\"},\"potentialAction\":[{\"@type\":\"SearchAction\",\"target\":{\"@type\":\"EntryPoint\",\"urlTemplate\":\"https:\\\/\\\/www.webdo.tn\\\/fr\\\/?s={search_term_string}\"},\"query-input\":{\"@type\":\"PropertyValueSpecification\",\"valueRequired\":true,\"valueName\":\"search_term_string\"}}],\"inLanguage\":\"fr-FR\"},{\"@type\":\"Organization\",\"@id\":\"https:\\\/\\\/www.webdo.tn\\\/fr\\\/#organization\",\"name\":\"Webdo\",\"alternateName\":\"Webdo.tn\",\"url\":\"https:\\\/\\\/www.webdo.tn\\\/fr\\\/\",\"logo\":{\"@type\":\"ImageObject\",\"inLanguage\":\"fr-FR\",\"@id\":\"https:\\\/\\\/www.webdo.tn\\\/fr\\\/#\\\/schema\\\/logo\\\/image\\\/\",\"url\":\"https:\\\/\\\/www.webdo.tn\\\/fr\\\/wp-content\\\/uploads\\\/2025\\\/06\\\/Webdo-Tunisie_168377.jpg\",\"contentUrl\":\"https:\\\/\\\/www.webdo.tn\\\/fr\\\/wp-content\\\/uploads\\\/2025\\\/06\\\/Webdo-Tunisie_168377.jpg\",\"width\":301,\"height\":301,\"caption\":\"Webdo\"},\"image\":{\"@id\":\"https:\\\/\\\/www.webdo.tn\\\/fr\\\/#\\\/schema\\\/logo\\\/image\\\/\"},\"sameAs\":[\"https:\\\/\\\/www.facebook.com\\\/webdotn\",\"https:\\\/\\\/x.com\\\/webdo_tn\"],\"description\":\"Webdo est un m\u00e9dia num\u00e9rique tunisien fond\u00e9 en 2010, sp\u00e9cialis\u00e9 dans l\u2019actualit\u00e9 nationale et internationale, l\u2019\u00e9conomie, la soci\u00e9t\u00e9 et les analyses politiques. Le site s\u2019adresse \u00e0 un large public francophone et couvre l\u2019information tunisienne en temps r\u00e9el.\",\"email\":\"redac@webdo.tn\",\"legalName\":\"YNJ SARL\",\"foundingDate\":\"2010-09-06\",\"numberOfEmployees\":{\"@type\":\"QuantitativeValue\",\"minValue\":\"11\",\"maxValue\":\"50\"}},{\"@type\":\"Person\",\"@id\":\"https:\\\/\\\/www.webdo.tn\\\/fr\\\/#\\\/schema\\\/person\\\/9a9c6118d687c117df8ef3cc36a4d175\",\"name\":\"webdo.tn\",\"image\":{\"@type\":\"ImageObject\",\"inLanguage\":\"fr-FR\",\"@id\":\"https:\\\/\\\/secure.gravatar.com\\\/avatar\\\/7ce1f28c0c3bbac99ff550b85ef8e44a6950c6ee24514fb6a5489e51d06f0298?s=96&d=mm&r=g\",\"url\":\"https:\\\/\\\/secure.gravatar.com\\\/avatar\\\/7ce1f28c0c3bbac99ff550b85ef8e44a6950c6ee24514fb6a5489e51d06f0298?s=96&d=mm&r=g\",\"contentUrl\":\"https:\\\/\\\/secure.gravatar.com\\\/avatar\\\/7ce1f28c0c3bbac99ff550b85ef8e44a6950c6ee24514fb6a5489e51d06f0298?s=96&d=mm&r=g\",\"caption\":\"webdo.tn\"},\"url\":\"https:\\\/\\\/www.webdo.tn\\\/fr\\\/actualite\\\/author\\\/webdotn\\\/\"}]}<\/script>\n<!-- \/ Yoast SEO Premium plugin. -->","yoast_head_json":{"title":"Tunisie : quelle politique fiscale, pour demain ?","description":"Tunisie : quelle politique fiscale, pour demain ?","canonical":"https:\/\/www.webdo.tn\/fr\/actualite\/national\/tunisie-quelle-politique-fiscale-pour-demain\/172348\/","og_locale":"fr_FR","og_type":"article","og_title":"Tunisie : quelle politique fiscale, pour demain ?","og_description":"Tunisie : quelle politique fiscale, pour demain ?","og_url":"https:\/\/www.webdo.tn\/fr\/actualite\/national\/tunisie-quelle-politique-fiscale-pour-demain\/172348\/","og_site_name":"webdo","article_publisher":"https:\/\/www.facebook.com\/webdotn","article_published_time":"2011-12-28T10:56:00+00:00","article_modified_time":"2025-06-04T19:02:31+00:00","og_image":[{"width":238,"height":166,"url":"https:\/\/www.webdo.tn\/fr\/wp-content\/uploads\/2011\/12\/Quelle-politique-fiscale-en-Tunisie-photo-paperblog.fr_.jpg","type":"image\/jpeg"}],"author":"webdo.tn","twitter_card":"summary_large_image","twitter_creator":"@webdo_tn","twitter_site":"@webdo_tn","twitter_misc":{"\u00c9crit par":"webdo.tn","Dur\u00e9e de lecture estim\u00e9e":"4 minutes"},"schema":{"@context":"https:\/\/schema.org","@graph":[{"@type":"NewsArticle","@id":"https:\/\/www.webdo.tn\/fr\/actualite\/national\/tunisie-quelle-politique-fiscale-pour-demain\/172348\/#article","isPartOf":{"@id":"https:\/\/www.webdo.tn\/fr\/actualite\/national\/tunisie-quelle-politique-fiscale-pour-demain\/172348\/"},"author":{"name":"webdo.tn","@id":"https:\/\/www.webdo.tn\/fr\/#\/schema\/person\/9a9c6118d687c117df8ef3cc36a4d175"},"headline":"Tunisie : quelle politique fiscale, pour demain ?","datePublished":"2011-12-28T10:56:00+00:00","dateModified":"2025-06-04T19:02:31+00:00","mainEntityOfPage":{"@id":"https:\/\/www.webdo.tn\/fr\/actualite\/national\/tunisie-quelle-politique-fiscale-pour-demain\/172348\/"},"wordCount":762,"commentCount":0,"publisher":{"@id":"https:\/\/www.webdo.tn\/fr\/#organization"},"image":{"@id":"https:\/\/www.webdo.tn\/fr\/actualite\/national\/tunisie-quelle-politique-fiscale-pour-demain\/172348\/#primaryimage"},"thumbnailUrl":"https:\/\/www.webdo.tn\/fr\/wp-content\/uploads\/2011\/12\/Quelle-politique-fiscale-en-Tunisie-photo-paperblog.fr_.jpg","articleSection":["National"],"inLanguage":"fr-FR"},{"@type":"WebPage","@id":"https:\/\/www.webdo.tn\/fr\/actualite\/national\/tunisie-quelle-politique-fiscale-pour-demain\/172348\/","url":"https:\/\/www.webdo.tn\/fr\/actualite\/national\/tunisie-quelle-politique-fiscale-pour-demain\/172348\/","name":"Tunisie : quelle politique fiscale, pour demain ?","isPartOf":{"@id":"https:\/\/www.webdo.tn\/fr\/#website"},"primaryImageOfPage":{"@id":"https:\/\/www.webdo.tn\/fr\/actualite\/national\/tunisie-quelle-politique-fiscale-pour-demain\/172348\/#primaryimage"},"image":{"@id":"https:\/\/www.webdo.tn\/fr\/actualite\/national\/tunisie-quelle-politique-fiscale-pour-demain\/172348\/#primaryimage"},"thumbnailUrl":"https:\/\/www.webdo.tn\/fr\/wp-content\/uploads\/2011\/12\/Quelle-politique-fiscale-en-Tunisie-photo-paperblog.fr_.jpg","datePublished":"2011-12-28T10:56:00+00:00","dateModified":"2025-06-04T19:02:31+00:00","description":"Tunisie : quelle politique fiscale, pour demain ?","breadcrumb":{"@id":"https:\/\/www.webdo.tn\/fr\/actualite\/national\/tunisie-quelle-politique-fiscale-pour-demain\/172348\/#breadcrumb"},"inLanguage":"fr-FR","potentialAction":[{"@type":"ReadAction","target":["https:\/\/www.webdo.tn\/fr\/actualite\/national\/tunisie-quelle-politique-fiscale-pour-demain\/172348\/"]}]},{"@type":"ImageObject","inLanguage":"fr-FR","@id":"https:\/\/www.webdo.tn\/fr\/actualite\/national\/tunisie-quelle-politique-fiscale-pour-demain\/172348\/#primaryimage","url":"https:\/\/www.webdo.tn\/fr\/wp-content\/uploads\/2011\/12\/Quelle-politique-fiscale-en-Tunisie-photo-paperblog.fr_.jpg","contentUrl":"https:\/\/www.webdo.tn\/fr\/wp-content\/uploads\/2011\/12\/Quelle-politique-fiscale-en-Tunisie-photo-paperblog.fr_.jpg","width":238,"height":166,"caption":"Tunisie : quelle politique fiscale, pour demain ?"},{"@type":"BreadcrumbList","@id":"https:\/\/www.webdo.tn\/fr\/actualite\/national\/tunisie-quelle-politique-fiscale-pour-demain\/172348\/#breadcrumb","itemListElement":[{"@type":"ListItem","position":1,"name":"Accueil","item":"https:\/\/www.webdo.tn\/fr\/"},{"@type":"ListItem","position":2,"name":"Tunisie : quelle politique fiscale, pour demain ?"}]},{"@type":"WebSite","@id":"https:\/\/www.webdo.tn\/fr\/#website","url":"https:\/\/www.webdo.tn\/fr\/","name":"webdo","description":"Tunisie - News en Tunisie et \u00e0 l&#039;international sur Webdo.tn","publisher":{"@id":"https:\/\/www.webdo.tn\/fr\/#organization"},"potentialAction":[{"@type":"SearchAction","target":{"@type":"EntryPoint","urlTemplate":"https:\/\/www.webdo.tn\/fr\/?s={search_term_string}"},"query-input":{"@type":"PropertyValueSpecification","valueRequired":true,"valueName":"search_term_string"}}],"inLanguage":"fr-FR"},{"@type":"Organization","@id":"https:\/\/www.webdo.tn\/fr\/#organization","name":"Webdo","alternateName":"Webdo.tn","url":"https:\/\/www.webdo.tn\/fr\/","logo":{"@type":"ImageObject","inLanguage":"fr-FR","@id":"https:\/\/www.webdo.tn\/fr\/#\/schema\/logo\/image\/","url":"https:\/\/www.webdo.tn\/fr\/wp-content\/uploads\/2025\/06\/Webdo-Tunisie_168377.jpg","contentUrl":"https:\/\/www.webdo.tn\/fr\/wp-content\/uploads\/2025\/06\/Webdo-Tunisie_168377.jpg","width":301,"height":301,"caption":"Webdo"},"image":{"@id":"https:\/\/www.webdo.tn\/fr\/#\/schema\/logo\/image\/"},"sameAs":["https:\/\/www.facebook.com\/webdotn","https:\/\/x.com\/webdo_tn"],"description":"Webdo est un m\u00e9dia num\u00e9rique tunisien fond\u00e9 en 2010, sp\u00e9cialis\u00e9 dans l\u2019actualit\u00e9 nationale et internationale, l\u2019\u00e9conomie, la soci\u00e9t\u00e9 et les analyses politiques. Le site s\u2019adresse \u00e0 un large public francophone et couvre l\u2019information tunisienne en temps r\u00e9el.","email":"redac@webdo.tn","legalName":"YNJ SARL","foundingDate":"2010-09-06","numberOfEmployees":{"@type":"QuantitativeValue","minValue":"11","maxValue":"50"}},{"@type":"Person","@id":"https:\/\/www.webdo.tn\/fr\/#\/schema\/person\/9a9c6118d687c117df8ef3cc36a4d175","name":"webdo.tn","image":{"@type":"ImageObject","inLanguage":"fr-FR","@id":"https:\/\/secure.gravatar.com\/avatar\/7ce1f28c0c3bbac99ff550b85ef8e44a6950c6ee24514fb6a5489e51d06f0298?s=96&d=mm&r=g","url":"https:\/\/secure.gravatar.com\/avatar\/7ce1f28c0c3bbac99ff550b85ef8e44a6950c6ee24514fb6a5489e51d06f0298?s=96&d=mm&r=g","contentUrl":"https:\/\/secure.gravatar.com\/avatar\/7ce1f28c0c3bbac99ff550b85ef8e44a6950c6ee24514fb6a5489e51d06f0298?s=96&d=mm&r=g","caption":"webdo.tn"},"url":"https:\/\/www.webdo.tn\/fr\/actualite\/author\/webdotn\/"}]}},"_links":{"self":[{"href":"https:\/\/www.webdo.tn\/fr\/wp-json\/wp\/v2\/posts\/172348","targetHints":{"allow":["GET"]}}],"collection":[{"href":"https:\/\/www.webdo.tn\/fr\/wp-json\/wp\/v2\/posts"}],"about":[{"href":"https:\/\/www.webdo.tn\/fr\/wp-json\/wp\/v2\/types\/post"}],"author":[{"embeddable":true,"href":"https:\/\/www.webdo.tn\/fr\/wp-json\/wp\/v2\/users\/3222"}],"replies":[{"embeddable":true,"href":"https:\/\/www.webdo.tn\/fr\/wp-json\/wp\/v2\/comments?post=172348"}],"version-history":[{"count":0,"href":"https:\/\/www.webdo.tn\/fr\/wp-json\/wp\/v2\/posts\/172348\/revisions"}],"wp:featuredmedia":[{"embeddable":true,"href":"https:\/\/www.webdo.tn\/fr\/wp-json\/wp\/v2\/media\/333849"}],"wp:attachment":[{"href":"https:\/\/www.webdo.tn\/fr\/wp-json\/wp\/v2\/media?parent=172348"}],"wp:term":[{"taxonomy":"category","embeddable":true,"href":"https:\/\/www.webdo.tn\/fr\/wp-json\/wp\/v2\/categories?post=172348"},{"taxonomy":"post_tag","embeddable":true,"href":"https:\/\/www.webdo.tn\/fr\/wp-json\/wp\/v2\/tags?post=172348"}],"curies":[{"name":"wp","href":"https:\/\/api.w.org\/{rel}","templated":true}]}}