{"id":172347,"date":"2011-12-28T14:06:00","date_gmt":"2011-12-28T14:06:00","guid":{"rendered":"https:\/\/www.webdo.tn\/fr\/blog\/mohamed-bouazizi-personnalite-de-lannee-pour-the-times\/172347\/"},"modified":"2025-06-04T19:02:29","modified_gmt":"2025-06-04T19:02:29","slug":"mohamed-bouazizi-personnalite-de-lannee-pour-the-times","status":"publish","type":"post","link":"https:\/\/www.webdo.tn\/fr\/actualite\/national\/mohamed-bouazizi-personnalite-de-lannee-pour-the-times\/172347\/","title":{"rendered":"Mohamed Bouazizi, personnalit\u00e9 de l&rsquo;ann\u00e9e pour \u00abThe Times\u00bb"},"content":{"rendered":"<p>Le quotidien britannique \u00ab\u00a0The Times\u00a0\u00bb a nomm\u00e9, aujourd&rsquo;hui, Mohamed Bouazizi comme personnalit\u00e9 de l&rsquo;ann\u00e9e 2011.<\/p>\n<p>Pour \u00ab\u00a0The Times\u00a0\u00bb, \u00ab Mohamed Bouazizi, le vendeur ambulant qui est devenu l&rsquo;inspiration du printemps arabe, n&rsquo;\u00e9tait pas un r\u00e9volutionnaire, mais sa contestation, seule, a servi de catalyseur \u00e0 une vague de r\u00e9voltes qui ont transform\u00e9 le Moyen-Orient \u00bb.<\/p>\n<p>\u00ab\u00a0The Times\u00a0\u00bb n&rsquo;est pas le seul m\u00e9dia \u00e0 consacrer ses pages \u00e0 Bouazizi. Il y a deux semaines, le magazine d&rsquo;information hebdomadaire am\u00e9ricain \u00ab\u00a0Time Magazine\u00a0\u00bb lui a consacr\u00e9 sa Une, en le nommant le manifestant de l&rsquo;ann\u00e9e.<\/p>\n<p>Rappelons que la France lui avait rendu hommage, elle aussi, en donnant le nom de \u00ab\u00a0Mohamed Bouazizi\u00a0\u00bb \u00e0 une place parisienne, situ\u00e9e dans le 14e arrondissement.<\/p>\n","protected":false},"excerpt":{"rendered":"<p>Mohamed Bouazizi, personnalit\u00e9 de l&rsquo;ann\u00e9e pour \u00abThe Times\u00bb<\/p>\n","protected":false},"author":3222,"featured_media":374573,"comment_status":"open","ping_status":"closed","sticky":false,"template":"","format":"standard","meta":{"footnotes":""},"categories":[44],"tags":[],"class_list":["post-172347","post","type-post","status-publish","format-standard","has-post-thumbnail","hentry","category-national"],"yoast_head":"<!-- This site is optimized with the Yoast SEO Premium plugin v27.5 (Yoast SEO v27.5) - https:\/\/yoast.com\/product\/yoast-seo-premium-wordpress\/ -->\n<title>Mohamed Bouazizi, personnalit\u00e9 de l&#039;ann\u00e9e pour \u00abThe Times\u00bb<\/title>\n<meta name=\"description\" content=\"Mohamed Bouazizi, personnalit\u00e9 de l&#039;ann\u00e9e pour \u00abThe Times\u00bb\" \/>\n<link rel=\"canonical\" href=\"https:\/\/www.webdo.tn\/fr\/actualite\/blog\/mohamed-bouazizi-personnalite-de-lannee-pour-the-times\/172347\/\" \/>\n<meta property=\"og:locale\" content=\"fr_FR\" \/>\n<meta property=\"og:type\" content=\"article\" \/>\n<meta property=\"og:title\" content=\"Mohamed Bouazizi, personnalit\u00e9 de l&#039;ann\u00e9e pour \u00abThe Times\u00bb\" \/>\n<meta property=\"og:description\" content=\"Mohamed Bouazizi, personnalit\u00e9 de l&#039;ann\u00e9e pour \u00abThe Times\u00bb\" \/>\n<meta property=\"og:url\" content=\"https:\/\/www.webdo.tn\/fr\/actualite\/blog\/mohamed-bouazizi-personnalite-de-lannee-pour-the-times\/172347\/\" \/>\n<meta property=\"og:site_name\" content=\"webdo\" \/>\n<meta property=\"article:publisher\" content=\"https:\/\/www.facebook.com\/webdotn\" \/>\n<meta property=\"article:published_time\" content=\"2011-12-28T14:06:00+00:00\" \/>\n<meta property=\"article:modified_time\" content=\"2025-06-04T19:02:29+00:00\" \/>\n<meta name=\"author\" content=\"webdo.tn\" \/>\n<meta name=\"twitter:card\" content=\"summary_large_image\" \/>\n<meta name=\"twitter:creator\" content=\"@webdo_tn\" \/>\n<meta name=\"twitter:site\" content=\"@webdo_tn\" \/>\n<meta name=\"twitter:label1\" content=\"\u00c9crit par\" \/>\n\t<meta name=\"twitter:data1\" content=\"webdo.tn\" \/>\n\t<meta name=\"twitter:label2\" content=\"Dur\u00e9e de lecture estim\u00e9e\" \/>\n\t<meta name=\"twitter:data2\" content=\"1 minute\" \/>\n<script type=\"application\/ld+json\" class=\"yoast-schema-graph\">{\"@context\":\"https:\\\/\\\/schema.org\",\"@graph\":[{\"@type\":\"NewsArticle\",\"@id\":\"https:\\\/\\\/www.webdo.tn\\\/fr\\\/actualite\\\/blog\\\/mohamed-bouazizi-personnalite-de-lannee-pour-the-times\\\/172347\\\/#article\",\"isPartOf\":{\"@id\":\"https:\\\/\\\/www.webdo.tn\\\/fr\\\/actualite\\\/blog\\\/mohamed-bouazizi-personnalite-de-lannee-pour-the-times\\\/172347\\\/\"},\"author\":{\"name\":\"webdo.tn\",\"@id\":\"https:\\\/\\\/www.webdo.tn\\\/fr\\\/#\\\/schema\\\/person\\\/9a9c6118d687c117df8ef3cc36a4d175\"},\"headline\":\"Mohamed Bouazizi, personnalit\u00e9 de l&rsquo;ann\u00e9e pour \u00abThe Times\u00bb\",\"datePublished\":\"2011-12-28T14:06:00+00:00\",\"dateModified\":\"2025-06-04T19:02:29+00:00\",\"mainEntityOfPage\":{\"@id\":\"https:\\\/\\\/www.webdo.tn\\\/fr\\\/actualite\\\/blog\\\/mohamed-bouazizi-personnalite-de-lannee-pour-the-times\\\/172347\\\/\"},\"wordCount\":134,\"commentCount\":0,\"publisher\":{\"@id\":\"https:\\\/\\\/www.webdo.tn\\\/fr\\\/#organization\"},\"image\":{\"@id\":\"https:\\\/\\\/www.webdo.tn\\\/fr\\\/actualite\\\/blog\\\/mohamed-bouazizi-personnalite-de-lannee-pour-the-times\\\/172347\\\/#primaryimage\"},\"thumbnailUrl\":\"https:\\\/\\\/www.webdo.tn\\\/fr\\\/wp-content\\\/uploads\\\/2025\\\/06\\\/La-mere-de-Mohamed-Bouazizi-regardant-la-photo-son-fils-photo-Reuters_172347.jpg\",\"articleSection\":[\"National\"],\"inLanguage\":\"fr-FR\"},{\"@type\":\"WebPage\",\"@id\":\"https:\\\/\\\/www.webdo.tn\\\/fr\\\/actualite\\\/blog\\\/mohamed-bouazizi-personnalite-de-lannee-pour-the-times\\\/172347\\\/\",\"url\":\"https:\\\/\\\/www.webdo.tn\\\/fr\\\/actualite\\\/blog\\\/mohamed-bouazizi-personnalite-de-lannee-pour-the-times\\\/172347\\\/\",\"name\":\"Mohamed Bouazizi, personnalit\u00e9 de l'ann\u00e9e pour \u00abThe Times\u00bb\",\"isPartOf\":{\"@id\":\"https:\\\/\\\/www.webdo.tn\\\/fr\\\/#website\"},\"primaryImageOfPage\":{\"@id\":\"https:\\\/\\\/www.webdo.tn\\\/fr\\\/actualite\\\/blog\\\/mohamed-bouazizi-personnalite-de-lannee-pour-the-times\\\/172347\\\/#primaryimage\"},\"image\":{\"@id\":\"https:\\\/\\\/www.webdo.tn\\\/fr\\\/actualite\\\/blog\\\/mohamed-bouazizi-personnalite-de-lannee-pour-the-times\\\/172347\\\/#primaryimage\"},\"thumbnailUrl\":\"https:\\\/\\\/www.webdo.tn\\\/fr\\\/wp-content\\\/uploads\\\/2025\\\/06\\\/La-mere-de-Mohamed-Bouazizi-regardant-la-photo-son-fils-photo-Reuters_172347.jpg\",\"datePublished\":\"2011-12-28T14:06:00+00:00\",\"dateModified\":\"2025-06-04T19:02:29+00:00\",\"description\":\"Mohamed Bouazizi, personnalit\u00e9 de l'ann\u00e9e pour \u00abThe Times\u00bb\",\"breadcrumb\":{\"@id\":\"https:\\\/\\\/www.webdo.tn\\\/fr\\\/actualite\\\/blog\\\/mohamed-bouazizi-personnalite-de-lannee-pour-the-times\\\/172347\\\/#breadcrumb\"},\"inLanguage\":\"fr-FR\",\"potentialAction\":[{\"@type\":\"ReadAction\",\"target\":[\"https:\\\/\\\/www.webdo.tn\\\/fr\\\/actualite\\\/blog\\\/mohamed-bouazizi-personnalite-de-lannee-pour-the-times\\\/172347\\\/\"]}]},{\"@type\":\"ImageObject\",\"inLanguage\":\"fr-FR\",\"@id\":\"https:\\\/\\\/www.webdo.tn\\\/fr\\\/actualite\\\/blog\\\/mohamed-bouazizi-personnalite-de-lannee-pour-the-times\\\/172347\\\/#primaryimage\",\"url\":\"https:\\\/\\\/www.webdo.tn\\\/fr\\\/wp-content\\\/uploads\\\/2025\\\/06\\\/La-mere-de-Mohamed-Bouazizi-regardant-la-photo-son-fils-photo-Reuters_172347.jpg\",\"contentUrl\":\"https:\\\/\\\/www.webdo.tn\\\/fr\\\/wp-content\\\/uploads\\\/2025\\\/06\\\/La-mere-de-Mohamed-Bouazizi-regardant-la-photo-son-fils-photo-Reuters_172347.jpg\",\"width\":266,\"height\":222,\"caption\":\"Mohamed Bouazizi, personnalit\u00e9 de l'ann\u00e9e pour \u00abThe Times\u00bb\"},{\"@type\":\"BreadcrumbList\",\"@id\":\"https:\\\/\\\/www.webdo.tn\\\/fr\\\/actualite\\\/blog\\\/mohamed-bouazizi-personnalite-de-lannee-pour-the-times\\\/172347\\\/#breadcrumb\",\"itemListElement\":[{\"@type\":\"ListItem\",\"position\":1,\"name\":\"Accueil\",\"item\":\"https:\\\/\\\/www.webdo.tn\\\/fr\\\/\"},{\"@type\":\"ListItem\",\"position\":2,\"name\":\"Mohamed Bouazizi, personnalit\u00e9 de l&rsquo;ann\u00e9e pour \u00abThe Times\u00bb\"}]},{\"@type\":\"WebSite\",\"@id\":\"https:\\\/\\\/www.webdo.tn\\\/fr\\\/#website\",\"url\":\"https:\\\/\\\/www.webdo.tn\\\/fr\\\/\",\"name\":\"webdo\",\"description\":\"Tunisie - News en Tunisie et \u00e0 l&#039;international sur Webdo.tn\",\"publisher\":{\"@id\":\"https:\\\/\\\/www.webdo.tn\\\/fr\\\/#organization\"},\"potentialAction\":[{\"@type\":\"SearchAction\",\"target\":{\"@type\":\"EntryPoint\",\"urlTemplate\":\"https:\\\/\\\/www.webdo.tn\\\/fr\\\/?s={search_term_string}\"},\"query-input\":{\"@type\":\"PropertyValueSpecification\",\"valueRequired\":true,\"valueName\":\"search_term_string\"}}],\"inLanguage\":\"fr-FR\"},{\"@type\":\"Organization\",\"@id\":\"https:\\\/\\\/www.webdo.tn\\\/fr\\\/#organization\",\"name\":\"Webdo\",\"alternateName\":\"Webdo.tn\",\"url\":\"https:\\\/\\\/www.webdo.tn\\\/fr\\\/\",\"logo\":{\"@type\":\"ImageObject\",\"inLanguage\":\"fr-FR\",\"@id\":\"https:\\\/\\\/www.webdo.tn\\\/fr\\\/#\\\/schema\\\/logo\\\/image\\\/\",\"url\":\"https:\\\/\\\/www.webdo.tn\\\/fr\\\/wp-content\\\/uploads\\\/2025\\\/06\\\/Webdo-Tunisie_168377.jpg\",\"contentUrl\":\"https:\\\/\\\/www.webdo.tn\\\/fr\\\/wp-content\\\/uploads\\\/2025\\\/06\\\/Webdo-Tunisie_168377.jpg\",\"width\":301,\"height\":301,\"caption\":\"Webdo\"},\"image\":{\"@id\":\"https:\\\/\\\/www.webdo.tn\\\/fr\\\/#\\\/schema\\\/logo\\\/image\\\/\"},\"sameAs\":[\"https:\\\/\\\/www.facebook.com\\\/webdotn\",\"https:\\\/\\\/x.com\\\/webdo_tn\"],\"description\":\"Webdo est un m\u00e9dia num\u00e9rique tunisien fond\u00e9 en 2010, sp\u00e9cialis\u00e9 dans l\u2019actualit\u00e9 nationale et internationale, l\u2019\u00e9conomie, la soci\u00e9t\u00e9 et les analyses politiques. Le site s\u2019adresse \u00e0 un large public francophone et couvre l\u2019information tunisienne en temps r\u00e9el.\",\"email\":\"redac@webdo.tn\",\"legalName\":\"YNJ SARL\",\"foundingDate\":\"2010-09-06\",\"numberOfEmployees\":{\"@type\":\"QuantitativeValue\",\"minValue\":\"11\",\"maxValue\":\"50\"}},{\"@type\":\"Person\",\"@id\":\"https:\\\/\\\/www.webdo.tn\\\/fr\\\/#\\\/schema\\\/person\\\/9a9c6118d687c117df8ef3cc36a4d175\",\"name\":\"webdo.tn\",\"image\":{\"@type\":\"ImageObject\",\"inLanguage\":\"fr-FR\",\"@id\":\"https:\\\/\\\/secure.gravatar.com\\\/avatar\\\/7ce1f28c0c3bbac99ff550b85ef8e44a6950c6ee24514fb6a5489e51d06f0298?s=96&d=mm&r=g\",\"url\":\"https:\\\/\\\/secure.gravatar.com\\\/avatar\\\/7ce1f28c0c3bbac99ff550b85ef8e44a6950c6ee24514fb6a5489e51d06f0298?s=96&d=mm&r=g\",\"contentUrl\":\"https:\\\/\\\/secure.gravatar.com\\\/avatar\\\/7ce1f28c0c3bbac99ff550b85ef8e44a6950c6ee24514fb6a5489e51d06f0298?s=96&d=mm&r=g\",\"caption\":\"webdo.tn\"},\"url\":\"https:\\\/\\\/www.webdo.tn\\\/fr\\\/actualite\\\/author\\\/webdotn\\\/\"}]}<\/script>\n<!-- \/ Yoast SEO Premium plugin. -->","yoast_head_json":{"title":"Mohamed Bouazizi, personnalit\u00e9 de l'ann\u00e9e pour \u00abThe Times\u00bb","description":"Mohamed Bouazizi, personnalit\u00e9 de l'ann\u00e9e pour \u00abThe Times\u00bb","canonical":"https:\/\/www.webdo.tn\/fr\/actualite\/blog\/mohamed-bouazizi-personnalite-de-lannee-pour-the-times\/172347\/","og_locale":"fr_FR","og_type":"article","og_title":"Mohamed Bouazizi, personnalit\u00e9 de l'ann\u00e9e pour \u00abThe Times\u00bb","og_description":"Mohamed Bouazizi, personnalit\u00e9 de l'ann\u00e9e pour \u00abThe Times\u00bb","og_url":"https:\/\/www.webdo.tn\/fr\/actualite\/blog\/mohamed-bouazizi-personnalite-de-lannee-pour-the-times\/172347\/","og_site_name":"webdo","article_publisher":"https:\/\/www.facebook.com\/webdotn","article_published_time":"2011-12-28T14:06:00+00:00","article_modified_time":"2025-06-04T19:02:29+00:00","author":"webdo.tn","twitter_card":"summary_large_image","twitter_creator":"@webdo_tn","twitter_site":"@webdo_tn","twitter_misc":{"\u00c9crit par":"webdo.tn","Dur\u00e9e de lecture estim\u00e9e":"1 minute"},"schema":{"@context":"https:\/\/schema.org","@graph":[{"@type":"NewsArticle","@id":"https:\/\/www.webdo.tn\/fr\/actualite\/blog\/mohamed-bouazizi-personnalite-de-lannee-pour-the-times\/172347\/#article","isPartOf":{"@id":"https:\/\/www.webdo.tn\/fr\/actualite\/blog\/mohamed-bouazizi-personnalite-de-lannee-pour-the-times\/172347\/"},"author":{"name":"webdo.tn","@id":"https:\/\/www.webdo.tn\/fr\/#\/schema\/person\/9a9c6118d687c117df8ef3cc36a4d175"},"headline":"Mohamed Bouazizi, personnalit\u00e9 de l&rsquo;ann\u00e9e pour \u00abThe Times\u00bb","datePublished":"2011-12-28T14:06:00+00:00","dateModified":"2025-06-04T19:02:29+00:00","mainEntityOfPage":{"@id":"https:\/\/www.webdo.tn\/fr\/actualite\/blog\/mohamed-bouazizi-personnalite-de-lannee-pour-the-times\/172347\/"},"wordCount":134,"commentCount":0,"publisher":{"@id":"https:\/\/www.webdo.tn\/fr\/#organization"},"image":{"@id":"https:\/\/www.webdo.tn\/fr\/actualite\/blog\/mohamed-bouazizi-personnalite-de-lannee-pour-the-times\/172347\/#primaryimage"},"thumbnailUrl":"https:\/\/www.webdo.tn\/fr\/wp-content\/uploads\/2025\/06\/La-mere-de-Mohamed-Bouazizi-regardant-la-photo-son-fils-photo-Reuters_172347.jpg","articleSection":["National"],"inLanguage":"fr-FR"},{"@type":"WebPage","@id":"https:\/\/www.webdo.tn\/fr\/actualite\/blog\/mohamed-bouazizi-personnalite-de-lannee-pour-the-times\/172347\/","url":"https:\/\/www.webdo.tn\/fr\/actualite\/blog\/mohamed-bouazizi-personnalite-de-lannee-pour-the-times\/172347\/","name":"Mohamed Bouazizi, personnalit\u00e9 de l'ann\u00e9e pour \u00abThe Times\u00bb","isPartOf":{"@id":"https:\/\/www.webdo.tn\/fr\/#website"},"primaryImageOfPage":{"@id":"https:\/\/www.webdo.tn\/fr\/actualite\/blog\/mohamed-bouazizi-personnalite-de-lannee-pour-the-times\/172347\/#primaryimage"},"image":{"@id":"https:\/\/www.webdo.tn\/fr\/actualite\/blog\/mohamed-bouazizi-personnalite-de-lannee-pour-the-times\/172347\/#primaryimage"},"thumbnailUrl":"https:\/\/www.webdo.tn\/fr\/wp-content\/uploads\/2025\/06\/La-mere-de-Mohamed-Bouazizi-regardant-la-photo-son-fils-photo-Reuters_172347.jpg","datePublished":"2011-12-28T14:06:00+00:00","dateModified":"2025-06-04T19:02:29+00:00","description":"Mohamed Bouazizi, personnalit\u00e9 de l'ann\u00e9e pour \u00abThe Times\u00bb","breadcrumb":{"@id":"https:\/\/www.webdo.tn\/fr\/actualite\/blog\/mohamed-bouazizi-personnalite-de-lannee-pour-the-times\/172347\/#breadcrumb"},"inLanguage":"fr-FR","potentialAction":[{"@type":"ReadAction","target":["https:\/\/www.webdo.tn\/fr\/actualite\/blog\/mohamed-bouazizi-personnalite-de-lannee-pour-the-times\/172347\/"]}]},{"@type":"ImageObject","inLanguage":"fr-FR","@id":"https:\/\/www.webdo.tn\/fr\/actualite\/blog\/mohamed-bouazizi-personnalite-de-lannee-pour-the-times\/172347\/#primaryimage","url":"https:\/\/www.webdo.tn\/fr\/wp-content\/uploads\/2025\/06\/La-mere-de-Mohamed-Bouazizi-regardant-la-photo-son-fils-photo-Reuters_172347.jpg","contentUrl":"https:\/\/www.webdo.tn\/fr\/wp-content\/uploads\/2025\/06\/La-mere-de-Mohamed-Bouazizi-regardant-la-photo-son-fils-photo-Reuters_172347.jpg","width":266,"height":222,"caption":"Mohamed Bouazizi, personnalit\u00e9 de l'ann\u00e9e pour \u00abThe Times\u00bb"},{"@type":"BreadcrumbList","@id":"https:\/\/www.webdo.tn\/fr\/actualite\/blog\/mohamed-bouazizi-personnalite-de-lannee-pour-the-times\/172347\/#breadcrumb","itemListElement":[{"@type":"ListItem","position":1,"name":"Accueil","item":"https:\/\/www.webdo.tn\/fr\/"},{"@type":"ListItem","position":2,"name":"Mohamed Bouazizi, personnalit\u00e9 de l&rsquo;ann\u00e9e pour \u00abThe Times\u00bb"}]},{"@type":"WebSite","@id":"https:\/\/www.webdo.tn\/fr\/#website","url":"https:\/\/www.webdo.tn\/fr\/","name":"webdo","description":"Tunisie - News en Tunisie et \u00e0 l&#039;international sur Webdo.tn","publisher":{"@id":"https:\/\/www.webdo.tn\/fr\/#organization"},"potentialAction":[{"@type":"SearchAction","target":{"@type":"EntryPoint","urlTemplate":"https:\/\/www.webdo.tn\/fr\/?s={search_term_string}"},"query-input":{"@type":"PropertyValueSpecification","valueRequired":true,"valueName":"search_term_string"}}],"inLanguage":"fr-FR"},{"@type":"Organization","@id":"https:\/\/www.webdo.tn\/fr\/#organization","name":"Webdo","alternateName":"Webdo.tn","url":"https:\/\/www.webdo.tn\/fr\/","logo":{"@type":"ImageObject","inLanguage":"fr-FR","@id":"https:\/\/www.webdo.tn\/fr\/#\/schema\/logo\/image\/","url":"https:\/\/www.webdo.tn\/fr\/wp-content\/uploads\/2025\/06\/Webdo-Tunisie_168377.jpg","contentUrl":"https:\/\/www.webdo.tn\/fr\/wp-content\/uploads\/2025\/06\/Webdo-Tunisie_168377.jpg","width":301,"height":301,"caption":"Webdo"},"image":{"@id":"https:\/\/www.webdo.tn\/fr\/#\/schema\/logo\/image\/"},"sameAs":["https:\/\/www.facebook.com\/webdotn","https:\/\/x.com\/webdo_tn"],"description":"Webdo est un m\u00e9dia num\u00e9rique tunisien fond\u00e9 en 2010, sp\u00e9cialis\u00e9 dans l\u2019actualit\u00e9 nationale et internationale, l\u2019\u00e9conomie, la soci\u00e9t\u00e9 et les analyses politiques. Le site s\u2019adresse \u00e0 un large public francophone et couvre l\u2019information tunisienne en temps r\u00e9el.","email":"redac@webdo.tn","legalName":"YNJ SARL","foundingDate":"2010-09-06","numberOfEmployees":{"@type":"QuantitativeValue","minValue":"11","maxValue":"50"}},{"@type":"Person","@id":"https:\/\/www.webdo.tn\/fr\/#\/schema\/person\/9a9c6118d687c117df8ef3cc36a4d175","name":"webdo.tn","image":{"@type":"ImageObject","inLanguage":"fr-FR","@id":"https:\/\/secure.gravatar.com\/avatar\/7ce1f28c0c3bbac99ff550b85ef8e44a6950c6ee24514fb6a5489e51d06f0298?s=96&d=mm&r=g","url":"https:\/\/secure.gravatar.com\/avatar\/7ce1f28c0c3bbac99ff550b85ef8e44a6950c6ee24514fb6a5489e51d06f0298?s=96&d=mm&r=g","contentUrl":"https:\/\/secure.gravatar.com\/avatar\/7ce1f28c0c3bbac99ff550b85ef8e44a6950c6ee24514fb6a5489e51d06f0298?s=96&d=mm&r=g","caption":"webdo.tn"},"url":"https:\/\/www.webdo.tn\/fr\/actualite\/author\/webdotn\/"}]}},"_links":{"self":[{"href":"https:\/\/www.webdo.tn\/fr\/wp-json\/wp\/v2\/posts\/172347","targetHints":{"allow":["GET"]}}],"collection":[{"href":"https:\/\/www.webdo.tn\/fr\/wp-json\/wp\/v2\/posts"}],"about":[{"href":"https:\/\/www.webdo.tn\/fr\/wp-json\/wp\/v2\/types\/post"}],"author":[{"embeddable":true,"href":"https:\/\/www.webdo.tn\/fr\/wp-json\/wp\/v2\/users\/3222"}],"replies":[{"embeddable":true,"href":"https:\/\/www.webdo.tn\/fr\/wp-json\/wp\/v2\/comments?post=172347"}],"version-history":[{"count":0,"href":"https:\/\/www.webdo.tn\/fr\/wp-json\/wp\/v2\/posts\/172347\/revisions"}],"wp:featuredmedia":[{"embeddable":true,"href":"https:\/\/www.webdo.tn\/fr\/wp-json\/wp\/v2\/media\/374573"}],"wp:attachment":[{"href":"https:\/\/www.webdo.tn\/fr\/wp-json\/wp\/v2\/media?parent=172347"}],"wp:term":[{"taxonomy":"category","embeddable":true,"href":"https:\/\/www.webdo.tn\/fr\/wp-json\/wp\/v2\/categories?post=172347"},{"taxonomy":"post_tag","embeddable":true,"href":"https:\/\/www.webdo.tn\/fr\/wp-json\/wp\/v2\/tags?post=172347"}],"curies":[{"name":"wp","href":"https:\/\/api.w.org\/{rel}","templated":true}]}}