{"id":172346,"date":"2011-12-28T16:37:00","date_gmt":"2011-12-28T16:37:00","guid":{"rendered":"https:\/\/www.webdo.tn\/fr\/blog\/la-soeur-de-sakher-mon-frere-sest-marie-par-amour-de-quoi-faire-pleurer-les-menageres\/172346\/"},"modified":"2025-06-04T19:02:34","modified_gmt":"2025-06-04T19:02:34","slug":"la-soeur-de-sakher-mon-frere-sest-marie-par-amour-de-quoi-faire-pleurer-les-menageres","status":"publish","type":"post","link":"https:\/\/www.webdo.tn\/fr\/actualite\/national\/la-soeur-de-sakher-mon-frere-sest-marie-par-amour-de-quoi-faire-pleurer-les-menageres\/172346\/","title":{"rendered":"La s\u0153ur de Sakher : \u00abMon fr\u00e8re s\u2019est mari\u00e9 par amour\u00bb. De quoi faire pleurer les m\u00e9nag\u00e8res !"},"content":{"rendered":"<p>Depuis quelques jours, une rumeur circule sur le net \u00e9voquant le divorce de Sakher El Materi et de Nesrine Ben Ali. Cette information a \u00e9t\u00e9 loin de faire le buzz, vu que ce qui int\u00e9resse le peuple, c&rsquo;est plus l&rsquo;extradition du gendre de Ben Ali que sa vie priv\u00e9e.<\/p>\n<p>N\u00e9anmoins, Holya, la s\u0153ur de Sakher, a vite fait de d\u00e9mentir cette rumeur, et ce, sur les ondes de Mosa\u00efque FM, d&rsquo;une mani\u00e8re assez sp\u00e9ciale. En effet, elle a insist\u00e9 sur le fait que son fr\u00e8re aime beaucoup sa femme. Elle a ajout\u00e9 que ce n\u2019\u00e9tait pas parce que ZABA n&rsquo;\u00e9tait plus pr\u00e9sident que Sakher allait divorcer.<\/p>\n<p>Holya El Materi a, \u00e9galement, rappel\u00e9 que son fr\u00e8re n&rsquo;est pas un arriviste et que son mariage est bas\u00e9 sur l&rsquo;amour. Une mani\u00e8re assez subtile d&rsquo;essayer de convaincre, inconsciemment, le peuple que Sakher est un \u00ab\u00a0ange\u00a0\u00bb et qu&rsquo;il n&rsquo;a jamais fait de mal \u00e0 une mouche. Une sorte de message subliminal pour bonifier l&rsquo;image d&rsquo;un fr\u00e8re qui, en quelques ann\u00e9es, a ramass\u00e9 une fortune digne des plus grands rois du Golfe.<\/p>\n<p>Ces d\u00e9clarations, \u00e0 l&rsquo;heure o\u00f9 les \u00ab\u00a0tr\u00e8s bonnes\u00a0\u00bb relations du nouveau gouvernement avec le Qatar (qui a accueilli Sakher depuis le 15 janvier) sont point\u00e9es du doigt, peuvent accoucher d&rsquo;un sc\u00e9nario invraisemblable : et si le terrain \u00e9tait en train d&rsquo;\u00eatre pr\u00e9par\u00e9 \u00e0 un \u00e9ventuel retour de Sakher en Tunisie ?<\/p>\n<p>L&rsquo;id\u00e9e est loin d&rsquo;\u00eatre farfelue surtout que la s\u0153ur esp\u00e8re que le nouveau gouvernement prouvera \u00ab\u00a0l&rsquo;innocence\u00a0\u00bb de son fr\u00e8re&#8230;<\/p>\n","protected":false},"excerpt":{"rendered":"<p>La s\u0153ur de Sakher : \u00abMon fr\u00e8re s\u2019est mari\u00e9 par amour\u00bb. De quoi faire pleurer les m\u00e9nag\u00e8res !<\/p>\n","protected":false},"author":3222,"featured_media":333851,"comment_status":"open","ping_status":"closed","sticky":false,"template":"","format":"standard","meta":{"footnotes":""},"categories":[44],"tags":[],"class_list":["post-172346","post","type-post","status-publish","format-standard","has-post-thumbnail","hentry","category-national"],"yoast_head":"<!-- This site is optimized with the Yoast SEO Premium plugin v27.5 (Yoast SEO v27.5) - https:\/\/yoast.com\/product\/yoast-seo-premium-wordpress\/ -->\n<title>La s\u0153ur de Sakher : \u00abMon fr\u00e8re s\u2019est mari\u00e9 par amour\u00bb. De quoi faire pleurer les m\u00e9nag\u00e8res !<\/title>\n<meta name=\"description\" content=\"La s\u0153ur de Sakher : \u00abMon fr\u00e8re s\u2019est mari\u00e9 par amour\u00bb. De quoi faire pleurer les m\u00e9nag\u00e8res !\" \/>\n<link rel=\"canonical\" href=\"https:\/\/www.webdo.tn\/fr\/actualite\/national\/la-soeur-de-sakher-mon-frere-sest-marie-par-amour-de-quoi-faire-pleurer-les-menageres\/172346\/\" \/>\n<meta property=\"og:locale\" content=\"fr_FR\" \/>\n<meta property=\"og:type\" content=\"article\" \/>\n<meta property=\"og:title\" content=\"La s\u0153ur de Sakher : \u00abMon fr\u00e8re s\u2019est mari\u00e9 par amour\u00bb. De quoi faire pleurer les m\u00e9nag\u00e8res !\" \/>\n<meta property=\"og:description\" content=\"La s\u0153ur de Sakher : \u00abMon fr\u00e8re s\u2019est mari\u00e9 par amour\u00bb. De quoi faire pleurer les m\u00e9nag\u00e8res !\" \/>\n<meta property=\"og:url\" content=\"https:\/\/www.webdo.tn\/fr\/actualite\/national\/la-soeur-de-sakher-mon-frere-sest-marie-par-amour-de-quoi-faire-pleurer-les-menageres\/172346\/\" \/>\n<meta property=\"og:site_name\" content=\"webdo\" \/>\n<meta property=\"article:publisher\" content=\"https:\/\/www.facebook.com\/webdotn\" \/>\n<meta property=\"article:published_time\" content=\"2011-12-28T16:37:00+00:00\" \/>\n<meta property=\"article:modified_time\" content=\"2025-06-04T19:02:34+00:00\" \/>\n<meta property=\"og:image\" content=\"https:\/\/www.webdo.tn\/fr\/wp-content\/uploads\/2011\/12\/sakhr-150x150-1.jpg\" \/>\n\t<meta property=\"og:image:width\" content=\"150\" \/>\n\t<meta property=\"og:image:height\" content=\"150\" \/>\n\t<meta property=\"og:image:type\" content=\"image\/jpeg\" \/>\n<meta name=\"author\" content=\"webdo.tn\" \/>\n<meta name=\"twitter:card\" content=\"summary_large_image\" \/>\n<meta name=\"twitter:creator\" content=\"@webdo_tn\" \/>\n<meta name=\"twitter:site\" content=\"@webdo_tn\" \/>\n<meta name=\"twitter:label1\" content=\"\u00c9crit par\" \/>\n\t<meta name=\"twitter:data1\" content=\"webdo.tn\" \/>\n\t<meta name=\"twitter:label2\" content=\"Dur\u00e9e de lecture estim\u00e9e\" \/>\n\t<meta name=\"twitter:data2\" content=\"1 minute\" \/>\n<script type=\"application\/ld+json\" class=\"yoast-schema-graph\">{\"@context\":\"https:\\\/\\\/schema.org\",\"@graph\":[{\"@type\":\"NewsArticle\",\"@id\":\"https:\\\/\\\/www.webdo.tn\\\/fr\\\/actualite\\\/national\\\/la-soeur-de-sakher-mon-frere-sest-marie-par-amour-de-quoi-faire-pleurer-les-menageres\\\/172346\\\/#article\",\"isPartOf\":{\"@id\":\"https:\\\/\\\/www.webdo.tn\\\/fr\\\/actualite\\\/national\\\/la-soeur-de-sakher-mon-frere-sest-marie-par-amour-de-quoi-faire-pleurer-les-menageres\\\/172346\\\/\"},\"author\":{\"name\":\"webdo.tn\",\"@id\":\"https:\\\/\\\/www.webdo.tn\\\/fr\\\/#\\\/schema\\\/person\\\/9a9c6118d687c117df8ef3cc36a4d175\"},\"headline\":\"La s\u0153ur de Sakher : \u00abMon fr\u00e8re s\u2019est mari\u00e9 par amour\u00bb. De quoi faire pleurer les m\u00e9nag\u00e8res !\",\"datePublished\":\"2011-12-28T16:37:00+00:00\",\"dateModified\":\"2025-06-04T19:02:34+00:00\",\"mainEntityOfPage\":{\"@id\":\"https:\\\/\\\/www.webdo.tn\\\/fr\\\/actualite\\\/national\\\/la-soeur-de-sakher-mon-frere-sest-marie-par-amour-de-quoi-faire-pleurer-les-menageres\\\/172346\\\/\"},\"wordCount\":303,\"commentCount\":0,\"publisher\":{\"@id\":\"https:\\\/\\\/www.webdo.tn\\\/fr\\\/#organization\"},\"image\":{\"@id\":\"https:\\\/\\\/www.webdo.tn\\\/fr\\\/actualite\\\/national\\\/la-soeur-de-sakher-mon-frere-sest-marie-par-amour-de-quoi-faire-pleurer-les-menageres\\\/172346\\\/#primaryimage\"},\"thumbnailUrl\":\"https:\\\/\\\/www.webdo.tn\\\/fr\\\/wp-content\\\/uploads\\\/2011\\\/12\\\/sakhr-150x150-1.jpg\",\"articleSection\":[\"National\"],\"inLanguage\":\"fr-FR\"},{\"@type\":\"WebPage\",\"@id\":\"https:\\\/\\\/www.webdo.tn\\\/fr\\\/actualite\\\/national\\\/la-soeur-de-sakher-mon-frere-sest-marie-par-amour-de-quoi-faire-pleurer-les-menageres\\\/172346\\\/\",\"url\":\"https:\\\/\\\/www.webdo.tn\\\/fr\\\/actualite\\\/national\\\/la-soeur-de-sakher-mon-frere-sest-marie-par-amour-de-quoi-faire-pleurer-les-menageres\\\/172346\\\/\",\"name\":\"La s\u0153ur de Sakher : \u00abMon fr\u00e8re s\u2019est mari\u00e9 par amour\u00bb. De quoi faire pleurer les m\u00e9nag\u00e8res !\",\"isPartOf\":{\"@id\":\"https:\\\/\\\/www.webdo.tn\\\/fr\\\/#website\"},\"primaryImageOfPage\":{\"@id\":\"https:\\\/\\\/www.webdo.tn\\\/fr\\\/actualite\\\/national\\\/la-soeur-de-sakher-mon-frere-sest-marie-par-amour-de-quoi-faire-pleurer-les-menageres\\\/172346\\\/#primaryimage\"},\"image\":{\"@id\":\"https:\\\/\\\/www.webdo.tn\\\/fr\\\/actualite\\\/national\\\/la-soeur-de-sakher-mon-frere-sest-marie-par-amour-de-quoi-faire-pleurer-les-menageres\\\/172346\\\/#primaryimage\"},\"thumbnailUrl\":\"https:\\\/\\\/www.webdo.tn\\\/fr\\\/wp-content\\\/uploads\\\/2011\\\/12\\\/sakhr-150x150-1.jpg\",\"datePublished\":\"2011-12-28T16:37:00+00:00\",\"dateModified\":\"2025-06-04T19:02:34+00:00\",\"description\":\"La s\u0153ur de Sakher : \u00abMon fr\u00e8re s\u2019est mari\u00e9 par amour\u00bb. De quoi faire pleurer les m\u00e9nag\u00e8res !\",\"breadcrumb\":{\"@id\":\"https:\\\/\\\/www.webdo.tn\\\/fr\\\/actualite\\\/national\\\/la-soeur-de-sakher-mon-frere-sest-marie-par-amour-de-quoi-faire-pleurer-les-menageres\\\/172346\\\/#breadcrumb\"},\"inLanguage\":\"fr-FR\",\"potentialAction\":[{\"@type\":\"ReadAction\",\"target\":[\"https:\\\/\\\/www.webdo.tn\\\/fr\\\/actualite\\\/national\\\/la-soeur-de-sakher-mon-frere-sest-marie-par-amour-de-quoi-faire-pleurer-les-menageres\\\/172346\\\/\"]}]},{\"@type\":\"ImageObject\",\"inLanguage\":\"fr-FR\",\"@id\":\"https:\\\/\\\/www.webdo.tn\\\/fr\\\/actualite\\\/national\\\/la-soeur-de-sakher-mon-frere-sest-marie-par-amour-de-quoi-faire-pleurer-les-menageres\\\/172346\\\/#primaryimage\",\"url\":\"https:\\\/\\\/www.webdo.tn\\\/fr\\\/wp-content\\\/uploads\\\/2011\\\/12\\\/sakhr-150x150-1.jpg\",\"contentUrl\":\"https:\\\/\\\/www.webdo.tn\\\/fr\\\/wp-content\\\/uploads\\\/2011\\\/12\\\/sakhr-150x150-1.jpg\",\"width\":150,\"height\":150,\"caption\":\"La s\u0153ur de Sakher : \u00abMon fr\u00e8re s\u2019est mari\u00e9 par amour\u00bb. De quoi faire pleurer les m\u00e9nag\u00e8res !\"},{\"@type\":\"BreadcrumbList\",\"@id\":\"https:\\\/\\\/www.webdo.tn\\\/fr\\\/actualite\\\/national\\\/la-soeur-de-sakher-mon-frere-sest-marie-par-amour-de-quoi-faire-pleurer-les-menageres\\\/172346\\\/#breadcrumb\",\"itemListElement\":[{\"@type\":\"ListItem\",\"position\":1,\"name\":\"Accueil\",\"item\":\"https:\\\/\\\/www.webdo.tn\\\/fr\\\/\"},{\"@type\":\"ListItem\",\"position\":2,\"name\":\"La s\u0153ur de Sakher : \u00abMon fr\u00e8re s\u2019est mari\u00e9 par amour\u00bb. De quoi faire pleurer les m\u00e9nag\u00e8res !\"}]},{\"@type\":\"WebSite\",\"@id\":\"https:\\\/\\\/www.webdo.tn\\\/fr\\\/#website\",\"url\":\"https:\\\/\\\/www.webdo.tn\\\/fr\\\/\",\"name\":\"webdo\",\"description\":\"Tunisie - News en Tunisie et \u00e0 l&#039;international sur Webdo.tn\",\"publisher\":{\"@id\":\"https:\\\/\\\/www.webdo.tn\\\/fr\\\/#organization\"},\"potentialAction\":[{\"@type\":\"SearchAction\",\"target\":{\"@type\":\"EntryPoint\",\"urlTemplate\":\"https:\\\/\\\/www.webdo.tn\\\/fr\\\/?s={search_term_string}\"},\"query-input\":{\"@type\":\"PropertyValueSpecification\",\"valueRequired\":true,\"valueName\":\"search_term_string\"}}],\"inLanguage\":\"fr-FR\"},{\"@type\":\"Organization\",\"@id\":\"https:\\\/\\\/www.webdo.tn\\\/fr\\\/#organization\",\"name\":\"Webdo\",\"alternateName\":\"Webdo.tn\",\"url\":\"https:\\\/\\\/www.webdo.tn\\\/fr\\\/\",\"logo\":{\"@type\":\"ImageObject\",\"inLanguage\":\"fr-FR\",\"@id\":\"https:\\\/\\\/www.webdo.tn\\\/fr\\\/#\\\/schema\\\/logo\\\/image\\\/\",\"url\":\"https:\\\/\\\/www.webdo.tn\\\/fr\\\/wp-content\\\/uploads\\\/2025\\\/06\\\/Webdo-Tunisie_168377.jpg\",\"contentUrl\":\"https:\\\/\\\/www.webdo.tn\\\/fr\\\/wp-content\\\/uploads\\\/2025\\\/06\\\/Webdo-Tunisie_168377.jpg\",\"width\":301,\"height\":301,\"caption\":\"Webdo\"},\"image\":{\"@id\":\"https:\\\/\\\/www.webdo.tn\\\/fr\\\/#\\\/schema\\\/logo\\\/image\\\/\"},\"sameAs\":[\"https:\\\/\\\/www.facebook.com\\\/webdotn\",\"https:\\\/\\\/x.com\\\/webdo_tn\"],\"description\":\"Webdo est un m\u00e9dia num\u00e9rique tunisien fond\u00e9 en 2010, sp\u00e9cialis\u00e9 dans l\u2019actualit\u00e9 nationale et internationale, l\u2019\u00e9conomie, la soci\u00e9t\u00e9 et les analyses politiques. Le site s\u2019adresse \u00e0 un large public francophone et couvre l\u2019information tunisienne en temps r\u00e9el.\",\"email\":\"redac@webdo.tn\",\"legalName\":\"YNJ SARL\",\"foundingDate\":\"2010-09-06\",\"numberOfEmployees\":{\"@type\":\"QuantitativeValue\",\"minValue\":\"11\",\"maxValue\":\"50\"}},{\"@type\":\"Person\",\"@id\":\"https:\\\/\\\/www.webdo.tn\\\/fr\\\/#\\\/schema\\\/person\\\/9a9c6118d687c117df8ef3cc36a4d175\",\"name\":\"webdo.tn\",\"image\":{\"@type\":\"ImageObject\",\"inLanguage\":\"fr-FR\",\"@id\":\"https:\\\/\\\/secure.gravatar.com\\\/avatar\\\/7ce1f28c0c3bbac99ff550b85ef8e44a6950c6ee24514fb6a5489e51d06f0298?s=96&d=mm&r=g\",\"url\":\"https:\\\/\\\/secure.gravatar.com\\\/avatar\\\/7ce1f28c0c3bbac99ff550b85ef8e44a6950c6ee24514fb6a5489e51d06f0298?s=96&d=mm&r=g\",\"contentUrl\":\"https:\\\/\\\/secure.gravatar.com\\\/avatar\\\/7ce1f28c0c3bbac99ff550b85ef8e44a6950c6ee24514fb6a5489e51d06f0298?s=96&d=mm&r=g\",\"caption\":\"webdo.tn\"},\"url\":\"https:\\\/\\\/www.webdo.tn\\\/fr\\\/actualite\\\/author\\\/webdotn\\\/\"}]}<\/script>\n<!-- \/ Yoast SEO Premium plugin. -->","yoast_head_json":{"title":"La s\u0153ur de Sakher : \u00abMon fr\u00e8re s\u2019est mari\u00e9 par amour\u00bb. De quoi faire pleurer les m\u00e9nag\u00e8res !","description":"La s\u0153ur de Sakher : \u00abMon fr\u00e8re s\u2019est mari\u00e9 par amour\u00bb. De quoi faire pleurer les m\u00e9nag\u00e8res !","canonical":"https:\/\/www.webdo.tn\/fr\/actualite\/national\/la-soeur-de-sakher-mon-frere-sest-marie-par-amour-de-quoi-faire-pleurer-les-menageres\/172346\/","og_locale":"fr_FR","og_type":"article","og_title":"La s\u0153ur de Sakher : \u00abMon fr\u00e8re s\u2019est mari\u00e9 par amour\u00bb. De quoi faire pleurer les m\u00e9nag\u00e8res !","og_description":"La s\u0153ur de Sakher : \u00abMon fr\u00e8re s\u2019est mari\u00e9 par amour\u00bb. De quoi faire pleurer les m\u00e9nag\u00e8res !","og_url":"https:\/\/www.webdo.tn\/fr\/actualite\/national\/la-soeur-de-sakher-mon-frere-sest-marie-par-amour-de-quoi-faire-pleurer-les-menageres\/172346\/","og_site_name":"webdo","article_publisher":"https:\/\/www.facebook.com\/webdotn","article_published_time":"2011-12-28T16:37:00+00:00","article_modified_time":"2025-06-04T19:02:34+00:00","og_image":[{"width":150,"height":150,"url":"https:\/\/www.webdo.tn\/fr\/wp-content\/uploads\/2011\/12\/sakhr-150x150-1.jpg","type":"image\/jpeg"}],"author":"webdo.tn","twitter_card":"summary_large_image","twitter_creator":"@webdo_tn","twitter_site":"@webdo_tn","twitter_misc":{"\u00c9crit par":"webdo.tn","Dur\u00e9e de lecture estim\u00e9e":"1 minute"},"schema":{"@context":"https:\/\/schema.org","@graph":[{"@type":"NewsArticle","@id":"https:\/\/www.webdo.tn\/fr\/actualite\/national\/la-soeur-de-sakher-mon-frere-sest-marie-par-amour-de-quoi-faire-pleurer-les-menageres\/172346\/#article","isPartOf":{"@id":"https:\/\/www.webdo.tn\/fr\/actualite\/national\/la-soeur-de-sakher-mon-frere-sest-marie-par-amour-de-quoi-faire-pleurer-les-menageres\/172346\/"},"author":{"name":"webdo.tn","@id":"https:\/\/www.webdo.tn\/fr\/#\/schema\/person\/9a9c6118d687c117df8ef3cc36a4d175"},"headline":"La s\u0153ur de Sakher : \u00abMon fr\u00e8re s\u2019est mari\u00e9 par amour\u00bb. De quoi faire pleurer les m\u00e9nag\u00e8res !","datePublished":"2011-12-28T16:37:00+00:00","dateModified":"2025-06-04T19:02:34+00:00","mainEntityOfPage":{"@id":"https:\/\/www.webdo.tn\/fr\/actualite\/national\/la-soeur-de-sakher-mon-frere-sest-marie-par-amour-de-quoi-faire-pleurer-les-menageres\/172346\/"},"wordCount":303,"commentCount":0,"publisher":{"@id":"https:\/\/www.webdo.tn\/fr\/#organization"},"image":{"@id":"https:\/\/www.webdo.tn\/fr\/actualite\/national\/la-soeur-de-sakher-mon-frere-sest-marie-par-amour-de-quoi-faire-pleurer-les-menageres\/172346\/#primaryimage"},"thumbnailUrl":"https:\/\/www.webdo.tn\/fr\/wp-content\/uploads\/2011\/12\/sakhr-150x150-1.jpg","articleSection":["National"],"inLanguage":"fr-FR"},{"@type":"WebPage","@id":"https:\/\/www.webdo.tn\/fr\/actualite\/national\/la-soeur-de-sakher-mon-frere-sest-marie-par-amour-de-quoi-faire-pleurer-les-menageres\/172346\/","url":"https:\/\/www.webdo.tn\/fr\/actualite\/national\/la-soeur-de-sakher-mon-frere-sest-marie-par-amour-de-quoi-faire-pleurer-les-menageres\/172346\/","name":"La s\u0153ur de Sakher : \u00abMon fr\u00e8re s\u2019est mari\u00e9 par amour\u00bb. De quoi faire pleurer les m\u00e9nag\u00e8res !","isPartOf":{"@id":"https:\/\/www.webdo.tn\/fr\/#website"},"primaryImageOfPage":{"@id":"https:\/\/www.webdo.tn\/fr\/actualite\/national\/la-soeur-de-sakher-mon-frere-sest-marie-par-amour-de-quoi-faire-pleurer-les-menageres\/172346\/#primaryimage"},"image":{"@id":"https:\/\/www.webdo.tn\/fr\/actualite\/national\/la-soeur-de-sakher-mon-frere-sest-marie-par-amour-de-quoi-faire-pleurer-les-menageres\/172346\/#primaryimage"},"thumbnailUrl":"https:\/\/www.webdo.tn\/fr\/wp-content\/uploads\/2011\/12\/sakhr-150x150-1.jpg","datePublished":"2011-12-28T16:37:00+00:00","dateModified":"2025-06-04T19:02:34+00:00","description":"La s\u0153ur de Sakher : \u00abMon fr\u00e8re s\u2019est mari\u00e9 par amour\u00bb. De quoi faire pleurer les m\u00e9nag\u00e8res !","breadcrumb":{"@id":"https:\/\/www.webdo.tn\/fr\/actualite\/national\/la-soeur-de-sakher-mon-frere-sest-marie-par-amour-de-quoi-faire-pleurer-les-menageres\/172346\/#breadcrumb"},"inLanguage":"fr-FR","potentialAction":[{"@type":"ReadAction","target":["https:\/\/www.webdo.tn\/fr\/actualite\/national\/la-soeur-de-sakher-mon-frere-sest-marie-par-amour-de-quoi-faire-pleurer-les-menageres\/172346\/"]}]},{"@type":"ImageObject","inLanguage":"fr-FR","@id":"https:\/\/www.webdo.tn\/fr\/actualite\/national\/la-soeur-de-sakher-mon-frere-sest-marie-par-amour-de-quoi-faire-pleurer-les-menageres\/172346\/#primaryimage","url":"https:\/\/www.webdo.tn\/fr\/wp-content\/uploads\/2011\/12\/sakhr-150x150-1.jpg","contentUrl":"https:\/\/www.webdo.tn\/fr\/wp-content\/uploads\/2011\/12\/sakhr-150x150-1.jpg","width":150,"height":150,"caption":"La s\u0153ur de Sakher : \u00abMon fr\u00e8re s\u2019est mari\u00e9 par amour\u00bb. De quoi faire pleurer les m\u00e9nag\u00e8res !"},{"@type":"BreadcrumbList","@id":"https:\/\/www.webdo.tn\/fr\/actualite\/national\/la-soeur-de-sakher-mon-frere-sest-marie-par-amour-de-quoi-faire-pleurer-les-menageres\/172346\/#breadcrumb","itemListElement":[{"@type":"ListItem","position":1,"name":"Accueil","item":"https:\/\/www.webdo.tn\/fr\/"},{"@type":"ListItem","position":2,"name":"La s\u0153ur de Sakher : \u00abMon fr\u00e8re s\u2019est mari\u00e9 par amour\u00bb. De quoi faire pleurer les m\u00e9nag\u00e8res !"}]},{"@type":"WebSite","@id":"https:\/\/www.webdo.tn\/fr\/#website","url":"https:\/\/www.webdo.tn\/fr\/","name":"webdo","description":"Tunisie - News en Tunisie et \u00e0 l&#039;international sur Webdo.tn","publisher":{"@id":"https:\/\/www.webdo.tn\/fr\/#organization"},"potentialAction":[{"@type":"SearchAction","target":{"@type":"EntryPoint","urlTemplate":"https:\/\/www.webdo.tn\/fr\/?s={search_term_string}"},"query-input":{"@type":"PropertyValueSpecification","valueRequired":true,"valueName":"search_term_string"}}],"inLanguage":"fr-FR"},{"@type":"Organization","@id":"https:\/\/www.webdo.tn\/fr\/#organization","name":"Webdo","alternateName":"Webdo.tn","url":"https:\/\/www.webdo.tn\/fr\/","logo":{"@type":"ImageObject","inLanguage":"fr-FR","@id":"https:\/\/www.webdo.tn\/fr\/#\/schema\/logo\/image\/","url":"https:\/\/www.webdo.tn\/fr\/wp-content\/uploads\/2025\/06\/Webdo-Tunisie_168377.jpg","contentUrl":"https:\/\/www.webdo.tn\/fr\/wp-content\/uploads\/2025\/06\/Webdo-Tunisie_168377.jpg","width":301,"height":301,"caption":"Webdo"},"image":{"@id":"https:\/\/www.webdo.tn\/fr\/#\/schema\/logo\/image\/"},"sameAs":["https:\/\/www.facebook.com\/webdotn","https:\/\/x.com\/webdo_tn"],"description":"Webdo est un m\u00e9dia num\u00e9rique tunisien fond\u00e9 en 2010, sp\u00e9cialis\u00e9 dans l\u2019actualit\u00e9 nationale et internationale, l\u2019\u00e9conomie, la soci\u00e9t\u00e9 et les analyses politiques. Le site s\u2019adresse \u00e0 un large public francophone et couvre l\u2019information tunisienne en temps r\u00e9el.","email":"redac@webdo.tn","legalName":"YNJ SARL","foundingDate":"2010-09-06","numberOfEmployees":{"@type":"QuantitativeValue","minValue":"11","maxValue":"50"}},{"@type":"Person","@id":"https:\/\/www.webdo.tn\/fr\/#\/schema\/person\/9a9c6118d687c117df8ef3cc36a4d175","name":"webdo.tn","image":{"@type":"ImageObject","inLanguage":"fr-FR","@id":"https:\/\/secure.gravatar.com\/avatar\/7ce1f28c0c3bbac99ff550b85ef8e44a6950c6ee24514fb6a5489e51d06f0298?s=96&d=mm&r=g","url":"https:\/\/secure.gravatar.com\/avatar\/7ce1f28c0c3bbac99ff550b85ef8e44a6950c6ee24514fb6a5489e51d06f0298?s=96&d=mm&r=g","contentUrl":"https:\/\/secure.gravatar.com\/avatar\/7ce1f28c0c3bbac99ff550b85ef8e44a6950c6ee24514fb6a5489e51d06f0298?s=96&d=mm&r=g","caption":"webdo.tn"},"url":"https:\/\/www.webdo.tn\/fr\/actualite\/author\/webdotn\/"}]}},"_links":{"self":[{"href":"https:\/\/www.webdo.tn\/fr\/wp-json\/wp\/v2\/posts\/172346","targetHints":{"allow":["GET"]}}],"collection":[{"href":"https:\/\/www.webdo.tn\/fr\/wp-json\/wp\/v2\/posts"}],"about":[{"href":"https:\/\/www.webdo.tn\/fr\/wp-json\/wp\/v2\/types\/post"}],"author":[{"embeddable":true,"href":"https:\/\/www.webdo.tn\/fr\/wp-json\/wp\/v2\/users\/3222"}],"replies":[{"embeddable":true,"href":"https:\/\/www.webdo.tn\/fr\/wp-json\/wp\/v2\/comments?post=172346"}],"version-history":[{"count":0,"href":"https:\/\/www.webdo.tn\/fr\/wp-json\/wp\/v2\/posts\/172346\/revisions"}],"wp:featuredmedia":[{"embeddable":true,"href":"https:\/\/www.webdo.tn\/fr\/wp-json\/wp\/v2\/media\/333851"}],"wp:attachment":[{"href":"https:\/\/www.webdo.tn\/fr\/wp-json\/wp\/v2\/media?parent=172346"}],"wp:term":[{"taxonomy":"category","embeddable":true,"href":"https:\/\/www.webdo.tn\/fr\/wp-json\/wp\/v2\/categories?post=172346"},{"taxonomy":"post_tag","embeddable":true,"href":"https:\/\/www.webdo.tn\/fr\/wp-json\/wp\/v2\/tags?post=172346"}],"curies":[{"name":"wp","href":"https:\/\/api.w.org\/{rel}","templated":true}]}}