{"id":172343,"date":"2011-12-28T23:42:00","date_gmt":"2011-12-28T23:42:00","guid":{"rendered":"https:\/\/www.webdo.tn\/fr\/blog\/nejib-chebbi-et-beji-caid-essebsi-allies-ou-concurrents\/172343\/"},"modified":"2011-12-28T23:42:00","modified_gmt":"2011-12-28T23:42:00","slug":"nejib-chebbi-et-beji-caid-essebsi-allies-ou-concurrents","status":"publish","type":"post","link":"https:\/\/www.webdo.tn\/fr\/actualite\/national\/nejib-chebbi-et-beji-caid-essebsi-allies-ou-concurrents\/172343\/","title":{"rendered":"Nejib Chebbi et Beji Caid Essebsi : alli\u00e9s ou concurrents ?"},"content":{"rendered":"<p>La victoire, toute relative, des Islamistes d\u2019Ennahdha a pouss\u00e9 \u00e0 la fois les partis perdants, mais aussi l\u2019ex-premier ministre B\u00e9ji Caid Essebsi de r\u00e9fl\u00e9chir \u00e0 l\u2019avenir et de penser d\u00e8s maintenant aux prochaines \u00e9ch\u00e9ances \u00e9lectorales.<\/p>\n<p>Deuxe initiatives se sont fait jour ; la premi\u00e8re consiste dans l\u2019intention pr\u00eat\u00e9e \u00e0 Caid Essebsi de fonder un parti suffisamment large ouvert aux anciens destouriens, \u00e0 ceux qui sont rest\u00e9s fid\u00e8les aux id\u00e9es du Pr\u00e9sident Bourguiba, mais aussi \u00e0 tous ceux qui ont une vision d\u00e9mocratique de la soci\u00e9t\u00e9 tunisienne, loin des extr\u00e9mismes et tol\u00e9rante ; la seconde est celle dans laquelle Ahmed N\u00e9jib Chebbi et le PDP jouent un r\u00f4le essentiel, celui de r\u00e9unir sous une m\u00eame banni\u00e8re toutes les forces d\u00e9mocratiques, \u00e0 commencer par le P\u00f4le D\u00e9mocratique, Ettajdid, Afek et d\u2019autres partis de gauche.<\/p>\n<p>Les deux initiatives semblent encore \u00e0 leurs premiers pas. B\u00e9ji Caid Essebsi, fort de sa popularit\u00e9 acquise lors de son passage au gouvernement, prend son temps et poursuit ses consultations avant de l\u2019annoncer publiquement. Quant \u00e0 Ahmed N\u00e9jib Chebbi, il a b\u00e9n\u00e9fici\u00e9 de l\u2019accord obtenu de certains nouveaux partis de se fondre dans le sien alors qu\u2019Ettajdid semble un peu plus r\u00e9ticent de la part d\u2019une formation politique qui a 90 ans d\u2019histoire.<\/p>\n<p>Maintenant, il semble que les tendances unitaristes l\u2019emportent, mais les deux p\u00f4les qui vont se cr\u00e9er r\u00e9ussiront-ils ensuite \u00e0 se mettre d\u2019accord ?<\/p>\n<p>C\u2019est de leur capacit\u00e9 \u00e0 d\u00e9passer leurs \u00e9gos que d\u00e9pendra l\u2019avenir de la d\u00e9mocratie dans notre pays\u2026<\/p>\n","protected":false},"excerpt":{"rendered":"<p>Nejib Chebbi et Beji Caid Essebsi : alli\u00e9s ou concurrents ?<\/p>\n","protected":false},"author":3222,"featured_media":333854,"comment_status":"open","ping_status":"closed","sticky":false,"template":"","format":"standard","meta":{"footnotes":""},"categories":[44],"tags":[2600],"class_list":["post-172343","post","type-post","status-publish","format-standard","has-post-thumbnail","hentry","category-national","tag-guerre"],"yoast_head":"<!-- This site is optimized with the Yoast SEO Premium plugin v27.5 (Yoast SEO v27.5) - https:\/\/yoast.com\/product\/yoast-seo-premium-wordpress\/ -->\n<title>Nejib Chebbi et Beji Caid Essebsi : alli\u00e9s ou concurrents ?<\/title>\n<meta name=\"description\" content=\"Nejib Chebbi et Beji Caid Essebsi : alli\u00e9s ou concurrents ?\" \/>\n<link rel=\"canonical\" href=\"https:\/\/www.webdo.tn\/fr\/actualite\/national-45\/nejib-chebbi-et-beji-caid-essebsi-allies-ou-concurrents\/172343\/\" \/>\n<meta property=\"og:locale\" content=\"fr_FR\" \/>\n<meta property=\"og:type\" content=\"article\" \/>\n<meta property=\"og:title\" content=\"Nejib Chebbi et Beji Caid Essebsi : alli\u00e9s ou concurrents ?\" \/>\n<meta property=\"og:description\" content=\"Nejib Chebbi et Beji Caid Essebsi : alli\u00e9s ou concurrents ?\" \/>\n<meta property=\"og:url\" content=\"https:\/\/www.webdo.tn\/fr\/actualite\/national-45\/nejib-chebbi-et-beji-caid-essebsi-allies-ou-concurrents\/172343\/\" \/>\n<meta property=\"og:site_name\" content=\"webdo\" \/>\n<meta property=\"article:publisher\" content=\"https:\/\/www.facebook.com\/webdotn\" \/>\n<meta property=\"article:published_time\" content=\"2011-12-28T23:42:00+00:00\" \/>\n<meta property=\"og:image\" content=\"https:\/\/www.webdo.tn\/fr\/wp-content\/uploads\/2011\/12\/Nejib-Chebbi-et-Caid-Essebsi.jpg\" \/>\n\t<meta property=\"og:image:width\" content=\"306\" \/>\n\t<meta property=\"og:image:height\" content=\"204\" \/>\n\t<meta property=\"og:image:type\" content=\"image\/jpeg\" \/>\n<meta name=\"author\" content=\"webdo.tn\" \/>\n<meta name=\"twitter:card\" content=\"summary_large_image\" \/>\n<meta name=\"twitter:creator\" content=\"@webdo_tn\" \/>\n<meta name=\"twitter:site\" content=\"@webdo_tn\" \/>\n<meta name=\"twitter:label1\" content=\"\u00c9crit par\" \/>\n\t<meta name=\"twitter:data1\" content=\"webdo.tn\" \/>\n\t<meta name=\"twitter:label2\" content=\"Dur\u00e9e de lecture estim\u00e9e\" \/>\n\t<meta name=\"twitter:data2\" content=\"1 minute\" \/>\n<script type=\"application\/ld+json\" class=\"yoast-schema-graph\">{\"@context\":\"https:\\\/\\\/schema.org\",\"@graph\":[{\"@type\":\"NewsArticle\",\"@id\":\"https:\\\/\\\/www.webdo.tn\\\/fr\\\/actualite\\\/national-45\\\/nejib-chebbi-et-beji-caid-essebsi-allies-ou-concurrents\\\/172343\\\/#article\",\"isPartOf\":{\"@id\":\"https:\\\/\\\/www.webdo.tn\\\/fr\\\/actualite\\\/national-45\\\/nejib-chebbi-et-beji-caid-essebsi-allies-ou-concurrents\\\/172343\\\/\"},\"author\":{\"name\":\"webdo.tn\",\"@id\":\"https:\\\/\\\/www.webdo.tn\\\/fr\\\/#\\\/schema\\\/person\\\/9a9c6118d687c117df8ef3cc36a4d175\"},\"headline\":\"Nejib Chebbi et Beji Caid Essebsi : alli\u00e9s ou concurrents ?\",\"datePublished\":\"2011-12-28T23:42:00+00:00\",\"mainEntityOfPage\":{\"@id\":\"https:\\\/\\\/www.webdo.tn\\\/fr\\\/actualite\\\/national-45\\\/nejib-chebbi-et-beji-caid-essebsi-allies-ou-concurrents\\\/172343\\\/\"},\"wordCount\":290,\"commentCount\":0,\"publisher\":{\"@id\":\"https:\\\/\\\/www.webdo.tn\\\/fr\\\/#organization\"},\"image\":{\"@id\":\"https:\\\/\\\/www.webdo.tn\\\/fr\\\/actualite\\\/national-45\\\/nejib-chebbi-et-beji-caid-essebsi-allies-ou-concurrents\\\/172343\\\/#primaryimage\"},\"thumbnailUrl\":\"https:\\\/\\\/www.webdo.tn\\\/fr\\\/wp-content\\\/uploads\\\/2011\\\/12\\\/Nejib-Chebbi-et-Caid-Essebsi.jpg\",\"keywords\":[\"guerre\"],\"articleSection\":[\"National\"],\"inLanguage\":\"fr-FR\"},{\"@type\":\"WebPage\",\"@id\":\"https:\\\/\\\/www.webdo.tn\\\/fr\\\/actualite\\\/national-45\\\/nejib-chebbi-et-beji-caid-essebsi-allies-ou-concurrents\\\/172343\\\/\",\"url\":\"https:\\\/\\\/www.webdo.tn\\\/fr\\\/actualite\\\/national-45\\\/nejib-chebbi-et-beji-caid-essebsi-allies-ou-concurrents\\\/172343\\\/\",\"name\":\"Nejib Chebbi et Beji Caid Essebsi : alli\u00e9s ou concurrents ?\",\"isPartOf\":{\"@id\":\"https:\\\/\\\/www.webdo.tn\\\/fr\\\/#website\"},\"primaryImageOfPage\":{\"@id\":\"https:\\\/\\\/www.webdo.tn\\\/fr\\\/actualite\\\/national-45\\\/nejib-chebbi-et-beji-caid-essebsi-allies-ou-concurrents\\\/172343\\\/#primaryimage\"},\"image\":{\"@id\":\"https:\\\/\\\/www.webdo.tn\\\/fr\\\/actualite\\\/national-45\\\/nejib-chebbi-et-beji-caid-essebsi-allies-ou-concurrents\\\/172343\\\/#primaryimage\"},\"thumbnailUrl\":\"https:\\\/\\\/www.webdo.tn\\\/fr\\\/wp-content\\\/uploads\\\/2011\\\/12\\\/Nejib-Chebbi-et-Caid-Essebsi.jpg\",\"datePublished\":\"2011-12-28T23:42:00+00:00\",\"description\":\"Nejib Chebbi et Beji Caid Essebsi : alli\u00e9s ou concurrents ?\",\"breadcrumb\":{\"@id\":\"https:\\\/\\\/www.webdo.tn\\\/fr\\\/actualite\\\/national-45\\\/nejib-chebbi-et-beji-caid-essebsi-allies-ou-concurrents\\\/172343\\\/#breadcrumb\"},\"inLanguage\":\"fr-FR\",\"potentialAction\":[{\"@type\":\"ReadAction\",\"target\":[\"https:\\\/\\\/www.webdo.tn\\\/fr\\\/actualite\\\/national-45\\\/nejib-chebbi-et-beji-caid-essebsi-allies-ou-concurrents\\\/172343\\\/\"]}]},{\"@type\":\"ImageObject\",\"inLanguage\":\"fr-FR\",\"@id\":\"https:\\\/\\\/www.webdo.tn\\\/fr\\\/actualite\\\/national-45\\\/nejib-chebbi-et-beji-caid-essebsi-allies-ou-concurrents\\\/172343\\\/#primaryimage\",\"url\":\"https:\\\/\\\/www.webdo.tn\\\/fr\\\/wp-content\\\/uploads\\\/2011\\\/12\\\/Nejib-Chebbi-et-Caid-Essebsi.jpg\",\"contentUrl\":\"https:\\\/\\\/www.webdo.tn\\\/fr\\\/wp-content\\\/uploads\\\/2011\\\/12\\\/Nejib-Chebbi-et-Caid-Essebsi.jpg\",\"width\":306,\"height\":204,\"caption\":\"Nejib Chebbi et Beji Caid Essebsi : alli\u00e9s ou concurrents ?\"},{\"@type\":\"BreadcrumbList\",\"@id\":\"https:\\\/\\\/www.webdo.tn\\\/fr\\\/actualite\\\/national-45\\\/nejib-chebbi-et-beji-caid-essebsi-allies-ou-concurrents\\\/172343\\\/#breadcrumb\",\"itemListElement\":[{\"@type\":\"ListItem\",\"position\":1,\"name\":\"Accueil\",\"item\":\"https:\\\/\\\/www.webdo.tn\\\/fr\\\/\"},{\"@type\":\"ListItem\",\"position\":2,\"name\":\"Nejib Chebbi et Beji Caid Essebsi : alli\u00e9s ou concurrents ?\"}]},{\"@type\":\"WebSite\",\"@id\":\"https:\\\/\\\/www.webdo.tn\\\/fr\\\/#website\",\"url\":\"https:\\\/\\\/www.webdo.tn\\\/fr\\\/\",\"name\":\"webdo\",\"description\":\"Tunisie - News en Tunisie et \u00e0 l&#039;international sur Webdo.tn\",\"publisher\":{\"@id\":\"https:\\\/\\\/www.webdo.tn\\\/fr\\\/#organization\"},\"potentialAction\":[{\"@type\":\"SearchAction\",\"target\":{\"@type\":\"EntryPoint\",\"urlTemplate\":\"https:\\\/\\\/www.webdo.tn\\\/fr\\\/?s={search_term_string}\"},\"query-input\":{\"@type\":\"PropertyValueSpecification\",\"valueRequired\":true,\"valueName\":\"search_term_string\"}}],\"inLanguage\":\"fr-FR\"},{\"@type\":\"Organization\",\"@id\":\"https:\\\/\\\/www.webdo.tn\\\/fr\\\/#organization\",\"name\":\"Webdo\",\"alternateName\":\"Webdo.tn\",\"url\":\"https:\\\/\\\/www.webdo.tn\\\/fr\\\/\",\"logo\":{\"@type\":\"ImageObject\",\"inLanguage\":\"fr-FR\",\"@id\":\"https:\\\/\\\/www.webdo.tn\\\/fr\\\/#\\\/schema\\\/logo\\\/image\\\/\",\"url\":\"https:\\\/\\\/www.webdo.tn\\\/fr\\\/wp-content\\\/uploads\\\/2025\\\/06\\\/Webdo-Tunisie_168377.jpg\",\"contentUrl\":\"https:\\\/\\\/www.webdo.tn\\\/fr\\\/wp-content\\\/uploads\\\/2025\\\/06\\\/Webdo-Tunisie_168377.jpg\",\"width\":301,\"height\":301,\"caption\":\"Webdo\"},\"image\":{\"@id\":\"https:\\\/\\\/www.webdo.tn\\\/fr\\\/#\\\/schema\\\/logo\\\/image\\\/\"},\"sameAs\":[\"https:\\\/\\\/www.facebook.com\\\/webdotn\",\"https:\\\/\\\/x.com\\\/webdo_tn\"],\"description\":\"Webdo est un m\u00e9dia num\u00e9rique tunisien fond\u00e9 en 2010, sp\u00e9cialis\u00e9 dans l\u2019actualit\u00e9 nationale et internationale, l\u2019\u00e9conomie, la soci\u00e9t\u00e9 et les analyses politiques. Le site s\u2019adresse \u00e0 un large public francophone et couvre l\u2019information tunisienne en temps r\u00e9el.\",\"email\":\"redac@webdo.tn\",\"legalName\":\"YNJ SARL\",\"foundingDate\":\"2010-09-06\",\"numberOfEmployees\":{\"@type\":\"QuantitativeValue\",\"minValue\":\"11\",\"maxValue\":\"50\"}},{\"@type\":\"Person\",\"@id\":\"https:\\\/\\\/www.webdo.tn\\\/fr\\\/#\\\/schema\\\/person\\\/9a9c6118d687c117df8ef3cc36a4d175\",\"name\":\"webdo.tn\",\"image\":{\"@type\":\"ImageObject\",\"inLanguage\":\"fr-FR\",\"@id\":\"https:\\\/\\\/secure.gravatar.com\\\/avatar\\\/7ce1f28c0c3bbac99ff550b85ef8e44a6950c6ee24514fb6a5489e51d06f0298?s=96&d=mm&r=g\",\"url\":\"https:\\\/\\\/secure.gravatar.com\\\/avatar\\\/7ce1f28c0c3bbac99ff550b85ef8e44a6950c6ee24514fb6a5489e51d06f0298?s=96&d=mm&r=g\",\"contentUrl\":\"https:\\\/\\\/secure.gravatar.com\\\/avatar\\\/7ce1f28c0c3bbac99ff550b85ef8e44a6950c6ee24514fb6a5489e51d06f0298?s=96&d=mm&r=g\",\"caption\":\"webdo.tn\"},\"url\":\"https:\\\/\\\/www.webdo.tn\\\/fr\\\/actualite\\\/author\\\/webdotn\\\/\"}]}<\/script>\n<!-- \/ Yoast SEO Premium plugin. -->","yoast_head_json":{"title":"Nejib Chebbi et Beji Caid Essebsi : alli\u00e9s ou concurrents ?","description":"Nejib Chebbi et Beji Caid Essebsi : alli\u00e9s ou concurrents ?","canonical":"https:\/\/www.webdo.tn\/fr\/actualite\/national-45\/nejib-chebbi-et-beji-caid-essebsi-allies-ou-concurrents\/172343\/","og_locale":"fr_FR","og_type":"article","og_title":"Nejib Chebbi et Beji Caid Essebsi : alli\u00e9s ou concurrents ?","og_description":"Nejib Chebbi et Beji Caid Essebsi : alli\u00e9s ou concurrents ?","og_url":"https:\/\/www.webdo.tn\/fr\/actualite\/national-45\/nejib-chebbi-et-beji-caid-essebsi-allies-ou-concurrents\/172343\/","og_site_name":"webdo","article_publisher":"https:\/\/www.facebook.com\/webdotn","article_published_time":"2011-12-28T23:42:00+00:00","og_image":[{"width":306,"height":204,"url":"https:\/\/www.webdo.tn\/fr\/wp-content\/uploads\/2011\/12\/Nejib-Chebbi-et-Caid-Essebsi.jpg","type":"image\/jpeg"}],"author":"webdo.tn","twitter_card":"summary_large_image","twitter_creator":"@webdo_tn","twitter_site":"@webdo_tn","twitter_misc":{"\u00c9crit par":"webdo.tn","Dur\u00e9e de lecture estim\u00e9e":"1 minute"},"schema":{"@context":"https:\/\/schema.org","@graph":[{"@type":"NewsArticle","@id":"https:\/\/www.webdo.tn\/fr\/actualite\/national-45\/nejib-chebbi-et-beji-caid-essebsi-allies-ou-concurrents\/172343\/#article","isPartOf":{"@id":"https:\/\/www.webdo.tn\/fr\/actualite\/national-45\/nejib-chebbi-et-beji-caid-essebsi-allies-ou-concurrents\/172343\/"},"author":{"name":"webdo.tn","@id":"https:\/\/www.webdo.tn\/fr\/#\/schema\/person\/9a9c6118d687c117df8ef3cc36a4d175"},"headline":"Nejib Chebbi et Beji Caid Essebsi : alli\u00e9s ou concurrents ?","datePublished":"2011-12-28T23:42:00+00:00","mainEntityOfPage":{"@id":"https:\/\/www.webdo.tn\/fr\/actualite\/national-45\/nejib-chebbi-et-beji-caid-essebsi-allies-ou-concurrents\/172343\/"},"wordCount":290,"commentCount":0,"publisher":{"@id":"https:\/\/www.webdo.tn\/fr\/#organization"},"image":{"@id":"https:\/\/www.webdo.tn\/fr\/actualite\/national-45\/nejib-chebbi-et-beji-caid-essebsi-allies-ou-concurrents\/172343\/#primaryimage"},"thumbnailUrl":"https:\/\/www.webdo.tn\/fr\/wp-content\/uploads\/2011\/12\/Nejib-Chebbi-et-Caid-Essebsi.jpg","keywords":["guerre"],"articleSection":["National"],"inLanguage":"fr-FR"},{"@type":"WebPage","@id":"https:\/\/www.webdo.tn\/fr\/actualite\/national-45\/nejib-chebbi-et-beji-caid-essebsi-allies-ou-concurrents\/172343\/","url":"https:\/\/www.webdo.tn\/fr\/actualite\/national-45\/nejib-chebbi-et-beji-caid-essebsi-allies-ou-concurrents\/172343\/","name":"Nejib Chebbi et Beji Caid Essebsi : alli\u00e9s ou concurrents ?","isPartOf":{"@id":"https:\/\/www.webdo.tn\/fr\/#website"},"primaryImageOfPage":{"@id":"https:\/\/www.webdo.tn\/fr\/actualite\/national-45\/nejib-chebbi-et-beji-caid-essebsi-allies-ou-concurrents\/172343\/#primaryimage"},"image":{"@id":"https:\/\/www.webdo.tn\/fr\/actualite\/national-45\/nejib-chebbi-et-beji-caid-essebsi-allies-ou-concurrents\/172343\/#primaryimage"},"thumbnailUrl":"https:\/\/www.webdo.tn\/fr\/wp-content\/uploads\/2011\/12\/Nejib-Chebbi-et-Caid-Essebsi.jpg","datePublished":"2011-12-28T23:42:00+00:00","description":"Nejib Chebbi et Beji Caid Essebsi : alli\u00e9s ou concurrents ?","breadcrumb":{"@id":"https:\/\/www.webdo.tn\/fr\/actualite\/national-45\/nejib-chebbi-et-beji-caid-essebsi-allies-ou-concurrents\/172343\/#breadcrumb"},"inLanguage":"fr-FR","potentialAction":[{"@type":"ReadAction","target":["https:\/\/www.webdo.tn\/fr\/actualite\/national-45\/nejib-chebbi-et-beji-caid-essebsi-allies-ou-concurrents\/172343\/"]}]},{"@type":"ImageObject","inLanguage":"fr-FR","@id":"https:\/\/www.webdo.tn\/fr\/actualite\/national-45\/nejib-chebbi-et-beji-caid-essebsi-allies-ou-concurrents\/172343\/#primaryimage","url":"https:\/\/www.webdo.tn\/fr\/wp-content\/uploads\/2011\/12\/Nejib-Chebbi-et-Caid-Essebsi.jpg","contentUrl":"https:\/\/www.webdo.tn\/fr\/wp-content\/uploads\/2011\/12\/Nejib-Chebbi-et-Caid-Essebsi.jpg","width":306,"height":204,"caption":"Nejib Chebbi et Beji Caid Essebsi : alli\u00e9s ou concurrents ?"},{"@type":"BreadcrumbList","@id":"https:\/\/www.webdo.tn\/fr\/actualite\/national-45\/nejib-chebbi-et-beji-caid-essebsi-allies-ou-concurrents\/172343\/#breadcrumb","itemListElement":[{"@type":"ListItem","position":1,"name":"Accueil","item":"https:\/\/www.webdo.tn\/fr\/"},{"@type":"ListItem","position":2,"name":"Nejib Chebbi et Beji Caid Essebsi : alli\u00e9s ou concurrents ?"}]},{"@type":"WebSite","@id":"https:\/\/www.webdo.tn\/fr\/#website","url":"https:\/\/www.webdo.tn\/fr\/","name":"webdo","description":"Tunisie - News en Tunisie et \u00e0 l&#039;international sur Webdo.tn","publisher":{"@id":"https:\/\/www.webdo.tn\/fr\/#organization"},"potentialAction":[{"@type":"SearchAction","target":{"@type":"EntryPoint","urlTemplate":"https:\/\/www.webdo.tn\/fr\/?s={search_term_string}"},"query-input":{"@type":"PropertyValueSpecification","valueRequired":true,"valueName":"search_term_string"}}],"inLanguage":"fr-FR"},{"@type":"Organization","@id":"https:\/\/www.webdo.tn\/fr\/#organization","name":"Webdo","alternateName":"Webdo.tn","url":"https:\/\/www.webdo.tn\/fr\/","logo":{"@type":"ImageObject","inLanguage":"fr-FR","@id":"https:\/\/www.webdo.tn\/fr\/#\/schema\/logo\/image\/","url":"https:\/\/www.webdo.tn\/fr\/wp-content\/uploads\/2025\/06\/Webdo-Tunisie_168377.jpg","contentUrl":"https:\/\/www.webdo.tn\/fr\/wp-content\/uploads\/2025\/06\/Webdo-Tunisie_168377.jpg","width":301,"height":301,"caption":"Webdo"},"image":{"@id":"https:\/\/www.webdo.tn\/fr\/#\/schema\/logo\/image\/"},"sameAs":["https:\/\/www.facebook.com\/webdotn","https:\/\/x.com\/webdo_tn"],"description":"Webdo est un m\u00e9dia num\u00e9rique tunisien fond\u00e9 en 2010, sp\u00e9cialis\u00e9 dans l\u2019actualit\u00e9 nationale et internationale, l\u2019\u00e9conomie, la soci\u00e9t\u00e9 et les analyses politiques. Le site s\u2019adresse \u00e0 un large public francophone et couvre l\u2019information tunisienne en temps r\u00e9el.","email":"redac@webdo.tn","legalName":"YNJ SARL","foundingDate":"2010-09-06","numberOfEmployees":{"@type":"QuantitativeValue","minValue":"11","maxValue":"50"}},{"@type":"Person","@id":"https:\/\/www.webdo.tn\/fr\/#\/schema\/person\/9a9c6118d687c117df8ef3cc36a4d175","name":"webdo.tn","image":{"@type":"ImageObject","inLanguage":"fr-FR","@id":"https:\/\/secure.gravatar.com\/avatar\/7ce1f28c0c3bbac99ff550b85ef8e44a6950c6ee24514fb6a5489e51d06f0298?s=96&d=mm&r=g","url":"https:\/\/secure.gravatar.com\/avatar\/7ce1f28c0c3bbac99ff550b85ef8e44a6950c6ee24514fb6a5489e51d06f0298?s=96&d=mm&r=g","contentUrl":"https:\/\/secure.gravatar.com\/avatar\/7ce1f28c0c3bbac99ff550b85ef8e44a6950c6ee24514fb6a5489e51d06f0298?s=96&d=mm&r=g","caption":"webdo.tn"},"url":"https:\/\/www.webdo.tn\/fr\/actualite\/author\/webdotn\/"}]}},"_links":{"self":[{"href":"https:\/\/www.webdo.tn\/fr\/wp-json\/wp\/v2\/posts\/172343","targetHints":{"allow":["GET"]}}],"collection":[{"href":"https:\/\/www.webdo.tn\/fr\/wp-json\/wp\/v2\/posts"}],"about":[{"href":"https:\/\/www.webdo.tn\/fr\/wp-json\/wp\/v2\/types\/post"}],"author":[{"embeddable":true,"href":"https:\/\/www.webdo.tn\/fr\/wp-json\/wp\/v2\/users\/3222"}],"replies":[{"embeddable":true,"href":"https:\/\/www.webdo.tn\/fr\/wp-json\/wp\/v2\/comments?post=172343"}],"version-history":[{"count":0,"href":"https:\/\/www.webdo.tn\/fr\/wp-json\/wp\/v2\/posts\/172343\/revisions"}],"wp:featuredmedia":[{"embeddable":true,"href":"https:\/\/www.webdo.tn\/fr\/wp-json\/wp\/v2\/media\/333854"}],"wp:attachment":[{"href":"https:\/\/www.webdo.tn\/fr\/wp-json\/wp\/v2\/media?parent=172343"}],"wp:term":[{"taxonomy":"category","embeddable":true,"href":"https:\/\/www.webdo.tn\/fr\/wp-json\/wp\/v2\/categories?post=172343"},{"taxonomy":"post_tag","embeddable":true,"href":"https:\/\/www.webdo.tn\/fr\/wp-json\/wp\/v2\/tags?post=172343"}],"curies":[{"name":"wp","href":"https:\/\/api.w.org\/{rel}","templated":true}]}}