{"id":172342,"date":"2011-12-29T12:00:00","date_gmt":"2011-12-29T12:00:00","guid":{"rendered":"https:\/\/www.webdo.tn\/fr\/blog\/sit-in-a-la-faculte-de-manouba-le-nouveau-gouvernement-fait-la-sourde-oreille-aux-sollicitations-du-doyen\/172342\/"},"modified":"2011-12-29T12:00:00","modified_gmt":"2011-12-29T12:00:00","slug":"sit-in-a-la-faculte-de-manouba-le-nouveau-gouvernement-fait-la-sourde-oreille-aux-sollicitations-du-doyen","status":"publish","type":"post","link":"https:\/\/www.webdo.tn\/fr\/actualite\/national\/sit-in-a-la-faculte-de-manouba-le-nouveau-gouvernement-fait-la-sourde-oreille-aux-sollicitations-du-doyen\/172342\/","title":{"rendered":"Sit-in \u00e0 la Facult\u00e9 de Manouba: le nouveau gouvernement fait la sourde oreille aux sollicitations du doyen"},"content":{"rendered":"<p>Habib Kazdaghli, le doyen de la facult\u00e9 des lettres de Manouba a envoy\u00e9 mardi 27 d\u00e9cembre 2011 une lettre \u00e0 Ali La\u00e2rayedh, le nouveau ministre de l\u2019Int\u00e9rieur, afin de l\u2019informer de l\u2019occupation des locaux par des sit-ineurs \u00e9trangers \u00e0 la facult\u00e9 depuis le 28 novembre, et de lui demander une intervention visant \u00e0 mettre fin \u00e0 cette situation de blocage. Le m\u00eame jour, le doyen a adress\u00e9 une seconde lettre \u00e0 Moncef Ben Salem, le nouveau ministre de l\u2019Enseignement sup\u00e9rieur, dans laquelle il a sollicit\u00e9 une audience afin de l\u2019informer de la situation d\u00e9gradante qui r\u00e8gne au sein de la facult\u00e9.<\/p>\n<p>Visiblement en choisissant le silence, les deux nouveaux ministres font la sourde oreille et continuent \u00e0 faire comme si de rien n\u2019\u00e9tait. Alors que les des facebookers s\u2019appr\u00eatent \u00e0 se rassembler le 2 janvier 2012 pour d\u00e9gager les sit-ineurs, et que la situation risque de s\u2019envenimer, le syndicat de base des enseignants de la facult\u00e9 de Manouba a convoqu\u00e9 une assembl\u00e9e g\u00e9n\u00e9rale programm\u00e9e pour le vendredi 30 d\u00e9cembre dans le but de r\u00e9fl\u00e9chir aux modalit\u00e9s qui conduiront les autorit\u00e9s \u00e0 trouver une solution \u00e0 cette crise. Il est \u00e0 noter que le syndicat ne s\u2019est jamais r\u00e9uni en p\u00e9riode de vacances. C\u2019est dire la gravit\u00e9 de la situation.<\/p>\n","protected":false},"excerpt":{"rendered":"<p>Sit-in \u00e0 la Facult\u00e9 de Manouba: le nouveau gouvernement fait la sourde oreille aux sollicitations du doyen<\/p>\n","protected":false},"author":3222,"featured_media":374574,"comment_status":"open","ping_status":"closed","sticky":false,"template":"","format":"standard","meta":{"footnotes":""},"categories":[44],"tags":[2600],"class_list":["post-172342","post","type-post","status-publish","format-standard","has-post-thumbnail","hentry","category-national","tag-guerre"],"yoast_head":"<!-- This site is optimized with the Yoast SEO Premium plugin v27.5 (Yoast SEO v27.5) - https:\/\/yoast.com\/product\/yoast-seo-premium-wordpress\/ -->\n<title>Sit-in \u00e0 la Facult\u00e9 de Manouba: le nouveau gouvernement fait la sourde oreille aux sollicitations du doyen<\/title>\n<meta name=\"description\" content=\"Sit-in \u00e0 la Facult\u00e9 de Manouba: le nouveau gouvernement fait la sourde oreille aux sollicitations du doyen\" \/>\n<link rel=\"canonical\" href=\"https:\/\/www.webdo.tn\/fr\/actualite\/national-45\/sit-in-a-la-faculte-de-manouba-le-nouveau-gouvernement-fait-la-sourde-oreille-aux-sollicitations-du-doyen\/172342\/\" \/>\n<meta property=\"og:locale\" content=\"fr_FR\" \/>\n<meta property=\"og:type\" content=\"article\" \/>\n<meta property=\"og:title\" content=\"Sit-in \u00e0 la Facult\u00e9 de Manouba: le nouveau gouvernement fait la sourde oreille aux sollicitations du doyen\" \/>\n<meta property=\"og:description\" content=\"Sit-in \u00e0 la Facult\u00e9 de Manouba: le nouveau gouvernement fait la sourde oreille aux sollicitations du doyen\" \/>\n<meta property=\"og:url\" content=\"https:\/\/www.webdo.tn\/fr\/actualite\/national-45\/sit-in-a-la-faculte-de-manouba-le-nouveau-gouvernement-fait-la-sourde-oreille-aux-sollicitations-du-doyen\/172342\/\" \/>\n<meta property=\"og:site_name\" content=\"webdo\" \/>\n<meta property=\"article:publisher\" content=\"https:\/\/www.facebook.com\/webdotn\" \/>\n<meta property=\"article:published_time\" content=\"2011-12-29T12:00:00+00:00\" \/>\n<meta name=\"author\" content=\"webdo.tn\" \/>\n<meta name=\"twitter:card\" content=\"summary_large_image\" \/>\n<meta name=\"twitter:creator\" content=\"@webdo_tn\" \/>\n<meta name=\"twitter:site\" content=\"@webdo_tn\" \/>\n<meta name=\"twitter:label1\" content=\"\u00c9crit par\" \/>\n\t<meta name=\"twitter:data1\" content=\"webdo.tn\" \/>\n\t<meta name=\"twitter:label2\" content=\"Dur\u00e9e de lecture estim\u00e9e\" \/>\n\t<meta name=\"twitter:data2\" content=\"1 minute\" \/>\n<script type=\"application\/ld+json\" class=\"yoast-schema-graph\">{\"@context\":\"https:\\\/\\\/schema.org\",\"@graph\":[{\"@type\":\"NewsArticle\",\"@id\":\"https:\\\/\\\/www.webdo.tn\\\/fr\\\/actualite\\\/national-45\\\/sit-in-a-la-faculte-de-manouba-le-nouveau-gouvernement-fait-la-sourde-oreille-aux-sollicitations-du-doyen\\\/172342\\\/#article\",\"isPartOf\":{\"@id\":\"https:\\\/\\\/www.webdo.tn\\\/fr\\\/actualite\\\/national-45\\\/sit-in-a-la-faculte-de-manouba-le-nouveau-gouvernement-fait-la-sourde-oreille-aux-sollicitations-du-doyen\\\/172342\\\/\"},\"author\":{\"name\":\"webdo.tn\",\"@id\":\"https:\\\/\\\/www.webdo.tn\\\/fr\\\/#\\\/schema\\\/person\\\/9a9c6118d687c117df8ef3cc36a4d175\"},\"headline\":\"Sit-in \u00e0 la Facult\u00e9 de Manouba: le nouveau gouvernement fait la sourde oreille aux sollicitations du doyen\",\"datePublished\":\"2011-12-29T12:00:00+00:00\",\"mainEntityOfPage\":{\"@id\":\"https:\\\/\\\/www.webdo.tn\\\/fr\\\/actualite\\\/national-45\\\/sit-in-a-la-faculte-de-manouba-le-nouveau-gouvernement-fait-la-sourde-oreille-aux-sollicitations-du-doyen\\\/172342\\\/\"},\"wordCount\":239,\"commentCount\":0,\"publisher\":{\"@id\":\"https:\\\/\\\/www.webdo.tn\\\/fr\\\/#organization\"},\"image\":{\"@id\":\"https:\\\/\\\/www.webdo.tn\\\/fr\\\/actualite\\\/national-45\\\/sit-in-a-la-faculte-de-manouba-le-nouveau-gouvernement-fait-la-sourde-oreille-aux-sollicitations-du-doyen\\\/172342\\\/#primaryimage\"},\"thumbnailUrl\":\"https:\\\/\\\/www.webdo.tn\\\/fr\\\/wp-content\\\/uploads\\\/2025\\\/06\\\/Faculte-des-lettres-des-arts-et-des-humanites-de-la-Manouba-photo-TAP1_172342.jpg\",\"keywords\":[\"guerre\"],\"articleSection\":[\"National\"],\"inLanguage\":\"fr-FR\"},{\"@type\":\"WebPage\",\"@id\":\"https:\\\/\\\/www.webdo.tn\\\/fr\\\/actualite\\\/national-45\\\/sit-in-a-la-faculte-de-manouba-le-nouveau-gouvernement-fait-la-sourde-oreille-aux-sollicitations-du-doyen\\\/172342\\\/\",\"url\":\"https:\\\/\\\/www.webdo.tn\\\/fr\\\/actualite\\\/national-45\\\/sit-in-a-la-faculte-de-manouba-le-nouveau-gouvernement-fait-la-sourde-oreille-aux-sollicitations-du-doyen\\\/172342\\\/\",\"name\":\"Sit-in \u00e0 la Facult\u00e9 de Manouba: le nouveau gouvernement fait la sourde oreille aux sollicitations du doyen\",\"isPartOf\":{\"@id\":\"https:\\\/\\\/www.webdo.tn\\\/fr\\\/#website\"},\"primaryImageOfPage\":{\"@id\":\"https:\\\/\\\/www.webdo.tn\\\/fr\\\/actualite\\\/national-45\\\/sit-in-a-la-faculte-de-manouba-le-nouveau-gouvernement-fait-la-sourde-oreille-aux-sollicitations-du-doyen\\\/172342\\\/#primaryimage\"},\"image\":{\"@id\":\"https:\\\/\\\/www.webdo.tn\\\/fr\\\/actualite\\\/national-45\\\/sit-in-a-la-faculte-de-manouba-le-nouveau-gouvernement-fait-la-sourde-oreille-aux-sollicitations-du-doyen\\\/172342\\\/#primaryimage\"},\"thumbnailUrl\":\"https:\\\/\\\/www.webdo.tn\\\/fr\\\/wp-content\\\/uploads\\\/2025\\\/06\\\/Faculte-des-lettres-des-arts-et-des-humanites-de-la-Manouba-photo-TAP1_172342.jpg\",\"datePublished\":\"2011-12-29T12:00:00+00:00\",\"description\":\"Sit-in \u00e0 la Facult\u00e9 de Manouba: le nouveau gouvernement fait la sourde oreille aux sollicitations du doyen\",\"breadcrumb\":{\"@id\":\"https:\\\/\\\/www.webdo.tn\\\/fr\\\/actualite\\\/national-45\\\/sit-in-a-la-faculte-de-manouba-le-nouveau-gouvernement-fait-la-sourde-oreille-aux-sollicitations-du-doyen\\\/172342\\\/#breadcrumb\"},\"inLanguage\":\"fr-FR\",\"potentialAction\":[{\"@type\":\"ReadAction\",\"target\":[\"https:\\\/\\\/www.webdo.tn\\\/fr\\\/actualite\\\/national-45\\\/sit-in-a-la-faculte-de-manouba-le-nouveau-gouvernement-fait-la-sourde-oreille-aux-sollicitations-du-doyen\\\/172342\\\/\"]}]},{\"@type\":\"ImageObject\",\"inLanguage\":\"fr-FR\",\"@id\":\"https:\\\/\\\/www.webdo.tn\\\/fr\\\/actualite\\\/national-45\\\/sit-in-a-la-faculte-de-manouba-le-nouveau-gouvernement-fait-la-sourde-oreille-aux-sollicitations-du-doyen\\\/172342\\\/#primaryimage\",\"url\":\"https:\\\/\\\/www.webdo.tn\\\/fr\\\/wp-content\\\/uploads\\\/2025\\\/06\\\/Faculte-des-lettres-des-arts-et-des-humanites-de-la-Manouba-photo-TAP1_172342.jpg\",\"contentUrl\":\"https:\\\/\\\/www.webdo.tn\\\/fr\\\/wp-content\\\/uploads\\\/2025\\\/06\\\/Faculte-des-lettres-des-arts-et-des-humanites-de-la-Manouba-photo-TAP1_172342.jpg\",\"width\":334,\"height\":263,\"caption\":\"Sit-in \u00e0 la Facult\u00e9 de Manouba: le nouveau gouvernement fait la sourde oreille aux sollicitations du doyen\"},{\"@type\":\"BreadcrumbList\",\"@id\":\"https:\\\/\\\/www.webdo.tn\\\/fr\\\/actualite\\\/national-45\\\/sit-in-a-la-faculte-de-manouba-le-nouveau-gouvernement-fait-la-sourde-oreille-aux-sollicitations-du-doyen\\\/172342\\\/#breadcrumb\",\"itemListElement\":[{\"@type\":\"ListItem\",\"position\":1,\"name\":\"Accueil\",\"item\":\"https:\\\/\\\/www.webdo.tn\\\/fr\\\/\"},{\"@type\":\"ListItem\",\"position\":2,\"name\":\"Sit-in \u00e0 la Facult\u00e9 de Manouba: le nouveau gouvernement fait la sourde oreille aux sollicitations du doyen\"}]},{\"@type\":\"WebSite\",\"@id\":\"https:\\\/\\\/www.webdo.tn\\\/fr\\\/#website\",\"url\":\"https:\\\/\\\/www.webdo.tn\\\/fr\\\/\",\"name\":\"webdo\",\"description\":\"Tunisie - News en Tunisie et \u00e0 l&#039;international sur Webdo.tn\",\"publisher\":{\"@id\":\"https:\\\/\\\/www.webdo.tn\\\/fr\\\/#organization\"},\"potentialAction\":[{\"@type\":\"SearchAction\",\"target\":{\"@type\":\"EntryPoint\",\"urlTemplate\":\"https:\\\/\\\/www.webdo.tn\\\/fr\\\/?s={search_term_string}\"},\"query-input\":{\"@type\":\"PropertyValueSpecification\",\"valueRequired\":true,\"valueName\":\"search_term_string\"}}],\"inLanguage\":\"fr-FR\"},{\"@type\":\"Organization\",\"@id\":\"https:\\\/\\\/www.webdo.tn\\\/fr\\\/#organization\",\"name\":\"Webdo\",\"alternateName\":\"Webdo.tn\",\"url\":\"https:\\\/\\\/www.webdo.tn\\\/fr\\\/\",\"logo\":{\"@type\":\"ImageObject\",\"inLanguage\":\"fr-FR\",\"@id\":\"https:\\\/\\\/www.webdo.tn\\\/fr\\\/#\\\/schema\\\/logo\\\/image\\\/\",\"url\":\"https:\\\/\\\/www.webdo.tn\\\/fr\\\/wp-content\\\/uploads\\\/2025\\\/06\\\/Webdo-Tunisie_168377.jpg\",\"contentUrl\":\"https:\\\/\\\/www.webdo.tn\\\/fr\\\/wp-content\\\/uploads\\\/2025\\\/06\\\/Webdo-Tunisie_168377.jpg\",\"width\":301,\"height\":301,\"caption\":\"Webdo\"},\"image\":{\"@id\":\"https:\\\/\\\/www.webdo.tn\\\/fr\\\/#\\\/schema\\\/logo\\\/image\\\/\"},\"sameAs\":[\"https:\\\/\\\/www.facebook.com\\\/webdotn\",\"https:\\\/\\\/x.com\\\/webdo_tn\"],\"description\":\"Webdo est un m\u00e9dia num\u00e9rique tunisien fond\u00e9 en 2010, sp\u00e9cialis\u00e9 dans l\u2019actualit\u00e9 nationale et internationale, l\u2019\u00e9conomie, la soci\u00e9t\u00e9 et les analyses politiques. Le site s\u2019adresse \u00e0 un large public francophone et couvre l\u2019information tunisienne en temps r\u00e9el.\",\"email\":\"redac@webdo.tn\",\"legalName\":\"YNJ SARL\",\"foundingDate\":\"2010-09-06\",\"numberOfEmployees\":{\"@type\":\"QuantitativeValue\",\"minValue\":\"11\",\"maxValue\":\"50\"}},{\"@type\":\"Person\",\"@id\":\"https:\\\/\\\/www.webdo.tn\\\/fr\\\/#\\\/schema\\\/person\\\/9a9c6118d687c117df8ef3cc36a4d175\",\"name\":\"webdo.tn\",\"image\":{\"@type\":\"ImageObject\",\"inLanguage\":\"fr-FR\",\"@id\":\"https:\\\/\\\/secure.gravatar.com\\\/avatar\\\/7ce1f28c0c3bbac99ff550b85ef8e44a6950c6ee24514fb6a5489e51d06f0298?s=96&d=mm&r=g\",\"url\":\"https:\\\/\\\/secure.gravatar.com\\\/avatar\\\/7ce1f28c0c3bbac99ff550b85ef8e44a6950c6ee24514fb6a5489e51d06f0298?s=96&d=mm&r=g\",\"contentUrl\":\"https:\\\/\\\/secure.gravatar.com\\\/avatar\\\/7ce1f28c0c3bbac99ff550b85ef8e44a6950c6ee24514fb6a5489e51d06f0298?s=96&d=mm&r=g\",\"caption\":\"webdo.tn\"},\"url\":\"https:\\\/\\\/www.webdo.tn\\\/fr\\\/actualite\\\/author\\\/webdotn\\\/\"}]}<\/script>\n<!-- \/ Yoast SEO Premium plugin. -->","yoast_head_json":{"title":"Sit-in \u00e0 la Facult\u00e9 de Manouba: le nouveau gouvernement fait la sourde oreille aux sollicitations du doyen","description":"Sit-in \u00e0 la Facult\u00e9 de Manouba: le nouveau gouvernement fait la sourde oreille aux sollicitations du doyen","canonical":"https:\/\/www.webdo.tn\/fr\/actualite\/national-45\/sit-in-a-la-faculte-de-manouba-le-nouveau-gouvernement-fait-la-sourde-oreille-aux-sollicitations-du-doyen\/172342\/","og_locale":"fr_FR","og_type":"article","og_title":"Sit-in \u00e0 la Facult\u00e9 de Manouba: le nouveau gouvernement fait la sourde oreille aux sollicitations du doyen","og_description":"Sit-in \u00e0 la Facult\u00e9 de Manouba: le nouveau gouvernement fait la sourde oreille aux sollicitations du doyen","og_url":"https:\/\/www.webdo.tn\/fr\/actualite\/national-45\/sit-in-a-la-faculte-de-manouba-le-nouveau-gouvernement-fait-la-sourde-oreille-aux-sollicitations-du-doyen\/172342\/","og_site_name":"webdo","article_publisher":"https:\/\/www.facebook.com\/webdotn","article_published_time":"2011-12-29T12:00:00+00:00","author":"webdo.tn","twitter_card":"summary_large_image","twitter_creator":"@webdo_tn","twitter_site":"@webdo_tn","twitter_misc":{"\u00c9crit par":"webdo.tn","Dur\u00e9e de lecture estim\u00e9e":"1 minute"},"schema":{"@context":"https:\/\/schema.org","@graph":[{"@type":"NewsArticle","@id":"https:\/\/www.webdo.tn\/fr\/actualite\/national-45\/sit-in-a-la-faculte-de-manouba-le-nouveau-gouvernement-fait-la-sourde-oreille-aux-sollicitations-du-doyen\/172342\/#article","isPartOf":{"@id":"https:\/\/www.webdo.tn\/fr\/actualite\/national-45\/sit-in-a-la-faculte-de-manouba-le-nouveau-gouvernement-fait-la-sourde-oreille-aux-sollicitations-du-doyen\/172342\/"},"author":{"name":"webdo.tn","@id":"https:\/\/www.webdo.tn\/fr\/#\/schema\/person\/9a9c6118d687c117df8ef3cc36a4d175"},"headline":"Sit-in \u00e0 la Facult\u00e9 de Manouba: le nouveau gouvernement fait la sourde oreille aux sollicitations du doyen","datePublished":"2011-12-29T12:00:00+00:00","mainEntityOfPage":{"@id":"https:\/\/www.webdo.tn\/fr\/actualite\/national-45\/sit-in-a-la-faculte-de-manouba-le-nouveau-gouvernement-fait-la-sourde-oreille-aux-sollicitations-du-doyen\/172342\/"},"wordCount":239,"commentCount":0,"publisher":{"@id":"https:\/\/www.webdo.tn\/fr\/#organization"},"image":{"@id":"https:\/\/www.webdo.tn\/fr\/actualite\/national-45\/sit-in-a-la-faculte-de-manouba-le-nouveau-gouvernement-fait-la-sourde-oreille-aux-sollicitations-du-doyen\/172342\/#primaryimage"},"thumbnailUrl":"https:\/\/www.webdo.tn\/fr\/wp-content\/uploads\/2025\/06\/Faculte-des-lettres-des-arts-et-des-humanites-de-la-Manouba-photo-TAP1_172342.jpg","keywords":["guerre"],"articleSection":["National"],"inLanguage":"fr-FR"},{"@type":"WebPage","@id":"https:\/\/www.webdo.tn\/fr\/actualite\/national-45\/sit-in-a-la-faculte-de-manouba-le-nouveau-gouvernement-fait-la-sourde-oreille-aux-sollicitations-du-doyen\/172342\/","url":"https:\/\/www.webdo.tn\/fr\/actualite\/national-45\/sit-in-a-la-faculte-de-manouba-le-nouveau-gouvernement-fait-la-sourde-oreille-aux-sollicitations-du-doyen\/172342\/","name":"Sit-in \u00e0 la Facult\u00e9 de Manouba: le nouveau gouvernement fait la sourde oreille aux sollicitations du doyen","isPartOf":{"@id":"https:\/\/www.webdo.tn\/fr\/#website"},"primaryImageOfPage":{"@id":"https:\/\/www.webdo.tn\/fr\/actualite\/national-45\/sit-in-a-la-faculte-de-manouba-le-nouveau-gouvernement-fait-la-sourde-oreille-aux-sollicitations-du-doyen\/172342\/#primaryimage"},"image":{"@id":"https:\/\/www.webdo.tn\/fr\/actualite\/national-45\/sit-in-a-la-faculte-de-manouba-le-nouveau-gouvernement-fait-la-sourde-oreille-aux-sollicitations-du-doyen\/172342\/#primaryimage"},"thumbnailUrl":"https:\/\/www.webdo.tn\/fr\/wp-content\/uploads\/2025\/06\/Faculte-des-lettres-des-arts-et-des-humanites-de-la-Manouba-photo-TAP1_172342.jpg","datePublished":"2011-12-29T12:00:00+00:00","description":"Sit-in \u00e0 la Facult\u00e9 de Manouba: le nouveau gouvernement fait la sourde oreille aux sollicitations du doyen","breadcrumb":{"@id":"https:\/\/www.webdo.tn\/fr\/actualite\/national-45\/sit-in-a-la-faculte-de-manouba-le-nouveau-gouvernement-fait-la-sourde-oreille-aux-sollicitations-du-doyen\/172342\/#breadcrumb"},"inLanguage":"fr-FR","potentialAction":[{"@type":"ReadAction","target":["https:\/\/www.webdo.tn\/fr\/actualite\/national-45\/sit-in-a-la-faculte-de-manouba-le-nouveau-gouvernement-fait-la-sourde-oreille-aux-sollicitations-du-doyen\/172342\/"]}]},{"@type":"ImageObject","inLanguage":"fr-FR","@id":"https:\/\/www.webdo.tn\/fr\/actualite\/national-45\/sit-in-a-la-faculte-de-manouba-le-nouveau-gouvernement-fait-la-sourde-oreille-aux-sollicitations-du-doyen\/172342\/#primaryimage","url":"https:\/\/www.webdo.tn\/fr\/wp-content\/uploads\/2025\/06\/Faculte-des-lettres-des-arts-et-des-humanites-de-la-Manouba-photo-TAP1_172342.jpg","contentUrl":"https:\/\/www.webdo.tn\/fr\/wp-content\/uploads\/2025\/06\/Faculte-des-lettres-des-arts-et-des-humanites-de-la-Manouba-photo-TAP1_172342.jpg","width":334,"height":263,"caption":"Sit-in \u00e0 la Facult\u00e9 de Manouba: le nouveau gouvernement fait la sourde oreille aux sollicitations du doyen"},{"@type":"BreadcrumbList","@id":"https:\/\/www.webdo.tn\/fr\/actualite\/national-45\/sit-in-a-la-faculte-de-manouba-le-nouveau-gouvernement-fait-la-sourde-oreille-aux-sollicitations-du-doyen\/172342\/#breadcrumb","itemListElement":[{"@type":"ListItem","position":1,"name":"Accueil","item":"https:\/\/www.webdo.tn\/fr\/"},{"@type":"ListItem","position":2,"name":"Sit-in \u00e0 la Facult\u00e9 de Manouba: le nouveau gouvernement fait la sourde oreille aux sollicitations du doyen"}]},{"@type":"WebSite","@id":"https:\/\/www.webdo.tn\/fr\/#website","url":"https:\/\/www.webdo.tn\/fr\/","name":"webdo","description":"Tunisie - News en Tunisie et \u00e0 l&#039;international sur Webdo.tn","publisher":{"@id":"https:\/\/www.webdo.tn\/fr\/#organization"},"potentialAction":[{"@type":"SearchAction","target":{"@type":"EntryPoint","urlTemplate":"https:\/\/www.webdo.tn\/fr\/?s={search_term_string}"},"query-input":{"@type":"PropertyValueSpecification","valueRequired":true,"valueName":"search_term_string"}}],"inLanguage":"fr-FR"},{"@type":"Organization","@id":"https:\/\/www.webdo.tn\/fr\/#organization","name":"Webdo","alternateName":"Webdo.tn","url":"https:\/\/www.webdo.tn\/fr\/","logo":{"@type":"ImageObject","inLanguage":"fr-FR","@id":"https:\/\/www.webdo.tn\/fr\/#\/schema\/logo\/image\/","url":"https:\/\/www.webdo.tn\/fr\/wp-content\/uploads\/2025\/06\/Webdo-Tunisie_168377.jpg","contentUrl":"https:\/\/www.webdo.tn\/fr\/wp-content\/uploads\/2025\/06\/Webdo-Tunisie_168377.jpg","width":301,"height":301,"caption":"Webdo"},"image":{"@id":"https:\/\/www.webdo.tn\/fr\/#\/schema\/logo\/image\/"},"sameAs":["https:\/\/www.facebook.com\/webdotn","https:\/\/x.com\/webdo_tn"],"description":"Webdo est un m\u00e9dia num\u00e9rique tunisien fond\u00e9 en 2010, sp\u00e9cialis\u00e9 dans l\u2019actualit\u00e9 nationale et internationale, l\u2019\u00e9conomie, la soci\u00e9t\u00e9 et les analyses politiques. Le site s\u2019adresse \u00e0 un large public francophone et couvre l\u2019information tunisienne en temps r\u00e9el.","email":"redac@webdo.tn","legalName":"YNJ SARL","foundingDate":"2010-09-06","numberOfEmployees":{"@type":"QuantitativeValue","minValue":"11","maxValue":"50"}},{"@type":"Person","@id":"https:\/\/www.webdo.tn\/fr\/#\/schema\/person\/9a9c6118d687c117df8ef3cc36a4d175","name":"webdo.tn","image":{"@type":"ImageObject","inLanguage":"fr-FR","@id":"https:\/\/secure.gravatar.com\/avatar\/7ce1f28c0c3bbac99ff550b85ef8e44a6950c6ee24514fb6a5489e51d06f0298?s=96&d=mm&r=g","url":"https:\/\/secure.gravatar.com\/avatar\/7ce1f28c0c3bbac99ff550b85ef8e44a6950c6ee24514fb6a5489e51d06f0298?s=96&d=mm&r=g","contentUrl":"https:\/\/secure.gravatar.com\/avatar\/7ce1f28c0c3bbac99ff550b85ef8e44a6950c6ee24514fb6a5489e51d06f0298?s=96&d=mm&r=g","caption":"webdo.tn"},"url":"https:\/\/www.webdo.tn\/fr\/actualite\/author\/webdotn\/"}]}},"_links":{"self":[{"href":"https:\/\/www.webdo.tn\/fr\/wp-json\/wp\/v2\/posts\/172342","targetHints":{"allow":["GET"]}}],"collection":[{"href":"https:\/\/www.webdo.tn\/fr\/wp-json\/wp\/v2\/posts"}],"about":[{"href":"https:\/\/www.webdo.tn\/fr\/wp-json\/wp\/v2\/types\/post"}],"author":[{"embeddable":true,"href":"https:\/\/www.webdo.tn\/fr\/wp-json\/wp\/v2\/users\/3222"}],"replies":[{"embeddable":true,"href":"https:\/\/www.webdo.tn\/fr\/wp-json\/wp\/v2\/comments?post=172342"}],"version-history":[{"count":0,"href":"https:\/\/www.webdo.tn\/fr\/wp-json\/wp\/v2\/posts\/172342\/revisions"}],"wp:featuredmedia":[{"embeddable":true,"href":"https:\/\/www.webdo.tn\/fr\/wp-json\/wp\/v2\/media\/374574"}],"wp:attachment":[{"href":"https:\/\/www.webdo.tn\/fr\/wp-json\/wp\/v2\/media?parent=172342"}],"wp:term":[{"taxonomy":"category","embeddable":true,"href":"https:\/\/www.webdo.tn\/fr\/wp-json\/wp\/v2\/categories?post=172342"},{"taxonomy":"post_tag","embeddable":true,"href":"https:\/\/www.webdo.tn\/fr\/wp-json\/wp\/v2\/tags?post=172342"}],"curies":[{"name":"wp","href":"https:\/\/api.w.org\/{rel}","templated":true}]}}