{"id":172341,"date":"2011-12-29T16:01:00","date_gmt":"2011-12-29T16:01:00","guid":{"rendered":"https:\/\/www.webdo.tn\/fr\/blog\/assemblee-constituante-trois-grevistes-de-la-faim-dont-un-qui-s-est-carrement-cousu-la-bouche\/172341\/"},"modified":"2011-12-29T16:01:00","modified_gmt":"2011-12-29T16:01:00","slug":"assemblee-constituante-trois-grevistes-de-la-faim-dont-un-qui-s-est-carrement-cousu-la-bouche","status":"publish","type":"post","link":"https:\/\/www.webdo.tn\/fr\/actualite\/national\/assemblee-constituante-trois-grevistes-de-la-faim-dont-un-qui-s-est-carrement-cousu-la-bouche\/172341\/","title":{"rendered":"Assembl\u00e9e Constituante : quatre gr\u00e9vistes de la faim dont un qui s\u2019est carr\u00e9ment cousu la bouche"},"content":{"rendered":"<p>Des jeunes sitinneurs du bassin minier ont p\u00e9n\u00e9tr\u00e9, aujourd&rsquo;hui selon Mosa\u00efque FM, dans l\u2019enceinte du si\u00e8ge de l&rsquo;Assembl\u00e9e Constituante.<\/p>\n<p>Parmi ces jeunes ch\u00f4meurs, quatre ont d\u00e9j\u00e0 entam\u00e9 une gr\u00e8ve de la faim depuis quelques jours dont un s\u2019est carr\u00e9ment cousu la bouche. Appel\u00e9 par ces sitinneurs, l&rsquo;\u00e9lu d&rsquo;Al Aridha, Brahim Kassas, a tent\u00e9 de convaincre ce dernier de d\u00e9coudre sa bouche, mais sans succ\u00e8s.<\/p>\n<p>M. Kassas, interrog\u00e9 par la radio priv\u00e9e, a indiqu\u00e9 qu&rsquo;il a demand\u00e9 \u00e0 ce que le Pr\u00e9sident de l&rsquo;Assembl\u00e9e ou la vice-Pr\u00e9sidente rencontrent ces sitinneurs pour essayer de trouver des solutions \u00e0 leurs probl\u00e8mes, qui durent depuis beaucoup trop d&rsquo;ann\u00e9es.<\/p>\n<p>Un geste de r\u00e9volte\u00a0et de\u00a0d\u00e9sespoir loin d&rsquo;un acte suicidaire comme l&rsquo;immolation, pourtant plus difficile \u00e0 accomplir.<\/p>\n","protected":false},"excerpt":{"rendered":"<p>Assembl\u00e9e Constituante : quatre gr\u00e9vistes de la faim dont un qui s\u2019est carr\u00e9ment cousu la bouche<\/p>\n","protected":false},"author":3222,"featured_media":333855,"comment_status":"open","ping_status":"closed","sticky":false,"template":"","format":"standard","meta":{"footnotes":""},"categories":[44],"tags":[2600],"class_list":["post-172341","post","type-post","status-publish","format-standard","has-post-thumbnail","hentry","category-national","tag-guerre"],"yoast_head":"<!-- This site is optimized with the Yoast SEO Premium plugin v27.5 (Yoast SEO v27.5) - https:\/\/yoast.com\/product\/yoast-seo-premium-wordpress\/ -->\n<title>Assembl\u00e9e Constituante : quatre gr\u00e9vistes de la faim dont un qui s\u2019est carr\u00e9ment cousu la bouche<\/title>\n<meta name=\"description\" content=\"Assembl\u00e9e Constituante : quatre gr\u00e9vistes de la faim dont un qui s\u2019est carr\u00e9ment cousu la bouche\" \/>\n<link rel=\"canonical\" href=\"https:\/\/www.webdo.tn\/fr\/actualite\/national-45\/assemblee-constituante-trois-grevistes-de-la-faim-dont-un-qui-s-est-carrement-cousu-la-bouche\/172341\/\" \/>\n<meta property=\"og:locale\" content=\"fr_FR\" \/>\n<meta property=\"og:type\" content=\"article\" \/>\n<meta property=\"og:title\" content=\"Assembl\u00e9e Constituante : quatre gr\u00e9vistes de la faim dont un qui s\u2019est carr\u00e9ment cousu la bouche\" \/>\n<meta property=\"og:description\" content=\"Assembl\u00e9e Constituante : quatre gr\u00e9vistes de la faim dont un qui s\u2019est carr\u00e9ment cousu la bouche\" \/>\n<meta property=\"og:url\" content=\"https:\/\/www.webdo.tn\/fr\/actualite\/national-45\/assemblee-constituante-trois-grevistes-de-la-faim-dont-un-qui-s-est-carrement-cousu-la-bouche\/172341\/\" \/>\n<meta property=\"og:site_name\" content=\"webdo\" \/>\n<meta property=\"article:publisher\" content=\"https:\/\/www.facebook.com\/webdotn\" \/>\n<meta property=\"article:published_time\" content=\"2011-12-29T16:01:00+00:00\" \/>\n<meta property=\"og:image\" content=\"https:\/\/www.webdo.tn\/fr\/wp-content\/uploads\/2011\/12\/Bouche-Cousue-photo-graffitinumerique.com_2.jpg\" \/>\n\t<meta property=\"og:image:width\" content=\"178\" \/>\n\t<meta property=\"og:image:height\" content=\"244\" \/>\n\t<meta property=\"og:image:type\" content=\"image\/jpeg\" \/>\n<meta name=\"author\" content=\"webdo.tn\" \/>\n<meta name=\"twitter:card\" content=\"summary_large_image\" \/>\n<meta name=\"twitter:creator\" content=\"@webdo_tn\" \/>\n<meta name=\"twitter:site\" content=\"@webdo_tn\" \/>\n<meta name=\"twitter:label1\" content=\"\u00c9crit par\" \/>\n\t<meta name=\"twitter:data1\" content=\"webdo.tn\" \/>\n\t<meta name=\"twitter:label2\" content=\"Dur\u00e9e de lecture estim\u00e9e\" \/>\n\t<meta name=\"twitter:data2\" content=\"1 minute\" \/>\n<script type=\"application\/ld+json\" class=\"yoast-schema-graph\">{\"@context\":\"https:\\\/\\\/schema.org\",\"@graph\":[{\"@type\":\"NewsArticle\",\"@id\":\"https:\\\/\\\/www.webdo.tn\\\/fr\\\/actualite\\\/national-45\\\/assemblee-constituante-trois-grevistes-de-la-faim-dont-un-qui-s-est-carrement-cousu-la-bouche\\\/172341\\\/#article\",\"isPartOf\":{\"@id\":\"https:\\\/\\\/www.webdo.tn\\\/fr\\\/actualite\\\/national-45\\\/assemblee-constituante-trois-grevistes-de-la-faim-dont-un-qui-s-est-carrement-cousu-la-bouche\\\/172341\\\/\"},\"author\":{\"name\":\"webdo.tn\",\"@id\":\"https:\\\/\\\/www.webdo.tn\\\/fr\\\/#\\\/schema\\\/person\\\/9a9c6118d687c117df8ef3cc36a4d175\"},\"headline\":\"Assembl\u00e9e Constituante : quatre gr\u00e9vistes de la faim dont un qui s\u2019est carr\u00e9ment cousu la bouche\",\"datePublished\":\"2011-12-29T16:01:00+00:00\",\"mainEntityOfPage\":{\"@id\":\"https:\\\/\\\/www.webdo.tn\\\/fr\\\/actualite\\\/national-45\\\/assemblee-constituante-trois-grevistes-de-la-faim-dont-un-qui-s-est-carrement-cousu-la-bouche\\\/172341\\\/\"},\"wordCount\":168,\"commentCount\":0,\"publisher\":{\"@id\":\"https:\\\/\\\/www.webdo.tn\\\/fr\\\/#organization\"},\"image\":{\"@id\":\"https:\\\/\\\/www.webdo.tn\\\/fr\\\/actualite\\\/national-45\\\/assemblee-constituante-trois-grevistes-de-la-faim-dont-un-qui-s-est-carrement-cousu-la-bouche\\\/172341\\\/#primaryimage\"},\"thumbnailUrl\":\"https:\\\/\\\/www.webdo.tn\\\/fr\\\/wp-content\\\/uploads\\\/2011\\\/12\\\/Bouche-Cousue-photo-graffitinumerique.com_2.jpg\",\"keywords\":[\"guerre\"],\"articleSection\":[\"National\"],\"inLanguage\":\"fr-FR\"},{\"@type\":\"WebPage\",\"@id\":\"https:\\\/\\\/www.webdo.tn\\\/fr\\\/actualite\\\/national-45\\\/assemblee-constituante-trois-grevistes-de-la-faim-dont-un-qui-s-est-carrement-cousu-la-bouche\\\/172341\\\/\",\"url\":\"https:\\\/\\\/www.webdo.tn\\\/fr\\\/actualite\\\/national-45\\\/assemblee-constituante-trois-grevistes-de-la-faim-dont-un-qui-s-est-carrement-cousu-la-bouche\\\/172341\\\/\",\"name\":\"Assembl\u00e9e Constituante : quatre gr\u00e9vistes de la faim dont un qui s\u2019est carr\u00e9ment cousu la bouche\",\"isPartOf\":{\"@id\":\"https:\\\/\\\/www.webdo.tn\\\/fr\\\/#website\"},\"primaryImageOfPage\":{\"@id\":\"https:\\\/\\\/www.webdo.tn\\\/fr\\\/actualite\\\/national-45\\\/assemblee-constituante-trois-grevistes-de-la-faim-dont-un-qui-s-est-carrement-cousu-la-bouche\\\/172341\\\/#primaryimage\"},\"image\":{\"@id\":\"https:\\\/\\\/www.webdo.tn\\\/fr\\\/actualite\\\/national-45\\\/assemblee-constituante-trois-grevistes-de-la-faim-dont-un-qui-s-est-carrement-cousu-la-bouche\\\/172341\\\/#primaryimage\"},\"thumbnailUrl\":\"https:\\\/\\\/www.webdo.tn\\\/fr\\\/wp-content\\\/uploads\\\/2011\\\/12\\\/Bouche-Cousue-photo-graffitinumerique.com_2.jpg\",\"datePublished\":\"2011-12-29T16:01:00+00:00\",\"description\":\"Assembl\u00e9e Constituante : quatre gr\u00e9vistes de la faim dont un qui s\u2019est carr\u00e9ment cousu la bouche\",\"breadcrumb\":{\"@id\":\"https:\\\/\\\/www.webdo.tn\\\/fr\\\/actualite\\\/national-45\\\/assemblee-constituante-trois-grevistes-de-la-faim-dont-un-qui-s-est-carrement-cousu-la-bouche\\\/172341\\\/#breadcrumb\"},\"inLanguage\":\"fr-FR\",\"potentialAction\":[{\"@type\":\"ReadAction\",\"target\":[\"https:\\\/\\\/www.webdo.tn\\\/fr\\\/actualite\\\/national-45\\\/assemblee-constituante-trois-grevistes-de-la-faim-dont-un-qui-s-est-carrement-cousu-la-bouche\\\/172341\\\/\"]}]},{\"@type\":\"ImageObject\",\"inLanguage\":\"fr-FR\",\"@id\":\"https:\\\/\\\/www.webdo.tn\\\/fr\\\/actualite\\\/national-45\\\/assemblee-constituante-trois-grevistes-de-la-faim-dont-un-qui-s-est-carrement-cousu-la-bouche\\\/172341\\\/#primaryimage\",\"url\":\"https:\\\/\\\/www.webdo.tn\\\/fr\\\/wp-content\\\/uploads\\\/2011\\\/12\\\/Bouche-Cousue-photo-graffitinumerique.com_2.jpg\",\"contentUrl\":\"https:\\\/\\\/www.webdo.tn\\\/fr\\\/wp-content\\\/uploads\\\/2011\\\/12\\\/Bouche-Cousue-photo-graffitinumerique.com_2.jpg\",\"width\":178,\"height\":244,\"caption\":\"Assembl\u00e9e Constituante : quatre gr\u00e9vistes de la faim dont un qui s\u2019est carr\u00e9ment cousu la bouche\"},{\"@type\":\"BreadcrumbList\",\"@id\":\"https:\\\/\\\/www.webdo.tn\\\/fr\\\/actualite\\\/national-45\\\/assemblee-constituante-trois-grevistes-de-la-faim-dont-un-qui-s-est-carrement-cousu-la-bouche\\\/172341\\\/#breadcrumb\",\"itemListElement\":[{\"@type\":\"ListItem\",\"position\":1,\"name\":\"Accueil\",\"item\":\"https:\\\/\\\/www.webdo.tn\\\/fr\\\/\"},{\"@type\":\"ListItem\",\"position\":2,\"name\":\"Assembl\u00e9e Constituante : quatre gr\u00e9vistes de la faim dont un qui s\u2019est carr\u00e9ment cousu la bouche\"}]},{\"@type\":\"WebSite\",\"@id\":\"https:\\\/\\\/www.webdo.tn\\\/fr\\\/#website\",\"url\":\"https:\\\/\\\/www.webdo.tn\\\/fr\\\/\",\"name\":\"webdo\",\"description\":\"Tunisie - News en Tunisie et \u00e0 l&#039;international sur Webdo.tn\",\"publisher\":{\"@id\":\"https:\\\/\\\/www.webdo.tn\\\/fr\\\/#organization\"},\"potentialAction\":[{\"@type\":\"SearchAction\",\"target\":{\"@type\":\"EntryPoint\",\"urlTemplate\":\"https:\\\/\\\/www.webdo.tn\\\/fr\\\/?s={search_term_string}\"},\"query-input\":{\"@type\":\"PropertyValueSpecification\",\"valueRequired\":true,\"valueName\":\"search_term_string\"}}],\"inLanguage\":\"fr-FR\"},{\"@type\":\"Organization\",\"@id\":\"https:\\\/\\\/www.webdo.tn\\\/fr\\\/#organization\",\"name\":\"Webdo\",\"alternateName\":\"Webdo.tn\",\"url\":\"https:\\\/\\\/www.webdo.tn\\\/fr\\\/\",\"logo\":{\"@type\":\"ImageObject\",\"inLanguage\":\"fr-FR\",\"@id\":\"https:\\\/\\\/www.webdo.tn\\\/fr\\\/#\\\/schema\\\/logo\\\/image\\\/\",\"url\":\"https:\\\/\\\/www.webdo.tn\\\/fr\\\/wp-content\\\/uploads\\\/2025\\\/06\\\/Webdo-Tunisie_168377.jpg\",\"contentUrl\":\"https:\\\/\\\/www.webdo.tn\\\/fr\\\/wp-content\\\/uploads\\\/2025\\\/06\\\/Webdo-Tunisie_168377.jpg\",\"width\":301,\"height\":301,\"caption\":\"Webdo\"},\"image\":{\"@id\":\"https:\\\/\\\/www.webdo.tn\\\/fr\\\/#\\\/schema\\\/logo\\\/image\\\/\"},\"sameAs\":[\"https:\\\/\\\/www.facebook.com\\\/webdotn\",\"https:\\\/\\\/x.com\\\/webdo_tn\"],\"description\":\"Webdo est un m\u00e9dia num\u00e9rique tunisien fond\u00e9 en 2010, sp\u00e9cialis\u00e9 dans l\u2019actualit\u00e9 nationale et internationale, l\u2019\u00e9conomie, la soci\u00e9t\u00e9 et les analyses politiques. Le site s\u2019adresse \u00e0 un large public francophone et couvre l\u2019information tunisienne en temps r\u00e9el.\",\"email\":\"redac@webdo.tn\",\"legalName\":\"YNJ SARL\",\"foundingDate\":\"2010-09-06\",\"numberOfEmployees\":{\"@type\":\"QuantitativeValue\",\"minValue\":\"11\",\"maxValue\":\"50\"}},{\"@type\":\"Person\",\"@id\":\"https:\\\/\\\/www.webdo.tn\\\/fr\\\/#\\\/schema\\\/person\\\/9a9c6118d687c117df8ef3cc36a4d175\",\"name\":\"webdo.tn\",\"image\":{\"@type\":\"ImageObject\",\"inLanguage\":\"fr-FR\",\"@id\":\"https:\\\/\\\/secure.gravatar.com\\\/avatar\\\/7ce1f28c0c3bbac99ff550b85ef8e44a6950c6ee24514fb6a5489e51d06f0298?s=96&d=mm&r=g\",\"url\":\"https:\\\/\\\/secure.gravatar.com\\\/avatar\\\/7ce1f28c0c3bbac99ff550b85ef8e44a6950c6ee24514fb6a5489e51d06f0298?s=96&d=mm&r=g\",\"contentUrl\":\"https:\\\/\\\/secure.gravatar.com\\\/avatar\\\/7ce1f28c0c3bbac99ff550b85ef8e44a6950c6ee24514fb6a5489e51d06f0298?s=96&d=mm&r=g\",\"caption\":\"webdo.tn\"},\"url\":\"https:\\\/\\\/www.webdo.tn\\\/fr\\\/actualite\\\/author\\\/webdotn\\\/\"}]}<\/script>\n<!-- \/ Yoast SEO Premium plugin. -->","yoast_head_json":{"title":"Assembl\u00e9e Constituante : quatre gr\u00e9vistes de la faim dont un qui s\u2019est carr\u00e9ment cousu la bouche","description":"Assembl\u00e9e Constituante : quatre gr\u00e9vistes de la faim dont un qui s\u2019est carr\u00e9ment cousu la bouche","canonical":"https:\/\/www.webdo.tn\/fr\/actualite\/national-45\/assemblee-constituante-trois-grevistes-de-la-faim-dont-un-qui-s-est-carrement-cousu-la-bouche\/172341\/","og_locale":"fr_FR","og_type":"article","og_title":"Assembl\u00e9e Constituante : quatre gr\u00e9vistes de la faim dont un qui s\u2019est carr\u00e9ment cousu la bouche","og_description":"Assembl\u00e9e Constituante : quatre gr\u00e9vistes de la faim dont un qui s\u2019est carr\u00e9ment cousu la bouche","og_url":"https:\/\/www.webdo.tn\/fr\/actualite\/national-45\/assemblee-constituante-trois-grevistes-de-la-faim-dont-un-qui-s-est-carrement-cousu-la-bouche\/172341\/","og_site_name":"webdo","article_publisher":"https:\/\/www.facebook.com\/webdotn","article_published_time":"2011-12-29T16:01:00+00:00","og_image":[{"width":178,"height":244,"url":"https:\/\/www.webdo.tn\/fr\/wp-content\/uploads\/2011\/12\/Bouche-Cousue-photo-graffitinumerique.com_2.jpg","type":"image\/jpeg"}],"author":"webdo.tn","twitter_card":"summary_large_image","twitter_creator":"@webdo_tn","twitter_site":"@webdo_tn","twitter_misc":{"\u00c9crit par":"webdo.tn","Dur\u00e9e de lecture estim\u00e9e":"1 minute"},"schema":{"@context":"https:\/\/schema.org","@graph":[{"@type":"NewsArticle","@id":"https:\/\/www.webdo.tn\/fr\/actualite\/national-45\/assemblee-constituante-trois-grevistes-de-la-faim-dont-un-qui-s-est-carrement-cousu-la-bouche\/172341\/#article","isPartOf":{"@id":"https:\/\/www.webdo.tn\/fr\/actualite\/national-45\/assemblee-constituante-trois-grevistes-de-la-faim-dont-un-qui-s-est-carrement-cousu-la-bouche\/172341\/"},"author":{"name":"webdo.tn","@id":"https:\/\/www.webdo.tn\/fr\/#\/schema\/person\/9a9c6118d687c117df8ef3cc36a4d175"},"headline":"Assembl\u00e9e Constituante : quatre gr\u00e9vistes de la faim dont un qui s\u2019est carr\u00e9ment cousu la bouche","datePublished":"2011-12-29T16:01:00+00:00","mainEntityOfPage":{"@id":"https:\/\/www.webdo.tn\/fr\/actualite\/national-45\/assemblee-constituante-trois-grevistes-de-la-faim-dont-un-qui-s-est-carrement-cousu-la-bouche\/172341\/"},"wordCount":168,"commentCount":0,"publisher":{"@id":"https:\/\/www.webdo.tn\/fr\/#organization"},"image":{"@id":"https:\/\/www.webdo.tn\/fr\/actualite\/national-45\/assemblee-constituante-trois-grevistes-de-la-faim-dont-un-qui-s-est-carrement-cousu-la-bouche\/172341\/#primaryimage"},"thumbnailUrl":"https:\/\/www.webdo.tn\/fr\/wp-content\/uploads\/2011\/12\/Bouche-Cousue-photo-graffitinumerique.com_2.jpg","keywords":["guerre"],"articleSection":["National"],"inLanguage":"fr-FR"},{"@type":"WebPage","@id":"https:\/\/www.webdo.tn\/fr\/actualite\/national-45\/assemblee-constituante-trois-grevistes-de-la-faim-dont-un-qui-s-est-carrement-cousu-la-bouche\/172341\/","url":"https:\/\/www.webdo.tn\/fr\/actualite\/national-45\/assemblee-constituante-trois-grevistes-de-la-faim-dont-un-qui-s-est-carrement-cousu-la-bouche\/172341\/","name":"Assembl\u00e9e Constituante : quatre gr\u00e9vistes de la faim dont un qui s\u2019est carr\u00e9ment cousu la bouche","isPartOf":{"@id":"https:\/\/www.webdo.tn\/fr\/#website"},"primaryImageOfPage":{"@id":"https:\/\/www.webdo.tn\/fr\/actualite\/national-45\/assemblee-constituante-trois-grevistes-de-la-faim-dont-un-qui-s-est-carrement-cousu-la-bouche\/172341\/#primaryimage"},"image":{"@id":"https:\/\/www.webdo.tn\/fr\/actualite\/national-45\/assemblee-constituante-trois-grevistes-de-la-faim-dont-un-qui-s-est-carrement-cousu-la-bouche\/172341\/#primaryimage"},"thumbnailUrl":"https:\/\/www.webdo.tn\/fr\/wp-content\/uploads\/2011\/12\/Bouche-Cousue-photo-graffitinumerique.com_2.jpg","datePublished":"2011-12-29T16:01:00+00:00","description":"Assembl\u00e9e Constituante : quatre gr\u00e9vistes de la faim dont un qui s\u2019est carr\u00e9ment cousu la bouche","breadcrumb":{"@id":"https:\/\/www.webdo.tn\/fr\/actualite\/national-45\/assemblee-constituante-trois-grevistes-de-la-faim-dont-un-qui-s-est-carrement-cousu-la-bouche\/172341\/#breadcrumb"},"inLanguage":"fr-FR","potentialAction":[{"@type":"ReadAction","target":["https:\/\/www.webdo.tn\/fr\/actualite\/national-45\/assemblee-constituante-trois-grevistes-de-la-faim-dont-un-qui-s-est-carrement-cousu-la-bouche\/172341\/"]}]},{"@type":"ImageObject","inLanguage":"fr-FR","@id":"https:\/\/www.webdo.tn\/fr\/actualite\/national-45\/assemblee-constituante-trois-grevistes-de-la-faim-dont-un-qui-s-est-carrement-cousu-la-bouche\/172341\/#primaryimage","url":"https:\/\/www.webdo.tn\/fr\/wp-content\/uploads\/2011\/12\/Bouche-Cousue-photo-graffitinumerique.com_2.jpg","contentUrl":"https:\/\/www.webdo.tn\/fr\/wp-content\/uploads\/2011\/12\/Bouche-Cousue-photo-graffitinumerique.com_2.jpg","width":178,"height":244,"caption":"Assembl\u00e9e Constituante : quatre gr\u00e9vistes de la faim dont un qui s\u2019est carr\u00e9ment cousu la bouche"},{"@type":"BreadcrumbList","@id":"https:\/\/www.webdo.tn\/fr\/actualite\/national-45\/assemblee-constituante-trois-grevistes-de-la-faim-dont-un-qui-s-est-carrement-cousu-la-bouche\/172341\/#breadcrumb","itemListElement":[{"@type":"ListItem","position":1,"name":"Accueil","item":"https:\/\/www.webdo.tn\/fr\/"},{"@type":"ListItem","position":2,"name":"Assembl\u00e9e Constituante : quatre gr\u00e9vistes de la faim dont un qui s\u2019est carr\u00e9ment cousu la bouche"}]},{"@type":"WebSite","@id":"https:\/\/www.webdo.tn\/fr\/#website","url":"https:\/\/www.webdo.tn\/fr\/","name":"webdo","description":"Tunisie - News en Tunisie et \u00e0 l&#039;international sur Webdo.tn","publisher":{"@id":"https:\/\/www.webdo.tn\/fr\/#organization"},"potentialAction":[{"@type":"SearchAction","target":{"@type":"EntryPoint","urlTemplate":"https:\/\/www.webdo.tn\/fr\/?s={search_term_string}"},"query-input":{"@type":"PropertyValueSpecification","valueRequired":true,"valueName":"search_term_string"}}],"inLanguage":"fr-FR"},{"@type":"Organization","@id":"https:\/\/www.webdo.tn\/fr\/#organization","name":"Webdo","alternateName":"Webdo.tn","url":"https:\/\/www.webdo.tn\/fr\/","logo":{"@type":"ImageObject","inLanguage":"fr-FR","@id":"https:\/\/www.webdo.tn\/fr\/#\/schema\/logo\/image\/","url":"https:\/\/www.webdo.tn\/fr\/wp-content\/uploads\/2025\/06\/Webdo-Tunisie_168377.jpg","contentUrl":"https:\/\/www.webdo.tn\/fr\/wp-content\/uploads\/2025\/06\/Webdo-Tunisie_168377.jpg","width":301,"height":301,"caption":"Webdo"},"image":{"@id":"https:\/\/www.webdo.tn\/fr\/#\/schema\/logo\/image\/"},"sameAs":["https:\/\/www.facebook.com\/webdotn","https:\/\/x.com\/webdo_tn"],"description":"Webdo est un m\u00e9dia num\u00e9rique tunisien fond\u00e9 en 2010, sp\u00e9cialis\u00e9 dans l\u2019actualit\u00e9 nationale et internationale, l\u2019\u00e9conomie, la soci\u00e9t\u00e9 et les analyses politiques. Le site s\u2019adresse \u00e0 un large public francophone et couvre l\u2019information tunisienne en temps r\u00e9el.","email":"redac@webdo.tn","legalName":"YNJ SARL","foundingDate":"2010-09-06","numberOfEmployees":{"@type":"QuantitativeValue","minValue":"11","maxValue":"50"}},{"@type":"Person","@id":"https:\/\/www.webdo.tn\/fr\/#\/schema\/person\/9a9c6118d687c117df8ef3cc36a4d175","name":"webdo.tn","image":{"@type":"ImageObject","inLanguage":"fr-FR","@id":"https:\/\/secure.gravatar.com\/avatar\/7ce1f28c0c3bbac99ff550b85ef8e44a6950c6ee24514fb6a5489e51d06f0298?s=96&d=mm&r=g","url":"https:\/\/secure.gravatar.com\/avatar\/7ce1f28c0c3bbac99ff550b85ef8e44a6950c6ee24514fb6a5489e51d06f0298?s=96&d=mm&r=g","contentUrl":"https:\/\/secure.gravatar.com\/avatar\/7ce1f28c0c3bbac99ff550b85ef8e44a6950c6ee24514fb6a5489e51d06f0298?s=96&d=mm&r=g","caption":"webdo.tn"},"url":"https:\/\/www.webdo.tn\/fr\/actualite\/author\/webdotn\/"}]}},"_links":{"self":[{"href":"https:\/\/www.webdo.tn\/fr\/wp-json\/wp\/v2\/posts\/172341","targetHints":{"allow":["GET"]}}],"collection":[{"href":"https:\/\/www.webdo.tn\/fr\/wp-json\/wp\/v2\/posts"}],"about":[{"href":"https:\/\/www.webdo.tn\/fr\/wp-json\/wp\/v2\/types\/post"}],"author":[{"embeddable":true,"href":"https:\/\/www.webdo.tn\/fr\/wp-json\/wp\/v2\/users\/3222"}],"replies":[{"embeddable":true,"href":"https:\/\/www.webdo.tn\/fr\/wp-json\/wp\/v2\/comments?post=172341"}],"version-history":[{"count":0,"href":"https:\/\/www.webdo.tn\/fr\/wp-json\/wp\/v2\/posts\/172341\/revisions"}],"wp:featuredmedia":[{"embeddable":true,"href":"https:\/\/www.webdo.tn\/fr\/wp-json\/wp\/v2\/media\/333855"}],"wp:attachment":[{"href":"https:\/\/www.webdo.tn\/fr\/wp-json\/wp\/v2\/media?parent=172341"}],"wp:term":[{"taxonomy":"category","embeddable":true,"href":"https:\/\/www.webdo.tn\/fr\/wp-json\/wp\/v2\/categories?post=172341"},{"taxonomy":"post_tag","embeddable":true,"href":"https:\/\/www.webdo.tn\/fr\/wp-json\/wp\/v2\/tags?post=172341"}],"curies":[{"name":"wp","href":"https:\/\/api.w.org\/{rel}","templated":true}]}}