{"id":172340,"date":"2011-12-29T16:02:00","date_gmt":"2011-12-29T16:02:00","guid":{"rendered":"https:\/\/www.webdo.tn\/fr\/blog\/demain-manifestation-contre-les-braconniers-qataris-devant-leur-ambassade\/172340\/"},"modified":"2011-12-29T16:02:00","modified_gmt":"2011-12-29T16:02:00","slug":"demain-manifestation-contre-les-braconniers-qataris-devant-leur-ambassade","status":"publish","type":"post","link":"https:\/\/www.webdo.tn\/fr\/actualite\/national\/demain-manifestation-contre-les-braconniers-qataris-devant-leur-ambassade\/172340\/","title":{"rendered":"Demain, manifestation contre les braconniers qataris devant leur ambassade"},"content":{"rendered":"<p>Dans un entretien t\u00e9l\u00e9phonique, M. Ali Gharbi, pr\u00e9sident de l\u2019Association Nationale du D\u00e9veloppement Durable et de la Conservation de la Vie Sauvage, nous a fait part de la manifestation que son association, avec d\u2019autres organismes, organise demain vendredi matin devant l\u2019ambassade du Qatar.<\/p>\n<p>Ce rassemblement auquel sont invit\u00e9s tous ceux qui veulent d\u00e9fendre la faune tunisienne intervient au moment o\u00f9 des riches \u00e9mirs du Golfe s\u2019adonnent depuis plusieurs semaines dans le d\u00e9sert tunisien \u00e0 la chasse non autoris\u00e9e de l\u2019outarde et de la gazelle. L\u2019ANDDCVS entend exprimer sa col\u00e8re devant des pratiques absolument sauvages qui s\u2019attaquent \u00e0 des esp\u00e8ces menac\u00e9es de disparition. Et M. Ali Gharbi de pr\u00e9ciser que cette manifestation pacifique entend \u00e9galement sensibiliser les autorit\u00e9s politiques au danger qui guette la pr\u00e9cieuse faune tunisienne afin que les responsables proc\u00e8dent \u00e0 des mesures qui arr\u00eatent ce fl\u00e9au.<\/p>\n<p>Il est \u00e0 rappeler que cette association a d\u00e9j\u00e0 attir\u00e9 \u00e0 plusieurs reprises l\u2019attention sur la pratique du braconnage dans le d\u00e9sert tunisien depuis le mois de novembre dernier. Le 16 d\u00e9cembre une conf\u00e9rence de presse a \u00e9t\u00e9 tenue pour tirer la sonnette d\u2019alarme, des lettres ont \u00e9t\u00e9 adress\u00e9es aux autorit\u00e9s de tutelle et au Pr\u00e9sident de la R\u00e9publique, mais tous ces efforts ont malheureusement eu une fin de non-recevoir.<\/p>\n<p>M. Ali Gharbi nous a enfin signal\u00e9 que son association avait envoy\u00e9 r\u00e9cemment un huissier pour observer la pr\u00e9sence de braconniers install\u00e9s sous des tentes, s\u2019adonner \u00e0 leurs condamnables pratiques. Une plainte a \u00e9t\u00e9 d\u00e9pos\u00e9e contre ce massacre de la faune tunisienne.<\/p>\n<p>Manifestation contre les braconniers qataris : \u00abnotre patrimoine naturel n\u2019est pas \u00e0 vendre\u00bb<\/p>\n","protected":false},"excerpt":{"rendered":"<p>Demain, manifestation contre les braconniers qataris devant leur ambassade<\/p>\n","protected":false},"author":3222,"featured_media":333856,"comment_status":"open","ping_status":"closed","sticky":false,"template":"","format":"standard","meta":{"footnotes":""},"categories":[44],"tags":[2600],"class_list":["post-172340","post","type-post","status-publish","format-standard","has-post-thumbnail","hentry","category-national","tag-guerre"],"yoast_head":"<!-- This site is optimized with the Yoast SEO Premium plugin v27.5 (Yoast SEO v27.5) - https:\/\/yoast.com\/product\/yoast-seo-premium-wordpress\/ -->\n<title>Demain, manifestation contre les braconniers qataris devant leur ambassade<\/title>\n<meta name=\"description\" content=\"Demain, manifestation contre les braconniers qataris devant leur ambassade\" \/>\n<link rel=\"canonical\" href=\"https:\/\/www.webdo.tn\/fr\/actualite\/national-45\/demain-manifestation-contre-les-braconniers-qataris-devant-leur-ambassade\/172340\/\" \/>\n<meta property=\"og:locale\" content=\"fr_FR\" \/>\n<meta property=\"og:type\" content=\"article\" \/>\n<meta property=\"og:title\" content=\"Demain, manifestation contre les braconniers qataris devant leur ambassade\" \/>\n<meta property=\"og:description\" content=\"Demain, manifestation contre les braconniers qataris devant leur ambassade\" \/>\n<meta property=\"og:url\" content=\"https:\/\/www.webdo.tn\/fr\/actualite\/national-45\/demain-manifestation-contre-les-braconniers-qataris-devant-leur-ambassade\/172340\/\" \/>\n<meta property=\"og:site_name\" content=\"webdo\" \/>\n<meta property=\"article:publisher\" content=\"https:\/\/www.facebook.com\/webdotn\" \/>\n<meta property=\"article:published_time\" content=\"2011-12-29T16:02:00+00:00\" \/>\n<meta property=\"og:image\" content=\"https:\/\/www.webdo.tn\/fr\/wp-content\/uploads\/2011\/12\/Outarde-houbara-photo-ecolomagtunisie.com_.jpg\" \/>\n\t<meta property=\"og:image:width\" content=\"424\" \/>\n\t<meta property=\"og:image:height\" content=\"336\" \/>\n\t<meta property=\"og:image:type\" content=\"image\/jpeg\" \/>\n<meta name=\"author\" content=\"webdo.tn\" \/>\n<meta name=\"twitter:card\" content=\"summary_large_image\" \/>\n<meta name=\"twitter:creator\" content=\"@webdo_tn\" \/>\n<meta name=\"twitter:site\" content=\"@webdo_tn\" \/>\n<meta name=\"twitter:label1\" content=\"\u00c9crit par\" \/>\n\t<meta name=\"twitter:data1\" content=\"webdo.tn\" \/>\n\t<meta name=\"twitter:label2\" content=\"Dur\u00e9e de lecture estim\u00e9e\" \/>\n\t<meta name=\"twitter:data2\" content=\"1 minute\" \/>\n<script type=\"application\/ld+json\" class=\"yoast-schema-graph\">{\"@context\":\"https:\\\/\\\/schema.org\",\"@graph\":[{\"@type\":\"NewsArticle\",\"@id\":\"https:\\\/\\\/www.webdo.tn\\\/fr\\\/actualite\\\/national-45\\\/demain-manifestation-contre-les-braconniers-qataris-devant-leur-ambassade\\\/172340\\\/#article\",\"isPartOf\":{\"@id\":\"https:\\\/\\\/www.webdo.tn\\\/fr\\\/actualite\\\/national-45\\\/demain-manifestation-contre-les-braconniers-qataris-devant-leur-ambassade\\\/172340\\\/\"},\"author\":{\"name\":\"webdo.tn\",\"@id\":\"https:\\\/\\\/www.webdo.tn\\\/fr\\\/#\\\/schema\\\/person\\\/9a9c6118d687c117df8ef3cc36a4d175\"},\"headline\":\"Demain, manifestation contre les braconniers qataris devant leur ambassade\",\"datePublished\":\"2011-12-29T16:02:00+00:00\",\"mainEntityOfPage\":{\"@id\":\"https:\\\/\\\/www.webdo.tn\\\/fr\\\/actualite\\\/national-45\\\/demain-manifestation-contre-les-braconniers-qataris-devant-leur-ambassade\\\/172340\\\/\"},\"wordCount\":304,\"commentCount\":0,\"publisher\":{\"@id\":\"https:\\\/\\\/www.webdo.tn\\\/fr\\\/#organization\"},\"image\":{\"@id\":\"https:\\\/\\\/www.webdo.tn\\\/fr\\\/actualite\\\/national-45\\\/demain-manifestation-contre-les-braconniers-qataris-devant-leur-ambassade\\\/172340\\\/#primaryimage\"},\"thumbnailUrl\":\"https:\\\/\\\/www.webdo.tn\\\/fr\\\/wp-content\\\/uploads\\\/2011\\\/12\\\/Outarde-houbara-photo-ecolomagtunisie.com_.jpg\",\"keywords\":[\"guerre\"],\"articleSection\":[\"National\"],\"inLanguage\":\"fr-FR\"},{\"@type\":\"WebPage\",\"@id\":\"https:\\\/\\\/www.webdo.tn\\\/fr\\\/actualite\\\/national-45\\\/demain-manifestation-contre-les-braconniers-qataris-devant-leur-ambassade\\\/172340\\\/\",\"url\":\"https:\\\/\\\/www.webdo.tn\\\/fr\\\/actualite\\\/national-45\\\/demain-manifestation-contre-les-braconniers-qataris-devant-leur-ambassade\\\/172340\\\/\",\"name\":\"Demain, manifestation contre les braconniers qataris devant leur ambassade\",\"isPartOf\":{\"@id\":\"https:\\\/\\\/www.webdo.tn\\\/fr\\\/#website\"},\"primaryImageOfPage\":{\"@id\":\"https:\\\/\\\/www.webdo.tn\\\/fr\\\/actualite\\\/national-45\\\/demain-manifestation-contre-les-braconniers-qataris-devant-leur-ambassade\\\/172340\\\/#primaryimage\"},\"image\":{\"@id\":\"https:\\\/\\\/www.webdo.tn\\\/fr\\\/actualite\\\/national-45\\\/demain-manifestation-contre-les-braconniers-qataris-devant-leur-ambassade\\\/172340\\\/#primaryimage\"},\"thumbnailUrl\":\"https:\\\/\\\/www.webdo.tn\\\/fr\\\/wp-content\\\/uploads\\\/2011\\\/12\\\/Outarde-houbara-photo-ecolomagtunisie.com_.jpg\",\"datePublished\":\"2011-12-29T16:02:00+00:00\",\"description\":\"Demain, manifestation contre les braconniers qataris devant leur ambassade\",\"breadcrumb\":{\"@id\":\"https:\\\/\\\/www.webdo.tn\\\/fr\\\/actualite\\\/national-45\\\/demain-manifestation-contre-les-braconniers-qataris-devant-leur-ambassade\\\/172340\\\/#breadcrumb\"},\"inLanguage\":\"fr-FR\",\"potentialAction\":[{\"@type\":\"ReadAction\",\"target\":[\"https:\\\/\\\/www.webdo.tn\\\/fr\\\/actualite\\\/national-45\\\/demain-manifestation-contre-les-braconniers-qataris-devant-leur-ambassade\\\/172340\\\/\"]}]},{\"@type\":\"ImageObject\",\"inLanguage\":\"fr-FR\",\"@id\":\"https:\\\/\\\/www.webdo.tn\\\/fr\\\/actualite\\\/national-45\\\/demain-manifestation-contre-les-braconniers-qataris-devant-leur-ambassade\\\/172340\\\/#primaryimage\",\"url\":\"https:\\\/\\\/www.webdo.tn\\\/fr\\\/wp-content\\\/uploads\\\/2011\\\/12\\\/Outarde-houbara-photo-ecolomagtunisie.com_.jpg\",\"contentUrl\":\"https:\\\/\\\/www.webdo.tn\\\/fr\\\/wp-content\\\/uploads\\\/2011\\\/12\\\/Outarde-houbara-photo-ecolomagtunisie.com_.jpg\",\"width\":424,\"height\":336,\"caption\":\"Demain, manifestation contre les braconniers qataris devant leur ambassade\"},{\"@type\":\"BreadcrumbList\",\"@id\":\"https:\\\/\\\/www.webdo.tn\\\/fr\\\/actualite\\\/national-45\\\/demain-manifestation-contre-les-braconniers-qataris-devant-leur-ambassade\\\/172340\\\/#breadcrumb\",\"itemListElement\":[{\"@type\":\"ListItem\",\"position\":1,\"name\":\"Accueil\",\"item\":\"https:\\\/\\\/www.webdo.tn\\\/fr\\\/\"},{\"@type\":\"ListItem\",\"position\":2,\"name\":\"Demain, manifestation contre les braconniers qataris devant leur ambassade\"}]},{\"@type\":\"WebSite\",\"@id\":\"https:\\\/\\\/www.webdo.tn\\\/fr\\\/#website\",\"url\":\"https:\\\/\\\/www.webdo.tn\\\/fr\\\/\",\"name\":\"webdo\",\"description\":\"Tunisie - News en Tunisie et \u00e0 l&#039;international sur Webdo.tn\",\"publisher\":{\"@id\":\"https:\\\/\\\/www.webdo.tn\\\/fr\\\/#organization\"},\"potentialAction\":[{\"@type\":\"SearchAction\",\"target\":{\"@type\":\"EntryPoint\",\"urlTemplate\":\"https:\\\/\\\/www.webdo.tn\\\/fr\\\/?s={search_term_string}\"},\"query-input\":{\"@type\":\"PropertyValueSpecification\",\"valueRequired\":true,\"valueName\":\"search_term_string\"}}],\"inLanguage\":\"fr-FR\"},{\"@type\":\"Organization\",\"@id\":\"https:\\\/\\\/www.webdo.tn\\\/fr\\\/#organization\",\"name\":\"Webdo\",\"alternateName\":\"Webdo.tn\",\"url\":\"https:\\\/\\\/www.webdo.tn\\\/fr\\\/\",\"logo\":{\"@type\":\"ImageObject\",\"inLanguage\":\"fr-FR\",\"@id\":\"https:\\\/\\\/www.webdo.tn\\\/fr\\\/#\\\/schema\\\/logo\\\/image\\\/\",\"url\":\"https:\\\/\\\/www.webdo.tn\\\/fr\\\/wp-content\\\/uploads\\\/2025\\\/06\\\/Webdo-Tunisie_168377.jpg\",\"contentUrl\":\"https:\\\/\\\/www.webdo.tn\\\/fr\\\/wp-content\\\/uploads\\\/2025\\\/06\\\/Webdo-Tunisie_168377.jpg\",\"width\":301,\"height\":301,\"caption\":\"Webdo\"},\"image\":{\"@id\":\"https:\\\/\\\/www.webdo.tn\\\/fr\\\/#\\\/schema\\\/logo\\\/image\\\/\"},\"sameAs\":[\"https:\\\/\\\/www.facebook.com\\\/webdotn\",\"https:\\\/\\\/x.com\\\/webdo_tn\"],\"description\":\"Webdo est un m\u00e9dia num\u00e9rique tunisien fond\u00e9 en 2010, sp\u00e9cialis\u00e9 dans l\u2019actualit\u00e9 nationale et internationale, l\u2019\u00e9conomie, la soci\u00e9t\u00e9 et les analyses politiques. Le site s\u2019adresse \u00e0 un large public francophone et couvre l\u2019information tunisienne en temps r\u00e9el.\",\"email\":\"redac@webdo.tn\",\"legalName\":\"YNJ SARL\",\"foundingDate\":\"2010-09-06\",\"numberOfEmployees\":{\"@type\":\"QuantitativeValue\",\"minValue\":\"11\",\"maxValue\":\"50\"}},{\"@type\":\"Person\",\"@id\":\"https:\\\/\\\/www.webdo.tn\\\/fr\\\/#\\\/schema\\\/person\\\/9a9c6118d687c117df8ef3cc36a4d175\",\"name\":\"webdo.tn\",\"image\":{\"@type\":\"ImageObject\",\"inLanguage\":\"fr-FR\",\"@id\":\"https:\\\/\\\/secure.gravatar.com\\\/avatar\\\/7ce1f28c0c3bbac99ff550b85ef8e44a6950c6ee24514fb6a5489e51d06f0298?s=96&d=mm&r=g\",\"url\":\"https:\\\/\\\/secure.gravatar.com\\\/avatar\\\/7ce1f28c0c3bbac99ff550b85ef8e44a6950c6ee24514fb6a5489e51d06f0298?s=96&d=mm&r=g\",\"contentUrl\":\"https:\\\/\\\/secure.gravatar.com\\\/avatar\\\/7ce1f28c0c3bbac99ff550b85ef8e44a6950c6ee24514fb6a5489e51d06f0298?s=96&d=mm&r=g\",\"caption\":\"webdo.tn\"},\"url\":\"https:\\\/\\\/www.webdo.tn\\\/fr\\\/actualite\\\/author\\\/webdotn\\\/\"}]}<\/script>\n<!-- \/ Yoast SEO Premium plugin. -->","yoast_head_json":{"title":"Demain, manifestation contre les braconniers qataris devant leur ambassade","description":"Demain, manifestation contre les braconniers qataris devant leur ambassade","canonical":"https:\/\/www.webdo.tn\/fr\/actualite\/national-45\/demain-manifestation-contre-les-braconniers-qataris-devant-leur-ambassade\/172340\/","og_locale":"fr_FR","og_type":"article","og_title":"Demain, manifestation contre les braconniers qataris devant leur ambassade","og_description":"Demain, manifestation contre les braconniers qataris devant leur ambassade","og_url":"https:\/\/www.webdo.tn\/fr\/actualite\/national-45\/demain-manifestation-contre-les-braconniers-qataris-devant-leur-ambassade\/172340\/","og_site_name":"webdo","article_publisher":"https:\/\/www.facebook.com\/webdotn","article_published_time":"2011-12-29T16:02:00+00:00","og_image":[{"width":424,"height":336,"url":"https:\/\/www.webdo.tn\/fr\/wp-content\/uploads\/2011\/12\/Outarde-houbara-photo-ecolomagtunisie.com_.jpg","type":"image\/jpeg"}],"author":"webdo.tn","twitter_card":"summary_large_image","twitter_creator":"@webdo_tn","twitter_site":"@webdo_tn","twitter_misc":{"\u00c9crit par":"webdo.tn","Dur\u00e9e de lecture estim\u00e9e":"1 minute"},"schema":{"@context":"https:\/\/schema.org","@graph":[{"@type":"NewsArticle","@id":"https:\/\/www.webdo.tn\/fr\/actualite\/national-45\/demain-manifestation-contre-les-braconniers-qataris-devant-leur-ambassade\/172340\/#article","isPartOf":{"@id":"https:\/\/www.webdo.tn\/fr\/actualite\/national-45\/demain-manifestation-contre-les-braconniers-qataris-devant-leur-ambassade\/172340\/"},"author":{"name":"webdo.tn","@id":"https:\/\/www.webdo.tn\/fr\/#\/schema\/person\/9a9c6118d687c117df8ef3cc36a4d175"},"headline":"Demain, manifestation contre les braconniers qataris devant leur ambassade","datePublished":"2011-12-29T16:02:00+00:00","mainEntityOfPage":{"@id":"https:\/\/www.webdo.tn\/fr\/actualite\/national-45\/demain-manifestation-contre-les-braconniers-qataris-devant-leur-ambassade\/172340\/"},"wordCount":304,"commentCount":0,"publisher":{"@id":"https:\/\/www.webdo.tn\/fr\/#organization"},"image":{"@id":"https:\/\/www.webdo.tn\/fr\/actualite\/national-45\/demain-manifestation-contre-les-braconniers-qataris-devant-leur-ambassade\/172340\/#primaryimage"},"thumbnailUrl":"https:\/\/www.webdo.tn\/fr\/wp-content\/uploads\/2011\/12\/Outarde-houbara-photo-ecolomagtunisie.com_.jpg","keywords":["guerre"],"articleSection":["National"],"inLanguage":"fr-FR"},{"@type":"WebPage","@id":"https:\/\/www.webdo.tn\/fr\/actualite\/national-45\/demain-manifestation-contre-les-braconniers-qataris-devant-leur-ambassade\/172340\/","url":"https:\/\/www.webdo.tn\/fr\/actualite\/national-45\/demain-manifestation-contre-les-braconniers-qataris-devant-leur-ambassade\/172340\/","name":"Demain, manifestation contre les braconniers qataris devant leur ambassade","isPartOf":{"@id":"https:\/\/www.webdo.tn\/fr\/#website"},"primaryImageOfPage":{"@id":"https:\/\/www.webdo.tn\/fr\/actualite\/national-45\/demain-manifestation-contre-les-braconniers-qataris-devant-leur-ambassade\/172340\/#primaryimage"},"image":{"@id":"https:\/\/www.webdo.tn\/fr\/actualite\/national-45\/demain-manifestation-contre-les-braconniers-qataris-devant-leur-ambassade\/172340\/#primaryimage"},"thumbnailUrl":"https:\/\/www.webdo.tn\/fr\/wp-content\/uploads\/2011\/12\/Outarde-houbara-photo-ecolomagtunisie.com_.jpg","datePublished":"2011-12-29T16:02:00+00:00","description":"Demain, manifestation contre les braconniers qataris devant leur ambassade","breadcrumb":{"@id":"https:\/\/www.webdo.tn\/fr\/actualite\/national-45\/demain-manifestation-contre-les-braconniers-qataris-devant-leur-ambassade\/172340\/#breadcrumb"},"inLanguage":"fr-FR","potentialAction":[{"@type":"ReadAction","target":["https:\/\/www.webdo.tn\/fr\/actualite\/national-45\/demain-manifestation-contre-les-braconniers-qataris-devant-leur-ambassade\/172340\/"]}]},{"@type":"ImageObject","inLanguage":"fr-FR","@id":"https:\/\/www.webdo.tn\/fr\/actualite\/national-45\/demain-manifestation-contre-les-braconniers-qataris-devant-leur-ambassade\/172340\/#primaryimage","url":"https:\/\/www.webdo.tn\/fr\/wp-content\/uploads\/2011\/12\/Outarde-houbara-photo-ecolomagtunisie.com_.jpg","contentUrl":"https:\/\/www.webdo.tn\/fr\/wp-content\/uploads\/2011\/12\/Outarde-houbara-photo-ecolomagtunisie.com_.jpg","width":424,"height":336,"caption":"Demain, manifestation contre les braconniers qataris devant leur ambassade"},{"@type":"BreadcrumbList","@id":"https:\/\/www.webdo.tn\/fr\/actualite\/national-45\/demain-manifestation-contre-les-braconniers-qataris-devant-leur-ambassade\/172340\/#breadcrumb","itemListElement":[{"@type":"ListItem","position":1,"name":"Accueil","item":"https:\/\/www.webdo.tn\/fr\/"},{"@type":"ListItem","position":2,"name":"Demain, manifestation contre les braconniers qataris devant leur ambassade"}]},{"@type":"WebSite","@id":"https:\/\/www.webdo.tn\/fr\/#website","url":"https:\/\/www.webdo.tn\/fr\/","name":"webdo","description":"Tunisie - News en Tunisie et \u00e0 l&#039;international sur Webdo.tn","publisher":{"@id":"https:\/\/www.webdo.tn\/fr\/#organization"},"potentialAction":[{"@type":"SearchAction","target":{"@type":"EntryPoint","urlTemplate":"https:\/\/www.webdo.tn\/fr\/?s={search_term_string}"},"query-input":{"@type":"PropertyValueSpecification","valueRequired":true,"valueName":"search_term_string"}}],"inLanguage":"fr-FR"},{"@type":"Organization","@id":"https:\/\/www.webdo.tn\/fr\/#organization","name":"Webdo","alternateName":"Webdo.tn","url":"https:\/\/www.webdo.tn\/fr\/","logo":{"@type":"ImageObject","inLanguage":"fr-FR","@id":"https:\/\/www.webdo.tn\/fr\/#\/schema\/logo\/image\/","url":"https:\/\/www.webdo.tn\/fr\/wp-content\/uploads\/2025\/06\/Webdo-Tunisie_168377.jpg","contentUrl":"https:\/\/www.webdo.tn\/fr\/wp-content\/uploads\/2025\/06\/Webdo-Tunisie_168377.jpg","width":301,"height":301,"caption":"Webdo"},"image":{"@id":"https:\/\/www.webdo.tn\/fr\/#\/schema\/logo\/image\/"},"sameAs":["https:\/\/www.facebook.com\/webdotn","https:\/\/x.com\/webdo_tn"],"description":"Webdo est un m\u00e9dia num\u00e9rique tunisien fond\u00e9 en 2010, sp\u00e9cialis\u00e9 dans l\u2019actualit\u00e9 nationale et internationale, l\u2019\u00e9conomie, la soci\u00e9t\u00e9 et les analyses politiques. Le site s\u2019adresse \u00e0 un large public francophone et couvre l\u2019information tunisienne en temps r\u00e9el.","email":"redac@webdo.tn","legalName":"YNJ SARL","foundingDate":"2010-09-06","numberOfEmployees":{"@type":"QuantitativeValue","minValue":"11","maxValue":"50"}},{"@type":"Person","@id":"https:\/\/www.webdo.tn\/fr\/#\/schema\/person\/9a9c6118d687c117df8ef3cc36a4d175","name":"webdo.tn","image":{"@type":"ImageObject","inLanguage":"fr-FR","@id":"https:\/\/secure.gravatar.com\/avatar\/7ce1f28c0c3bbac99ff550b85ef8e44a6950c6ee24514fb6a5489e51d06f0298?s=96&d=mm&r=g","url":"https:\/\/secure.gravatar.com\/avatar\/7ce1f28c0c3bbac99ff550b85ef8e44a6950c6ee24514fb6a5489e51d06f0298?s=96&d=mm&r=g","contentUrl":"https:\/\/secure.gravatar.com\/avatar\/7ce1f28c0c3bbac99ff550b85ef8e44a6950c6ee24514fb6a5489e51d06f0298?s=96&d=mm&r=g","caption":"webdo.tn"},"url":"https:\/\/www.webdo.tn\/fr\/actualite\/author\/webdotn\/"}]}},"_links":{"self":[{"href":"https:\/\/www.webdo.tn\/fr\/wp-json\/wp\/v2\/posts\/172340","targetHints":{"allow":["GET"]}}],"collection":[{"href":"https:\/\/www.webdo.tn\/fr\/wp-json\/wp\/v2\/posts"}],"about":[{"href":"https:\/\/www.webdo.tn\/fr\/wp-json\/wp\/v2\/types\/post"}],"author":[{"embeddable":true,"href":"https:\/\/www.webdo.tn\/fr\/wp-json\/wp\/v2\/users\/3222"}],"replies":[{"embeddable":true,"href":"https:\/\/www.webdo.tn\/fr\/wp-json\/wp\/v2\/comments?post=172340"}],"version-history":[{"count":0,"href":"https:\/\/www.webdo.tn\/fr\/wp-json\/wp\/v2\/posts\/172340\/revisions"}],"wp:featuredmedia":[{"embeddable":true,"href":"https:\/\/www.webdo.tn\/fr\/wp-json\/wp\/v2\/media\/333856"}],"wp:attachment":[{"href":"https:\/\/www.webdo.tn\/fr\/wp-json\/wp\/v2\/media?parent=172340"}],"wp:term":[{"taxonomy":"category","embeddable":true,"href":"https:\/\/www.webdo.tn\/fr\/wp-json\/wp\/v2\/categories?post=172340"},{"taxonomy":"post_tag","embeddable":true,"href":"https:\/\/www.webdo.tn\/fr\/wp-json\/wp\/v2\/tags?post=172340"}],"curies":[{"name":"wp","href":"https:\/\/api.w.org\/{rel}","templated":true}]}}