{"id":172339,"date":"2011-12-30T14:16:00","date_gmt":"2011-12-30T14:16:00","guid":{"rendered":"https:\/\/www.webdo.tn\/fr\/blog\/manifestation-contre-les-braconniers-qataris-notre-patrimoine-naturel-nest-pas-a-vendre\/172339\/"},"modified":"2011-12-30T14:16:00","modified_gmt":"2011-12-30T14:16:00","slug":"manifestation-contre-les-braconniers-qataris-notre-patrimoine-naturel-nest-pas-a-vendre","status":"publish","type":"post","link":"https:\/\/www.webdo.tn\/fr\/actualite\/national\/manifestation-contre-les-braconniers-qataris-notre-patrimoine-naturel-nest-pas-a-vendre\/172339\/","title":{"rendered":"Manifestation contre les braconniers qataris : \u00abnotre patrimoine naturel n&rsquo;est pas \u00e0 vendre\u00bb"},"content":{"rendered":"<p>Malgr\u00e9 le mauvais temps, ils \u00e9taient pr\u00e8s d&rsquo;une soixantaine \u00e0 manifester, aujourd&rsquo;hui, devant le consulat qatari. \u00ab Des gazelles contre des dollars, la honte ! \u00bb ou \u00ab L&rsquo;outarde houbara : notre patrimoine naturel n&rsquo;est pas \u00e0 vendre \u00bb, pouvait-on lire sur des pancartes.<\/p>\n<p>Ils \u00e9taient qu&rsquo;une soixantaine \u00e0 d\u00e9fendre la Tunisie et ce qui en reste de sa faune. Dans leurs r\u00e9voltes, ils ont appel\u00e9 au respect de notre beau pays et ont rappel\u00e9 que ce dernier n&rsquo;est pas \u00e0 vendre ni aux Qataris ni, d&rsquo;ailleurs, \u00e0 n&rsquo;importe qui d&rsquo;autre.<\/p>\n<p>Une manifestation en r\u00e9action \u00e0 la chasse des gazelles et des outardes houbara que les \u00c9mirs du pays du Golfe perp\u00e9tu\u00e9 depuis 23 ans avec la b\u00e9n\u00e9diction de Ben Ali ; une chasse interdite par une loi tunisienne.<\/p>\n<p>Ils \u00e9taient 1253 oiseaux outarde houbara en 1979, 895 en 1982 et plus que 300 en&#8230; 2004. Et maintenant combien en reste-t-il ? Les Qataris, seuls, peuvent nous r\u00e9pondre !\u00a0Actuellement dans le d\u00e9sert tunisien, dans leurs 4X4 toutes options \u00e9quip\u00e9es de radars et d&rsquo;armes de snipers, auront-ils l&rsquo;intelligence de pr\u00e9server quelques esp\u00e8ces pour la prochaine chasse ?<\/p>\n<p>Derni\u00e8rement, diff\u00e9rentes associations ont suppli\u00e9 le nouveau gouvernement d\u2019appliquer la loi et d\u2019arr\u00eater ce braconnage-h\u00e9catombe. En vain, car, aujourd&rsquo;hui, pour le gouvernement de Jebali, la d\u00e9mocratie ne s&rsquo;applique pas aux appels des amis de la nature. Demain, alors, qu&rsquo;en sera-t-il de notre libert\u00e9 ?<\/p>\n<p>Pour l&rsquo;histoire, il para\u00eet que les Qataris chassent les houbara pour leurs vertus aphrodisiaques qui se trouvent dans le foie de l&rsquo;oiseau.<br \/>\nPour bander, ils sont sans \u00ab\u00a0foi\u00a0\u00bb !<\/p>\n","protected":false},"excerpt":{"rendered":"<p>Manifestation contre les braconniers qataris : \u00abnotre patrimoine naturel n&rsquo;est pas \u00e0 vendre\u00bb<\/p>\n","protected":false},"author":3222,"featured_media":374575,"comment_status":"open","ping_status":"closed","sticky":false,"template":"","format":"standard","meta":{"footnotes":""},"categories":[44],"tags":[2600],"class_list":["post-172339","post","type-post","status-publish","format-standard","has-post-thumbnail","hentry","category-national","tag-guerre"],"yoast_head":"<!-- This site is optimized with the Yoast SEO Premium plugin v27.5 (Yoast SEO v27.5) - https:\/\/yoast.com\/product\/yoast-seo-premium-wordpress\/ -->\n<title>Manifestation contre les braconniers qataris : \u00abnotre patrimoine naturel n&#039;est pas \u00e0 vendre\u00bb<\/title>\n<meta name=\"description\" content=\"Manifestation contre les braconniers qataris : \u00abnotre patrimoine naturel n&#039;est pas \u00e0 vendre\u00bb\" \/>\n<link rel=\"canonical\" href=\"https:\/\/www.webdo.tn\/fr\/actualite\/national-45\/manifestation-contre-les-braconniers-qataris-notre-patrimoine-naturel-nest-pas-a-vendre\/172339\/\" \/>\n<meta property=\"og:locale\" content=\"fr_FR\" \/>\n<meta property=\"og:type\" content=\"article\" \/>\n<meta property=\"og:title\" content=\"Manifestation contre les braconniers qataris : \u00abnotre patrimoine naturel n&#039;est pas \u00e0 vendre\u00bb\" \/>\n<meta property=\"og:description\" content=\"Manifestation contre les braconniers qataris : \u00abnotre patrimoine naturel n&#039;est pas \u00e0 vendre\u00bb\" \/>\n<meta property=\"og:url\" content=\"https:\/\/www.webdo.tn\/fr\/actualite\/national-45\/manifestation-contre-les-braconniers-qataris-notre-patrimoine-naturel-nest-pas-a-vendre\/172339\/\" \/>\n<meta property=\"og:site_name\" content=\"webdo\" \/>\n<meta property=\"article:publisher\" content=\"https:\/\/www.facebook.com\/webdotn\" \/>\n<meta property=\"article:published_time\" content=\"2011-12-30T14:16:00+00:00\" \/>\n<meta name=\"author\" content=\"webdo.tn\" \/>\n<meta name=\"twitter:card\" content=\"summary_large_image\" \/>\n<meta name=\"twitter:creator\" content=\"@webdo_tn\" \/>\n<meta name=\"twitter:site\" content=\"@webdo_tn\" \/>\n<meta name=\"twitter:label1\" content=\"\u00c9crit par\" \/>\n\t<meta name=\"twitter:data1\" content=\"webdo.tn\" \/>\n\t<meta name=\"twitter:label2\" content=\"Dur\u00e9e de lecture estim\u00e9e\" \/>\n\t<meta name=\"twitter:data2\" content=\"1 minute\" \/>\n<script type=\"application\/ld+json\" class=\"yoast-schema-graph\">{\"@context\":\"https:\\\/\\\/schema.org\",\"@graph\":[{\"@type\":\"NewsArticle\",\"@id\":\"https:\\\/\\\/www.webdo.tn\\\/fr\\\/actualite\\\/national-45\\\/manifestation-contre-les-braconniers-qataris-notre-patrimoine-naturel-nest-pas-a-vendre\\\/172339\\\/#article\",\"isPartOf\":{\"@id\":\"https:\\\/\\\/www.webdo.tn\\\/fr\\\/actualite\\\/national-45\\\/manifestation-contre-les-braconniers-qataris-notre-patrimoine-naturel-nest-pas-a-vendre\\\/172339\\\/\"},\"author\":{\"name\":\"webdo.tn\",\"@id\":\"https:\\\/\\\/www.webdo.tn\\\/fr\\\/#\\\/schema\\\/person\\\/9a9c6118d687c117df8ef3cc36a4d175\"},\"headline\":\"Manifestation contre les braconniers qataris : \u00abnotre patrimoine naturel n&rsquo;est pas \u00e0 vendre\u00bb\",\"datePublished\":\"2011-12-30T14:16:00+00:00\",\"mainEntityOfPage\":{\"@id\":\"https:\\\/\\\/www.webdo.tn\\\/fr\\\/actualite\\\/national-45\\\/manifestation-contre-les-braconniers-qataris-notre-patrimoine-naturel-nest-pas-a-vendre\\\/172339\\\/\"},\"wordCount\":283,\"commentCount\":0,\"publisher\":{\"@id\":\"https:\\\/\\\/www.webdo.tn\\\/fr\\\/#organization\"},\"image\":{\"@id\":\"https:\\\/\\\/www.webdo.tn\\\/fr\\\/actualite\\\/national-45\\\/manifestation-contre-les-braconniers-qataris-notre-patrimoine-naturel-nest-pas-a-vendre\\\/172339\\\/#primaryimage\"},\"thumbnailUrl\":\"https:\\\/\\\/www.webdo.tn\\\/fr\\\/wp-content\\\/uploads\\\/2025\\\/06\\\/Manifestation-contre-les-braconniers-qataris-ambassade-du-Qatar-Tunis-30-decembre-2011-photo-Webdo.tn__172339.jpg\",\"keywords\":[\"guerre\"],\"articleSection\":[\"National\"],\"inLanguage\":\"fr-FR\"},{\"@type\":\"WebPage\",\"@id\":\"https:\\\/\\\/www.webdo.tn\\\/fr\\\/actualite\\\/national-45\\\/manifestation-contre-les-braconniers-qataris-notre-patrimoine-naturel-nest-pas-a-vendre\\\/172339\\\/\",\"url\":\"https:\\\/\\\/www.webdo.tn\\\/fr\\\/actualite\\\/national-45\\\/manifestation-contre-les-braconniers-qataris-notre-patrimoine-naturel-nest-pas-a-vendre\\\/172339\\\/\",\"name\":\"Manifestation contre les braconniers qataris : \u00abnotre patrimoine naturel n'est pas \u00e0 vendre\u00bb\",\"isPartOf\":{\"@id\":\"https:\\\/\\\/www.webdo.tn\\\/fr\\\/#website\"},\"primaryImageOfPage\":{\"@id\":\"https:\\\/\\\/www.webdo.tn\\\/fr\\\/actualite\\\/national-45\\\/manifestation-contre-les-braconniers-qataris-notre-patrimoine-naturel-nest-pas-a-vendre\\\/172339\\\/#primaryimage\"},\"image\":{\"@id\":\"https:\\\/\\\/www.webdo.tn\\\/fr\\\/actualite\\\/national-45\\\/manifestation-contre-les-braconniers-qataris-notre-patrimoine-naturel-nest-pas-a-vendre\\\/172339\\\/#primaryimage\"},\"thumbnailUrl\":\"https:\\\/\\\/www.webdo.tn\\\/fr\\\/wp-content\\\/uploads\\\/2025\\\/06\\\/Manifestation-contre-les-braconniers-qataris-ambassade-du-Qatar-Tunis-30-decembre-2011-photo-Webdo.tn__172339.jpg\",\"datePublished\":\"2011-12-30T14:16:00+00:00\",\"description\":\"Manifestation contre les braconniers qataris : \u00abnotre patrimoine naturel n'est pas \u00e0 vendre\u00bb\",\"breadcrumb\":{\"@id\":\"https:\\\/\\\/www.webdo.tn\\\/fr\\\/actualite\\\/national-45\\\/manifestation-contre-les-braconniers-qataris-notre-patrimoine-naturel-nest-pas-a-vendre\\\/172339\\\/#breadcrumb\"},\"inLanguage\":\"fr-FR\",\"potentialAction\":[{\"@type\":\"ReadAction\",\"target\":[\"https:\\\/\\\/www.webdo.tn\\\/fr\\\/actualite\\\/national-45\\\/manifestation-contre-les-braconniers-qataris-notre-patrimoine-naturel-nest-pas-a-vendre\\\/172339\\\/\"]}]},{\"@type\":\"ImageObject\",\"inLanguage\":\"fr-FR\",\"@id\":\"https:\\\/\\\/www.webdo.tn\\\/fr\\\/actualite\\\/national-45\\\/manifestation-contre-les-braconniers-qataris-notre-patrimoine-naturel-nest-pas-a-vendre\\\/172339\\\/#primaryimage\",\"url\":\"https:\\\/\\\/www.webdo.tn\\\/fr\\\/wp-content\\\/uploads\\\/2025\\\/06\\\/Manifestation-contre-les-braconniers-qataris-ambassade-du-Qatar-Tunis-30-decembre-2011-photo-Webdo.tn__172339.jpg\",\"contentUrl\":\"https:\\\/\\\/www.webdo.tn\\\/fr\\\/wp-content\\\/uploads\\\/2025\\\/06\\\/Manifestation-contre-les-braconniers-qataris-ambassade-du-Qatar-Tunis-30-decembre-2011-photo-Webdo.tn__172339.jpg\",\"width\":470,\"height\":300,\"caption\":\"Manifestation contre les braconniers qataris : \u00abnotre patrimoine naturel n'est pas \u00e0 vendre\u00bb\"},{\"@type\":\"BreadcrumbList\",\"@id\":\"https:\\\/\\\/www.webdo.tn\\\/fr\\\/actualite\\\/national-45\\\/manifestation-contre-les-braconniers-qataris-notre-patrimoine-naturel-nest-pas-a-vendre\\\/172339\\\/#breadcrumb\",\"itemListElement\":[{\"@type\":\"ListItem\",\"position\":1,\"name\":\"Accueil\",\"item\":\"https:\\\/\\\/www.webdo.tn\\\/fr\\\/\"},{\"@type\":\"ListItem\",\"position\":2,\"name\":\"Manifestation contre les braconniers qataris : \u00abnotre patrimoine naturel n&rsquo;est pas \u00e0 vendre\u00bb\"}]},{\"@type\":\"WebSite\",\"@id\":\"https:\\\/\\\/www.webdo.tn\\\/fr\\\/#website\",\"url\":\"https:\\\/\\\/www.webdo.tn\\\/fr\\\/\",\"name\":\"webdo\",\"description\":\"Tunisie - News en Tunisie et \u00e0 l&#039;international sur Webdo.tn\",\"publisher\":{\"@id\":\"https:\\\/\\\/www.webdo.tn\\\/fr\\\/#organization\"},\"potentialAction\":[{\"@type\":\"SearchAction\",\"target\":{\"@type\":\"EntryPoint\",\"urlTemplate\":\"https:\\\/\\\/www.webdo.tn\\\/fr\\\/?s={search_term_string}\"},\"query-input\":{\"@type\":\"PropertyValueSpecification\",\"valueRequired\":true,\"valueName\":\"search_term_string\"}}],\"inLanguage\":\"fr-FR\"},{\"@type\":\"Organization\",\"@id\":\"https:\\\/\\\/www.webdo.tn\\\/fr\\\/#organization\",\"name\":\"Webdo\",\"alternateName\":\"Webdo.tn\",\"url\":\"https:\\\/\\\/www.webdo.tn\\\/fr\\\/\",\"logo\":{\"@type\":\"ImageObject\",\"inLanguage\":\"fr-FR\",\"@id\":\"https:\\\/\\\/www.webdo.tn\\\/fr\\\/#\\\/schema\\\/logo\\\/image\\\/\",\"url\":\"https:\\\/\\\/www.webdo.tn\\\/fr\\\/wp-content\\\/uploads\\\/2025\\\/06\\\/Webdo-Tunisie_168377.jpg\",\"contentUrl\":\"https:\\\/\\\/www.webdo.tn\\\/fr\\\/wp-content\\\/uploads\\\/2025\\\/06\\\/Webdo-Tunisie_168377.jpg\",\"width\":301,\"height\":301,\"caption\":\"Webdo\"},\"image\":{\"@id\":\"https:\\\/\\\/www.webdo.tn\\\/fr\\\/#\\\/schema\\\/logo\\\/image\\\/\"},\"sameAs\":[\"https:\\\/\\\/www.facebook.com\\\/webdotn\",\"https:\\\/\\\/x.com\\\/webdo_tn\"],\"description\":\"Webdo est un m\u00e9dia num\u00e9rique tunisien fond\u00e9 en 2010, sp\u00e9cialis\u00e9 dans l\u2019actualit\u00e9 nationale et internationale, l\u2019\u00e9conomie, la soci\u00e9t\u00e9 et les analyses politiques. Le site s\u2019adresse \u00e0 un large public francophone et couvre l\u2019information tunisienne en temps r\u00e9el.\",\"email\":\"redac@webdo.tn\",\"legalName\":\"YNJ SARL\",\"foundingDate\":\"2010-09-06\",\"numberOfEmployees\":{\"@type\":\"QuantitativeValue\",\"minValue\":\"11\",\"maxValue\":\"50\"}},{\"@type\":\"Person\",\"@id\":\"https:\\\/\\\/www.webdo.tn\\\/fr\\\/#\\\/schema\\\/person\\\/9a9c6118d687c117df8ef3cc36a4d175\",\"name\":\"webdo.tn\",\"image\":{\"@type\":\"ImageObject\",\"inLanguage\":\"fr-FR\",\"@id\":\"https:\\\/\\\/secure.gravatar.com\\\/avatar\\\/7ce1f28c0c3bbac99ff550b85ef8e44a6950c6ee24514fb6a5489e51d06f0298?s=96&d=mm&r=g\",\"url\":\"https:\\\/\\\/secure.gravatar.com\\\/avatar\\\/7ce1f28c0c3bbac99ff550b85ef8e44a6950c6ee24514fb6a5489e51d06f0298?s=96&d=mm&r=g\",\"contentUrl\":\"https:\\\/\\\/secure.gravatar.com\\\/avatar\\\/7ce1f28c0c3bbac99ff550b85ef8e44a6950c6ee24514fb6a5489e51d06f0298?s=96&d=mm&r=g\",\"caption\":\"webdo.tn\"},\"url\":\"https:\\\/\\\/www.webdo.tn\\\/fr\\\/actualite\\\/author\\\/webdotn\\\/\"}]}<\/script>\n<!-- \/ Yoast SEO Premium plugin. -->","yoast_head_json":{"title":"Manifestation contre les braconniers qataris : \u00abnotre patrimoine naturel n'est pas \u00e0 vendre\u00bb","description":"Manifestation contre les braconniers qataris : \u00abnotre patrimoine naturel n'est pas \u00e0 vendre\u00bb","canonical":"https:\/\/www.webdo.tn\/fr\/actualite\/national-45\/manifestation-contre-les-braconniers-qataris-notre-patrimoine-naturel-nest-pas-a-vendre\/172339\/","og_locale":"fr_FR","og_type":"article","og_title":"Manifestation contre les braconniers qataris : \u00abnotre patrimoine naturel n'est pas \u00e0 vendre\u00bb","og_description":"Manifestation contre les braconniers qataris : \u00abnotre patrimoine naturel n'est pas \u00e0 vendre\u00bb","og_url":"https:\/\/www.webdo.tn\/fr\/actualite\/national-45\/manifestation-contre-les-braconniers-qataris-notre-patrimoine-naturel-nest-pas-a-vendre\/172339\/","og_site_name":"webdo","article_publisher":"https:\/\/www.facebook.com\/webdotn","article_published_time":"2011-12-30T14:16:00+00:00","author":"webdo.tn","twitter_card":"summary_large_image","twitter_creator":"@webdo_tn","twitter_site":"@webdo_tn","twitter_misc":{"\u00c9crit par":"webdo.tn","Dur\u00e9e de lecture estim\u00e9e":"1 minute"},"schema":{"@context":"https:\/\/schema.org","@graph":[{"@type":"NewsArticle","@id":"https:\/\/www.webdo.tn\/fr\/actualite\/national-45\/manifestation-contre-les-braconniers-qataris-notre-patrimoine-naturel-nest-pas-a-vendre\/172339\/#article","isPartOf":{"@id":"https:\/\/www.webdo.tn\/fr\/actualite\/national-45\/manifestation-contre-les-braconniers-qataris-notre-patrimoine-naturel-nest-pas-a-vendre\/172339\/"},"author":{"name":"webdo.tn","@id":"https:\/\/www.webdo.tn\/fr\/#\/schema\/person\/9a9c6118d687c117df8ef3cc36a4d175"},"headline":"Manifestation contre les braconniers qataris : \u00abnotre patrimoine naturel n&rsquo;est pas \u00e0 vendre\u00bb","datePublished":"2011-12-30T14:16:00+00:00","mainEntityOfPage":{"@id":"https:\/\/www.webdo.tn\/fr\/actualite\/national-45\/manifestation-contre-les-braconniers-qataris-notre-patrimoine-naturel-nest-pas-a-vendre\/172339\/"},"wordCount":283,"commentCount":0,"publisher":{"@id":"https:\/\/www.webdo.tn\/fr\/#organization"},"image":{"@id":"https:\/\/www.webdo.tn\/fr\/actualite\/national-45\/manifestation-contre-les-braconniers-qataris-notre-patrimoine-naturel-nest-pas-a-vendre\/172339\/#primaryimage"},"thumbnailUrl":"https:\/\/www.webdo.tn\/fr\/wp-content\/uploads\/2025\/06\/Manifestation-contre-les-braconniers-qataris-ambassade-du-Qatar-Tunis-30-decembre-2011-photo-Webdo.tn__172339.jpg","keywords":["guerre"],"articleSection":["National"],"inLanguage":"fr-FR"},{"@type":"WebPage","@id":"https:\/\/www.webdo.tn\/fr\/actualite\/national-45\/manifestation-contre-les-braconniers-qataris-notre-patrimoine-naturel-nest-pas-a-vendre\/172339\/","url":"https:\/\/www.webdo.tn\/fr\/actualite\/national-45\/manifestation-contre-les-braconniers-qataris-notre-patrimoine-naturel-nest-pas-a-vendre\/172339\/","name":"Manifestation contre les braconniers qataris : \u00abnotre patrimoine naturel n'est pas \u00e0 vendre\u00bb","isPartOf":{"@id":"https:\/\/www.webdo.tn\/fr\/#website"},"primaryImageOfPage":{"@id":"https:\/\/www.webdo.tn\/fr\/actualite\/national-45\/manifestation-contre-les-braconniers-qataris-notre-patrimoine-naturel-nest-pas-a-vendre\/172339\/#primaryimage"},"image":{"@id":"https:\/\/www.webdo.tn\/fr\/actualite\/national-45\/manifestation-contre-les-braconniers-qataris-notre-patrimoine-naturel-nest-pas-a-vendre\/172339\/#primaryimage"},"thumbnailUrl":"https:\/\/www.webdo.tn\/fr\/wp-content\/uploads\/2025\/06\/Manifestation-contre-les-braconniers-qataris-ambassade-du-Qatar-Tunis-30-decembre-2011-photo-Webdo.tn__172339.jpg","datePublished":"2011-12-30T14:16:00+00:00","description":"Manifestation contre les braconniers qataris : \u00abnotre patrimoine naturel n'est pas \u00e0 vendre\u00bb","breadcrumb":{"@id":"https:\/\/www.webdo.tn\/fr\/actualite\/national-45\/manifestation-contre-les-braconniers-qataris-notre-patrimoine-naturel-nest-pas-a-vendre\/172339\/#breadcrumb"},"inLanguage":"fr-FR","potentialAction":[{"@type":"ReadAction","target":["https:\/\/www.webdo.tn\/fr\/actualite\/national-45\/manifestation-contre-les-braconniers-qataris-notre-patrimoine-naturel-nest-pas-a-vendre\/172339\/"]}]},{"@type":"ImageObject","inLanguage":"fr-FR","@id":"https:\/\/www.webdo.tn\/fr\/actualite\/national-45\/manifestation-contre-les-braconniers-qataris-notre-patrimoine-naturel-nest-pas-a-vendre\/172339\/#primaryimage","url":"https:\/\/www.webdo.tn\/fr\/wp-content\/uploads\/2025\/06\/Manifestation-contre-les-braconniers-qataris-ambassade-du-Qatar-Tunis-30-decembre-2011-photo-Webdo.tn__172339.jpg","contentUrl":"https:\/\/www.webdo.tn\/fr\/wp-content\/uploads\/2025\/06\/Manifestation-contre-les-braconniers-qataris-ambassade-du-Qatar-Tunis-30-decembre-2011-photo-Webdo.tn__172339.jpg","width":470,"height":300,"caption":"Manifestation contre les braconniers qataris : \u00abnotre patrimoine naturel n'est pas \u00e0 vendre\u00bb"},{"@type":"BreadcrumbList","@id":"https:\/\/www.webdo.tn\/fr\/actualite\/national-45\/manifestation-contre-les-braconniers-qataris-notre-patrimoine-naturel-nest-pas-a-vendre\/172339\/#breadcrumb","itemListElement":[{"@type":"ListItem","position":1,"name":"Accueil","item":"https:\/\/www.webdo.tn\/fr\/"},{"@type":"ListItem","position":2,"name":"Manifestation contre les braconniers qataris : \u00abnotre patrimoine naturel n&rsquo;est pas \u00e0 vendre\u00bb"}]},{"@type":"WebSite","@id":"https:\/\/www.webdo.tn\/fr\/#website","url":"https:\/\/www.webdo.tn\/fr\/","name":"webdo","description":"Tunisie - News en Tunisie et \u00e0 l&#039;international sur Webdo.tn","publisher":{"@id":"https:\/\/www.webdo.tn\/fr\/#organization"},"potentialAction":[{"@type":"SearchAction","target":{"@type":"EntryPoint","urlTemplate":"https:\/\/www.webdo.tn\/fr\/?s={search_term_string}"},"query-input":{"@type":"PropertyValueSpecification","valueRequired":true,"valueName":"search_term_string"}}],"inLanguage":"fr-FR"},{"@type":"Organization","@id":"https:\/\/www.webdo.tn\/fr\/#organization","name":"Webdo","alternateName":"Webdo.tn","url":"https:\/\/www.webdo.tn\/fr\/","logo":{"@type":"ImageObject","inLanguage":"fr-FR","@id":"https:\/\/www.webdo.tn\/fr\/#\/schema\/logo\/image\/","url":"https:\/\/www.webdo.tn\/fr\/wp-content\/uploads\/2025\/06\/Webdo-Tunisie_168377.jpg","contentUrl":"https:\/\/www.webdo.tn\/fr\/wp-content\/uploads\/2025\/06\/Webdo-Tunisie_168377.jpg","width":301,"height":301,"caption":"Webdo"},"image":{"@id":"https:\/\/www.webdo.tn\/fr\/#\/schema\/logo\/image\/"},"sameAs":["https:\/\/www.facebook.com\/webdotn","https:\/\/x.com\/webdo_tn"],"description":"Webdo est un m\u00e9dia num\u00e9rique tunisien fond\u00e9 en 2010, sp\u00e9cialis\u00e9 dans l\u2019actualit\u00e9 nationale et internationale, l\u2019\u00e9conomie, la soci\u00e9t\u00e9 et les analyses politiques. Le site s\u2019adresse \u00e0 un large public francophone et couvre l\u2019information tunisienne en temps r\u00e9el.","email":"redac@webdo.tn","legalName":"YNJ SARL","foundingDate":"2010-09-06","numberOfEmployees":{"@type":"QuantitativeValue","minValue":"11","maxValue":"50"}},{"@type":"Person","@id":"https:\/\/www.webdo.tn\/fr\/#\/schema\/person\/9a9c6118d687c117df8ef3cc36a4d175","name":"webdo.tn","image":{"@type":"ImageObject","inLanguage":"fr-FR","@id":"https:\/\/secure.gravatar.com\/avatar\/7ce1f28c0c3bbac99ff550b85ef8e44a6950c6ee24514fb6a5489e51d06f0298?s=96&d=mm&r=g","url":"https:\/\/secure.gravatar.com\/avatar\/7ce1f28c0c3bbac99ff550b85ef8e44a6950c6ee24514fb6a5489e51d06f0298?s=96&d=mm&r=g","contentUrl":"https:\/\/secure.gravatar.com\/avatar\/7ce1f28c0c3bbac99ff550b85ef8e44a6950c6ee24514fb6a5489e51d06f0298?s=96&d=mm&r=g","caption":"webdo.tn"},"url":"https:\/\/www.webdo.tn\/fr\/actualite\/author\/webdotn\/"}]}},"_links":{"self":[{"href":"https:\/\/www.webdo.tn\/fr\/wp-json\/wp\/v2\/posts\/172339","targetHints":{"allow":["GET"]}}],"collection":[{"href":"https:\/\/www.webdo.tn\/fr\/wp-json\/wp\/v2\/posts"}],"about":[{"href":"https:\/\/www.webdo.tn\/fr\/wp-json\/wp\/v2\/types\/post"}],"author":[{"embeddable":true,"href":"https:\/\/www.webdo.tn\/fr\/wp-json\/wp\/v2\/users\/3222"}],"replies":[{"embeddable":true,"href":"https:\/\/www.webdo.tn\/fr\/wp-json\/wp\/v2\/comments?post=172339"}],"version-history":[{"count":0,"href":"https:\/\/www.webdo.tn\/fr\/wp-json\/wp\/v2\/posts\/172339\/revisions"}],"wp:featuredmedia":[{"embeddable":true,"href":"https:\/\/www.webdo.tn\/fr\/wp-json\/wp\/v2\/media\/374575"}],"wp:attachment":[{"href":"https:\/\/www.webdo.tn\/fr\/wp-json\/wp\/v2\/media?parent=172339"}],"wp:term":[{"taxonomy":"category","embeddable":true,"href":"https:\/\/www.webdo.tn\/fr\/wp-json\/wp\/v2\/categories?post=172339"},{"taxonomy":"post_tag","embeddable":true,"href":"https:\/\/www.webdo.tn\/fr\/wp-json\/wp\/v2\/tags?post=172339"}],"curies":[{"name":"wp","href":"https:\/\/api.w.org\/{rel}","templated":true}]}}