{"id":172338,"date":"2011-12-30T20:10:00","date_gmt":"2011-12-30T20:10:00","guid":{"rendered":"https:\/\/www.webdo.tn\/fr\/blog\/adoption-de-la-loi-de-finances-un-vote-express-mais-loin-detre-serre\/172338\/"},"modified":"2011-12-30T20:10:00","modified_gmt":"2011-12-30T20:10:00","slug":"adoption-de-la-loi-de-finances-un-vote-express-mais-loin-detre-serre","status":"publish","type":"post","link":"https:\/\/www.webdo.tn\/fr\/actualite\/national\/adoption-de-la-loi-de-finances-un-vote-express-mais-loin-detre-serre\/172338\/","title":{"rendered":"Adoption de la loi de finances : un vote \u2018express\u2019 mais loin d\u2019\u00eatre \u2018serr\u00e9\u2019 !"},"content":{"rendered":"<p>Une journ\u00e9e marqu\u00e9e par l\u2019adoption de la loi de finances et du budget de l\u2019Etat aujourd\u2019hui du c\u00f4t\u00e9 de l\u2019Assembl\u00e9e constituante. Une adoption qualifi\u00e9e d\u2019 \u00ab express \u00bb par l\u2019opposition.<\/p>\n<p>Une rapidit\u00e9 expliqu\u00e9e par la \u2018tro\u00efka\u2019 par le fait que de la situation \u00e9conomique pr\u00e9caire que traverse le pays ne pouvait supporter pareilles \u2018prolongations\u2019. <\/p>\n<p>Le nouveau gouvernement ayant besoin de passer \u00e0 l\u2019acte et \u00e9viter un \u00e9ni\u00e8me round d\u2019observation. Mais dans cet ordre d\u2019id\u00e9es, la \u2018tro\u00efka\u2019 n\u2019a pas rien \u00e0 reprocher, sinon \u00e0 elle-m\u00eame. Dans la mesure o\u00f9 le trident de partis ayant la majorit\u00e9 \u00e0 l\u2019assembl\u00e9e a mis plusieurs semaines avant d\u2019accoucher d\u2019un gouvernement qui \u00e0 vrai dire ne fait pas l\u2019unanimit\u00e9 dans les milieux politiques et sociaux du pays.<\/p>\n<p>Ce fut donc un vote \u2018express\u2019 mais loin d\u2019\u00eatre \u2018serr\u00e9\u2019. Puisque le projet de la loi de finances avait \u00e9t\u00e9 majoritairement adopt\u00e9 avec 136 voix pour, 38 abstentions et un d\u00e9put\u00e9 contre, en l\u2019occurrence Ibrahim Kassas d\u2019Al Aridha Cha\u00e2bia. M\u00eame chose pour le budget de l\u2019\u00e9tat dont le nombre d\u2019abstention \u00e0 son adoption n\u2019a pas d\u00e9pass\u00e9 les 37 contre 138 votes favorables.<\/p>\n<p>Finalement le pr\u00e9sident de l\u2019AC, Mustapha Ben Ja\u00e2far a expliqu\u00e9 que ce vote en bloc n\u2019exclue la ren\u00e9gociation de certains articles \u00e0 l\u2019image de l\u2019article de 40, se rapportant sur la gestion des affaires des services fiscaux, v\u00e9ritable pomme de discorde du jour au cours de la journ\u00e9e d\u2019aujourd\u2019hui. Un article qui n\u2019a pas \u00e9t\u00e9 adopt\u00e9 et dont le vote a \u00e9t\u00e9 ajourn\u00e9 pour le mardi prochain, 3 janvier, date pr\u00e9vue pour la reprise des n\u00e9gociations des diff\u00e9rents articles inh\u00e9rents \u00e0 la loi de finances. Une loi adopt\u00e9e mais qui doit \u00eatre approuv\u00e9e par le pr\u00e9sident de la r\u00e9publique  puis publi\u00e9e au Journal Officiel de la R\u00e9publique Tunisienne (JORT) avant les trois coups de minuit de ce samedi 31 d\u00e9cembre.<\/p>\n<p>Ceci explique en grande partie l\u2019adoption en toute vitesse de cette loi de finances.<\/p>\n","protected":false},"excerpt":{"rendered":"<p>Adoption de la loi de finances : un vote \u2018express\u2019 mais loin d\u2019\u00eatre \u2018serr\u00e9\u2019 !<\/p>\n","protected":false},"author":3222,"featured_media":333857,"comment_status":"open","ping_status":"closed","sticky":false,"template":"","format":"standard","meta":{"footnotes":""},"categories":[44],"tags":[2600],"class_list":["post-172338","post","type-post","status-publish","format-standard","has-post-thumbnail","hentry","category-national","tag-guerre"],"yoast_head":"<!-- This site is optimized with the Yoast SEO Premium plugin v27.5 (Yoast SEO v27.5) - https:\/\/yoast.com\/product\/yoast-seo-premium-wordpress\/ -->\n<title>Adoption de la loi de finances : un vote \u2018express\u2019 mais loin d\u2019\u00eatre \u2018serr\u00e9\u2019 !<\/title>\n<meta name=\"description\" content=\"Adoption de la loi de finances : un vote \u2018express\u2019 mais loin d\u2019\u00eatre \u2018serr\u00e9\u2019 !\" \/>\n<link rel=\"canonical\" href=\"https:\/\/www.webdo.tn\/fr\/actualite\/national-45\/adoption-de-la-loi-de-finances-un-vote-express-mais-loin-detre-serre\/172338\/\" \/>\n<meta property=\"og:locale\" content=\"fr_FR\" \/>\n<meta property=\"og:type\" content=\"article\" \/>\n<meta property=\"og:title\" content=\"Adoption de la loi de finances : un vote \u2018express\u2019 mais loin d\u2019\u00eatre \u2018serr\u00e9\u2019 !\" \/>\n<meta property=\"og:description\" content=\"Adoption de la loi de finances : un vote \u2018express\u2019 mais loin d\u2019\u00eatre \u2018serr\u00e9\u2019 !\" \/>\n<meta property=\"og:url\" content=\"https:\/\/www.webdo.tn\/fr\/actualite\/national-45\/adoption-de-la-loi-de-finances-un-vote-express-mais-loin-detre-serre\/172338\/\" \/>\n<meta property=\"og:site_name\" content=\"webdo\" \/>\n<meta property=\"article:publisher\" content=\"https:\/\/www.facebook.com\/webdotn\" \/>\n<meta property=\"article:published_time\" content=\"2011-12-30T20:10:00+00:00\" \/>\n<meta property=\"og:image\" content=\"https:\/\/www.webdo.tn\/fr\/wp-content\/uploads\/2011\/12\/finances-150x150-1.jpg\" \/>\n\t<meta property=\"og:image:width\" content=\"150\" \/>\n\t<meta property=\"og:image:height\" content=\"150\" \/>\n\t<meta property=\"og:image:type\" content=\"image\/jpeg\" \/>\n<meta name=\"author\" content=\"webdo.tn\" \/>\n<meta name=\"twitter:card\" content=\"summary_large_image\" \/>\n<meta name=\"twitter:creator\" content=\"@webdo_tn\" \/>\n<meta name=\"twitter:site\" content=\"@webdo_tn\" \/>\n<meta name=\"twitter:label1\" content=\"\u00c9crit par\" \/>\n\t<meta name=\"twitter:data1\" content=\"webdo.tn\" \/>\n\t<meta name=\"twitter:label2\" content=\"Dur\u00e9e de lecture estim\u00e9e\" \/>\n\t<meta name=\"twitter:data2\" content=\"2 minutes\" \/>\n<script type=\"application\/ld+json\" class=\"yoast-schema-graph\">{\"@context\":\"https:\\\/\\\/schema.org\",\"@graph\":[{\"@type\":\"NewsArticle\",\"@id\":\"https:\\\/\\\/www.webdo.tn\\\/fr\\\/actualite\\\/national-45\\\/adoption-de-la-loi-de-finances-un-vote-express-mais-loin-detre-serre\\\/172338\\\/#article\",\"isPartOf\":{\"@id\":\"https:\\\/\\\/www.webdo.tn\\\/fr\\\/actualite\\\/national-45\\\/adoption-de-la-loi-de-finances-un-vote-express-mais-loin-detre-serre\\\/172338\\\/\"},\"author\":{\"name\":\"webdo.tn\",\"@id\":\"https:\\\/\\\/www.webdo.tn\\\/fr\\\/#\\\/schema\\\/person\\\/9a9c6118d687c117df8ef3cc36a4d175\"},\"headline\":\"Adoption de la loi de finances : un vote \u2018express\u2019 mais loin d\u2019\u00eatre \u2018serr\u00e9\u2019 !\",\"datePublished\":\"2011-12-30T20:10:00+00:00\",\"mainEntityOfPage\":{\"@id\":\"https:\\\/\\\/www.webdo.tn\\\/fr\\\/actualite\\\/national-45\\\/adoption-de-la-loi-de-finances-un-vote-express-mais-loin-detre-serre\\\/172338\\\/\"},\"wordCount\":374,\"commentCount\":0,\"publisher\":{\"@id\":\"https:\\\/\\\/www.webdo.tn\\\/fr\\\/#organization\"},\"image\":{\"@id\":\"https:\\\/\\\/www.webdo.tn\\\/fr\\\/actualite\\\/national-45\\\/adoption-de-la-loi-de-finances-un-vote-express-mais-loin-detre-serre\\\/172338\\\/#primaryimage\"},\"thumbnailUrl\":\"https:\\\/\\\/www.webdo.tn\\\/fr\\\/wp-content\\\/uploads\\\/2011\\\/12\\\/finances-150x150-1.jpg\",\"keywords\":[\"guerre\"],\"articleSection\":[\"National\"],\"inLanguage\":\"fr-FR\"},{\"@type\":\"WebPage\",\"@id\":\"https:\\\/\\\/www.webdo.tn\\\/fr\\\/actualite\\\/national-45\\\/adoption-de-la-loi-de-finances-un-vote-express-mais-loin-detre-serre\\\/172338\\\/\",\"url\":\"https:\\\/\\\/www.webdo.tn\\\/fr\\\/actualite\\\/national-45\\\/adoption-de-la-loi-de-finances-un-vote-express-mais-loin-detre-serre\\\/172338\\\/\",\"name\":\"Adoption de la loi de finances : un vote \u2018express\u2019 mais loin d\u2019\u00eatre \u2018serr\u00e9\u2019 !\",\"isPartOf\":{\"@id\":\"https:\\\/\\\/www.webdo.tn\\\/fr\\\/#website\"},\"primaryImageOfPage\":{\"@id\":\"https:\\\/\\\/www.webdo.tn\\\/fr\\\/actualite\\\/national-45\\\/adoption-de-la-loi-de-finances-un-vote-express-mais-loin-detre-serre\\\/172338\\\/#primaryimage\"},\"image\":{\"@id\":\"https:\\\/\\\/www.webdo.tn\\\/fr\\\/actualite\\\/national-45\\\/adoption-de-la-loi-de-finances-un-vote-express-mais-loin-detre-serre\\\/172338\\\/#primaryimage\"},\"thumbnailUrl\":\"https:\\\/\\\/www.webdo.tn\\\/fr\\\/wp-content\\\/uploads\\\/2011\\\/12\\\/finances-150x150-1.jpg\",\"datePublished\":\"2011-12-30T20:10:00+00:00\",\"description\":\"Adoption de la loi de finances : un vote \u2018express\u2019 mais loin d\u2019\u00eatre \u2018serr\u00e9\u2019 !\",\"breadcrumb\":{\"@id\":\"https:\\\/\\\/www.webdo.tn\\\/fr\\\/actualite\\\/national-45\\\/adoption-de-la-loi-de-finances-un-vote-express-mais-loin-detre-serre\\\/172338\\\/#breadcrumb\"},\"inLanguage\":\"fr-FR\",\"potentialAction\":[{\"@type\":\"ReadAction\",\"target\":[\"https:\\\/\\\/www.webdo.tn\\\/fr\\\/actualite\\\/national-45\\\/adoption-de-la-loi-de-finances-un-vote-express-mais-loin-detre-serre\\\/172338\\\/\"]}]},{\"@type\":\"ImageObject\",\"inLanguage\":\"fr-FR\",\"@id\":\"https:\\\/\\\/www.webdo.tn\\\/fr\\\/actualite\\\/national-45\\\/adoption-de-la-loi-de-finances-un-vote-express-mais-loin-detre-serre\\\/172338\\\/#primaryimage\",\"url\":\"https:\\\/\\\/www.webdo.tn\\\/fr\\\/wp-content\\\/uploads\\\/2011\\\/12\\\/finances-150x150-1.jpg\",\"contentUrl\":\"https:\\\/\\\/www.webdo.tn\\\/fr\\\/wp-content\\\/uploads\\\/2011\\\/12\\\/finances-150x150-1.jpg\",\"width\":150,\"height\":150,\"caption\":\"Adoption de la loi de finances : un vote \u2018express\u2019 mais loin d\u2019\u00eatre \u2018serr\u00e9\u2019 !\"},{\"@type\":\"BreadcrumbList\",\"@id\":\"https:\\\/\\\/www.webdo.tn\\\/fr\\\/actualite\\\/national-45\\\/adoption-de-la-loi-de-finances-un-vote-express-mais-loin-detre-serre\\\/172338\\\/#breadcrumb\",\"itemListElement\":[{\"@type\":\"ListItem\",\"position\":1,\"name\":\"Accueil\",\"item\":\"https:\\\/\\\/www.webdo.tn\\\/fr\\\/\"},{\"@type\":\"ListItem\",\"position\":2,\"name\":\"Adoption de la loi de finances : un vote \u2018express\u2019 mais loin d\u2019\u00eatre \u2018serr\u00e9\u2019 !\"}]},{\"@type\":\"WebSite\",\"@id\":\"https:\\\/\\\/www.webdo.tn\\\/fr\\\/#website\",\"url\":\"https:\\\/\\\/www.webdo.tn\\\/fr\\\/\",\"name\":\"webdo\",\"description\":\"Tunisie - News en Tunisie et \u00e0 l&#039;international sur Webdo.tn\",\"publisher\":{\"@id\":\"https:\\\/\\\/www.webdo.tn\\\/fr\\\/#organization\"},\"potentialAction\":[{\"@type\":\"SearchAction\",\"target\":{\"@type\":\"EntryPoint\",\"urlTemplate\":\"https:\\\/\\\/www.webdo.tn\\\/fr\\\/?s={search_term_string}\"},\"query-input\":{\"@type\":\"PropertyValueSpecification\",\"valueRequired\":true,\"valueName\":\"search_term_string\"}}],\"inLanguage\":\"fr-FR\"},{\"@type\":\"Organization\",\"@id\":\"https:\\\/\\\/www.webdo.tn\\\/fr\\\/#organization\",\"name\":\"Webdo\",\"alternateName\":\"Webdo.tn\",\"url\":\"https:\\\/\\\/www.webdo.tn\\\/fr\\\/\",\"logo\":{\"@type\":\"ImageObject\",\"inLanguage\":\"fr-FR\",\"@id\":\"https:\\\/\\\/www.webdo.tn\\\/fr\\\/#\\\/schema\\\/logo\\\/image\\\/\",\"url\":\"https:\\\/\\\/www.webdo.tn\\\/fr\\\/wp-content\\\/uploads\\\/2025\\\/06\\\/Webdo-Tunisie_168377.jpg\",\"contentUrl\":\"https:\\\/\\\/www.webdo.tn\\\/fr\\\/wp-content\\\/uploads\\\/2025\\\/06\\\/Webdo-Tunisie_168377.jpg\",\"width\":301,\"height\":301,\"caption\":\"Webdo\"},\"image\":{\"@id\":\"https:\\\/\\\/www.webdo.tn\\\/fr\\\/#\\\/schema\\\/logo\\\/image\\\/\"},\"sameAs\":[\"https:\\\/\\\/www.facebook.com\\\/webdotn\",\"https:\\\/\\\/x.com\\\/webdo_tn\"],\"description\":\"Webdo est un m\u00e9dia num\u00e9rique tunisien fond\u00e9 en 2010, sp\u00e9cialis\u00e9 dans l\u2019actualit\u00e9 nationale et internationale, l\u2019\u00e9conomie, la soci\u00e9t\u00e9 et les analyses politiques. Le site s\u2019adresse \u00e0 un large public francophone et couvre l\u2019information tunisienne en temps r\u00e9el.\",\"email\":\"redac@webdo.tn\",\"legalName\":\"YNJ SARL\",\"foundingDate\":\"2010-09-06\",\"numberOfEmployees\":{\"@type\":\"QuantitativeValue\",\"minValue\":\"11\",\"maxValue\":\"50\"}},{\"@type\":\"Person\",\"@id\":\"https:\\\/\\\/www.webdo.tn\\\/fr\\\/#\\\/schema\\\/person\\\/9a9c6118d687c117df8ef3cc36a4d175\",\"name\":\"webdo.tn\",\"image\":{\"@type\":\"ImageObject\",\"inLanguage\":\"fr-FR\",\"@id\":\"https:\\\/\\\/secure.gravatar.com\\\/avatar\\\/7ce1f28c0c3bbac99ff550b85ef8e44a6950c6ee24514fb6a5489e51d06f0298?s=96&d=mm&r=g\",\"url\":\"https:\\\/\\\/secure.gravatar.com\\\/avatar\\\/7ce1f28c0c3bbac99ff550b85ef8e44a6950c6ee24514fb6a5489e51d06f0298?s=96&d=mm&r=g\",\"contentUrl\":\"https:\\\/\\\/secure.gravatar.com\\\/avatar\\\/7ce1f28c0c3bbac99ff550b85ef8e44a6950c6ee24514fb6a5489e51d06f0298?s=96&d=mm&r=g\",\"caption\":\"webdo.tn\"},\"url\":\"https:\\\/\\\/www.webdo.tn\\\/fr\\\/actualite\\\/author\\\/webdotn\\\/\"}]}<\/script>\n<!-- \/ Yoast SEO Premium plugin. -->","yoast_head_json":{"title":"Adoption de la loi de finances : un vote \u2018express\u2019 mais loin d\u2019\u00eatre \u2018serr\u00e9\u2019 !","description":"Adoption de la loi de finances : un vote \u2018express\u2019 mais loin d\u2019\u00eatre \u2018serr\u00e9\u2019 !","canonical":"https:\/\/www.webdo.tn\/fr\/actualite\/national-45\/adoption-de-la-loi-de-finances-un-vote-express-mais-loin-detre-serre\/172338\/","og_locale":"fr_FR","og_type":"article","og_title":"Adoption de la loi de finances : un vote \u2018express\u2019 mais loin d\u2019\u00eatre \u2018serr\u00e9\u2019 !","og_description":"Adoption de la loi de finances : un vote \u2018express\u2019 mais loin d\u2019\u00eatre \u2018serr\u00e9\u2019 !","og_url":"https:\/\/www.webdo.tn\/fr\/actualite\/national-45\/adoption-de-la-loi-de-finances-un-vote-express-mais-loin-detre-serre\/172338\/","og_site_name":"webdo","article_publisher":"https:\/\/www.facebook.com\/webdotn","article_published_time":"2011-12-30T20:10:00+00:00","og_image":[{"width":150,"height":150,"url":"https:\/\/www.webdo.tn\/fr\/wp-content\/uploads\/2011\/12\/finances-150x150-1.jpg","type":"image\/jpeg"}],"author":"webdo.tn","twitter_card":"summary_large_image","twitter_creator":"@webdo_tn","twitter_site":"@webdo_tn","twitter_misc":{"\u00c9crit par":"webdo.tn","Dur\u00e9e de lecture estim\u00e9e":"2 minutes"},"schema":{"@context":"https:\/\/schema.org","@graph":[{"@type":"NewsArticle","@id":"https:\/\/www.webdo.tn\/fr\/actualite\/national-45\/adoption-de-la-loi-de-finances-un-vote-express-mais-loin-detre-serre\/172338\/#article","isPartOf":{"@id":"https:\/\/www.webdo.tn\/fr\/actualite\/national-45\/adoption-de-la-loi-de-finances-un-vote-express-mais-loin-detre-serre\/172338\/"},"author":{"name":"webdo.tn","@id":"https:\/\/www.webdo.tn\/fr\/#\/schema\/person\/9a9c6118d687c117df8ef3cc36a4d175"},"headline":"Adoption de la loi de finances : un vote \u2018express\u2019 mais loin d\u2019\u00eatre \u2018serr\u00e9\u2019 !","datePublished":"2011-12-30T20:10:00+00:00","mainEntityOfPage":{"@id":"https:\/\/www.webdo.tn\/fr\/actualite\/national-45\/adoption-de-la-loi-de-finances-un-vote-express-mais-loin-detre-serre\/172338\/"},"wordCount":374,"commentCount":0,"publisher":{"@id":"https:\/\/www.webdo.tn\/fr\/#organization"},"image":{"@id":"https:\/\/www.webdo.tn\/fr\/actualite\/national-45\/adoption-de-la-loi-de-finances-un-vote-express-mais-loin-detre-serre\/172338\/#primaryimage"},"thumbnailUrl":"https:\/\/www.webdo.tn\/fr\/wp-content\/uploads\/2011\/12\/finances-150x150-1.jpg","keywords":["guerre"],"articleSection":["National"],"inLanguage":"fr-FR"},{"@type":"WebPage","@id":"https:\/\/www.webdo.tn\/fr\/actualite\/national-45\/adoption-de-la-loi-de-finances-un-vote-express-mais-loin-detre-serre\/172338\/","url":"https:\/\/www.webdo.tn\/fr\/actualite\/national-45\/adoption-de-la-loi-de-finances-un-vote-express-mais-loin-detre-serre\/172338\/","name":"Adoption de la loi de finances : un vote \u2018express\u2019 mais loin d\u2019\u00eatre \u2018serr\u00e9\u2019 !","isPartOf":{"@id":"https:\/\/www.webdo.tn\/fr\/#website"},"primaryImageOfPage":{"@id":"https:\/\/www.webdo.tn\/fr\/actualite\/national-45\/adoption-de-la-loi-de-finances-un-vote-express-mais-loin-detre-serre\/172338\/#primaryimage"},"image":{"@id":"https:\/\/www.webdo.tn\/fr\/actualite\/national-45\/adoption-de-la-loi-de-finances-un-vote-express-mais-loin-detre-serre\/172338\/#primaryimage"},"thumbnailUrl":"https:\/\/www.webdo.tn\/fr\/wp-content\/uploads\/2011\/12\/finances-150x150-1.jpg","datePublished":"2011-12-30T20:10:00+00:00","description":"Adoption de la loi de finances : un vote \u2018express\u2019 mais loin d\u2019\u00eatre \u2018serr\u00e9\u2019 !","breadcrumb":{"@id":"https:\/\/www.webdo.tn\/fr\/actualite\/national-45\/adoption-de-la-loi-de-finances-un-vote-express-mais-loin-detre-serre\/172338\/#breadcrumb"},"inLanguage":"fr-FR","potentialAction":[{"@type":"ReadAction","target":["https:\/\/www.webdo.tn\/fr\/actualite\/national-45\/adoption-de-la-loi-de-finances-un-vote-express-mais-loin-detre-serre\/172338\/"]}]},{"@type":"ImageObject","inLanguage":"fr-FR","@id":"https:\/\/www.webdo.tn\/fr\/actualite\/national-45\/adoption-de-la-loi-de-finances-un-vote-express-mais-loin-detre-serre\/172338\/#primaryimage","url":"https:\/\/www.webdo.tn\/fr\/wp-content\/uploads\/2011\/12\/finances-150x150-1.jpg","contentUrl":"https:\/\/www.webdo.tn\/fr\/wp-content\/uploads\/2011\/12\/finances-150x150-1.jpg","width":150,"height":150,"caption":"Adoption de la loi de finances : un vote \u2018express\u2019 mais loin d\u2019\u00eatre \u2018serr\u00e9\u2019 !"},{"@type":"BreadcrumbList","@id":"https:\/\/www.webdo.tn\/fr\/actualite\/national-45\/adoption-de-la-loi-de-finances-un-vote-express-mais-loin-detre-serre\/172338\/#breadcrumb","itemListElement":[{"@type":"ListItem","position":1,"name":"Accueil","item":"https:\/\/www.webdo.tn\/fr\/"},{"@type":"ListItem","position":2,"name":"Adoption de la loi de finances : un vote \u2018express\u2019 mais loin d\u2019\u00eatre \u2018serr\u00e9\u2019 !"}]},{"@type":"WebSite","@id":"https:\/\/www.webdo.tn\/fr\/#website","url":"https:\/\/www.webdo.tn\/fr\/","name":"webdo","description":"Tunisie - News en Tunisie et \u00e0 l&#039;international sur Webdo.tn","publisher":{"@id":"https:\/\/www.webdo.tn\/fr\/#organization"},"potentialAction":[{"@type":"SearchAction","target":{"@type":"EntryPoint","urlTemplate":"https:\/\/www.webdo.tn\/fr\/?s={search_term_string}"},"query-input":{"@type":"PropertyValueSpecification","valueRequired":true,"valueName":"search_term_string"}}],"inLanguage":"fr-FR"},{"@type":"Organization","@id":"https:\/\/www.webdo.tn\/fr\/#organization","name":"Webdo","alternateName":"Webdo.tn","url":"https:\/\/www.webdo.tn\/fr\/","logo":{"@type":"ImageObject","inLanguage":"fr-FR","@id":"https:\/\/www.webdo.tn\/fr\/#\/schema\/logo\/image\/","url":"https:\/\/www.webdo.tn\/fr\/wp-content\/uploads\/2025\/06\/Webdo-Tunisie_168377.jpg","contentUrl":"https:\/\/www.webdo.tn\/fr\/wp-content\/uploads\/2025\/06\/Webdo-Tunisie_168377.jpg","width":301,"height":301,"caption":"Webdo"},"image":{"@id":"https:\/\/www.webdo.tn\/fr\/#\/schema\/logo\/image\/"},"sameAs":["https:\/\/www.facebook.com\/webdotn","https:\/\/x.com\/webdo_tn"],"description":"Webdo est un m\u00e9dia num\u00e9rique tunisien fond\u00e9 en 2010, sp\u00e9cialis\u00e9 dans l\u2019actualit\u00e9 nationale et internationale, l\u2019\u00e9conomie, la soci\u00e9t\u00e9 et les analyses politiques. Le site s\u2019adresse \u00e0 un large public francophone et couvre l\u2019information tunisienne en temps r\u00e9el.","email":"redac@webdo.tn","legalName":"YNJ SARL","foundingDate":"2010-09-06","numberOfEmployees":{"@type":"QuantitativeValue","minValue":"11","maxValue":"50"}},{"@type":"Person","@id":"https:\/\/www.webdo.tn\/fr\/#\/schema\/person\/9a9c6118d687c117df8ef3cc36a4d175","name":"webdo.tn","image":{"@type":"ImageObject","inLanguage":"fr-FR","@id":"https:\/\/secure.gravatar.com\/avatar\/7ce1f28c0c3bbac99ff550b85ef8e44a6950c6ee24514fb6a5489e51d06f0298?s=96&d=mm&r=g","url":"https:\/\/secure.gravatar.com\/avatar\/7ce1f28c0c3bbac99ff550b85ef8e44a6950c6ee24514fb6a5489e51d06f0298?s=96&d=mm&r=g","contentUrl":"https:\/\/secure.gravatar.com\/avatar\/7ce1f28c0c3bbac99ff550b85ef8e44a6950c6ee24514fb6a5489e51d06f0298?s=96&d=mm&r=g","caption":"webdo.tn"},"url":"https:\/\/www.webdo.tn\/fr\/actualite\/author\/webdotn\/"}]}},"_links":{"self":[{"href":"https:\/\/www.webdo.tn\/fr\/wp-json\/wp\/v2\/posts\/172338","targetHints":{"allow":["GET"]}}],"collection":[{"href":"https:\/\/www.webdo.tn\/fr\/wp-json\/wp\/v2\/posts"}],"about":[{"href":"https:\/\/www.webdo.tn\/fr\/wp-json\/wp\/v2\/types\/post"}],"author":[{"embeddable":true,"href":"https:\/\/www.webdo.tn\/fr\/wp-json\/wp\/v2\/users\/3222"}],"replies":[{"embeddable":true,"href":"https:\/\/www.webdo.tn\/fr\/wp-json\/wp\/v2\/comments?post=172338"}],"version-history":[{"count":0,"href":"https:\/\/www.webdo.tn\/fr\/wp-json\/wp\/v2\/posts\/172338\/revisions"}],"wp:featuredmedia":[{"embeddable":true,"href":"https:\/\/www.webdo.tn\/fr\/wp-json\/wp\/v2\/media\/333857"}],"wp:attachment":[{"href":"https:\/\/www.webdo.tn\/fr\/wp-json\/wp\/v2\/media?parent=172338"}],"wp:term":[{"taxonomy":"category","embeddable":true,"href":"https:\/\/www.webdo.tn\/fr\/wp-json\/wp\/v2\/categories?post=172338"},{"taxonomy":"post_tag","embeddable":true,"href":"https:\/\/www.webdo.tn\/fr\/wp-json\/wp\/v2\/tags?post=172338"}],"curies":[{"name":"wp","href":"https:\/\/api.w.org\/{rel}","templated":true}]}}