{"id":172334,"date":"2012-01-02T15:55:00","date_gmt":"2012-01-02T15:55:00","guid":{"rendered":"https:\/\/www.webdo.tn\/fr\/blog\/politique-economique-la-troika-navigue-a-vue\/172334\/"},"modified":"2012-01-02T15:55:00","modified_gmt":"2012-01-02T15:55:00","slug":"politique-economique-la-troika-navigue-a-vue","status":"publish","type":"post","link":"https:\/\/www.webdo.tn\/fr\/actualite\/national\/politique-economique-la-troika-navigue-a-vue\/172334\/","title":{"rendered":"Politique \u00e9conomique : la Tro\u00efka navigue \u00e0 vue ?"},"content":{"rendered":"<p>On ne pouvait pas faire autrement, d\u00e9j\u00e0 pour passer \u00e0 la vitesse de la lumi\u00e8re, la loi de finances \u00e0 d\u00fb lober-louvoyer comme pas possible. Apr\u00e8s tout, \u00e7a sert \u00e0 \u00e7a la Tro\u00efka lorsque l&rsquo;on a plus le temps pour tout expliquer. La nouvelle gouvernance n&rsquo;a pas de strat\u00e9gie, mais, elle dispose de la majorit\u00e9, vous comprenez. En clair, on navigue \u00e0 vue.<\/p>\n<p>Marzougui est en Libye pour trouver la solution miracle. Peu importe qu&rsquo;ils nous tirent dessus \u00e0 la fronti\u00e8re alors que nous le soignons et recevons chez nous. C&rsquo;est que c&rsquo;est la Libye et qu&rsquo;il y a 200.000 jobs qui attendent l\u00e0-bas! 400.000 valorise celui-l\u00e0, un million d&#8217;emplois pour tout reconstruire dans ce pays! Eh oui, mart\u00e8le ce dernier.<\/p>\n<p>Le probl\u00e8me c&rsquo;est que les travailleurs du monde entier affluent vers la Libye. Soudanais, Maliens , Nig\u00e9riens, \u00c9gyptiens,Turcs&#8230;font la queue. Nous aussi. Vous comprenez que les 25000 emplois pr\u00e9vus au budget sont tr\u00e8s, tr\u00e8s loin du compte. Et encore comment y parvenir avec un budget de 60% de ressources sur l&rsquo;\u00e9pargne. Une \u00e9pargne que les faiseurs de la politique mon\u00e9taire veulent r\u00e9mun\u00e9rer pour moins que le niveau d&rsquo;inflation qui parait-il n&rsquo;est que de 3,5%! Mais comment ils font pour calculer ces taux? Et \u00e0 combien notre pays compte r\u00e9mun\u00e9rer la dette qu&rsquo;il souhaite engranger pour le reliquat de financement du budget avec une note souveraine sous surveillance n\u00e9gative? D\u00e9j\u00e0 l&rsquo;Italie claque du 7% pour les Bons d&rsquo;Etat \u00e0 10 ans.<\/p>\n<p>Bon, vous comptez augmenter les salaires. Oui, mais Keynes a pr\u00e9venu que c&rsquo;est l\u00e0 une solution \u00e0 court terme. Et si la machine reste gripp\u00e9e, \u00e7a va encore faire monter les prix que d&rsquo;injecter du pognon comme \u00e7a alors que la r\u00e9cession est de service. 0% en 2011, combien en 2012? Les banques ont d\u00e9j\u00e0 tout donn\u00e9. Du temps de \u00ab\u00a0l&rsquo;autre\u00a0\u00bb 3000 millions de dinars (3milliards si vous pr\u00e9f\u00e9rez) sont partis en fum\u00e9e. Du temps de \u00ab\u00a0celui-ci\u00a0\u00bb il ne reste plus rien en r\u00e9serves. Vous parlez d&rsquo;une ind\u00e9pendance pour tant d&rsquo;amateurisme? Il faut tout recapitaliser dans ce secteur exsangue,tout comme dans celui du leasing qui n&rsquo;arrive plus a r\u00e9cup\u00e9rer ses billes. Mais le march\u00e9 financier n&rsquo;est plus dupe. L&rsquo;actionnaire idiot, c&rsquo;est du pass\u00e9! Vous le savez, m\u00eame les carnets de commandes chez nos entreprises ne sont plus pleins comme du temps o\u00f9 l&rsquo;Europe allait bien. Tourisme en berne, phosphate un jour braqu\u00e9 un autre lib\u00e9r\u00e9, un jour on exporte toute la volaille sur la Libye, un autre pas moyen d&rsquo;y \u00e9couler un poulet. C&rsquo;est vous dire avec 6% de d\u00e9ficit budg\u00e9taire.<\/p>\n<p>Serrez ceinture mesdames et messieurs! C&rsquo;est le mot d&rsquo;ordre de la renaissance. Car, la Libye ne fait que commencer sa r\u00e9surrection vers une d\u00e9mocratie qui risque de ne pas fleurir facile, \u00e0 en voir la terrible cassure sociale qui s&rsquo;est exacerb\u00e9e au lendemain du coup de main de l&rsquo;OTAN&#8230;C&rsquo;est vous dire combien le chemin parait bien long pour envisager des relations fructueuses stables et durables alors m\u00eame que ce n&rsquo;est pas la volont\u00e9 des deux pays qui manque en t\u00e9moigne les visites d&rsquo;affaires de par et d&rsquo;autre et les rapprochements que les patronats des deux pays tentent de relancer.<\/p>\n<p>Y a t&rsquo; il une priorit\u00e9 pour la Tunisie qui \u00e0 la place des obus avait pr\u00e9f\u00e9r\u00e9 recevoir ces centaines de milliers de r\u00e9fugi\u00e9s fuyant la guerre et tous ces bless\u00e9s que nos m\u00e9decins et h\u00f4pitaux ont soign\u00e9s? Aux derni\u00e8res nouvelles les nouveaux patrons de la Libye passent au peigne fin tous ceux qui traversent la fronti\u00e8re et tout ce qui y transite, y compris les marchandises vers la Libye, maintenant que les ports libyens ont repris du service et que les bateaux arrivant de partout s&rsquo;y accostent sans probl\u00e8me.<\/p>\n<p>Au total, si les Tunisiens sont fiers d&rsquo;avoir lanc\u00e9 le mouvement du printemps arabe, ils semblent tourner en rond pour identifier la feuille de route idoine pour s&rsquo;en sortir et atteindre le bien-\u00eatre \u00e9conomique et social tant attendu par nous et tant promis par eux. \u00c9tablir une feuille de route pour traiter simultan\u00e9ment l&rsquo;\u00e9conomique, le social et le politique devient une urgence. C&rsquo;est d&rsquo;autant plus compliqu\u00e9 que l&rsquo;\u00e9quipe qui forme la nouvelle gouvernance a besoin de temps pour prendre passation efficace des dossiers en cours. Mais peut-\u00eatre avec la volont\u00e9 de dieu, qui sait ?<\/p>\n","protected":false},"excerpt":{"rendered":"<p>Politique \u00e9conomique : la Tro\u00efka navigue \u00e0 vue ?<\/p>\n","protected":false},"author":3222,"featured_media":333842,"comment_status":"open","ping_status":"closed","sticky":false,"template":"","format":"standard","meta":{"footnotes":""},"categories":[44],"tags":[2600],"class_list":["post-172334","post","type-post","status-publish","format-standard","has-post-thumbnail","hentry","category-national","tag-guerre"],"yoast_head":"<!-- This site is optimized with the Yoast SEO Premium plugin v27.5 (Yoast SEO v27.5) - https:\/\/yoast.com\/product\/yoast-seo-premium-wordpress\/ -->\n<title>Politique \u00e9conomique : la Tro\u00efka navigue \u00e0 vue ?<\/title>\n<meta name=\"description\" content=\"Politique \u00e9conomique : la Tro\u00efka navigue \u00e0 vue ?\" \/>\n<link rel=\"canonical\" href=\"https:\/\/www.webdo.tn\/fr\/actualite\/national-45\/politique-economique-la-troika-navigue-a-vue\/172334\/\" \/>\n<meta property=\"og:locale\" content=\"fr_FR\" \/>\n<meta property=\"og:type\" content=\"article\" \/>\n<meta property=\"og:title\" content=\"Politique \u00e9conomique : la Tro\u00efka navigue \u00e0 vue ?\" \/>\n<meta property=\"og:description\" content=\"Politique \u00e9conomique : la Tro\u00efka navigue \u00e0 vue ?\" \/>\n<meta property=\"og:url\" content=\"https:\/\/www.webdo.tn\/fr\/actualite\/national-45\/politique-economique-la-troika-navigue-a-vue\/172334\/\" \/>\n<meta property=\"og:site_name\" content=\"webdo\" \/>\n<meta property=\"article:publisher\" content=\"https:\/\/www.facebook.com\/webdotn\" \/>\n<meta property=\"article:published_time\" content=\"2012-01-02T15:55:00+00:00\" \/>\n<meta property=\"og:image\" content=\"https:\/\/www.webdo.tn\/fr\/wp-content\/uploads\/2012\/01\/Ben-Jaafar-Marzouki-et-Jebali-photo-lexpressiondz.com_-1.jpg\" \/>\n\t<meta property=\"og:image:width\" content=\"350\" \/>\n\t<meta property=\"og:image:height\" content=\"233\" \/>\n\t<meta property=\"og:image:type\" content=\"image\/jpeg\" \/>\n<meta name=\"author\" content=\"webdo.tn\" \/>\n<meta name=\"twitter:card\" content=\"summary_large_image\" \/>\n<meta name=\"twitter:creator\" content=\"@webdo_tn\" \/>\n<meta name=\"twitter:site\" content=\"@webdo_tn\" \/>\n<meta name=\"twitter:label1\" content=\"\u00c9crit par\" \/>\n\t<meta name=\"twitter:data1\" content=\"webdo.tn\" \/>\n\t<meta name=\"twitter:label2\" content=\"Dur\u00e9e de lecture estim\u00e9e\" \/>\n\t<meta name=\"twitter:data2\" content=\"4 minutes\" \/>\n<script type=\"application\/ld+json\" class=\"yoast-schema-graph\">{\"@context\":\"https:\\\/\\\/schema.org\",\"@graph\":[{\"@type\":\"NewsArticle\",\"@id\":\"https:\\\/\\\/www.webdo.tn\\\/fr\\\/actualite\\\/national-45\\\/politique-economique-la-troika-navigue-a-vue\\\/172334\\\/#article\",\"isPartOf\":{\"@id\":\"https:\\\/\\\/www.webdo.tn\\\/fr\\\/actualite\\\/national-45\\\/politique-economique-la-troika-navigue-a-vue\\\/172334\\\/\"},\"author\":{\"name\":\"webdo.tn\",\"@id\":\"https:\\\/\\\/www.webdo.tn\\\/fr\\\/#\\\/schema\\\/person\\\/9a9c6118d687c117df8ef3cc36a4d175\"},\"headline\":\"Politique \u00e9conomique : la Tro\u00efka navigue \u00e0 vue ?\",\"datePublished\":\"2012-01-02T15:55:00+00:00\",\"mainEntityOfPage\":{\"@id\":\"https:\\\/\\\/www.webdo.tn\\\/fr\\\/actualite\\\/national-45\\\/politique-economique-la-troika-navigue-a-vue\\\/172334\\\/\"},\"wordCount\":788,\"commentCount\":0,\"publisher\":{\"@id\":\"https:\\\/\\\/www.webdo.tn\\\/fr\\\/#organization\"},\"image\":{\"@id\":\"https:\\\/\\\/www.webdo.tn\\\/fr\\\/actualite\\\/national-45\\\/politique-economique-la-troika-navigue-a-vue\\\/172334\\\/#primaryimage\"},\"thumbnailUrl\":\"https:\\\/\\\/www.webdo.tn\\\/fr\\\/wp-content\\\/uploads\\\/2012\\\/01\\\/Ben-Jaafar-Marzouki-et-Jebali-photo-lexpressiondz.com_-1.jpg\",\"keywords\":[\"guerre\"],\"articleSection\":[\"National\"],\"inLanguage\":\"fr-FR\"},{\"@type\":\"WebPage\",\"@id\":\"https:\\\/\\\/www.webdo.tn\\\/fr\\\/actualite\\\/national-45\\\/politique-economique-la-troika-navigue-a-vue\\\/172334\\\/\",\"url\":\"https:\\\/\\\/www.webdo.tn\\\/fr\\\/actualite\\\/national-45\\\/politique-economique-la-troika-navigue-a-vue\\\/172334\\\/\",\"name\":\"Politique \u00e9conomique : la Tro\u00efka navigue \u00e0 vue ?\",\"isPartOf\":{\"@id\":\"https:\\\/\\\/www.webdo.tn\\\/fr\\\/#website\"},\"primaryImageOfPage\":{\"@id\":\"https:\\\/\\\/www.webdo.tn\\\/fr\\\/actualite\\\/national-45\\\/politique-economique-la-troika-navigue-a-vue\\\/172334\\\/#primaryimage\"},\"image\":{\"@id\":\"https:\\\/\\\/www.webdo.tn\\\/fr\\\/actualite\\\/national-45\\\/politique-economique-la-troika-navigue-a-vue\\\/172334\\\/#primaryimage\"},\"thumbnailUrl\":\"https:\\\/\\\/www.webdo.tn\\\/fr\\\/wp-content\\\/uploads\\\/2012\\\/01\\\/Ben-Jaafar-Marzouki-et-Jebali-photo-lexpressiondz.com_-1.jpg\",\"datePublished\":\"2012-01-02T15:55:00+00:00\",\"description\":\"Politique \u00e9conomique : la Tro\u00efka navigue \u00e0 vue ?\",\"breadcrumb\":{\"@id\":\"https:\\\/\\\/www.webdo.tn\\\/fr\\\/actualite\\\/national-45\\\/politique-economique-la-troika-navigue-a-vue\\\/172334\\\/#breadcrumb\"},\"inLanguage\":\"fr-FR\",\"potentialAction\":[{\"@type\":\"ReadAction\",\"target\":[\"https:\\\/\\\/www.webdo.tn\\\/fr\\\/actualite\\\/national-45\\\/politique-economique-la-troika-navigue-a-vue\\\/172334\\\/\"]}]},{\"@type\":\"ImageObject\",\"inLanguage\":\"fr-FR\",\"@id\":\"https:\\\/\\\/www.webdo.tn\\\/fr\\\/actualite\\\/national-45\\\/politique-economique-la-troika-navigue-a-vue\\\/172334\\\/#primaryimage\",\"url\":\"https:\\\/\\\/www.webdo.tn\\\/fr\\\/wp-content\\\/uploads\\\/2012\\\/01\\\/Ben-Jaafar-Marzouki-et-Jebali-photo-lexpressiondz.com_-1.jpg\",\"contentUrl\":\"https:\\\/\\\/www.webdo.tn\\\/fr\\\/wp-content\\\/uploads\\\/2012\\\/01\\\/Ben-Jaafar-Marzouki-et-Jebali-photo-lexpressiondz.com_-1.jpg\",\"width\":350,\"height\":233,\"caption\":\"Politique \u00e9conomique : la Tro\u00efka navigue \u00e0 vue ?\"},{\"@type\":\"BreadcrumbList\",\"@id\":\"https:\\\/\\\/www.webdo.tn\\\/fr\\\/actualite\\\/national-45\\\/politique-economique-la-troika-navigue-a-vue\\\/172334\\\/#breadcrumb\",\"itemListElement\":[{\"@type\":\"ListItem\",\"position\":1,\"name\":\"Accueil\",\"item\":\"https:\\\/\\\/www.webdo.tn\\\/fr\\\/\"},{\"@type\":\"ListItem\",\"position\":2,\"name\":\"Politique \u00e9conomique : la Tro\u00efka navigue \u00e0 vue ?\"}]},{\"@type\":\"WebSite\",\"@id\":\"https:\\\/\\\/www.webdo.tn\\\/fr\\\/#website\",\"url\":\"https:\\\/\\\/www.webdo.tn\\\/fr\\\/\",\"name\":\"webdo\",\"description\":\"Tunisie - News en Tunisie et \u00e0 l&#039;international sur Webdo.tn\",\"publisher\":{\"@id\":\"https:\\\/\\\/www.webdo.tn\\\/fr\\\/#organization\"},\"potentialAction\":[{\"@type\":\"SearchAction\",\"target\":{\"@type\":\"EntryPoint\",\"urlTemplate\":\"https:\\\/\\\/www.webdo.tn\\\/fr\\\/?s={search_term_string}\"},\"query-input\":{\"@type\":\"PropertyValueSpecification\",\"valueRequired\":true,\"valueName\":\"search_term_string\"}}],\"inLanguage\":\"fr-FR\"},{\"@type\":\"Organization\",\"@id\":\"https:\\\/\\\/www.webdo.tn\\\/fr\\\/#organization\",\"name\":\"Webdo\",\"alternateName\":\"Webdo.tn\",\"url\":\"https:\\\/\\\/www.webdo.tn\\\/fr\\\/\",\"logo\":{\"@type\":\"ImageObject\",\"inLanguage\":\"fr-FR\",\"@id\":\"https:\\\/\\\/www.webdo.tn\\\/fr\\\/#\\\/schema\\\/logo\\\/image\\\/\",\"url\":\"https:\\\/\\\/www.webdo.tn\\\/fr\\\/wp-content\\\/uploads\\\/2025\\\/06\\\/Webdo-Tunisie_168377.jpg\",\"contentUrl\":\"https:\\\/\\\/www.webdo.tn\\\/fr\\\/wp-content\\\/uploads\\\/2025\\\/06\\\/Webdo-Tunisie_168377.jpg\",\"width\":301,\"height\":301,\"caption\":\"Webdo\"},\"image\":{\"@id\":\"https:\\\/\\\/www.webdo.tn\\\/fr\\\/#\\\/schema\\\/logo\\\/image\\\/\"},\"sameAs\":[\"https:\\\/\\\/www.facebook.com\\\/webdotn\",\"https:\\\/\\\/x.com\\\/webdo_tn\"],\"description\":\"Webdo est un m\u00e9dia num\u00e9rique tunisien fond\u00e9 en 2010, sp\u00e9cialis\u00e9 dans l\u2019actualit\u00e9 nationale et internationale, l\u2019\u00e9conomie, la soci\u00e9t\u00e9 et les analyses politiques. Le site s\u2019adresse \u00e0 un large public francophone et couvre l\u2019information tunisienne en temps r\u00e9el.\",\"email\":\"redac@webdo.tn\",\"legalName\":\"YNJ SARL\",\"foundingDate\":\"2010-09-06\",\"numberOfEmployees\":{\"@type\":\"QuantitativeValue\",\"minValue\":\"11\",\"maxValue\":\"50\"}},{\"@type\":\"Person\",\"@id\":\"https:\\\/\\\/www.webdo.tn\\\/fr\\\/#\\\/schema\\\/person\\\/9a9c6118d687c117df8ef3cc36a4d175\",\"name\":\"webdo.tn\",\"image\":{\"@type\":\"ImageObject\",\"inLanguage\":\"fr-FR\",\"@id\":\"https:\\\/\\\/secure.gravatar.com\\\/avatar\\\/7ce1f28c0c3bbac99ff550b85ef8e44a6950c6ee24514fb6a5489e51d06f0298?s=96&d=mm&r=g\",\"url\":\"https:\\\/\\\/secure.gravatar.com\\\/avatar\\\/7ce1f28c0c3bbac99ff550b85ef8e44a6950c6ee24514fb6a5489e51d06f0298?s=96&d=mm&r=g\",\"contentUrl\":\"https:\\\/\\\/secure.gravatar.com\\\/avatar\\\/7ce1f28c0c3bbac99ff550b85ef8e44a6950c6ee24514fb6a5489e51d06f0298?s=96&d=mm&r=g\",\"caption\":\"webdo.tn\"},\"url\":\"https:\\\/\\\/www.webdo.tn\\\/fr\\\/actualite\\\/author\\\/webdotn\\\/\"}]}<\/script>\n<!-- \/ Yoast SEO Premium plugin. -->","yoast_head_json":{"title":"Politique \u00e9conomique : la Tro\u00efka navigue \u00e0 vue ?","description":"Politique \u00e9conomique : la Tro\u00efka navigue \u00e0 vue ?","canonical":"https:\/\/www.webdo.tn\/fr\/actualite\/national-45\/politique-economique-la-troika-navigue-a-vue\/172334\/","og_locale":"fr_FR","og_type":"article","og_title":"Politique \u00e9conomique : la Tro\u00efka navigue \u00e0 vue ?","og_description":"Politique \u00e9conomique : la Tro\u00efka navigue \u00e0 vue ?","og_url":"https:\/\/www.webdo.tn\/fr\/actualite\/national-45\/politique-economique-la-troika-navigue-a-vue\/172334\/","og_site_name":"webdo","article_publisher":"https:\/\/www.facebook.com\/webdotn","article_published_time":"2012-01-02T15:55:00+00:00","og_image":[{"width":350,"height":233,"url":"https:\/\/www.webdo.tn\/fr\/wp-content\/uploads\/2012\/01\/Ben-Jaafar-Marzouki-et-Jebali-photo-lexpressiondz.com_-1.jpg","type":"image\/jpeg"}],"author":"webdo.tn","twitter_card":"summary_large_image","twitter_creator":"@webdo_tn","twitter_site":"@webdo_tn","twitter_misc":{"\u00c9crit par":"webdo.tn","Dur\u00e9e de lecture estim\u00e9e":"4 minutes"},"schema":{"@context":"https:\/\/schema.org","@graph":[{"@type":"NewsArticle","@id":"https:\/\/www.webdo.tn\/fr\/actualite\/national-45\/politique-economique-la-troika-navigue-a-vue\/172334\/#article","isPartOf":{"@id":"https:\/\/www.webdo.tn\/fr\/actualite\/national-45\/politique-economique-la-troika-navigue-a-vue\/172334\/"},"author":{"name":"webdo.tn","@id":"https:\/\/www.webdo.tn\/fr\/#\/schema\/person\/9a9c6118d687c117df8ef3cc36a4d175"},"headline":"Politique \u00e9conomique : la Tro\u00efka navigue \u00e0 vue ?","datePublished":"2012-01-02T15:55:00+00:00","mainEntityOfPage":{"@id":"https:\/\/www.webdo.tn\/fr\/actualite\/national-45\/politique-economique-la-troika-navigue-a-vue\/172334\/"},"wordCount":788,"commentCount":0,"publisher":{"@id":"https:\/\/www.webdo.tn\/fr\/#organization"},"image":{"@id":"https:\/\/www.webdo.tn\/fr\/actualite\/national-45\/politique-economique-la-troika-navigue-a-vue\/172334\/#primaryimage"},"thumbnailUrl":"https:\/\/www.webdo.tn\/fr\/wp-content\/uploads\/2012\/01\/Ben-Jaafar-Marzouki-et-Jebali-photo-lexpressiondz.com_-1.jpg","keywords":["guerre"],"articleSection":["National"],"inLanguage":"fr-FR"},{"@type":"WebPage","@id":"https:\/\/www.webdo.tn\/fr\/actualite\/national-45\/politique-economique-la-troika-navigue-a-vue\/172334\/","url":"https:\/\/www.webdo.tn\/fr\/actualite\/national-45\/politique-economique-la-troika-navigue-a-vue\/172334\/","name":"Politique \u00e9conomique : la Tro\u00efka navigue \u00e0 vue ?","isPartOf":{"@id":"https:\/\/www.webdo.tn\/fr\/#website"},"primaryImageOfPage":{"@id":"https:\/\/www.webdo.tn\/fr\/actualite\/national-45\/politique-economique-la-troika-navigue-a-vue\/172334\/#primaryimage"},"image":{"@id":"https:\/\/www.webdo.tn\/fr\/actualite\/national-45\/politique-economique-la-troika-navigue-a-vue\/172334\/#primaryimage"},"thumbnailUrl":"https:\/\/www.webdo.tn\/fr\/wp-content\/uploads\/2012\/01\/Ben-Jaafar-Marzouki-et-Jebali-photo-lexpressiondz.com_-1.jpg","datePublished":"2012-01-02T15:55:00+00:00","description":"Politique \u00e9conomique : la Tro\u00efka navigue \u00e0 vue ?","breadcrumb":{"@id":"https:\/\/www.webdo.tn\/fr\/actualite\/national-45\/politique-economique-la-troika-navigue-a-vue\/172334\/#breadcrumb"},"inLanguage":"fr-FR","potentialAction":[{"@type":"ReadAction","target":["https:\/\/www.webdo.tn\/fr\/actualite\/national-45\/politique-economique-la-troika-navigue-a-vue\/172334\/"]}]},{"@type":"ImageObject","inLanguage":"fr-FR","@id":"https:\/\/www.webdo.tn\/fr\/actualite\/national-45\/politique-economique-la-troika-navigue-a-vue\/172334\/#primaryimage","url":"https:\/\/www.webdo.tn\/fr\/wp-content\/uploads\/2012\/01\/Ben-Jaafar-Marzouki-et-Jebali-photo-lexpressiondz.com_-1.jpg","contentUrl":"https:\/\/www.webdo.tn\/fr\/wp-content\/uploads\/2012\/01\/Ben-Jaafar-Marzouki-et-Jebali-photo-lexpressiondz.com_-1.jpg","width":350,"height":233,"caption":"Politique \u00e9conomique : la Tro\u00efka navigue \u00e0 vue ?"},{"@type":"BreadcrumbList","@id":"https:\/\/www.webdo.tn\/fr\/actualite\/national-45\/politique-economique-la-troika-navigue-a-vue\/172334\/#breadcrumb","itemListElement":[{"@type":"ListItem","position":1,"name":"Accueil","item":"https:\/\/www.webdo.tn\/fr\/"},{"@type":"ListItem","position":2,"name":"Politique \u00e9conomique : la Tro\u00efka navigue \u00e0 vue ?"}]},{"@type":"WebSite","@id":"https:\/\/www.webdo.tn\/fr\/#website","url":"https:\/\/www.webdo.tn\/fr\/","name":"webdo","description":"Tunisie - News en Tunisie et \u00e0 l&#039;international sur Webdo.tn","publisher":{"@id":"https:\/\/www.webdo.tn\/fr\/#organization"},"potentialAction":[{"@type":"SearchAction","target":{"@type":"EntryPoint","urlTemplate":"https:\/\/www.webdo.tn\/fr\/?s={search_term_string}"},"query-input":{"@type":"PropertyValueSpecification","valueRequired":true,"valueName":"search_term_string"}}],"inLanguage":"fr-FR"},{"@type":"Organization","@id":"https:\/\/www.webdo.tn\/fr\/#organization","name":"Webdo","alternateName":"Webdo.tn","url":"https:\/\/www.webdo.tn\/fr\/","logo":{"@type":"ImageObject","inLanguage":"fr-FR","@id":"https:\/\/www.webdo.tn\/fr\/#\/schema\/logo\/image\/","url":"https:\/\/www.webdo.tn\/fr\/wp-content\/uploads\/2025\/06\/Webdo-Tunisie_168377.jpg","contentUrl":"https:\/\/www.webdo.tn\/fr\/wp-content\/uploads\/2025\/06\/Webdo-Tunisie_168377.jpg","width":301,"height":301,"caption":"Webdo"},"image":{"@id":"https:\/\/www.webdo.tn\/fr\/#\/schema\/logo\/image\/"},"sameAs":["https:\/\/www.facebook.com\/webdotn","https:\/\/x.com\/webdo_tn"],"description":"Webdo est un m\u00e9dia num\u00e9rique tunisien fond\u00e9 en 2010, sp\u00e9cialis\u00e9 dans l\u2019actualit\u00e9 nationale et internationale, l\u2019\u00e9conomie, la soci\u00e9t\u00e9 et les analyses politiques. Le site s\u2019adresse \u00e0 un large public francophone et couvre l\u2019information tunisienne en temps r\u00e9el.","email":"redac@webdo.tn","legalName":"YNJ SARL","foundingDate":"2010-09-06","numberOfEmployees":{"@type":"QuantitativeValue","minValue":"11","maxValue":"50"}},{"@type":"Person","@id":"https:\/\/www.webdo.tn\/fr\/#\/schema\/person\/9a9c6118d687c117df8ef3cc36a4d175","name":"webdo.tn","image":{"@type":"ImageObject","inLanguage":"fr-FR","@id":"https:\/\/secure.gravatar.com\/avatar\/7ce1f28c0c3bbac99ff550b85ef8e44a6950c6ee24514fb6a5489e51d06f0298?s=96&d=mm&r=g","url":"https:\/\/secure.gravatar.com\/avatar\/7ce1f28c0c3bbac99ff550b85ef8e44a6950c6ee24514fb6a5489e51d06f0298?s=96&d=mm&r=g","contentUrl":"https:\/\/secure.gravatar.com\/avatar\/7ce1f28c0c3bbac99ff550b85ef8e44a6950c6ee24514fb6a5489e51d06f0298?s=96&d=mm&r=g","caption":"webdo.tn"},"url":"https:\/\/www.webdo.tn\/fr\/actualite\/author\/webdotn\/"}]}},"_links":{"self":[{"href":"https:\/\/www.webdo.tn\/fr\/wp-json\/wp\/v2\/posts\/172334","targetHints":{"allow":["GET"]}}],"collection":[{"href":"https:\/\/www.webdo.tn\/fr\/wp-json\/wp\/v2\/posts"}],"about":[{"href":"https:\/\/www.webdo.tn\/fr\/wp-json\/wp\/v2\/types\/post"}],"author":[{"embeddable":true,"href":"https:\/\/www.webdo.tn\/fr\/wp-json\/wp\/v2\/users\/3222"}],"replies":[{"embeddable":true,"href":"https:\/\/www.webdo.tn\/fr\/wp-json\/wp\/v2\/comments?post=172334"}],"version-history":[{"count":0,"href":"https:\/\/www.webdo.tn\/fr\/wp-json\/wp\/v2\/posts\/172334\/revisions"}],"wp:featuredmedia":[{"embeddable":true,"href":"https:\/\/www.webdo.tn\/fr\/wp-json\/wp\/v2\/media\/333842"}],"wp:attachment":[{"href":"https:\/\/www.webdo.tn\/fr\/wp-json\/wp\/v2\/media?parent=172334"}],"wp:term":[{"taxonomy":"category","embeddable":true,"href":"https:\/\/www.webdo.tn\/fr\/wp-json\/wp\/v2\/categories?post=172334"},{"taxonomy":"post_tag","embeddable":true,"href":"https:\/\/www.webdo.tn\/fr\/wp-json\/wp\/v2\/tags?post=172334"}],"curies":[{"name":"wp","href":"https:\/\/api.w.org\/{rel}","templated":true}]}}