{"id":172333,"date":"2012-01-02T17:51:00","date_gmt":"2012-01-02T17:51:00","guid":{"rendered":"https:\/\/www.webdo.tn\/fr\/blog\/cest-la-cinquieme-fois-que-letat-durgence-est-prolonge-en-tunisie\/172333\/"},"modified":"2012-01-02T17:51:00","modified_gmt":"2012-01-02T17:51:00","slug":"cest-la-cinquieme-fois-que-letat-durgence-est-prolonge-en-tunisie","status":"publish","type":"post","link":"https:\/\/www.webdo.tn\/fr\/actualite\/national\/cest-la-cinquieme-fois-que-letat-durgence-est-prolonge-en-tunisie\/172333\/","title":{"rendered":"C&rsquo;est la cinqui\u00e8me fois que l&rsquo;\u00e9tat d&rsquo;urgence est prolong\u00e9 en Tunisie !"},"content":{"rendered":"<p>L&rsquo;\u00e9tat d&rsquo;urgence d\u00e9cr\u00e9t\u00e9 en Tunisie depuis le d\u00e9but du soul\u00e8vement populaire a \u00e9t\u00e9 prolong\u00e9 jusqu&rsquo;au 31 mars 2012.<\/p>\n<p>Un d\u00e9cret a \u00e9t\u00e9 sign\u00e9 dans ce sens par le pr\u00e9sident Moncef Marzouki, le 30 d\u00e9cembre 2011, en concertation avec le pr\u00e9sident de l&rsquo;Assembl\u00e9e Constituante et le chef du gouvernement et a \u00e9t\u00e9 publi\u00e9 dans le Journal officiel de la R\u00e9publique Tunisienne (JORT).<\/p>\n<p>Le dernier d\u00e9cret\u00a0a \u00e9t\u00e9 sign\u00e9, lundi 28 novembre 2011, par le ex-pr\u00e9sident int\u00e9rimaire Fouad M\u00e9bazza\u00e2 pour une dur\u00e9e d&rsquo;un mois, \u00e0 compter du 1er d\u00e9cembre 2011.<\/p>\n<p>En d\u00e9pit d&rsquo;une am\u00e9lioration de la situation, des troubles sont encore enregistr\u00e9s \u00e9pisodiquement, et surtout sur les fronti\u00e8res tuniso-libyennes, envenimant ainsi la situation.<\/p>\n<p>Sur le plan ext\u00e9rieur, cette reconduction de l&rsquo;\u00e9tat d&rsquo;urgence d\u00e9range, car elle n&rsquo;am\u00e9liore pas l&rsquo;image du pays qui tente de relancer son tourisme.<\/p>\n","protected":false},"excerpt":{"rendered":"<p>C&rsquo;est la cinqui\u00e8me fois que l&rsquo;\u00e9tat d&rsquo;urgence est prolong\u00e9 en Tunisie !<\/p>\n","protected":false},"author":3222,"featured_media":374562,"comment_status":"open","ping_status":"closed","sticky":false,"template":"","format":"standard","meta":{"footnotes":""},"categories":[44],"tags":[2600],"class_list":["post-172333","post","type-post","status-publish","format-standard","has-post-thumbnail","hentry","category-national","tag-guerre"],"yoast_head":"<!-- This site is optimized with the Yoast SEO Premium plugin v27.5 (Yoast SEO v27.5) - https:\/\/yoast.com\/product\/yoast-seo-premium-wordpress\/ -->\n<title>C&#039;est la cinqui\u00e8me fois que l&#039;\u00e9tat d&#039;urgence est prolong\u00e9 en Tunisie !<\/title>\n<meta name=\"description\" content=\"C&#039;est la cinqui\u00e8me fois que l&#039;\u00e9tat d&#039;urgence est prolong\u00e9 en Tunisie !\" \/>\n<link rel=\"canonical\" href=\"https:\/\/www.webdo.tn\/fr\/actualite\/national-45\/cest-la-cinquieme-fois-que-letat-durgence-est-prolonge-en-tunisie\/172333\/\" \/>\n<meta property=\"og:locale\" content=\"fr_FR\" \/>\n<meta property=\"og:type\" content=\"article\" \/>\n<meta property=\"og:title\" content=\"C&#039;est la cinqui\u00e8me fois que l&#039;\u00e9tat d&#039;urgence est prolong\u00e9 en Tunisie !\" \/>\n<meta property=\"og:description\" content=\"C&#039;est la cinqui\u00e8me fois que l&#039;\u00e9tat d&#039;urgence est prolong\u00e9 en Tunisie !\" \/>\n<meta property=\"og:url\" content=\"https:\/\/www.webdo.tn\/fr\/actualite\/national-45\/cest-la-cinquieme-fois-que-letat-durgence-est-prolonge-en-tunisie\/172333\/\" \/>\n<meta property=\"og:site_name\" content=\"webdo\" \/>\n<meta property=\"article:publisher\" content=\"https:\/\/www.facebook.com\/webdotn\" \/>\n<meta property=\"article:published_time\" content=\"2012-01-02T17:51:00+00:00\" \/>\n<meta name=\"author\" content=\"webdo.tn\" \/>\n<meta name=\"twitter:card\" content=\"summary_large_image\" \/>\n<meta name=\"twitter:creator\" content=\"@webdo_tn\" \/>\n<meta name=\"twitter:site\" content=\"@webdo_tn\" \/>\n<meta name=\"twitter:label1\" content=\"\u00c9crit par\" \/>\n\t<meta name=\"twitter:data1\" content=\"webdo.tn\" \/>\n\t<meta name=\"twitter:label2\" content=\"Dur\u00e9e de lecture estim\u00e9e\" \/>\n\t<meta name=\"twitter:data2\" content=\"1 minute\" \/>\n<script type=\"application\/ld+json\" class=\"yoast-schema-graph\">{\"@context\":\"https:\\\/\\\/schema.org\",\"@graph\":[{\"@type\":\"NewsArticle\",\"@id\":\"https:\\\/\\\/www.webdo.tn\\\/fr\\\/actualite\\\/national-45\\\/cest-la-cinquieme-fois-que-letat-durgence-est-prolonge-en-tunisie\\\/172333\\\/#article\",\"isPartOf\":{\"@id\":\"https:\\\/\\\/www.webdo.tn\\\/fr\\\/actualite\\\/national-45\\\/cest-la-cinquieme-fois-que-letat-durgence-est-prolonge-en-tunisie\\\/172333\\\/\"},\"author\":{\"name\":\"webdo.tn\",\"@id\":\"https:\\\/\\\/www.webdo.tn\\\/fr\\\/#\\\/schema\\\/person\\\/9a9c6118d687c117df8ef3cc36a4d175\"},\"headline\":\"C&rsquo;est la cinqui\u00e8me fois que l&rsquo;\u00e9tat d&rsquo;urgence est prolong\u00e9 en Tunisie !\",\"datePublished\":\"2012-01-02T17:51:00+00:00\",\"mainEntityOfPage\":{\"@id\":\"https:\\\/\\\/www.webdo.tn\\\/fr\\\/actualite\\\/national-45\\\/cest-la-cinquieme-fois-que-letat-durgence-est-prolonge-en-tunisie\\\/172333\\\/\"},\"wordCount\":174,\"commentCount\":0,\"publisher\":{\"@id\":\"https:\\\/\\\/www.webdo.tn\\\/fr\\\/#organization\"},\"image\":{\"@id\":\"https:\\\/\\\/www.webdo.tn\\\/fr\\\/actualite\\\/national-45\\\/cest-la-cinquieme-fois-que-letat-durgence-est-prolonge-en-tunisie\\\/172333\\\/#primaryimage\"},\"thumbnailUrl\":\"https:\\\/\\\/www.webdo.tn\\\/fr\\\/wp-content\\\/uploads\\\/2025\\\/06\\\/Tunisie-letat-durgence-photo-lexpress.fr_1_172333.jpg\",\"keywords\":[\"guerre\"],\"articleSection\":[\"National\"],\"inLanguage\":\"fr-FR\"},{\"@type\":\"WebPage\",\"@id\":\"https:\\\/\\\/www.webdo.tn\\\/fr\\\/actualite\\\/national-45\\\/cest-la-cinquieme-fois-que-letat-durgence-est-prolonge-en-tunisie\\\/172333\\\/\",\"url\":\"https:\\\/\\\/www.webdo.tn\\\/fr\\\/actualite\\\/national-45\\\/cest-la-cinquieme-fois-que-letat-durgence-est-prolonge-en-tunisie\\\/172333\\\/\",\"name\":\"C'est la cinqui\u00e8me fois que l'\u00e9tat d'urgence est prolong\u00e9 en Tunisie !\",\"isPartOf\":{\"@id\":\"https:\\\/\\\/www.webdo.tn\\\/fr\\\/#website\"},\"primaryImageOfPage\":{\"@id\":\"https:\\\/\\\/www.webdo.tn\\\/fr\\\/actualite\\\/national-45\\\/cest-la-cinquieme-fois-que-letat-durgence-est-prolonge-en-tunisie\\\/172333\\\/#primaryimage\"},\"image\":{\"@id\":\"https:\\\/\\\/www.webdo.tn\\\/fr\\\/actualite\\\/national-45\\\/cest-la-cinquieme-fois-que-letat-durgence-est-prolonge-en-tunisie\\\/172333\\\/#primaryimage\"},\"thumbnailUrl\":\"https:\\\/\\\/www.webdo.tn\\\/fr\\\/wp-content\\\/uploads\\\/2025\\\/06\\\/Tunisie-letat-durgence-photo-lexpress.fr_1_172333.jpg\",\"datePublished\":\"2012-01-02T17:51:00+00:00\",\"description\":\"C'est la cinqui\u00e8me fois que l'\u00e9tat d'urgence est prolong\u00e9 en Tunisie !\",\"breadcrumb\":{\"@id\":\"https:\\\/\\\/www.webdo.tn\\\/fr\\\/actualite\\\/national-45\\\/cest-la-cinquieme-fois-que-letat-durgence-est-prolonge-en-tunisie\\\/172333\\\/#breadcrumb\"},\"inLanguage\":\"fr-FR\",\"potentialAction\":[{\"@type\":\"ReadAction\",\"target\":[\"https:\\\/\\\/www.webdo.tn\\\/fr\\\/actualite\\\/national-45\\\/cest-la-cinquieme-fois-que-letat-durgence-est-prolonge-en-tunisie\\\/172333\\\/\"]}]},{\"@type\":\"ImageObject\",\"inLanguage\":\"fr-FR\",\"@id\":\"https:\\\/\\\/www.webdo.tn\\\/fr\\\/actualite\\\/national-45\\\/cest-la-cinquieme-fois-que-letat-durgence-est-prolonge-en-tunisie\\\/172333\\\/#primaryimage\",\"url\":\"https:\\\/\\\/www.webdo.tn\\\/fr\\\/wp-content\\\/uploads\\\/2025\\\/06\\\/Tunisie-letat-durgence-photo-lexpress.fr_1_172333.jpg\",\"contentUrl\":\"https:\\\/\\\/www.webdo.tn\\\/fr\\\/wp-content\\\/uploads\\\/2025\\\/06\\\/Tunisie-letat-durgence-photo-lexpress.fr_1_172333.jpg\",\"width\":280,\"height\":194,\"caption\":\"C'est la cinqui\u00e8me fois que l'\u00e9tat d'urgence est prolong\u00e9 en Tunisie !\"},{\"@type\":\"BreadcrumbList\",\"@id\":\"https:\\\/\\\/www.webdo.tn\\\/fr\\\/actualite\\\/national-45\\\/cest-la-cinquieme-fois-que-letat-durgence-est-prolonge-en-tunisie\\\/172333\\\/#breadcrumb\",\"itemListElement\":[{\"@type\":\"ListItem\",\"position\":1,\"name\":\"Accueil\",\"item\":\"https:\\\/\\\/www.webdo.tn\\\/fr\\\/\"},{\"@type\":\"ListItem\",\"position\":2,\"name\":\"C&rsquo;est la cinqui\u00e8me fois que l&rsquo;\u00e9tat d&rsquo;urgence est prolong\u00e9 en Tunisie !\"}]},{\"@type\":\"WebSite\",\"@id\":\"https:\\\/\\\/www.webdo.tn\\\/fr\\\/#website\",\"url\":\"https:\\\/\\\/www.webdo.tn\\\/fr\\\/\",\"name\":\"webdo\",\"description\":\"Tunisie - News en Tunisie et \u00e0 l&#039;international sur Webdo.tn\",\"publisher\":{\"@id\":\"https:\\\/\\\/www.webdo.tn\\\/fr\\\/#organization\"},\"potentialAction\":[{\"@type\":\"SearchAction\",\"target\":{\"@type\":\"EntryPoint\",\"urlTemplate\":\"https:\\\/\\\/www.webdo.tn\\\/fr\\\/?s={search_term_string}\"},\"query-input\":{\"@type\":\"PropertyValueSpecification\",\"valueRequired\":true,\"valueName\":\"search_term_string\"}}],\"inLanguage\":\"fr-FR\"},{\"@type\":\"Organization\",\"@id\":\"https:\\\/\\\/www.webdo.tn\\\/fr\\\/#organization\",\"name\":\"Webdo\",\"alternateName\":\"Webdo.tn\",\"url\":\"https:\\\/\\\/www.webdo.tn\\\/fr\\\/\",\"logo\":{\"@type\":\"ImageObject\",\"inLanguage\":\"fr-FR\",\"@id\":\"https:\\\/\\\/www.webdo.tn\\\/fr\\\/#\\\/schema\\\/logo\\\/image\\\/\",\"url\":\"https:\\\/\\\/www.webdo.tn\\\/fr\\\/wp-content\\\/uploads\\\/2025\\\/06\\\/Webdo-Tunisie_168377.jpg\",\"contentUrl\":\"https:\\\/\\\/www.webdo.tn\\\/fr\\\/wp-content\\\/uploads\\\/2025\\\/06\\\/Webdo-Tunisie_168377.jpg\",\"width\":301,\"height\":301,\"caption\":\"Webdo\"},\"image\":{\"@id\":\"https:\\\/\\\/www.webdo.tn\\\/fr\\\/#\\\/schema\\\/logo\\\/image\\\/\"},\"sameAs\":[\"https:\\\/\\\/www.facebook.com\\\/webdotn\",\"https:\\\/\\\/x.com\\\/webdo_tn\"],\"description\":\"Webdo est un m\u00e9dia num\u00e9rique tunisien fond\u00e9 en 2010, sp\u00e9cialis\u00e9 dans l\u2019actualit\u00e9 nationale et internationale, l\u2019\u00e9conomie, la soci\u00e9t\u00e9 et les analyses politiques. Le site s\u2019adresse \u00e0 un large public francophone et couvre l\u2019information tunisienne en temps r\u00e9el.\",\"email\":\"redac@webdo.tn\",\"legalName\":\"YNJ SARL\",\"foundingDate\":\"2010-09-06\",\"numberOfEmployees\":{\"@type\":\"QuantitativeValue\",\"minValue\":\"11\",\"maxValue\":\"50\"}},{\"@type\":\"Person\",\"@id\":\"https:\\\/\\\/www.webdo.tn\\\/fr\\\/#\\\/schema\\\/person\\\/9a9c6118d687c117df8ef3cc36a4d175\",\"name\":\"webdo.tn\",\"image\":{\"@type\":\"ImageObject\",\"inLanguage\":\"fr-FR\",\"@id\":\"https:\\\/\\\/secure.gravatar.com\\\/avatar\\\/7ce1f28c0c3bbac99ff550b85ef8e44a6950c6ee24514fb6a5489e51d06f0298?s=96&d=mm&r=g\",\"url\":\"https:\\\/\\\/secure.gravatar.com\\\/avatar\\\/7ce1f28c0c3bbac99ff550b85ef8e44a6950c6ee24514fb6a5489e51d06f0298?s=96&d=mm&r=g\",\"contentUrl\":\"https:\\\/\\\/secure.gravatar.com\\\/avatar\\\/7ce1f28c0c3bbac99ff550b85ef8e44a6950c6ee24514fb6a5489e51d06f0298?s=96&d=mm&r=g\",\"caption\":\"webdo.tn\"},\"url\":\"https:\\\/\\\/www.webdo.tn\\\/fr\\\/actualite\\\/author\\\/webdotn\\\/\"}]}<\/script>\n<!-- \/ Yoast SEO Premium plugin. -->","yoast_head_json":{"title":"C'est la cinqui\u00e8me fois que l'\u00e9tat d'urgence est prolong\u00e9 en Tunisie !","description":"C'est la cinqui\u00e8me fois que l'\u00e9tat d'urgence est prolong\u00e9 en Tunisie !","canonical":"https:\/\/www.webdo.tn\/fr\/actualite\/national-45\/cest-la-cinquieme-fois-que-letat-durgence-est-prolonge-en-tunisie\/172333\/","og_locale":"fr_FR","og_type":"article","og_title":"C'est la cinqui\u00e8me fois que l'\u00e9tat d'urgence est prolong\u00e9 en Tunisie !","og_description":"C'est la cinqui\u00e8me fois que l'\u00e9tat d'urgence est prolong\u00e9 en Tunisie !","og_url":"https:\/\/www.webdo.tn\/fr\/actualite\/national-45\/cest-la-cinquieme-fois-que-letat-durgence-est-prolonge-en-tunisie\/172333\/","og_site_name":"webdo","article_publisher":"https:\/\/www.facebook.com\/webdotn","article_published_time":"2012-01-02T17:51:00+00:00","author":"webdo.tn","twitter_card":"summary_large_image","twitter_creator":"@webdo_tn","twitter_site":"@webdo_tn","twitter_misc":{"\u00c9crit par":"webdo.tn","Dur\u00e9e de lecture estim\u00e9e":"1 minute"},"schema":{"@context":"https:\/\/schema.org","@graph":[{"@type":"NewsArticle","@id":"https:\/\/www.webdo.tn\/fr\/actualite\/national-45\/cest-la-cinquieme-fois-que-letat-durgence-est-prolonge-en-tunisie\/172333\/#article","isPartOf":{"@id":"https:\/\/www.webdo.tn\/fr\/actualite\/national-45\/cest-la-cinquieme-fois-que-letat-durgence-est-prolonge-en-tunisie\/172333\/"},"author":{"name":"webdo.tn","@id":"https:\/\/www.webdo.tn\/fr\/#\/schema\/person\/9a9c6118d687c117df8ef3cc36a4d175"},"headline":"C&rsquo;est la cinqui\u00e8me fois que l&rsquo;\u00e9tat d&rsquo;urgence est prolong\u00e9 en Tunisie !","datePublished":"2012-01-02T17:51:00+00:00","mainEntityOfPage":{"@id":"https:\/\/www.webdo.tn\/fr\/actualite\/national-45\/cest-la-cinquieme-fois-que-letat-durgence-est-prolonge-en-tunisie\/172333\/"},"wordCount":174,"commentCount":0,"publisher":{"@id":"https:\/\/www.webdo.tn\/fr\/#organization"},"image":{"@id":"https:\/\/www.webdo.tn\/fr\/actualite\/national-45\/cest-la-cinquieme-fois-que-letat-durgence-est-prolonge-en-tunisie\/172333\/#primaryimage"},"thumbnailUrl":"https:\/\/www.webdo.tn\/fr\/wp-content\/uploads\/2025\/06\/Tunisie-letat-durgence-photo-lexpress.fr_1_172333.jpg","keywords":["guerre"],"articleSection":["National"],"inLanguage":"fr-FR"},{"@type":"WebPage","@id":"https:\/\/www.webdo.tn\/fr\/actualite\/national-45\/cest-la-cinquieme-fois-que-letat-durgence-est-prolonge-en-tunisie\/172333\/","url":"https:\/\/www.webdo.tn\/fr\/actualite\/national-45\/cest-la-cinquieme-fois-que-letat-durgence-est-prolonge-en-tunisie\/172333\/","name":"C'est la cinqui\u00e8me fois que l'\u00e9tat d'urgence est prolong\u00e9 en Tunisie !","isPartOf":{"@id":"https:\/\/www.webdo.tn\/fr\/#website"},"primaryImageOfPage":{"@id":"https:\/\/www.webdo.tn\/fr\/actualite\/national-45\/cest-la-cinquieme-fois-que-letat-durgence-est-prolonge-en-tunisie\/172333\/#primaryimage"},"image":{"@id":"https:\/\/www.webdo.tn\/fr\/actualite\/national-45\/cest-la-cinquieme-fois-que-letat-durgence-est-prolonge-en-tunisie\/172333\/#primaryimage"},"thumbnailUrl":"https:\/\/www.webdo.tn\/fr\/wp-content\/uploads\/2025\/06\/Tunisie-letat-durgence-photo-lexpress.fr_1_172333.jpg","datePublished":"2012-01-02T17:51:00+00:00","description":"C'est la cinqui\u00e8me fois que l'\u00e9tat d'urgence est prolong\u00e9 en Tunisie !","breadcrumb":{"@id":"https:\/\/www.webdo.tn\/fr\/actualite\/national-45\/cest-la-cinquieme-fois-que-letat-durgence-est-prolonge-en-tunisie\/172333\/#breadcrumb"},"inLanguage":"fr-FR","potentialAction":[{"@type":"ReadAction","target":["https:\/\/www.webdo.tn\/fr\/actualite\/national-45\/cest-la-cinquieme-fois-que-letat-durgence-est-prolonge-en-tunisie\/172333\/"]}]},{"@type":"ImageObject","inLanguage":"fr-FR","@id":"https:\/\/www.webdo.tn\/fr\/actualite\/national-45\/cest-la-cinquieme-fois-que-letat-durgence-est-prolonge-en-tunisie\/172333\/#primaryimage","url":"https:\/\/www.webdo.tn\/fr\/wp-content\/uploads\/2025\/06\/Tunisie-letat-durgence-photo-lexpress.fr_1_172333.jpg","contentUrl":"https:\/\/www.webdo.tn\/fr\/wp-content\/uploads\/2025\/06\/Tunisie-letat-durgence-photo-lexpress.fr_1_172333.jpg","width":280,"height":194,"caption":"C'est la cinqui\u00e8me fois que l'\u00e9tat d'urgence est prolong\u00e9 en Tunisie !"},{"@type":"BreadcrumbList","@id":"https:\/\/www.webdo.tn\/fr\/actualite\/national-45\/cest-la-cinquieme-fois-que-letat-durgence-est-prolonge-en-tunisie\/172333\/#breadcrumb","itemListElement":[{"@type":"ListItem","position":1,"name":"Accueil","item":"https:\/\/www.webdo.tn\/fr\/"},{"@type":"ListItem","position":2,"name":"C&rsquo;est la cinqui\u00e8me fois que l&rsquo;\u00e9tat d&rsquo;urgence est prolong\u00e9 en Tunisie !"}]},{"@type":"WebSite","@id":"https:\/\/www.webdo.tn\/fr\/#website","url":"https:\/\/www.webdo.tn\/fr\/","name":"webdo","description":"Tunisie - News en Tunisie et \u00e0 l&#039;international sur Webdo.tn","publisher":{"@id":"https:\/\/www.webdo.tn\/fr\/#organization"},"potentialAction":[{"@type":"SearchAction","target":{"@type":"EntryPoint","urlTemplate":"https:\/\/www.webdo.tn\/fr\/?s={search_term_string}"},"query-input":{"@type":"PropertyValueSpecification","valueRequired":true,"valueName":"search_term_string"}}],"inLanguage":"fr-FR"},{"@type":"Organization","@id":"https:\/\/www.webdo.tn\/fr\/#organization","name":"Webdo","alternateName":"Webdo.tn","url":"https:\/\/www.webdo.tn\/fr\/","logo":{"@type":"ImageObject","inLanguage":"fr-FR","@id":"https:\/\/www.webdo.tn\/fr\/#\/schema\/logo\/image\/","url":"https:\/\/www.webdo.tn\/fr\/wp-content\/uploads\/2025\/06\/Webdo-Tunisie_168377.jpg","contentUrl":"https:\/\/www.webdo.tn\/fr\/wp-content\/uploads\/2025\/06\/Webdo-Tunisie_168377.jpg","width":301,"height":301,"caption":"Webdo"},"image":{"@id":"https:\/\/www.webdo.tn\/fr\/#\/schema\/logo\/image\/"},"sameAs":["https:\/\/www.facebook.com\/webdotn","https:\/\/x.com\/webdo_tn"],"description":"Webdo est un m\u00e9dia num\u00e9rique tunisien fond\u00e9 en 2010, sp\u00e9cialis\u00e9 dans l\u2019actualit\u00e9 nationale et internationale, l\u2019\u00e9conomie, la soci\u00e9t\u00e9 et les analyses politiques. Le site s\u2019adresse \u00e0 un large public francophone et couvre l\u2019information tunisienne en temps r\u00e9el.","email":"redac@webdo.tn","legalName":"YNJ SARL","foundingDate":"2010-09-06","numberOfEmployees":{"@type":"QuantitativeValue","minValue":"11","maxValue":"50"}},{"@type":"Person","@id":"https:\/\/www.webdo.tn\/fr\/#\/schema\/person\/9a9c6118d687c117df8ef3cc36a4d175","name":"webdo.tn","image":{"@type":"ImageObject","inLanguage":"fr-FR","@id":"https:\/\/secure.gravatar.com\/avatar\/7ce1f28c0c3bbac99ff550b85ef8e44a6950c6ee24514fb6a5489e51d06f0298?s=96&d=mm&r=g","url":"https:\/\/secure.gravatar.com\/avatar\/7ce1f28c0c3bbac99ff550b85ef8e44a6950c6ee24514fb6a5489e51d06f0298?s=96&d=mm&r=g","contentUrl":"https:\/\/secure.gravatar.com\/avatar\/7ce1f28c0c3bbac99ff550b85ef8e44a6950c6ee24514fb6a5489e51d06f0298?s=96&d=mm&r=g","caption":"webdo.tn"},"url":"https:\/\/www.webdo.tn\/fr\/actualite\/author\/webdotn\/"}]}},"_links":{"self":[{"href":"https:\/\/www.webdo.tn\/fr\/wp-json\/wp\/v2\/posts\/172333","targetHints":{"allow":["GET"]}}],"collection":[{"href":"https:\/\/www.webdo.tn\/fr\/wp-json\/wp\/v2\/posts"}],"about":[{"href":"https:\/\/www.webdo.tn\/fr\/wp-json\/wp\/v2\/types\/post"}],"author":[{"embeddable":true,"href":"https:\/\/www.webdo.tn\/fr\/wp-json\/wp\/v2\/users\/3222"}],"replies":[{"embeddable":true,"href":"https:\/\/www.webdo.tn\/fr\/wp-json\/wp\/v2\/comments?post=172333"}],"version-history":[{"count":0,"href":"https:\/\/www.webdo.tn\/fr\/wp-json\/wp\/v2\/posts\/172333\/revisions"}],"wp:featuredmedia":[{"embeddable":true,"href":"https:\/\/www.webdo.tn\/fr\/wp-json\/wp\/v2\/media\/374562"}],"wp:attachment":[{"href":"https:\/\/www.webdo.tn\/fr\/wp-json\/wp\/v2\/media?parent=172333"}],"wp:term":[{"taxonomy":"category","embeddable":true,"href":"https:\/\/www.webdo.tn\/fr\/wp-json\/wp\/v2\/categories?post=172333"},{"taxonomy":"post_tag","embeddable":true,"href":"https:\/\/www.webdo.tn\/fr\/wp-json\/wp\/v2\/tags?post=172333"}],"curies":[{"name":"wp","href":"https:\/\/api.w.org\/{rel}","templated":true}]}}