{"id":172330,"date":"2012-01-03T11:47:00","date_gmt":"2012-01-03T11:47:00","guid":{"rendered":"https:\/\/www.webdo.tn\/fr\/blog\/violents-affrontements-a-jendouba-et-tentative-dincendie-du-siege-de-la-delegation\/172330\/"},"modified":"2012-01-03T11:47:00","modified_gmt":"2012-01-03T11:47:00","slug":"violents-affrontements-a-jendouba-et-tentative-dincendie-du-siege-de-la-delegation","status":"publish","type":"post","link":"https:\/\/www.webdo.tn\/fr\/actualite\/national\/violents-affrontements-a-jendouba-et-tentative-dincendie-du-siege-de-la-delegation\/172330\/","title":{"rendered":"Violents affrontements \u00e0 Jendouba et tentative d&rsquo;incendie du si\u00e8ge de la d\u00e9l\u00e9gation"},"content":{"rendered":"<p>Le si\u00e8ge de d\u00e9l\u00e9gation de Jendouba aurait \u00e9t\u00e9 incendi\u00e9, hier soir, sans l&rsquo;intervention des forces de s\u00fbret\u00e9. C&rsquo;est environ deux cents travailleurs qui ont d\u00e9cid\u00e9 d\u2019y mettre le feu apr\u00e8s l&rsquo;avoir pill\u00e9, pour protester contre la non tenue des promesses du premier d\u00e9l\u00e9gu\u00e9 et des autres responsables. Ces derniers avaient fait entendre la possible r\u00e9int\u00e9gration des manifestants comme employ\u00e9s de la d\u00e9l\u00e9gation.<\/p>\n<p>De plus, certains habitants de la r\u00e9gion ont tent\u00e9 de fermer la voie qui m\u00e8ne \u00e0 \u00ab\u00a0Souk Essebt\u00a0\u00bb, paralysant ainsi le transport de la marchandise.<\/p>\n<p>Plus tard dans la soir\u00e9e, ces protestants ont br\u00fbl\u00e9 des pneus sur la route et ont provoqu\u00e9 les forces de l&rsquo;ordre, avec des jets de pierre. Celles-ci ont fait emploi de bombes lacrymog\u00e8nes.<\/p>\n<p>Pour rappel, selon l&rsquo;Institut National des Statistiques, le taux de ch\u00f4mage \u00e0 Jendouba est l&rsquo;un des plus \u00e9lev\u00e9s du pays avec 17,7 %, derri\u00e8re Gafsa (28.3 %), Tataouine (23.6 %) et Kasserine (20.7 %). De plus, Jendouba fait partie des r\u00e9gions les plus d\u00e9favoris\u00e9es en mati\u00e8re d&rsquo;investissement priv\u00e9 par habitant avec seulement 2.635 dinars (contre 9.508 dinars par habitant pour Zaghouan). Ce qui provoque la grogne des habitants de Jendouba, d&rsquo;autant qu&rsquo;ils estiment que leur r\u00e9gion donne \u00e9norm\u00e9ment au pays en terme notamment de lait frais et de culture c\u00e9r\u00e9ali\u00e8re.<\/p>\n","protected":false},"excerpt":{"rendered":"<p>Violents affrontements \u00e0 Jendouba et tentative d&rsquo;incendie du si\u00e8ge de la d\u00e9l\u00e9gation<\/p>\n","protected":false},"author":3222,"featured_media":333845,"comment_status":"open","ping_status":"closed","sticky":false,"template":"","format":"standard","meta":{"footnotes":""},"categories":[44],"tags":[2600],"class_list":["post-172330","post","type-post","status-publish","format-standard","has-post-thumbnail","hentry","category-national","tag-guerre"],"yoast_head":"<!-- This site is optimized with the Yoast SEO Premium plugin v27.5 (Yoast SEO v27.5) - https:\/\/yoast.com\/product\/yoast-seo-premium-wordpress\/ -->\n<title>Violents affrontements \u00e0 Jendouba et tentative d&#039;incendie du si\u00e8ge de la d\u00e9l\u00e9gation<\/title>\n<meta name=\"description\" content=\"Violents affrontements \u00e0 Jendouba et tentative d&#039;incendie du si\u00e8ge de la d\u00e9l\u00e9gation\" \/>\n<link rel=\"canonical\" href=\"https:\/\/www.webdo.tn\/fr\/actualite\/national-45\/violents-affrontements-a-jendouba-et-tentative-dincendie-du-siege-de-la-delegation\/172330\/\" \/>\n<meta property=\"og:locale\" content=\"fr_FR\" \/>\n<meta property=\"og:type\" content=\"article\" \/>\n<meta property=\"og:title\" content=\"Violents affrontements \u00e0 Jendouba et tentative d&#039;incendie du si\u00e8ge de la d\u00e9l\u00e9gation\" \/>\n<meta property=\"og:description\" content=\"Violents affrontements \u00e0 Jendouba et tentative d&#039;incendie du si\u00e8ge de la d\u00e9l\u00e9gation\" \/>\n<meta property=\"og:url\" content=\"https:\/\/www.webdo.tn\/fr\/actualite\/national-45\/violents-affrontements-a-jendouba-et-tentative-dincendie-du-siege-de-la-delegation\/172330\/\" \/>\n<meta property=\"og:site_name\" content=\"webdo\" \/>\n<meta property=\"article:publisher\" content=\"https:\/\/www.facebook.com\/webdotn\" \/>\n<meta property=\"article:published_time\" content=\"2012-01-03T11:47:00+00:00\" \/>\n<meta property=\"og:image\" content=\"https:\/\/www.webdo.tn\/fr\/wp-content\/uploads\/2012\/01\/jendouba-150x150-1.png\" \/>\n\t<meta property=\"og:image:width\" content=\"150\" \/>\n\t<meta property=\"og:image:height\" content=\"150\" \/>\n\t<meta property=\"og:image:type\" content=\"image\/png\" \/>\n<meta name=\"author\" content=\"webdo.tn\" \/>\n<meta name=\"twitter:card\" content=\"summary_large_image\" \/>\n<meta name=\"twitter:creator\" content=\"@webdo_tn\" \/>\n<meta name=\"twitter:site\" content=\"@webdo_tn\" \/>\n<meta name=\"twitter:label1\" content=\"\u00c9crit par\" \/>\n\t<meta name=\"twitter:data1\" content=\"webdo.tn\" \/>\n\t<meta name=\"twitter:label2\" content=\"Dur\u00e9e de lecture estim\u00e9e\" \/>\n\t<meta name=\"twitter:data2\" content=\"1 minute\" \/>\n<script type=\"application\/ld+json\" class=\"yoast-schema-graph\">{\"@context\":\"https:\\\/\\\/schema.org\",\"@graph\":[{\"@type\":\"NewsArticle\",\"@id\":\"https:\\\/\\\/www.webdo.tn\\\/fr\\\/actualite\\\/national-45\\\/violents-affrontements-a-jendouba-et-tentative-dincendie-du-siege-de-la-delegation\\\/172330\\\/#article\",\"isPartOf\":{\"@id\":\"https:\\\/\\\/www.webdo.tn\\\/fr\\\/actualite\\\/national-45\\\/violents-affrontements-a-jendouba-et-tentative-dincendie-du-siege-de-la-delegation\\\/172330\\\/\"},\"author\":{\"name\":\"webdo.tn\",\"@id\":\"https:\\\/\\\/www.webdo.tn\\\/fr\\\/#\\\/schema\\\/person\\\/9a9c6118d687c117df8ef3cc36a4d175\"},\"headline\":\"Violents affrontements \u00e0 Jendouba et tentative d&rsquo;incendie du si\u00e8ge de la d\u00e9l\u00e9gation\",\"datePublished\":\"2012-01-03T11:47:00+00:00\",\"mainEntityOfPage\":{\"@id\":\"https:\\\/\\\/www.webdo.tn\\\/fr\\\/actualite\\\/national-45\\\/violents-affrontements-a-jendouba-et-tentative-dincendie-du-siege-de-la-delegation\\\/172330\\\/\"},\"wordCount\":253,\"commentCount\":0,\"publisher\":{\"@id\":\"https:\\\/\\\/www.webdo.tn\\\/fr\\\/#organization\"},\"image\":{\"@id\":\"https:\\\/\\\/www.webdo.tn\\\/fr\\\/actualite\\\/national-45\\\/violents-affrontements-a-jendouba-et-tentative-dincendie-du-siege-de-la-delegation\\\/172330\\\/#primaryimage\"},\"thumbnailUrl\":\"https:\\\/\\\/www.webdo.tn\\\/fr\\\/wp-content\\\/uploads\\\/2012\\\/01\\\/jendouba-150x150-1.png\",\"keywords\":[\"guerre\"],\"articleSection\":[\"National\"],\"inLanguage\":\"fr-FR\"},{\"@type\":\"WebPage\",\"@id\":\"https:\\\/\\\/www.webdo.tn\\\/fr\\\/actualite\\\/national-45\\\/violents-affrontements-a-jendouba-et-tentative-dincendie-du-siege-de-la-delegation\\\/172330\\\/\",\"url\":\"https:\\\/\\\/www.webdo.tn\\\/fr\\\/actualite\\\/national-45\\\/violents-affrontements-a-jendouba-et-tentative-dincendie-du-siege-de-la-delegation\\\/172330\\\/\",\"name\":\"Violents affrontements \u00e0 Jendouba et tentative d'incendie du si\u00e8ge de la d\u00e9l\u00e9gation\",\"isPartOf\":{\"@id\":\"https:\\\/\\\/www.webdo.tn\\\/fr\\\/#website\"},\"primaryImageOfPage\":{\"@id\":\"https:\\\/\\\/www.webdo.tn\\\/fr\\\/actualite\\\/national-45\\\/violents-affrontements-a-jendouba-et-tentative-dincendie-du-siege-de-la-delegation\\\/172330\\\/#primaryimage\"},\"image\":{\"@id\":\"https:\\\/\\\/www.webdo.tn\\\/fr\\\/actualite\\\/national-45\\\/violents-affrontements-a-jendouba-et-tentative-dincendie-du-siege-de-la-delegation\\\/172330\\\/#primaryimage\"},\"thumbnailUrl\":\"https:\\\/\\\/www.webdo.tn\\\/fr\\\/wp-content\\\/uploads\\\/2012\\\/01\\\/jendouba-150x150-1.png\",\"datePublished\":\"2012-01-03T11:47:00+00:00\",\"description\":\"Violents affrontements \u00e0 Jendouba et tentative d'incendie du si\u00e8ge de la d\u00e9l\u00e9gation\",\"breadcrumb\":{\"@id\":\"https:\\\/\\\/www.webdo.tn\\\/fr\\\/actualite\\\/national-45\\\/violents-affrontements-a-jendouba-et-tentative-dincendie-du-siege-de-la-delegation\\\/172330\\\/#breadcrumb\"},\"inLanguage\":\"fr-FR\",\"potentialAction\":[{\"@type\":\"ReadAction\",\"target\":[\"https:\\\/\\\/www.webdo.tn\\\/fr\\\/actualite\\\/national-45\\\/violents-affrontements-a-jendouba-et-tentative-dincendie-du-siege-de-la-delegation\\\/172330\\\/\"]}]},{\"@type\":\"ImageObject\",\"inLanguage\":\"fr-FR\",\"@id\":\"https:\\\/\\\/www.webdo.tn\\\/fr\\\/actualite\\\/national-45\\\/violents-affrontements-a-jendouba-et-tentative-dincendie-du-siege-de-la-delegation\\\/172330\\\/#primaryimage\",\"url\":\"https:\\\/\\\/www.webdo.tn\\\/fr\\\/wp-content\\\/uploads\\\/2012\\\/01\\\/jendouba-150x150-1.png\",\"contentUrl\":\"https:\\\/\\\/www.webdo.tn\\\/fr\\\/wp-content\\\/uploads\\\/2012\\\/01\\\/jendouba-150x150-1.png\",\"width\":150,\"height\":150,\"caption\":\"Violents affrontements \u00e0 Jendouba et tentative d'incendie du si\u00e8ge de la d\u00e9l\u00e9gation\"},{\"@type\":\"BreadcrumbList\",\"@id\":\"https:\\\/\\\/www.webdo.tn\\\/fr\\\/actualite\\\/national-45\\\/violents-affrontements-a-jendouba-et-tentative-dincendie-du-siege-de-la-delegation\\\/172330\\\/#breadcrumb\",\"itemListElement\":[{\"@type\":\"ListItem\",\"position\":1,\"name\":\"Accueil\",\"item\":\"https:\\\/\\\/www.webdo.tn\\\/fr\\\/\"},{\"@type\":\"ListItem\",\"position\":2,\"name\":\"Violents affrontements \u00e0 Jendouba et tentative d&rsquo;incendie du si\u00e8ge de la d\u00e9l\u00e9gation\"}]},{\"@type\":\"WebSite\",\"@id\":\"https:\\\/\\\/www.webdo.tn\\\/fr\\\/#website\",\"url\":\"https:\\\/\\\/www.webdo.tn\\\/fr\\\/\",\"name\":\"webdo\",\"description\":\"Tunisie - News en Tunisie et \u00e0 l&#039;international sur Webdo.tn\",\"publisher\":{\"@id\":\"https:\\\/\\\/www.webdo.tn\\\/fr\\\/#organization\"},\"potentialAction\":[{\"@type\":\"SearchAction\",\"target\":{\"@type\":\"EntryPoint\",\"urlTemplate\":\"https:\\\/\\\/www.webdo.tn\\\/fr\\\/?s={search_term_string}\"},\"query-input\":{\"@type\":\"PropertyValueSpecification\",\"valueRequired\":true,\"valueName\":\"search_term_string\"}}],\"inLanguage\":\"fr-FR\"},{\"@type\":\"Organization\",\"@id\":\"https:\\\/\\\/www.webdo.tn\\\/fr\\\/#organization\",\"name\":\"Webdo\",\"alternateName\":\"Webdo.tn\",\"url\":\"https:\\\/\\\/www.webdo.tn\\\/fr\\\/\",\"logo\":{\"@type\":\"ImageObject\",\"inLanguage\":\"fr-FR\",\"@id\":\"https:\\\/\\\/www.webdo.tn\\\/fr\\\/#\\\/schema\\\/logo\\\/image\\\/\",\"url\":\"https:\\\/\\\/www.webdo.tn\\\/fr\\\/wp-content\\\/uploads\\\/2025\\\/06\\\/Webdo-Tunisie_168377.jpg\",\"contentUrl\":\"https:\\\/\\\/www.webdo.tn\\\/fr\\\/wp-content\\\/uploads\\\/2025\\\/06\\\/Webdo-Tunisie_168377.jpg\",\"width\":301,\"height\":301,\"caption\":\"Webdo\"},\"image\":{\"@id\":\"https:\\\/\\\/www.webdo.tn\\\/fr\\\/#\\\/schema\\\/logo\\\/image\\\/\"},\"sameAs\":[\"https:\\\/\\\/www.facebook.com\\\/webdotn\",\"https:\\\/\\\/x.com\\\/webdo_tn\"],\"description\":\"Webdo est un m\u00e9dia num\u00e9rique tunisien fond\u00e9 en 2010, sp\u00e9cialis\u00e9 dans l\u2019actualit\u00e9 nationale et internationale, l\u2019\u00e9conomie, la soci\u00e9t\u00e9 et les analyses politiques. Le site s\u2019adresse \u00e0 un large public francophone et couvre l\u2019information tunisienne en temps r\u00e9el.\",\"email\":\"redac@webdo.tn\",\"legalName\":\"YNJ SARL\",\"foundingDate\":\"2010-09-06\",\"numberOfEmployees\":{\"@type\":\"QuantitativeValue\",\"minValue\":\"11\",\"maxValue\":\"50\"}},{\"@type\":\"Person\",\"@id\":\"https:\\\/\\\/www.webdo.tn\\\/fr\\\/#\\\/schema\\\/person\\\/9a9c6118d687c117df8ef3cc36a4d175\",\"name\":\"webdo.tn\",\"image\":{\"@type\":\"ImageObject\",\"inLanguage\":\"fr-FR\",\"@id\":\"https:\\\/\\\/secure.gravatar.com\\\/avatar\\\/7ce1f28c0c3bbac99ff550b85ef8e44a6950c6ee24514fb6a5489e51d06f0298?s=96&d=mm&r=g\",\"url\":\"https:\\\/\\\/secure.gravatar.com\\\/avatar\\\/7ce1f28c0c3bbac99ff550b85ef8e44a6950c6ee24514fb6a5489e51d06f0298?s=96&d=mm&r=g\",\"contentUrl\":\"https:\\\/\\\/secure.gravatar.com\\\/avatar\\\/7ce1f28c0c3bbac99ff550b85ef8e44a6950c6ee24514fb6a5489e51d06f0298?s=96&d=mm&r=g\",\"caption\":\"webdo.tn\"},\"url\":\"https:\\\/\\\/www.webdo.tn\\\/fr\\\/actualite\\\/author\\\/webdotn\\\/\"}]}<\/script>\n<!-- \/ Yoast SEO Premium plugin. -->","yoast_head_json":{"title":"Violents affrontements \u00e0 Jendouba et tentative d'incendie du si\u00e8ge de la d\u00e9l\u00e9gation","description":"Violents affrontements \u00e0 Jendouba et tentative d'incendie du si\u00e8ge de la d\u00e9l\u00e9gation","canonical":"https:\/\/www.webdo.tn\/fr\/actualite\/national-45\/violents-affrontements-a-jendouba-et-tentative-dincendie-du-siege-de-la-delegation\/172330\/","og_locale":"fr_FR","og_type":"article","og_title":"Violents affrontements \u00e0 Jendouba et tentative d'incendie du si\u00e8ge de la d\u00e9l\u00e9gation","og_description":"Violents affrontements \u00e0 Jendouba et tentative d'incendie du si\u00e8ge de la d\u00e9l\u00e9gation","og_url":"https:\/\/www.webdo.tn\/fr\/actualite\/national-45\/violents-affrontements-a-jendouba-et-tentative-dincendie-du-siege-de-la-delegation\/172330\/","og_site_name":"webdo","article_publisher":"https:\/\/www.facebook.com\/webdotn","article_published_time":"2012-01-03T11:47:00+00:00","og_image":[{"width":150,"height":150,"url":"https:\/\/www.webdo.tn\/fr\/wp-content\/uploads\/2012\/01\/jendouba-150x150-1.png","type":"image\/png"}],"author":"webdo.tn","twitter_card":"summary_large_image","twitter_creator":"@webdo_tn","twitter_site":"@webdo_tn","twitter_misc":{"\u00c9crit par":"webdo.tn","Dur\u00e9e de lecture estim\u00e9e":"1 minute"},"schema":{"@context":"https:\/\/schema.org","@graph":[{"@type":"NewsArticle","@id":"https:\/\/www.webdo.tn\/fr\/actualite\/national-45\/violents-affrontements-a-jendouba-et-tentative-dincendie-du-siege-de-la-delegation\/172330\/#article","isPartOf":{"@id":"https:\/\/www.webdo.tn\/fr\/actualite\/national-45\/violents-affrontements-a-jendouba-et-tentative-dincendie-du-siege-de-la-delegation\/172330\/"},"author":{"name":"webdo.tn","@id":"https:\/\/www.webdo.tn\/fr\/#\/schema\/person\/9a9c6118d687c117df8ef3cc36a4d175"},"headline":"Violents affrontements \u00e0 Jendouba et tentative d&rsquo;incendie du si\u00e8ge de la d\u00e9l\u00e9gation","datePublished":"2012-01-03T11:47:00+00:00","mainEntityOfPage":{"@id":"https:\/\/www.webdo.tn\/fr\/actualite\/national-45\/violents-affrontements-a-jendouba-et-tentative-dincendie-du-siege-de-la-delegation\/172330\/"},"wordCount":253,"commentCount":0,"publisher":{"@id":"https:\/\/www.webdo.tn\/fr\/#organization"},"image":{"@id":"https:\/\/www.webdo.tn\/fr\/actualite\/national-45\/violents-affrontements-a-jendouba-et-tentative-dincendie-du-siege-de-la-delegation\/172330\/#primaryimage"},"thumbnailUrl":"https:\/\/www.webdo.tn\/fr\/wp-content\/uploads\/2012\/01\/jendouba-150x150-1.png","keywords":["guerre"],"articleSection":["National"],"inLanguage":"fr-FR"},{"@type":"WebPage","@id":"https:\/\/www.webdo.tn\/fr\/actualite\/national-45\/violents-affrontements-a-jendouba-et-tentative-dincendie-du-siege-de-la-delegation\/172330\/","url":"https:\/\/www.webdo.tn\/fr\/actualite\/national-45\/violents-affrontements-a-jendouba-et-tentative-dincendie-du-siege-de-la-delegation\/172330\/","name":"Violents affrontements \u00e0 Jendouba et tentative d'incendie du si\u00e8ge de la d\u00e9l\u00e9gation","isPartOf":{"@id":"https:\/\/www.webdo.tn\/fr\/#website"},"primaryImageOfPage":{"@id":"https:\/\/www.webdo.tn\/fr\/actualite\/national-45\/violents-affrontements-a-jendouba-et-tentative-dincendie-du-siege-de-la-delegation\/172330\/#primaryimage"},"image":{"@id":"https:\/\/www.webdo.tn\/fr\/actualite\/national-45\/violents-affrontements-a-jendouba-et-tentative-dincendie-du-siege-de-la-delegation\/172330\/#primaryimage"},"thumbnailUrl":"https:\/\/www.webdo.tn\/fr\/wp-content\/uploads\/2012\/01\/jendouba-150x150-1.png","datePublished":"2012-01-03T11:47:00+00:00","description":"Violents affrontements \u00e0 Jendouba et tentative d'incendie du si\u00e8ge de la d\u00e9l\u00e9gation","breadcrumb":{"@id":"https:\/\/www.webdo.tn\/fr\/actualite\/national-45\/violents-affrontements-a-jendouba-et-tentative-dincendie-du-siege-de-la-delegation\/172330\/#breadcrumb"},"inLanguage":"fr-FR","potentialAction":[{"@type":"ReadAction","target":["https:\/\/www.webdo.tn\/fr\/actualite\/national-45\/violents-affrontements-a-jendouba-et-tentative-dincendie-du-siege-de-la-delegation\/172330\/"]}]},{"@type":"ImageObject","inLanguage":"fr-FR","@id":"https:\/\/www.webdo.tn\/fr\/actualite\/national-45\/violents-affrontements-a-jendouba-et-tentative-dincendie-du-siege-de-la-delegation\/172330\/#primaryimage","url":"https:\/\/www.webdo.tn\/fr\/wp-content\/uploads\/2012\/01\/jendouba-150x150-1.png","contentUrl":"https:\/\/www.webdo.tn\/fr\/wp-content\/uploads\/2012\/01\/jendouba-150x150-1.png","width":150,"height":150,"caption":"Violents affrontements \u00e0 Jendouba et tentative d'incendie du si\u00e8ge de la d\u00e9l\u00e9gation"},{"@type":"BreadcrumbList","@id":"https:\/\/www.webdo.tn\/fr\/actualite\/national-45\/violents-affrontements-a-jendouba-et-tentative-dincendie-du-siege-de-la-delegation\/172330\/#breadcrumb","itemListElement":[{"@type":"ListItem","position":1,"name":"Accueil","item":"https:\/\/www.webdo.tn\/fr\/"},{"@type":"ListItem","position":2,"name":"Violents affrontements \u00e0 Jendouba et tentative d&rsquo;incendie du si\u00e8ge de la d\u00e9l\u00e9gation"}]},{"@type":"WebSite","@id":"https:\/\/www.webdo.tn\/fr\/#website","url":"https:\/\/www.webdo.tn\/fr\/","name":"webdo","description":"Tunisie - News en Tunisie et \u00e0 l&#039;international sur Webdo.tn","publisher":{"@id":"https:\/\/www.webdo.tn\/fr\/#organization"},"potentialAction":[{"@type":"SearchAction","target":{"@type":"EntryPoint","urlTemplate":"https:\/\/www.webdo.tn\/fr\/?s={search_term_string}"},"query-input":{"@type":"PropertyValueSpecification","valueRequired":true,"valueName":"search_term_string"}}],"inLanguage":"fr-FR"},{"@type":"Organization","@id":"https:\/\/www.webdo.tn\/fr\/#organization","name":"Webdo","alternateName":"Webdo.tn","url":"https:\/\/www.webdo.tn\/fr\/","logo":{"@type":"ImageObject","inLanguage":"fr-FR","@id":"https:\/\/www.webdo.tn\/fr\/#\/schema\/logo\/image\/","url":"https:\/\/www.webdo.tn\/fr\/wp-content\/uploads\/2025\/06\/Webdo-Tunisie_168377.jpg","contentUrl":"https:\/\/www.webdo.tn\/fr\/wp-content\/uploads\/2025\/06\/Webdo-Tunisie_168377.jpg","width":301,"height":301,"caption":"Webdo"},"image":{"@id":"https:\/\/www.webdo.tn\/fr\/#\/schema\/logo\/image\/"},"sameAs":["https:\/\/www.facebook.com\/webdotn","https:\/\/x.com\/webdo_tn"],"description":"Webdo est un m\u00e9dia num\u00e9rique tunisien fond\u00e9 en 2010, sp\u00e9cialis\u00e9 dans l\u2019actualit\u00e9 nationale et internationale, l\u2019\u00e9conomie, la soci\u00e9t\u00e9 et les analyses politiques. Le site s\u2019adresse \u00e0 un large public francophone et couvre l\u2019information tunisienne en temps r\u00e9el.","email":"redac@webdo.tn","legalName":"YNJ SARL","foundingDate":"2010-09-06","numberOfEmployees":{"@type":"QuantitativeValue","minValue":"11","maxValue":"50"}},{"@type":"Person","@id":"https:\/\/www.webdo.tn\/fr\/#\/schema\/person\/9a9c6118d687c117df8ef3cc36a4d175","name":"webdo.tn","image":{"@type":"ImageObject","inLanguage":"fr-FR","@id":"https:\/\/secure.gravatar.com\/avatar\/7ce1f28c0c3bbac99ff550b85ef8e44a6950c6ee24514fb6a5489e51d06f0298?s=96&d=mm&r=g","url":"https:\/\/secure.gravatar.com\/avatar\/7ce1f28c0c3bbac99ff550b85ef8e44a6950c6ee24514fb6a5489e51d06f0298?s=96&d=mm&r=g","contentUrl":"https:\/\/secure.gravatar.com\/avatar\/7ce1f28c0c3bbac99ff550b85ef8e44a6950c6ee24514fb6a5489e51d06f0298?s=96&d=mm&r=g","caption":"webdo.tn"},"url":"https:\/\/www.webdo.tn\/fr\/actualite\/author\/webdotn\/"}]}},"_links":{"self":[{"href":"https:\/\/www.webdo.tn\/fr\/wp-json\/wp\/v2\/posts\/172330","targetHints":{"allow":["GET"]}}],"collection":[{"href":"https:\/\/www.webdo.tn\/fr\/wp-json\/wp\/v2\/posts"}],"about":[{"href":"https:\/\/www.webdo.tn\/fr\/wp-json\/wp\/v2\/types\/post"}],"author":[{"embeddable":true,"href":"https:\/\/www.webdo.tn\/fr\/wp-json\/wp\/v2\/users\/3222"}],"replies":[{"embeddable":true,"href":"https:\/\/www.webdo.tn\/fr\/wp-json\/wp\/v2\/comments?post=172330"}],"version-history":[{"count":0,"href":"https:\/\/www.webdo.tn\/fr\/wp-json\/wp\/v2\/posts\/172330\/revisions"}],"wp:featuredmedia":[{"embeddable":true,"href":"https:\/\/www.webdo.tn\/fr\/wp-json\/wp\/v2\/media\/333845"}],"wp:attachment":[{"href":"https:\/\/www.webdo.tn\/fr\/wp-json\/wp\/v2\/media?parent=172330"}],"wp:term":[{"taxonomy":"category","embeddable":true,"href":"https:\/\/www.webdo.tn\/fr\/wp-json\/wp\/v2\/categories?post=172330"},{"taxonomy":"post_tag","embeddable":true,"href":"https:\/\/www.webdo.tn\/fr\/wp-json\/wp\/v2\/tags?post=172330"}],"curies":[{"name":"wp","href":"https:\/\/api.w.org\/{rel}","templated":true}]}}