{"id":172328,"date":"2012-01-03T16:41:00","date_gmt":"2012-01-03T16:41:00","guid":{"rendered":"https:\/\/www.webdo.tn\/fr\/blog\/face-aux-propos-de-marzouki-bernard-debre-ne-peut-pas-sempecher-de-donner-des-lecons\/172328\/"},"modified":"2012-01-03T16:41:00","modified_gmt":"2012-01-03T16:41:00","slug":"face-aux-propos-de-marzouki-bernard-debre-ne-peut-pas-sempecher-de-donner-des-lecons","status":"publish","type":"post","link":"https:\/\/www.webdo.tn\/fr\/actualite\/national\/face-aux-propos-de-marzouki-bernard-debre-ne-peut-pas-sempecher-de-donner-des-lecons\/172328\/","title":{"rendered":"Face aux propos de Marzouki, Bernard Debr\u00e9 ne peut pas s&#8217;emp\u00eacher de donner des le\u00e7ons"},"content":{"rendered":"<p>Les propos de M. Moncef Marzouki sur l\u2019attitude \u00ab colonialiste \u00bb de la France continuent \u00e0 susciter des r\u00e9actions d\u2019indignation au sein de la classe politique fran\u00e7aise. Dans une lettre adress\u00e9e au chef de l\u2019\u00c9tat provisoire, Bernard Debr\u00e9, d\u00e9put\u00e9 de l\u2019UMP, a tenu \u00e0 exprimer sa \u00ab surprise \u00bb quant au discours de M. Marzouki dans lequel il d\u00e9plore le \u00ab colonialisme \u00bb de l\u2019action des Fran\u00e7ais.<\/p>\n<p>L\u2019ancien ministre de Jacques Chirac r\u00e9cuse ce genre de raisonnement \u00ab comme si les maux qui traversaient la Tunisie \u00e9taient dus \u00e0 l\u2019attitude des Fran\u00e7ais \u00bb, ajoute-t-il. Il rappelle avec fermet\u00e9, mais non sans courtoisie que la France a eu \u00ab le devoir \u00bb et \u00ab la joie \u00bb d\u2019accueillir Moncef Marzouki alors qu\u2019il \u00e9tait persona non grata en Tunisie.<\/p>\n<p>Tout en rejetant l\u2019accusation d\u2019 \u00ab islamophobie \u00bb des Fran\u00e7ais par le Pr\u00e9sident Marzouki, le d\u00e9put\u00e9 de l\u2019UMP, visiblement exc\u00e9d\u00e9, fait valoir la la\u00efcit\u00e9 de l\u2019\u00c9tat fran\u00e7ais qui a permis la multiplication des mosqu\u00e9es. Il ne cache pas sa d\u00e9solation devant la \u00ab pouss\u00e9e de l\u2019islamisme (qui) conduit les femmes \u00e0 rentrer dans leur foyer\u2026 \u00bb, tendance qui va \u00e0 l\u2019encontre du respect des libert\u00e9s.<\/p>\n<p>Dans sa conclusion, Bernard Debr\u00e9 rappelle, sur un ton l\u00e9g\u00e8rement condescendant, qu\u2019il est indispensable au Pr\u00e9sident de \u00ab surveiller \u00bb ses propos, et se permet par l\u00e0 m\u00eame d\u2019\u00e9mettre le v\u0153u que la Tunisie qui \u00ab s\u2019est lib\u00e9r\u00e9e du carcan du totalitarisme \u00bb ne tombe de nouveau dans \u00ab l\u2019obscurit\u00e9 et l\u2019obscurantisme \u00bb. Cela ressemble fort \u00e0 l\u2019immixtion dans les affaires des autres.<\/p>\n<p>Derri\u00e8re la mani\u00e8re qui se veut polic\u00e9e, Bernard Debr\u00e9 laisse transpara\u00eetre comme qui dirait une susceptibilit\u00e9 sur des questions on ne peut plus sensibles et sur lesquelles les politiques de droite n\u2019ont pas toujours fait montre d\u2019exemplarit\u00e9. On se souvient des propos sur l\u2019odeur dans les HLM de Jacques Chirac au milieu des ann\u00e9es 80, propos empreints de racisme. Il n\u2019est que de rappeler les expressions blessantes du candidat Sarkozy en 2007 lorsqu\u2019il osa parler de \u00ab racailles \u00bb concernant certains habitants des banlieues, ou encore du \u00ab karcher \u00bb, mot qu\u2019il pronon\u00e7a \u00e0 l\u2019endroit de certains quartiers qu\u2019il entendait nettoyer. L\u2019on n\u2019est pas pr\u00eat d\u2019oublier non plus les attitudes x\u00e9nophobes du ministre de l\u2019Int\u00e9rieur, Claude Gu\u00e9ant, qui stigmatise les musulmans de France \u00e0 propos de l\u2019affaire de la burqa l\u2019ann\u00e9e derni\u00e8re, ce qui lui a valu d\u2019ailleurs une vive critique de la part des socialistes et autres partis de gauche. La d\u00e9mission de Rama Yade de l\u2019UMP pour des raisons de discrimination ach\u00e8ve un tableau qui n\u2019a rien de reluisant concernant pr\u00e9cis\u00e9ment la question des immigr\u00e9s\u2026 Est-il besoin de rappeler que toutes les lois qui ont \u00e9t\u00e9 \u00e9tablies ces derniers temps dans le cadre de la la\u00efcit\u00e9 visent \u00e9videmment les musulmans de France.<\/p>\n<p>Bernard Debr\u00e9, s\u2019il a choisi de r\u00e9pliquer au Pr\u00e9sident Marzouki, c\u2019est sans aucun doute parce que la question du colonialisme et celle de l\u2019islamophobie constituent des v\u00e9rit\u00e9s qui d\u00e9rangent. Seule la v\u00e9rit\u00e9 blesse. Il n\u2019en demeure pas moins que le nouveau Pr\u00e9sident, issu de la tro\u00efka, a p\u00e9ch\u00e9 par manque de diplomatie. Un Pr\u00e9sident, cela ne s\u2019improvise pas. Et \u00e0 trop vouloir \u00eatre pr\u00e8s du peuple, l\u2019on s\u2019expose \u00e0 la tentation du populisme.<\/p>\n","protected":false},"excerpt":{"rendered":"<p>Face aux propos de Marzouki, Bernard Debr\u00e9 ne peut pas s&#8217;emp\u00eacher de donner des le\u00e7ons<\/p>\n","protected":false},"author":3222,"featured_media":374565,"comment_status":"open","ping_status":"closed","sticky":false,"template":"","format":"standard","meta":{"footnotes":""},"categories":[44],"tags":[2600],"class_list":["post-172328","post","type-post","status-publish","format-standard","has-post-thumbnail","hentry","category-national","tag-guerre"],"yoast_head":"<!-- This site is optimized with the Yoast SEO Premium plugin v27.5 (Yoast SEO v27.5) - https:\/\/yoast.com\/product\/yoast-seo-premium-wordpress\/ -->\n<title>Face aux propos de Marzouki, Bernard Debr\u00e9 ne peut pas s&#039;emp\u00eacher de donner des le\u00e7ons<\/title>\n<meta name=\"description\" content=\"Face aux propos de Marzouki, Bernard Debr\u00e9 ne peut pas s&#039;emp\u00eacher de donner des le\u00e7ons\" \/>\n<link rel=\"canonical\" href=\"https:\/\/www.webdo.tn\/fr\/actualite\/national-45\/face-aux-propos-de-marzouki-bernard-debre-ne-peut-pas-sempecher-de-donner-des-lecons\/172328\/\" \/>\n<meta property=\"og:locale\" content=\"fr_FR\" \/>\n<meta property=\"og:type\" content=\"article\" \/>\n<meta property=\"og:title\" content=\"Face aux propos de Marzouki, Bernard Debr\u00e9 ne peut pas s&#039;emp\u00eacher de donner des le\u00e7ons\" \/>\n<meta property=\"og:description\" content=\"Face aux propos de Marzouki, Bernard Debr\u00e9 ne peut pas s&#039;emp\u00eacher de donner des le\u00e7ons\" \/>\n<meta property=\"og:url\" content=\"https:\/\/www.webdo.tn\/fr\/actualite\/national-45\/face-aux-propos-de-marzouki-bernard-debre-ne-peut-pas-sempecher-de-donner-des-lecons\/172328\/\" \/>\n<meta property=\"og:site_name\" content=\"webdo\" \/>\n<meta property=\"article:publisher\" content=\"https:\/\/www.facebook.com\/webdotn\" \/>\n<meta property=\"article:published_time\" content=\"2012-01-03T16:41:00+00:00\" \/>\n<meta name=\"author\" content=\"webdo.tn\" \/>\n<meta name=\"twitter:card\" content=\"summary_large_image\" \/>\n<meta name=\"twitter:creator\" content=\"@webdo_tn\" \/>\n<meta name=\"twitter:site\" content=\"@webdo_tn\" \/>\n<meta name=\"twitter:label1\" content=\"\u00c9crit par\" \/>\n\t<meta name=\"twitter:data1\" content=\"webdo.tn\" \/>\n\t<meta name=\"twitter:label2\" content=\"Dur\u00e9e de lecture estim\u00e9e\" \/>\n\t<meta name=\"twitter:data2\" content=\"3 minutes\" \/>\n<script type=\"application\/ld+json\" class=\"yoast-schema-graph\">{\"@context\":\"https:\\\/\\\/schema.org\",\"@graph\":[{\"@type\":\"NewsArticle\",\"@id\":\"https:\\\/\\\/www.webdo.tn\\\/fr\\\/actualite\\\/national-45\\\/face-aux-propos-de-marzouki-bernard-debre-ne-peut-pas-sempecher-de-donner-des-lecons\\\/172328\\\/#article\",\"isPartOf\":{\"@id\":\"https:\\\/\\\/www.webdo.tn\\\/fr\\\/actualite\\\/national-45\\\/face-aux-propos-de-marzouki-bernard-debre-ne-peut-pas-sempecher-de-donner-des-lecons\\\/172328\\\/\"},\"author\":{\"name\":\"webdo.tn\",\"@id\":\"https:\\\/\\\/www.webdo.tn\\\/fr\\\/#\\\/schema\\\/person\\\/9a9c6118d687c117df8ef3cc36a4d175\"},\"headline\":\"Face aux propos de Marzouki, Bernard Debr\u00e9 ne peut pas s&#8217;emp\u00eacher de donner des le\u00e7ons\",\"datePublished\":\"2012-01-03T16:41:00+00:00\",\"mainEntityOfPage\":{\"@id\":\"https:\\\/\\\/www.webdo.tn\\\/fr\\\/actualite\\\/national-45\\\/face-aux-propos-de-marzouki-bernard-debre-ne-peut-pas-sempecher-de-donner-des-lecons\\\/172328\\\/\"},\"wordCount\":610,\"commentCount\":0,\"publisher\":{\"@id\":\"https:\\\/\\\/www.webdo.tn\\\/fr\\\/#organization\"},\"image\":{\"@id\":\"https:\\\/\\\/www.webdo.tn\\\/fr\\\/actualite\\\/national-45\\\/face-aux-propos-de-marzouki-bernard-debre-ne-peut-pas-sempecher-de-donner-des-lecons\\\/172328\\\/#primaryimage\"},\"thumbnailUrl\":\"https:\\\/\\\/www.webdo.tn\\\/fr\\\/wp-content\\\/uploads\\\/2025\\\/06\\\/Bernard-Debre-et-Moncef-Marzouki_172328.jpg\",\"keywords\":[\"guerre\"],\"articleSection\":[\"National\"],\"inLanguage\":\"fr-FR\"},{\"@type\":\"WebPage\",\"@id\":\"https:\\\/\\\/www.webdo.tn\\\/fr\\\/actualite\\\/national-45\\\/face-aux-propos-de-marzouki-bernard-debre-ne-peut-pas-sempecher-de-donner-des-lecons\\\/172328\\\/\",\"url\":\"https:\\\/\\\/www.webdo.tn\\\/fr\\\/actualite\\\/national-45\\\/face-aux-propos-de-marzouki-bernard-debre-ne-peut-pas-sempecher-de-donner-des-lecons\\\/172328\\\/\",\"name\":\"Face aux propos de Marzouki, Bernard Debr\u00e9 ne peut pas s'emp\u00eacher de donner des le\u00e7ons\",\"isPartOf\":{\"@id\":\"https:\\\/\\\/www.webdo.tn\\\/fr\\\/#website\"},\"primaryImageOfPage\":{\"@id\":\"https:\\\/\\\/www.webdo.tn\\\/fr\\\/actualite\\\/national-45\\\/face-aux-propos-de-marzouki-bernard-debre-ne-peut-pas-sempecher-de-donner-des-lecons\\\/172328\\\/#primaryimage\"},\"image\":{\"@id\":\"https:\\\/\\\/www.webdo.tn\\\/fr\\\/actualite\\\/national-45\\\/face-aux-propos-de-marzouki-bernard-debre-ne-peut-pas-sempecher-de-donner-des-lecons\\\/172328\\\/#primaryimage\"},\"thumbnailUrl\":\"https:\\\/\\\/www.webdo.tn\\\/fr\\\/wp-content\\\/uploads\\\/2025\\\/06\\\/Bernard-Debre-et-Moncef-Marzouki_172328.jpg\",\"datePublished\":\"2012-01-03T16:41:00+00:00\",\"description\":\"Face aux propos de Marzouki, Bernard Debr\u00e9 ne peut pas s'emp\u00eacher de donner des le\u00e7ons\",\"breadcrumb\":{\"@id\":\"https:\\\/\\\/www.webdo.tn\\\/fr\\\/actualite\\\/national-45\\\/face-aux-propos-de-marzouki-bernard-debre-ne-peut-pas-sempecher-de-donner-des-lecons\\\/172328\\\/#breadcrumb\"},\"inLanguage\":\"fr-FR\",\"potentialAction\":[{\"@type\":\"ReadAction\",\"target\":[\"https:\\\/\\\/www.webdo.tn\\\/fr\\\/actualite\\\/national-45\\\/face-aux-propos-de-marzouki-bernard-debre-ne-peut-pas-sempecher-de-donner-des-lecons\\\/172328\\\/\"]}]},{\"@type\":\"ImageObject\",\"inLanguage\":\"fr-FR\",\"@id\":\"https:\\\/\\\/www.webdo.tn\\\/fr\\\/actualite\\\/national-45\\\/face-aux-propos-de-marzouki-bernard-debre-ne-peut-pas-sempecher-de-donner-des-lecons\\\/172328\\\/#primaryimage\",\"url\":\"https:\\\/\\\/www.webdo.tn\\\/fr\\\/wp-content\\\/uploads\\\/2025\\\/06\\\/Bernard-Debre-et-Moncef-Marzouki_172328.jpg\",\"contentUrl\":\"https:\\\/\\\/www.webdo.tn\\\/fr\\\/wp-content\\\/uploads\\\/2025\\\/06\\\/Bernard-Debre-et-Moncef-Marzouki_172328.jpg\",\"width\":346,\"height\":175,\"caption\":\"Face aux propos de Marzouki, Bernard Debr\u00e9 ne peut pas s'emp\u00eacher de donner des le\u00e7ons\"},{\"@type\":\"BreadcrumbList\",\"@id\":\"https:\\\/\\\/www.webdo.tn\\\/fr\\\/actualite\\\/national-45\\\/face-aux-propos-de-marzouki-bernard-debre-ne-peut-pas-sempecher-de-donner-des-lecons\\\/172328\\\/#breadcrumb\",\"itemListElement\":[{\"@type\":\"ListItem\",\"position\":1,\"name\":\"Accueil\",\"item\":\"https:\\\/\\\/www.webdo.tn\\\/fr\\\/\"},{\"@type\":\"ListItem\",\"position\":2,\"name\":\"Face aux propos de Marzouki, Bernard Debr\u00e9 ne peut pas s&#8217;emp\u00eacher de donner des le\u00e7ons\"}]},{\"@type\":\"WebSite\",\"@id\":\"https:\\\/\\\/www.webdo.tn\\\/fr\\\/#website\",\"url\":\"https:\\\/\\\/www.webdo.tn\\\/fr\\\/\",\"name\":\"webdo\",\"description\":\"Tunisie - News en Tunisie et \u00e0 l&#039;international sur Webdo.tn\",\"publisher\":{\"@id\":\"https:\\\/\\\/www.webdo.tn\\\/fr\\\/#organization\"},\"potentialAction\":[{\"@type\":\"SearchAction\",\"target\":{\"@type\":\"EntryPoint\",\"urlTemplate\":\"https:\\\/\\\/www.webdo.tn\\\/fr\\\/?s={search_term_string}\"},\"query-input\":{\"@type\":\"PropertyValueSpecification\",\"valueRequired\":true,\"valueName\":\"search_term_string\"}}],\"inLanguage\":\"fr-FR\"},{\"@type\":\"Organization\",\"@id\":\"https:\\\/\\\/www.webdo.tn\\\/fr\\\/#organization\",\"name\":\"Webdo\",\"alternateName\":\"Webdo.tn\",\"url\":\"https:\\\/\\\/www.webdo.tn\\\/fr\\\/\",\"logo\":{\"@type\":\"ImageObject\",\"inLanguage\":\"fr-FR\",\"@id\":\"https:\\\/\\\/www.webdo.tn\\\/fr\\\/#\\\/schema\\\/logo\\\/image\\\/\",\"url\":\"https:\\\/\\\/www.webdo.tn\\\/fr\\\/wp-content\\\/uploads\\\/2025\\\/06\\\/Webdo-Tunisie_168377.jpg\",\"contentUrl\":\"https:\\\/\\\/www.webdo.tn\\\/fr\\\/wp-content\\\/uploads\\\/2025\\\/06\\\/Webdo-Tunisie_168377.jpg\",\"width\":301,\"height\":301,\"caption\":\"Webdo\"},\"image\":{\"@id\":\"https:\\\/\\\/www.webdo.tn\\\/fr\\\/#\\\/schema\\\/logo\\\/image\\\/\"},\"sameAs\":[\"https:\\\/\\\/www.facebook.com\\\/webdotn\",\"https:\\\/\\\/x.com\\\/webdo_tn\"],\"description\":\"Webdo est un m\u00e9dia num\u00e9rique tunisien fond\u00e9 en 2010, sp\u00e9cialis\u00e9 dans l\u2019actualit\u00e9 nationale et internationale, l\u2019\u00e9conomie, la soci\u00e9t\u00e9 et les analyses politiques. Le site s\u2019adresse \u00e0 un large public francophone et couvre l\u2019information tunisienne en temps r\u00e9el.\",\"email\":\"redac@webdo.tn\",\"legalName\":\"YNJ SARL\",\"foundingDate\":\"2010-09-06\",\"numberOfEmployees\":{\"@type\":\"QuantitativeValue\",\"minValue\":\"11\",\"maxValue\":\"50\"}},{\"@type\":\"Person\",\"@id\":\"https:\\\/\\\/www.webdo.tn\\\/fr\\\/#\\\/schema\\\/person\\\/9a9c6118d687c117df8ef3cc36a4d175\",\"name\":\"webdo.tn\",\"image\":{\"@type\":\"ImageObject\",\"inLanguage\":\"fr-FR\",\"@id\":\"https:\\\/\\\/secure.gravatar.com\\\/avatar\\\/7ce1f28c0c3bbac99ff550b85ef8e44a6950c6ee24514fb6a5489e51d06f0298?s=96&d=mm&r=g\",\"url\":\"https:\\\/\\\/secure.gravatar.com\\\/avatar\\\/7ce1f28c0c3bbac99ff550b85ef8e44a6950c6ee24514fb6a5489e51d06f0298?s=96&d=mm&r=g\",\"contentUrl\":\"https:\\\/\\\/secure.gravatar.com\\\/avatar\\\/7ce1f28c0c3bbac99ff550b85ef8e44a6950c6ee24514fb6a5489e51d06f0298?s=96&d=mm&r=g\",\"caption\":\"webdo.tn\"},\"url\":\"https:\\\/\\\/www.webdo.tn\\\/fr\\\/actualite\\\/author\\\/webdotn\\\/\"}]}<\/script>\n<!-- \/ Yoast SEO Premium plugin. -->","yoast_head_json":{"title":"Face aux propos de Marzouki, Bernard Debr\u00e9 ne peut pas s'emp\u00eacher de donner des le\u00e7ons","description":"Face aux propos de Marzouki, Bernard Debr\u00e9 ne peut pas s'emp\u00eacher de donner des le\u00e7ons","canonical":"https:\/\/www.webdo.tn\/fr\/actualite\/national-45\/face-aux-propos-de-marzouki-bernard-debre-ne-peut-pas-sempecher-de-donner-des-lecons\/172328\/","og_locale":"fr_FR","og_type":"article","og_title":"Face aux propos de Marzouki, Bernard Debr\u00e9 ne peut pas s'emp\u00eacher de donner des le\u00e7ons","og_description":"Face aux propos de Marzouki, Bernard Debr\u00e9 ne peut pas s'emp\u00eacher de donner des le\u00e7ons","og_url":"https:\/\/www.webdo.tn\/fr\/actualite\/national-45\/face-aux-propos-de-marzouki-bernard-debre-ne-peut-pas-sempecher-de-donner-des-lecons\/172328\/","og_site_name":"webdo","article_publisher":"https:\/\/www.facebook.com\/webdotn","article_published_time":"2012-01-03T16:41:00+00:00","author":"webdo.tn","twitter_card":"summary_large_image","twitter_creator":"@webdo_tn","twitter_site":"@webdo_tn","twitter_misc":{"\u00c9crit par":"webdo.tn","Dur\u00e9e de lecture estim\u00e9e":"3 minutes"},"schema":{"@context":"https:\/\/schema.org","@graph":[{"@type":"NewsArticle","@id":"https:\/\/www.webdo.tn\/fr\/actualite\/national-45\/face-aux-propos-de-marzouki-bernard-debre-ne-peut-pas-sempecher-de-donner-des-lecons\/172328\/#article","isPartOf":{"@id":"https:\/\/www.webdo.tn\/fr\/actualite\/national-45\/face-aux-propos-de-marzouki-bernard-debre-ne-peut-pas-sempecher-de-donner-des-lecons\/172328\/"},"author":{"name":"webdo.tn","@id":"https:\/\/www.webdo.tn\/fr\/#\/schema\/person\/9a9c6118d687c117df8ef3cc36a4d175"},"headline":"Face aux propos de Marzouki, Bernard Debr\u00e9 ne peut pas s&#8217;emp\u00eacher de donner des le\u00e7ons","datePublished":"2012-01-03T16:41:00+00:00","mainEntityOfPage":{"@id":"https:\/\/www.webdo.tn\/fr\/actualite\/national-45\/face-aux-propos-de-marzouki-bernard-debre-ne-peut-pas-sempecher-de-donner-des-lecons\/172328\/"},"wordCount":610,"commentCount":0,"publisher":{"@id":"https:\/\/www.webdo.tn\/fr\/#organization"},"image":{"@id":"https:\/\/www.webdo.tn\/fr\/actualite\/national-45\/face-aux-propos-de-marzouki-bernard-debre-ne-peut-pas-sempecher-de-donner-des-lecons\/172328\/#primaryimage"},"thumbnailUrl":"https:\/\/www.webdo.tn\/fr\/wp-content\/uploads\/2025\/06\/Bernard-Debre-et-Moncef-Marzouki_172328.jpg","keywords":["guerre"],"articleSection":["National"],"inLanguage":"fr-FR"},{"@type":"WebPage","@id":"https:\/\/www.webdo.tn\/fr\/actualite\/national-45\/face-aux-propos-de-marzouki-bernard-debre-ne-peut-pas-sempecher-de-donner-des-lecons\/172328\/","url":"https:\/\/www.webdo.tn\/fr\/actualite\/national-45\/face-aux-propos-de-marzouki-bernard-debre-ne-peut-pas-sempecher-de-donner-des-lecons\/172328\/","name":"Face aux propos de Marzouki, Bernard Debr\u00e9 ne peut pas s'emp\u00eacher de donner des le\u00e7ons","isPartOf":{"@id":"https:\/\/www.webdo.tn\/fr\/#website"},"primaryImageOfPage":{"@id":"https:\/\/www.webdo.tn\/fr\/actualite\/national-45\/face-aux-propos-de-marzouki-bernard-debre-ne-peut-pas-sempecher-de-donner-des-lecons\/172328\/#primaryimage"},"image":{"@id":"https:\/\/www.webdo.tn\/fr\/actualite\/national-45\/face-aux-propos-de-marzouki-bernard-debre-ne-peut-pas-sempecher-de-donner-des-lecons\/172328\/#primaryimage"},"thumbnailUrl":"https:\/\/www.webdo.tn\/fr\/wp-content\/uploads\/2025\/06\/Bernard-Debre-et-Moncef-Marzouki_172328.jpg","datePublished":"2012-01-03T16:41:00+00:00","description":"Face aux propos de Marzouki, Bernard Debr\u00e9 ne peut pas s'emp\u00eacher de donner des le\u00e7ons","breadcrumb":{"@id":"https:\/\/www.webdo.tn\/fr\/actualite\/national-45\/face-aux-propos-de-marzouki-bernard-debre-ne-peut-pas-sempecher-de-donner-des-lecons\/172328\/#breadcrumb"},"inLanguage":"fr-FR","potentialAction":[{"@type":"ReadAction","target":["https:\/\/www.webdo.tn\/fr\/actualite\/national-45\/face-aux-propos-de-marzouki-bernard-debre-ne-peut-pas-sempecher-de-donner-des-lecons\/172328\/"]}]},{"@type":"ImageObject","inLanguage":"fr-FR","@id":"https:\/\/www.webdo.tn\/fr\/actualite\/national-45\/face-aux-propos-de-marzouki-bernard-debre-ne-peut-pas-sempecher-de-donner-des-lecons\/172328\/#primaryimage","url":"https:\/\/www.webdo.tn\/fr\/wp-content\/uploads\/2025\/06\/Bernard-Debre-et-Moncef-Marzouki_172328.jpg","contentUrl":"https:\/\/www.webdo.tn\/fr\/wp-content\/uploads\/2025\/06\/Bernard-Debre-et-Moncef-Marzouki_172328.jpg","width":346,"height":175,"caption":"Face aux propos de Marzouki, Bernard Debr\u00e9 ne peut pas s'emp\u00eacher de donner des le\u00e7ons"},{"@type":"BreadcrumbList","@id":"https:\/\/www.webdo.tn\/fr\/actualite\/national-45\/face-aux-propos-de-marzouki-bernard-debre-ne-peut-pas-sempecher-de-donner-des-lecons\/172328\/#breadcrumb","itemListElement":[{"@type":"ListItem","position":1,"name":"Accueil","item":"https:\/\/www.webdo.tn\/fr\/"},{"@type":"ListItem","position":2,"name":"Face aux propos de Marzouki, Bernard Debr\u00e9 ne peut pas s&#8217;emp\u00eacher de donner des le\u00e7ons"}]},{"@type":"WebSite","@id":"https:\/\/www.webdo.tn\/fr\/#website","url":"https:\/\/www.webdo.tn\/fr\/","name":"webdo","description":"Tunisie - News en Tunisie et \u00e0 l&#039;international sur Webdo.tn","publisher":{"@id":"https:\/\/www.webdo.tn\/fr\/#organization"},"potentialAction":[{"@type":"SearchAction","target":{"@type":"EntryPoint","urlTemplate":"https:\/\/www.webdo.tn\/fr\/?s={search_term_string}"},"query-input":{"@type":"PropertyValueSpecification","valueRequired":true,"valueName":"search_term_string"}}],"inLanguage":"fr-FR"},{"@type":"Organization","@id":"https:\/\/www.webdo.tn\/fr\/#organization","name":"Webdo","alternateName":"Webdo.tn","url":"https:\/\/www.webdo.tn\/fr\/","logo":{"@type":"ImageObject","inLanguage":"fr-FR","@id":"https:\/\/www.webdo.tn\/fr\/#\/schema\/logo\/image\/","url":"https:\/\/www.webdo.tn\/fr\/wp-content\/uploads\/2025\/06\/Webdo-Tunisie_168377.jpg","contentUrl":"https:\/\/www.webdo.tn\/fr\/wp-content\/uploads\/2025\/06\/Webdo-Tunisie_168377.jpg","width":301,"height":301,"caption":"Webdo"},"image":{"@id":"https:\/\/www.webdo.tn\/fr\/#\/schema\/logo\/image\/"},"sameAs":["https:\/\/www.facebook.com\/webdotn","https:\/\/x.com\/webdo_tn"],"description":"Webdo est un m\u00e9dia num\u00e9rique tunisien fond\u00e9 en 2010, sp\u00e9cialis\u00e9 dans l\u2019actualit\u00e9 nationale et internationale, l\u2019\u00e9conomie, la soci\u00e9t\u00e9 et les analyses politiques. Le site s\u2019adresse \u00e0 un large public francophone et couvre l\u2019information tunisienne en temps r\u00e9el.","email":"redac@webdo.tn","legalName":"YNJ SARL","foundingDate":"2010-09-06","numberOfEmployees":{"@type":"QuantitativeValue","minValue":"11","maxValue":"50"}},{"@type":"Person","@id":"https:\/\/www.webdo.tn\/fr\/#\/schema\/person\/9a9c6118d687c117df8ef3cc36a4d175","name":"webdo.tn","image":{"@type":"ImageObject","inLanguage":"fr-FR","@id":"https:\/\/secure.gravatar.com\/avatar\/7ce1f28c0c3bbac99ff550b85ef8e44a6950c6ee24514fb6a5489e51d06f0298?s=96&d=mm&r=g","url":"https:\/\/secure.gravatar.com\/avatar\/7ce1f28c0c3bbac99ff550b85ef8e44a6950c6ee24514fb6a5489e51d06f0298?s=96&d=mm&r=g","contentUrl":"https:\/\/secure.gravatar.com\/avatar\/7ce1f28c0c3bbac99ff550b85ef8e44a6950c6ee24514fb6a5489e51d06f0298?s=96&d=mm&r=g","caption":"webdo.tn"},"url":"https:\/\/www.webdo.tn\/fr\/actualite\/author\/webdotn\/"}]}},"_links":{"self":[{"href":"https:\/\/www.webdo.tn\/fr\/wp-json\/wp\/v2\/posts\/172328","targetHints":{"allow":["GET"]}}],"collection":[{"href":"https:\/\/www.webdo.tn\/fr\/wp-json\/wp\/v2\/posts"}],"about":[{"href":"https:\/\/www.webdo.tn\/fr\/wp-json\/wp\/v2\/types\/post"}],"author":[{"embeddable":true,"href":"https:\/\/www.webdo.tn\/fr\/wp-json\/wp\/v2\/users\/3222"}],"replies":[{"embeddable":true,"href":"https:\/\/www.webdo.tn\/fr\/wp-json\/wp\/v2\/comments?post=172328"}],"version-history":[{"count":0,"href":"https:\/\/www.webdo.tn\/fr\/wp-json\/wp\/v2\/posts\/172328\/revisions"}],"wp:featuredmedia":[{"embeddable":true,"href":"https:\/\/www.webdo.tn\/fr\/wp-json\/wp\/v2\/media\/374565"}],"wp:attachment":[{"href":"https:\/\/www.webdo.tn\/fr\/wp-json\/wp\/v2\/media?parent=172328"}],"wp:term":[{"taxonomy":"category","embeddable":true,"href":"https:\/\/www.webdo.tn\/fr\/wp-json\/wp\/v2\/categories?post=172328"},{"taxonomy":"post_tag","embeddable":true,"href":"https:\/\/www.webdo.tn\/fr\/wp-json\/wp\/v2\/tags?post=172328"}],"curies":[{"name":"wp","href":"https:\/\/api.w.org\/{rel}","templated":true}]}}