{"id":172324,"date":"2012-01-04T19:12:00","date_gmt":"2012-01-04T19:12:00","guid":{"rendered":"https:\/\/www.webdo.tn\/fr\/blog\/intervention-de-la-police-un-tournant-dans-le-bras-de-fer-opposant-la-flahm-et-moncef-ben-salem\/172324\/"},"modified":"2012-01-04T19:12:00","modified_gmt":"2012-01-04T19:12:00","slug":"intervention-de-la-police-un-tournant-dans-le-bras-de-fer-opposant-la-flahm-et-moncef-ben-salem","status":"publish","type":"post","link":"https:\/\/www.webdo.tn\/fr\/actualite\/national\/intervention-de-la-police-un-tournant-dans-le-bras-de-fer-opposant-la-flahm-et-moncef-ben-salem\/172324\/","title":{"rendered":"Intervention de la police : un tournant dans le bras de fer opposant la FLAHM et Moncef Ben Salem"},"content":{"rendered":"<p>Les promesses de l\u2019\u00e9vacuation des personnes \u00e9trang\u00e8res \u00e0 la facult\u00e9 des lettres de Manouba faites par le ministre de l\u2019Enseignement sup\u00e9rieur le samedi 31 d\u00e9cembre n\u2019ont pas \u00e9t\u00e9 tenues. C\u2019est avec consternation qu\u2019on a pu voir lundi 2 janvier le renfort des sit-ineurs qui occupent toujours les bureaux de l\u2019administration et du doyen. Dans ces conditions, le conseil scientifique qui s\u2019est r\u00e9uni l\u2019apr\u00e8s-midi m\u00eame devait constater l\u2019impossibilit\u00e9 de rouvrir la facult\u00e9 ferm\u00e9e depuis le 6 d\u00e9cembre.<\/p>\n<p>Ce matin, 4 janvier, \u00e0 l\u2019appel du syndicat de base de l\u2019enseignement sup\u00e9rieur, les universitaires de la FLAHM, soutenus par des \u00e9tudiants et des coll\u00e8gues d\u2019autres institutions, se sont rassembl\u00e9s devant le si\u00e8ge du minist\u00e8re de tutelle pour exiger la lev\u00e9e du sit-in qui paralyse la vie universitaire depuis bient\u00f4t un mois. L\u2019entrevue entre le ministre et une d\u00e9l\u00e9gation de syndicalistes n\u2019a visiblement rien r\u00e9solu. Moncef Ben Salem r\u00e9it\u00e8re sa position qui consiste \u00e0 transf\u00e9rer le sit-in des locaux administratifs et \u00e0 poursuivre les n\u00e9gociations avec les sit-ineurs, aux dires du repr\u00e9sentant du syndicat de l\u2019enseignement sup\u00e9rieur. Voil\u00e0 ce qui a provoqu\u00e9 l\u2019indignation des universitaires et des \u00e9tudiants qui ont alors tent\u00e9 d\u2019entrer dans le hall du minist\u00e8re. Quelle n\u2019a pas \u00e9t\u00e9 notre surprise de voir la violence avec laquelle les forces de l\u2019ordre ont trait\u00e9 les enseignants et les \u00e9tudiants. Les journalistes qui couvraient l\u2019\u00e9v\u00e9nement n\u2019ont pas \u00e9t\u00e9 \u00e9pargn\u00e9s par l\u2019intervention muscl\u00e9e de ces m\u00eames forces.<\/p>\n<p>Quand il s\u2019agit d\u2019universitaires venus exprimer pacifiquement la volont\u00e9 de reprendre leur activit\u00e9, l\u2019on n\u2019h\u00e9site pas \u00e0 charger et \u00e0 recourir \u00e0 la force, mais devant les salafistes qui entravent les activit\u00e9s universitaires on laisse visiblement faire au m\u00e9pris du bon sens et de l\u2019int\u00e9r\u00eat g\u00e9n\u00e9ral. Tel es la politique du \u00ab  deux poids deux mesures \u00bb que les nouveaux responsables emploient pour r\u00e9soudre une crise d\u00e9clench\u00e9e par un groupuscule fanatique, faut-il le rappeler.<\/p>\n<p>Le rassemblement de ce matin aura \u00e9t\u00e9 \u00e9maill\u00e9 par des provocations \u00e9manant des bureaux du minist\u00e8re. Un barbu a en effet placard\u00e9 sur les fen\u00eatres des pancartes o\u00f9 l\u2019on pouvait lire : \u00ab D\u00e9gradation de la fac avant le niqab \u00bb ou pire encore : \u00ab Le niqab, composante de l\u2019identit\u00e9 \u00bb. Des slogans d\u2019une extr\u00eame gravit\u00e9 qui laissent entendre la nouvelle tendance du minist\u00e8re. Cette journ\u00e9e marqu\u00e9e par l\u2019intervention muscl\u00e9e de la police marque ostensiblement un tournant dans le bras de fer qui oppose la FLAHM et le ministre de l\u2019Enseignement sup\u00e9rieur.<\/p>\n<p>Voici une vid\u00e9o dans laquelle des \u00e9tudiantes t\u00e9moignent de l&rsquo;utilisation de l\u2019intervention muscl\u00e9e de la police lors du rassemblement de ce matin, 4 d\u00e9cembre 2011 &#8211; (Vid\u00e9o Cr\u00e9dit spymacrem)<\/p>\n","protected":false},"excerpt":{"rendered":"<p>Intervention de la police : un tournant dans le bras de fer opposant la FLAHM et Moncef Ben Salem<\/p>\n","protected":false},"author":3222,"featured_media":374566,"comment_status":"open","ping_status":"closed","sticky":false,"template":"","format":"standard","meta":{"footnotes":""},"categories":[44],"tags":[2600],"class_list":["post-172324","post","type-post","status-publish","format-standard","has-post-thumbnail","hentry","category-national","tag-guerre"],"yoast_head":"<!-- This site is optimized with the Yoast SEO Premium plugin v27.5 (Yoast SEO v27.5) - https:\/\/yoast.com\/product\/yoast-seo-premium-wordpress\/ -->\n<title>Intervention de la police : un tournant dans le bras de fer opposant la FLAHM et Moncef Ben Salem<\/title>\n<meta name=\"description\" content=\"Intervention de la police : un tournant dans le bras de fer opposant la FLAHM et Moncef Ben Salem\" \/>\n<link rel=\"canonical\" href=\"https:\/\/www.webdo.tn\/fr\/actualite\/national-45\/intervention-de-la-police-un-tournant-dans-le-bras-de-fer-opposant-la-flahm-et-moncef-ben-salem\/172324\/\" \/>\n<meta property=\"og:locale\" content=\"fr_FR\" \/>\n<meta property=\"og:type\" content=\"article\" \/>\n<meta property=\"og:title\" content=\"Intervention de la police : un tournant dans le bras de fer opposant la FLAHM et Moncef Ben Salem\" \/>\n<meta property=\"og:description\" content=\"Intervention de la police : un tournant dans le bras de fer opposant la FLAHM et Moncef Ben Salem\" \/>\n<meta property=\"og:url\" content=\"https:\/\/www.webdo.tn\/fr\/actualite\/national-45\/intervention-de-la-police-un-tournant-dans-le-bras-de-fer-opposant-la-flahm-et-moncef-ben-salem\/172324\/\" \/>\n<meta property=\"og:site_name\" content=\"webdo\" \/>\n<meta property=\"article:publisher\" content=\"https:\/\/www.facebook.com\/webdotn\" \/>\n<meta property=\"article:published_time\" content=\"2012-01-04T19:12:00+00:00\" \/>\n<meta name=\"author\" content=\"webdo.tn\" \/>\n<meta name=\"twitter:card\" content=\"summary_large_image\" \/>\n<meta name=\"twitter:creator\" content=\"@webdo_tn\" \/>\n<meta name=\"twitter:site\" content=\"@webdo_tn\" \/>\n<meta name=\"twitter:label1\" content=\"\u00c9crit par\" \/>\n\t<meta name=\"twitter:data1\" content=\"webdo.tn\" \/>\n\t<meta name=\"twitter:label2\" content=\"Dur\u00e9e de lecture estim\u00e9e\" \/>\n\t<meta name=\"twitter:data2\" content=\"2 minutes\" \/>\n<script type=\"application\/ld+json\" class=\"yoast-schema-graph\">{\"@context\":\"https:\\\/\\\/schema.org\",\"@graph\":[{\"@type\":\"NewsArticle\",\"@id\":\"https:\\\/\\\/www.webdo.tn\\\/fr\\\/actualite\\\/national-45\\\/intervention-de-la-police-un-tournant-dans-le-bras-de-fer-opposant-la-flahm-et-moncef-ben-salem\\\/172324\\\/#article\",\"isPartOf\":{\"@id\":\"https:\\\/\\\/www.webdo.tn\\\/fr\\\/actualite\\\/national-45\\\/intervention-de-la-police-un-tournant-dans-le-bras-de-fer-opposant-la-flahm-et-moncef-ben-salem\\\/172324\\\/\"},\"author\":{\"name\":\"webdo.tn\",\"@id\":\"https:\\\/\\\/www.webdo.tn\\\/fr\\\/#\\\/schema\\\/person\\\/9a9c6118d687c117df8ef3cc36a4d175\"},\"headline\":\"Intervention de la police : un tournant dans le bras de fer opposant la FLAHM et Moncef Ben Salem\",\"datePublished\":\"2012-01-04T19:12:00+00:00\",\"mainEntityOfPage\":{\"@id\":\"https:\\\/\\\/www.webdo.tn\\\/fr\\\/actualite\\\/national-45\\\/intervention-de-la-police-un-tournant-dans-le-bras-de-fer-opposant-la-flahm-et-moncef-ben-salem\\\/172324\\\/\"},\"wordCount\":514,\"commentCount\":0,\"publisher\":{\"@id\":\"https:\\\/\\\/www.webdo.tn\\\/fr\\\/#organization\"},\"image\":{\"@id\":\"https:\\\/\\\/www.webdo.tn\\\/fr\\\/actualite\\\/national-45\\\/intervention-de-la-police-un-tournant-dans-le-bras-de-fer-opposant-la-flahm-et-moncef-ben-salem\\\/172324\\\/#primaryimage\"},\"thumbnailUrl\":\"https:\\\/\\\/www.webdo.tn\\\/fr\\\/wp-content\\\/uploads\\\/2025\\\/06\\\/Rassemblement-devant-le-siege-du-ministere-de-lEnseignement-superieur-pour-exiger-la-levee-du-sit-in-qui-paralyse-la-vie-universitaire-a-la-Fac-de-Manouba-4-01-12_172324.jpg\",\"keywords\":[\"guerre\"],\"articleSection\":[\"National\"],\"inLanguage\":\"fr-FR\"},{\"@type\":\"WebPage\",\"@id\":\"https:\\\/\\\/www.webdo.tn\\\/fr\\\/actualite\\\/national-45\\\/intervention-de-la-police-un-tournant-dans-le-bras-de-fer-opposant-la-flahm-et-moncef-ben-salem\\\/172324\\\/\",\"url\":\"https:\\\/\\\/www.webdo.tn\\\/fr\\\/actualite\\\/national-45\\\/intervention-de-la-police-un-tournant-dans-le-bras-de-fer-opposant-la-flahm-et-moncef-ben-salem\\\/172324\\\/\",\"name\":\"Intervention de la police : un tournant dans le bras de fer opposant la FLAHM et Moncef Ben Salem\",\"isPartOf\":{\"@id\":\"https:\\\/\\\/www.webdo.tn\\\/fr\\\/#website\"},\"primaryImageOfPage\":{\"@id\":\"https:\\\/\\\/www.webdo.tn\\\/fr\\\/actualite\\\/national-45\\\/intervention-de-la-police-un-tournant-dans-le-bras-de-fer-opposant-la-flahm-et-moncef-ben-salem\\\/172324\\\/#primaryimage\"},\"image\":{\"@id\":\"https:\\\/\\\/www.webdo.tn\\\/fr\\\/actualite\\\/national-45\\\/intervention-de-la-police-un-tournant-dans-le-bras-de-fer-opposant-la-flahm-et-moncef-ben-salem\\\/172324\\\/#primaryimage\"},\"thumbnailUrl\":\"https:\\\/\\\/www.webdo.tn\\\/fr\\\/wp-content\\\/uploads\\\/2025\\\/06\\\/Rassemblement-devant-le-siege-du-ministere-de-lEnseignement-superieur-pour-exiger-la-levee-du-sit-in-qui-paralyse-la-vie-universitaire-a-la-Fac-de-Manouba-4-01-12_172324.jpg\",\"datePublished\":\"2012-01-04T19:12:00+00:00\",\"description\":\"Intervention de la police : un tournant dans le bras de fer opposant la FLAHM et Moncef Ben Salem\",\"breadcrumb\":{\"@id\":\"https:\\\/\\\/www.webdo.tn\\\/fr\\\/actualite\\\/national-45\\\/intervention-de-la-police-un-tournant-dans-le-bras-de-fer-opposant-la-flahm-et-moncef-ben-salem\\\/172324\\\/#breadcrumb\"},\"inLanguage\":\"fr-FR\",\"potentialAction\":[{\"@type\":\"ReadAction\",\"target\":[\"https:\\\/\\\/www.webdo.tn\\\/fr\\\/actualite\\\/national-45\\\/intervention-de-la-police-un-tournant-dans-le-bras-de-fer-opposant-la-flahm-et-moncef-ben-salem\\\/172324\\\/\"]}]},{\"@type\":\"ImageObject\",\"inLanguage\":\"fr-FR\",\"@id\":\"https:\\\/\\\/www.webdo.tn\\\/fr\\\/actualite\\\/national-45\\\/intervention-de-la-police-un-tournant-dans-le-bras-de-fer-opposant-la-flahm-et-moncef-ben-salem\\\/172324\\\/#primaryimage\",\"url\":\"https:\\\/\\\/www.webdo.tn\\\/fr\\\/wp-content\\\/uploads\\\/2025\\\/06\\\/Rassemblement-devant-le-siege-du-ministere-de-lEnseignement-superieur-pour-exiger-la-levee-du-sit-in-qui-paralyse-la-vie-universitaire-a-la-Fac-de-Manouba-4-01-12_172324.jpg\",\"contentUrl\":\"https:\\\/\\\/www.webdo.tn\\\/fr\\\/wp-content\\\/uploads\\\/2025\\\/06\\\/Rassemblement-devant-le-siege-du-ministere-de-lEnseignement-superieur-pour-exiger-la-levee-du-sit-in-qui-paralyse-la-vie-universitaire-a-la-Fac-de-Manouba-4-01-12_172324.jpg\",\"width\":311,\"height\":242,\"caption\":\"Intervention de la police : un tournant dans le bras de fer opposant la FLAHM et Moncef Ben Salem\"},{\"@type\":\"BreadcrumbList\",\"@id\":\"https:\\\/\\\/www.webdo.tn\\\/fr\\\/actualite\\\/national-45\\\/intervention-de-la-police-un-tournant-dans-le-bras-de-fer-opposant-la-flahm-et-moncef-ben-salem\\\/172324\\\/#breadcrumb\",\"itemListElement\":[{\"@type\":\"ListItem\",\"position\":1,\"name\":\"Accueil\",\"item\":\"https:\\\/\\\/www.webdo.tn\\\/fr\\\/\"},{\"@type\":\"ListItem\",\"position\":2,\"name\":\"Intervention de la police : un tournant dans le bras de fer opposant la FLAHM et Moncef Ben Salem\"}]},{\"@type\":\"WebSite\",\"@id\":\"https:\\\/\\\/www.webdo.tn\\\/fr\\\/#website\",\"url\":\"https:\\\/\\\/www.webdo.tn\\\/fr\\\/\",\"name\":\"webdo\",\"description\":\"Tunisie - News en Tunisie et \u00e0 l&#039;international sur Webdo.tn\",\"publisher\":{\"@id\":\"https:\\\/\\\/www.webdo.tn\\\/fr\\\/#organization\"},\"potentialAction\":[{\"@type\":\"SearchAction\",\"target\":{\"@type\":\"EntryPoint\",\"urlTemplate\":\"https:\\\/\\\/www.webdo.tn\\\/fr\\\/?s={search_term_string}\"},\"query-input\":{\"@type\":\"PropertyValueSpecification\",\"valueRequired\":true,\"valueName\":\"search_term_string\"}}],\"inLanguage\":\"fr-FR\"},{\"@type\":\"Organization\",\"@id\":\"https:\\\/\\\/www.webdo.tn\\\/fr\\\/#organization\",\"name\":\"Webdo\",\"alternateName\":\"Webdo.tn\",\"url\":\"https:\\\/\\\/www.webdo.tn\\\/fr\\\/\",\"logo\":{\"@type\":\"ImageObject\",\"inLanguage\":\"fr-FR\",\"@id\":\"https:\\\/\\\/www.webdo.tn\\\/fr\\\/#\\\/schema\\\/logo\\\/image\\\/\",\"url\":\"https:\\\/\\\/www.webdo.tn\\\/fr\\\/wp-content\\\/uploads\\\/2025\\\/06\\\/Webdo-Tunisie_168377.jpg\",\"contentUrl\":\"https:\\\/\\\/www.webdo.tn\\\/fr\\\/wp-content\\\/uploads\\\/2025\\\/06\\\/Webdo-Tunisie_168377.jpg\",\"width\":301,\"height\":301,\"caption\":\"Webdo\"},\"image\":{\"@id\":\"https:\\\/\\\/www.webdo.tn\\\/fr\\\/#\\\/schema\\\/logo\\\/image\\\/\"},\"sameAs\":[\"https:\\\/\\\/www.facebook.com\\\/webdotn\",\"https:\\\/\\\/x.com\\\/webdo_tn\"],\"description\":\"Webdo est un m\u00e9dia num\u00e9rique tunisien fond\u00e9 en 2010, sp\u00e9cialis\u00e9 dans l\u2019actualit\u00e9 nationale et internationale, l\u2019\u00e9conomie, la soci\u00e9t\u00e9 et les analyses politiques. Le site s\u2019adresse \u00e0 un large public francophone et couvre l\u2019information tunisienne en temps r\u00e9el.\",\"email\":\"redac@webdo.tn\",\"legalName\":\"YNJ SARL\",\"foundingDate\":\"2010-09-06\",\"numberOfEmployees\":{\"@type\":\"QuantitativeValue\",\"minValue\":\"11\",\"maxValue\":\"50\"}},{\"@type\":\"Person\",\"@id\":\"https:\\\/\\\/www.webdo.tn\\\/fr\\\/#\\\/schema\\\/person\\\/9a9c6118d687c117df8ef3cc36a4d175\",\"name\":\"webdo.tn\",\"image\":{\"@type\":\"ImageObject\",\"inLanguage\":\"fr-FR\",\"@id\":\"https:\\\/\\\/secure.gravatar.com\\\/avatar\\\/7ce1f28c0c3bbac99ff550b85ef8e44a6950c6ee24514fb6a5489e51d06f0298?s=96&d=mm&r=g\",\"url\":\"https:\\\/\\\/secure.gravatar.com\\\/avatar\\\/7ce1f28c0c3bbac99ff550b85ef8e44a6950c6ee24514fb6a5489e51d06f0298?s=96&d=mm&r=g\",\"contentUrl\":\"https:\\\/\\\/secure.gravatar.com\\\/avatar\\\/7ce1f28c0c3bbac99ff550b85ef8e44a6950c6ee24514fb6a5489e51d06f0298?s=96&d=mm&r=g\",\"caption\":\"webdo.tn\"},\"url\":\"https:\\\/\\\/www.webdo.tn\\\/fr\\\/actualite\\\/author\\\/webdotn\\\/\"}]}<\/script>\n<!-- \/ Yoast SEO Premium plugin. -->","yoast_head_json":{"title":"Intervention de la police : un tournant dans le bras de fer opposant la FLAHM et Moncef Ben Salem","description":"Intervention de la police : un tournant dans le bras de fer opposant la FLAHM et Moncef Ben Salem","canonical":"https:\/\/www.webdo.tn\/fr\/actualite\/national-45\/intervention-de-la-police-un-tournant-dans-le-bras-de-fer-opposant-la-flahm-et-moncef-ben-salem\/172324\/","og_locale":"fr_FR","og_type":"article","og_title":"Intervention de la police : un tournant dans le bras de fer opposant la FLAHM et Moncef Ben Salem","og_description":"Intervention de la police : un tournant dans le bras de fer opposant la FLAHM et Moncef Ben Salem","og_url":"https:\/\/www.webdo.tn\/fr\/actualite\/national-45\/intervention-de-la-police-un-tournant-dans-le-bras-de-fer-opposant-la-flahm-et-moncef-ben-salem\/172324\/","og_site_name":"webdo","article_publisher":"https:\/\/www.facebook.com\/webdotn","article_published_time":"2012-01-04T19:12:00+00:00","author":"webdo.tn","twitter_card":"summary_large_image","twitter_creator":"@webdo_tn","twitter_site":"@webdo_tn","twitter_misc":{"\u00c9crit par":"webdo.tn","Dur\u00e9e de lecture estim\u00e9e":"2 minutes"},"schema":{"@context":"https:\/\/schema.org","@graph":[{"@type":"NewsArticle","@id":"https:\/\/www.webdo.tn\/fr\/actualite\/national-45\/intervention-de-la-police-un-tournant-dans-le-bras-de-fer-opposant-la-flahm-et-moncef-ben-salem\/172324\/#article","isPartOf":{"@id":"https:\/\/www.webdo.tn\/fr\/actualite\/national-45\/intervention-de-la-police-un-tournant-dans-le-bras-de-fer-opposant-la-flahm-et-moncef-ben-salem\/172324\/"},"author":{"name":"webdo.tn","@id":"https:\/\/www.webdo.tn\/fr\/#\/schema\/person\/9a9c6118d687c117df8ef3cc36a4d175"},"headline":"Intervention de la police : un tournant dans le bras de fer opposant la FLAHM et Moncef Ben Salem","datePublished":"2012-01-04T19:12:00+00:00","mainEntityOfPage":{"@id":"https:\/\/www.webdo.tn\/fr\/actualite\/national-45\/intervention-de-la-police-un-tournant-dans-le-bras-de-fer-opposant-la-flahm-et-moncef-ben-salem\/172324\/"},"wordCount":514,"commentCount":0,"publisher":{"@id":"https:\/\/www.webdo.tn\/fr\/#organization"},"image":{"@id":"https:\/\/www.webdo.tn\/fr\/actualite\/national-45\/intervention-de-la-police-un-tournant-dans-le-bras-de-fer-opposant-la-flahm-et-moncef-ben-salem\/172324\/#primaryimage"},"thumbnailUrl":"https:\/\/www.webdo.tn\/fr\/wp-content\/uploads\/2025\/06\/Rassemblement-devant-le-siege-du-ministere-de-lEnseignement-superieur-pour-exiger-la-levee-du-sit-in-qui-paralyse-la-vie-universitaire-a-la-Fac-de-Manouba-4-01-12_172324.jpg","keywords":["guerre"],"articleSection":["National"],"inLanguage":"fr-FR"},{"@type":"WebPage","@id":"https:\/\/www.webdo.tn\/fr\/actualite\/national-45\/intervention-de-la-police-un-tournant-dans-le-bras-de-fer-opposant-la-flahm-et-moncef-ben-salem\/172324\/","url":"https:\/\/www.webdo.tn\/fr\/actualite\/national-45\/intervention-de-la-police-un-tournant-dans-le-bras-de-fer-opposant-la-flahm-et-moncef-ben-salem\/172324\/","name":"Intervention de la police : un tournant dans le bras de fer opposant la FLAHM et Moncef Ben Salem","isPartOf":{"@id":"https:\/\/www.webdo.tn\/fr\/#website"},"primaryImageOfPage":{"@id":"https:\/\/www.webdo.tn\/fr\/actualite\/national-45\/intervention-de-la-police-un-tournant-dans-le-bras-de-fer-opposant-la-flahm-et-moncef-ben-salem\/172324\/#primaryimage"},"image":{"@id":"https:\/\/www.webdo.tn\/fr\/actualite\/national-45\/intervention-de-la-police-un-tournant-dans-le-bras-de-fer-opposant-la-flahm-et-moncef-ben-salem\/172324\/#primaryimage"},"thumbnailUrl":"https:\/\/www.webdo.tn\/fr\/wp-content\/uploads\/2025\/06\/Rassemblement-devant-le-siege-du-ministere-de-lEnseignement-superieur-pour-exiger-la-levee-du-sit-in-qui-paralyse-la-vie-universitaire-a-la-Fac-de-Manouba-4-01-12_172324.jpg","datePublished":"2012-01-04T19:12:00+00:00","description":"Intervention de la police : un tournant dans le bras de fer opposant la FLAHM et Moncef Ben Salem","breadcrumb":{"@id":"https:\/\/www.webdo.tn\/fr\/actualite\/national-45\/intervention-de-la-police-un-tournant-dans-le-bras-de-fer-opposant-la-flahm-et-moncef-ben-salem\/172324\/#breadcrumb"},"inLanguage":"fr-FR","potentialAction":[{"@type":"ReadAction","target":["https:\/\/www.webdo.tn\/fr\/actualite\/national-45\/intervention-de-la-police-un-tournant-dans-le-bras-de-fer-opposant-la-flahm-et-moncef-ben-salem\/172324\/"]}]},{"@type":"ImageObject","inLanguage":"fr-FR","@id":"https:\/\/www.webdo.tn\/fr\/actualite\/national-45\/intervention-de-la-police-un-tournant-dans-le-bras-de-fer-opposant-la-flahm-et-moncef-ben-salem\/172324\/#primaryimage","url":"https:\/\/www.webdo.tn\/fr\/wp-content\/uploads\/2025\/06\/Rassemblement-devant-le-siege-du-ministere-de-lEnseignement-superieur-pour-exiger-la-levee-du-sit-in-qui-paralyse-la-vie-universitaire-a-la-Fac-de-Manouba-4-01-12_172324.jpg","contentUrl":"https:\/\/www.webdo.tn\/fr\/wp-content\/uploads\/2025\/06\/Rassemblement-devant-le-siege-du-ministere-de-lEnseignement-superieur-pour-exiger-la-levee-du-sit-in-qui-paralyse-la-vie-universitaire-a-la-Fac-de-Manouba-4-01-12_172324.jpg","width":311,"height":242,"caption":"Intervention de la police : un tournant dans le bras de fer opposant la FLAHM et Moncef Ben Salem"},{"@type":"BreadcrumbList","@id":"https:\/\/www.webdo.tn\/fr\/actualite\/national-45\/intervention-de-la-police-un-tournant-dans-le-bras-de-fer-opposant-la-flahm-et-moncef-ben-salem\/172324\/#breadcrumb","itemListElement":[{"@type":"ListItem","position":1,"name":"Accueil","item":"https:\/\/www.webdo.tn\/fr\/"},{"@type":"ListItem","position":2,"name":"Intervention de la police : un tournant dans le bras de fer opposant la FLAHM et Moncef Ben Salem"}]},{"@type":"WebSite","@id":"https:\/\/www.webdo.tn\/fr\/#website","url":"https:\/\/www.webdo.tn\/fr\/","name":"webdo","description":"Tunisie - News en Tunisie et \u00e0 l&#039;international sur Webdo.tn","publisher":{"@id":"https:\/\/www.webdo.tn\/fr\/#organization"},"potentialAction":[{"@type":"SearchAction","target":{"@type":"EntryPoint","urlTemplate":"https:\/\/www.webdo.tn\/fr\/?s={search_term_string}"},"query-input":{"@type":"PropertyValueSpecification","valueRequired":true,"valueName":"search_term_string"}}],"inLanguage":"fr-FR"},{"@type":"Organization","@id":"https:\/\/www.webdo.tn\/fr\/#organization","name":"Webdo","alternateName":"Webdo.tn","url":"https:\/\/www.webdo.tn\/fr\/","logo":{"@type":"ImageObject","inLanguage":"fr-FR","@id":"https:\/\/www.webdo.tn\/fr\/#\/schema\/logo\/image\/","url":"https:\/\/www.webdo.tn\/fr\/wp-content\/uploads\/2025\/06\/Webdo-Tunisie_168377.jpg","contentUrl":"https:\/\/www.webdo.tn\/fr\/wp-content\/uploads\/2025\/06\/Webdo-Tunisie_168377.jpg","width":301,"height":301,"caption":"Webdo"},"image":{"@id":"https:\/\/www.webdo.tn\/fr\/#\/schema\/logo\/image\/"},"sameAs":["https:\/\/www.facebook.com\/webdotn","https:\/\/x.com\/webdo_tn"],"description":"Webdo est un m\u00e9dia num\u00e9rique tunisien fond\u00e9 en 2010, sp\u00e9cialis\u00e9 dans l\u2019actualit\u00e9 nationale et internationale, l\u2019\u00e9conomie, la soci\u00e9t\u00e9 et les analyses politiques. Le site s\u2019adresse \u00e0 un large public francophone et couvre l\u2019information tunisienne en temps r\u00e9el.","email":"redac@webdo.tn","legalName":"YNJ SARL","foundingDate":"2010-09-06","numberOfEmployees":{"@type":"QuantitativeValue","minValue":"11","maxValue":"50"}},{"@type":"Person","@id":"https:\/\/www.webdo.tn\/fr\/#\/schema\/person\/9a9c6118d687c117df8ef3cc36a4d175","name":"webdo.tn","image":{"@type":"ImageObject","inLanguage":"fr-FR","@id":"https:\/\/secure.gravatar.com\/avatar\/7ce1f28c0c3bbac99ff550b85ef8e44a6950c6ee24514fb6a5489e51d06f0298?s=96&d=mm&r=g","url":"https:\/\/secure.gravatar.com\/avatar\/7ce1f28c0c3bbac99ff550b85ef8e44a6950c6ee24514fb6a5489e51d06f0298?s=96&d=mm&r=g","contentUrl":"https:\/\/secure.gravatar.com\/avatar\/7ce1f28c0c3bbac99ff550b85ef8e44a6950c6ee24514fb6a5489e51d06f0298?s=96&d=mm&r=g","caption":"webdo.tn"},"url":"https:\/\/www.webdo.tn\/fr\/actualite\/author\/webdotn\/"}]}},"_links":{"self":[{"href":"https:\/\/www.webdo.tn\/fr\/wp-json\/wp\/v2\/posts\/172324","targetHints":{"allow":["GET"]}}],"collection":[{"href":"https:\/\/www.webdo.tn\/fr\/wp-json\/wp\/v2\/posts"}],"about":[{"href":"https:\/\/www.webdo.tn\/fr\/wp-json\/wp\/v2\/types\/post"}],"author":[{"embeddable":true,"href":"https:\/\/www.webdo.tn\/fr\/wp-json\/wp\/v2\/users\/3222"}],"replies":[{"embeddable":true,"href":"https:\/\/www.webdo.tn\/fr\/wp-json\/wp\/v2\/comments?post=172324"}],"version-history":[{"count":0,"href":"https:\/\/www.webdo.tn\/fr\/wp-json\/wp\/v2\/posts\/172324\/revisions"}],"wp:featuredmedia":[{"embeddable":true,"href":"https:\/\/www.webdo.tn\/fr\/wp-json\/wp\/v2\/media\/374566"}],"wp:attachment":[{"href":"https:\/\/www.webdo.tn\/fr\/wp-json\/wp\/v2\/media?parent=172324"}],"wp:term":[{"taxonomy":"category","embeddable":true,"href":"https:\/\/www.webdo.tn\/fr\/wp-json\/wp\/v2\/categories?post=172324"},{"taxonomy":"post_tag","embeddable":true,"href":"https:\/\/www.webdo.tn\/fr\/wp-json\/wp\/v2\/tags?post=172324"}],"curies":[{"name":"wp","href":"https:\/\/api.w.org\/{rel}","templated":true}]}}