{"id":172322,"date":"2012-01-06T20:16:00","date_gmt":"2012-01-06T20:16:00","guid":{"rendered":"https:\/\/www.webdo.tn\/fr\/blog\/dans-la-video-de-shems-fm-certains-voient-un-debut-de-la-revolte-des-partisans-dennahdha-contre-leur-propre-parti\/172322\/"},"modified":"2012-01-06T20:16:00","modified_gmt":"2012-01-06T20:16:00","slug":"dans-la-video-de-shems-fm-certains-voient-un-debut-de-la-revolte-des-partisans-dennahdha-contre-leur-propre-parti","status":"publish","type":"post","link":"https:\/\/www.webdo.tn\/fr\/actualite\/national\/dans-la-video-de-shems-fm-certains-voient-un-debut-de-la-revolte-des-partisans-dennahdha-contre-leur-propre-parti\/172322\/","title":{"rendered":"Dans la vid\u00e9o de Shems FM, certains voient un d\u00e9but de la r\u00e9volte des partisans d\u2019Ennahdha contre leur propre parti"},"content":{"rendered":"<p>Dans la matin\u00e9e d\u2019aujourd\u2019hui, une vid\u00e9o \u00e9mise par la radio priv\u00e9e Shems FM a montr\u00e9 une foule de protestataires rassembl\u00e9s sur la Place de La Kasbah, en face du Palais du gouvernement, venue exprimer leur m\u00e9contentement quant aux promesses du gouvernement J\u00e9bali sur l\u2019indemnisation des bless\u00e9s de la r\u00e9volution.<\/p>\n<p>Les premi\u00e8res images montrent une dame assise \u00e0 m\u00eame le sol, entour\u00e9e de policiers en tenue, d\u00e9cid\u00e9e \u00e0 se faire entendre, voulant co\u00fbte que co\u00fbte avoir une entrevue avec le Premier ministre du gouvernement issu de la Constituante pour \u00e9tudier son cas, ayant re\u00e7u une balle dans la t\u00eate lors des journ\u00e9es noires de la r\u00e9volution qui, \u00e0 ce jour, ne fut pas extraite, et que malgr\u00e9 toutes ses tentatives pour se faire entendre afin de se faire soigner, elle n\u2019a rien re\u00e7u en retour, pr\u00e9cisant qu\u2019elle conna\u00eet parfaitement le tireur, s\u2019agissant d\u2019un militaire.<\/p>\n<p>Par la suite, ce sont de nombreux jeunes, des bless\u00e9s de la r\u00e9volution, qui se joignirent \u00e0 elle pour crier leur col\u00e8re et d\u00e9noncer le gouvernement J\u00e9bali et ses fausses promesses, appelant le peuple \u00e0 agir pour mettre fin \u00e0 cette mascarade, selon les protestataires, criant que la situation est devenue explosive dans des r\u00e9gions recul\u00e9es, comme Gafsa, Sidi Bouzid, Gab\u00e8s, etc.<\/p>\n<p>Cette vid\u00e9o a provoqu\u00e9 un buzz sur les r\u00e9seaux sociaux et les multiples r\u00e9actions autour de ces images ont montr\u00e9 la dimension du m\u00e9contentement social et la d\u00e9ception populaire de ce parti pour lequel il a pourtant vot\u00e9.<\/p>\n<p>Des messages tels que \u00a0\u00bb Les partisans d&rsquo;Ennahdha d\u00e9\u00e7us du gouvernement crient leur col\u00e8re\u00a0\u00bb ou \u00ab\u00a0d\u00e9\u00e7us du Gvt, et dire qu&rsquo;ils ont \u00e9t\u00e9 avertis\u00a0\u00bb, etc. ont \u00e9t\u00e9 largement relay\u00e9s. Depuis que le parti a rafl\u00e9 les \u00e9lections, beaucoup de voix se l\u00e8vent pour d\u00e9noncer Ennahdha d\u2019avoir profit\u00e9 de la \u00abna\u00efvet\u00e9\u00bb du peuple en le soudoyant par des promesses \u2026<\/p>\n<p>D\u00e9\u00e7ues du vote qui ne les repr\u00e9sente pas, ces m\u00eames voix esp\u00e9rent qu&rsquo;un jour le peuple qui a vot\u00e9 pour Ennahdha, et d\u2019ailleurs pour le CPR et Ettakatol, se r\u00e9veillera pour se retourner contre eux. Et cette effervescence sociale qui se traduit par un v\u00e9ritable m\u00e9contentement populaire sur l\u2019action gouvernementale pourrait d\u00e9g\u00e9n\u00e9rer en une explosion sociale&#8230; \u00e0 une nouvelle r\u00e9volution.<\/p>\n","protected":false},"excerpt":{"rendered":"<p>Dans la vid\u00e9o de Shems FM, certains voient un d\u00e9but de la r\u00e9volte des partisans d\u2019Ennahdha contre leur propre parti<\/p>\n","protected":false},"author":3222,"featured_media":374568,"comment_status":"open","ping_status":"closed","sticky":false,"template":"","format":"standard","meta":{"footnotes":""},"categories":[44],"tags":[2600],"class_list":["post-172322","post","type-post","status-publish","format-standard","has-post-thumbnail","hentry","category-national","tag-guerre"],"yoast_head":"<!-- This site is optimized with the Yoast SEO Premium plugin v27.5 (Yoast SEO v27.5) - https:\/\/yoast.com\/product\/yoast-seo-premium-wordpress\/ -->\n<title>Dans la vid\u00e9o de Shems FM, certains voient un d\u00e9but de la r\u00e9volte des partisans d\u2019Ennahdha contre leur propre parti<\/title>\n<meta name=\"description\" content=\"Dans la vid\u00e9o de Shems FM, certains voient un d\u00e9but de la r\u00e9volte des partisans d\u2019Ennahdha contre leur propre parti\" \/>\n<link rel=\"canonical\" href=\"https:\/\/www.webdo.tn\/fr\/actualite\/national-45\/dans-la-video-de-shems-fm-certains-voient-un-debut-de-la-revolte-des-partisans-dennahdha-contre-leur-propre-parti\/172322\/\" \/>\n<meta property=\"og:locale\" content=\"fr_FR\" \/>\n<meta property=\"og:type\" content=\"article\" \/>\n<meta property=\"og:title\" content=\"Dans la vid\u00e9o de Shems FM, certains voient un d\u00e9but de la r\u00e9volte des partisans d\u2019Ennahdha contre leur propre parti\" \/>\n<meta property=\"og:description\" content=\"Dans la vid\u00e9o de Shems FM, certains voient un d\u00e9but de la r\u00e9volte des partisans d\u2019Ennahdha contre leur propre parti\" \/>\n<meta property=\"og:url\" content=\"https:\/\/www.webdo.tn\/fr\/actualite\/national-45\/dans-la-video-de-shems-fm-certains-voient-un-debut-de-la-revolte-des-partisans-dennahdha-contre-leur-propre-parti\/172322\/\" \/>\n<meta property=\"og:site_name\" content=\"webdo\" \/>\n<meta property=\"article:publisher\" content=\"https:\/\/www.facebook.com\/webdotn\" \/>\n<meta property=\"article:published_time\" content=\"2012-01-06T20:16:00+00:00\" \/>\n<meta name=\"author\" content=\"webdo.tn\" \/>\n<meta name=\"twitter:card\" content=\"summary_large_image\" \/>\n<meta name=\"twitter:creator\" content=\"@webdo_tn\" \/>\n<meta name=\"twitter:site\" content=\"@webdo_tn\" \/>\n<meta name=\"twitter:label1\" content=\"\u00c9crit par\" \/>\n\t<meta name=\"twitter:data1\" content=\"webdo.tn\" \/>\n\t<meta name=\"twitter:label2\" content=\"Dur\u00e9e de lecture estim\u00e9e\" \/>\n\t<meta name=\"twitter:data2\" content=\"2 minutes\" \/>\n<script type=\"application\/ld+json\" class=\"yoast-schema-graph\">{\"@context\":\"https:\\\/\\\/schema.org\",\"@graph\":[{\"@type\":\"NewsArticle\",\"@id\":\"https:\\\/\\\/www.webdo.tn\\\/fr\\\/actualite\\\/national-45\\\/dans-la-video-de-shems-fm-certains-voient-un-debut-de-la-revolte-des-partisans-dennahdha-contre-leur-propre-parti\\\/172322\\\/#article\",\"isPartOf\":{\"@id\":\"https:\\\/\\\/www.webdo.tn\\\/fr\\\/actualite\\\/national-45\\\/dans-la-video-de-shems-fm-certains-voient-un-debut-de-la-revolte-des-partisans-dennahdha-contre-leur-propre-parti\\\/172322\\\/\"},\"author\":{\"name\":\"webdo.tn\",\"@id\":\"https:\\\/\\\/www.webdo.tn\\\/fr\\\/#\\\/schema\\\/person\\\/9a9c6118d687c117df8ef3cc36a4d175\"},\"headline\":\"Dans la vid\u00e9o de Shems FM, certains voient un d\u00e9but de la r\u00e9volte des partisans d\u2019Ennahdha contre leur propre parti\",\"datePublished\":\"2012-01-06T20:16:00+00:00\",\"mainEntityOfPage\":{\"@id\":\"https:\\\/\\\/www.webdo.tn\\\/fr\\\/actualite\\\/national-45\\\/dans-la-video-de-shems-fm-certains-voient-un-debut-de-la-revolte-des-partisans-dennahdha-contre-leur-propre-parti\\\/172322\\\/\"},\"wordCount\":443,\"commentCount\":0,\"publisher\":{\"@id\":\"https:\\\/\\\/www.webdo.tn\\\/fr\\\/#organization\"},\"image\":{\"@id\":\"https:\\\/\\\/www.webdo.tn\\\/fr\\\/actualite\\\/national-45\\\/dans-la-video-de-shems-fm-certains-voient-un-debut-de-la-revolte-des-partisans-dennahdha-contre-leur-propre-parti\\\/172322\\\/#primaryimage\"},\"thumbnailUrl\":\"https:\\\/\\\/www.webdo.tn\\\/fr\\\/wp-content\\\/uploads\\\/2025\\\/06\\\/Une-blessee-decue-du-gouvernement-veut-rencontrer-Jebali_172322.jpg\",\"keywords\":[\"guerre\"],\"articleSection\":[\"National\"],\"inLanguage\":\"fr-FR\"},{\"@type\":\"WebPage\",\"@id\":\"https:\\\/\\\/www.webdo.tn\\\/fr\\\/actualite\\\/national-45\\\/dans-la-video-de-shems-fm-certains-voient-un-debut-de-la-revolte-des-partisans-dennahdha-contre-leur-propre-parti\\\/172322\\\/\",\"url\":\"https:\\\/\\\/www.webdo.tn\\\/fr\\\/actualite\\\/national-45\\\/dans-la-video-de-shems-fm-certains-voient-un-debut-de-la-revolte-des-partisans-dennahdha-contre-leur-propre-parti\\\/172322\\\/\",\"name\":\"Dans la vid\u00e9o de Shems FM, certains voient un d\u00e9but de la r\u00e9volte des partisans d\u2019Ennahdha contre leur propre parti\",\"isPartOf\":{\"@id\":\"https:\\\/\\\/www.webdo.tn\\\/fr\\\/#website\"},\"primaryImageOfPage\":{\"@id\":\"https:\\\/\\\/www.webdo.tn\\\/fr\\\/actualite\\\/national-45\\\/dans-la-video-de-shems-fm-certains-voient-un-debut-de-la-revolte-des-partisans-dennahdha-contre-leur-propre-parti\\\/172322\\\/#primaryimage\"},\"image\":{\"@id\":\"https:\\\/\\\/www.webdo.tn\\\/fr\\\/actualite\\\/national-45\\\/dans-la-video-de-shems-fm-certains-voient-un-debut-de-la-revolte-des-partisans-dennahdha-contre-leur-propre-parti\\\/172322\\\/#primaryimage\"},\"thumbnailUrl\":\"https:\\\/\\\/www.webdo.tn\\\/fr\\\/wp-content\\\/uploads\\\/2025\\\/06\\\/Une-blessee-decue-du-gouvernement-veut-rencontrer-Jebali_172322.jpg\",\"datePublished\":\"2012-01-06T20:16:00+00:00\",\"description\":\"Dans la vid\u00e9o de Shems FM, certains voient un d\u00e9but de la r\u00e9volte des partisans d\u2019Ennahdha contre leur propre parti\",\"breadcrumb\":{\"@id\":\"https:\\\/\\\/www.webdo.tn\\\/fr\\\/actualite\\\/national-45\\\/dans-la-video-de-shems-fm-certains-voient-un-debut-de-la-revolte-des-partisans-dennahdha-contre-leur-propre-parti\\\/172322\\\/#breadcrumb\"},\"inLanguage\":\"fr-FR\",\"potentialAction\":[{\"@type\":\"ReadAction\",\"target\":[\"https:\\\/\\\/www.webdo.tn\\\/fr\\\/actualite\\\/national-45\\\/dans-la-video-de-shems-fm-certains-voient-un-debut-de-la-revolte-des-partisans-dennahdha-contre-leur-propre-parti\\\/172322\\\/\"]}]},{\"@type\":\"ImageObject\",\"inLanguage\":\"fr-FR\",\"@id\":\"https:\\\/\\\/www.webdo.tn\\\/fr\\\/actualite\\\/national-45\\\/dans-la-video-de-shems-fm-certains-voient-un-debut-de-la-revolte-des-partisans-dennahdha-contre-leur-propre-parti\\\/172322\\\/#primaryimage\",\"url\":\"https:\\\/\\\/www.webdo.tn\\\/fr\\\/wp-content\\\/uploads\\\/2025\\\/06\\\/Une-blessee-decue-du-gouvernement-veut-rencontrer-Jebali_172322.jpg\",\"contentUrl\":\"https:\\\/\\\/www.webdo.tn\\\/fr\\\/wp-content\\\/uploads\\\/2025\\\/06\\\/Une-blessee-decue-du-gouvernement-veut-rencontrer-Jebali_172322.jpg\",\"width\":295,\"height\":247,\"caption\":\"Dans la vid\u00e9o de Shems FM, certains voient un d\u00e9but de la r\u00e9volte des partisans d\u2019Ennahdha contre leur propre parti\"},{\"@type\":\"BreadcrumbList\",\"@id\":\"https:\\\/\\\/www.webdo.tn\\\/fr\\\/actualite\\\/national-45\\\/dans-la-video-de-shems-fm-certains-voient-un-debut-de-la-revolte-des-partisans-dennahdha-contre-leur-propre-parti\\\/172322\\\/#breadcrumb\",\"itemListElement\":[{\"@type\":\"ListItem\",\"position\":1,\"name\":\"Accueil\",\"item\":\"https:\\\/\\\/www.webdo.tn\\\/fr\\\/\"},{\"@type\":\"ListItem\",\"position\":2,\"name\":\"Dans la vid\u00e9o de Shems FM, certains voient un d\u00e9but de la r\u00e9volte des partisans d\u2019Ennahdha contre leur propre parti\"}]},{\"@type\":\"WebSite\",\"@id\":\"https:\\\/\\\/www.webdo.tn\\\/fr\\\/#website\",\"url\":\"https:\\\/\\\/www.webdo.tn\\\/fr\\\/\",\"name\":\"webdo\",\"description\":\"Tunisie - News en Tunisie et \u00e0 l&#039;international sur Webdo.tn\",\"publisher\":{\"@id\":\"https:\\\/\\\/www.webdo.tn\\\/fr\\\/#organization\"},\"potentialAction\":[{\"@type\":\"SearchAction\",\"target\":{\"@type\":\"EntryPoint\",\"urlTemplate\":\"https:\\\/\\\/www.webdo.tn\\\/fr\\\/?s={search_term_string}\"},\"query-input\":{\"@type\":\"PropertyValueSpecification\",\"valueRequired\":true,\"valueName\":\"search_term_string\"}}],\"inLanguage\":\"fr-FR\"},{\"@type\":\"Organization\",\"@id\":\"https:\\\/\\\/www.webdo.tn\\\/fr\\\/#organization\",\"name\":\"Webdo\",\"alternateName\":\"Webdo.tn\",\"url\":\"https:\\\/\\\/www.webdo.tn\\\/fr\\\/\",\"logo\":{\"@type\":\"ImageObject\",\"inLanguage\":\"fr-FR\",\"@id\":\"https:\\\/\\\/www.webdo.tn\\\/fr\\\/#\\\/schema\\\/logo\\\/image\\\/\",\"url\":\"https:\\\/\\\/www.webdo.tn\\\/fr\\\/wp-content\\\/uploads\\\/2025\\\/06\\\/Webdo-Tunisie_168377.jpg\",\"contentUrl\":\"https:\\\/\\\/www.webdo.tn\\\/fr\\\/wp-content\\\/uploads\\\/2025\\\/06\\\/Webdo-Tunisie_168377.jpg\",\"width\":301,\"height\":301,\"caption\":\"Webdo\"},\"image\":{\"@id\":\"https:\\\/\\\/www.webdo.tn\\\/fr\\\/#\\\/schema\\\/logo\\\/image\\\/\"},\"sameAs\":[\"https:\\\/\\\/www.facebook.com\\\/webdotn\",\"https:\\\/\\\/x.com\\\/webdo_tn\"],\"description\":\"Webdo est un m\u00e9dia num\u00e9rique tunisien fond\u00e9 en 2010, sp\u00e9cialis\u00e9 dans l\u2019actualit\u00e9 nationale et internationale, l\u2019\u00e9conomie, la soci\u00e9t\u00e9 et les analyses politiques. Le site s\u2019adresse \u00e0 un large public francophone et couvre l\u2019information tunisienne en temps r\u00e9el.\",\"email\":\"redac@webdo.tn\",\"legalName\":\"YNJ SARL\",\"foundingDate\":\"2010-09-06\",\"numberOfEmployees\":{\"@type\":\"QuantitativeValue\",\"minValue\":\"11\",\"maxValue\":\"50\"}},{\"@type\":\"Person\",\"@id\":\"https:\\\/\\\/www.webdo.tn\\\/fr\\\/#\\\/schema\\\/person\\\/9a9c6118d687c117df8ef3cc36a4d175\",\"name\":\"webdo.tn\",\"image\":{\"@type\":\"ImageObject\",\"inLanguage\":\"fr-FR\",\"@id\":\"https:\\\/\\\/secure.gravatar.com\\\/avatar\\\/7ce1f28c0c3bbac99ff550b85ef8e44a6950c6ee24514fb6a5489e51d06f0298?s=96&d=mm&r=g\",\"url\":\"https:\\\/\\\/secure.gravatar.com\\\/avatar\\\/7ce1f28c0c3bbac99ff550b85ef8e44a6950c6ee24514fb6a5489e51d06f0298?s=96&d=mm&r=g\",\"contentUrl\":\"https:\\\/\\\/secure.gravatar.com\\\/avatar\\\/7ce1f28c0c3bbac99ff550b85ef8e44a6950c6ee24514fb6a5489e51d06f0298?s=96&d=mm&r=g\",\"caption\":\"webdo.tn\"},\"url\":\"https:\\\/\\\/www.webdo.tn\\\/fr\\\/actualite\\\/author\\\/webdotn\\\/\"}]}<\/script>\n<!-- \/ Yoast SEO Premium plugin. -->","yoast_head_json":{"title":"Dans la vid\u00e9o de Shems FM, certains voient un d\u00e9but de la r\u00e9volte des partisans d\u2019Ennahdha contre leur propre parti","description":"Dans la vid\u00e9o de Shems FM, certains voient un d\u00e9but de la r\u00e9volte des partisans d\u2019Ennahdha contre leur propre parti","canonical":"https:\/\/www.webdo.tn\/fr\/actualite\/national-45\/dans-la-video-de-shems-fm-certains-voient-un-debut-de-la-revolte-des-partisans-dennahdha-contre-leur-propre-parti\/172322\/","og_locale":"fr_FR","og_type":"article","og_title":"Dans la vid\u00e9o de Shems FM, certains voient un d\u00e9but de la r\u00e9volte des partisans d\u2019Ennahdha contre leur propre parti","og_description":"Dans la vid\u00e9o de Shems FM, certains voient un d\u00e9but de la r\u00e9volte des partisans d\u2019Ennahdha contre leur propre parti","og_url":"https:\/\/www.webdo.tn\/fr\/actualite\/national-45\/dans-la-video-de-shems-fm-certains-voient-un-debut-de-la-revolte-des-partisans-dennahdha-contre-leur-propre-parti\/172322\/","og_site_name":"webdo","article_publisher":"https:\/\/www.facebook.com\/webdotn","article_published_time":"2012-01-06T20:16:00+00:00","author":"webdo.tn","twitter_card":"summary_large_image","twitter_creator":"@webdo_tn","twitter_site":"@webdo_tn","twitter_misc":{"\u00c9crit par":"webdo.tn","Dur\u00e9e de lecture estim\u00e9e":"2 minutes"},"schema":{"@context":"https:\/\/schema.org","@graph":[{"@type":"NewsArticle","@id":"https:\/\/www.webdo.tn\/fr\/actualite\/national-45\/dans-la-video-de-shems-fm-certains-voient-un-debut-de-la-revolte-des-partisans-dennahdha-contre-leur-propre-parti\/172322\/#article","isPartOf":{"@id":"https:\/\/www.webdo.tn\/fr\/actualite\/national-45\/dans-la-video-de-shems-fm-certains-voient-un-debut-de-la-revolte-des-partisans-dennahdha-contre-leur-propre-parti\/172322\/"},"author":{"name":"webdo.tn","@id":"https:\/\/www.webdo.tn\/fr\/#\/schema\/person\/9a9c6118d687c117df8ef3cc36a4d175"},"headline":"Dans la vid\u00e9o de Shems FM, certains voient un d\u00e9but de la r\u00e9volte des partisans d\u2019Ennahdha contre leur propre parti","datePublished":"2012-01-06T20:16:00+00:00","mainEntityOfPage":{"@id":"https:\/\/www.webdo.tn\/fr\/actualite\/national-45\/dans-la-video-de-shems-fm-certains-voient-un-debut-de-la-revolte-des-partisans-dennahdha-contre-leur-propre-parti\/172322\/"},"wordCount":443,"commentCount":0,"publisher":{"@id":"https:\/\/www.webdo.tn\/fr\/#organization"},"image":{"@id":"https:\/\/www.webdo.tn\/fr\/actualite\/national-45\/dans-la-video-de-shems-fm-certains-voient-un-debut-de-la-revolte-des-partisans-dennahdha-contre-leur-propre-parti\/172322\/#primaryimage"},"thumbnailUrl":"https:\/\/www.webdo.tn\/fr\/wp-content\/uploads\/2025\/06\/Une-blessee-decue-du-gouvernement-veut-rencontrer-Jebali_172322.jpg","keywords":["guerre"],"articleSection":["National"],"inLanguage":"fr-FR"},{"@type":"WebPage","@id":"https:\/\/www.webdo.tn\/fr\/actualite\/national-45\/dans-la-video-de-shems-fm-certains-voient-un-debut-de-la-revolte-des-partisans-dennahdha-contre-leur-propre-parti\/172322\/","url":"https:\/\/www.webdo.tn\/fr\/actualite\/national-45\/dans-la-video-de-shems-fm-certains-voient-un-debut-de-la-revolte-des-partisans-dennahdha-contre-leur-propre-parti\/172322\/","name":"Dans la vid\u00e9o de Shems FM, certains voient un d\u00e9but de la r\u00e9volte des partisans d\u2019Ennahdha contre leur propre parti","isPartOf":{"@id":"https:\/\/www.webdo.tn\/fr\/#website"},"primaryImageOfPage":{"@id":"https:\/\/www.webdo.tn\/fr\/actualite\/national-45\/dans-la-video-de-shems-fm-certains-voient-un-debut-de-la-revolte-des-partisans-dennahdha-contre-leur-propre-parti\/172322\/#primaryimage"},"image":{"@id":"https:\/\/www.webdo.tn\/fr\/actualite\/national-45\/dans-la-video-de-shems-fm-certains-voient-un-debut-de-la-revolte-des-partisans-dennahdha-contre-leur-propre-parti\/172322\/#primaryimage"},"thumbnailUrl":"https:\/\/www.webdo.tn\/fr\/wp-content\/uploads\/2025\/06\/Une-blessee-decue-du-gouvernement-veut-rencontrer-Jebali_172322.jpg","datePublished":"2012-01-06T20:16:00+00:00","description":"Dans la vid\u00e9o de Shems FM, certains voient un d\u00e9but de la r\u00e9volte des partisans d\u2019Ennahdha contre leur propre parti","breadcrumb":{"@id":"https:\/\/www.webdo.tn\/fr\/actualite\/national-45\/dans-la-video-de-shems-fm-certains-voient-un-debut-de-la-revolte-des-partisans-dennahdha-contre-leur-propre-parti\/172322\/#breadcrumb"},"inLanguage":"fr-FR","potentialAction":[{"@type":"ReadAction","target":["https:\/\/www.webdo.tn\/fr\/actualite\/national-45\/dans-la-video-de-shems-fm-certains-voient-un-debut-de-la-revolte-des-partisans-dennahdha-contre-leur-propre-parti\/172322\/"]}]},{"@type":"ImageObject","inLanguage":"fr-FR","@id":"https:\/\/www.webdo.tn\/fr\/actualite\/national-45\/dans-la-video-de-shems-fm-certains-voient-un-debut-de-la-revolte-des-partisans-dennahdha-contre-leur-propre-parti\/172322\/#primaryimage","url":"https:\/\/www.webdo.tn\/fr\/wp-content\/uploads\/2025\/06\/Une-blessee-decue-du-gouvernement-veut-rencontrer-Jebali_172322.jpg","contentUrl":"https:\/\/www.webdo.tn\/fr\/wp-content\/uploads\/2025\/06\/Une-blessee-decue-du-gouvernement-veut-rencontrer-Jebali_172322.jpg","width":295,"height":247,"caption":"Dans la vid\u00e9o de Shems FM, certains voient un d\u00e9but de la r\u00e9volte des partisans d\u2019Ennahdha contre leur propre parti"},{"@type":"BreadcrumbList","@id":"https:\/\/www.webdo.tn\/fr\/actualite\/national-45\/dans-la-video-de-shems-fm-certains-voient-un-debut-de-la-revolte-des-partisans-dennahdha-contre-leur-propre-parti\/172322\/#breadcrumb","itemListElement":[{"@type":"ListItem","position":1,"name":"Accueil","item":"https:\/\/www.webdo.tn\/fr\/"},{"@type":"ListItem","position":2,"name":"Dans la vid\u00e9o de Shems FM, certains voient un d\u00e9but de la r\u00e9volte des partisans d\u2019Ennahdha contre leur propre parti"}]},{"@type":"WebSite","@id":"https:\/\/www.webdo.tn\/fr\/#website","url":"https:\/\/www.webdo.tn\/fr\/","name":"webdo","description":"Tunisie - News en Tunisie et \u00e0 l&#039;international sur Webdo.tn","publisher":{"@id":"https:\/\/www.webdo.tn\/fr\/#organization"},"potentialAction":[{"@type":"SearchAction","target":{"@type":"EntryPoint","urlTemplate":"https:\/\/www.webdo.tn\/fr\/?s={search_term_string}"},"query-input":{"@type":"PropertyValueSpecification","valueRequired":true,"valueName":"search_term_string"}}],"inLanguage":"fr-FR"},{"@type":"Organization","@id":"https:\/\/www.webdo.tn\/fr\/#organization","name":"Webdo","alternateName":"Webdo.tn","url":"https:\/\/www.webdo.tn\/fr\/","logo":{"@type":"ImageObject","inLanguage":"fr-FR","@id":"https:\/\/www.webdo.tn\/fr\/#\/schema\/logo\/image\/","url":"https:\/\/www.webdo.tn\/fr\/wp-content\/uploads\/2025\/06\/Webdo-Tunisie_168377.jpg","contentUrl":"https:\/\/www.webdo.tn\/fr\/wp-content\/uploads\/2025\/06\/Webdo-Tunisie_168377.jpg","width":301,"height":301,"caption":"Webdo"},"image":{"@id":"https:\/\/www.webdo.tn\/fr\/#\/schema\/logo\/image\/"},"sameAs":["https:\/\/www.facebook.com\/webdotn","https:\/\/x.com\/webdo_tn"],"description":"Webdo est un m\u00e9dia num\u00e9rique tunisien fond\u00e9 en 2010, sp\u00e9cialis\u00e9 dans l\u2019actualit\u00e9 nationale et internationale, l\u2019\u00e9conomie, la soci\u00e9t\u00e9 et les analyses politiques. Le site s\u2019adresse \u00e0 un large public francophone et couvre l\u2019information tunisienne en temps r\u00e9el.","email":"redac@webdo.tn","legalName":"YNJ SARL","foundingDate":"2010-09-06","numberOfEmployees":{"@type":"QuantitativeValue","minValue":"11","maxValue":"50"}},{"@type":"Person","@id":"https:\/\/www.webdo.tn\/fr\/#\/schema\/person\/9a9c6118d687c117df8ef3cc36a4d175","name":"webdo.tn","image":{"@type":"ImageObject","inLanguage":"fr-FR","@id":"https:\/\/secure.gravatar.com\/avatar\/7ce1f28c0c3bbac99ff550b85ef8e44a6950c6ee24514fb6a5489e51d06f0298?s=96&d=mm&r=g","url":"https:\/\/secure.gravatar.com\/avatar\/7ce1f28c0c3bbac99ff550b85ef8e44a6950c6ee24514fb6a5489e51d06f0298?s=96&d=mm&r=g","contentUrl":"https:\/\/secure.gravatar.com\/avatar\/7ce1f28c0c3bbac99ff550b85ef8e44a6950c6ee24514fb6a5489e51d06f0298?s=96&d=mm&r=g","caption":"webdo.tn"},"url":"https:\/\/www.webdo.tn\/fr\/actualite\/author\/webdotn\/"}]}},"_links":{"self":[{"href":"https:\/\/www.webdo.tn\/fr\/wp-json\/wp\/v2\/posts\/172322","targetHints":{"allow":["GET"]}}],"collection":[{"href":"https:\/\/www.webdo.tn\/fr\/wp-json\/wp\/v2\/posts"}],"about":[{"href":"https:\/\/www.webdo.tn\/fr\/wp-json\/wp\/v2\/types\/post"}],"author":[{"embeddable":true,"href":"https:\/\/www.webdo.tn\/fr\/wp-json\/wp\/v2\/users\/3222"}],"replies":[{"embeddable":true,"href":"https:\/\/www.webdo.tn\/fr\/wp-json\/wp\/v2\/comments?post=172322"}],"version-history":[{"count":0,"href":"https:\/\/www.webdo.tn\/fr\/wp-json\/wp\/v2\/posts\/172322\/revisions"}],"wp:featuredmedia":[{"embeddable":true,"href":"https:\/\/www.webdo.tn\/fr\/wp-json\/wp\/v2\/media\/374568"}],"wp:attachment":[{"href":"https:\/\/www.webdo.tn\/fr\/wp-json\/wp\/v2\/media?parent=172322"}],"wp:term":[{"taxonomy":"category","embeddable":true,"href":"https:\/\/www.webdo.tn\/fr\/wp-json\/wp\/v2\/categories?post=172322"},{"taxonomy":"post_tag","embeddable":true,"href":"https:\/\/www.webdo.tn\/fr\/wp-json\/wp\/v2\/tags?post=172322"}],"curies":[{"name":"wp","href":"https:\/\/api.w.org\/{rel}","templated":true}]}}