{"id":172316,"date":"2012-01-09T12:26:00","date_gmt":"2012-01-09T12:26:00","guid":{"rendered":"https:\/\/www.webdo.tn\/fr\/blog\/greve-generale-dans-le-secteur-des-medias-si-le-gouvernement-ne-revient-pas-sur-ses-nominations\/172316\/"},"modified":"2012-01-09T12:26:00","modified_gmt":"2012-01-09T12:26:00","slug":"greve-generale-dans-le-secteur-des-medias-si-le-gouvernement-ne-revient-pas-sur-ses-nominations","status":"publish","type":"post","link":"https:\/\/www.webdo.tn\/fr\/actualite\/national\/greve-generale-dans-le-secteur-des-medias-si-le-gouvernement-ne-revient-pas-sur-ses-nominations\/172316\/","title":{"rendered":"\u00abGr\u00e8ve g\u00e9n\u00e9rale dans le secteur des m\u00e9dias, si le gouvernement ne revient pas sur ses nominations\u00bb"},"content":{"rendered":"<p>C&rsquo;est ce que vient de d\u00e9clarer la pr\u00e9sidente du Syndicat National des Journalistes Tunisiens (SNJT), Nejiba Hamrouni, ce matin sur les ondes de Shems FM. La d\u00e9fense de la libert\u00e9 de la presse exige que H. Jebali revienne sur ses nominations \u00e0 la t\u00eate des m\u00e9dias, sous peine de voir le corps journalistique entrer en gr\u00e8ve g\u00e9n\u00e9rale, ajoute N. Hamrouni.<\/p>\n<p>Samedi dernier, le pr\u00e9sident du gouvernement pr\u00e9sentait ses nominations dans le secteur des m\u00e9dias. Ce qui a fait couler, depuis, beaucoup d&rsquo;encre. Et comment en serait-il autrement quand la majorit\u00e9 \u00e9crasante de ces noms sont des anciens prot\u00e9g\u00e9s de Abdelwahab Abdallah, l&rsquo;ancien conseiller en information de Ben Ali ?<\/p>\n<p>Scandalis\u00e9, le syndicat national des journalistes tunisiens organise aujourd&rsquo;hui une manifestation \u00e0 El Kasba, pour protester contre ces nominations et appeler Hamadi Jebali \u00e0 les revoir. De m\u00eame, l&rsquo;association nationale des jeunes journalistes rejette elle aussi ces nominations, nous apprend la TAP, qui refl\u00e8tent clairement, selon elle, la continuation avec le syst\u00e8me Ben Ali.<\/p>\n<p>Sur les ondes de la radio priv\u00e9e, Nejiba Hamrouni d\u00e9plore que \u00ab\u00a0les nominations de H. Jebali n&rsquo;aient pas \u00e9t\u00e9 d\u00e9cid\u00e9es sans consultation avec les structures sp\u00e9cialis\u00e9es\u00a0\u00bb. Elle appelle donc le gouvernement \u00e0 revenir sur sa d\u00e9cision pour rompre, une fois pour toutes, avec l&rsquo;ancien r\u00e9gime et lib\u00e9rer enfin la presse et les m\u00e9dias.<\/p>\n<p>La r\u00e9volution tunisienne nous a permis de go\u00fbter au plaisir de la libert\u00e9 et aux journalistes de s&rsquo;exprimer, enfin, librement, loin de toute pression et censure. Avec ces nominations de responsables ayant \u00ab\u00a0aid\u00e9\u00a0\u00bb Ben Ali dans sa politique de la r\u00e9pression, le gouvernement actuel montre clairement son envie de contr\u00f4ler les m\u00e9dias et de r\u00e9utiliser les anciennes pratiques de l&rsquo;ex-RCD. La libert\u00e9 de la presse est un droit qui a \u00e9t\u00e9 acquis dans la douleur. Et le rassemblement d&rsquo;El Kasba, aujourd&rsquo;hui, prouve que le corps journalistique tient \u00e0 ce droit et r\u00e9fute compl\u00e8tement que quiconque le touche, sous peine de se retrouver de nouveau avant le 14 janvier.<\/p>\n","protected":false},"excerpt":{"rendered":"<p>\u00abGr\u00e8ve g\u00e9n\u00e9rale dans le secteur des m\u00e9dias, si le gouvernement ne revient pas sur ses nominations\u00bb<\/p>\n","protected":false},"author":3222,"featured_media":374557,"comment_status":"open","ping_status":"closed","sticky":false,"template":"","format":"standard","meta":{"footnotes":""},"categories":[44],"tags":[2600],"class_list":["post-172316","post","type-post","status-publish","format-standard","has-post-thumbnail","hentry","category-national","tag-guerre"],"yoast_head":"<!-- This site is optimized with the Yoast SEO Premium plugin v27.5 (Yoast SEO v27.5) - https:\/\/yoast.com\/product\/yoast-seo-premium-wordpress\/ -->\n<title>\u00abGr\u00e8ve g\u00e9n\u00e9rale dans le secteur des m\u00e9dias, si le gouvernement ne revient pas sur ses nominations\u00bb<\/title>\n<meta name=\"description\" content=\"\u00abGr\u00e8ve g\u00e9n\u00e9rale dans le secteur des m\u00e9dias, si le gouvernement ne revient pas sur ses nominations\u00bb\" \/>\n<link rel=\"canonical\" href=\"https:\/\/www.webdo.tn\/fr\/actualite\/national-45\/greve-generale-dans-le-secteur-des-medias-si-le-gouvernement-ne-revient-pas-sur-ses-nominations\/172316\/\" \/>\n<meta property=\"og:locale\" content=\"fr_FR\" \/>\n<meta property=\"og:type\" content=\"article\" \/>\n<meta property=\"og:title\" content=\"\u00abGr\u00e8ve g\u00e9n\u00e9rale dans le secteur des m\u00e9dias, si le gouvernement ne revient pas sur ses nominations\u00bb\" \/>\n<meta property=\"og:description\" content=\"\u00abGr\u00e8ve g\u00e9n\u00e9rale dans le secteur des m\u00e9dias, si le gouvernement ne revient pas sur ses nominations\u00bb\" \/>\n<meta property=\"og:url\" content=\"https:\/\/www.webdo.tn\/fr\/actualite\/national-45\/greve-generale-dans-le-secteur-des-medias-si-le-gouvernement-ne-revient-pas-sur-ses-nominations\/172316\/\" \/>\n<meta property=\"og:site_name\" content=\"webdo\" \/>\n<meta property=\"article:publisher\" content=\"https:\/\/www.facebook.com\/webdotn\" \/>\n<meta property=\"article:published_time\" content=\"2012-01-09T12:26:00+00:00\" \/>\n<meta name=\"author\" content=\"webdo.tn\" \/>\n<meta name=\"twitter:card\" content=\"summary_large_image\" \/>\n<meta name=\"twitter:creator\" content=\"@webdo_tn\" \/>\n<meta name=\"twitter:site\" content=\"@webdo_tn\" \/>\n<meta name=\"twitter:label1\" content=\"\u00c9crit par\" \/>\n\t<meta name=\"twitter:data1\" content=\"webdo.tn\" \/>\n\t<meta name=\"twitter:label2\" content=\"Dur\u00e9e de lecture estim\u00e9e\" \/>\n\t<meta name=\"twitter:data2\" content=\"2 minutes\" \/>\n<script type=\"application\/ld+json\" class=\"yoast-schema-graph\">{\"@context\":\"https:\\\/\\\/schema.org\",\"@graph\":[{\"@type\":\"NewsArticle\",\"@id\":\"https:\\\/\\\/www.webdo.tn\\\/fr\\\/actualite\\\/national-45\\\/greve-generale-dans-le-secteur-des-medias-si-le-gouvernement-ne-revient-pas-sur-ses-nominations\\\/172316\\\/#article\",\"isPartOf\":{\"@id\":\"https:\\\/\\\/www.webdo.tn\\\/fr\\\/actualite\\\/national-45\\\/greve-generale-dans-le-secteur-des-medias-si-le-gouvernement-ne-revient-pas-sur-ses-nominations\\\/172316\\\/\"},\"author\":{\"name\":\"webdo.tn\",\"@id\":\"https:\\\/\\\/www.webdo.tn\\\/fr\\\/#\\\/schema\\\/person\\\/9a9c6118d687c117df8ef3cc36a4d175\"},\"headline\":\"\u00abGr\u00e8ve g\u00e9n\u00e9rale dans le secteur des m\u00e9dias, si le gouvernement ne revient pas sur ses nominations\u00bb\",\"datePublished\":\"2012-01-09T12:26:00+00:00\",\"mainEntityOfPage\":{\"@id\":\"https:\\\/\\\/www.webdo.tn\\\/fr\\\/actualite\\\/national-45\\\/greve-generale-dans-le-secteur-des-medias-si-le-gouvernement-ne-revient-pas-sur-ses-nominations\\\/172316\\\/\"},\"wordCount\":382,\"commentCount\":0,\"publisher\":{\"@id\":\"https:\\\/\\\/www.webdo.tn\\\/fr\\\/#organization\"},\"image\":{\"@id\":\"https:\\\/\\\/www.webdo.tn\\\/fr\\\/actualite\\\/national-45\\\/greve-generale-dans-le-secteur-des-medias-si-le-gouvernement-ne-revient-pas-sur-ses-nominations\\\/172316\\\/#primaryimage\"},\"thumbnailUrl\":\"https:\\\/\\\/www.webdo.tn\\\/fr\\\/wp-content\\\/uploads\\\/2025\\\/06\\\/La-presidente-du-SNJT-exige-que-H.-Jebali-revienne-sur-ses-nominations-a-la-tete-des-medias-sous-peine-de-voir-le-corps-journalistique-entrer-en-greve-generale-photo-freepress.net__172316.jpg\",\"keywords\":[\"guerre\"],\"articleSection\":[\"National\"],\"inLanguage\":\"fr-FR\"},{\"@type\":\"WebPage\",\"@id\":\"https:\\\/\\\/www.webdo.tn\\\/fr\\\/actualite\\\/national-45\\\/greve-generale-dans-le-secteur-des-medias-si-le-gouvernement-ne-revient-pas-sur-ses-nominations\\\/172316\\\/\",\"url\":\"https:\\\/\\\/www.webdo.tn\\\/fr\\\/actualite\\\/national-45\\\/greve-generale-dans-le-secteur-des-medias-si-le-gouvernement-ne-revient-pas-sur-ses-nominations\\\/172316\\\/\",\"name\":\"\u00abGr\u00e8ve g\u00e9n\u00e9rale dans le secteur des m\u00e9dias, si le gouvernement ne revient pas sur ses nominations\u00bb\",\"isPartOf\":{\"@id\":\"https:\\\/\\\/www.webdo.tn\\\/fr\\\/#website\"},\"primaryImageOfPage\":{\"@id\":\"https:\\\/\\\/www.webdo.tn\\\/fr\\\/actualite\\\/national-45\\\/greve-generale-dans-le-secteur-des-medias-si-le-gouvernement-ne-revient-pas-sur-ses-nominations\\\/172316\\\/#primaryimage\"},\"image\":{\"@id\":\"https:\\\/\\\/www.webdo.tn\\\/fr\\\/actualite\\\/national-45\\\/greve-generale-dans-le-secteur-des-medias-si-le-gouvernement-ne-revient-pas-sur-ses-nominations\\\/172316\\\/#primaryimage\"},\"thumbnailUrl\":\"https:\\\/\\\/www.webdo.tn\\\/fr\\\/wp-content\\\/uploads\\\/2025\\\/06\\\/La-presidente-du-SNJT-exige-que-H.-Jebali-revienne-sur-ses-nominations-a-la-tete-des-medias-sous-peine-de-voir-le-corps-journalistique-entrer-en-greve-generale-photo-freepress.net__172316.jpg\",\"datePublished\":\"2012-01-09T12:26:00+00:00\",\"description\":\"\u00abGr\u00e8ve g\u00e9n\u00e9rale dans le secteur des m\u00e9dias, si le gouvernement ne revient pas sur ses nominations\u00bb\",\"breadcrumb\":{\"@id\":\"https:\\\/\\\/www.webdo.tn\\\/fr\\\/actualite\\\/national-45\\\/greve-generale-dans-le-secteur-des-medias-si-le-gouvernement-ne-revient-pas-sur-ses-nominations\\\/172316\\\/#breadcrumb\"},\"inLanguage\":\"fr-FR\",\"potentialAction\":[{\"@type\":\"ReadAction\",\"target\":[\"https:\\\/\\\/www.webdo.tn\\\/fr\\\/actualite\\\/national-45\\\/greve-generale-dans-le-secteur-des-medias-si-le-gouvernement-ne-revient-pas-sur-ses-nominations\\\/172316\\\/\"]}]},{\"@type\":\"ImageObject\",\"inLanguage\":\"fr-FR\",\"@id\":\"https:\\\/\\\/www.webdo.tn\\\/fr\\\/actualite\\\/national-45\\\/greve-generale-dans-le-secteur-des-medias-si-le-gouvernement-ne-revient-pas-sur-ses-nominations\\\/172316\\\/#primaryimage\",\"url\":\"https:\\\/\\\/www.webdo.tn\\\/fr\\\/wp-content\\\/uploads\\\/2025\\\/06\\\/La-presidente-du-SNJT-exige-que-H.-Jebali-revienne-sur-ses-nominations-a-la-tete-des-medias-sous-peine-de-voir-le-corps-journalistique-entrer-en-greve-generale-photo-freepress.net__172316.jpg\",\"contentUrl\":\"https:\\\/\\\/www.webdo.tn\\\/fr\\\/wp-content\\\/uploads\\\/2025\\\/06\\\/La-presidente-du-SNJT-exige-que-H.-Jebali-revienne-sur-ses-nominations-a-la-tete-des-medias-sous-peine-de-voir-le-corps-journalistique-entrer-en-greve-generale-photo-freepress.net__172316.jpg\",\"width\":279,\"height\":311,\"caption\":\"\u00abGr\u00e8ve g\u00e9n\u00e9rale dans le secteur des m\u00e9dias, si le gouvernement ne revient pas sur ses nominations\u00bb\"},{\"@type\":\"BreadcrumbList\",\"@id\":\"https:\\\/\\\/www.webdo.tn\\\/fr\\\/actualite\\\/national-45\\\/greve-generale-dans-le-secteur-des-medias-si-le-gouvernement-ne-revient-pas-sur-ses-nominations\\\/172316\\\/#breadcrumb\",\"itemListElement\":[{\"@type\":\"ListItem\",\"position\":1,\"name\":\"Accueil\",\"item\":\"https:\\\/\\\/www.webdo.tn\\\/fr\\\/\"},{\"@type\":\"ListItem\",\"position\":2,\"name\":\"\u00abGr\u00e8ve g\u00e9n\u00e9rale dans le secteur des m\u00e9dias, si le gouvernement ne revient pas sur ses nominations\u00bb\"}]},{\"@type\":\"WebSite\",\"@id\":\"https:\\\/\\\/www.webdo.tn\\\/fr\\\/#website\",\"url\":\"https:\\\/\\\/www.webdo.tn\\\/fr\\\/\",\"name\":\"webdo\",\"description\":\"Tunisie - News en Tunisie et \u00e0 l&#039;international sur Webdo.tn\",\"publisher\":{\"@id\":\"https:\\\/\\\/www.webdo.tn\\\/fr\\\/#organization\"},\"potentialAction\":[{\"@type\":\"SearchAction\",\"target\":{\"@type\":\"EntryPoint\",\"urlTemplate\":\"https:\\\/\\\/www.webdo.tn\\\/fr\\\/?s={search_term_string}\"},\"query-input\":{\"@type\":\"PropertyValueSpecification\",\"valueRequired\":true,\"valueName\":\"search_term_string\"}}],\"inLanguage\":\"fr-FR\"},{\"@type\":\"Organization\",\"@id\":\"https:\\\/\\\/www.webdo.tn\\\/fr\\\/#organization\",\"name\":\"Webdo\",\"alternateName\":\"Webdo.tn\",\"url\":\"https:\\\/\\\/www.webdo.tn\\\/fr\\\/\",\"logo\":{\"@type\":\"ImageObject\",\"inLanguage\":\"fr-FR\",\"@id\":\"https:\\\/\\\/www.webdo.tn\\\/fr\\\/#\\\/schema\\\/logo\\\/image\\\/\",\"url\":\"https:\\\/\\\/www.webdo.tn\\\/fr\\\/wp-content\\\/uploads\\\/2025\\\/06\\\/Webdo-Tunisie_168377.jpg\",\"contentUrl\":\"https:\\\/\\\/www.webdo.tn\\\/fr\\\/wp-content\\\/uploads\\\/2025\\\/06\\\/Webdo-Tunisie_168377.jpg\",\"width\":301,\"height\":301,\"caption\":\"Webdo\"},\"image\":{\"@id\":\"https:\\\/\\\/www.webdo.tn\\\/fr\\\/#\\\/schema\\\/logo\\\/image\\\/\"},\"sameAs\":[\"https:\\\/\\\/www.facebook.com\\\/webdotn\",\"https:\\\/\\\/x.com\\\/webdo_tn\"],\"description\":\"Webdo est un m\u00e9dia num\u00e9rique tunisien fond\u00e9 en 2010, sp\u00e9cialis\u00e9 dans l\u2019actualit\u00e9 nationale et internationale, l\u2019\u00e9conomie, la soci\u00e9t\u00e9 et les analyses politiques. Le site s\u2019adresse \u00e0 un large public francophone et couvre l\u2019information tunisienne en temps r\u00e9el.\",\"email\":\"redac@webdo.tn\",\"legalName\":\"YNJ SARL\",\"foundingDate\":\"2010-09-06\",\"numberOfEmployees\":{\"@type\":\"QuantitativeValue\",\"minValue\":\"11\",\"maxValue\":\"50\"}},{\"@type\":\"Person\",\"@id\":\"https:\\\/\\\/www.webdo.tn\\\/fr\\\/#\\\/schema\\\/person\\\/9a9c6118d687c117df8ef3cc36a4d175\",\"name\":\"webdo.tn\",\"image\":{\"@type\":\"ImageObject\",\"inLanguage\":\"fr-FR\",\"@id\":\"https:\\\/\\\/secure.gravatar.com\\\/avatar\\\/7ce1f28c0c3bbac99ff550b85ef8e44a6950c6ee24514fb6a5489e51d06f0298?s=96&d=mm&r=g\",\"url\":\"https:\\\/\\\/secure.gravatar.com\\\/avatar\\\/7ce1f28c0c3bbac99ff550b85ef8e44a6950c6ee24514fb6a5489e51d06f0298?s=96&d=mm&r=g\",\"contentUrl\":\"https:\\\/\\\/secure.gravatar.com\\\/avatar\\\/7ce1f28c0c3bbac99ff550b85ef8e44a6950c6ee24514fb6a5489e51d06f0298?s=96&d=mm&r=g\",\"caption\":\"webdo.tn\"},\"url\":\"https:\\\/\\\/www.webdo.tn\\\/fr\\\/actualite\\\/author\\\/webdotn\\\/\"}]}<\/script>\n<!-- \/ Yoast SEO Premium plugin. -->","yoast_head_json":{"title":"\u00abGr\u00e8ve g\u00e9n\u00e9rale dans le secteur des m\u00e9dias, si le gouvernement ne revient pas sur ses nominations\u00bb","description":"\u00abGr\u00e8ve g\u00e9n\u00e9rale dans le secteur des m\u00e9dias, si le gouvernement ne revient pas sur ses nominations\u00bb","canonical":"https:\/\/www.webdo.tn\/fr\/actualite\/national-45\/greve-generale-dans-le-secteur-des-medias-si-le-gouvernement-ne-revient-pas-sur-ses-nominations\/172316\/","og_locale":"fr_FR","og_type":"article","og_title":"\u00abGr\u00e8ve g\u00e9n\u00e9rale dans le secteur des m\u00e9dias, si le gouvernement ne revient pas sur ses nominations\u00bb","og_description":"\u00abGr\u00e8ve g\u00e9n\u00e9rale dans le secteur des m\u00e9dias, si le gouvernement ne revient pas sur ses nominations\u00bb","og_url":"https:\/\/www.webdo.tn\/fr\/actualite\/national-45\/greve-generale-dans-le-secteur-des-medias-si-le-gouvernement-ne-revient-pas-sur-ses-nominations\/172316\/","og_site_name":"webdo","article_publisher":"https:\/\/www.facebook.com\/webdotn","article_published_time":"2012-01-09T12:26:00+00:00","author":"webdo.tn","twitter_card":"summary_large_image","twitter_creator":"@webdo_tn","twitter_site":"@webdo_tn","twitter_misc":{"\u00c9crit par":"webdo.tn","Dur\u00e9e de lecture estim\u00e9e":"2 minutes"},"schema":{"@context":"https:\/\/schema.org","@graph":[{"@type":"NewsArticle","@id":"https:\/\/www.webdo.tn\/fr\/actualite\/national-45\/greve-generale-dans-le-secteur-des-medias-si-le-gouvernement-ne-revient-pas-sur-ses-nominations\/172316\/#article","isPartOf":{"@id":"https:\/\/www.webdo.tn\/fr\/actualite\/national-45\/greve-generale-dans-le-secteur-des-medias-si-le-gouvernement-ne-revient-pas-sur-ses-nominations\/172316\/"},"author":{"name":"webdo.tn","@id":"https:\/\/www.webdo.tn\/fr\/#\/schema\/person\/9a9c6118d687c117df8ef3cc36a4d175"},"headline":"\u00abGr\u00e8ve g\u00e9n\u00e9rale dans le secteur des m\u00e9dias, si le gouvernement ne revient pas sur ses nominations\u00bb","datePublished":"2012-01-09T12:26:00+00:00","mainEntityOfPage":{"@id":"https:\/\/www.webdo.tn\/fr\/actualite\/national-45\/greve-generale-dans-le-secteur-des-medias-si-le-gouvernement-ne-revient-pas-sur-ses-nominations\/172316\/"},"wordCount":382,"commentCount":0,"publisher":{"@id":"https:\/\/www.webdo.tn\/fr\/#organization"},"image":{"@id":"https:\/\/www.webdo.tn\/fr\/actualite\/national-45\/greve-generale-dans-le-secteur-des-medias-si-le-gouvernement-ne-revient-pas-sur-ses-nominations\/172316\/#primaryimage"},"thumbnailUrl":"https:\/\/www.webdo.tn\/fr\/wp-content\/uploads\/2025\/06\/La-presidente-du-SNJT-exige-que-H.-Jebali-revienne-sur-ses-nominations-a-la-tete-des-medias-sous-peine-de-voir-le-corps-journalistique-entrer-en-greve-generale-photo-freepress.net__172316.jpg","keywords":["guerre"],"articleSection":["National"],"inLanguage":"fr-FR"},{"@type":"WebPage","@id":"https:\/\/www.webdo.tn\/fr\/actualite\/national-45\/greve-generale-dans-le-secteur-des-medias-si-le-gouvernement-ne-revient-pas-sur-ses-nominations\/172316\/","url":"https:\/\/www.webdo.tn\/fr\/actualite\/national-45\/greve-generale-dans-le-secteur-des-medias-si-le-gouvernement-ne-revient-pas-sur-ses-nominations\/172316\/","name":"\u00abGr\u00e8ve g\u00e9n\u00e9rale dans le secteur des m\u00e9dias, si le gouvernement ne revient pas sur ses nominations\u00bb","isPartOf":{"@id":"https:\/\/www.webdo.tn\/fr\/#website"},"primaryImageOfPage":{"@id":"https:\/\/www.webdo.tn\/fr\/actualite\/national-45\/greve-generale-dans-le-secteur-des-medias-si-le-gouvernement-ne-revient-pas-sur-ses-nominations\/172316\/#primaryimage"},"image":{"@id":"https:\/\/www.webdo.tn\/fr\/actualite\/national-45\/greve-generale-dans-le-secteur-des-medias-si-le-gouvernement-ne-revient-pas-sur-ses-nominations\/172316\/#primaryimage"},"thumbnailUrl":"https:\/\/www.webdo.tn\/fr\/wp-content\/uploads\/2025\/06\/La-presidente-du-SNJT-exige-que-H.-Jebali-revienne-sur-ses-nominations-a-la-tete-des-medias-sous-peine-de-voir-le-corps-journalistique-entrer-en-greve-generale-photo-freepress.net__172316.jpg","datePublished":"2012-01-09T12:26:00+00:00","description":"\u00abGr\u00e8ve g\u00e9n\u00e9rale dans le secteur des m\u00e9dias, si le gouvernement ne revient pas sur ses nominations\u00bb","breadcrumb":{"@id":"https:\/\/www.webdo.tn\/fr\/actualite\/national-45\/greve-generale-dans-le-secteur-des-medias-si-le-gouvernement-ne-revient-pas-sur-ses-nominations\/172316\/#breadcrumb"},"inLanguage":"fr-FR","potentialAction":[{"@type":"ReadAction","target":["https:\/\/www.webdo.tn\/fr\/actualite\/national-45\/greve-generale-dans-le-secteur-des-medias-si-le-gouvernement-ne-revient-pas-sur-ses-nominations\/172316\/"]}]},{"@type":"ImageObject","inLanguage":"fr-FR","@id":"https:\/\/www.webdo.tn\/fr\/actualite\/national-45\/greve-generale-dans-le-secteur-des-medias-si-le-gouvernement-ne-revient-pas-sur-ses-nominations\/172316\/#primaryimage","url":"https:\/\/www.webdo.tn\/fr\/wp-content\/uploads\/2025\/06\/La-presidente-du-SNJT-exige-que-H.-Jebali-revienne-sur-ses-nominations-a-la-tete-des-medias-sous-peine-de-voir-le-corps-journalistique-entrer-en-greve-generale-photo-freepress.net__172316.jpg","contentUrl":"https:\/\/www.webdo.tn\/fr\/wp-content\/uploads\/2025\/06\/La-presidente-du-SNJT-exige-que-H.-Jebali-revienne-sur-ses-nominations-a-la-tete-des-medias-sous-peine-de-voir-le-corps-journalistique-entrer-en-greve-generale-photo-freepress.net__172316.jpg","width":279,"height":311,"caption":"\u00abGr\u00e8ve g\u00e9n\u00e9rale dans le secteur des m\u00e9dias, si le gouvernement ne revient pas sur ses nominations\u00bb"},{"@type":"BreadcrumbList","@id":"https:\/\/www.webdo.tn\/fr\/actualite\/national-45\/greve-generale-dans-le-secteur-des-medias-si-le-gouvernement-ne-revient-pas-sur-ses-nominations\/172316\/#breadcrumb","itemListElement":[{"@type":"ListItem","position":1,"name":"Accueil","item":"https:\/\/www.webdo.tn\/fr\/"},{"@type":"ListItem","position":2,"name":"\u00abGr\u00e8ve g\u00e9n\u00e9rale dans le secteur des m\u00e9dias, si le gouvernement ne revient pas sur ses nominations\u00bb"}]},{"@type":"WebSite","@id":"https:\/\/www.webdo.tn\/fr\/#website","url":"https:\/\/www.webdo.tn\/fr\/","name":"webdo","description":"Tunisie - News en Tunisie et \u00e0 l&#039;international sur Webdo.tn","publisher":{"@id":"https:\/\/www.webdo.tn\/fr\/#organization"},"potentialAction":[{"@type":"SearchAction","target":{"@type":"EntryPoint","urlTemplate":"https:\/\/www.webdo.tn\/fr\/?s={search_term_string}"},"query-input":{"@type":"PropertyValueSpecification","valueRequired":true,"valueName":"search_term_string"}}],"inLanguage":"fr-FR"},{"@type":"Organization","@id":"https:\/\/www.webdo.tn\/fr\/#organization","name":"Webdo","alternateName":"Webdo.tn","url":"https:\/\/www.webdo.tn\/fr\/","logo":{"@type":"ImageObject","inLanguage":"fr-FR","@id":"https:\/\/www.webdo.tn\/fr\/#\/schema\/logo\/image\/","url":"https:\/\/www.webdo.tn\/fr\/wp-content\/uploads\/2025\/06\/Webdo-Tunisie_168377.jpg","contentUrl":"https:\/\/www.webdo.tn\/fr\/wp-content\/uploads\/2025\/06\/Webdo-Tunisie_168377.jpg","width":301,"height":301,"caption":"Webdo"},"image":{"@id":"https:\/\/www.webdo.tn\/fr\/#\/schema\/logo\/image\/"},"sameAs":["https:\/\/www.facebook.com\/webdotn","https:\/\/x.com\/webdo_tn"],"description":"Webdo est un m\u00e9dia num\u00e9rique tunisien fond\u00e9 en 2010, sp\u00e9cialis\u00e9 dans l\u2019actualit\u00e9 nationale et internationale, l\u2019\u00e9conomie, la soci\u00e9t\u00e9 et les analyses politiques. Le site s\u2019adresse \u00e0 un large public francophone et couvre l\u2019information tunisienne en temps r\u00e9el.","email":"redac@webdo.tn","legalName":"YNJ SARL","foundingDate":"2010-09-06","numberOfEmployees":{"@type":"QuantitativeValue","minValue":"11","maxValue":"50"}},{"@type":"Person","@id":"https:\/\/www.webdo.tn\/fr\/#\/schema\/person\/9a9c6118d687c117df8ef3cc36a4d175","name":"webdo.tn","image":{"@type":"ImageObject","inLanguage":"fr-FR","@id":"https:\/\/secure.gravatar.com\/avatar\/7ce1f28c0c3bbac99ff550b85ef8e44a6950c6ee24514fb6a5489e51d06f0298?s=96&d=mm&r=g","url":"https:\/\/secure.gravatar.com\/avatar\/7ce1f28c0c3bbac99ff550b85ef8e44a6950c6ee24514fb6a5489e51d06f0298?s=96&d=mm&r=g","contentUrl":"https:\/\/secure.gravatar.com\/avatar\/7ce1f28c0c3bbac99ff550b85ef8e44a6950c6ee24514fb6a5489e51d06f0298?s=96&d=mm&r=g","caption":"webdo.tn"},"url":"https:\/\/www.webdo.tn\/fr\/actualite\/author\/webdotn\/"}]}},"_links":{"self":[{"href":"https:\/\/www.webdo.tn\/fr\/wp-json\/wp\/v2\/posts\/172316","targetHints":{"allow":["GET"]}}],"collection":[{"href":"https:\/\/www.webdo.tn\/fr\/wp-json\/wp\/v2\/posts"}],"about":[{"href":"https:\/\/www.webdo.tn\/fr\/wp-json\/wp\/v2\/types\/post"}],"author":[{"embeddable":true,"href":"https:\/\/www.webdo.tn\/fr\/wp-json\/wp\/v2\/users\/3222"}],"replies":[{"embeddable":true,"href":"https:\/\/www.webdo.tn\/fr\/wp-json\/wp\/v2\/comments?post=172316"}],"version-history":[{"count":0,"href":"https:\/\/www.webdo.tn\/fr\/wp-json\/wp\/v2\/posts\/172316\/revisions"}],"wp:featuredmedia":[{"embeddable":true,"href":"https:\/\/www.webdo.tn\/fr\/wp-json\/wp\/v2\/media\/374557"}],"wp:attachment":[{"href":"https:\/\/www.webdo.tn\/fr\/wp-json\/wp\/v2\/media?parent=172316"}],"wp:term":[{"taxonomy":"category","embeddable":true,"href":"https:\/\/www.webdo.tn\/fr\/wp-json\/wp\/v2\/categories?post=172316"},{"taxonomy":"post_tag","embeddable":true,"href":"https:\/\/www.webdo.tn\/fr\/wp-json\/wp\/v2\/tags?post=172316"}],"curies":[{"name":"wp","href":"https:\/\/api.w.org\/{rel}","templated":true}]}}