{"id":172315,"date":"2012-01-09T16:36:00","date_gmt":"2012-01-09T16:36:00","guid":{"rendered":"https:\/\/www.webdo.tn\/fr\/blog\/le-gouvernement-est-pret-a-revoir-certaines-nominations-a-la-tete-des-medias\/172315\/"},"modified":"2012-01-09T16:36:00","modified_gmt":"2012-01-09T16:36:00","slug":"le-gouvernement-est-pret-a-revoir-certaines-nominations-a-la-tete-des-medias","status":"publish","type":"post","link":"https:\/\/www.webdo.tn\/fr\/actualite\/national\/le-gouvernement-est-pret-a-revoir-certaines-nominations-a-la-tete-des-medias\/172315\/","title":{"rendered":"Le gouvernement est pr\u00eat \u00e0 revoir certaines nominations \u00e0 la t\u00eate des m\u00e9dias&#8230;"},"content":{"rendered":"<p>Le sit-in observ\u00e9 depuis ce matin par les journalistes suite aux nominations \u00ab\u00a0douteuses\u00a0\u00bb du gouvernement de plusieurs anciens prot\u00e9g\u00e9s de l&rsquo;\u00e9quipe d\u2019Abdelwahab Abdallah, n&rsquo;a pas laiss\u00e9 le gouvernement de marbre \u00e0 en croire le porte-parole du gouvernement, Samir Dilou.<\/p>\n<p>Invit\u00e9 cet apr\u00e8s-midi par Mosaique FM, Dilou a d&rsquo;abord soulign\u00e9 le fait qu&rsquo;il a \u00e9t\u00e9 parmi les derniers \u00e0 apprendre ces nominations et qu&rsquo;il appuie le sit-in des journalistes, exprimant m\u00eame son envie de les rejoindre, devant le premier minist\u00e8re, \u00ab mais je crains que l&rsquo;on me vire \u00bb.<\/p>\n<p>Le ministre des droits de l&rsquo;Homme a d\u00e9clar\u00e9 qu'\u00a0\u00bbun gouvernement qui ne prend pas en compte les r\u00e9clamations et les d\u00e9nonciations de son peuple est un gouvernement qui vit dans une r\u00e9alit\u00e9 parall\u00e8le\u00a0\u00bb. De ce fait, le ministre a affirm\u00e9 que n&rsquo;importe quelle nomination peut \u00eatre remise en question et plusieurs nominations \u00e0 la t\u00eate des m\u00e9dias seront revues par le gouvernement. Rappelons que ce matin, la pr\u00e9sidente du SNJT a d\u00e9nonc\u00e9 le fait que certains noms, nomm\u00e9s \u00e0 la t\u00eate des m\u00e9dias, ont collabor\u00e9 avec Ben Ali. Et qu&rsquo;une gr\u00e8ve g\u00e9n\u00e9rale sera appel\u00e9e dans le secteur des m\u00e9dias, si le gouvernement ne revient pas sur ses nominations.<\/p>\n<p>Par ailleurs, Dilou a assur\u00e9 que les directeurs des r\u00e9dactions seront \u00e9lus par les conseils d&rsquo;administration. Ainsi, il n\u2019y aurait plus de nominations qui pourraient cr\u00e9er des pol\u00e9miques.<\/p>\n","protected":false},"excerpt":{"rendered":"<p>Le gouvernement est pr\u00eat \u00e0 revoir certaines nominations \u00e0 la t\u00eate des m\u00e9dias&#8230;<\/p>\n","protected":false},"author":3222,"featured_media":333835,"comment_status":"open","ping_status":"closed","sticky":false,"template":"","format":"standard","meta":{"footnotes":""},"categories":[44],"tags":[2600],"class_list":["post-172315","post","type-post","status-publish","format-standard","has-post-thumbnail","hentry","category-national","tag-guerre"],"yoast_head":"<!-- This site is optimized with the Yoast SEO Premium plugin v27.5 (Yoast SEO v27.5) - https:\/\/yoast.com\/product\/yoast-seo-premium-wordpress\/ -->\n<title>Le gouvernement est pr\u00eat \u00e0 revoir certaines nominations \u00e0 la t\u00eate des m\u00e9dias...<\/title>\n<meta name=\"description\" content=\"Le gouvernement est pr\u00eat \u00e0 revoir certaines nominations \u00e0 la t\u00eate des m\u00e9dias...\" \/>\n<link rel=\"canonical\" href=\"https:\/\/www.webdo.tn\/fr\/actualite\/national-45\/le-gouvernement-est-pret-a-revoir-certaines-nominations-a-la-tete-des-medias\/172315\/\" \/>\n<meta property=\"og:locale\" content=\"fr_FR\" \/>\n<meta property=\"og:type\" content=\"article\" \/>\n<meta property=\"og:title\" content=\"Le gouvernement est pr\u00eat \u00e0 revoir certaines nominations \u00e0 la t\u00eate des m\u00e9dias...\" \/>\n<meta property=\"og:description\" content=\"Le gouvernement est pr\u00eat \u00e0 revoir certaines nominations \u00e0 la t\u00eate des m\u00e9dias...\" \/>\n<meta property=\"og:url\" content=\"https:\/\/www.webdo.tn\/fr\/actualite\/national-45\/le-gouvernement-est-pret-a-revoir-certaines-nominations-a-la-tete-des-medias\/172315\/\" \/>\n<meta property=\"og:site_name\" content=\"webdo\" \/>\n<meta property=\"article:publisher\" content=\"https:\/\/www.facebook.com\/webdotn\" \/>\n<meta property=\"article:published_time\" content=\"2012-01-09T16:36:00+00:00\" \/>\n<meta property=\"og:image\" content=\"https:\/\/www.webdo.tn\/fr\/wp-content\/uploads\/2012\/01\/Samir-Dilou1.jpg\" \/>\n\t<meta property=\"og:image:width\" content=\"258\" \/>\n\t<meta property=\"og:image:height\" content=\"214\" \/>\n\t<meta property=\"og:image:type\" content=\"image\/jpeg\" \/>\n<meta name=\"author\" content=\"webdo.tn\" \/>\n<meta name=\"twitter:card\" content=\"summary_large_image\" \/>\n<meta name=\"twitter:creator\" content=\"@webdo_tn\" \/>\n<meta name=\"twitter:site\" content=\"@webdo_tn\" \/>\n<meta name=\"twitter:label1\" content=\"\u00c9crit par\" \/>\n\t<meta name=\"twitter:data1\" content=\"webdo.tn\" \/>\n\t<meta name=\"twitter:label2\" content=\"Dur\u00e9e de lecture estim\u00e9e\" \/>\n\t<meta name=\"twitter:data2\" content=\"1 minute\" \/>\n<script type=\"application\/ld+json\" class=\"yoast-schema-graph\">{\"@context\":\"https:\\\/\\\/schema.org\",\"@graph\":[{\"@type\":\"NewsArticle\",\"@id\":\"https:\\\/\\\/www.webdo.tn\\\/fr\\\/actualite\\\/national-45\\\/le-gouvernement-est-pret-a-revoir-certaines-nominations-a-la-tete-des-medias\\\/172315\\\/#article\",\"isPartOf\":{\"@id\":\"https:\\\/\\\/www.webdo.tn\\\/fr\\\/actualite\\\/national-45\\\/le-gouvernement-est-pret-a-revoir-certaines-nominations-a-la-tete-des-medias\\\/172315\\\/\"},\"author\":{\"name\":\"webdo.tn\",\"@id\":\"https:\\\/\\\/www.webdo.tn\\\/fr\\\/#\\\/schema\\\/person\\\/9a9c6118d687c117df8ef3cc36a4d175\"},\"headline\":\"Le gouvernement est pr\u00eat \u00e0 revoir certaines nominations \u00e0 la t\u00eate des m\u00e9dias&#8230;\",\"datePublished\":\"2012-01-09T16:36:00+00:00\",\"mainEntityOfPage\":{\"@id\":\"https:\\\/\\\/www.webdo.tn\\\/fr\\\/actualite\\\/national-45\\\/le-gouvernement-est-pret-a-revoir-certaines-nominations-a-la-tete-des-medias\\\/172315\\\/\"},\"wordCount\":270,\"commentCount\":0,\"publisher\":{\"@id\":\"https:\\\/\\\/www.webdo.tn\\\/fr\\\/#organization\"},\"image\":{\"@id\":\"https:\\\/\\\/www.webdo.tn\\\/fr\\\/actualite\\\/national-45\\\/le-gouvernement-est-pret-a-revoir-certaines-nominations-a-la-tete-des-medias\\\/172315\\\/#primaryimage\"},\"thumbnailUrl\":\"https:\\\/\\\/www.webdo.tn\\\/fr\\\/wp-content\\\/uploads\\\/2012\\\/01\\\/Samir-Dilou1.jpg\",\"keywords\":[\"guerre\"],\"articleSection\":[\"National\"],\"inLanguage\":\"fr-FR\"},{\"@type\":\"WebPage\",\"@id\":\"https:\\\/\\\/www.webdo.tn\\\/fr\\\/actualite\\\/national-45\\\/le-gouvernement-est-pret-a-revoir-certaines-nominations-a-la-tete-des-medias\\\/172315\\\/\",\"url\":\"https:\\\/\\\/www.webdo.tn\\\/fr\\\/actualite\\\/national-45\\\/le-gouvernement-est-pret-a-revoir-certaines-nominations-a-la-tete-des-medias\\\/172315\\\/\",\"name\":\"Le gouvernement est pr\u00eat \u00e0 revoir certaines nominations \u00e0 la t\u00eate des m\u00e9dias...\",\"isPartOf\":{\"@id\":\"https:\\\/\\\/www.webdo.tn\\\/fr\\\/#website\"},\"primaryImageOfPage\":{\"@id\":\"https:\\\/\\\/www.webdo.tn\\\/fr\\\/actualite\\\/national-45\\\/le-gouvernement-est-pret-a-revoir-certaines-nominations-a-la-tete-des-medias\\\/172315\\\/#primaryimage\"},\"image\":{\"@id\":\"https:\\\/\\\/www.webdo.tn\\\/fr\\\/actualite\\\/national-45\\\/le-gouvernement-est-pret-a-revoir-certaines-nominations-a-la-tete-des-medias\\\/172315\\\/#primaryimage\"},\"thumbnailUrl\":\"https:\\\/\\\/www.webdo.tn\\\/fr\\\/wp-content\\\/uploads\\\/2012\\\/01\\\/Samir-Dilou1.jpg\",\"datePublished\":\"2012-01-09T16:36:00+00:00\",\"description\":\"Le gouvernement est pr\u00eat \u00e0 revoir certaines nominations \u00e0 la t\u00eate des m\u00e9dias...\",\"breadcrumb\":{\"@id\":\"https:\\\/\\\/www.webdo.tn\\\/fr\\\/actualite\\\/national-45\\\/le-gouvernement-est-pret-a-revoir-certaines-nominations-a-la-tete-des-medias\\\/172315\\\/#breadcrumb\"},\"inLanguage\":\"fr-FR\",\"potentialAction\":[{\"@type\":\"ReadAction\",\"target\":[\"https:\\\/\\\/www.webdo.tn\\\/fr\\\/actualite\\\/national-45\\\/le-gouvernement-est-pret-a-revoir-certaines-nominations-a-la-tete-des-medias\\\/172315\\\/\"]}]},{\"@type\":\"ImageObject\",\"inLanguage\":\"fr-FR\",\"@id\":\"https:\\\/\\\/www.webdo.tn\\\/fr\\\/actualite\\\/national-45\\\/le-gouvernement-est-pret-a-revoir-certaines-nominations-a-la-tete-des-medias\\\/172315\\\/#primaryimage\",\"url\":\"https:\\\/\\\/www.webdo.tn\\\/fr\\\/wp-content\\\/uploads\\\/2012\\\/01\\\/Samir-Dilou1.jpg\",\"contentUrl\":\"https:\\\/\\\/www.webdo.tn\\\/fr\\\/wp-content\\\/uploads\\\/2012\\\/01\\\/Samir-Dilou1.jpg\",\"width\":258,\"height\":214,\"caption\":\"Le gouvernement est pr\u00eat \u00e0 revoir certaines nominations \u00e0 la t\u00eate des m\u00e9dias...\"},{\"@type\":\"BreadcrumbList\",\"@id\":\"https:\\\/\\\/www.webdo.tn\\\/fr\\\/actualite\\\/national-45\\\/le-gouvernement-est-pret-a-revoir-certaines-nominations-a-la-tete-des-medias\\\/172315\\\/#breadcrumb\",\"itemListElement\":[{\"@type\":\"ListItem\",\"position\":1,\"name\":\"Accueil\",\"item\":\"https:\\\/\\\/www.webdo.tn\\\/fr\\\/\"},{\"@type\":\"ListItem\",\"position\":2,\"name\":\"Le gouvernement est pr\u00eat \u00e0 revoir certaines nominations \u00e0 la t\u00eate des m\u00e9dias&#8230;\"}]},{\"@type\":\"WebSite\",\"@id\":\"https:\\\/\\\/www.webdo.tn\\\/fr\\\/#website\",\"url\":\"https:\\\/\\\/www.webdo.tn\\\/fr\\\/\",\"name\":\"webdo\",\"description\":\"Tunisie - News en Tunisie et \u00e0 l&#039;international sur Webdo.tn\",\"publisher\":{\"@id\":\"https:\\\/\\\/www.webdo.tn\\\/fr\\\/#organization\"},\"potentialAction\":[{\"@type\":\"SearchAction\",\"target\":{\"@type\":\"EntryPoint\",\"urlTemplate\":\"https:\\\/\\\/www.webdo.tn\\\/fr\\\/?s={search_term_string}\"},\"query-input\":{\"@type\":\"PropertyValueSpecification\",\"valueRequired\":true,\"valueName\":\"search_term_string\"}}],\"inLanguage\":\"fr-FR\"},{\"@type\":\"Organization\",\"@id\":\"https:\\\/\\\/www.webdo.tn\\\/fr\\\/#organization\",\"name\":\"Webdo\",\"alternateName\":\"Webdo.tn\",\"url\":\"https:\\\/\\\/www.webdo.tn\\\/fr\\\/\",\"logo\":{\"@type\":\"ImageObject\",\"inLanguage\":\"fr-FR\",\"@id\":\"https:\\\/\\\/www.webdo.tn\\\/fr\\\/#\\\/schema\\\/logo\\\/image\\\/\",\"url\":\"https:\\\/\\\/www.webdo.tn\\\/fr\\\/wp-content\\\/uploads\\\/2025\\\/06\\\/Webdo-Tunisie_168377.jpg\",\"contentUrl\":\"https:\\\/\\\/www.webdo.tn\\\/fr\\\/wp-content\\\/uploads\\\/2025\\\/06\\\/Webdo-Tunisie_168377.jpg\",\"width\":301,\"height\":301,\"caption\":\"Webdo\"},\"image\":{\"@id\":\"https:\\\/\\\/www.webdo.tn\\\/fr\\\/#\\\/schema\\\/logo\\\/image\\\/\"},\"sameAs\":[\"https:\\\/\\\/www.facebook.com\\\/webdotn\",\"https:\\\/\\\/x.com\\\/webdo_tn\"],\"description\":\"Webdo est un m\u00e9dia num\u00e9rique tunisien fond\u00e9 en 2010, sp\u00e9cialis\u00e9 dans l\u2019actualit\u00e9 nationale et internationale, l\u2019\u00e9conomie, la soci\u00e9t\u00e9 et les analyses politiques. Le site s\u2019adresse \u00e0 un large public francophone et couvre l\u2019information tunisienne en temps r\u00e9el.\",\"email\":\"redac@webdo.tn\",\"legalName\":\"YNJ SARL\",\"foundingDate\":\"2010-09-06\",\"numberOfEmployees\":{\"@type\":\"QuantitativeValue\",\"minValue\":\"11\",\"maxValue\":\"50\"}},{\"@type\":\"Person\",\"@id\":\"https:\\\/\\\/www.webdo.tn\\\/fr\\\/#\\\/schema\\\/person\\\/9a9c6118d687c117df8ef3cc36a4d175\",\"name\":\"webdo.tn\",\"image\":{\"@type\":\"ImageObject\",\"inLanguage\":\"fr-FR\",\"@id\":\"https:\\\/\\\/secure.gravatar.com\\\/avatar\\\/7ce1f28c0c3bbac99ff550b85ef8e44a6950c6ee24514fb6a5489e51d06f0298?s=96&d=mm&r=g\",\"url\":\"https:\\\/\\\/secure.gravatar.com\\\/avatar\\\/7ce1f28c0c3bbac99ff550b85ef8e44a6950c6ee24514fb6a5489e51d06f0298?s=96&d=mm&r=g\",\"contentUrl\":\"https:\\\/\\\/secure.gravatar.com\\\/avatar\\\/7ce1f28c0c3bbac99ff550b85ef8e44a6950c6ee24514fb6a5489e51d06f0298?s=96&d=mm&r=g\",\"caption\":\"webdo.tn\"},\"url\":\"https:\\\/\\\/www.webdo.tn\\\/fr\\\/actualite\\\/author\\\/webdotn\\\/\"}]}<\/script>\n<!-- \/ Yoast SEO Premium plugin. -->","yoast_head_json":{"title":"Le gouvernement est pr\u00eat \u00e0 revoir certaines nominations \u00e0 la t\u00eate des m\u00e9dias...","description":"Le gouvernement est pr\u00eat \u00e0 revoir certaines nominations \u00e0 la t\u00eate des m\u00e9dias...","canonical":"https:\/\/www.webdo.tn\/fr\/actualite\/national-45\/le-gouvernement-est-pret-a-revoir-certaines-nominations-a-la-tete-des-medias\/172315\/","og_locale":"fr_FR","og_type":"article","og_title":"Le gouvernement est pr\u00eat \u00e0 revoir certaines nominations \u00e0 la t\u00eate des m\u00e9dias...","og_description":"Le gouvernement est pr\u00eat \u00e0 revoir certaines nominations \u00e0 la t\u00eate des m\u00e9dias...","og_url":"https:\/\/www.webdo.tn\/fr\/actualite\/national-45\/le-gouvernement-est-pret-a-revoir-certaines-nominations-a-la-tete-des-medias\/172315\/","og_site_name":"webdo","article_publisher":"https:\/\/www.facebook.com\/webdotn","article_published_time":"2012-01-09T16:36:00+00:00","og_image":[{"width":258,"height":214,"url":"https:\/\/www.webdo.tn\/fr\/wp-content\/uploads\/2012\/01\/Samir-Dilou1.jpg","type":"image\/jpeg"}],"author":"webdo.tn","twitter_card":"summary_large_image","twitter_creator":"@webdo_tn","twitter_site":"@webdo_tn","twitter_misc":{"\u00c9crit par":"webdo.tn","Dur\u00e9e de lecture estim\u00e9e":"1 minute"},"schema":{"@context":"https:\/\/schema.org","@graph":[{"@type":"NewsArticle","@id":"https:\/\/www.webdo.tn\/fr\/actualite\/national-45\/le-gouvernement-est-pret-a-revoir-certaines-nominations-a-la-tete-des-medias\/172315\/#article","isPartOf":{"@id":"https:\/\/www.webdo.tn\/fr\/actualite\/national-45\/le-gouvernement-est-pret-a-revoir-certaines-nominations-a-la-tete-des-medias\/172315\/"},"author":{"name":"webdo.tn","@id":"https:\/\/www.webdo.tn\/fr\/#\/schema\/person\/9a9c6118d687c117df8ef3cc36a4d175"},"headline":"Le gouvernement est pr\u00eat \u00e0 revoir certaines nominations \u00e0 la t\u00eate des m\u00e9dias&#8230;","datePublished":"2012-01-09T16:36:00+00:00","mainEntityOfPage":{"@id":"https:\/\/www.webdo.tn\/fr\/actualite\/national-45\/le-gouvernement-est-pret-a-revoir-certaines-nominations-a-la-tete-des-medias\/172315\/"},"wordCount":270,"commentCount":0,"publisher":{"@id":"https:\/\/www.webdo.tn\/fr\/#organization"},"image":{"@id":"https:\/\/www.webdo.tn\/fr\/actualite\/national-45\/le-gouvernement-est-pret-a-revoir-certaines-nominations-a-la-tete-des-medias\/172315\/#primaryimage"},"thumbnailUrl":"https:\/\/www.webdo.tn\/fr\/wp-content\/uploads\/2012\/01\/Samir-Dilou1.jpg","keywords":["guerre"],"articleSection":["National"],"inLanguage":"fr-FR"},{"@type":"WebPage","@id":"https:\/\/www.webdo.tn\/fr\/actualite\/national-45\/le-gouvernement-est-pret-a-revoir-certaines-nominations-a-la-tete-des-medias\/172315\/","url":"https:\/\/www.webdo.tn\/fr\/actualite\/national-45\/le-gouvernement-est-pret-a-revoir-certaines-nominations-a-la-tete-des-medias\/172315\/","name":"Le gouvernement est pr\u00eat \u00e0 revoir certaines nominations \u00e0 la t\u00eate des m\u00e9dias...","isPartOf":{"@id":"https:\/\/www.webdo.tn\/fr\/#website"},"primaryImageOfPage":{"@id":"https:\/\/www.webdo.tn\/fr\/actualite\/national-45\/le-gouvernement-est-pret-a-revoir-certaines-nominations-a-la-tete-des-medias\/172315\/#primaryimage"},"image":{"@id":"https:\/\/www.webdo.tn\/fr\/actualite\/national-45\/le-gouvernement-est-pret-a-revoir-certaines-nominations-a-la-tete-des-medias\/172315\/#primaryimage"},"thumbnailUrl":"https:\/\/www.webdo.tn\/fr\/wp-content\/uploads\/2012\/01\/Samir-Dilou1.jpg","datePublished":"2012-01-09T16:36:00+00:00","description":"Le gouvernement est pr\u00eat \u00e0 revoir certaines nominations \u00e0 la t\u00eate des m\u00e9dias...","breadcrumb":{"@id":"https:\/\/www.webdo.tn\/fr\/actualite\/national-45\/le-gouvernement-est-pret-a-revoir-certaines-nominations-a-la-tete-des-medias\/172315\/#breadcrumb"},"inLanguage":"fr-FR","potentialAction":[{"@type":"ReadAction","target":["https:\/\/www.webdo.tn\/fr\/actualite\/national-45\/le-gouvernement-est-pret-a-revoir-certaines-nominations-a-la-tete-des-medias\/172315\/"]}]},{"@type":"ImageObject","inLanguage":"fr-FR","@id":"https:\/\/www.webdo.tn\/fr\/actualite\/national-45\/le-gouvernement-est-pret-a-revoir-certaines-nominations-a-la-tete-des-medias\/172315\/#primaryimage","url":"https:\/\/www.webdo.tn\/fr\/wp-content\/uploads\/2012\/01\/Samir-Dilou1.jpg","contentUrl":"https:\/\/www.webdo.tn\/fr\/wp-content\/uploads\/2012\/01\/Samir-Dilou1.jpg","width":258,"height":214,"caption":"Le gouvernement est pr\u00eat \u00e0 revoir certaines nominations \u00e0 la t\u00eate des m\u00e9dias..."},{"@type":"BreadcrumbList","@id":"https:\/\/www.webdo.tn\/fr\/actualite\/national-45\/le-gouvernement-est-pret-a-revoir-certaines-nominations-a-la-tete-des-medias\/172315\/#breadcrumb","itemListElement":[{"@type":"ListItem","position":1,"name":"Accueil","item":"https:\/\/www.webdo.tn\/fr\/"},{"@type":"ListItem","position":2,"name":"Le gouvernement est pr\u00eat \u00e0 revoir certaines nominations \u00e0 la t\u00eate des m\u00e9dias&#8230;"}]},{"@type":"WebSite","@id":"https:\/\/www.webdo.tn\/fr\/#website","url":"https:\/\/www.webdo.tn\/fr\/","name":"webdo","description":"Tunisie - News en Tunisie et \u00e0 l&#039;international sur Webdo.tn","publisher":{"@id":"https:\/\/www.webdo.tn\/fr\/#organization"},"potentialAction":[{"@type":"SearchAction","target":{"@type":"EntryPoint","urlTemplate":"https:\/\/www.webdo.tn\/fr\/?s={search_term_string}"},"query-input":{"@type":"PropertyValueSpecification","valueRequired":true,"valueName":"search_term_string"}}],"inLanguage":"fr-FR"},{"@type":"Organization","@id":"https:\/\/www.webdo.tn\/fr\/#organization","name":"Webdo","alternateName":"Webdo.tn","url":"https:\/\/www.webdo.tn\/fr\/","logo":{"@type":"ImageObject","inLanguage":"fr-FR","@id":"https:\/\/www.webdo.tn\/fr\/#\/schema\/logo\/image\/","url":"https:\/\/www.webdo.tn\/fr\/wp-content\/uploads\/2025\/06\/Webdo-Tunisie_168377.jpg","contentUrl":"https:\/\/www.webdo.tn\/fr\/wp-content\/uploads\/2025\/06\/Webdo-Tunisie_168377.jpg","width":301,"height":301,"caption":"Webdo"},"image":{"@id":"https:\/\/www.webdo.tn\/fr\/#\/schema\/logo\/image\/"},"sameAs":["https:\/\/www.facebook.com\/webdotn","https:\/\/x.com\/webdo_tn"],"description":"Webdo est un m\u00e9dia num\u00e9rique tunisien fond\u00e9 en 2010, sp\u00e9cialis\u00e9 dans l\u2019actualit\u00e9 nationale et internationale, l\u2019\u00e9conomie, la soci\u00e9t\u00e9 et les analyses politiques. Le site s\u2019adresse \u00e0 un large public francophone et couvre l\u2019information tunisienne en temps r\u00e9el.","email":"redac@webdo.tn","legalName":"YNJ SARL","foundingDate":"2010-09-06","numberOfEmployees":{"@type":"QuantitativeValue","minValue":"11","maxValue":"50"}},{"@type":"Person","@id":"https:\/\/www.webdo.tn\/fr\/#\/schema\/person\/9a9c6118d687c117df8ef3cc36a4d175","name":"webdo.tn","image":{"@type":"ImageObject","inLanguage":"fr-FR","@id":"https:\/\/secure.gravatar.com\/avatar\/7ce1f28c0c3bbac99ff550b85ef8e44a6950c6ee24514fb6a5489e51d06f0298?s=96&d=mm&r=g","url":"https:\/\/secure.gravatar.com\/avatar\/7ce1f28c0c3bbac99ff550b85ef8e44a6950c6ee24514fb6a5489e51d06f0298?s=96&d=mm&r=g","contentUrl":"https:\/\/secure.gravatar.com\/avatar\/7ce1f28c0c3bbac99ff550b85ef8e44a6950c6ee24514fb6a5489e51d06f0298?s=96&d=mm&r=g","caption":"webdo.tn"},"url":"https:\/\/www.webdo.tn\/fr\/actualite\/author\/webdotn\/"}]}},"_links":{"self":[{"href":"https:\/\/www.webdo.tn\/fr\/wp-json\/wp\/v2\/posts\/172315","targetHints":{"allow":["GET"]}}],"collection":[{"href":"https:\/\/www.webdo.tn\/fr\/wp-json\/wp\/v2\/posts"}],"about":[{"href":"https:\/\/www.webdo.tn\/fr\/wp-json\/wp\/v2\/types\/post"}],"author":[{"embeddable":true,"href":"https:\/\/www.webdo.tn\/fr\/wp-json\/wp\/v2\/users\/3222"}],"replies":[{"embeddable":true,"href":"https:\/\/www.webdo.tn\/fr\/wp-json\/wp\/v2\/comments?post=172315"}],"version-history":[{"count":0,"href":"https:\/\/www.webdo.tn\/fr\/wp-json\/wp\/v2\/posts\/172315\/revisions"}],"wp:featuredmedia":[{"embeddable":true,"href":"https:\/\/www.webdo.tn\/fr\/wp-json\/wp\/v2\/media\/333835"}],"wp:attachment":[{"href":"https:\/\/www.webdo.tn\/fr\/wp-json\/wp\/v2\/media?parent=172315"}],"wp:term":[{"taxonomy":"category","embeddable":true,"href":"https:\/\/www.webdo.tn\/fr\/wp-json\/wp\/v2\/categories?post=172315"},{"taxonomy":"post_tag","embeddable":true,"href":"https:\/\/www.webdo.tn\/fr\/wp-json\/wp\/v2\/tags?post=172315"}],"curies":[{"name":"wp","href":"https:\/\/api.w.org\/{rel}","templated":true}]}}