{"id":172311,"date":"2012-01-11T14:38:00","date_gmt":"2012-01-11T14:38:00","guid":{"rendered":"https:\/\/www.webdo.tn\/fr\/blog\/manifestation-et-contre-manifestation-devant-le-ministere-de-l-interieur\/172311\/"},"modified":"2012-01-11T14:38:00","modified_gmt":"2012-01-11T14:38:00","slug":"manifestation-et-contre-manifestation-devant-le-ministere-de-l-interieur","status":"publish","type":"post","link":"https:\/\/www.webdo.tn\/fr\/actualite\/national\/manifestation-et-contre-manifestation-devant-le-ministere-de-l-interieur\/172311\/","title":{"rendered":"Manifestation et contre manifestation devant le minist\u00e8re de l\u2019Int\u00e9rieur"},"content":{"rendered":"<p>Aujourd\u2019hui, une manifestation des \u00ab sympathisants du gouvernement \u00bb a pris place devant le minist\u00e8re de l\u2019Int\u00e9rieur, pour r\u00e9clamer un \u00ab nettoyage \u00bb en son sein. Cette manifestation de soutien fait suite \u00e0 la d\u00e9cision du ministre de l\u2019Int\u00e9rieur de limoger le colonel Moncef Lajimi, directeur g\u00e9n\u00e9ral de la brigade d&rsquo;intervention.<\/p>\n<p>Les manifestants ont scand\u00e9 \u00ab Ni peur, ni terreur ! Le pouvoir au peuple ! \u00bb ou encore \u00ab Ministre, le peuple est avec toi pour le nettoyage \u00bb.<\/p>\n<p>Quelques m\u00e9dias ont \u00e9t\u00e9 victime d\u2019un d\u00e9gage, comme la T\u00e9l\u00e9vision Nationale et Nessma TV. Sofien Ben Hamida, quant \u00e0 lui, a \u00e9t\u00e9 agress\u00e9 par les manifestants.<\/p>\n<p>Cette manifestation est venue encore\u2026 contre-manifestation de celle men\u00e9e par la brigade d\u2019opposition publique et d\u2019autres membres de la brigade d\u2019intervention pour protester contre l\u2019\u00e9cartement de leur directeur. D\u2019ailleurs, ces agents avaient, la veille, quitt\u00e9 leur poste en signe de protestation.<\/p>\n<p>Le ministre de l\u2019Int\u00e9rieur, Ali Laridh, est sorti devant son minist\u00e8re pour s\u2019adresser, \u00e0 l\u2019aide d\u2019un haut-parleur, directement aux manifestants et les \u00ab rassurer \u00bb.<\/p>\n<p>Il est \u00e0 noter que \u00ab le comit\u00e9 national de protection de la r\u00e9volution \u00bb a fait, \u00e0 nouveau, une apparition dans les rues. La derni\u00e8re datait du jour de d\u00e9monstration anti sit-in Bardo 1. Ce \u00ab comit\u00e9 \u00bb annonce et confirme encore une fois son penchant et son appartenance id\u00e9ologique et politique. D\u2019ailleurs, il est affectueusement surnomm\u00e9 par l\u2019opposition \u00ab le comit\u00e9 national de protection de la Nahdha \u00bb.<\/p>\n<p>D\u2019autre part, il nous a \u00e9t\u00e9 signal\u00e9 que des manifestations de soutien ont actuellement lieu devant les casernes des BOP \u00e0 Sousse.<\/p>\n","protected":false},"excerpt":{"rendered":"<p>Manifestation et contre manifestation devant le minist\u00e8re de l\u2019Int\u00e9rieur<\/p>\n","protected":false},"author":3222,"featured_media":374559,"comment_status":"open","ping_status":"closed","sticky":false,"template":"","format":"standard","meta":{"footnotes":""},"categories":[44],"tags":[2600],"class_list":["post-172311","post","type-post","status-publish","format-standard","has-post-thumbnail","hentry","category-national","tag-guerre"],"yoast_head":"<!-- This site is optimized with the Yoast SEO Premium plugin v27.5 (Yoast SEO v27.5) - https:\/\/yoast.com\/product\/yoast-seo-premium-wordpress\/ -->\n<title>Manifestation et contre manifestation devant le minist\u00e8re de l\u2019Int\u00e9rieur<\/title>\n<meta name=\"description\" content=\"Manifestation et contre manifestation devant le minist\u00e8re de l\u2019Int\u00e9rieur\" \/>\n<link rel=\"canonical\" href=\"https:\/\/www.webdo.tn\/fr\/actualite\/national-45\/manifestation-et-contre-manifestation-devant-le-ministere-de-l-interieur\/172311\/\" \/>\n<meta property=\"og:locale\" content=\"fr_FR\" \/>\n<meta property=\"og:type\" content=\"article\" \/>\n<meta property=\"og:title\" content=\"Manifestation et contre manifestation devant le minist\u00e8re de l\u2019Int\u00e9rieur\" \/>\n<meta property=\"og:description\" content=\"Manifestation et contre manifestation devant le minist\u00e8re de l\u2019Int\u00e9rieur\" \/>\n<meta property=\"og:url\" content=\"https:\/\/www.webdo.tn\/fr\/actualite\/national-45\/manifestation-et-contre-manifestation-devant-le-ministere-de-l-interieur\/172311\/\" \/>\n<meta property=\"og:site_name\" content=\"webdo\" \/>\n<meta property=\"article:publisher\" content=\"https:\/\/www.facebook.com\/webdotn\" \/>\n<meta property=\"article:published_time\" content=\"2012-01-11T14:38:00+00:00\" \/>\n<meta name=\"author\" content=\"webdo.tn\" \/>\n<meta name=\"twitter:card\" content=\"summary_large_image\" \/>\n<meta name=\"twitter:creator\" content=\"@webdo_tn\" \/>\n<meta name=\"twitter:site\" content=\"@webdo_tn\" \/>\n<meta name=\"twitter:label1\" content=\"\u00c9crit par\" \/>\n\t<meta name=\"twitter:data1\" content=\"webdo.tn\" \/>\n\t<meta name=\"twitter:label2\" content=\"Dur\u00e9e de lecture estim\u00e9e\" \/>\n\t<meta name=\"twitter:data2\" content=\"1 minute\" \/>\n<script type=\"application\/ld+json\" class=\"yoast-schema-graph\">{\"@context\":\"https:\\\/\\\/schema.org\",\"@graph\":[{\"@type\":\"NewsArticle\",\"@id\":\"https:\\\/\\\/www.webdo.tn\\\/fr\\\/actualite\\\/national-45\\\/manifestation-et-contre-manifestation-devant-le-ministere-de-l-interieur\\\/172311\\\/#article\",\"isPartOf\":{\"@id\":\"https:\\\/\\\/www.webdo.tn\\\/fr\\\/actualite\\\/national-45\\\/manifestation-et-contre-manifestation-devant-le-ministere-de-l-interieur\\\/172311\\\/\"},\"author\":{\"name\":\"webdo.tn\",\"@id\":\"https:\\\/\\\/www.webdo.tn\\\/fr\\\/#\\\/schema\\\/person\\\/9a9c6118d687c117df8ef3cc36a4d175\"},\"headline\":\"Manifestation et contre manifestation devant le minist\u00e8re de l\u2019Int\u00e9rieur\",\"datePublished\":\"2012-01-11T14:38:00+00:00\",\"mainEntityOfPage\":{\"@id\":\"https:\\\/\\\/www.webdo.tn\\\/fr\\\/actualite\\\/national-45\\\/manifestation-et-contre-manifestation-devant-le-ministere-de-l-interieur\\\/172311\\\/\"},\"wordCount\":286,\"commentCount\":0,\"publisher\":{\"@id\":\"https:\\\/\\\/www.webdo.tn\\\/fr\\\/#organization\"},\"image\":{\"@id\":\"https:\\\/\\\/www.webdo.tn\\\/fr\\\/actualite\\\/national-45\\\/manifestation-et-contre-manifestation-devant-le-ministere-de-l-interieur\\\/172311\\\/#primaryimage\"},\"thumbnailUrl\":\"https:\\\/\\\/www.webdo.tn\\\/fr\\\/wp-content\\\/uploads\\\/2025\\\/06\\\/Le-ministre-de-lInterieur-Ali-Laridh-est-sorti-devant-son-ministere-pour-sadresser-a-laide-dun-haut-parleur-directement-aux-manifestants-11-janvier-20111_172311.jpg\",\"keywords\":[\"guerre\"],\"articleSection\":[\"National\"],\"inLanguage\":\"fr-FR\"},{\"@type\":\"WebPage\",\"@id\":\"https:\\\/\\\/www.webdo.tn\\\/fr\\\/actualite\\\/national-45\\\/manifestation-et-contre-manifestation-devant-le-ministere-de-l-interieur\\\/172311\\\/\",\"url\":\"https:\\\/\\\/www.webdo.tn\\\/fr\\\/actualite\\\/national-45\\\/manifestation-et-contre-manifestation-devant-le-ministere-de-l-interieur\\\/172311\\\/\",\"name\":\"Manifestation et contre manifestation devant le minist\u00e8re de l\u2019Int\u00e9rieur\",\"isPartOf\":{\"@id\":\"https:\\\/\\\/www.webdo.tn\\\/fr\\\/#website\"},\"primaryImageOfPage\":{\"@id\":\"https:\\\/\\\/www.webdo.tn\\\/fr\\\/actualite\\\/national-45\\\/manifestation-et-contre-manifestation-devant-le-ministere-de-l-interieur\\\/172311\\\/#primaryimage\"},\"image\":{\"@id\":\"https:\\\/\\\/www.webdo.tn\\\/fr\\\/actualite\\\/national-45\\\/manifestation-et-contre-manifestation-devant-le-ministere-de-l-interieur\\\/172311\\\/#primaryimage\"},\"thumbnailUrl\":\"https:\\\/\\\/www.webdo.tn\\\/fr\\\/wp-content\\\/uploads\\\/2025\\\/06\\\/Le-ministre-de-lInterieur-Ali-Laridh-est-sorti-devant-son-ministere-pour-sadresser-a-laide-dun-haut-parleur-directement-aux-manifestants-11-janvier-20111_172311.jpg\",\"datePublished\":\"2012-01-11T14:38:00+00:00\",\"description\":\"Manifestation et contre manifestation devant le minist\u00e8re de l\u2019Int\u00e9rieur\",\"breadcrumb\":{\"@id\":\"https:\\\/\\\/www.webdo.tn\\\/fr\\\/actualite\\\/national-45\\\/manifestation-et-contre-manifestation-devant-le-ministere-de-l-interieur\\\/172311\\\/#breadcrumb\"},\"inLanguage\":\"fr-FR\",\"potentialAction\":[{\"@type\":\"ReadAction\",\"target\":[\"https:\\\/\\\/www.webdo.tn\\\/fr\\\/actualite\\\/national-45\\\/manifestation-et-contre-manifestation-devant-le-ministere-de-l-interieur\\\/172311\\\/\"]}]},{\"@type\":\"ImageObject\",\"inLanguage\":\"fr-FR\",\"@id\":\"https:\\\/\\\/www.webdo.tn\\\/fr\\\/actualite\\\/national-45\\\/manifestation-et-contre-manifestation-devant-le-ministere-de-l-interieur\\\/172311\\\/#primaryimage\",\"url\":\"https:\\\/\\\/www.webdo.tn\\\/fr\\\/wp-content\\\/uploads\\\/2025\\\/06\\\/Le-ministre-de-lInterieur-Ali-Laridh-est-sorti-devant-son-ministere-pour-sadresser-a-laide-dun-haut-parleur-directement-aux-manifestants-11-janvier-20111_172311.jpg\",\"contentUrl\":\"https:\\\/\\\/www.webdo.tn\\\/fr\\\/wp-content\\\/uploads\\\/2025\\\/06\\\/Le-ministre-de-lInterieur-Ali-Laridh-est-sorti-devant-son-ministere-pour-sadresser-a-laide-dun-haut-parleur-directement-aux-manifestants-11-janvier-20111_172311.jpg\",\"width\":324,\"height\":321,\"caption\":\"Manifestation et contre manifestation devant le minist\u00e8re de l\u2019Int\u00e9rieur\"},{\"@type\":\"BreadcrumbList\",\"@id\":\"https:\\\/\\\/www.webdo.tn\\\/fr\\\/actualite\\\/national-45\\\/manifestation-et-contre-manifestation-devant-le-ministere-de-l-interieur\\\/172311\\\/#breadcrumb\",\"itemListElement\":[{\"@type\":\"ListItem\",\"position\":1,\"name\":\"Accueil\",\"item\":\"https:\\\/\\\/www.webdo.tn\\\/fr\\\/\"},{\"@type\":\"ListItem\",\"position\":2,\"name\":\"Manifestation et contre manifestation devant le minist\u00e8re de l\u2019Int\u00e9rieur\"}]},{\"@type\":\"WebSite\",\"@id\":\"https:\\\/\\\/www.webdo.tn\\\/fr\\\/#website\",\"url\":\"https:\\\/\\\/www.webdo.tn\\\/fr\\\/\",\"name\":\"webdo\",\"description\":\"Tunisie - News en Tunisie et \u00e0 l&#039;international sur Webdo.tn\",\"publisher\":{\"@id\":\"https:\\\/\\\/www.webdo.tn\\\/fr\\\/#organization\"},\"potentialAction\":[{\"@type\":\"SearchAction\",\"target\":{\"@type\":\"EntryPoint\",\"urlTemplate\":\"https:\\\/\\\/www.webdo.tn\\\/fr\\\/?s={search_term_string}\"},\"query-input\":{\"@type\":\"PropertyValueSpecification\",\"valueRequired\":true,\"valueName\":\"search_term_string\"}}],\"inLanguage\":\"fr-FR\"},{\"@type\":\"Organization\",\"@id\":\"https:\\\/\\\/www.webdo.tn\\\/fr\\\/#organization\",\"name\":\"Webdo\",\"alternateName\":\"Webdo.tn\",\"url\":\"https:\\\/\\\/www.webdo.tn\\\/fr\\\/\",\"logo\":{\"@type\":\"ImageObject\",\"inLanguage\":\"fr-FR\",\"@id\":\"https:\\\/\\\/www.webdo.tn\\\/fr\\\/#\\\/schema\\\/logo\\\/image\\\/\",\"url\":\"https:\\\/\\\/www.webdo.tn\\\/fr\\\/wp-content\\\/uploads\\\/2025\\\/06\\\/Webdo-Tunisie_168377.jpg\",\"contentUrl\":\"https:\\\/\\\/www.webdo.tn\\\/fr\\\/wp-content\\\/uploads\\\/2025\\\/06\\\/Webdo-Tunisie_168377.jpg\",\"width\":301,\"height\":301,\"caption\":\"Webdo\"},\"image\":{\"@id\":\"https:\\\/\\\/www.webdo.tn\\\/fr\\\/#\\\/schema\\\/logo\\\/image\\\/\"},\"sameAs\":[\"https:\\\/\\\/www.facebook.com\\\/webdotn\",\"https:\\\/\\\/x.com\\\/webdo_tn\"],\"description\":\"Webdo est un m\u00e9dia num\u00e9rique tunisien fond\u00e9 en 2010, sp\u00e9cialis\u00e9 dans l\u2019actualit\u00e9 nationale et internationale, l\u2019\u00e9conomie, la soci\u00e9t\u00e9 et les analyses politiques. Le site s\u2019adresse \u00e0 un large public francophone et couvre l\u2019information tunisienne en temps r\u00e9el.\",\"email\":\"redac@webdo.tn\",\"legalName\":\"YNJ SARL\",\"foundingDate\":\"2010-09-06\",\"numberOfEmployees\":{\"@type\":\"QuantitativeValue\",\"minValue\":\"11\",\"maxValue\":\"50\"}},{\"@type\":\"Person\",\"@id\":\"https:\\\/\\\/www.webdo.tn\\\/fr\\\/#\\\/schema\\\/person\\\/9a9c6118d687c117df8ef3cc36a4d175\",\"name\":\"webdo.tn\",\"image\":{\"@type\":\"ImageObject\",\"inLanguage\":\"fr-FR\",\"@id\":\"https:\\\/\\\/secure.gravatar.com\\\/avatar\\\/7ce1f28c0c3bbac99ff550b85ef8e44a6950c6ee24514fb6a5489e51d06f0298?s=96&d=mm&r=g\",\"url\":\"https:\\\/\\\/secure.gravatar.com\\\/avatar\\\/7ce1f28c0c3bbac99ff550b85ef8e44a6950c6ee24514fb6a5489e51d06f0298?s=96&d=mm&r=g\",\"contentUrl\":\"https:\\\/\\\/secure.gravatar.com\\\/avatar\\\/7ce1f28c0c3bbac99ff550b85ef8e44a6950c6ee24514fb6a5489e51d06f0298?s=96&d=mm&r=g\",\"caption\":\"webdo.tn\"},\"url\":\"https:\\\/\\\/www.webdo.tn\\\/fr\\\/actualite\\\/author\\\/webdotn\\\/\"}]}<\/script>\n<!-- \/ Yoast SEO Premium plugin. -->","yoast_head_json":{"title":"Manifestation et contre manifestation devant le minist\u00e8re de l\u2019Int\u00e9rieur","description":"Manifestation et contre manifestation devant le minist\u00e8re de l\u2019Int\u00e9rieur","canonical":"https:\/\/www.webdo.tn\/fr\/actualite\/national-45\/manifestation-et-contre-manifestation-devant-le-ministere-de-l-interieur\/172311\/","og_locale":"fr_FR","og_type":"article","og_title":"Manifestation et contre manifestation devant le minist\u00e8re de l\u2019Int\u00e9rieur","og_description":"Manifestation et contre manifestation devant le minist\u00e8re de l\u2019Int\u00e9rieur","og_url":"https:\/\/www.webdo.tn\/fr\/actualite\/national-45\/manifestation-et-contre-manifestation-devant-le-ministere-de-l-interieur\/172311\/","og_site_name":"webdo","article_publisher":"https:\/\/www.facebook.com\/webdotn","article_published_time":"2012-01-11T14:38:00+00:00","author":"webdo.tn","twitter_card":"summary_large_image","twitter_creator":"@webdo_tn","twitter_site":"@webdo_tn","twitter_misc":{"\u00c9crit par":"webdo.tn","Dur\u00e9e de lecture estim\u00e9e":"1 minute"},"schema":{"@context":"https:\/\/schema.org","@graph":[{"@type":"NewsArticle","@id":"https:\/\/www.webdo.tn\/fr\/actualite\/national-45\/manifestation-et-contre-manifestation-devant-le-ministere-de-l-interieur\/172311\/#article","isPartOf":{"@id":"https:\/\/www.webdo.tn\/fr\/actualite\/national-45\/manifestation-et-contre-manifestation-devant-le-ministere-de-l-interieur\/172311\/"},"author":{"name":"webdo.tn","@id":"https:\/\/www.webdo.tn\/fr\/#\/schema\/person\/9a9c6118d687c117df8ef3cc36a4d175"},"headline":"Manifestation et contre manifestation devant le minist\u00e8re de l\u2019Int\u00e9rieur","datePublished":"2012-01-11T14:38:00+00:00","mainEntityOfPage":{"@id":"https:\/\/www.webdo.tn\/fr\/actualite\/national-45\/manifestation-et-contre-manifestation-devant-le-ministere-de-l-interieur\/172311\/"},"wordCount":286,"commentCount":0,"publisher":{"@id":"https:\/\/www.webdo.tn\/fr\/#organization"},"image":{"@id":"https:\/\/www.webdo.tn\/fr\/actualite\/national-45\/manifestation-et-contre-manifestation-devant-le-ministere-de-l-interieur\/172311\/#primaryimage"},"thumbnailUrl":"https:\/\/www.webdo.tn\/fr\/wp-content\/uploads\/2025\/06\/Le-ministre-de-lInterieur-Ali-Laridh-est-sorti-devant-son-ministere-pour-sadresser-a-laide-dun-haut-parleur-directement-aux-manifestants-11-janvier-20111_172311.jpg","keywords":["guerre"],"articleSection":["National"],"inLanguage":"fr-FR"},{"@type":"WebPage","@id":"https:\/\/www.webdo.tn\/fr\/actualite\/national-45\/manifestation-et-contre-manifestation-devant-le-ministere-de-l-interieur\/172311\/","url":"https:\/\/www.webdo.tn\/fr\/actualite\/national-45\/manifestation-et-contre-manifestation-devant-le-ministere-de-l-interieur\/172311\/","name":"Manifestation et contre manifestation devant le minist\u00e8re de l\u2019Int\u00e9rieur","isPartOf":{"@id":"https:\/\/www.webdo.tn\/fr\/#website"},"primaryImageOfPage":{"@id":"https:\/\/www.webdo.tn\/fr\/actualite\/national-45\/manifestation-et-contre-manifestation-devant-le-ministere-de-l-interieur\/172311\/#primaryimage"},"image":{"@id":"https:\/\/www.webdo.tn\/fr\/actualite\/national-45\/manifestation-et-contre-manifestation-devant-le-ministere-de-l-interieur\/172311\/#primaryimage"},"thumbnailUrl":"https:\/\/www.webdo.tn\/fr\/wp-content\/uploads\/2025\/06\/Le-ministre-de-lInterieur-Ali-Laridh-est-sorti-devant-son-ministere-pour-sadresser-a-laide-dun-haut-parleur-directement-aux-manifestants-11-janvier-20111_172311.jpg","datePublished":"2012-01-11T14:38:00+00:00","description":"Manifestation et contre manifestation devant le minist\u00e8re de l\u2019Int\u00e9rieur","breadcrumb":{"@id":"https:\/\/www.webdo.tn\/fr\/actualite\/national-45\/manifestation-et-contre-manifestation-devant-le-ministere-de-l-interieur\/172311\/#breadcrumb"},"inLanguage":"fr-FR","potentialAction":[{"@type":"ReadAction","target":["https:\/\/www.webdo.tn\/fr\/actualite\/national-45\/manifestation-et-contre-manifestation-devant-le-ministere-de-l-interieur\/172311\/"]}]},{"@type":"ImageObject","inLanguage":"fr-FR","@id":"https:\/\/www.webdo.tn\/fr\/actualite\/national-45\/manifestation-et-contre-manifestation-devant-le-ministere-de-l-interieur\/172311\/#primaryimage","url":"https:\/\/www.webdo.tn\/fr\/wp-content\/uploads\/2025\/06\/Le-ministre-de-lInterieur-Ali-Laridh-est-sorti-devant-son-ministere-pour-sadresser-a-laide-dun-haut-parleur-directement-aux-manifestants-11-janvier-20111_172311.jpg","contentUrl":"https:\/\/www.webdo.tn\/fr\/wp-content\/uploads\/2025\/06\/Le-ministre-de-lInterieur-Ali-Laridh-est-sorti-devant-son-ministere-pour-sadresser-a-laide-dun-haut-parleur-directement-aux-manifestants-11-janvier-20111_172311.jpg","width":324,"height":321,"caption":"Manifestation et contre manifestation devant le minist\u00e8re de l\u2019Int\u00e9rieur"},{"@type":"BreadcrumbList","@id":"https:\/\/www.webdo.tn\/fr\/actualite\/national-45\/manifestation-et-contre-manifestation-devant-le-ministere-de-l-interieur\/172311\/#breadcrumb","itemListElement":[{"@type":"ListItem","position":1,"name":"Accueil","item":"https:\/\/www.webdo.tn\/fr\/"},{"@type":"ListItem","position":2,"name":"Manifestation et contre manifestation devant le minist\u00e8re de l\u2019Int\u00e9rieur"}]},{"@type":"WebSite","@id":"https:\/\/www.webdo.tn\/fr\/#website","url":"https:\/\/www.webdo.tn\/fr\/","name":"webdo","description":"Tunisie - News en Tunisie et \u00e0 l&#039;international sur Webdo.tn","publisher":{"@id":"https:\/\/www.webdo.tn\/fr\/#organization"},"potentialAction":[{"@type":"SearchAction","target":{"@type":"EntryPoint","urlTemplate":"https:\/\/www.webdo.tn\/fr\/?s={search_term_string}"},"query-input":{"@type":"PropertyValueSpecification","valueRequired":true,"valueName":"search_term_string"}}],"inLanguage":"fr-FR"},{"@type":"Organization","@id":"https:\/\/www.webdo.tn\/fr\/#organization","name":"Webdo","alternateName":"Webdo.tn","url":"https:\/\/www.webdo.tn\/fr\/","logo":{"@type":"ImageObject","inLanguage":"fr-FR","@id":"https:\/\/www.webdo.tn\/fr\/#\/schema\/logo\/image\/","url":"https:\/\/www.webdo.tn\/fr\/wp-content\/uploads\/2025\/06\/Webdo-Tunisie_168377.jpg","contentUrl":"https:\/\/www.webdo.tn\/fr\/wp-content\/uploads\/2025\/06\/Webdo-Tunisie_168377.jpg","width":301,"height":301,"caption":"Webdo"},"image":{"@id":"https:\/\/www.webdo.tn\/fr\/#\/schema\/logo\/image\/"},"sameAs":["https:\/\/www.facebook.com\/webdotn","https:\/\/x.com\/webdo_tn"],"description":"Webdo est un m\u00e9dia num\u00e9rique tunisien fond\u00e9 en 2010, sp\u00e9cialis\u00e9 dans l\u2019actualit\u00e9 nationale et internationale, l\u2019\u00e9conomie, la soci\u00e9t\u00e9 et les analyses politiques. Le site s\u2019adresse \u00e0 un large public francophone et couvre l\u2019information tunisienne en temps r\u00e9el.","email":"redac@webdo.tn","legalName":"YNJ SARL","foundingDate":"2010-09-06","numberOfEmployees":{"@type":"QuantitativeValue","minValue":"11","maxValue":"50"}},{"@type":"Person","@id":"https:\/\/www.webdo.tn\/fr\/#\/schema\/person\/9a9c6118d687c117df8ef3cc36a4d175","name":"webdo.tn","image":{"@type":"ImageObject","inLanguage":"fr-FR","@id":"https:\/\/secure.gravatar.com\/avatar\/7ce1f28c0c3bbac99ff550b85ef8e44a6950c6ee24514fb6a5489e51d06f0298?s=96&d=mm&r=g","url":"https:\/\/secure.gravatar.com\/avatar\/7ce1f28c0c3bbac99ff550b85ef8e44a6950c6ee24514fb6a5489e51d06f0298?s=96&d=mm&r=g","contentUrl":"https:\/\/secure.gravatar.com\/avatar\/7ce1f28c0c3bbac99ff550b85ef8e44a6950c6ee24514fb6a5489e51d06f0298?s=96&d=mm&r=g","caption":"webdo.tn"},"url":"https:\/\/www.webdo.tn\/fr\/actualite\/author\/webdotn\/"}]}},"_links":{"self":[{"href":"https:\/\/www.webdo.tn\/fr\/wp-json\/wp\/v2\/posts\/172311","targetHints":{"allow":["GET"]}}],"collection":[{"href":"https:\/\/www.webdo.tn\/fr\/wp-json\/wp\/v2\/posts"}],"about":[{"href":"https:\/\/www.webdo.tn\/fr\/wp-json\/wp\/v2\/types\/post"}],"author":[{"embeddable":true,"href":"https:\/\/www.webdo.tn\/fr\/wp-json\/wp\/v2\/users\/3222"}],"replies":[{"embeddable":true,"href":"https:\/\/www.webdo.tn\/fr\/wp-json\/wp\/v2\/comments?post=172311"}],"version-history":[{"count":0,"href":"https:\/\/www.webdo.tn\/fr\/wp-json\/wp\/v2\/posts\/172311\/revisions"}],"wp:featuredmedia":[{"embeddable":true,"href":"https:\/\/www.webdo.tn\/fr\/wp-json\/wp\/v2\/media\/374559"}],"wp:attachment":[{"href":"https:\/\/www.webdo.tn\/fr\/wp-json\/wp\/v2\/media?parent=172311"}],"wp:term":[{"taxonomy":"category","embeddable":true,"href":"https:\/\/www.webdo.tn\/fr\/wp-json\/wp\/v2\/categories?post=172311"},{"taxonomy":"post_tag","embeddable":true,"href":"https:\/\/www.webdo.tn\/fr\/wp-json\/wp\/v2\/tags?post=172311"}],"curies":[{"name":"wp","href":"https:\/\/api.w.org\/{rel}","templated":true}]}}