{"id":172309,"date":"2012-01-12T10:30:00","date_gmt":"2012-01-12T10:30:00","guid":{"rendered":"https:\/\/www.webdo.tn\/fr\/blog\/troika-democratique-les-leaders-sont-ils-capables-de-se-transcender\/172309\/"},"modified":"2012-01-12T10:30:00","modified_gmt":"2012-01-12T10:30:00","slug":"troika-democratique-les-leaders-sont-ils-capables-de-se-transcender","status":"publish","type":"post","link":"https:\/\/www.webdo.tn\/fr\/actualite\/national\/troika-democratique-les-leaders-sont-ils-capables-de-se-transcender\/172309\/","title":{"rendered":"Tro\u00efka d\u00e9mocratique: les \u00ableaders\u00bb sont-ils capables de se transcender ?"},"content":{"rendered":"<p>Le paysage politique tunisien va-t-il changer de physionomie apr\u00e8s l\u2019apparition d\u2019une nouvelle tro\u00efka, une tro\u00efka d\u00e9mocratique annonc\u00e9e par le Parti D\u00e9mocratique Progressiste, Afek et le Parti R\u00e9publicain ?<\/p>\n<p>Il faut dire que l\u2019annonce pompeuse de la naissance de cette nouvelle tro\u00efka, cette fois-ci d\u00e9mocratique, peut annoncer une nouvelle \u00e8re dans la vie politique tunisienne, mais cela est-il possible dans la Tunisie d\u2019aujourd\u2019hui ?<\/p>\n<p>Nous, on veut bien le croire d\u2019autant plus que le trio concern\u00e9 semble vouloir mettre en place un syst\u00e8me politique d\u00e9mocratique et travailler pour un mod\u00e8le de soci\u00e9t\u00e9 pluraliste.<\/p>\n<p>Mais, ce qui peut para\u00eetre comme une initiative importante pour faire face au danger monolithique qui menace la soci\u00e9t\u00e9 et la vie politique dans notre pays va-t-il r\u00e9sister aux app\u00e9tits des dirigeants qui ont men\u00e9 ce processus !<\/p>\n<p>Les Nejib Chebbi et Yassine Brahim vont-il mettre en sourdine leurs ambitions personnelles pour ne voir que l\u2019int\u00e9r\u00eat national ou vont-ils de nouveau s\u2019opposer et se battre pour le leadership de cette nouvelle formation ?<\/p>\n<p>Rien n\u2019est clair dans cette histoire sinon que les D\u00e9mocrates de ce pays sont aujourd\u2019hui plac\u00e9s dans l\u2019obligation de s\u2019entendre face au danger que repr\u00e9sentent les Salafistes, et aussi le projet d\u2019Ennahdha qui s\u2019appuie sur la l\u00e9gitimation, m\u00eame relative, de la domination d\u2019une tendance politique par rapport aux autres comme ils viennent de le montrer, en organisant des contre-manifestations suivies de quelques agressions (dont furent victimes des journalistes), lors des mouvements de protestations organis\u00e9s par les repr\u00e9sentants des m\u00e9dias devant le Palais du gouvernement ou celui pr\u00e9vu devant le minist\u00e8re de l\u2019Int\u00e9rieur ce mercredi 11 janvier, et que le syndicat des forces de s\u00e9curit\u00e9 int\u00e9rieure a intelligemment \u00e9vit\u00e9\u2026<\/p>\n","protected":false},"excerpt":{"rendered":"<p>Tro\u00efka d\u00e9mocratique: les \u00ableaders\u00bb sont-ils capables de se transcender ?<\/p>\n","protected":false},"author":3222,"featured_media":333840,"comment_status":"open","ping_status":"closed","sticky":false,"template":"","format":"standard","meta":{"footnotes":""},"categories":[44],"tags":[2600],"class_list":["post-172309","post","type-post","status-publish","format-standard","has-post-thumbnail","hentry","category-national","tag-guerre"],"yoast_head":"<!-- This site is optimized with the Yoast SEO Premium plugin v27.5 (Yoast SEO v27.5) - https:\/\/yoast.com\/product\/yoast-seo-premium-wordpress\/ -->\n<title>Tro\u00efka d\u00e9mocratique: les \u00ableaders\u00bb sont-ils capables de se transcender ?<\/title>\n<meta name=\"description\" content=\"Tro\u00efka d\u00e9mocratique: les \u00ableaders\u00bb sont-ils capables de se transcender ?\" \/>\n<link rel=\"canonical\" href=\"https:\/\/www.webdo.tn\/fr\/actualite\/national-45\/troika-democratique-les-leaders-sont-ils-capables-de-se-transcender\/172309\/\" \/>\n<meta property=\"og:locale\" content=\"fr_FR\" \/>\n<meta property=\"og:type\" content=\"article\" \/>\n<meta property=\"og:title\" content=\"Tro\u00efka d\u00e9mocratique: les \u00ableaders\u00bb sont-ils capables de se transcender ?\" \/>\n<meta property=\"og:description\" content=\"Tro\u00efka d\u00e9mocratique: les \u00ableaders\u00bb sont-ils capables de se transcender ?\" \/>\n<meta property=\"og:url\" content=\"https:\/\/www.webdo.tn\/fr\/actualite\/national-45\/troika-democratique-les-leaders-sont-ils-capables-de-se-transcender\/172309\/\" \/>\n<meta property=\"og:site_name\" content=\"webdo\" \/>\n<meta property=\"article:publisher\" content=\"https:\/\/www.facebook.com\/webdotn\" \/>\n<meta property=\"article:published_time\" content=\"2012-01-12T10:30:00+00:00\" \/>\n<meta property=\"og:image\" content=\"https:\/\/www.webdo.tn\/fr\/wp-content\/uploads\/2012\/01\/Les-dirigeants-du-PDP-du-PR-et-de-Afek-Tounes-photo-AFP.jpg\" \/>\n\t<meta property=\"og:image:width\" content=\"323\" \/>\n\t<meta property=\"og:image:height\" content=\"215\" \/>\n\t<meta property=\"og:image:type\" content=\"image\/jpeg\" \/>\n<meta name=\"author\" content=\"webdo.tn\" \/>\n<meta name=\"twitter:card\" content=\"summary_large_image\" \/>\n<meta name=\"twitter:creator\" content=\"@webdo_tn\" \/>\n<meta name=\"twitter:site\" content=\"@webdo_tn\" \/>\n<meta name=\"twitter:label1\" content=\"\u00c9crit par\" \/>\n\t<meta name=\"twitter:data1\" content=\"webdo.tn\" \/>\n\t<meta name=\"twitter:label2\" content=\"Dur\u00e9e de lecture estim\u00e9e\" \/>\n\t<meta name=\"twitter:data2\" content=\"2 minutes\" \/>\n<script type=\"application\/ld+json\" class=\"yoast-schema-graph\">{\"@context\":\"https:\\\/\\\/schema.org\",\"@graph\":[{\"@type\":\"NewsArticle\",\"@id\":\"https:\\\/\\\/www.webdo.tn\\\/fr\\\/actualite\\\/national-45\\\/troika-democratique-les-leaders-sont-ils-capables-de-se-transcender\\\/172309\\\/#article\",\"isPartOf\":{\"@id\":\"https:\\\/\\\/www.webdo.tn\\\/fr\\\/actualite\\\/national-45\\\/troika-democratique-les-leaders-sont-ils-capables-de-se-transcender\\\/172309\\\/\"},\"author\":{\"name\":\"webdo.tn\",\"@id\":\"https:\\\/\\\/www.webdo.tn\\\/fr\\\/#\\\/schema\\\/person\\\/9a9c6118d687c117df8ef3cc36a4d175\"},\"headline\":\"Tro\u00efka d\u00e9mocratique: les \u00ableaders\u00bb sont-ils capables de se transcender ?\",\"datePublished\":\"2012-01-12T10:30:00+00:00\",\"mainEntityOfPage\":{\"@id\":\"https:\\\/\\\/www.webdo.tn\\\/fr\\\/actualite\\\/national-45\\\/troika-democratique-les-leaders-sont-ils-capables-de-se-transcender\\\/172309\\\/\"},\"wordCount\":327,\"commentCount\":0,\"publisher\":{\"@id\":\"https:\\\/\\\/www.webdo.tn\\\/fr\\\/#organization\"},\"image\":{\"@id\":\"https:\\\/\\\/www.webdo.tn\\\/fr\\\/actualite\\\/national-45\\\/troika-democratique-les-leaders-sont-ils-capables-de-se-transcender\\\/172309\\\/#primaryimage\"},\"thumbnailUrl\":\"https:\\\/\\\/www.webdo.tn\\\/fr\\\/wp-content\\\/uploads\\\/2012\\\/01\\\/Les-dirigeants-du-PDP-du-PR-et-de-Afek-Tounes-photo-AFP.jpg\",\"keywords\":[\"guerre\"],\"articleSection\":[\"National\"],\"inLanguage\":\"fr-FR\"},{\"@type\":\"WebPage\",\"@id\":\"https:\\\/\\\/www.webdo.tn\\\/fr\\\/actualite\\\/national-45\\\/troika-democratique-les-leaders-sont-ils-capables-de-se-transcender\\\/172309\\\/\",\"url\":\"https:\\\/\\\/www.webdo.tn\\\/fr\\\/actualite\\\/national-45\\\/troika-democratique-les-leaders-sont-ils-capables-de-se-transcender\\\/172309\\\/\",\"name\":\"Tro\u00efka d\u00e9mocratique: les \u00ableaders\u00bb sont-ils capables de se transcender ?\",\"isPartOf\":{\"@id\":\"https:\\\/\\\/www.webdo.tn\\\/fr\\\/#website\"},\"primaryImageOfPage\":{\"@id\":\"https:\\\/\\\/www.webdo.tn\\\/fr\\\/actualite\\\/national-45\\\/troika-democratique-les-leaders-sont-ils-capables-de-se-transcender\\\/172309\\\/#primaryimage\"},\"image\":{\"@id\":\"https:\\\/\\\/www.webdo.tn\\\/fr\\\/actualite\\\/national-45\\\/troika-democratique-les-leaders-sont-ils-capables-de-se-transcender\\\/172309\\\/#primaryimage\"},\"thumbnailUrl\":\"https:\\\/\\\/www.webdo.tn\\\/fr\\\/wp-content\\\/uploads\\\/2012\\\/01\\\/Les-dirigeants-du-PDP-du-PR-et-de-Afek-Tounes-photo-AFP.jpg\",\"datePublished\":\"2012-01-12T10:30:00+00:00\",\"description\":\"Tro\u00efka d\u00e9mocratique: les \u00ableaders\u00bb sont-ils capables de se transcender ?\",\"breadcrumb\":{\"@id\":\"https:\\\/\\\/www.webdo.tn\\\/fr\\\/actualite\\\/national-45\\\/troika-democratique-les-leaders-sont-ils-capables-de-se-transcender\\\/172309\\\/#breadcrumb\"},\"inLanguage\":\"fr-FR\",\"potentialAction\":[{\"@type\":\"ReadAction\",\"target\":[\"https:\\\/\\\/www.webdo.tn\\\/fr\\\/actualite\\\/national-45\\\/troika-democratique-les-leaders-sont-ils-capables-de-se-transcender\\\/172309\\\/\"]}]},{\"@type\":\"ImageObject\",\"inLanguage\":\"fr-FR\",\"@id\":\"https:\\\/\\\/www.webdo.tn\\\/fr\\\/actualite\\\/national-45\\\/troika-democratique-les-leaders-sont-ils-capables-de-se-transcender\\\/172309\\\/#primaryimage\",\"url\":\"https:\\\/\\\/www.webdo.tn\\\/fr\\\/wp-content\\\/uploads\\\/2012\\\/01\\\/Les-dirigeants-du-PDP-du-PR-et-de-Afek-Tounes-photo-AFP.jpg\",\"contentUrl\":\"https:\\\/\\\/www.webdo.tn\\\/fr\\\/wp-content\\\/uploads\\\/2012\\\/01\\\/Les-dirigeants-du-PDP-du-PR-et-de-Afek-Tounes-photo-AFP.jpg\",\"width\":323,\"height\":215,\"caption\":\"Tro\u00efka d\u00e9mocratique: les \u00ableaders\u00bb sont-ils capables de se transcender ?\"},{\"@type\":\"BreadcrumbList\",\"@id\":\"https:\\\/\\\/www.webdo.tn\\\/fr\\\/actualite\\\/national-45\\\/troika-democratique-les-leaders-sont-ils-capables-de-se-transcender\\\/172309\\\/#breadcrumb\",\"itemListElement\":[{\"@type\":\"ListItem\",\"position\":1,\"name\":\"Accueil\",\"item\":\"https:\\\/\\\/www.webdo.tn\\\/fr\\\/\"},{\"@type\":\"ListItem\",\"position\":2,\"name\":\"Tro\u00efka d\u00e9mocratique: les \u00ableaders\u00bb sont-ils capables de se transcender ?\"}]},{\"@type\":\"WebSite\",\"@id\":\"https:\\\/\\\/www.webdo.tn\\\/fr\\\/#website\",\"url\":\"https:\\\/\\\/www.webdo.tn\\\/fr\\\/\",\"name\":\"webdo\",\"description\":\"Tunisie - News en Tunisie et \u00e0 l&#039;international sur Webdo.tn\",\"publisher\":{\"@id\":\"https:\\\/\\\/www.webdo.tn\\\/fr\\\/#organization\"},\"potentialAction\":[{\"@type\":\"SearchAction\",\"target\":{\"@type\":\"EntryPoint\",\"urlTemplate\":\"https:\\\/\\\/www.webdo.tn\\\/fr\\\/?s={search_term_string}\"},\"query-input\":{\"@type\":\"PropertyValueSpecification\",\"valueRequired\":true,\"valueName\":\"search_term_string\"}}],\"inLanguage\":\"fr-FR\"},{\"@type\":\"Organization\",\"@id\":\"https:\\\/\\\/www.webdo.tn\\\/fr\\\/#organization\",\"name\":\"Webdo\",\"alternateName\":\"Webdo.tn\",\"url\":\"https:\\\/\\\/www.webdo.tn\\\/fr\\\/\",\"logo\":{\"@type\":\"ImageObject\",\"inLanguage\":\"fr-FR\",\"@id\":\"https:\\\/\\\/www.webdo.tn\\\/fr\\\/#\\\/schema\\\/logo\\\/image\\\/\",\"url\":\"https:\\\/\\\/www.webdo.tn\\\/fr\\\/wp-content\\\/uploads\\\/2025\\\/06\\\/Webdo-Tunisie_168377.jpg\",\"contentUrl\":\"https:\\\/\\\/www.webdo.tn\\\/fr\\\/wp-content\\\/uploads\\\/2025\\\/06\\\/Webdo-Tunisie_168377.jpg\",\"width\":301,\"height\":301,\"caption\":\"Webdo\"},\"image\":{\"@id\":\"https:\\\/\\\/www.webdo.tn\\\/fr\\\/#\\\/schema\\\/logo\\\/image\\\/\"},\"sameAs\":[\"https:\\\/\\\/www.facebook.com\\\/webdotn\",\"https:\\\/\\\/x.com\\\/webdo_tn\"],\"description\":\"Webdo est un m\u00e9dia num\u00e9rique tunisien fond\u00e9 en 2010, sp\u00e9cialis\u00e9 dans l\u2019actualit\u00e9 nationale et internationale, l\u2019\u00e9conomie, la soci\u00e9t\u00e9 et les analyses politiques. Le site s\u2019adresse \u00e0 un large public francophone et couvre l\u2019information tunisienne en temps r\u00e9el.\",\"email\":\"redac@webdo.tn\",\"legalName\":\"YNJ SARL\",\"foundingDate\":\"2010-09-06\",\"numberOfEmployees\":{\"@type\":\"QuantitativeValue\",\"minValue\":\"11\",\"maxValue\":\"50\"}},{\"@type\":\"Person\",\"@id\":\"https:\\\/\\\/www.webdo.tn\\\/fr\\\/#\\\/schema\\\/person\\\/9a9c6118d687c117df8ef3cc36a4d175\",\"name\":\"webdo.tn\",\"image\":{\"@type\":\"ImageObject\",\"inLanguage\":\"fr-FR\",\"@id\":\"https:\\\/\\\/secure.gravatar.com\\\/avatar\\\/7ce1f28c0c3bbac99ff550b85ef8e44a6950c6ee24514fb6a5489e51d06f0298?s=96&d=mm&r=g\",\"url\":\"https:\\\/\\\/secure.gravatar.com\\\/avatar\\\/7ce1f28c0c3bbac99ff550b85ef8e44a6950c6ee24514fb6a5489e51d06f0298?s=96&d=mm&r=g\",\"contentUrl\":\"https:\\\/\\\/secure.gravatar.com\\\/avatar\\\/7ce1f28c0c3bbac99ff550b85ef8e44a6950c6ee24514fb6a5489e51d06f0298?s=96&d=mm&r=g\",\"caption\":\"webdo.tn\"},\"url\":\"https:\\\/\\\/www.webdo.tn\\\/fr\\\/actualite\\\/author\\\/webdotn\\\/\"}]}<\/script>\n<!-- \/ Yoast SEO Premium plugin. -->","yoast_head_json":{"title":"Tro\u00efka d\u00e9mocratique: les \u00ableaders\u00bb sont-ils capables de se transcender ?","description":"Tro\u00efka d\u00e9mocratique: les \u00ableaders\u00bb sont-ils capables de se transcender ?","canonical":"https:\/\/www.webdo.tn\/fr\/actualite\/national-45\/troika-democratique-les-leaders-sont-ils-capables-de-se-transcender\/172309\/","og_locale":"fr_FR","og_type":"article","og_title":"Tro\u00efka d\u00e9mocratique: les \u00ableaders\u00bb sont-ils capables de se transcender ?","og_description":"Tro\u00efka d\u00e9mocratique: les \u00ableaders\u00bb sont-ils capables de se transcender ?","og_url":"https:\/\/www.webdo.tn\/fr\/actualite\/national-45\/troika-democratique-les-leaders-sont-ils-capables-de-se-transcender\/172309\/","og_site_name":"webdo","article_publisher":"https:\/\/www.facebook.com\/webdotn","article_published_time":"2012-01-12T10:30:00+00:00","og_image":[{"width":323,"height":215,"url":"https:\/\/www.webdo.tn\/fr\/wp-content\/uploads\/2012\/01\/Les-dirigeants-du-PDP-du-PR-et-de-Afek-Tounes-photo-AFP.jpg","type":"image\/jpeg"}],"author":"webdo.tn","twitter_card":"summary_large_image","twitter_creator":"@webdo_tn","twitter_site":"@webdo_tn","twitter_misc":{"\u00c9crit par":"webdo.tn","Dur\u00e9e de lecture estim\u00e9e":"2 minutes"},"schema":{"@context":"https:\/\/schema.org","@graph":[{"@type":"NewsArticle","@id":"https:\/\/www.webdo.tn\/fr\/actualite\/national-45\/troika-democratique-les-leaders-sont-ils-capables-de-se-transcender\/172309\/#article","isPartOf":{"@id":"https:\/\/www.webdo.tn\/fr\/actualite\/national-45\/troika-democratique-les-leaders-sont-ils-capables-de-se-transcender\/172309\/"},"author":{"name":"webdo.tn","@id":"https:\/\/www.webdo.tn\/fr\/#\/schema\/person\/9a9c6118d687c117df8ef3cc36a4d175"},"headline":"Tro\u00efka d\u00e9mocratique: les \u00ableaders\u00bb sont-ils capables de se transcender ?","datePublished":"2012-01-12T10:30:00+00:00","mainEntityOfPage":{"@id":"https:\/\/www.webdo.tn\/fr\/actualite\/national-45\/troika-democratique-les-leaders-sont-ils-capables-de-se-transcender\/172309\/"},"wordCount":327,"commentCount":0,"publisher":{"@id":"https:\/\/www.webdo.tn\/fr\/#organization"},"image":{"@id":"https:\/\/www.webdo.tn\/fr\/actualite\/national-45\/troika-democratique-les-leaders-sont-ils-capables-de-se-transcender\/172309\/#primaryimage"},"thumbnailUrl":"https:\/\/www.webdo.tn\/fr\/wp-content\/uploads\/2012\/01\/Les-dirigeants-du-PDP-du-PR-et-de-Afek-Tounes-photo-AFP.jpg","keywords":["guerre"],"articleSection":["National"],"inLanguage":"fr-FR"},{"@type":"WebPage","@id":"https:\/\/www.webdo.tn\/fr\/actualite\/national-45\/troika-democratique-les-leaders-sont-ils-capables-de-se-transcender\/172309\/","url":"https:\/\/www.webdo.tn\/fr\/actualite\/national-45\/troika-democratique-les-leaders-sont-ils-capables-de-se-transcender\/172309\/","name":"Tro\u00efka d\u00e9mocratique: les \u00ableaders\u00bb sont-ils capables de se transcender ?","isPartOf":{"@id":"https:\/\/www.webdo.tn\/fr\/#website"},"primaryImageOfPage":{"@id":"https:\/\/www.webdo.tn\/fr\/actualite\/national-45\/troika-democratique-les-leaders-sont-ils-capables-de-se-transcender\/172309\/#primaryimage"},"image":{"@id":"https:\/\/www.webdo.tn\/fr\/actualite\/national-45\/troika-democratique-les-leaders-sont-ils-capables-de-se-transcender\/172309\/#primaryimage"},"thumbnailUrl":"https:\/\/www.webdo.tn\/fr\/wp-content\/uploads\/2012\/01\/Les-dirigeants-du-PDP-du-PR-et-de-Afek-Tounes-photo-AFP.jpg","datePublished":"2012-01-12T10:30:00+00:00","description":"Tro\u00efka d\u00e9mocratique: les \u00ableaders\u00bb sont-ils capables de se transcender ?","breadcrumb":{"@id":"https:\/\/www.webdo.tn\/fr\/actualite\/national-45\/troika-democratique-les-leaders-sont-ils-capables-de-se-transcender\/172309\/#breadcrumb"},"inLanguage":"fr-FR","potentialAction":[{"@type":"ReadAction","target":["https:\/\/www.webdo.tn\/fr\/actualite\/national-45\/troika-democratique-les-leaders-sont-ils-capables-de-se-transcender\/172309\/"]}]},{"@type":"ImageObject","inLanguage":"fr-FR","@id":"https:\/\/www.webdo.tn\/fr\/actualite\/national-45\/troika-democratique-les-leaders-sont-ils-capables-de-se-transcender\/172309\/#primaryimage","url":"https:\/\/www.webdo.tn\/fr\/wp-content\/uploads\/2012\/01\/Les-dirigeants-du-PDP-du-PR-et-de-Afek-Tounes-photo-AFP.jpg","contentUrl":"https:\/\/www.webdo.tn\/fr\/wp-content\/uploads\/2012\/01\/Les-dirigeants-du-PDP-du-PR-et-de-Afek-Tounes-photo-AFP.jpg","width":323,"height":215,"caption":"Tro\u00efka d\u00e9mocratique: les \u00ableaders\u00bb sont-ils capables de se transcender ?"},{"@type":"BreadcrumbList","@id":"https:\/\/www.webdo.tn\/fr\/actualite\/national-45\/troika-democratique-les-leaders-sont-ils-capables-de-se-transcender\/172309\/#breadcrumb","itemListElement":[{"@type":"ListItem","position":1,"name":"Accueil","item":"https:\/\/www.webdo.tn\/fr\/"},{"@type":"ListItem","position":2,"name":"Tro\u00efka d\u00e9mocratique: les \u00ableaders\u00bb sont-ils capables de se transcender ?"}]},{"@type":"WebSite","@id":"https:\/\/www.webdo.tn\/fr\/#website","url":"https:\/\/www.webdo.tn\/fr\/","name":"webdo","description":"Tunisie - News en Tunisie et \u00e0 l&#039;international sur Webdo.tn","publisher":{"@id":"https:\/\/www.webdo.tn\/fr\/#organization"},"potentialAction":[{"@type":"SearchAction","target":{"@type":"EntryPoint","urlTemplate":"https:\/\/www.webdo.tn\/fr\/?s={search_term_string}"},"query-input":{"@type":"PropertyValueSpecification","valueRequired":true,"valueName":"search_term_string"}}],"inLanguage":"fr-FR"},{"@type":"Organization","@id":"https:\/\/www.webdo.tn\/fr\/#organization","name":"Webdo","alternateName":"Webdo.tn","url":"https:\/\/www.webdo.tn\/fr\/","logo":{"@type":"ImageObject","inLanguage":"fr-FR","@id":"https:\/\/www.webdo.tn\/fr\/#\/schema\/logo\/image\/","url":"https:\/\/www.webdo.tn\/fr\/wp-content\/uploads\/2025\/06\/Webdo-Tunisie_168377.jpg","contentUrl":"https:\/\/www.webdo.tn\/fr\/wp-content\/uploads\/2025\/06\/Webdo-Tunisie_168377.jpg","width":301,"height":301,"caption":"Webdo"},"image":{"@id":"https:\/\/www.webdo.tn\/fr\/#\/schema\/logo\/image\/"},"sameAs":["https:\/\/www.facebook.com\/webdotn","https:\/\/x.com\/webdo_tn"],"description":"Webdo est un m\u00e9dia num\u00e9rique tunisien fond\u00e9 en 2010, sp\u00e9cialis\u00e9 dans l\u2019actualit\u00e9 nationale et internationale, l\u2019\u00e9conomie, la soci\u00e9t\u00e9 et les analyses politiques. Le site s\u2019adresse \u00e0 un large public francophone et couvre l\u2019information tunisienne en temps r\u00e9el.","email":"redac@webdo.tn","legalName":"YNJ SARL","foundingDate":"2010-09-06","numberOfEmployees":{"@type":"QuantitativeValue","minValue":"11","maxValue":"50"}},{"@type":"Person","@id":"https:\/\/www.webdo.tn\/fr\/#\/schema\/person\/9a9c6118d687c117df8ef3cc36a4d175","name":"webdo.tn","image":{"@type":"ImageObject","inLanguage":"fr-FR","@id":"https:\/\/secure.gravatar.com\/avatar\/7ce1f28c0c3bbac99ff550b85ef8e44a6950c6ee24514fb6a5489e51d06f0298?s=96&d=mm&r=g","url":"https:\/\/secure.gravatar.com\/avatar\/7ce1f28c0c3bbac99ff550b85ef8e44a6950c6ee24514fb6a5489e51d06f0298?s=96&d=mm&r=g","contentUrl":"https:\/\/secure.gravatar.com\/avatar\/7ce1f28c0c3bbac99ff550b85ef8e44a6950c6ee24514fb6a5489e51d06f0298?s=96&d=mm&r=g","caption":"webdo.tn"},"url":"https:\/\/www.webdo.tn\/fr\/actualite\/author\/webdotn\/"}]}},"_links":{"self":[{"href":"https:\/\/www.webdo.tn\/fr\/wp-json\/wp\/v2\/posts\/172309","targetHints":{"allow":["GET"]}}],"collection":[{"href":"https:\/\/www.webdo.tn\/fr\/wp-json\/wp\/v2\/posts"}],"about":[{"href":"https:\/\/www.webdo.tn\/fr\/wp-json\/wp\/v2\/types\/post"}],"author":[{"embeddable":true,"href":"https:\/\/www.webdo.tn\/fr\/wp-json\/wp\/v2\/users\/3222"}],"replies":[{"embeddable":true,"href":"https:\/\/www.webdo.tn\/fr\/wp-json\/wp\/v2\/comments?post=172309"}],"version-history":[{"count":0,"href":"https:\/\/www.webdo.tn\/fr\/wp-json\/wp\/v2\/posts\/172309\/revisions"}],"wp:featuredmedia":[{"embeddable":true,"href":"https:\/\/www.webdo.tn\/fr\/wp-json\/wp\/v2\/media\/333840"}],"wp:attachment":[{"href":"https:\/\/www.webdo.tn\/fr\/wp-json\/wp\/v2\/media?parent=172309"}],"wp:term":[{"taxonomy":"category","embeddable":true,"href":"https:\/\/www.webdo.tn\/fr\/wp-json\/wp\/v2\/categories?post=172309"},{"taxonomy":"post_tag","embeddable":true,"href":"https:\/\/www.webdo.tn\/fr\/wp-json\/wp\/v2\/tags?post=172309"}],"curies":[{"name":"wp","href":"https:\/\/api.w.org\/{rel}","templated":true}]}}