{"id":172299,"date":"2012-01-15T12:20:00","date_gmt":"2012-01-15T12:20:00","guid":{"rendered":"https:\/\/www.webdo.tn\/fr\/blog\/festivites-du-14-janvier-le-ministre-des-a-e-qatari-indique-que-lextradition-de-sakher-nest-pas-dactualite\/172299\/"},"modified":"2012-01-15T12:20:00","modified_gmt":"2012-01-15T12:20:00","slug":"festivites-du-14-janvier-le-ministre-des-a-e-qatari-indique-que-lextradition-de-sakher-nest-pas-dactualite","status":"publish","type":"post","link":"https:\/\/www.webdo.tn\/fr\/actualite\/national\/festivites-du-14-janvier-le-ministre-des-a-e-qatari-indique-que-lextradition-de-sakher-nest-pas-dactualite\/172299\/","title":{"rendered":"Festivit\u00e9s du 14 janvier: le ministre des A.E qatari indique que l&rsquo;extradition de Sakher n&rsquo;est pas d&rsquo;actualit\u00e9"},"content":{"rendered":"<p>Faisant partie de la d\u00e9l\u00e9gation officielle qui a accompagn\u00e9 l&rsquo;arriv\u00e9e de l&rsquo;\u00c9mir du Qatar en Tunisie, le ministre des Affaires Etrang\u00e8res, Khaled Ben Mohamed Atteyeh, a \u00e9t\u00e9 questionn\u00e9 par Mosaique FM sur la possibilit\u00e9 d&rsquo;extradition de Sakher El Materi et de tout autre membre du clan Ben Ali &#8211; Trabelsi r\u00e9fugi\u00e9 au Qatar. Et comme attendu, le ministre qatari a balay\u00e9 d&rsquo;un revers de main cette hypoth\u00e8se en d\u00e9clarant que \u00ab\u00a0l&rsquo;extradition des personnalit\u00e9s n&rsquo;est pas d&rsquo;actualit\u00e9\u00a0\u00bb. Mais il a fi\u00e8rement annonc\u00e9 \u00ab la cr\u00e9ation d&rsquo;une caisse sociale destin\u00e9e aux familles des martyrs et dont le budget n\u2019a pas encore \u00e9t\u00e9 fix\u00e9 avec l\u2019\u00c9tat tunisien \u00bb.<\/p>\n<p>Cette hypocrisie dans ses relations avec notre pays est l&rsquo;une des raisons pour lesquelles le Qatar a \u00e9t\u00e9 la cible de plusieurs manifestations depuis le 13 janvier, au soir. Hier, \u00e0 l&rsquo;Avenue Habib Bourguiba, plusieurs slogans ont \u00e9t\u00e9 scand\u00e9s contre le Qatar et son \u00c9mir, dont l&rsquo;aide n&rsquo;est pas la bienvenue,  comme, d&rsquo;ailleurs, toute aide d&rsquo;autres pays \u00e9trangers qui se permettraient de s&rsquo;ing\u00e9rer sans les affaires de la Tunisie..<\/p>\n<p>Le gendre de Ben Ali continue de vivre paisiblement \u00e0 Doha. D&rsquo;ailleurs, il a \u00e9t\u00e9 interview\u00e9 tr\u00e8s bri\u00e8vement par un journaliste du Figaro dans un h\u00f4tel qatari. La rencontre \u00e9tait tr\u00e8s br\u00e8ve vu l&rsquo;engagement que Sakher a pass\u00e9, au moment de l&rsquo;obtention de son statut de r\u00e9sident permanent, \u00e0 ne pas parler \u00e0 la presse . Rappelons que c&rsquo;est un statut qu&rsquo;il a obtenu alors qu&rsquo;un mandat d&rsquo;arr\u00eat international \u00e9tait lanc\u00e9 contre lui. Au cours de cette rencontre donc, Sakher a \u00e9voqu\u00e9 l&rsquo;avenir de la Tunisie en esp\u00e9rant que \u00a0\u00bb la transition se passera bien\u00a0\u00bb. Au sujet d&rsquo;Ennahdha, il d\u00e9clare qu&rsquo;il a \u00a0\u00bb cherch\u00e9 \u00e0 convaincre ma belle famille qu\u2019il fallait accorder un espace aux islamistes\u00a0\u00bb.<\/p>\n<p>Les derni\u00e8res images du couple Materi &#8211; Ben Ali remontent au r\u00e9veillon 2012, o\u00f9 Sakher et Nesrine f\u00eataient la nouvelle ann\u00e9e dans un h\u00f4tel tr\u00e8s branch\u00e9 de Doha. Ceci ne fait que nous persuader de plus en plus que l&rsquo;extradition des voleurs de la Tunisie et, plus important, la r\u00e9cup\u00e9ration de l&rsquo;argent du peuple, risque de rester un pur fantasme pour tous les Tunisiens. Comment ne serait-ce le cas lorsque l&rsquo;on voit que ces extraditions n&rsquo;ont jamais \u00e9t\u00e9 une priorit\u00e9 pour le gouvernement d&rsquo;Essebsi, et encore moins pour le gouvernement de Jebali. Lequel, pour nous faire passer la pilule, nous arrose de dons et aides qui n&rsquo;arrivent pas au dixi\u00e8me du pactole vol\u00e9, prot\u00e9g\u00e9 dans les banques des h\u00f4tes de nos fuyards et leurs acolytes.<\/p>\n","protected":false},"excerpt":{"rendered":"<p>Festivit\u00e9s du 14 janvier: le ministre des A.E qatari indique que l&rsquo;extradition de Sakher n&rsquo;est pas d&rsquo;actualit\u00e9<\/p>\n","protected":false},"author":3222,"featured_media":374550,"comment_status":"open","ping_status":"closed","sticky":false,"template":"","format":"standard","meta":{"footnotes":""},"categories":[44],"tags":[2600],"class_list":["post-172299","post","type-post","status-publish","format-standard","has-post-thumbnail","hentry","category-national","tag-guerre"],"yoast_head":"<!-- This site is optimized with the Yoast SEO Premium plugin v27.5 (Yoast SEO v27.5) - https:\/\/yoast.com\/product\/yoast-seo-premium-wordpress\/ -->\n<title>Festivit\u00e9s du 14 janvier: le ministre des A.E qatari indique que l&#039;extradition de Sakher n&#039;est pas d&#039;actualit\u00e9<\/title>\n<meta name=\"description\" content=\"Festivit\u00e9s du 14 janvier: le ministre des A.E qatari indique que l&#039;extradition de Sakher n&#039;est pas d&#039;actualit\u00e9\" \/>\n<link rel=\"canonical\" href=\"https:\/\/www.webdo.tn\/fr\/actualite\/national-45\/festivites-du-14-janvier-le-ministre-des-a-e-qatari-indique-que-lextradition-de-sakher-nest-pas-dactualite\/172299\/\" \/>\n<meta property=\"og:locale\" content=\"fr_FR\" \/>\n<meta property=\"og:type\" content=\"article\" \/>\n<meta property=\"og:title\" content=\"Festivit\u00e9s du 14 janvier: le ministre des A.E qatari indique que l&#039;extradition de Sakher n&#039;est pas d&#039;actualit\u00e9\" \/>\n<meta property=\"og:description\" content=\"Festivit\u00e9s du 14 janvier: le ministre des A.E qatari indique que l&#039;extradition de Sakher n&#039;est pas d&#039;actualit\u00e9\" \/>\n<meta property=\"og:url\" content=\"https:\/\/www.webdo.tn\/fr\/actualite\/national-45\/festivites-du-14-janvier-le-ministre-des-a-e-qatari-indique-que-lextradition-de-sakher-nest-pas-dactualite\/172299\/\" \/>\n<meta property=\"og:site_name\" content=\"webdo\" \/>\n<meta property=\"article:publisher\" content=\"https:\/\/www.facebook.com\/webdotn\" \/>\n<meta property=\"article:published_time\" content=\"2012-01-15T12:20:00+00:00\" \/>\n<meta name=\"author\" content=\"webdo.tn\" \/>\n<meta name=\"twitter:card\" content=\"summary_large_image\" \/>\n<meta name=\"twitter:creator\" content=\"@webdo_tn\" \/>\n<meta name=\"twitter:site\" content=\"@webdo_tn\" \/>\n<meta name=\"twitter:label1\" content=\"\u00c9crit par\" \/>\n\t<meta name=\"twitter:data1\" content=\"webdo.tn\" \/>\n\t<meta name=\"twitter:label2\" content=\"Dur\u00e9e de lecture estim\u00e9e\" \/>\n\t<meta name=\"twitter:data2\" content=\"2 minutes\" \/>\n<script type=\"application\/ld+json\" class=\"yoast-schema-graph\">{\"@context\":\"https:\\\/\\\/schema.org\",\"@graph\":[{\"@type\":\"NewsArticle\",\"@id\":\"https:\\\/\\\/www.webdo.tn\\\/fr\\\/actualite\\\/national-45\\\/festivites-du-14-janvier-le-ministre-des-a-e-qatari-indique-que-lextradition-de-sakher-nest-pas-dactualite\\\/172299\\\/#article\",\"isPartOf\":{\"@id\":\"https:\\\/\\\/www.webdo.tn\\\/fr\\\/actualite\\\/national-45\\\/festivites-du-14-janvier-le-ministre-des-a-e-qatari-indique-que-lextradition-de-sakher-nest-pas-dactualite\\\/172299\\\/\"},\"author\":{\"name\":\"webdo.tn\",\"@id\":\"https:\\\/\\\/www.webdo.tn\\\/fr\\\/#\\\/schema\\\/person\\\/9a9c6118d687c117df8ef3cc36a4d175\"},\"headline\":\"Festivit\u00e9s du 14 janvier: le ministre des A.E qatari indique que l&rsquo;extradition de Sakher n&rsquo;est pas d&rsquo;actualit\u00e9\",\"datePublished\":\"2012-01-15T12:20:00+00:00\",\"mainEntityOfPage\":{\"@id\":\"https:\\\/\\\/www.webdo.tn\\\/fr\\\/actualite\\\/national-45\\\/festivites-du-14-janvier-le-ministre-des-a-e-qatari-indique-que-lextradition-de-sakher-nest-pas-dactualite\\\/172299\\\/\"},\"wordCount\":491,\"commentCount\":0,\"publisher\":{\"@id\":\"https:\\\/\\\/www.webdo.tn\\\/fr\\\/#organization\"},\"image\":{\"@id\":\"https:\\\/\\\/www.webdo.tn\\\/fr\\\/actualite\\\/national-45\\\/festivites-du-14-janvier-le-ministre-des-a-e-qatari-indique-que-lextradition-de-sakher-nest-pas-dactualite\\\/172299\\\/#primaryimage\"},\"thumbnailUrl\":\"https:\\\/\\\/www.webdo.tn\\\/fr\\\/wp-content\\\/uploads\\\/2025\\\/06\\\/Photo-recente-de-Sakher-El-Materi-soiree-reveillon-2012-La-Cigale-hotel-Doha-photo-FB-Ali-Gargouri_172299.jpg\",\"keywords\":[\"guerre\"],\"articleSection\":[\"National\"],\"inLanguage\":\"fr-FR\"},{\"@type\":\"WebPage\",\"@id\":\"https:\\\/\\\/www.webdo.tn\\\/fr\\\/actualite\\\/national-45\\\/festivites-du-14-janvier-le-ministre-des-a-e-qatari-indique-que-lextradition-de-sakher-nest-pas-dactualite\\\/172299\\\/\",\"url\":\"https:\\\/\\\/www.webdo.tn\\\/fr\\\/actualite\\\/national-45\\\/festivites-du-14-janvier-le-ministre-des-a-e-qatari-indique-que-lextradition-de-sakher-nest-pas-dactualite\\\/172299\\\/\",\"name\":\"Festivit\u00e9s du 14 janvier: le ministre des A.E qatari indique que l'extradition de Sakher n'est pas d'actualit\u00e9\",\"isPartOf\":{\"@id\":\"https:\\\/\\\/www.webdo.tn\\\/fr\\\/#website\"},\"primaryImageOfPage\":{\"@id\":\"https:\\\/\\\/www.webdo.tn\\\/fr\\\/actualite\\\/national-45\\\/festivites-du-14-janvier-le-ministre-des-a-e-qatari-indique-que-lextradition-de-sakher-nest-pas-dactualite\\\/172299\\\/#primaryimage\"},\"image\":{\"@id\":\"https:\\\/\\\/www.webdo.tn\\\/fr\\\/actualite\\\/national-45\\\/festivites-du-14-janvier-le-ministre-des-a-e-qatari-indique-que-lextradition-de-sakher-nest-pas-dactualite\\\/172299\\\/#primaryimage\"},\"thumbnailUrl\":\"https:\\\/\\\/www.webdo.tn\\\/fr\\\/wp-content\\\/uploads\\\/2025\\\/06\\\/Photo-recente-de-Sakher-El-Materi-soiree-reveillon-2012-La-Cigale-hotel-Doha-photo-FB-Ali-Gargouri_172299.jpg\",\"datePublished\":\"2012-01-15T12:20:00+00:00\",\"description\":\"Festivit\u00e9s du 14 janvier: le ministre des A.E qatari indique que l'extradition de Sakher n'est pas d'actualit\u00e9\",\"breadcrumb\":{\"@id\":\"https:\\\/\\\/www.webdo.tn\\\/fr\\\/actualite\\\/national-45\\\/festivites-du-14-janvier-le-ministre-des-a-e-qatari-indique-que-lextradition-de-sakher-nest-pas-dactualite\\\/172299\\\/#breadcrumb\"},\"inLanguage\":\"fr-FR\",\"potentialAction\":[{\"@type\":\"ReadAction\",\"target\":[\"https:\\\/\\\/www.webdo.tn\\\/fr\\\/actualite\\\/national-45\\\/festivites-du-14-janvier-le-ministre-des-a-e-qatari-indique-que-lextradition-de-sakher-nest-pas-dactualite\\\/172299\\\/\"]}]},{\"@type\":\"ImageObject\",\"inLanguage\":\"fr-FR\",\"@id\":\"https:\\\/\\\/www.webdo.tn\\\/fr\\\/actualite\\\/national-45\\\/festivites-du-14-janvier-le-ministre-des-a-e-qatari-indique-que-lextradition-de-sakher-nest-pas-dactualite\\\/172299\\\/#primaryimage\",\"url\":\"https:\\\/\\\/www.webdo.tn\\\/fr\\\/wp-content\\\/uploads\\\/2025\\\/06\\\/Photo-recente-de-Sakher-El-Materi-soiree-reveillon-2012-La-Cigale-hotel-Doha-photo-FB-Ali-Gargouri_172299.jpg\",\"contentUrl\":\"https:\\\/\\\/www.webdo.tn\\\/fr\\\/wp-content\\\/uploads\\\/2025\\\/06\\\/Photo-recente-de-Sakher-El-Materi-soiree-reveillon-2012-La-Cigale-hotel-Doha-photo-FB-Ali-Gargouri_172299.jpg\",\"width\":206,\"height\":352,\"caption\":\"Festivit\u00e9s du 14 janvier: le ministre des A.E qatari indique que l'extradition de Sakher n'est pas d'actualit\u00e9\"},{\"@type\":\"BreadcrumbList\",\"@id\":\"https:\\\/\\\/www.webdo.tn\\\/fr\\\/actualite\\\/national-45\\\/festivites-du-14-janvier-le-ministre-des-a-e-qatari-indique-que-lextradition-de-sakher-nest-pas-dactualite\\\/172299\\\/#breadcrumb\",\"itemListElement\":[{\"@type\":\"ListItem\",\"position\":1,\"name\":\"Accueil\",\"item\":\"https:\\\/\\\/www.webdo.tn\\\/fr\\\/\"},{\"@type\":\"ListItem\",\"position\":2,\"name\":\"Festivit\u00e9s du 14 janvier: le ministre des A.E qatari indique que l&rsquo;extradition de Sakher n&rsquo;est pas d&rsquo;actualit\u00e9\"}]},{\"@type\":\"WebSite\",\"@id\":\"https:\\\/\\\/www.webdo.tn\\\/fr\\\/#website\",\"url\":\"https:\\\/\\\/www.webdo.tn\\\/fr\\\/\",\"name\":\"webdo\",\"description\":\"Tunisie - News en Tunisie et \u00e0 l&#039;international sur Webdo.tn\",\"publisher\":{\"@id\":\"https:\\\/\\\/www.webdo.tn\\\/fr\\\/#organization\"},\"potentialAction\":[{\"@type\":\"SearchAction\",\"target\":{\"@type\":\"EntryPoint\",\"urlTemplate\":\"https:\\\/\\\/www.webdo.tn\\\/fr\\\/?s={search_term_string}\"},\"query-input\":{\"@type\":\"PropertyValueSpecification\",\"valueRequired\":true,\"valueName\":\"search_term_string\"}}],\"inLanguage\":\"fr-FR\"},{\"@type\":\"Organization\",\"@id\":\"https:\\\/\\\/www.webdo.tn\\\/fr\\\/#organization\",\"name\":\"Webdo\",\"alternateName\":\"Webdo.tn\",\"url\":\"https:\\\/\\\/www.webdo.tn\\\/fr\\\/\",\"logo\":{\"@type\":\"ImageObject\",\"inLanguage\":\"fr-FR\",\"@id\":\"https:\\\/\\\/www.webdo.tn\\\/fr\\\/#\\\/schema\\\/logo\\\/image\\\/\",\"url\":\"https:\\\/\\\/www.webdo.tn\\\/fr\\\/wp-content\\\/uploads\\\/2025\\\/06\\\/Webdo-Tunisie_168377.jpg\",\"contentUrl\":\"https:\\\/\\\/www.webdo.tn\\\/fr\\\/wp-content\\\/uploads\\\/2025\\\/06\\\/Webdo-Tunisie_168377.jpg\",\"width\":301,\"height\":301,\"caption\":\"Webdo\"},\"image\":{\"@id\":\"https:\\\/\\\/www.webdo.tn\\\/fr\\\/#\\\/schema\\\/logo\\\/image\\\/\"},\"sameAs\":[\"https:\\\/\\\/www.facebook.com\\\/webdotn\",\"https:\\\/\\\/x.com\\\/webdo_tn\"],\"description\":\"Webdo est un m\u00e9dia num\u00e9rique tunisien fond\u00e9 en 2010, sp\u00e9cialis\u00e9 dans l\u2019actualit\u00e9 nationale et internationale, l\u2019\u00e9conomie, la soci\u00e9t\u00e9 et les analyses politiques. Le site s\u2019adresse \u00e0 un large public francophone et couvre l\u2019information tunisienne en temps r\u00e9el.\",\"email\":\"redac@webdo.tn\",\"legalName\":\"YNJ SARL\",\"foundingDate\":\"2010-09-06\",\"numberOfEmployees\":{\"@type\":\"QuantitativeValue\",\"minValue\":\"11\",\"maxValue\":\"50\"}},{\"@type\":\"Person\",\"@id\":\"https:\\\/\\\/www.webdo.tn\\\/fr\\\/#\\\/schema\\\/person\\\/9a9c6118d687c117df8ef3cc36a4d175\",\"name\":\"webdo.tn\",\"image\":{\"@type\":\"ImageObject\",\"inLanguage\":\"fr-FR\",\"@id\":\"https:\\\/\\\/secure.gravatar.com\\\/avatar\\\/7ce1f28c0c3bbac99ff550b85ef8e44a6950c6ee24514fb6a5489e51d06f0298?s=96&d=mm&r=g\",\"url\":\"https:\\\/\\\/secure.gravatar.com\\\/avatar\\\/7ce1f28c0c3bbac99ff550b85ef8e44a6950c6ee24514fb6a5489e51d06f0298?s=96&d=mm&r=g\",\"contentUrl\":\"https:\\\/\\\/secure.gravatar.com\\\/avatar\\\/7ce1f28c0c3bbac99ff550b85ef8e44a6950c6ee24514fb6a5489e51d06f0298?s=96&d=mm&r=g\",\"caption\":\"webdo.tn\"},\"url\":\"https:\\\/\\\/www.webdo.tn\\\/fr\\\/actualite\\\/author\\\/webdotn\\\/\"}]}<\/script>\n<!-- \/ Yoast SEO Premium plugin. -->","yoast_head_json":{"title":"Festivit\u00e9s du 14 janvier: le ministre des A.E qatari indique que l'extradition de Sakher n'est pas d'actualit\u00e9","description":"Festivit\u00e9s du 14 janvier: le ministre des A.E qatari indique que l'extradition de Sakher n'est pas d'actualit\u00e9","canonical":"https:\/\/www.webdo.tn\/fr\/actualite\/national-45\/festivites-du-14-janvier-le-ministre-des-a-e-qatari-indique-que-lextradition-de-sakher-nest-pas-dactualite\/172299\/","og_locale":"fr_FR","og_type":"article","og_title":"Festivit\u00e9s du 14 janvier: le ministre des A.E qatari indique que l'extradition de Sakher n'est pas d'actualit\u00e9","og_description":"Festivit\u00e9s du 14 janvier: le ministre des A.E qatari indique que l'extradition de Sakher n'est pas d'actualit\u00e9","og_url":"https:\/\/www.webdo.tn\/fr\/actualite\/national-45\/festivites-du-14-janvier-le-ministre-des-a-e-qatari-indique-que-lextradition-de-sakher-nest-pas-dactualite\/172299\/","og_site_name":"webdo","article_publisher":"https:\/\/www.facebook.com\/webdotn","article_published_time":"2012-01-15T12:20:00+00:00","author":"webdo.tn","twitter_card":"summary_large_image","twitter_creator":"@webdo_tn","twitter_site":"@webdo_tn","twitter_misc":{"\u00c9crit par":"webdo.tn","Dur\u00e9e de lecture estim\u00e9e":"2 minutes"},"schema":{"@context":"https:\/\/schema.org","@graph":[{"@type":"NewsArticle","@id":"https:\/\/www.webdo.tn\/fr\/actualite\/national-45\/festivites-du-14-janvier-le-ministre-des-a-e-qatari-indique-que-lextradition-de-sakher-nest-pas-dactualite\/172299\/#article","isPartOf":{"@id":"https:\/\/www.webdo.tn\/fr\/actualite\/national-45\/festivites-du-14-janvier-le-ministre-des-a-e-qatari-indique-que-lextradition-de-sakher-nest-pas-dactualite\/172299\/"},"author":{"name":"webdo.tn","@id":"https:\/\/www.webdo.tn\/fr\/#\/schema\/person\/9a9c6118d687c117df8ef3cc36a4d175"},"headline":"Festivit\u00e9s du 14 janvier: le ministre des A.E qatari indique que l&rsquo;extradition de Sakher n&rsquo;est pas d&rsquo;actualit\u00e9","datePublished":"2012-01-15T12:20:00+00:00","mainEntityOfPage":{"@id":"https:\/\/www.webdo.tn\/fr\/actualite\/national-45\/festivites-du-14-janvier-le-ministre-des-a-e-qatari-indique-que-lextradition-de-sakher-nest-pas-dactualite\/172299\/"},"wordCount":491,"commentCount":0,"publisher":{"@id":"https:\/\/www.webdo.tn\/fr\/#organization"},"image":{"@id":"https:\/\/www.webdo.tn\/fr\/actualite\/national-45\/festivites-du-14-janvier-le-ministre-des-a-e-qatari-indique-que-lextradition-de-sakher-nest-pas-dactualite\/172299\/#primaryimage"},"thumbnailUrl":"https:\/\/www.webdo.tn\/fr\/wp-content\/uploads\/2025\/06\/Photo-recente-de-Sakher-El-Materi-soiree-reveillon-2012-La-Cigale-hotel-Doha-photo-FB-Ali-Gargouri_172299.jpg","keywords":["guerre"],"articleSection":["National"],"inLanguage":"fr-FR"},{"@type":"WebPage","@id":"https:\/\/www.webdo.tn\/fr\/actualite\/national-45\/festivites-du-14-janvier-le-ministre-des-a-e-qatari-indique-que-lextradition-de-sakher-nest-pas-dactualite\/172299\/","url":"https:\/\/www.webdo.tn\/fr\/actualite\/national-45\/festivites-du-14-janvier-le-ministre-des-a-e-qatari-indique-que-lextradition-de-sakher-nest-pas-dactualite\/172299\/","name":"Festivit\u00e9s du 14 janvier: le ministre des A.E qatari indique que l'extradition de Sakher n'est pas d'actualit\u00e9","isPartOf":{"@id":"https:\/\/www.webdo.tn\/fr\/#website"},"primaryImageOfPage":{"@id":"https:\/\/www.webdo.tn\/fr\/actualite\/national-45\/festivites-du-14-janvier-le-ministre-des-a-e-qatari-indique-que-lextradition-de-sakher-nest-pas-dactualite\/172299\/#primaryimage"},"image":{"@id":"https:\/\/www.webdo.tn\/fr\/actualite\/national-45\/festivites-du-14-janvier-le-ministre-des-a-e-qatari-indique-que-lextradition-de-sakher-nest-pas-dactualite\/172299\/#primaryimage"},"thumbnailUrl":"https:\/\/www.webdo.tn\/fr\/wp-content\/uploads\/2025\/06\/Photo-recente-de-Sakher-El-Materi-soiree-reveillon-2012-La-Cigale-hotel-Doha-photo-FB-Ali-Gargouri_172299.jpg","datePublished":"2012-01-15T12:20:00+00:00","description":"Festivit\u00e9s du 14 janvier: le ministre des A.E qatari indique que l'extradition de Sakher n'est pas d'actualit\u00e9","breadcrumb":{"@id":"https:\/\/www.webdo.tn\/fr\/actualite\/national-45\/festivites-du-14-janvier-le-ministre-des-a-e-qatari-indique-que-lextradition-de-sakher-nest-pas-dactualite\/172299\/#breadcrumb"},"inLanguage":"fr-FR","potentialAction":[{"@type":"ReadAction","target":["https:\/\/www.webdo.tn\/fr\/actualite\/national-45\/festivites-du-14-janvier-le-ministre-des-a-e-qatari-indique-que-lextradition-de-sakher-nest-pas-dactualite\/172299\/"]}]},{"@type":"ImageObject","inLanguage":"fr-FR","@id":"https:\/\/www.webdo.tn\/fr\/actualite\/national-45\/festivites-du-14-janvier-le-ministre-des-a-e-qatari-indique-que-lextradition-de-sakher-nest-pas-dactualite\/172299\/#primaryimage","url":"https:\/\/www.webdo.tn\/fr\/wp-content\/uploads\/2025\/06\/Photo-recente-de-Sakher-El-Materi-soiree-reveillon-2012-La-Cigale-hotel-Doha-photo-FB-Ali-Gargouri_172299.jpg","contentUrl":"https:\/\/www.webdo.tn\/fr\/wp-content\/uploads\/2025\/06\/Photo-recente-de-Sakher-El-Materi-soiree-reveillon-2012-La-Cigale-hotel-Doha-photo-FB-Ali-Gargouri_172299.jpg","width":206,"height":352,"caption":"Festivit\u00e9s du 14 janvier: le ministre des A.E qatari indique que l'extradition de Sakher n'est pas d'actualit\u00e9"},{"@type":"BreadcrumbList","@id":"https:\/\/www.webdo.tn\/fr\/actualite\/national-45\/festivites-du-14-janvier-le-ministre-des-a-e-qatari-indique-que-lextradition-de-sakher-nest-pas-dactualite\/172299\/#breadcrumb","itemListElement":[{"@type":"ListItem","position":1,"name":"Accueil","item":"https:\/\/www.webdo.tn\/fr\/"},{"@type":"ListItem","position":2,"name":"Festivit\u00e9s du 14 janvier: le ministre des A.E qatari indique que l&rsquo;extradition de Sakher n&rsquo;est pas d&rsquo;actualit\u00e9"}]},{"@type":"WebSite","@id":"https:\/\/www.webdo.tn\/fr\/#website","url":"https:\/\/www.webdo.tn\/fr\/","name":"webdo","description":"Tunisie - News en Tunisie et \u00e0 l&#039;international sur Webdo.tn","publisher":{"@id":"https:\/\/www.webdo.tn\/fr\/#organization"},"potentialAction":[{"@type":"SearchAction","target":{"@type":"EntryPoint","urlTemplate":"https:\/\/www.webdo.tn\/fr\/?s={search_term_string}"},"query-input":{"@type":"PropertyValueSpecification","valueRequired":true,"valueName":"search_term_string"}}],"inLanguage":"fr-FR"},{"@type":"Organization","@id":"https:\/\/www.webdo.tn\/fr\/#organization","name":"Webdo","alternateName":"Webdo.tn","url":"https:\/\/www.webdo.tn\/fr\/","logo":{"@type":"ImageObject","inLanguage":"fr-FR","@id":"https:\/\/www.webdo.tn\/fr\/#\/schema\/logo\/image\/","url":"https:\/\/www.webdo.tn\/fr\/wp-content\/uploads\/2025\/06\/Webdo-Tunisie_168377.jpg","contentUrl":"https:\/\/www.webdo.tn\/fr\/wp-content\/uploads\/2025\/06\/Webdo-Tunisie_168377.jpg","width":301,"height":301,"caption":"Webdo"},"image":{"@id":"https:\/\/www.webdo.tn\/fr\/#\/schema\/logo\/image\/"},"sameAs":["https:\/\/www.facebook.com\/webdotn","https:\/\/x.com\/webdo_tn"],"description":"Webdo est un m\u00e9dia num\u00e9rique tunisien fond\u00e9 en 2010, sp\u00e9cialis\u00e9 dans l\u2019actualit\u00e9 nationale et internationale, l\u2019\u00e9conomie, la soci\u00e9t\u00e9 et les analyses politiques. Le site s\u2019adresse \u00e0 un large public francophone et couvre l\u2019information tunisienne en temps r\u00e9el.","email":"redac@webdo.tn","legalName":"YNJ SARL","foundingDate":"2010-09-06","numberOfEmployees":{"@type":"QuantitativeValue","minValue":"11","maxValue":"50"}},{"@type":"Person","@id":"https:\/\/www.webdo.tn\/fr\/#\/schema\/person\/9a9c6118d687c117df8ef3cc36a4d175","name":"webdo.tn","image":{"@type":"ImageObject","inLanguage":"fr-FR","@id":"https:\/\/secure.gravatar.com\/avatar\/7ce1f28c0c3bbac99ff550b85ef8e44a6950c6ee24514fb6a5489e51d06f0298?s=96&d=mm&r=g","url":"https:\/\/secure.gravatar.com\/avatar\/7ce1f28c0c3bbac99ff550b85ef8e44a6950c6ee24514fb6a5489e51d06f0298?s=96&d=mm&r=g","contentUrl":"https:\/\/secure.gravatar.com\/avatar\/7ce1f28c0c3bbac99ff550b85ef8e44a6950c6ee24514fb6a5489e51d06f0298?s=96&d=mm&r=g","caption":"webdo.tn"},"url":"https:\/\/www.webdo.tn\/fr\/actualite\/author\/webdotn\/"}]}},"_links":{"self":[{"href":"https:\/\/www.webdo.tn\/fr\/wp-json\/wp\/v2\/posts\/172299","targetHints":{"allow":["GET"]}}],"collection":[{"href":"https:\/\/www.webdo.tn\/fr\/wp-json\/wp\/v2\/posts"}],"about":[{"href":"https:\/\/www.webdo.tn\/fr\/wp-json\/wp\/v2\/types\/post"}],"author":[{"embeddable":true,"href":"https:\/\/www.webdo.tn\/fr\/wp-json\/wp\/v2\/users\/3222"}],"replies":[{"embeddable":true,"href":"https:\/\/www.webdo.tn\/fr\/wp-json\/wp\/v2\/comments?post=172299"}],"version-history":[{"count":0,"href":"https:\/\/www.webdo.tn\/fr\/wp-json\/wp\/v2\/posts\/172299\/revisions"}],"wp:featuredmedia":[{"embeddable":true,"href":"https:\/\/www.webdo.tn\/fr\/wp-json\/wp\/v2\/media\/374550"}],"wp:attachment":[{"href":"https:\/\/www.webdo.tn\/fr\/wp-json\/wp\/v2\/media?parent=172299"}],"wp:term":[{"taxonomy":"category","embeddable":true,"href":"https:\/\/www.webdo.tn\/fr\/wp-json\/wp\/v2\/categories?post=172299"},{"taxonomy":"post_tag","embeddable":true,"href":"https:\/\/www.webdo.tn\/fr\/wp-json\/wp\/v2\/tags?post=172299"}],"curies":[{"name":"wp","href":"https:\/\/api.w.org\/{rel}","templated":true}]}}