{"id":172298,"date":"2012-01-16T13:17:00","date_gmt":"2012-01-16T13:17:00","guid":{"rendered":"https:\/\/www.webdo.tn\/fr\/blog\/le-parti-pirate-tunisien-objet-de-toutes-les-convoitises\/172298\/"},"modified":"2012-01-16T13:17:00","modified_gmt":"2012-01-16T13:17:00","slug":"le-parti-pirate-tunisien-objet-de-toutes-les-convoitises","status":"publish","type":"post","link":"https:\/\/www.webdo.tn\/fr\/actualite\/national\/le-parti-pirate-tunisien-objet-de-toutes-les-convoitises\/172298\/","title":{"rendered":"Le parti pirate tunisien objet de toutes les convoitises"},"content":{"rendered":"<p>Mouvement international, le parti pirate s\u2019est toujours distingu\u00e9, depuis sa cr\u00e9ation, des autres partis politiques. Existant dans plus de 33 pays, ce mouvement a vu le jour en Su\u00e8de en 2006. Pr\u00f4nant Internet comme cheval de bataille, le parti pirate, dans les diff\u00e9rents pays o\u00f9 il existe officiellement, a toujours \u00e9t\u00e9 consid\u00e9r\u00e9 comme le novice de la politique.<\/p>\n<p>Plus qu\u2019un parti, c\u2019est toute une philosophie. On y retrouve des notions qui commencent \u00e0 peine \u00e0 percer, telles que la transparence totale, la d\u00e9mocratie participative ou encore l\u2019abolition de toute forme de propri\u00e9t\u00e9 intellectuelle. Tout un combat pour mettre le citoyen au c\u0153ur des d\u00e9cisions et Internet comme moyen pour le faire.<\/p>\n<p>En 2009, il cr\u00e9a la surprise en faisant son entr\u00e9e au parlement europ\u00e9en avec plus de 7,1 % des suffrages, soit pr\u00e8s de 214 mille voix. Mais le suffrage le plus surprenant fut s\u00fbrement celui du parti pirate allemand en septembre 2011, qui obtint 8,9 % des votes, offrant ainsi 15 places \u00e0 ses membres au sein de l\u2019assembl\u00e9e allemande, et d\u00e9passant, ainsi, gr\u00e2ce \u00e0 ces chiffres les lib\u00e9raux (FDP), les \u00e9jectant m\u00eame du Parlement.<\/p>\n<p>La notori\u00e9t\u00e9 de ce mouvement commen\u00e7a alors \u00e0 prendre chaque jour un peu plus d\u2019importance et les partis pirates se mirent \u00e0 fleurir ici et l\u00e0. D\u2019autant plus que les principes qu\u2019il d\u00e9fend sont de plus en plus d\u2019actualit\u00e9, avec la cr\u00e9ation des communaut\u00e9s pour les outils open source (en opposition au principe de la propri\u00e9t\u00e9 intellectuelle) ou encore l\u2019importance que prend Internet chaque jour.<\/p>\n<p>La Tunisie n\u2019\u00e9chappa pas \u00e0 cette vague. L\u2019initiative de cr\u00e9er un parti pirate fut lanc\u00e9e par Chemseddine Ben Jemaa, membre du parti pirate international, lors de son retour en Tunisie. Un combat qu\u2019il mena quelques mois avant la chute de Ben Ali et qui fut consid\u00e9r\u00e9 comme une mission suicidaire par beaucoup de personnes. En ce temps-la, Chemseddine fut rejoint par Slim Amamou qui adopta tout de suite l\u2019id\u00e9e. Mais pas uniquement ! Le mouvement tunisien Takriz \u00e9tait aussi sur l\u2019affaire. Ils ont eux aussi essay\u00e9 d\u2019aider \u00e0 faire na\u00eetre le parti. Cependant quelques mois apr\u00e8s, l\u2019affaire tourna finalement au vinaigre. Le combat pour un parti pirate tunisien se divisa en deux et les trois tentatives de l\u00e9galisation du parti, entre autres faites par Chemseddine Ben Jemaa, Slaheddine Kchouk et Takriz \u00e9chou\u00e8rent finalement. La querelle prit d\u2019autres dimensions avec la m\u00e9diatisation du diff\u00e9rend entre les parties concern\u00e9es et l\u2019espoir de voir na\u00eetre un parti pirate tunisien commen\u00e7a \u00e0 s\u2019\u00e9vaporer.<\/p>\n<p>Mais depuis d\u00e9cembre dernier, Slim Amamou a relanc\u00e9 l\u2019affaire en annon\u00e7ant la reprise du travail du c\u00f4t\u00e9 du parti pirate lors du lancement du premier hackerspace tunisien. Il a travaill\u00e9 avec un groupe de jeunes Tunisiens sur les textes et a co\u00e9crit le statut du parti. L&rsquo;objectif \u00e9tait de pr\u00e9senter le concept du parti aux pr\u00e9sents en insistant sur l\u2019ind\u00e9pendance du parti des pirates informatiques. Car, \u00e0 ce jour, beaucoup ont toujours peur du mot \u00ab pirate \u00bb et vont directement penser aux piratage et d\u00e9g\u00e2ts informatiques. Le parti concentrera tous ses efforts \u00e0 rendre Internet accessible \u00e0 tous les Tunisiens et \u00e0 cr\u00e9er ainsi 10 millions de d\u00e9put\u00e9s au lieu d\u2019une poign\u00e9e. 10 millions de Tunisiens qui pourront participer \u00e0 la prise de d\u00e9cision \u00e0 l\u2019aide du vote \u00e9lectronique. Contre toutes formes de censure, le parti pr\u00f4nera la transparence totale. Une vision s\u00e9duisante d\u2019un nouveau paysage politique en attendant que le quatri\u00e8me d\u00e9p\u00f4t pour la l\u00e9galisation du parti aboutisse enfin.<\/p>\n","protected":false},"excerpt":{"rendered":"<p>Le parti pirate tunisien objet de toutes les convoitises<\/p>\n","protected":false},"author":3222,"featured_media":333827,"comment_status":"open","ping_status":"closed","sticky":false,"template":"","format":"standard","meta":{"footnotes":""},"categories":[44],"tags":[2600],"class_list":["post-172298","post","type-post","status-publish","format-standard","has-post-thumbnail","hentry","category-national","tag-guerre"],"yoast_head":"<!-- This site is optimized with the Yoast SEO Premium plugin v27.5 (Yoast SEO v27.5) - https:\/\/yoast.com\/product\/yoast-seo-premium-wordpress\/ -->\n<title>Le parti pirate tunisien objet de toutes les convoitises<\/title>\n<meta name=\"description\" content=\"Le parti pirate tunisien objet de toutes les convoitises\" \/>\n<link rel=\"canonical\" href=\"https:\/\/www.webdo.tn\/fr\/actualite\/national-45\/le-parti-pirate-tunisien-objet-de-toutes-les-convoitises\/172298\/\" \/>\n<meta property=\"og:locale\" content=\"fr_FR\" \/>\n<meta property=\"og:type\" content=\"article\" \/>\n<meta property=\"og:title\" content=\"Le parti pirate tunisien objet de toutes les convoitises\" \/>\n<meta property=\"og:description\" content=\"Le parti pirate tunisien objet de toutes les convoitises\" \/>\n<meta property=\"og:url\" content=\"https:\/\/www.webdo.tn\/fr\/actualite\/national-45\/le-parti-pirate-tunisien-objet-de-toutes-les-convoitises\/172298\/\" \/>\n<meta property=\"og:site_name\" content=\"webdo\" \/>\n<meta property=\"article:publisher\" content=\"https:\/\/www.facebook.com\/webdotn\" \/>\n<meta property=\"article:published_time\" content=\"2012-01-16T13:17:00+00:00\" \/>\n<meta property=\"og:image\" content=\"https:\/\/www.webdo.tn\/fr\/wp-content\/uploads\/2012\/01\/Parti-Pirate-Tunisien-logo.jpg\" \/>\n\t<meta property=\"og:image:width\" content=\"300\" \/>\n\t<meta property=\"og:image:height\" content=\"200\" \/>\n\t<meta property=\"og:image:type\" content=\"image\/jpeg\" \/>\n<meta name=\"author\" content=\"webdo.tn\" \/>\n<meta name=\"twitter:card\" content=\"summary_large_image\" \/>\n<meta name=\"twitter:creator\" content=\"@webdo_tn\" \/>\n<meta name=\"twitter:site\" content=\"@webdo_tn\" \/>\n<meta name=\"twitter:label1\" content=\"\u00c9crit par\" \/>\n\t<meta name=\"twitter:data1\" content=\"webdo.tn\" \/>\n\t<meta name=\"twitter:label2\" content=\"Dur\u00e9e de lecture estim\u00e9e\" \/>\n\t<meta name=\"twitter:data2\" content=\"3 minutes\" \/>\n<script type=\"application\/ld+json\" class=\"yoast-schema-graph\">{\"@context\":\"https:\\\/\\\/schema.org\",\"@graph\":[{\"@type\":\"NewsArticle\",\"@id\":\"https:\\\/\\\/www.webdo.tn\\\/fr\\\/actualite\\\/national-45\\\/le-parti-pirate-tunisien-objet-de-toutes-les-convoitises\\\/172298\\\/#article\",\"isPartOf\":{\"@id\":\"https:\\\/\\\/www.webdo.tn\\\/fr\\\/actualite\\\/national-45\\\/le-parti-pirate-tunisien-objet-de-toutes-les-convoitises\\\/172298\\\/\"},\"author\":{\"name\":\"webdo.tn\",\"@id\":\"https:\\\/\\\/www.webdo.tn\\\/fr\\\/#\\\/schema\\\/person\\\/9a9c6118d687c117df8ef3cc36a4d175\"},\"headline\":\"Le parti pirate tunisien objet de toutes les convoitises\",\"datePublished\":\"2012-01-16T13:17:00+00:00\",\"mainEntityOfPage\":{\"@id\":\"https:\\\/\\\/www.webdo.tn\\\/fr\\\/actualite\\\/national-45\\\/le-parti-pirate-tunisien-objet-de-toutes-les-convoitises\\\/172298\\\/\"},\"wordCount\":634,\"commentCount\":0,\"publisher\":{\"@id\":\"https:\\\/\\\/www.webdo.tn\\\/fr\\\/#organization\"},\"image\":{\"@id\":\"https:\\\/\\\/www.webdo.tn\\\/fr\\\/actualite\\\/national-45\\\/le-parti-pirate-tunisien-objet-de-toutes-les-convoitises\\\/172298\\\/#primaryimage\"},\"thumbnailUrl\":\"https:\\\/\\\/www.webdo.tn\\\/fr\\\/wp-content\\\/uploads\\\/2012\\\/01\\\/Parti-Pirate-Tunisien-logo.jpg\",\"keywords\":[\"guerre\"],\"articleSection\":[\"National\"],\"inLanguage\":\"fr-FR\"},{\"@type\":\"WebPage\",\"@id\":\"https:\\\/\\\/www.webdo.tn\\\/fr\\\/actualite\\\/national-45\\\/le-parti-pirate-tunisien-objet-de-toutes-les-convoitises\\\/172298\\\/\",\"url\":\"https:\\\/\\\/www.webdo.tn\\\/fr\\\/actualite\\\/national-45\\\/le-parti-pirate-tunisien-objet-de-toutes-les-convoitises\\\/172298\\\/\",\"name\":\"Le parti pirate tunisien objet de toutes les convoitises\",\"isPartOf\":{\"@id\":\"https:\\\/\\\/www.webdo.tn\\\/fr\\\/#website\"},\"primaryImageOfPage\":{\"@id\":\"https:\\\/\\\/www.webdo.tn\\\/fr\\\/actualite\\\/national-45\\\/le-parti-pirate-tunisien-objet-de-toutes-les-convoitises\\\/172298\\\/#primaryimage\"},\"image\":{\"@id\":\"https:\\\/\\\/www.webdo.tn\\\/fr\\\/actualite\\\/national-45\\\/le-parti-pirate-tunisien-objet-de-toutes-les-convoitises\\\/172298\\\/#primaryimage\"},\"thumbnailUrl\":\"https:\\\/\\\/www.webdo.tn\\\/fr\\\/wp-content\\\/uploads\\\/2012\\\/01\\\/Parti-Pirate-Tunisien-logo.jpg\",\"datePublished\":\"2012-01-16T13:17:00+00:00\",\"description\":\"Le parti pirate tunisien objet de toutes les convoitises\",\"breadcrumb\":{\"@id\":\"https:\\\/\\\/www.webdo.tn\\\/fr\\\/actualite\\\/national-45\\\/le-parti-pirate-tunisien-objet-de-toutes-les-convoitises\\\/172298\\\/#breadcrumb\"},\"inLanguage\":\"fr-FR\",\"potentialAction\":[{\"@type\":\"ReadAction\",\"target\":[\"https:\\\/\\\/www.webdo.tn\\\/fr\\\/actualite\\\/national-45\\\/le-parti-pirate-tunisien-objet-de-toutes-les-convoitises\\\/172298\\\/\"]}]},{\"@type\":\"ImageObject\",\"inLanguage\":\"fr-FR\",\"@id\":\"https:\\\/\\\/www.webdo.tn\\\/fr\\\/actualite\\\/national-45\\\/le-parti-pirate-tunisien-objet-de-toutes-les-convoitises\\\/172298\\\/#primaryimage\",\"url\":\"https:\\\/\\\/www.webdo.tn\\\/fr\\\/wp-content\\\/uploads\\\/2012\\\/01\\\/Parti-Pirate-Tunisien-logo.jpg\",\"contentUrl\":\"https:\\\/\\\/www.webdo.tn\\\/fr\\\/wp-content\\\/uploads\\\/2012\\\/01\\\/Parti-Pirate-Tunisien-logo.jpg\",\"width\":300,\"height\":200,\"caption\":\"Le parti pirate tunisien objet de toutes les convoitises\"},{\"@type\":\"BreadcrumbList\",\"@id\":\"https:\\\/\\\/www.webdo.tn\\\/fr\\\/actualite\\\/national-45\\\/le-parti-pirate-tunisien-objet-de-toutes-les-convoitises\\\/172298\\\/#breadcrumb\",\"itemListElement\":[{\"@type\":\"ListItem\",\"position\":1,\"name\":\"Accueil\",\"item\":\"https:\\\/\\\/www.webdo.tn\\\/fr\\\/\"},{\"@type\":\"ListItem\",\"position\":2,\"name\":\"Le parti pirate tunisien objet de toutes les convoitises\"}]},{\"@type\":\"WebSite\",\"@id\":\"https:\\\/\\\/www.webdo.tn\\\/fr\\\/#website\",\"url\":\"https:\\\/\\\/www.webdo.tn\\\/fr\\\/\",\"name\":\"webdo\",\"description\":\"Tunisie - News en Tunisie et \u00e0 l&#039;international sur Webdo.tn\",\"publisher\":{\"@id\":\"https:\\\/\\\/www.webdo.tn\\\/fr\\\/#organization\"},\"potentialAction\":[{\"@type\":\"SearchAction\",\"target\":{\"@type\":\"EntryPoint\",\"urlTemplate\":\"https:\\\/\\\/www.webdo.tn\\\/fr\\\/?s={search_term_string}\"},\"query-input\":{\"@type\":\"PropertyValueSpecification\",\"valueRequired\":true,\"valueName\":\"search_term_string\"}}],\"inLanguage\":\"fr-FR\"},{\"@type\":\"Organization\",\"@id\":\"https:\\\/\\\/www.webdo.tn\\\/fr\\\/#organization\",\"name\":\"Webdo\",\"alternateName\":\"Webdo.tn\",\"url\":\"https:\\\/\\\/www.webdo.tn\\\/fr\\\/\",\"logo\":{\"@type\":\"ImageObject\",\"inLanguage\":\"fr-FR\",\"@id\":\"https:\\\/\\\/www.webdo.tn\\\/fr\\\/#\\\/schema\\\/logo\\\/image\\\/\",\"url\":\"https:\\\/\\\/www.webdo.tn\\\/fr\\\/wp-content\\\/uploads\\\/2025\\\/06\\\/Webdo-Tunisie_168377.jpg\",\"contentUrl\":\"https:\\\/\\\/www.webdo.tn\\\/fr\\\/wp-content\\\/uploads\\\/2025\\\/06\\\/Webdo-Tunisie_168377.jpg\",\"width\":301,\"height\":301,\"caption\":\"Webdo\"},\"image\":{\"@id\":\"https:\\\/\\\/www.webdo.tn\\\/fr\\\/#\\\/schema\\\/logo\\\/image\\\/\"},\"sameAs\":[\"https:\\\/\\\/www.facebook.com\\\/webdotn\",\"https:\\\/\\\/x.com\\\/webdo_tn\"],\"description\":\"Webdo est un m\u00e9dia num\u00e9rique tunisien fond\u00e9 en 2010, sp\u00e9cialis\u00e9 dans l\u2019actualit\u00e9 nationale et internationale, l\u2019\u00e9conomie, la soci\u00e9t\u00e9 et les analyses politiques. Le site s\u2019adresse \u00e0 un large public francophone et couvre l\u2019information tunisienne en temps r\u00e9el.\",\"email\":\"redac@webdo.tn\",\"legalName\":\"YNJ SARL\",\"foundingDate\":\"2010-09-06\",\"numberOfEmployees\":{\"@type\":\"QuantitativeValue\",\"minValue\":\"11\",\"maxValue\":\"50\"}},{\"@type\":\"Person\",\"@id\":\"https:\\\/\\\/www.webdo.tn\\\/fr\\\/#\\\/schema\\\/person\\\/9a9c6118d687c117df8ef3cc36a4d175\",\"name\":\"webdo.tn\",\"image\":{\"@type\":\"ImageObject\",\"inLanguage\":\"fr-FR\",\"@id\":\"https:\\\/\\\/secure.gravatar.com\\\/avatar\\\/7ce1f28c0c3bbac99ff550b85ef8e44a6950c6ee24514fb6a5489e51d06f0298?s=96&d=mm&r=g\",\"url\":\"https:\\\/\\\/secure.gravatar.com\\\/avatar\\\/7ce1f28c0c3bbac99ff550b85ef8e44a6950c6ee24514fb6a5489e51d06f0298?s=96&d=mm&r=g\",\"contentUrl\":\"https:\\\/\\\/secure.gravatar.com\\\/avatar\\\/7ce1f28c0c3bbac99ff550b85ef8e44a6950c6ee24514fb6a5489e51d06f0298?s=96&d=mm&r=g\",\"caption\":\"webdo.tn\"},\"url\":\"https:\\\/\\\/www.webdo.tn\\\/fr\\\/actualite\\\/author\\\/webdotn\\\/\"}]}<\/script>\n<!-- \/ Yoast SEO Premium plugin. -->","yoast_head_json":{"title":"Le parti pirate tunisien objet de toutes les convoitises","description":"Le parti pirate tunisien objet de toutes les convoitises","canonical":"https:\/\/www.webdo.tn\/fr\/actualite\/national-45\/le-parti-pirate-tunisien-objet-de-toutes-les-convoitises\/172298\/","og_locale":"fr_FR","og_type":"article","og_title":"Le parti pirate tunisien objet de toutes les convoitises","og_description":"Le parti pirate tunisien objet de toutes les convoitises","og_url":"https:\/\/www.webdo.tn\/fr\/actualite\/national-45\/le-parti-pirate-tunisien-objet-de-toutes-les-convoitises\/172298\/","og_site_name":"webdo","article_publisher":"https:\/\/www.facebook.com\/webdotn","article_published_time":"2012-01-16T13:17:00+00:00","og_image":[{"width":300,"height":200,"url":"https:\/\/www.webdo.tn\/fr\/wp-content\/uploads\/2012\/01\/Parti-Pirate-Tunisien-logo.jpg","type":"image\/jpeg"}],"author":"webdo.tn","twitter_card":"summary_large_image","twitter_creator":"@webdo_tn","twitter_site":"@webdo_tn","twitter_misc":{"\u00c9crit par":"webdo.tn","Dur\u00e9e de lecture estim\u00e9e":"3 minutes"},"schema":{"@context":"https:\/\/schema.org","@graph":[{"@type":"NewsArticle","@id":"https:\/\/www.webdo.tn\/fr\/actualite\/national-45\/le-parti-pirate-tunisien-objet-de-toutes-les-convoitises\/172298\/#article","isPartOf":{"@id":"https:\/\/www.webdo.tn\/fr\/actualite\/national-45\/le-parti-pirate-tunisien-objet-de-toutes-les-convoitises\/172298\/"},"author":{"name":"webdo.tn","@id":"https:\/\/www.webdo.tn\/fr\/#\/schema\/person\/9a9c6118d687c117df8ef3cc36a4d175"},"headline":"Le parti pirate tunisien objet de toutes les convoitises","datePublished":"2012-01-16T13:17:00+00:00","mainEntityOfPage":{"@id":"https:\/\/www.webdo.tn\/fr\/actualite\/national-45\/le-parti-pirate-tunisien-objet-de-toutes-les-convoitises\/172298\/"},"wordCount":634,"commentCount":0,"publisher":{"@id":"https:\/\/www.webdo.tn\/fr\/#organization"},"image":{"@id":"https:\/\/www.webdo.tn\/fr\/actualite\/national-45\/le-parti-pirate-tunisien-objet-de-toutes-les-convoitises\/172298\/#primaryimage"},"thumbnailUrl":"https:\/\/www.webdo.tn\/fr\/wp-content\/uploads\/2012\/01\/Parti-Pirate-Tunisien-logo.jpg","keywords":["guerre"],"articleSection":["National"],"inLanguage":"fr-FR"},{"@type":"WebPage","@id":"https:\/\/www.webdo.tn\/fr\/actualite\/national-45\/le-parti-pirate-tunisien-objet-de-toutes-les-convoitises\/172298\/","url":"https:\/\/www.webdo.tn\/fr\/actualite\/national-45\/le-parti-pirate-tunisien-objet-de-toutes-les-convoitises\/172298\/","name":"Le parti pirate tunisien objet de toutes les convoitises","isPartOf":{"@id":"https:\/\/www.webdo.tn\/fr\/#website"},"primaryImageOfPage":{"@id":"https:\/\/www.webdo.tn\/fr\/actualite\/national-45\/le-parti-pirate-tunisien-objet-de-toutes-les-convoitises\/172298\/#primaryimage"},"image":{"@id":"https:\/\/www.webdo.tn\/fr\/actualite\/national-45\/le-parti-pirate-tunisien-objet-de-toutes-les-convoitises\/172298\/#primaryimage"},"thumbnailUrl":"https:\/\/www.webdo.tn\/fr\/wp-content\/uploads\/2012\/01\/Parti-Pirate-Tunisien-logo.jpg","datePublished":"2012-01-16T13:17:00+00:00","description":"Le parti pirate tunisien objet de toutes les convoitises","breadcrumb":{"@id":"https:\/\/www.webdo.tn\/fr\/actualite\/national-45\/le-parti-pirate-tunisien-objet-de-toutes-les-convoitises\/172298\/#breadcrumb"},"inLanguage":"fr-FR","potentialAction":[{"@type":"ReadAction","target":["https:\/\/www.webdo.tn\/fr\/actualite\/national-45\/le-parti-pirate-tunisien-objet-de-toutes-les-convoitises\/172298\/"]}]},{"@type":"ImageObject","inLanguage":"fr-FR","@id":"https:\/\/www.webdo.tn\/fr\/actualite\/national-45\/le-parti-pirate-tunisien-objet-de-toutes-les-convoitises\/172298\/#primaryimage","url":"https:\/\/www.webdo.tn\/fr\/wp-content\/uploads\/2012\/01\/Parti-Pirate-Tunisien-logo.jpg","contentUrl":"https:\/\/www.webdo.tn\/fr\/wp-content\/uploads\/2012\/01\/Parti-Pirate-Tunisien-logo.jpg","width":300,"height":200,"caption":"Le parti pirate tunisien objet de toutes les convoitises"},{"@type":"BreadcrumbList","@id":"https:\/\/www.webdo.tn\/fr\/actualite\/national-45\/le-parti-pirate-tunisien-objet-de-toutes-les-convoitises\/172298\/#breadcrumb","itemListElement":[{"@type":"ListItem","position":1,"name":"Accueil","item":"https:\/\/www.webdo.tn\/fr\/"},{"@type":"ListItem","position":2,"name":"Le parti pirate tunisien objet de toutes les convoitises"}]},{"@type":"WebSite","@id":"https:\/\/www.webdo.tn\/fr\/#website","url":"https:\/\/www.webdo.tn\/fr\/","name":"webdo","description":"Tunisie - News en Tunisie et \u00e0 l&#039;international sur Webdo.tn","publisher":{"@id":"https:\/\/www.webdo.tn\/fr\/#organization"},"potentialAction":[{"@type":"SearchAction","target":{"@type":"EntryPoint","urlTemplate":"https:\/\/www.webdo.tn\/fr\/?s={search_term_string}"},"query-input":{"@type":"PropertyValueSpecification","valueRequired":true,"valueName":"search_term_string"}}],"inLanguage":"fr-FR"},{"@type":"Organization","@id":"https:\/\/www.webdo.tn\/fr\/#organization","name":"Webdo","alternateName":"Webdo.tn","url":"https:\/\/www.webdo.tn\/fr\/","logo":{"@type":"ImageObject","inLanguage":"fr-FR","@id":"https:\/\/www.webdo.tn\/fr\/#\/schema\/logo\/image\/","url":"https:\/\/www.webdo.tn\/fr\/wp-content\/uploads\/2025\/06\/Webdo-Tunisie_168377.jpg","contentUrl":"https:\/\/www.webdo.tn\/fr\/wp-content\/uploads\/2025\/06\/Webdo-Tunisie_168377.jpg","width":301,"height":301,"caption":"Webdo"},"image":{"@id":"https:\/\/www.webdo.tn\/fr\/#\/schema\/logo\/image\/"},"sameAs":["https:\/\/www.facebook.com\/webdotn","https:\/\/x.com\/webdo_tn"],"description":"Webdo est un m\u00e9dia num\u00e9rique tunisien fond\u00e9 en 2010, sp\u00e9cialis\u00e9 dans l\u2019actualit\u00e9 nationale et internationale, l\u2019\u00e9conomie, la soci\u00e9t\u00e9 et les analyses politiques. Le site s\u2019adresse \u00e0 un large public francophone et couvre l\u2019information tunisienne en temps r\u00e9el.","email":"redac@webdo.tn","legalName":"YNJ SARL","foundingDate":"2010-09-06","numberOfEmployees":{"@type":"QuantitativeValue","minValue":"11","maxValue":"50"}},{"@type":"Person","@id":"https:\/\/www.webdo.tn\/fr\/#\/schema\/person\/9a9c6118d687c117df8ef3cc36a4d175","name":"webdo.tn","image":{"@type":"ImageObject","inLanguage":"fr-FR","@id":"https:\/\/secure.gravatar.com\/avatar\/7ce1f28c0c3bbac99ff550b85ef8e44a6950c6ee24514fb6a5489e51d06f0298?s=96&d=mm&r=g","url":"https:\/\/secure.gravatar.com\/avatar\/7ce1f28c0c3bbac99ff550b85ef8e44a6950c6ee24514fb6a5489e51d06f0298?s=96&d=mm&r=g","contentUrl":"https:\/\/secure.gravatar.com\/avatar\/7ce1f28c0c3bbac99ff550b85ef8e44a6950c6ee24514fb6a5489e51d06f0298?s=96&d=mm&r=g","caption":"webdo.tn"},"url":"https:\/\/www.webdo.tn\/fr\/actualite\/author\/webdotn\/"}]}},"_links":{"self":[{"href":"https:\/\/www.webdo.tn\/fr\/wp-json\/wp\/v2\/posts\/172298","targetHints":{"allow":["GET"]}}],"collection":[{"href":"https:\/\/www.webdo.tn\/fr\/wp-json\/wp\/v2\/posts"}],"about":[{"href":"https:\/\/www.webdo.tn\/fr\/wp-json\/wp\/v2\/types\/post"}],"author":[{"embeddable":true,"href":"https:\/\/www.webdo.tn\/fr\/wp-json\/wp\/v2\/users\/3222"}],"replies":[{"embeddable":true,"href":"https:\/\/www.webdo.tn\/fr\/wp-json\/wp\/v2\/comments?post=172298"}],"version-history":[{"count":0,"href":"https:\/\/www.webdo.tn\/fr\/wp-json\/wp\/v2\/posts\/172298\/revisions"}],"wp:featuredmedia":[{"embeddable":true,"href":"https:\/\/www.webdo.tn\/fr\/wp-json\/wp\/v2\/media\/333827"}],"wp:attachment":[{"href":"https:\/\/www.webdo.tn\/fr\/wp-json\/wp\/v2\/media?parent=172298"}],"wp:term":[{"taxonomy":"category","embeddable":true,"href":"https:\/\/www.webdo.tn\/fr\/wp-json\/wp\/v2\/categories?post=172298"},{"taxonomy":"post_tag","embeddable":true,"href":"https:\/\/www.webdo.tn\/fr\/wp-json\/wp\/v2\/tags?post=172298"}],"curies":[{"name":"wp","href":"https:\/\/api.w.org\/{rel}","templated":true}]}}