{"id":172297,"date":"2012-01-16T13:18:00","date_gmt":"2012-01-16T13:18:00","guid":{"rendered":"https:\/\/www.webdo.tn\/fr\/blog\/interview-de-ben-ali-a-attounsia-et-la-montagne-a-accouche-dune-souris\/172297\/"},"modified":"2012-01-16T13:18:00","modified_gmt":"2012-01-16T13:18:00","slug":"interview-de-ben-ali-a-attounsia-et-la-montagne-a-accouche-dune-souris","status":"publish","type":"post","link":"https:\/\/www.webdo.tn\/fr\/actualite\/national\/interview-de-ben-ali-a-attounsia-et-la-montagne-a-accouche-dune-souris\/172297\/","title":{"rendered":"Interview de Ben Ali \u00e0 Attounsia : et la montagne a accouch\u00e9 d&rsquo;une souris !"},"content":{"rendered":"<p>Le journal Attounsia avait annonc\u00e9, en grandes pompes, une interview du pr\u00e9sident d\u00e9chu Ben Ali. Une interview en deux parties qui devait mettre \u00e0 nu les d\u00e9tails, encore flous, du puzzle de ce qui s&rsquo;est pass\u00e9 le fameux 14 janvier. Attounsia cr\u00e9ait ainsi une pol\u00e9mique sur les motivations d&rsquo;une telle initiative, que m\u00eame France24 a retweet\u00e9 hier : \u00ab Des grandes interrogations sur la v\u00e9racit\u00e9 de la rencontre d&rsquo;Attounsia avec l&rsquo;ex-pr\u00e9sident Ben Ali \u00bb.<\/p>\n<p>Apr\u00e8s la parution de cette interview, force est de constater qu&rsquo;absolument aucun nouvel \u00e9l\u00e9ment n&rsquo;a \u00e9t\u00e9 r\u00e9v\u00e9l\u00e9. D&rsquo;ailleurs, il est \u00e0 noter que cette interview a \u00e9t\u00e9 faite via l&rsquo;avocat de Ben Ali, Me Akrem Azouri, qui avait plut\u00f4t l&rsquo;habitude de publier des communiqu\u00e9s pour faire passer les dires de son client. On ne sait donc pas si Me Azouri a vraiment consult\u00e9 son client pour cette interview.<\/p>\n<p>Dans cette seconde partie de l&rsquo;interview, Ben Ali s&rsquo;obstine toujours \u00e0 nier les faits qui lui sont reproch\u00e9s. Non, il n&rsquo;a jamais favoris\u00e9 les Trabelsi. Oui, il n&rsquo;a fait que des bonnes choses pour la Tunisie. La pluralit\u00e9 des partis politiques \u00e9tait garantie en Tunisie. Concernant son \u00e9ventuel retour en Tunisie, il affirme que seule une justice \u00e9quitable le convaincra \u00e0 quitter l&rsquo;Arabie Saoudite. Bref, que des affirmations d\u00e9j\u00e0 pr\u00e9sentes dans les communiqu\u00e9s de Me Azouri.<\/p>\n<p>Rappelons que le journal Echourouk a annonc\u00e9 qu&rsquo;il avait refus\u00e9 la m\u00eame interview de Ben Ali et ce, par respect \u00e0 la r\u00e9volution et aux martyrs comme annonc\u00e9 sur ses colonnes. Une raison vite condamn\u00e9e par des internautes, comme le pr\u00e9cise le commentaire de &lsquo;Najoua Jo&rsquo; : \u00a0\u00bb Al Chourouk se fait une virginit\u00e9 qu&rsquo;elle n&rsquo;a jamais eue ? Se confectionne un respect qu&rsquo;elle n&rsquo;a jamais eu ? \u00ab\u00a0.<\/p>\n<p>Quant \u00e0 nous, on se pose la question le quotidien Echourouk n&rsquo;a-t-il pas simplement flair\u00e9 le non-scoop de l&rsquo;interview de Ben Ali ?<\/p>\n","protected":false},"excerpt":{"rendered":"<p>Interview de Ben Ali \u00e0 Attounsia : et la montagne a accouch\u00e9 d&rsquo;une souris !<\/p>\n","protected":false},"author":3222,"featured_media":333826,"comment_status":"open","ping_status":"closed","sticky":false,"template":"","format":"standard","meta":{"footnotes":""},"categories":[44],"tags":[2600],"class_list":["post-172297","post","type-post","status-publish","format-standard","has-post-thumbnail","hentry","category-national","tag-guerre"],"yoast_head":"<!-- This site is optimized with the Yoast SEO Premium plugin v27.5 (Yoast SEO v27.5) - https:\/\/yoast.com\/product\/yoast-seo-premium-wordpress\/ -->\n<title>Interview de Ben Ali \u00e0 Attounsia : et la montagne a accouch\u00e9 d&#039;une souris !<\/title>\n<meta name=\"description\" content=\"Interview de Ben Ali \u00e0 Attounsia : et la montagne a accouch\u00e9 d&#039;une souris !\" \/>\n<link rel=\"canonical\" href=\"https:\/\/www.webdo.tn\/fr\/actualite\/national-45\/interview-de-ben-ali-a-attounsia-et-la-montagne-a-accouche-dune-souris\/172297\/\" \/>\n<meta property=\"og:locale\" content=\"fr_FR\" \/>\n<meta property=\"og:type\" content=\"article\" \/>\n<meta property=\"og:title\" content=\"Interview de Ben Ali \u00e0 Attounsia : et la montagne a accouch\u00e9 d&#039;une souris !\" \/>\n<meta property=\"og:description\" content=\"Interview de Ben Ali \u00e0 Attounsia : et la montagne a accouch\u00e9 d&#039;une souris !\" \/>\n<meta property=\"og:url\" content=\"https:\/\/www.webdo.tn\/fr\/actualite\/national-45\/interview-de-ben-ali-a-attounsia-et-la-montagne-a-accouche-dune-souris\/172297\/\" \/>\n<meta property=\"og:site_name\" content=\"webdo\" \/>\n<meta property=\"article:publisher\" content=\"https:\/\/www.facebook.com\/webdotn\" \/>\n<meta property=\"article:published_time\" content=\"2012-01-16T13:18:00+00:00\" \/>\n<meta property=\"og:image\" content=\"https:\/\/www.webdo.tn\/fr\/wp-content\/uploads\/2012\/01\/Ettounissia-interview-de-Ben-Ali-16-janvier-2011.jpg\" \/>\n\t<meta property=\"og:image:width\" content=\"245\" \/>\n\t<meta property=\"og:image:height\" content=\"327\" \/>\n\t<meta property=\"og:image:type\" content=\"image\/jpeg\" \/>\n<meta name=\"author\" content=\"webdo.tn\" \/>\n<meta name=\"twitter:card\" content=\"summary_large_image\" \/>\n<meta name=\"twitter:creator\" content=\"@webdo_tn\" \/>\n<meta name=\"twitter:site\" content=\"@webdo_tn\" \/>\n<meta name=\"twitter:label1\" content=\"\u00c9crit par\" \/>\n\t<meta name=\"twitter:data1\" content=\"webdo.tn\" \/>\n\t<meta name=\"twitter:label2\" content=\"Dur\u00e9e de lecture estim\u00e9e\" \/>\n\t<meta name=\"twitter:data2\" content=\"2 minutes\" \/>\n<script type=\"application\/ld+json\" class=\"yoast-schema-graph\">{\"@context\":\"https:\\\/\\\/schema.org\",\"@graph\":[{\"@type\":\"NewsArticle\",\"@id\":\"https:\\\/\\\/www.webdo.tn\\\/fr\\\/actualite\\\/national-45\\\/interview-de-ben-ali-a-attounsia-et-la-montagne-a-accouche-dune-souris\\\/172297\\\/#article\",\"isPartOf\":{\"@id\":\"https:\\\/\\\/www.webdo.tn\\\/fr\\\/actualite\\\/national-45\\\/interview-de-ben-ali-a-attounsia-et-la-montagne-a-accouche-dune-souris\\\/172297\\\/\"},\"author\":{\"name\":\"webdo.tn\",\"@id\":\"https:\\\/\\\/www.webdo.tn\\\/fr\\\/#\\\/schema\\\/person\\\/9a9c6118d687c117df8ef3cc36a4d175\"},\"headline\":\"Interview de Ben Ali \u00e0 Attounsia : et la montagne a accouch\u00e9 d&rsquo;une souris !\",\"datePublished\":\"2012-01-16T13:18:00+00:00\",\"mainEntityOfPage\":{\"@id\":\"https:\\\/\\\/www.webdo.tn\\\/fr\\\/actualite\\\/national-45\\\/interview-de-ben-ali-a-attounsia-et-la-montagne-a-accouche-dune-souris\\\/172297\\\/\"},\"wordCount\":350,\"commentCount\":0,\"publisher\":{\"@id\":\"https:\\\/\\\/www.webdo.tn\\\/fr\\\/#organization\"},\"image\":{\"@id\":\"https:\\\/\\\/www.webdo.tn\\\/fr\\\/actualite\\\/national-45\\\/interview-de-ben-ali-a-attounsia-et-la-montagne-a-accouche-dune-souris\\\/172297\\\/#primaryimage\"},\"thumbnailUrl\":\"https:\\\/\\\/www.webdo.tn\\\/fr\\\/wp-content\\\/uploads\\\/2012\\\/01\\\/Ettounissia-interview-de-Ben-Ali-16-janvier-2011.jpg\",\"keywords\":[\"guerre\"],\"articleSection\":[\"National\"],\"inLanguage\":\"fr-FR\"},{\"@type\":\"WebPage\",\"@id\":\"https:\\\/\\\/www.webdo.tn\\\/fr\\\/actualite\\\/national-45\\\/interview-de-ben-ali-a-attounsia-et-la-montagne-a-accouche-dune-souris\\\/172297\\\/\",\"url\":\"https:\\\/\\\/www.webdo.tn\\\/fr\\\/actualite\\\/national-45\\\/interview-de-ben-ali-a-attounsia-et-la-montagne-a-accouche-dune-souris\\\/172297\\\/\",\"name\":\"Interview de Ben Ali \u00e0 Attounsia : et la montagne a accouch\u00e9 d'une souris !\",\"isPartOf\":{\"@id\":\"https:\\\/\\\/www.webdo.tn\\\/fr\\\/#website\"},\"primaryImageOfPage\":{\"@id\":\"https:\\\/\\\/www.webdo.tn\\\/fr\\\/actualite\\\/national-45\\\/interview-de-ben-ali-a-attounsia-et-la-montagne-a-accouche-dune-souris\\\/172297\\\/#primaryimage\"},\"image\":{\"@id\":\"https:\\\/\\\/www.webdo.tn\\\/fr\\\/actualite\\\/national-45\\\/interview-de-ben-ali-a-attounsia-et-la-montagne-a-accouche-dune-souris\\\/172297\\\/#primaryimage\"},\"thumbnailUrl\":\"https:\\\/\\\/www.webdo.tn\\\/fr\\\/wp-content\\\/uploads\\\/2012\\\/01\\\/Ettounissia-interview-de-Ben-Ali-16-janvier-2011.jpg\",\"datePublished\":\"2012-01-16T13:18:00+00:00\",\"description\":\"Interview de Ben Ali \u00e0 Attounsia : et la montagne a accouch\u00e9 d'une souris !\",\"breadcrumb\":{\"@id\":\"https:\\\/\\\/www.webdo.tn\\\/fr\\\/actualite\\\/national-45\\\/interview-de-ben-ali-a-attounsia-et-la-montagne-a-accouche-dune-souris\\\/172297\\\/#breadcrumb\"},\"inLanguage\":\"fr-FR\",\"potentialAction\":[{\"@type\":\"ReadAction\",\"target\":[\"https:\\\/\\\/www.webdo.tn\\\/fr\\\/actualite\\\/national-45\\\/interview-de-ben-ali-a-attounsia-et-la-montagne-a-accouche-dune-souris\\\/172297\\\/\"]}]},{\"@type\":\"ImageObject\",\"inLanguage\":\"fr-FR\",\"@id\":\"https:\\\/\\\/www.webdo.tn\\\/fr\\\/actualite\\\/national-45\\\/interview-de-ben-ali-a-attounsia-et-la-montagne-a-accouche-dune-souris\\\/172297\\\/#primaryimage\",\"url\":\"https:\\\/\\\/www.webdo.tn\\\/fr\\\/wp-content\\\/uploads\\\/2012\\\/01\\\/Ettounissia-interview-de-Ben-Ali-16-janvier-2011.jpg\",\"contentUrl\":\"https:\\\/\\\/www.webdo.tn\\\/fr\\\/wp-content\\\/uploads\\\/2012\\\/01\\\/Ettounissia-interview-de-Ben-Ali-16-janvier-2011.jpg\",\"width\":245,\"height\":327,\"caption\":\"Interview de Ben Ali \u00e0 Attounsia : et la montagne a accouch\u00e9 d'une souris !\"},{\"@type\":\"BreadcrumbList\",\"@id\":\"https:\\\/\\\/www.webdo.tn\\\/fr\\\/actualite\\\/national-45\\\/interview-de-ben-ali-a-attounsia-et-la-montagne-a-accouche-dune-souris\\\/172297\\\/#breadcrumb\",\"itemListElement\":[{\"@type\":\"ListItem\",\"position\":1,\"name\":\"Accueil\",\"item\":\"https:\\\/\\\/www.webdo.tn\\\/fr\\\/\"},{\"@type\":\"ListItem\",\"position\":2,\"name\":\"Interview de Ben Ali \u00e0 Attounsia : et la montagne a accouch\u00e9 d&rsquo;une souris !\"}]},{\"@type\":\"WebSite\",\"@id\":\"https:\\\/\\\/www.webdo.tn\\\/fr\\\/#website\",\"url\":\"https:\\\/\\\/www.webdo.tn\\\/fr\\\/\",\"name\":\"webdo\",\"description\":\"Tunisie - News en Tunisie et \u00e0 l&#039;international sur Webdo.tn\",\"publisher\":{\"@id\":\"https:\\\/\\\/www.webdo.tn\\\/fr\\\/#organization\"},\"potentialAction\":[{\"@type\":\"SearchAction\",\"target\":{\"@type\":\"EntryPoint\",\"urlTemplate\":\"https:\\\/\\\/www.webdo.tn\\\/fr\\\/?s={search_term_string}\"},\"query-input\":{\"@type\":\"PropertyValueSpecification\",\"valueRequired\":true,\"valueName\":\"search_term_string\"}}],\"inLanguage\":\"fr-FR\"},{\"@type\":\"Organization\",\"@id\":\"https:\\\/\\\/www.webdo.tn\\\/fr\\\/#organization\",\"name\":\"Webdo\",\"alternateName\":\"Webdo.tn\",\"url\":\"https:\\\/\\\/www.webdo.tn\\\/fr\\\/\",\"logo\":{\"@type\":\"ImageObject\",\"inLanguage\":\"fr-FR\",\"@id\":\"https:\\\/\\\/www.webdo.tn\\\/fr\\\/#\\\/schema\\\/logo\\\/image\\\/\",\"url\":\"https:\\\/\\\/www.webdo.tn\\\/fr\\\/wp-content\\\/uploads\\\/2025\\\/06\\\/Webdo-Tunisie_168377.jpg\",\"contentUrl\":\"https:\\\/\\\/www.webdo.tn\\\/fr\\\/wp-content\\\/uploads\\\/2025\\\/06\\\/Webdo-Tunisie_168377.jpg\",\"width\":301,\"height\":301,\"caption\":\"Webdo\"},\"image\":{\"@id\":\"https:\\\/\\\/www.webdo.tn\\\/fr\\\/#\\\/schema\\\/logo\\\/image\\\/\"},\"sameAs\":[\"https:\\\/\\\/www.facebook.com\\\/webdotn\",\"https:\\\/\\\/x.com\\\/webdo_tn\"],\"description\":\"Webdo est un m\u00e9dia num\u00e9rique tunisien fond\u00e9 en 2010, sp\u00e9cialis\u00e9 dans l\u2019actualit\u00e9 nationale et internationale, l\u2019\u00e9conomie, la soci\u00e9t\u00e9 et les analyses politiques. Le site s\u2019adresse \u00e0 un large public francophone et couvre l\u2019information tunisienne en temps r\u00e9el.\",\"email\":\"redac@webdo.tn\",\"legalName\":\"YNJ SARL\",\"foundingDate\":\"2010-09-06\",\"numberOfEmployees\":{\"@type\":\"QuantitativeValue\",\"minValue\":\"11\",\"maxValue\":\"50\"}},{\"@type\":\"Person\",\"@id\":\"https:\\\/\\\/www.webdo.tn\\\/fr\\\/#\\\/schema\\\/person\\\/9a9c6118d687c117df8ef3cc36a4d175\",\"name\":\"webdo.tn\",\"image\":{\"@type\":\"ImageObject\",\"inLanguage\":\"fr-FR\",\"@id\":\"https:\\\/\\\/secure.gravatar.com\\\/avatar\\\/7ce1f28c0c3bbac99ff550b85ef8e44a6950c6ee24514fb6a5489e51d06f0298?s=96&d=mm&r=g\",\"url\":\"https:\\\/\\\/secure.gravatar.com\\\/avatar\\\/7ce1f28c0c3bbac99ff550b85ef8e44a6950c6ee24514fb6a5489e51d06f0298?s=96&d=mm&r=g\",\"contentUrl\":\"https:\\\/\\\/secure.gravatar.com\\\/avatar\\\/7ce1f28c0c3bbac99ff550b85ef8e44a6950c6ee24514fb6a5489e51d06f0298?s=96&d=mm&r=g\",\"caption\":\"webdo.tn\"},\"url\":\"https:\\\/\\\/www.webdo.tn\\\/fr\\\/actualite\\\/author\\\/webdotn\\\/\"}]}<\/script>\n<!-- \/ Yoast SEO Premium plugin. -->","yoast_head_json":{"title":"Interview de Ben Ali \u00e0 Attounsia : et la montagne a accouch\u00e9 d'une souris !","description":"Interview de Ben Ali \u00e0 Attounsia : et la montagne a accouch\u00e9 d'une souris !","canonical":"https:\/\/www.webdo.tn\/fr\/actualite\/national-45\/interview-de-ben-ali-a-attounsia-et-la-montagne-a-accouche-dune-souris\/172297\/","og_locale":"fr_FR","og_type":"article","og_title":"Interview de Ben Ali \u00e0 Attounsia : et la montagne a accouch\u00e9 d'une souris !","og_description":"Interview de Ben Ali \u00e0 Attounsia : et la montagne a accouch\u00e9 d'une souris !","og_url":"https:\/\/www.webdo.tn\/fr\/actualite\/national-45\/interview-de-ben-ali-a-attounsia-et-la-montagne-a-accouche-dune-souris\/172297\/","og_site_name":"webdo","article_publisher":"https:\/\/www.facebook.com\/webdotn","article_published_time":"2012-01-16T13:18:00+00:00","og_image":[{"width":245,"height":327,"url":"https:\/\/www.webdo.tn\/fr\/wp-content\/uploads\/2012\/01\/Ettounissia-interview-de-Ben-Ali-16-janvier-2011.jpg","type":"image\/jpeg"}],"author":"webdo.tn","twitter_card":"summary_large_image","twitter_creator":"@webdo_tn","twitter_site":"@webdo_tn","twitter_misc":{"\u00c9crit par":"webdo.tn","Dur\u00e9e de lecture estim\u00e9e":"2 minutes"},"schema":{"@context":"https:\/\/schema.org","@graph":[{"@type":"NewsArticle","@id":"https:\/\/www.webdo.tn\/fr\/actualite\/national-45\/interview-de-ben-ali-a-attounsia-et-la-montagne-a-accouche-dune-souris\/172297\/#article","isPartOf":{"@id":"https:\/\/www.webdo.tn\/fr\/actualite\/national-45\/interview-de-ben-ali-a-attounsia-et-la-montagne-a-accouche-dune-souris\/172297\/"},"author":{"name":"webdo.tn","@id":"https:\/\/www.webdo.tn\/fr\/#\/schema\/person\/9a9c6118d687c117df8ef3cc36a4d175"},"headline":"Interview de Ben Ali \u00e0 Attounsia : et la montagne a accouch\u00e9 d&rsquo;une souris !","datePublished":"2012-01-16T13:18:00+00:00","mainEntityOfPage":{"@id":"https:\/\/www.webdo.tn\/fr\/actualite\/national-45\/interview-de-ben-ali-a-attounsia-et-la-montagne-a-accouche-dune-souris\/172297\/"},"wordCount":350,"commentCount":0,"publisher":{"@id":"https:\/\/www.webdo.tn\/fr\/#organization"},"image":{"@id":"https:\/\/www.webdo.tn\/fr\/actualite\/national-45\/interview-de-ben-ali-a-attounsia-et-la-montagne-a-accouche-dune-souris\/172297\/#primaryimage"},"thumbnailUrl":"https:\/\/www.webdo.tn\/fr\/wp-content\/uploads\/2012\/01\/Ettounissia-interview-de-Ben-Ali-16-janvier-2011.jpg","keywords":["guerre"],"articleSection":["National"],"inLanguage":"fr-FR"},{"@type":"WebPage","@id":"https:\/\/www.webdo.tn\/fr\/actualite\/national-45\/interview-de-ben-ali-a-attounsia-et-la-montagne-a-accouche-dune-souris\/172297\/","url":"https:\/\/www.webdo.tn\/fr\/actualite\/national-45\/interview-de-ben-ali-a-attounsia-et-la-montagne-a-accouche-dune-souris\/172297\/","name":"Interview de Ben Ali \u00e0 Attounsia : et la montagne a accouch\u00e9 d'une souris !","isPartOf":{"@id":"https:\/\/www.webdo.tn\/fr\/#website"},"primaryImageOfPage":{"@id":"https:\/\/www.webdo.tn\/fr\/actualite\/national-45\/interview-de-ben-ali-a-attounsia-et-la-montagne-a-accouche-dune-souris\/172297\/#primaryimage"},"image":{"@id":"https:\/\/www.webdo.tn\/fr\/actualite\/national-45\/interview-de-ben-ali-a-attounsia-et-la-montagne-a-accouche-dune-souris\/172297\/#primaryimage"},"thumbnailUrl":"https:\/\/www.webdo.tn\/fr\/wp-content\/uploads\/2012\/01\/Ettounissia-interview-de-Ben-Ali-16-janvier-2011.jpg","datePublished":"2012-01-16T13:18:00+00:00","description":"Interview de Ben Ali \u00e0 Attounsia : et la montagne a accouch\u00e9 d'une souris !","breadcrumb":{"@id":"https:\/\/www.webdo.tn\/fr\/actualite\/national-45\/interview-de-ben-ali-a-attounsia-et-la-montagne-a-accouche-dune-souris\/172297\/#breadcrumb"},"inLanguage":"fr-FR","potentialAction":[{"@type":"ReadAction","target":["https:\/\/www.webdo.tn\/fr\/actualite\/national-45\/interview-de-ben-ali-a-attounsia-et-la-montagne-a-accouche-dune-souris\/172297\/"]}]},{"@type":"ImageObject","inLanguage":"fr-FR","@id":"https:\/\/www.webdo.tn\/fr\/actualite\/national-45\/interview-de-ben-ali-a-attounsia-et-la-montagne-a-accouche-dune-souris\/172297\/#primaryimage","url":"https:\/\/www.webdo.tn\/fr\/wp-content\/uploads\/2012\/01\/Ettounissia-interview-de-Ben-Ali-16-janvier-2011.jpg","contentUrl":"https:\/\/www.webdo.tn\/fr\/wp-content\/uploads\/2012\/01\/Ettounissia-interview-de-Ben-Ali-16-janvier-2011.jpg","width":245,"height":327,"caption":"Interview de Ben Ali \u00e0 Attounsia : et la montagne a accouch\u00e9 d'une souris !"},{"@type":"BreadcrumbList","@id":"https:\/\/www.webdo.tn\/fr\/actualite\/national-45\/interview-de-ben-ali-a-attounsia-et-la-montagne-a-accouche-dune-souris\/172297\/#breadcrumb","itemListElement":[{"@type":"ListItem","position":1,"name":"Accueil","item":"https:\/\/www.webdo.tn\/fr\/"},{"@type":"ListItem","position":2,"name":"Interview de Ben Ali \u00e0 Attounsia : et la montagne a accouch\u00e9 d&rsquo;une souris !"}]},{"@type":"WebSite","@id":"https:\/\/www.webdo.tn\/fr\/#website","url":"https:\/\/www.webdo.tn\/fr\/","name":"webdo","description":"Tunisie - News en Tunisie et \u00e0 l&#039;international sur Webdo.tn","publisher":{"@id":"https:\/\/www.webdo.tn\/fr\/#organization"},"potentialAction":[{"@type":"SearchAction","target":{"@type":"EntryPoint","urlTemplate":"https:\/\/www.webdo.tn\/fr\/?s={search_term_string}"},"query-input":{"@type":"PropertyValueSpecification","valueRequired":true,"valueName":"search_term_string"}}],"inLanguage":"fr-FR"},{"@type":"Organization","@id":"https:\/\/www.webdo.tn\/fr\/#organization","name":"Webdo","alternateName":"Webdo.tn","url":"https:\/\/www.webdo.tn\/fr\/","logo":{"@type":"ImageObject","inLanguage":"fr-FR","@id":"https:\/\/www.webdo.tn\/fr\/#\/schema\/logo\/image\/","url":"https:\/\/www.webdo.tn\/fr\/wp-content\/uploads\/2025\/06\/Webdo-Tunisie_168377.jpg","contentUrl":"https:\/\/www.webdo.tn\/fr\/wp-content\/uploads\/2025\/06\/Webdo-Tunisie_168377.jpg","width":301,"height":301,"caption":"Webdo"},"image":{"@id":"https:\/\/www.webdo.tn\/fr\/#\/schema\/logo\/image\/"},"sameAs":["https:\/\/www.facebook.com\/webdotn","https:\/\/x.com\/webdo_tn"],"description":"Webdo est un m\u00e9dia num\u00e9rique tunisien fond\u00e9 en 2010, sp\u00e9cialis\u00e9 dans l\u2019actualit\u00e9 nationale et internationale, l\u2019\u00e9conomie, la soci\u00e9t\u00e9 et les analyses politiques. Le site s\u2019adresse \u00e0 un large public francophone et couvre l\u2019information tunisienne en temps r\u00e9el.","email":"redac@webdo.tn","legalName":"YNJ SARL","foundingDate":"2010-09-06","numberOfEmployees":{"@type":"QuantitativeValue","minValue":"11","maxValue":"50"}},{"@type":"Person","@id":"https:\/\/www.webdo.tn\/fr\/#\/schema\/person\/9a9c6118d687c117df8ef3cc36a4d175","name":"webdo.tn","image":{"@type":"ImageObject","inLanguage":"fr-FR","@id":"https:\/\/secure.gravatar.com\/avatar\/7ce1f28c0c3bbac99ff550b85ef8e44a6950c6ee24514fb6a5489e51d06f0298?s=96&d=mm&r=g","url":"https:\/\/secure.gravatar.com\/avatar\/7ce1f28c0c3bbac99ff550b85ef8e44a6950c6ee24514fb6a5489e51d06f0298?s=96&d=mm&r=g","contentUrl":"https:\/\/secure.gravatar.com\/avatar\/7ce1f28c0c3bbac99ff550b85ef8e44a6950c6ee24514fb6a5489e51d06f0298?s=96&d=mm&r=g","caption":"webdo.tn"},"url":"https:\/\/www.webdo.tn\/fr\/actualite\/author\/webdotn\/"}]}},"_links":{"self":[{"href":"https:\/\/www.webdo.tn\/fr\/wp-json\/wp\/v2\/posts\/172297","targetHints":{"allow":["GET"]}}],"collection":[{"href":"https:\/\/www.webdo.tn\/fr\/wp-json\/wp\/v2\/posts"}],"about":[{"href":"https:\/\/www.webdo.tn\/fr\/wp-json\/wp\/v2\/types\/post"}],"author":[{"embeddable":true,"href":"https:\/\/www.webdo.tn\/fr\/wp-json\/wp\/v2\/users\/3222"}],"replies":[{"embeddable":true,"href":"https:\/\/www.webdo.tn\/fr\/wp-json\/wp\/v2\/comments?post=172297"}],"version-history":[{"count":0,"href":"https:\/\/www.webdo.tn\/fr\/wp-json\/wp\/v2\/posts\/172297\/revisions"}],"wp:featuredmedia":[{"embeddable":true,"href":"https:\/\/www.webdo.tn\/fr\/wp-json\/wp\/v2\/media\/333826"}],"wp:attachment":[{"href":"https:\/\/www.webdo.tn\/fr\/wp-json\/wp\/v2\/media?parent=172297"}],"wp:term":[{"taxonomy":"category","embeddable":true,"href":"https:\/\/www.webdo.tn\/fr\/wp-json\/wp\/v2\/categories?post=172297"},{"taxonomy":"post_tag","embeddable":true,"href":"https:\/\/www.webdo.tn\/fr\/wp-json\/wp\/v2\/tags?post=172297"}],"curies":[{"name":"wp","href":"https:\/\/api.w.org\/{rel}","templated":true}]}}